{"id":7765,"date":"2020-02-07T11:15:17","date_gmt":"2020-02-07T10:15:17","guid":{"rendered":"http:\/\/www.grandsformats.com\/?p=7765"},"modified":"2020-04-21T17:32:07","modified_gmt":"2020-04-21T15:32:07","slug":"le-big-band-de-loeuf-melange-musique-et-gastronomie","status":"publish","type":"post","link":"https:\/\/www.grandsformats.com\/en\/2020\/02\/le-big-band-de-loeuf-melange-musique-et-gastronomie\/","title":{"rendered":"Le Big Band de l&#8217;Oeuf m\u00e9lange musique et gastronomie"},"content":{"rendered":"<h2><b>Petits plats pour grand ensemble : la rencontre de la musique et de la gastronomie<\/b><\/h2>\n<p>Suite \u00e0 la sortie de son album <i style=\"font-size: 16px;\">Petits Plats pour Grand Ensemble<\/i><span style=\"font-size: 16px;\">, le <\/span><a style=\"font-size: 16px;\" href=\"http:\/\/www.grandsformats.com\/Membres\/oeufbb\/\">Big Band de l&#8217;Oeuf<\/a><span style=\"font-size: 16px;\"> sera en r\u00e9sidence au <\/span><a style=\"font-size: 16px;\" href=\"https:\/\/www.theatre-bourg.fr\/\">Th\u00e9\u00e2tre de Bourg-en-Bresse<\/a><span style=\"font-size: 16px;\"> fin f\u00e9vrier afin de cr\u00e9er un projet de grande ampleur. <\/span><span style=\"font-size: 16px;\"> Pour cette cr\u00e9ation, qui m\u00ealera musique en grand ensemble et gastronomie, le Big Band de l&#8217;Oeuf fera appel \u00e0\u00a0Cecile Auxire-Marmouget (mise en sc\u00e8ne), Nathalie Perrier (cr\u00e9ation lumi\u00e8re), Priscille Du Manoir (sc\u00e9nographie), ainsi qu&#8217;\u00e0 un chef \u00e9toil\u00e9. Ce projet, en repr\u00e9sentation publique \u00e0 partir du 28 f\u00e9vrier 2020, offrira \u00e0 l\u2019auditeur la possibilit\u00e9 d\u2019explorer en musique les plaisirs de la table\u00a0; chaque morceau se d\u00e9gustant comme un mets succulent, \u00ab\u00a0servi\u00a0\u00bb le mieux possible, aux oreilles d\u00e9licates, par un\u00a0<\/span><em style=\"font-size: 16px;\">soliste-cuisinier<\/em><span style=\"font-size: 16px;\">\u00a0!<\/span><br \/>\n<iframe loading=\"lazy\" src=\"https:\/\/www.youtube.com\/embed\/Nvuo3KTrwj4\" width=\"100%\" height=\"315\" frameborder=\"0\" allowfullscreen=\"allowfullscreen\"><\/iframe><\/p>\n","protected":false},"excerpt":{"rendered":"<p>Petits plats pour grand ensemble : la rencontre de la musique et de la gastronomie Suite \u00e0 la sortie de son album Petits Plats pour Grand Ensemble, le Big Band de l&#8217;Oeuf sera en r\u00e9sidence au Th\u00e9\u00e2tre de Bourg-en-Bresse fin f\u00e9vrier afin de cr\u00e9er un projet de grande ampleur. Pour cette cr\u00e9ation, qui m\u00ealera musique&#8230;<\/p>\n<p><a rel=\"bookmark\" class=\"theme-button-text wvc-button wvc-button-size-xs\" href=\"https:\/\/www.grandsformats.com\/en\/2020\/02\/le-big-band-de-loeuf-melange-musique-et-gastronomie\/\"><small class=\"wvc-button-background-fill\"><\/small><span>Continue reading<\/span><\/a><\/p>\n","protected":false},"author":2,"featured_media":12450,"comment_status":"open","ping_status":"open","sticky":false,"template":"","format":"standard","meta":{"_acf_changed":false,"footnotes":""},"categories":[95,597],"tags":[],"class_list":["post-7765","post","type-post","status-publish","format-standard","has-post-thumbnail","hentry","category-membres","category-loeuf-big-band","entry-post-skin-light","entry","clearfix","entry-grid","entry-columns-default","entry-post-module-layout-sidebar-right","thumbnail-color-tone-dark","entry-post","entry-masonry","entry-post-masonry"],"acf":[],"yoast_head":"<!-- This site is optimized with the Yoast SEO plugin v25.8 - https:\/\/yoast.com\/wordpress\/plugins\/seo\/ -->\n<title>Le Big Band de l&#039;Oeuf m\u00e9lange musique et gastronomie - Site officiel de la f\u00e9d\u00e9ration Grands Formats<\/title>\n<meta name=\"robots\" content=\"index, follow, max-snippet:-1, max-image-preview:large, max-video-preview:-1\" \/>\n<link rel=\"canonical\" href=\"https:\/\/www.grandsformats.com\/2020\/02\/le-big-band-de-loeuf-melange-musique-et-gastronomie\/\" \/>\n<meta property=\"og:locale\" content=\"en_US\" \/>\n<meta property=\"og:type\" content=\"article\" \/>\n<meta property=\"og:title\" content=\"Le Big Band de l&#039;Oeuf m\u00e9lange musique et gastronomie - Site officiel de la f\u00e9d\u00e9ration Grands Formats\" \/>\n<meta property=\"og:description\" content=\"Petits plats pour grand ensemble : la rencontre de la musique et de la gastronomie Suite \u00e0 la sortie de son album Petits Plats pour Grand Ensemble, le Big Band de l&#8217;Oeuf sera en r\u00e9sidence au Th\u00e9\u00e2tre de Bourg-en-Bresse fin f\u00e9vrier afin de cr\u00e9er un projet de grande ampleur. Pour cette cr\u00e9ation, qui m\u00ealera musique...Continue reading\" \/>\n<meta property=\"og:url\" content=\"https:\/\/www.grandsformats.com\/2020\/02\/le-big-band-de-loeuf-melange-musique-et-gastronomie\/\" \/>\n<meta property=\"og:site_name\" content=\"Site officiel de la f\u00e9d\u00e9ration Grands Formats\" \/>\n<meta property=\"article:publisher\" content=\"https:\/\/www.facebook.com\/grandsformats\/\" \/>\n<meta property=\"article:published_time\" content=\"2020-02-07T10:15:17+00:00\" \/>\n<meta property=\"article:modified_time\" content=\"2020-04-21T15:32:07+00:00\" \/>\n<meta property=\"og:image\" content=\"https:\/\/www.grandsformats.com\/wp-content\/uploads\/2020\/02\/Photo-Petits-Plats-pour-Grand-Ensemble.jpg\" \/>\n\t<meta property=\"og:image:width\" content=\"370\" \/>\n\t<meta property=\"og:image:height\" content=\"370\" \/>\n\t<meta property=\"og:image:type\" content=\"image\/jpeg\" \/>\n<meta name=\"author\" content=\"Grands Formats\" \/>\n<meta name=\"twitter:card\" content=\"summary_large_image\" \/>\n<meta name=\"twitter:creator\" content=\"@GrandsFormatsGF\" \/>\n<meta name=\"twitter:site\" content=\"@GrandsFormatsGF\" \/>\n<meta name=\"twitter:label1\" content=\"Written by\" \/>\n\t<meta name=\"twitter:data1\" content=\"Grands Formats\" \/>\n\t<meta name=\"twitter:label2\" content=\"Est. reading time\" \/>\n\t<meta name=\"twitter:data2\" content=\"1 minute\" \/>\n<script type=\"application\/ld+json\" class=\"yoast-schema-graph\">{\"@context\":\"https:\/\/schema.org\",\"@graph\":[{\"@type\":\"Article\",\"@id\":\"https:\/\/www.grandsformats.com\/2020\/02\/le-big-band-de-loeuf-melange-musique-et-gastronomie\/#article\",\"isPartOf\":{\"@id\":\"https:\/\/www.grandsformats.com\/2020\/02\/le-big-band-de-loeuf-melange-musique-et-gastronomie\/\"},\"author\":{\"name\":\"Grands Formats\",\"@id\":\"https:\/\/www.grandsformats.com\/#\/schema\/person\/6ecde7e38a2254b5bc9d620679208ee1\"},\"headline\":\"Le Big Band de l&#8217;Oeuf m\u00e9lange musique et gastronomie\",\"datePublished\":\"2020-02-07T10:15:17+00:00\",\"dateModified\":\"2020-04-21T15:32:07+00:00\",\"mainEntityOfPage\":{\"@id\":\"https:\/\/www.grandsformats.com\/2020\/02\/le-big-band-de-loeuf-melange-musique-et-gastronomie\/\"},\"wordCount\":150,\"commentCount\":0,\"publisher\":{\"@id\":\"https:\/\/www.grandsformats.com\/#organization\"},\"image\":{\"@id\":\"https:\/\/www.grandsformats.com\/2020\/02\/le-big-band-de-loeuf-melange-musique-et-gastronomie\/#primaryimage\"},\"thumbnailUrl\":\"https:\/\/www.grandsformats.com\/wp-content\/uploads\/2020\/02\/Photo-Petits-Plats-pour-Grand-Ensemble.jpg\",\"articleSection\":[\"Actus des membres\",\"Loeuf Big Band\"],\"inLanguage\":\"en-US\",\"potentialAction\":[{\"@type\":\"CommentAction\",\"name\":\"Comment\",\"target\":[\"https:\/\/www.grandsformats.com\/2020\/02\/le-big-band-de-loeuf-melange-musique-et-gastronomie\/#respond\"]}]},{\"@type\":\"WebPage\",\"@id\":\"https:\/\/www.grandsformats.com\/2020\/02\/le-big-band-de-loeuf-melange-musique-et-gastronomie\/\",\"url\":\"https:\/\/www.grandsformats.com\/2020\/02\/le-big-band-de-loeuf-melange-musique-et-gastronomie\/\",\"name\":\"Le Big Band de l'Oeuf m\u00e9lange musique et gastronomie - Site officiel de la f\u00e9d\u00e9ration Grands Formats\",\"isPartOf\":{\"@id\":\"https:\/\/www.grandsformats.com\/#website\"},\"primaryImageOfPage\":{\"@id\":\"https:\/\/www.grandsformats.com\/2020\/02\/le-big-band-de-loeuf-melange-musique-et-gastronomie\/#primaryimage\"},\"image\":{\"@id\":\"https:\/\/www.grandsformats.com\/2020\/02\/le-big-band-de-loeuf-melange-musique-et-gastronomie\/#primaryimage\"},\"thumbnailUrl\":\"https:\/\/www.grandsformats.com\/wp-content\/uploads\/2020\/02\/Photo-Petits-Plats-pour-Grand-Ensemble.jpg\",\"datePublished\":\"2020-02-07T10:15:17+00:00\",\"dateModified\":\"2020-04-21T15:32:07+00:00\",\"breadcrumb\":{\"@id\":\"https:\/\/www.grandsformats.com\/2020\/02\/le-big-band-de-loeuf-melange-musique-et-gastronomie\/#breadcrumb\"},\"inLanguage\":\"en-US\",\"potentialAction\":[{\"@type\":\"ReadAction\",\"target\":[\"https:\/\/www.grandsformats.com\/2020\/02\/le-big-band-de-loeuf-melange-musique-et-gastronomie\/\"]}]},{\"@type\":\"ImageObject\",\"inLanguage\":\"en-US\",\"@id\":\"https:\/\/www.grandsformats.com\/2020\/02\/le-big-band-de-loeuf-melange-musique-et-gastronomie\/#primaryimage\",\"url\":\"https:\/\/www.grandsformats.com\/wp-content\/uploads\/2020\/02\/Photo-Petits-Plats-pour-Grand-Ensemble.jpg\",\"contentUrl\":\"https:\/\/www.grandsformats.com\/wp-content\/uploads\/2020\/02\/Photo-Petits-Plats-pour-Grand-Ensemble.jpg\",\"width\":370,\"height\":370,\"caption\":\"Petits Plats pour Grand Ensemble - Oeuf Big Band\"},{\"@type\":\"BreadcrumbList\",\"@id\":\"https:\/\/www.grandsformats.com\/2020\/02\/le-big-band-de-loeuf-melange-musique-et-gastronomie\/#breadcrumb\",\"itemListElement\":[{\"@type\":\"ListItem\",\"position\":1,\"name\":\"Accueil\",\"item\":\"https:\/\/www.grandsformats.com\/en\/\"},{\"@type\":\"ListItem\",\"position\":2,\"name\":\"Le Big Band de l&rsquo;Oeuf m\u00e9lange musique et gastronomie\"}]},{\"@type\":\"WebSite\",\"@id\":\"https:\/\/www.grandsformats.com\/#website\",\"url\":\"https:\/\/www.grandsformats.com\/\",\"name\":\"Site officiel de la f\u00e9d\u00e9ration Grands Formats\",\"description\":\"F\u00e9d\u00e9ration d&#039;artistes pour la musique en grand !\",\"publisher\":{\"@id\":\"https:\/\/www.grandsformats.com\/#organization\"},\"potentialAction\":[{\"@type\":\"SearchAction\",\"target\":{\"@type\":\"EntryPoint\",\"urlTemplate\":\"https:\/\/www.grandsformats.com\/?s={search_term_string}\"},\"query-input\":{\"@type\":\"PropertyValueSpecification\",\"valueRequired\":true,\"valueName\":\"search_term_string\"}}],\"inLanguage\":\"en-US\"},{\"@type\":\"Organization\",\"@id\":\"https:\/\/www.grandsformats.com\/#organization\",\"name\":\"Grands Formats\",\"url\":\"https:\/\/www.grandsformats.com\/\",\"logo\":{\"@type\":\"ImageObject\",\"inLanguage\":\"en-US\",\"@id\":\"https:\/\/www.grandsformats.com\/#\/schema\/logo\/image\/\",\"url\":\"https:\/\/www.grandsformats.com\/wp-content\/uploads\/2020\/03\/logo-GF-200.png\",\"contentUrl\":\"https:\/\/www.grandsformats.com\/wp-content\/uploads\/2020\/03\/logo-GF-200.png\",\"width\":155,\"height\":200,\"caption\":\"Grands Formats\"},\"image\":{\"@id\":\"https:\/\/www.grandsformats.com\/#\/schema\/logo\/image\/\"},\"sameAs\":[\"https:\/\/www.facebook.com\/grandsformats\/\",\"https:\/\/x.com\/GrandsFormatsGF\",\"https:\/\/www.instagram.com\/grandsformats\/\",\"https:\/\/www.youtube.com\/channel\/UCJ7k9dbqc_DG-nxI3WMPvhw?view_as=subscriberhttps:\/\/www.youtube.com\/channel\/UCJ7k9dbqc_DG-nxI3WMPvhw?view_as=subscriber\"]},{\"@type\":\"Person\",\"@id\":\"https:\/\/www.grandsformats.com\/#\/schema\/person\/6ecde7e38a2254b5bc9d620679208ee1\",\"name\":\"Grands Formats\",\"image\":{\"@type\":\"ImageObject\",\"inLanguage\":\"en-US\",\"@id\":\"https:\/\/www.grandsformats.com\/#\/schema\/person\/image\/\",\"url\":\"https:\/\/secure.gravatar.com\/avatar\/5d06febf5ba4681bd17a251487132861b5339c2d72f789e59decf1c1b05d0078?s=96&d=mm&r=g\",\"contentUrl\":\"https:\/\/secure.gravatar.com\/avatar\/5d06febf5ba4681bd17a251487132861b5339c2d72f789e59decf1c1b05d0078?s=96&d=mm&r=g\",\"caption\":\"Grands Formats\"},\"url\":\"https:\/\/www.grandsformats.com\/en\/author\/margaux\/\"}]}<\/script>\n<!-- \/ Yoast SEO plugin. -->","yoast_head_json":{"title":"Le Big Band de l'Oeuf m\u00e9lange musique et gastronomie - Site officiel de la f\u00e9d\u00e9ration Grands Formats","robots":{"index":"index","follow":"follow","max-snippet":"max-snippet:-1","max-image-preview":"max-image-preview:large","max-video-preview":"max-video-preview:-1"},"canonical":"https:\/\/www.grandsformats.com\/2020\/02\/le-big-band-de-loeuf-melange-musique-et-gastronomie\/","og_locale":"en_US","og_type":"article","og_title":"Le Big Band de l'Oeuf m\u00e9lange musique et gastronomie - Site officiel de la f\u00e9d\u00e9ration Grands Formats","og_description":"Petits plats pour grand ensemble : la rencontre de la musique et de la gastronomie Suite \u00e0 la sortie de son album Petits Plats pour Grand Ensemble, le Big Band de l&#8217;Oeuf sera en r\u00e9sidence au Th\u00e9\u00e2tre de Bourg-en-Bresse fin f\u00e9vrier afin de cr\u00e9er un projet de grande ampleur. Pour cette cr\u00e9ation, qui m\u00ealera musique...Continue reading","og_url":"https:\/\/www.grandsformats.com\/2020\/02\/le-big-band-de-loeuf-melange-musique-et-gastronomie\/","og_site_name":"Site officiel de la f\u00e9d\u00e9ration Grands Formats","article_publisher":"https:\/\/www.facebook.com\/grandsformats\/","article_published_time":"2020-02-07T10:15:17+00:00","article_modified_time":"2020-04-21T15:32:07+00:00","og_image":[{"width":370,"height":370,"url":"https:\/\/www.grandsformats.com\/wp-content\/uploads\/2020\/02\/Photo-Petits-Plats-pour-Grand-Ensemble.jpg","type":"image\/jpeg"}],"author":"Grands Formats","twitter_card":"summary_large_image","twitter_creator":"@GrandsFormatsGF","twitter_site":"@GrandsFormatsGF","twitter_misc":{"Written by":"Grands Formats","Est. reading time":"1 minute"},"schema":{"@context":"https:\/\/schema.org","@graph":[{"@type":"Article","@id":"https:\/\/www.grandsformats.com\/2020\/02\/le-big-band-de-loeuf-melange-musique-et-gastronomie\/#article","isPartOf":{"@id":"https:\/\/www.grandsformats.com\/2020\/02\/le-big-band-de-loeuf-melange-musique-et-gastronomie\/"},"author":{"name":"Grands Formats","@id":"https:\/\/www.grandsformats.com\/#\/schema\/person\/6ecde7e38a2254b5bc9d620679208ee1"},"headline":"Le Big Band de l&#8217;Oeuf m\u00e9lange musique et gastronomie","datePublished":"2020-02-07T10:15:17+00:00","dateModified":"2020-04-21T15:32:07+00:00","mainEntityOfPage":{"@id":"https:\/\/www.grandsformats.com\/2020\/02\/le-big-band-de-loeuf-melange-musique-et-gastronomie\/"},"wordCount":150,"commentCount":0,"publisher":{"@id":"https:\/\/www.grandsformats.com\/#organization"},"image":{"@id":"https:\/\/www.grandsformats.com\/2020\/02\/le-big-band-de-loeuf-melange-musique-et-gastronomie\/#primaryimage"},"thumbnailUrl":"https:\/\/www.grandsformats.com\/wp-content\/uploads\/2020\/02\/Photo-Petits-Plats-pour-Grand-Ensemble.jpg","articleSection":["Actus des membres","Loeuf Big Band"],"inLanguage":"en-US","potentialAction":[{"@type":"CommentAction","name":"Comment","target":["https:\/\/www.grandsformats.com\/2020\/02\/le-big-band-de-loeuf-melange-musique-et-gastronomie\/#respond"]}]},{"@type":"WebPage","@id":"https:\/\/www.grandsformats.com\/2020\/02\/le-big-band-de-loeuf-melange-musique-et-gastronomie\/","url":"https:\/\/www.grandsformats.com\/2020\/02\/le-big-band-de-loeuf-melange-musique-et-gastronomie\/","name":"Le Big Band de l'Oeuf m\u00e9lange musique et gastronomie - Site officiel de la f\u00e9d\u00e9ration Grands Formats","isPartOf":{"@id":"https:\/\/www.grandsformats.com\/#website"},"primaryImageOfPage":{"@id":"https:\/\/www.grandsformats.com\/2020\/02\/le-big-band-de-loeuf-melange-musique-et-gastronomie\/#primaryimage"},"image":{"@id":"https:\/\/www.grandsformats.com\/2020\/02\/le-big-band-de-loeuf-melange-musique-et-gastronomie\/#primaryimage"},"thumbnailUrl":"https:\/\/www.grandsformats.com\/wp-content\/uploads\/2020\/02\/Photo-Petits-Plats-pour-Grand-Ensemble.jpg","datePublished":"2020-02-07T10:15:17+00:00","dateModified":"2020-04-21T15:32:07+00:00","breadcrumb":{"@id":"https:\/\/www.grandsformats.com\/2020\/02\/le-big-band-de-loeuf-melange-musique-et-gastronomie\/#breadcrumb"},"inLanguage":"en-US","potentialAction":[{"@type":"ReadAction","target":["https:\/\/www.grandsformats.com\/2020\/02\/le-big-band-de-loeuf-melange-musique-et-gastronomie\/"]}]},{"@type":"ImageObject","inLanguage":"en-US","@id":"https:\/\/www.grandsformats.com\/2020\/02\/le-big-band-de-loeuf-melange-musique-et-gastronomie\/#primaryimage","url":"https:\/\/www.grandsformats.com\/wp-content\/uploads\/2020\/02\/Photo-Petits-Plats-pour-Grand-Ensemble.jpg","contentUrl":"https:\/\/www.grandsformats.com\/wp-content\/uploads\/2020\/02\/Photo-Petits-Plats-pour-Grand-Ensemble.jpg","width":370,"height":370,"caption":"Petits Plats pour Grand Ensemble - Oeuf Big Band"},{"@type":"BreadcrumbList","@id":"https:\/\/www.grandsformats.com\/2020\/02\/le-big-band-de-loeuf-melange-musique-et-gastronomie\/#breadcrumb","itemListElement":[{"@type":"ListItem","position":1,"name":"Accueil","item":"https:\/\/www.grandsformats.com\/en\/"},{"@type":"ListItem","position":2,"name":"Le Big Band de l&rsquo;Oeuf m\u00e9lange musique et gastronomie"}]},{"@type":"WebSite","@id":"https:\/\/www.grandsformats.com\/#website","url":"https:\/\/www.grandsformats.com\/","name":"Site officiel de la f\u00e9d\u00e9ration Grands Formats","description":"F\u00e9d\u00e9ration d&#039;artistes pour la musique en grand !","publisher":{"@id":"https:\/\/www.grandsformats.com\/#organization"},"potentialAction":[{"@type":"SearchAction","target":{"@type":"EntryPoint","urlTemplate":"https:\/\/www.grandsformats.com\/?s={search_term_string}"},"query-input":{"@type":"PropertyValueSpecification","valueRequired":true,"valueName":"search_term_string"}}],"inLanguage":"en-US"},{"@type":"Organization","@id":"https:\/\/www.grandsformats.com\/#organization","name":"Grands Formats","url":"https:\/\/www.grandsformats.com\/","logo":{"@type":"ImageObject","inLanguage":"en-US","@id":"https:\/\/www.grandsformats.com\/#\/schema\/logo\/image\/","url":"https:\/\/www.grandsformats.com\/wp-content\/uploads\/2020\/03\/logo-GF-200.png","contentUrl":"https:\/\/www.grandsformats.com\/wp-content\/uploads\/2020\/03\/logo-GF-200.png","width":155,"height":200,"caption":"Grands Formats"},"image":{"@id":"https:\/\/www.grandsformats.com\/#\/schema\/logo\/image\/"},"sameAs":["https:\/\/www.facebook.com\/grandsformats\/","https:\/\/x.com\/GrandsFormatsGF","https:\/\/www.instagram.com\/grandsformats\/","https:\/\/www.youtube.com\/channel\/UCJ7k9dbqc_DG-nxI3WMPvhw?view_as=subscriberhttps:\/\/www.youtube.com\/channel\/UCJ7k9dbqc_DG-nxI3WMPvhw?view_as=subscriber"]},{"@type":"Person","@id":"https:\/\/www.grandsformats.com\/#\/schema\/person\/6ecde7e38a2254b5bc9d620679208ee1","name":"Grands Formats","image":{"@type":"ImageObject","inLanguage":"en-US","@id":"https:\/\/www.grandsformats.com\/#\/schema\/person\/image\/","url":"https:\/\/secure.gravatar.com\/avatar\/5d06febf5ba4681bd17a251487132861b5339c2d72f789e59decf1c1b05d0078?s=96&d=mm&r=g","contentUrl":"https:\/\/secure.gravatar.com\/avatar\/5d06febf5ba4681bd17a251487132861b5339c2d72f789e59decf1c1b05d0078?s=96&d=mm&r=g","caption":"Grands Formats"},"url":"https:\/\/www.grandsformats.com\/en\/author\/margaux\/"}]}},"_links":{"self":[{"href":"https:\/\/www.grandsformats.com\/en\/wp-json\/wp\/v2\/posts\/7765","targetHints":{"allow":["GET"]}}],"collection":[{"href":"https:\/\/www.grandsformats.com\/en\/wp-json\/wp\/v2\/posts"}],"about":[{"href":"https:\/\/www.grandsformats.com\/en\/wp-json\/wp\/v2\/types\/post"}],"author":[{"embeddable":true,"href":"https:\/\/www.grandsformats.com\/en\/wp-json\/wp\/v2\/users\/2"}],"replies":[{"embeddable":true,"href":"https:\/\/www.grandsformats.com\/en\/wp-json\/wp\/v2\/comments?post=7765"}],"version-history":[{"count":0,"href":"https:\/\/www.grandsformats.com\/en\/wp-json\/wp\/v2\/posts\/7765\/revisions"}],"wp:featuredmedia":[{"embeddable":true,"href":"https:\/\/www.grandsformats.com\/en\/wp-json\/wp\/v2\/media\/12450"}],"wp:attachment":[{"href":"https:\/\/www.grandsformats.com\/en\/wp-json\/wp\/v2\/media?parent=7765"}],"wp:term":[{"taxonomy":"category","embeddable":true,"href":"https:\/\/www.grandsformats.com\/en\/wp-json\/wp\/v2\/categories?post=7765"},{"taxonomy":"post_tag","embeddable":true,"href":"https:\/\/www.grandsformats.com\/en\/wp-json\/wp\/v2\/tags?post=7765"}],"curies":[{"name":"wp","href":"https:\/\/api.w.org\/{rel}","templated":true}]}}