{"id":7733,"date":"2020-01-24T11:49:15","date_gmt":"2020-01-24T10:49:15","guid":{"rendered":"http:\/\/www.grandsformats.com\/?p=7733"},"modified":"2020-05-12T16:20:19","modified_gmt":"2020-05-12T14:20:19","slug":"inter-organisations-colloque-musiques-politique-senat-2020","status":"publish","type":"post","link":"https:\/\/www.grandsformats.com\/en\/2020\/01\/inter-organisations-colloque-musiques-politique-senat-2020\/","title":{"rendered":"Inter-organisations : Colloque &quot;musiques et politique&quot; au S\u00e9nat le 29 mai 2020"},"content":{"rendered":"<h2>Communiqu\u00e9 de presse inter-f\u00e9d\u00e9rations et r\u00e9seaux musiques<\/h2>\n<h6>Nos organisations, r\u00e9unies dans un espace de coop\u00e9ration informel bas\u00e9 sur des valeurs communes, des constats, des enjeux et des modes de fonctionnement partag\u00e9s, souhaitent profiter du temps de rassemblement des BIS de Nantes pour annoncer qu\u2019elles travaillent, ensemble, \u00e0 l\u2019organisation d\u2019un colloque \u00ab Musiques et politique \u00bb qui aura lieu au S\u00e9nat le 29 mai 2020.<\/h6>\n<p>Nos projets s\u2019ancrent dans les valeurs et principes que nous portons au travers de nos actions : libert\u00e9 de cr\u00e9ation, diversit\u00e9 (culturelle, des personnes, des genres, des esth\u00e9tiques, des mod\u00e8les \u00e9conomiques\u2026), droit des personnes, \u00e9quit\u00e9 territoriale, primaut\u00e9 de l\u2019art et de la culture.<br \/>\nL\u2019objet de ce colloque est, d\u2019une part, d\u2019offrir un constat global qui est celui d\u2019un temps politique agit\u00e9, dans lequel nous voyons une remise en cause des politiques publiques telles que nous les entendons, c\u2019est-\u00e0-dire orient\u00e9es dans le sens de l\u2019int\u00e9r\u00eat g\u00e9n\u00e9ral et, d\u2019autre part, d\u2019\u00e9mettre des propositions, ensemble, pour d\u00e9passer ce constat et construire des alternatives.<\/p>\n<ul>\n<li>Nous observons un minist\u00e8re de la Culture qui abandonne peu \u00e0 peu ses politiques d\u2019int\u00e9r\u00eat g\u00e9n\u00e9ral au profit de logiques purement marchandes.<\/li>\n<li>Nous observons un glissement vers une financiarisation accrue de la musique, que nous revendiquons avant tout comme Art.<\/li>\n<li>Nous observons un d\u00e9mant\u00e8lement syst\u00e9mique du minist\u00e8re de la Culture, relatif notamment aux orientations voulues par les lois de modernisation de l\u2019action publique (r\u00e9forme action publique 2022) et par le projet de loi D\u00e9concentration, D\u00e9centralisation, Diff\u00e9renciation. Ce d\u00e9mant\u00e8lement menace la cr\u00e9ation et l\u2019\u00e9quit\u00e9 territoriale et risque d\u2019enclaver les territoires &#8211; et donc les acteurs et les personnes &#8211; les plus d\u00e9munis.<\/li>\n<li>Nous observons des politiques de l\u2019emploi qui balaient les emplois aid\u00e9s d\u2019un revers de la main, sans se soucier des cons\u00e9quences d\u00e9sastreuses que cela occasionne dans les associations, dans les entreprises ind\u00e9pendantes, et qui par ailleurs remettent r\u00e9guli\u00e8rement en question le pr\u00e9cieux r\u00e9gime de l\u2019intermittence.<\/li>\n<li>Nous observons, dans le spectacle vivant et particuli\u00e8rement dans la musique, des logiques de concentration dangereuses.<\/li>\n<\/ul>\n<p>Au-del\u00e0 de ces observations, le temps de l\u2019action est venu.<br \/>\nNous nous mobilisons, ensemble, pour penser une autre politique pour la musique et plus largement la culture. Nous souhaitons inscrire les politiques culturelles dans des logiques de coop\u00e9ration, de co-construction des politiques publiques, de solidarit\u00e9, de d\u00e9veloppement soutenable, dans le respect de l\u2019humain et de la nature\u2026<br \/>\nNOUS VOUS DONNONS RENDEZ-VOUS LE 29 MAI 2020 DE 14h \u00c0 17H AU S\u00c9NAT POUR EN D\u00c9BATTRE ENSEMBLE : \u00c9LUS, ARTISTES, REPR\u00c9SENTANTS DU MINIST\u00c8RE DE LA CULTURE ET DES COLLECTIVIT\u00c9S TERRITORIALES, SOCI\u00c9T\u00c9S CIVILES, JOURNALISTES, SYNDICATS, PORTEURS DE PROJETS DE TOUTES TAILLES ET DE TOUS TERRITOIRES\u2026<\/p>\n<p>Signataires :<br \/>\n<a href=\"https:\/\/ajc-jazz.eu\/\">AJC<\/a> &#8211; Collectif des diffuseurs jazz et musiques improvis\u00e9es<br \/>\n<a href=\"https:\/\/www.lesallumesdujazz.com\/\">ALLUM\u00c9S DU JAZZ<\/a> &#8211; F\u00e9d\u00e9ration de labels ind\u00e9pendants jazz et musiques improvis\u00e9es<br \/>\n<a href=\"https:\/\/www.bar-bars.com\/\">COLLECTIF CULTURE BAR-BARS<\/a> &#8211; F\u00e9d\u00e9ration nationale des caf\u00e9s culture<br \/>\n<a href=\"http:\/\/www.famdt.com\/\">FAMDT<\/a> &#8211; F\u00e9d\u00e9ration des acteurs et actrices des musiques et danses traditionnelles<br \/>\n<a href=\"https:\/\/www.fedelima.org\/\">FEDELIMA<\/a> &#8211; F\u00e9d\u00e9ration des projets et lieux de musiques actuelles<br \/>\n<a href=\"https:\/\/ferarock.org\/\">FERAROCK<\/a> &#8211; F\u00e9d\u00e9ration des radios associatives musiques actuelles<br \/>\n<a href=\"https:\/\/www.fevis.com\/\">FEVIS<\/a> &#8211; F\u00e9d\u00e9ration des ensembles vocaux et instrumentaux sp\u00e9cialis\u00e9s<br \/>\n<a href=\"https:\/\/www.fneijma.org\/\">FNEIJMA<\/a> &#8211; Ecoles d\u2019influence jazz et musiques actuelles<br \/>\n<a href=\"https:\/\/fracama.org\/\">FRACAMA<\/a> &#8211; F\u00e9d\u00e9ration r\u00e9gionale des acteurs musiques actuelles Centre-Val de Loire<br \/>\n<a href=\"http:\/\/www.francefestivals.com\/\">FRANCE FESTIVALS<\/a> &#8211; F\u00e9d\u00e9ration des festivals de musique et du spectacle vivant<br \/>\n<a href=\"http:\/\/www.futurscomposes.com\/\">FUTURS COMPOSES<\/a> &#8211; R\u00e9seau national de la cr\u00e9ation musicale<br \/>\n<a href=\"http:\/\/www.grandsformats.com\/\">GRANDS FORMATS<\/a> &#8211; F\u00e9d\u00e9ration nationale des grands ensembles et des collectifs d\u2019artistes de jazz et musiques improvis\u00e9es<br \/>\n<a href=\"https:\/\/federation-octopus.org\/\">OCTOPUS<\/a> &#8211; F\u00e9d\u00e9ration des acteurs musiques actuelles Occitanie<br \/>\n<a href=\"https:\/\/www.polca.fr\/\">POLCA<\/a> &#8211; P\u00f4le musiques actuelles de Champagne-Ardenne<br \/>\n<a href=\"https:\/\/www.radiocampus.fr\/\">Radio Campus France<\/a> \u2013 IASTAR &#8211; R\u00e9seau national des radios jeunes d\u2019initiatives \u00e9tudiantes en France<br \/>\n<a href=\"http:\/\/www.lerif.org\/\">RIF<\/a> &#8211; R\u00e9seau des musiques actuelles en \u00cele-de-France<br \/>\n<a href=\"https:\/\/le-rim.org\/\">RIM<\/a> &#8211; R\u00e9seau des Ind\u00e9pendants de la Musique<br \/>\n<a href=\"http:\/\/www.ufisc.org\/\">UFISC<\/a> &#8211; Union f\u00e9d\u00e9rale d\u2019intervention des structures culturelles<br \/>\n<a href=\"https:\/\/www.zonefranche.com\/\">ZONE FRANCHE<\/a> &#8211; R\u00e9seau des musiques du monde<br \/>\n<a href=\"http:\/\/www.grandsformats.com\/wp-content\/uploads\/comm_inter_orga_22012020.pdf\">T\u00e9l\u00e9chargez le communiqu\u00e9 en PDF.<\/a><\/p>\n","protected":false},"excerpt":{"rendered":"<p>Communiqu\u00e9 de presse inter-f\u00e9d\u00e9rations et r\u00e9seaux musiques Nos organisations, r\u00e9unies dans un espace de coop\u00e9ration informel bas\u00e9 sur des valeurs communes, des constats, des enjeux et des modes de fonctionnement partag\u00e9s, souhaitent profiter du temps de rassemblement des BIS de Nantes pour annoncer qu\u2019elles travaillent, ensemble, \u00e0 l\u2019organisation d\u2019un colloque \u00ab Musiques et politique \u00bb&#8230;<\/p>\n<p><a rel=\"bookmark\" class=\"theme-button-text wvc-button wvc-button-size-xs\" href=\"https:\/\/www.grandsformats.com\/en\/2020\/01\/inter-organisations-colloque-musiques-politique-senat-2020\/\"><small class=\"wvc-button-background-fill\"><\/small><span>Continue reading<\/span><\/a><\/p>\n","protected":false},"author":2,"featured_media":12785,"comment_status":"open","ping_status":"open","sticky":false,"template":"","format":"standard","meta":{"_acf_changed":false,"footnotes":""},"categories":[90,273],"tags":[],"class_list":["post-7733","post","type-post","status-publish","format-standard","has-post-thumbnail","hentry","category-grands-formats","category-communiques-lactu-de-la-fede","entry-post-skin-light","entry","clearfix","entry-grid","entry-columns-default","entry-post-module-layout-sidebar-right","thumbnail-color-tone-dark","metro-landscape","entry-post","entry-masonry","entry-post-masonry"],"acf":[],"yoast_head":"<!-- This site is optimized with the Yoast SEO plugin v25.8 - https:\/\/yoast.com\/wordpress\/plugins\/seo\/ -->\n<title>Inter-organisations : Colloque &quot;musiques et politique&quot; au S\u00e9nat le 29 mai 2020 - Site officiel de la f\u00e9d\u00e9ration Grands Formats<\/title>\n<meta name=\"robots\" content=\"index, follow, max-snippet:-1, max-image-preview:large, max-video-preview:-1\" \/>\n<link rel=\"canonical\" href=\"https:\/\/www.grandsformats.com\/2020\/01\/inter-organisations-colloque-musiques-politique-senat-2020\/\" \/>\n<meta property=\"og:locale\" content=\"en_US\" \/>\n<meta property=\"og:type\" content=\"article\" \/>\n<meta property=\"og:title\" content=\"Inter-organisations : Colloque &quot;musiques et politique&quot; au S\u00e9nat le 29 mai 2020 - Site officiel de la f\u00e9d\u00e9ration Grands Formats\" \/>\n<meta property=\"og:description\" content=\"Communiqu\u00e9 de presse inter-f\u00e9d\u00e9rations et r\u00e9seaux musiques Nos organisations, r\u00e9unies dans un espace de coop\u00e9ration informel bas\u00e9 sur des valeurs communes, des constats, des enjeux et des modes de fonctionnement partag\u00e9s, souhaitent profiter du temps de rassemblement des BIS de Nantes pour annoncer qu\u2019elles travaillent, ensemble, \u00e0 l\u2019organisation d\u2019un colloque \u00ab Musiques et politique \u00bb...Continue reading\" \/>\n<meta property=\"og:url\" content=\"https:\/\/www.grandsformats.com\/2020\/01\/inter-organisations-colloque-musiques-politique-senat-2020\/\" \/>\n<meta property=\"og:site_name\" content=\"Site officiel de la f\u00e9d\u00e9ration Grands Formats\" \/>\n<meta property=\"article:publisher\" content=\"https:\/\/www.facebook.com\/grandsformats\/\" \/>\n<meta property=\"article:published_time\" content=\"2020-01-24T10:49:15+00:00\" \/>\n<meta property=\"article:modified_time\" content=\"2020-05-12T14:20:19+00:00\" \/>\n<meta property=\"og:image\" content=\"https:\/\/www.grandsformats.com\/wp-content\/uploads\/2020\/01\/CP-inter-organisations-1920x1080-1.jpg\" \/>\n\t<meta property=\"og:image:width\" content=\"1920\" \/>\n\t<meta property=\"og:image:height\" content=\"1080\" \/>\n\t<meta property=\"og:image:type\" content=\"image\/jpeg\" \/>\n<meta name=\"author\" content=\"Grands Formats\" \/>\n<meta name=\"twitter:card\" content=\"summary_large_image\" \/>\n<meta name=\"twitter:creator\" content=\"@GrandsFormatsGF\" \/>\n<meta name=\"twitter:site\" content=\"@GrandsFormatsGF\" \/>\n<meta name=\"twitter:label1\" content=\"Written by\" \/>\n\t<meta name=\"twitter:data1\" content=\"Grands Formats\" \/>\n\t<meta name=\"twitter:label2\" content=\"Est. reading time\" \/>\n\t<meta name=\"twitter:data2\" content=\"4 minutes\" \/>\n<script type=\"application\/ld+json\" class=\"yoast-schema-graph\">{\"@context\":\"https:\/\/schema.org\",\"@graph\":[{\"@type\":\"Article\",\"@id\":\"https:\/\/www.grandsformats.com\/2020\/01\/inter-organisations-colloque-musiques-politique-senat-2020\/#article\",\"isPartOf\":{\"@id\":\"https:\/\/www.grandsformats.com\/2020\/01\/inter-organisations-colloque-musiques-politique-senat-2020\/\"},\"author\":{\"name\":\"Grands Formats\",\"@id\":\"https:\/\/www.grandsformats.com\/#\/schema\/person\/6ecde7e38a2254b5bc9d620679208ee1\"},\"headline\":\"Inter-organisations : Colloque &quot;musiques et politique&quot; au S\u00e9nat le 29 mai 2020\",\"datePublished\":\"2020-01-24T10:49:15+00:00\",\"dateModified\":\"2020-05-12T14:20:19+00:00\",\"mainEntityOfPage\":{\"@id\":\"https:\/\/www.grandsformats.com\/2020\/01\/inter-organisations-colloque-musiques-politique-senat-2020\/\"},\"wordCount\":740,\"commentCount\":0,\"publisher\":{\"@id\":\"https:\/\/www.grandsformats.com\/#organization\"},\"image\":{\"@id\":\"https:\/\/www.grandsformats.com\/2020\/01\/inter-organisations-colloque-musiques-politique-senat-2020\/#primaryimage\"},\"thumbnailUrl\":\"https:\/\/www.grandsformats.com\/wp-content\/uploads\/2020\/01\/CP-inter-organisations-1920x1080-1.jpg\",\"articleSection\":[\"Actus de la f\u00e9d\u00e9\",\"Contributions\"],\"inLanguage\":\"en-US\",\"potentialAction\":[{\"@type\":\"CommentAction\",\"name\":\"Comment\",\"target\":[\"https:\/\/www.grandsformats.com\/2020\/01\/inter-organisations-colloque-musiques-politique-senat-2020\/#respond\"]}]},{\"@type\":\"WebPage\",\"@id\":\"https:\/\/www.grandsformats.com\/2020\/01\/inter-organisations-colloque-musiques-politique-senat-2020\/\",\"url\":\"https:\/\/www.grandsformats.com\/2020\/01\/inter-organisations-colloque-musiques-politique-senat-2020\/\",\"name\":\"Inter-organisations : Colloque &quot;musiques et politique&quot; au S\u00e9nat le 29 mai 2020 - Site officiel de la f\u00e9d\u00e9ration Grands Formats\",\"isPartOf\":{\"@id\":\"https:\/\/www.grandsformats.com\/#website\"},\"primaryImageOfPage\":{\"@id\":\"https:\/\/www.grandsformats.com\/2020\/01\/inter-organisations-colloque-musiques-politique-senat-2020\/#primaryimage\"},\"image\":{\"@id\":\"https:\/\/www.grandsformats.com\/2020\/01\/inter-organisations-colloque-musiques-politique-senat-2020\/#primaryimage\"},\"thumbnailUrl\":\"https:\/\/www.grandsformats.com\/wp-content\/uploads\/2020\/01\/CP-inter-organisations-1920x1080-1.jpg\",\"datePublished\":\"2020-01-24T10:49:15+00:00\",\"dateModified\":\"2020-05-12T14:20:19+00:00\",\"breadcrumb\":{\"@id\":\"https:\/\/www.grandsformats.com\/2020\/01\/inter-organisations-colloque-musiques-politique-senat-2020\/#breadcrumb\"},\"inLanguage\":\"en-US\",\"potentialAction\":[{\"@type\":\"ReadAction\",\"target\":[\"https:\/\/www.grandsformats.com\/2020\/01\/inter-organisations-colloque-musiques-politique-senat-2020\/\"]}]},{\"@type\":\"ImageObject\",\"inLanguage\":\"en-US\",\"@id\":\"https:\/\/www.grandsformats.com\/2020\/01\/inter-organisations-colloque-musiques-politique-senat-2020\/#primaryimage\",\"url\":\"https:\/\/www.grandsformats.com\/wp-content\/uploads\/2020\/01\/CP-inter-organisations-1920x1080-1.jpg\",\"contentUrl\":\"https:\/\/www.grandsformats.com\/wp-content\/uploads\/2020\/01\/CP-inter-organisations-1920x1080-1.jpg\",\"width\":1920,\"height\":1080,\"caption\":\"communiqu\u00e9 de presse inter-organisations musiques\"},{\"@type\":\"BreadcrumbList\",\"@id\":\"https:\/\/www.grandsformats.com\/2020\/01\/inter-organisations-colloque-musiques-politique-senat-2020\/#breadcrumb\",\"itemListElement\":[{\"@type\":\"ListItem\",\"position\":1,\"name\":\"Accueil\",\"item\":\"https:\/\/www.grandsformats.com\/en\/\"},{\"@type\":\"ListItem\",\"position\":2,\"name\":\"Inter-organisations : Colloque &quot;musiques et politique&quot; au S\u00e9nat le 29 mai 2020\"}]},{\"@type\":\"WebSite\",\"@id\":\"https:\/\/www.grandsformats.com\/#website\",\"url\":\"https:\/\/www.grandsformats.com\/\",\"name\":\"Site officiel de la f\u00e9d\u00e9ration Grands Formats\",\"description\":\"F\u00e9d\u00e9ration d&#039;artistes pour la musique en grand !\",\"publisher\":{\"@id\":\"https:\/\/www.grandsformats.com\/#organization\"},\"potentialAction\":[{\"@type\":\"SearchAction\",\"target\":{\"@type\":\"EntryPoint\",\"urlTemplate\":\"https:\/\/www.grandsformats.com\/?s={search_term_string}\"},\"query-input\":{\"@type\":\"PropertyValueSpecification\",\"valueRequired\":true,\"valueName\":\"search_term_string\"}}],\"inLanguage\":\"en-US\"},{\"@type\":\"Organization\",\"@id\":\"https:\/\/www.grandsformats.com\/#organization\",\"name\":\"Grands Formats\",\"url\":\"https:\/\/www.grandsformats.com\/\",\"logo\":{\"@type\":\"ImageObject\",\"inLanguage\":\"en-US\",\"@id\":\"https:\/\/www.grandsformats.com\/#\/schema\/logo\/image\/\",\"url\":\"https:\/\/www.grandsformats.com\/wp-content\/uploads\/2020\/03\/logo-GF-200.png\",\"contentUrl\":\"https:\/\/www.grandsformats.com\/wp-content\/uploads\/2020\/03\/logo-GF-200.png\",\"width\":155,\"height\":200,\"caption\":\"Grands Formats\"},\"image\":{\"@id\":\"https:\/\/www.grandsformats.com\/#\/schema\/logo\/image\/\"},\"sameAs\":[\"https:\/\/www.facebook.com\/grandsformats\/\",\"https:\/\/x.com\/GrandsFormatsGF\",\"https:\/\/www.instagram.com\/grandsformats\/\",\"https:\/\/www.youtube.com\/channel\/UCJ7k9dbqc_DG-nxI3WMPvhw?view_as=subscriberhttps:\/\/www.youtube.com\/channel\/UCJ7k9dbqc_DG-nxI3WMPvhw?view_as=subscriber\"]},{\"@type\":\"Person\",\"@id\":\"https:\/\/www.grandsformats.com\/#\/schema\/person\/6ecde7e38a2254b5bc9d620679208ee1\",\"name\":\"Grands Formats\",\"image\":{\"@type\":\"ImageObject\",\"inLanguage\":\"en-US\",\"@id\":\"https:\/\/www.grandsformats.com\/#\/schema\/person\/image\/\",\"url\":\"https:\/\/secure.gravatar.com\/avatar\/5d06febf5ba4681bd17a251487132861b5339c2d72f789e59decf1c1b05d0078?s=96&d=mm&r=g\",\"contentUrl\":\"https:\/\/secure.gravatar.com\/avatar\/5d06febf5ba4681bd17a251487132861b5339c2d72f789e59decf1c1b05d0078?s=96&d=mm&r=g\",\"caption\":\"Grands Formats\"},\"url\":\"https:\/\/www.grandsformats.com\/en\/author\/margaux\/\"}]}<\/script>\n<!-- \/ Yoast SEO plugin. -->","yoast_head_json":{"title":"Inter-organisations : Colloque &quot;musiques et politique&quot; au S\u00e9nat le 29 mai 2020 - Site officiel de la f\u00e9d\u00e9ration Grands Formats","robots":{"index":"index","follow":"follow","max-snippet":"max-snippet:-1","max-image-preview":"max-image-preview:large","max-video-preview":"max-video-preview:-1"},"canonical":"https:\/\/www.grandsformats.com\/2020\/01\/inter-organisations-colloque-musiques-politique-senat-2020\/","og_locale":"en_US","og_type":"article","og_title":"Inter-organisations : Colloque &quot;musiques et politique&quot; au S\u00e9nat le 29 mai 2020 - Site officiel de la f\u00e9d\u00e9ration Grands Formats","og_description":"Communiqu\u00e9 de presse inter-f\u00e9d\u00e9rations et r\u00e9seaux musiques Nos organisations, r\u00e9unies dans un espace de coop\u00e9ration informel bas\u00e9 sur des valeurs communes, des constats, des enjeux et des modes de fonctionnement partag\u00e9s, souhaitent profiter du temps de rassemblement des BIS de Nantes pour annoncer qu\u2019elles travaillent, ensemble, \u00e0 l\u2019organisation d\u2019un colloque \u00ab Musiques et politique \u00bb...Continue reading","og_url":"https:\/\/www.grandsformats.com\/2020\/01\/inter-organisations-colloque-musiques-politique-senat-2020\/","og_site_name":"Site officiel de la f\u00e9d\u00e9ration Grands Formats","article_publisher":"https:\/\/www.facebook.com\/grandsformats\/","article_published_time":"2020-01-24T10:49:15+00:00","article_modified_time":"2020-05-12T14:20:19+00:00","og_image":[{"width":1920,"height":1080,"url":"https:\/\/www.grandsformats.com\/wp-content\/uploads\/2020\/01\/CP-inter-organisations-1920x1080-1.jpg","type":"image\/jpeg"}],"author":"Grands Formats","twitter_card":"summary_large_image","twitter_creator":"@GrandsFormatsGF","twitter_site":"@GrandsFormatsGF","twitter_misc":{"Written by":"Grands Formats","Est. reading time":"4 minutes"},"schema":{"@context":"https:\/\/schema.org","@graph":[{"@type":"Article","@id":"https:\/\/www.grandsformats.com\/2020\/01\/inter-organisations-colloque-musiques-politique-senat-2020\/#article","isPartOf":{"@id":"https:\/\/www.grandsformats.com\/2020\/01\/inter-organisations-colloque-musiques-politique-senat-2020\/"},"author":{"name":"Grands Formats","@id":"https:\/\/www.grandsformats.com\/#\/schema\/person\/6ecde7e38a2254b5bc9d620679208ee1"},"headline":"Inter-organisations : Colloque &quot;musiques et politique&quot; au S\u00e9nat le 29 mai 2020","datePublished":"2020-01-24T10:49:15+00:00","dateModified":"2020-05-12T14:20:19+00:00","mainEntityOfPage":{"@id":"https:\/\/www.grandsformats.com\/2020\/01\/inter-organisations-colloque-musiques-politique-senat-2020\/"},"wordCount":740,"commentCount":0,"publisher":{"@id":"https:\/\/www.grandsformats.com\/#organization"},"image":{"@id":"https:\/\/www.grandsformats.com\/2020\/01\/inter-organisations-colloque-musiques-politique-senat-2020\/#primaryimage"},"thumbnailUrl":"https:\/\/www.grandsformats.com\/wp-content\/uploads\/2020\/01\/CP-inter-organisations-1920x1080-1.jpg","articleSection":["Actus de la f\u00e9d\u00e9","Contributions"],"inLanguage":"en-US","potentialAction":[{"@type":"CommentAction","name":"Comment","target":["https:\/\/www.grandsformats.com\/2020\/01\/inter-organisations-colloque-musiques-politique-senat-2020\/#respond"]}]},{"@type":"WebPage","@id":"https:\/\/www.grandsformats.com\/2020\/01\/inter-organisations-colloque-musiques-politique-senat-2020\/","url":"https:\/\/www.grandsformats.com\/2020\/01\/inter-organisations-colloque-musiques-politique-senat-2020\/","name":"Inter-organisations : Colloque &quot;musiques et politique&quot; au S\u00e9nat le 29 mai 2020 - Site officiel de la f\u00e9d\u00e9ration Grands Formats","isPartOf":{"@id":"https:\/\/www.grandsformats.com\/#website"},"primaryImageOfPage":{"@id":"https:\/\/www.grandsformats.com\/2020\/01\/inter-organisations-colloque-musiques-politique-senat-2020\/#primaryimage"},"image":{"@id":"https:\/\/www.grandsformats.com\/2020\/01\/inter-organisations-colloque-musiques-politique-senat-2020\/#primaryimage"},"thumbnailUrl":"https:\/\/www.grandsformats.com\/wp-content\/uploads\/2020\/01\/CP-inter-organisations-1920x1080-1.jpg","datePublished":"2020-01-24T10:49:15+00:00","dateModified":"2020-05-12T14:20:19+00:00","breadcrumb":{"@id":"https:\/\/www.grandsformats.com\/2020\/01\/inter-organisations-colloque-musiques-politique-senat-2020\/#breadcrumb"},"inLanguage":"en-US","potentialAction":[{"@type":"ReadAction","target":["https:\/\/www.grandsformats.com\/2020\/01\/inter-organisations-colloque-musiques-politique-senat-2020\/"]}]},{"@type":"ImageObject","inLanguage":"en-US","@id":"https:\/\/www.grandsformats.com\/2020\/01\/inter-organisations-colloque-musiques-politique-senat-2020\/#primaryimage","url":"https:\/\/www.grandsformats.com\/wp-content\/uploads\/2020\/01\/CP-inter-organisations-1920x1080-1.jpg","contentUrl":"https:\/\/www.grandsformats.com\/wp-content\/uploads\/2020\/01\/CP-inter-organisations-1920x1080-1.jpg","width":1920,"height":1080,"caption":"communiqu\u00e9 de presse inter-organisations musiques"},{"@type":"BreadcrumbList","@id":"https:\/\/www.grandsformats.com\/2020\/01\/inter-organisations-colloque-musiques-politique-senat-2020\/#breadcrumb","itemListElement":[{"@type":"ListItem","position":1,"name":"Accueil","item":"https:\/\/www.grandsformats.com\/en\/"},{"@type":"ListItem","position":2,"name":"Inter-organisations : Colloque &quot;musiques et politique&quot; au S\u00e9nat le 29 mai 2020"}]},{"@type":"WebSite","@id":"https:\/\/www.grandsformats.com\/#website","url":"https:\/\/www.grandsformats.com\/","name":"Site officiel de la f\u00e9d\u00e9ration Grands Formats","description":"F\u00e9d\u00e9ration d&#039;artistes pour la musique en grand !","publisher":{"@id":"https:\/\/www.grandsformats.com\/#organization"},"potentialAction":[{"@type":"SearchAction","target":{"@type":"EntryPoint","urlTemplate":"https:\/\/www.grandsformats.com\/?s={search_term_string}"},"query-input":{"@type":"PropertyValueSpecification","valueRequired":true,"valueName":"search_term_string"}}],"inLanguage":"en-US"},{"@type":"Organization","@id":"https:\/\/www.grandsformats.com\/#organization","name":"Grands Formats","url":"https:\/\/www.grandsformats.com\/","logo":{"@type":"ImageObject","inLanguage":"en-US","@id":"https:\/\/www.grandsformats.com\/#\/schema\/logo\/image\/","url":"https:\/\/www.grandsformats.com\/wp-content\/uploads\/2020\/03\/logo-GF-200.png","contentUrl":"https:\/\/www.grandsformats.com\/wp-content\/uploads\/2020\/03\/logo-GF-200.png","width":155,"height":200,"caption":"Grands Formats"},"image":{"@id":"https:\/\/www.grandsformats.com\/#\/schema\/logo\/image\/"},"sameAs":["https:\/\/www.facebook.com\/grandsformats\/","https:\/\/x.com\/GrandsFormatsGF","https:\/\/www.instagram.com\/grandsformats\/","https:\/\/www.youtube.com\/channel\/UCJ7k9dbqc_DG-nxI3WMPvhw?view_as=subscriberhttps:\/\/www.youtube.com\/channel\/UCJ7k9dbqc_DG-nxI3WMPvhw?view_as=subscriber"]},{"@type":"Person","@id":"https:\/\/www.grandsformats.com\/#\/schema\/person\/6ecde7e38a2254b5bc9d620679208ee1","name":"Grands Formats","image":{"@type":"ImageObject","inLanguage":"en-US","@id":"https:\/\/www.grandsformats.com\/#\/schema\/person\/image\/","url":"https:\/\/secure.gravatar.com\/avatar\/5d06febf5ba4681bd17a251487132861b5339c2d72f789e59decf1c1b05d0078?s=96&d=mm&r=g","contentUrl":"https:\/\/secure.gravatar.com\/avatar\/5d06febf5ba4681bd17a251487132861b5339c2d72f789e59decf1c1b05d0078?s=96&d=mm&r=g","caption":"Grands Formats"},"url":"https:\/\/www.grandsformats.com\/en\/author\/margaux\/"}]}},"_links":{"self":[{"href":"https:\/\/www.grandsformats.com\/en\/wp-json\/wp\/v2\/posts\/7733","targetHints":{"allow":["GET"]}}],"collection":[{"href":"https:\/\/www.grandsformats.com\/en\/wp-json\/wp\/v2\/posts"}],"about":[{"href":"https:\/\/www.grandsformats.com\/en\/wp-json\/wp\/v2\/types\/post"}],"author":[{"embeddable":true,"href":"https:\/\/www.grandsformats.com\/en\/wp-json\/wp\/v2\/users\/2"}],"replies":[{"embeddable":true,"href":"https:\/\/www.grandsformats.com\/en\/wp-json\/wp\/v2\/comments?post=7733"}],"version-history":[{"count":0,"href":"https:\/\/www.grandsformats.com\/en\/wp-json\/wp\/v2\/posts\/7733\/revisions"}],"wp:featuredmedia":[{"embeddable":true,"href":"https:\/\/www.grandsformats.com\/en\/wp-json\/wp\/v2\/media\/12785"}],"wp:attachment":[{"href":"https:\/\/www.grandsformats.com\/en\/wp-json\/wp\/v2\/media?parent=7733"}],"wp:term":[{"taxonomy":"category","embeddable":true,"href":"https:\/\/www.grandsformats.com\/en\/wp-json\/wp\/v2\/categories?post=7733"},{"taxonomy":"post_tag","embeddable":true,"href":"https:\/\/www.grandsformats.com\/en\/wp-json\/wp\/v2\/tags?post=7733"}],"curies":[{"name":"wp","href":"https:\/\/api.w.org\/{rel}","templated":true}]}}