{"id":7699,"date":"2020-01-06T17:56:16","date_gmt":"2020-01-06T16:56:16","guid":{"rendered":"http:\/\/www.grandsformats.com\/?p=7699"},"modified":"2020-06-09T16:46:50","modified_gmt":"2020-06-09T14:46:50","slug":"festival-sons-dhiver-invite-groupe-healing-orchestra-residence-de-creation-concert","status":"publish","type":"post","link":"https:\/\/www.grandsformats.com\/en\/2020\/01\/festival-sons-dhiver-invite-groupe-healing-orchestra-residence-de-creation-concert\/","title":{"rendered":"Le festival Sons d&#8217;Hiver invite Healing Orchestra pour une r\u00e9sidence et un concert"},"content":{"rendered":"<h2>Rendez-vous le 31 janvier pour d\u00e9couvrir le Healing Orchestra<\/h2>\n<p>Le <a href=\"http:\/\/www.grandsformats.com\/Membres\/healing-orchestra\/\">Healing Orchestra<\/a> sera en r\u00e9sidence du 23 au 30 janvier 2020 au Th\u00e9\u00e2tre de Cachan pour une nouvelle cr\u00e9ation et un concert le 31 janvier, en premi\u00e8re partie des mentors William Parker et Andrew Cyrille. Le groupe vous pr\u00e9pare le 31 janvier un concert au r\u00e9pertoire exalt\u00e9 et furieux parcourant toutes les formes de jazz, parsem\u00e9 de riffs Mingussiens, de balade \u00e0 la Sun Ra, d\u2019hymnes universels, de musique populaire, de transe swing et jubilatoire, aux c\u00f4t\u00e9s d&#8217;un invit\u00e9 de marque : Sylvain Kassap !<br \/>\nMusicien\u00b7ne\u00b7s : Paul Wacrenier &#8211; piano, vibraphone, kalimba, composition | Fanny Menegoz &#8211; fl\u00fbtes | Sarah Colomb \u2013 violon | Xavier\u00a0Bornens, Leo Jeannet &#8211; trompettes | Arnaud Sacase &#8211; saxophone alto | Jon Vicuna &#8211; saxophone baryton | Jean-Fran\u00e7ois Petitjean &#8211; saxophone t\u00e9nor | Victor Aubert \u2013 contrebasse | Mauro\u00a0Basilio \u2013 violoncelle | Benoist Raffin &#8211; batterie | Sven Clerx &#8211; percussions<br \/>\nGuest : Sylvain Kassap &#8211; clarinette, clarinette bass<br \/>\n<a href=\"http:\/\/www.paulwacrenier.com\/healingorchestra.html\">Site internet<\/a><\/p>\n","protected":false},"excerpt":{"rendered":"<p>Rendez-vous le 31 janvier pour d\u00e9couvrir le Healing Orchestra Le Healing Orchestra sera en r\u00e9sidence du 23 au 30 janvier 2020 au Th\u00e9\u00e2tre de Cachan pour une nouvelle cr\u00e9ation et un concert le 31 janvier, en premi\u00e8re partie des mentors William Parker et Andrew Cyrille. Le groupe vous pr\u00e9pare le 31 janvier un concert au&#8230;<\/p>\n<p><a rel=\"bookmark\" class=\"theme-button-text wvc-button wvc-button-size-xs\" href=\"https:\/\/www.grandsformats.com\/en\/2020\/01\/festival-sons-dhiver-invite-groupe-healing-orchestra-residence-de-creation-concert\/\"><small class=\"wvc-button-background-fill\"><\/small><span>Continue reading<\/span><\/a><\/p>\n","protected":false},"author":2,"featured_media":13353,"comment_status":"open","ping_status":"open","sticky":false,"template":"","format":"standard","meta":{"_acf_changed":false,"footnotes":""},"categories":[95,598],"tags":[],"class_list":["post-7699","post","type-post","status-publish","format-standard","has-post-thumbnail","hentry","category-membres","category-healing-orchestra","entry-post-skin-light","entry","clearfix","entry-grid","entry-columns-default","entry-post-module-layout-sidebar-right","thumbnail-color-tone-dark","metro-landscape","entry-post","entry-masonry","entry-post-masonry"],"acf":[],"yoast_head":"<!-- This site is optimized with the Yoast SEO plugin v25.8 - https:\/\/yoast.com\/wordpress\/plugins\/seo\/ -->\n<title>Le festival Sons d&#039;Hiver invite Healing Orchestra pour une r\u00e9sidence et un concert - Site officiel de la f\u00e9d\u00e9ration Grands Formats<\/title>\n<meta name=\"robots\" content=\"index, follow, max-snippet:-1, max-image-preview:large, max-video-preview:-1\" \/>\n<link rel=\"canonical\" href=\"https:\/\/www.grandsformats.com\/2020\/01\/festival-sons-dhiver-invite-groupe-healing-orchestra-residence-de-creation-concert\/\" \/>\n<meta property=\"og:locale\" content=\"en_US\" \/>\n<meta property=\"og:type\" content=\"article\" \/>\n<meta property=\"og:title\" content=\"Le festival Sons d&#039;Hiver invite Healing Orchestra pour une r\u00e9sidence et un concert - Site officiel de la f\u00e9d\u00e9ration Grands Formats\" \/>\n<meta property=\"og:description\" content=\"Rendez-vous le 31 janvier pour d\u00e9couvrir le Healing Orchestra Le Healing Orchestra sera en r\u00e9sidence du 23 au 30 janvier 2020 au Th\u00e9\u00e2tre de Cachan pour une nouvelle cr\u00e9ation et un concert le 31 janvier, en premi\u00e8re partie des mentors William Parker et Andrew Cyrille. Le groupe vous pr\u00e9pare le 31 janvier un concert au...Continue reading\" \/>\n<meta property=\"og:url\" content=\"https:\/\/www.grandsformats.com\/2020\/01\/festival-sons-dhiver-invite-groupe-healing-orchestra-residence-de-creation-concert\/\" \/>\n<meta property=\"og:site_name\" content=\"Site officiel de la f\u00e9d\u00e9ration Grands Formats\" \/>\n<meta property=\"article:publisher\" content=\"https:\/\/www.facebook.com\/grandsformats\/\" \/>\n<meta property=\"article:published_time\" content=\"2020-01-06T16:56:16+00:00\" \/>\n<meta property=\"article:modified_time\" content=\"2020-06-09T14:46:50+00:00\" \/>\n<meta property=\"og:image\" content=\"https:\/\/www.grandsformats.com\/wp-content\/uploads\/2020\/03\/The-Healing-Orchestra-1920x1080-2.jpg\" \/>\n\t<meta property=\"og:image:width\" content=\"1920\" \/>\n\t<meta property=\"og:image:height\" content=\"1080\" \/>\n\t<meta property=\"og:image:type\" content=\"image\/jpeg\" \/>\n<meta name=\"author\" content=\"Grands Formats\" \/>\n<meta name=\"twitter:card\" content=\"summary_large_image\" \/>\n<meta name=\"twitter:creator\" content=\"@GrandsFormatsGF\" \/>\n<meta name=\"twitter:site\" content=\"@GrandsFormatsGF\" \/>\n<meta name=\"twitter:label1\" content=\"Written by\" \/>\n\t<meta name=\"twitter:data1\" content=\"Grands Formats\" \/>\n\t<meta name=\"twitter:label2\" content=\"Est. reading time\" \/>\n\t<meta name=\"twitter:data2\" content=\"1 minute\" \/>\n<script type=\"application\/ld+json\" class=\"yoast-schema-graph\">{\"@context\":\"https:\/\/schema.org\",\"@graph\":[{\"@type\":\"Article\",\"@id\":\"https:\/\/www.grandsformats.com\/2020\/01\/festival-sons-dhiver-invite-groupe-healing-orchestra-residence-de-creation-concert\/#article\",\"isPartOf\":{\"@id\":\"https:\/\/www.grandsformats.com\/2020\/01\/festival-sons-dhiver-invite-groupe-healing-orchestra-residence-de-creation-concert\/\"},\"author\":{\"name\":\"Grands Formats\",\"@id\":\"https:\/\/www.grandsformats.com\/#\/schema\/person\/6ecde7e38a2254b5bc9d620679208ee1\"},\"headline\":\"Le festival Sons d&#8217;Hiver invite Healing Orchestra pour une r\u00e9sidence et un concert\",\"datePublished\":\"2020-01-06T16:56:16+00:00\",\"dateModified\":\"2020-06-09T14:46:50+00:00\",\"mainEntityOfPage\":{\"@id\":\"https:\/\/www.grandsformats.com\/2020\/01\/festival-sons-dhiver-invite-groupe-healing-orchestra-residence-de-creation-concert\/\"},\"wordCount\":176,\"commentCount\":0,\"publisher\":{\"@id\":\"https:\/\/www.grandsformats.com\/#organization\"},\"image\":{\"@id\":\"https:\/\/www.grandsformats.com\/2020\/01\/festival-sons-dhiver-invite-groupe-healing-orchestra-residence-de-creation-concert\/#primaryimage\"},\"thumbnailUrl\":\"https:\/\/www.grandsformats.com\/wp-content\/uploads\/2020\/03\/The-Healing-Orchestra-1920x1080-2.jpg\",\"articleSection\":[\"Actus des membres\",\"Healing Orchestra\"],\"inLanguage\":\"en-US\",\"potentialAction\":[{\"@type\":\"CommentAction\",\"name\":\"Comment\",\"target\":[\"https:\/\/www.grandsformats.com\/2020\/01\/festival-sons-dhiver-invite-groupe-healing-orchestra-residence-de-creation-concert\/#respond\"]}]},{\"@type\":\"WebPage\",\"@id\":\"https:\/\/www.grandsformats.com\/2020\/01\/festival-sons-dhiver-invite-groupe-healing-orchestra-residence-de-creation-concert\/\",\"url\":\"https:\/\/www.grandsformats.com\/2020\/01\/festival-sons-dhiver-invite-groupe-healing-orchestra-residence-de-creation-concert\/\",\"name\":\"Le festival Sons d'Hiver invite Healing Orchestra pour une r\u00e9sidence et un concert - Site officiel de la f\u00e9d\u00e9ration Grands Formats\",\"isPartOf\":{\"@id\":\"https:\/\/www.grandsformats.com\/#website\"},\"primaryImageOfPage\":{\"@id\":\"https:\/\/www.grandsformats.com\/2020\/01\/festival-sons-dhiver-invite-groupe-healing-orchestra-residence-de-creation-concert\/#primaryimage\"},\"image\":{\"@id\":\"https:\/\/www.grandsformats.com\/2020\/01\/festival-sons-dhiver-invite-groupe-healing-orchestra-residence-de-creation-concert\/#primaryimage\"},\"thumbnailUrl\":\"https:\/\/www.grandsformats.com\/wp-content\/uploads\/2020\/03\/The-Healing-Orchestra-1920x1080-2.jpg\",\"datePublished\":\"2020-01-06T16:56:16+00:00\",\"dateModified\":\"2020-06-09T14:46:50+00:00\",\"breadcrumb\":{\"@id\":\"https:\/\/www.grandsformats.com\/2020\/01\/festival-sons-dhiver-invite-groupe-healing-orchestra-residence-de-creation-concert\/#breadcrumb\"},\"inLanguage\":\"en-US\",\"potentialAction\":[{\"@type\":\"ReadAction\",\"target\":[\"https:\/\/www.grandsformats.com\/2020\/01\/festival-sons-dhiver-invite-groupe-healing-orchestra-residence-de-creation-concert\/\"]}]},{\"@type\":\"ImageObject\",\"inLanguage\":\"en-US\",\"@id\":\"https:\/\/www.grandsformats.com\/2020\/01\/festival-sons-dhiver-invite-groupe-healing-orchestra-residence-de-creation-concert\/#primaryimage\",\"url\":\"https:\/\/www.grandsformats.com\/wp-content\/uploads\/2020\/03\/The-Healing-Orchestra-1920x1080-2.jpg\",\"contentUrl\":\"https:\/\/www.grandsformats.com\/wp-content\/uploads\/2020\/03\/The-Healing-Orchestra-1920x1080-2.jpg\",\"width\":1920,\"height\":1080,\"caption\":\"\u00a9 DR\"},{\"@type\":\"BreadcrumbList\",\"@id\":\"https:\/\/www.grandsformats.com\/2020\/01\/festival-sons-dhiver-invite-groupe-healing-orchestra-residence-de-creation-concert\/#breadcrumb\",\"itemListElement\":[{\"@type\":\"ListItem\",\"position\":1,\"name\":\"Accueil\",\"item\":\"https:\/\/www.grandsformats.com\/en\/\"},{\"@type\":\"ListItem\",\"position\":2,\"name\":\"Le festival Sons d&rsquo;Hiver invite Healing Orchestra pour une r\u00e9sidence et un concert\"}]},{\"@type\":\"WebSite\",\"@id\":\"https:\/\/www.grandsformats.com\/#website\",\"url\":\"https:\/\/www.grandsformats.com\/\",\"name\":\"Site officiel de la f\u00e9d\u00e9ration Grands Formats\",\"description\":\"F\u00e9d\u00e9ration d&#039;artistes pour la musique en grand !\",\"publisher\":{\"@id\":\"https:\/\/www.grandsformats.com\/#organization\"},\"potentialAction\":[{\"@type\":\"SearchAction\",\"target\":{\"@type\":\"EntryPoint\",\"urlTemplate\":\"https:\/\/www.grandsformats.com\/?s={search_term_string}\"},\"query-input\":{\"@type\":\"PropertyValueSpecification\",\"valueRequired\":true,\"valueName\":\"search_term_string\"}}],\"inLanguage\":\"en-US\"},{\"@type\":\"Organization\",\"@id\":\"https:\/\/www.grandsformats.com\/#organization\",\"name\":\"Grands Formats\",\"url\":\"https:\/\/www.grandsformats.com\/\",\"logo\":{\"@type\":\"ImageObject\",\"inLanguage\":\"en-US\",\"@id\":\"https:\/\/www.grandsformats.com\/#\/schema\/logo\/image\/\",\"url\":\"https:\/\/www.grandsformats.com\/wp-content\/uploads\/2020\/03\/logo-GF-200.png\",\"contentUrl\":\"https:\/\/www.grandsformats.com\/wp-content\/uploads\/2020\/03\/logo-GF-200.png\",\"width\":155,\"height\":200,\"caption\":\"Grands Formats\"},\"image\":{\"@id\":\"https:\/\/www.grandsformats.com\/#\/schema\/logo\/image\/\"},\"sameAs\":[\"https:\/\/www.facebook.com\/grandsformats\/\",\"https:\/\/x.com\/GrandsFormatsGF\",\"https:\/\/www.instagram.com\/grandsformats\/\",\"https:\/\/www.youtube.com\/channel\/UCJ7k9dbqc_DG-nxI3WMPvhw?view_as=subscriberhttps:\/\/www.youtube.com\/channel\/UCJ7k9dbqc_DG-nxI3WMPvhw?view_as=subscriber\"]},{\"@type\":\"Person\",\"@id\":\"https:\/\/www.grandsformats.com\/#\/schema\/person\/6ecde7e38a2254b5bc9d620679208ee1\",\"name\":\"Grands Formats\",\"image\":{\"@type\":\"ImageObject\",\"inLanguage\":\"en-US\",\"@id\":\"https:\/\/www.grandsformats.com\/#\/schema\/person\/image\/\",\"url\":\"https:\/\/secure.gravatar.com\/avatar\/5d06febf5ba4681bd17a251487132861b5339c2d72f789e59decf1c1b05d0078?s=96&d=mm&r=g\",\"contentUrl\":\"https:\/\/secure.gravatar.com\/avatar\/5d06febf5ba4681bd17a251487132861b5339c2d72f789e59decf1c1b05d0078?s=96&d=mm&r=g\",\"caption\":\"Grands Formats\"},\"url\":\"https:\/\/www.grandsformats.com\/en\/author\/margaux\/\"}]}<\/script>\n<!-- \/ Yoast SEO plugin. -->","yoast_head_json":{"title":"Le festival Sons d'Hiver invite Healing Orchestra pour une r\u00e9sidence et un concert - Site officiel de la f\u00e9d\u00e9ration Grands Formats","robots":{"index":"index","follow":"follow","max-snippet":"max-snippet:-1","max-image-preview":"max-image-preview:large","max-video-preview":"max-video-preview:-1"},"canonical":"https:\/\/www.grandsformats.com\/2020\/01\/festival-sons-dhiver-invite-groupe-healing-orchestra-residence-de-creation-concert\/","og_locale":"en_US","og_type":"article","og_title":"Le festival Sons d'Hiver invite Healing Orchestra pour une r\u00e9sidence et un concert - Site officiel de la f\u00e9d\u00e9ration Grands Formats","og_description":"Rendez-vous le 31 janvier pour d\u00e9couvrir le Healing Orchestra Le Healing Orchestra sera en r\u00e9sidence du 23 au 30 janvier 2020 au Th\u00e9\u00e2tre de Cachan pour une nouvelle cr\u00e9ation et un concert le 31 janvier, en premi\u00e8re partie des mentors William Parker et Andrew Cyrille. Le groupe vous pr\u00e9pare le 31 janvier un concert au...Continue reading","og_url":"https:\/\/www.grandsformats.com\/2020\/01\/festival-sons-dhiver-invite-groupe-healing-orchestra-residence-de-creation-concert\/","og_site_name":"Site officiel de la f\u00e9d\u00e9ration Grands Formats","article_publisher":"https:\/\/www.facebook.com\/grandsformats\/","article_published_time":"2020-01-06T16:56:16+00:00","article_modified_time":"2020-06-09T14:46:50+00:00","og_image":[{"width":1920,"height":1080,"url":"https:\/\/www.grandsformats.com\/wp-content\/uploads\/2020\/03\/The-Healing-Orchestra-1920x1080-2.jpg","type":"image\/jpeg"}],"author":"Grands Formats","twitter_card":"summary_large_image","twitter_creator":"@GrandsFormatsGF","twitter_site":"@GrandsFormatsGF","twitter_misc":{"Written by":"Grands Formats","Est. reading time":"1 minute"},"schema":{"@context":"https:\/\/schema.org","@graph":[{"@type":"Article","@id":"https:\/\/www.grandsformats.com\/2020\/01\/festival-sons-dhiver-invite-groupe-healing-orchestra-residence-de-creation-concert\/#article","isPartOf":{"@id":"https:\/\/www.grandsformats.com\/2020\/01\/festival-sons-dhiver-invite-groupe-healing-orchestra-residence-de-creation-concert\/"},"author":{"name":"Grands Formats","@id":"https:\/\/www.grandsformats.com\/#\/schema\/person\/6ecde7e38a2254b5bc9d620679208ee1"},"headline":"Le festival Sons d&#8217;Hiver invite Healing Orchestra pour une r\u00e9sidence et un concert","datePublished":"2020-01-06T16:56:16+00:00","dateModified":"2020-06-09T14:46:50+00:00","mainEntityOfPage":{"@id":"https:\/\/www.grandsformats.com\/2020\/01\/festival-sons-dhiver-invite-groupe-healing-orchestra-residence-de-creation-concert\/"},"wordCount":176,"commentCount":0,"publisher":{"@id":"https:\/\/www.grandsformats.com\/#organization"},"image":{"@id":"https:\/\/www.grandsformats.com\/2020\/01\/festival-sons-dhiver-invite-groupe-healing-orchestra-residence-de-creation-concert\/#primaryimage"},"thumbnailUrl":"https:\/\/www.grandsformats.com\/wp-content\/uploads\/2020\/03\/The-Healing-Orchestra-1920x1080-2.jpg","articleSection":["Actus des membres","Healing Orchestra"],"inLanguage":"en-US","potentialAction":[{"@type":"CommentAction","name":"Comment","target":["https:\/\/www.grandsformats.com\/2020\/01\/festival-sons-dhiver-invite-groupe-healing-orchestra-residence-de-creation-concert\/#respond"]}]},{"@type":"WebPage","@id":"https:\/\/www.grandsformats.com\/2020\/01\/festival-sons-dhiver-invite-groupe-healing-orchestra-residence-de-creation-concert\/","url":"https:\/\/www.grandsformats.com\/2020\/01\/festival-sons-dhiver-invite-groupe-healing-orchestra-residence-de-creation-concert\/","name":"Le festival Sons d'Hiver invite Healing Orchestra pour une r\u00e9sidence et un concert - Site officiel de la f\u00e9d\u00e9ration Grands Formats","isPartOf":{"@id":"https:\/\/www.grandsformats.com\/#website"},"primaryImageOfPage":{"@id":"https:\/\/www.grandsformats.com\/2020\/01\/festival-sons-dhiver-invite-groupe-healing-orchestra-residence-de-creation-concert\/#primaryimage"},"image":{"@id":"https:\/\/www.grandsformats.com\/2020\/01\/festival-sons-dhiver-invite-groupe-healing-orchestra-residence-de-creation-concert\/#primaryimage"},"thumbnailUrl":"https:\/\/www.grandsformats.com\/wp-content\/uploads\/2020\/03\/The-Healing-Orchestra-1920x1080-2.jpg","datePublished":"2020-01-06T16:56:16+00:00","dateModified":"2020-06-09T14:46:50+00:00","breadcrumb":{"@id":"https:\/\/www.grandsformats.com\/2020\/01\/festival-sons-dhiver-invite-groupe-healing-orchestra-residence-de-creation-concert\/#breadcrumb"},"inLanguage":"en-US","potentialAction":[{"@type":"ReadAction","target":["https:\/\/www.grandsformats.com\/2020\/01\/festival-sons-dhiver-invite-groupe-healing-orchestra-residence-de-creation-concert\/"]}]},{"@type":"ImageObject","inLanguage":"en-US","@id":"https:\/\/www.grandsformats.com\/2020\/01\/festival-sons-dhiver-invite-groupe-healing-orchestra-residence-de-creation-concert\/#primaryimage","url":"https:\/\/www.grandsformats.com\/wp-content\/uploads\/2020\/03\/The-Healing-Orchestra-1920x1080-2.jpg","contentUrl":"https:\/\/www.grandsformats.com\/wp-content\/uploads\/2020\/03\/The-Healing-Orchestra-1920x1080-2.jpg","width":1920,"height":1080,"caption":"\u00a9 DR"},{"@type":"BreadcrumbList","@id":"https:\/\/www.grandsformats.com\/2020\/01\/festival-sons-dhiver-invite-groupe-healing-orchestra-residence-de-creation-concert\/#breadcrumb","itemListElement":[{"@type":"ListItem","position":1,"name":"Accueil","item":"https:\/\/www.grandsformats.com\/en\/"},{"@type":"ListItem","position":2,"name":"Le festival Sons d&rsquo;Hiver invite Healing Orchestra pour une r\u00e9sidence et un concert"}]},{"@type":"WebSite","@id":"https:\/\/www.grandsformats.com\/#website","url":"https:\/\/www.grandsformats.com\/","name":"Site officiel de la f\u00e9d\u00e9ration Grands Formats","description":"F\u00e9d\u00e9ration d&#039;artistes pour la musique en grand !","publisher":{"@id":"https:\/\/www.grandsformats.com\/#organization"},"potentialAction":[{"@type":"SearchAction","target":{"@type":"EntryPoint","urlTemplate":"https:\/\/www.grandsformats.com\/?s={search_term_string}"},"query-input":{"@type":"PropertyValueSpecification","valueRequired":true,"valueName":"search_term_string"}}],"inLanguage":"en-US"},{"@type":"Organization","@id":"https:\/\/www.grandsformats.com\/#organization","name":"Grands Formats","url":"https:\/\/www.grandsformats.com\/","logo":{"@type":"ImageObject","inLanguage":"en-US","@id":"https:\/\/www.grandsformats.com\/#\/schema\/logo\/image\/","url":"https:\/\/www.grandsformats.com\/wp-content\/uploads\/2020\/03\/logo-GF-200.png","contentUrl":"https:\/\/www.grandsformats.com\/wp-content\/uploads\/2020\/03\/logo-GF-200.png","width":155,"height":200,"caption":"Grands Formats"},"image":{"@id":"https:\/\/www.grandsformats.com\/#\/schema\/logo\/image\/"},"sameAs":["https:\/\/www.facebook.com\/grandsformats\/","https:\/\/x.com\/GrandsFormatsGF","https:\/\/www.instagram.com\/grandsformats\/","https:\/\/www.youtube.com\/channel\/UCJ7k9dbqc_DG-nxI3WMPvhw?view_as=subscriberhttps:\/\/www.youtube.com\/channel\/UCJ7k9dbqc_DG-nxI3WMPvhw?view_as=subscriber"]},{"@type":"Person","@id":"https:\/\/www.grandsformats.com\/#\/schema\/person\/6ecde7e38a2254b5bc9d620679208ee1","name":"Grands Formats","image":{"@type":"ImageObject","inLanguage":"en-US","@id":"https:\/\/www.grandsformats.com\/#\/schema\/person\/image\/","url":"https:\/\/secure.gravatar.com\/avatar\/5d06febf5ba4681bd17a251487132861b5339c2d72f789e59decf1c1b05d0078?s=96&d=mm&r=g","contentUrl":"https:\/\/secure.gravatar.com\/avatar\/5d06febf5ba4681bd17a251487132861b5339c2d72f789e59decf1c1b05d0078?s=96&d=mm&r=g","caption":"Grands Formats"},"url":"https:\/\/www.grandsformats.com\/en\/author\/margaux\/"}]}},"_links":{"self":[{"href":"https:\/\/www.grandsformats.com\/en\/wp-json\/wp\/v2\/posts\/7699","targetHints":{"allow":["GET"]}}],"collection":[{"href":"https:\/\/www.grandsformats.com\/en\/wp-json\/wp\/v2\/posts"}],"about":[{"href":"https:\/\/www.grandsformats.com\/en\/wp-json\/wp\/v2\/types\/post"}],"author":[{"embeddable":true,"href":"https:\/\/www.grandsformats.com\/en\/wp-json\/wp\/v2\/users\/2"}],"replies":[{"embeddable":true,"href":"https:\/\/www.grandsformats.com\/en\/wp-json\/wp\/v2\/comments?post=7699"}],"version-history":[{"count":0,"href":"https:\/\/www.grandsformats.com\/en\/wp-json\/wp\/v2\/posts\/7699\/revisions"}],"wp:featuredmedia":[{"embeddable":true,"href":"https:\/\/www.grandsformats.com\/en\/wp-json\/wp\/v2\/media\/13353"}],"wp:attachment":[{"href":"https:\/\/www.grandsformats.com\/en\/wp-json\/wp\/v2\/media?parent=7699"}],"wp:term":[{"taxonomy":"category","embeddable":true,"href":"https:\/\/www.grandsformats.com\/en\/wp-json\/wp\/v2\/categories?post=7699"},{"taxonomy":"post_tag","embeddable":true,"href":"https:\/\/www.grandsformats.com\/en\/wp-json\/wp\/v2\/tags?post=7699"}],"curies":[{"name":"wp","href":"https:\/\/api.w.org\/{rel}","templated":true}]}}