{"id":7636,"date":"2019-12-06T14:29:34","date_gmt":"2019-12-06T13:29:34","guid":{"rendered":"http:\/\/www.grandsformats.com\/?p=7636"},"modified":"2020-05-07T18:05:37","modified_gmt":"2020-05-07T16:05:37","slug":"enregistrement-second-repertoire-dorganik-orkeztra","status":"publish","type":"post","link":"https:\/\/www.grandsformats.com\/en\/2019\/12\/enregistrement-second-repertoire-dorganik-orkeztra\/","title":{"rendered":"Enregistrement du second r\u00e9pertoire d&#8217;Organik Orkeztra"},"content":{"rendered":"<h2>Du 6 au 11 janvier prochain, Organik Orkeztra enregistrera <em>Ritual<\/em>, \u00e0 l&#8217;abbaye de Noirlac.<\/h2>\n<p>Le grand ensemble veut ici cre\u0301er une trace me\u0301lodique, une empreinte rythmique, un univers timbral, a\u0300 travers lesquels il vivra des contrastes vertigineux dans l\u2019utilisation de\u0301termine\u0301e de la force instrumentale de cet orchestre, et toucher les corps par l\u2019appel a\u0300 la danse.<br \/>\nCet enregistrement sera l&#8217;occasion de partager le r\u00e9pertoire avec les \u00e9l\u00e8ves du Conservatoire de Bourges en vue d&#8217;un concert partag\u00e9 le 13 juin 2020.<\/p>\n","protected":false},"excerpt":{"rendered":"<p>Du 6 au 11 janvier prochain, Organik Orkeztra enregistrera Ritual, \u00e0 l&#8217;abbaye de Noirlac. Le grand ensemble veut ici cre\u0301er une trace me\u0301lodique, une empreinte rythmique, un univers timbral, a\u0300 travers lesquels il vivra des contrastes vertigineux dans l\u2019utilisation de\u0301termine\u0301e de la force instrumentale de cet orchestre, et toucher les corps par l\u2019appel a\u0300 la&#8230;<\/p>\n<p><a rel=\"bookmark\" class=\"theme-button-text wvc-button wvc-button-size-xs\" href=\"https:\/\/www.grandsformats.com\/en\/2019\/12\/enregistrement-second-repertoire-dorganik-orkeztra\/\"><small class=\"wvc-button-background-fill\"><\/small><span>Continue reading<\/span><\/a><\/p>\n","protected":false},"author":2,"featured_media":0,"comment_status":"open","ping_status":"open","sticky":false,"template":"","format":"standard","meta":{"_acf_changed":false,"footnotes":""},"categories":[95,602],"tags":[],"class_list":["post-7636","post","type-post","status-publish","format-standard","hentry","category-membres","category-organik-orkeztra","entry-post-skin-light","entry","clearfix","entry-grid","entry-columns-default","entry-post-module-layout-sidebar-right","no-post-thumbnail","entry-post","entry-masonry","entry-post-masonry"],"acf":[],"yoast_head":"<!-- This site is optimized with the Yoast SEO plugin v25.8 - https:\/\/yoast.com\/wordpress\/plugins\/seo\/ -->\n<title>Enregistrement du second r\u00e9pertoire d&#039;Organik Orkeztra - Site officiel de la f\u00e9d\u00e9ration Grands Formats<\/title>\n<meta name=\"robots\" content=\"index, follow, max-snippet:-1, max-image-preview:large, max-video-preview:-1\" \/>\n<link rel=\"canonical\" href=\"https:\/\/www.grandsformats.com\/2019\/12\/enregistrement-second-repertoire-dorganik-orkeztra\/\" \/>\n<meta property=\"og:locale\" content=\"en_US\" \/>\n<meta property=\"og:type\" content=\"article\" \/>\n<meta property=\"og:title\" content=\"Enregistrement du second r\u00e9pertoire d&#039;Organik Orkeztra - Site officiel de la f\u00e9d\u00e9ration Grands Formats\" \/>\n<meta property=\"og:description\" content=\"Du 6 au 11 janvier prochain, Organik Orkeztra enregistrera Ritual, \u00e0 l&#8217;abbaye de Noirlac. Le grand ensemble veut ici cre\u0301er une trace me\u0301lodique, une empreinte rythmique, un univers timbral, a\u0300 travers lesquels il vivra des contrastes vertigineux dans l\u2019utilisation de\u0301termine\u0301e de la force instrumentale de cet orchestre, et toucher les corps par l\u2019appel a\u0300 la...Continue reading\" \/>\n<meta property=\"og:url\" content=\"https:\/\/www.grandsformats.com\/2019\/12\/enregistrement-second-repertoire-dorganik-orkeztra\/\" \/>\n<meta property=\"og:site_name\" content=\"Site officiel de la f\u00e9d\u00e9ration Grands Formats\" \/>\n<meta property=\"article:publisher\" content=\"https:\/\/www.facebook.com\/grandsformats\/\" \/>\n<meta property=\"article:published_time\" content=\"2019-12-06T13:29:34+00:00\" \/>\n<meta property=\"article:modified_time\" content=\"2020-05-07T16:05:37+00:00\" \/>\n<meta name=\"author\" content=\"Grands Formats\" \/>\n<meta name=\"twitter:card\" content=\"summary_large_image\" \/>\n<meta name=\"twitter:creator\" content=\"@GrandsFormatsGF\" \/>\n<meta name=\"twitter:site\" content=\"@GrandsFormatsGF\" \/>\n<meta name=\"twitter:label1\" content=\"Written by\" \/>\n\t<meta name=\"twitter:data1\" content=\"Grands Formats\" \/>\n<script type=\"application\/ld+json\" class=\"yoast-schema-graph\">{\"@context\":\"https:\/\/schema.org\",\"@graph\":[{\"@type\":\"Article\",\"@id\":\"https:\/\/www.grandsformats.com\/2019\/12\/enregistrement-second-repertoire-dorganik-orkeztra\/#article\",\"isPartOf\":{\"@id\":\"https:\/\/www.grandsformats.com\/2019\/12\/enregistrement-second-repertoire-dorganik-orkeztra\/\"},\"author\":{\"name\":\"Grands Formats\",\"@id\":\"https:\/\/www.grandsformats.com\/#\/schema\/person\/6ecde7e38a2254b5bc9d620679208ee1\"},\"headline\":\"Enregistrement du second r\u00e9pertoire d&#8217;Organik Orkeztra\",\"datePublished\":\"2019-12-06T13:29:34+00:00\",\"dateModified\":\"2020-05-07T16:05:37+00:00\",\"mainEntityOfPage\":{\"@id\":\"https:\/\/www.grandsformats.com\/2019\/12\/enregistrement-second-repertoire-dorganik-orkeztra\/\"},\"wordCount\":94,\"commentCount\":0,\"publisher\":{\"@id\":\"https:\/\/www.grandsformats.com\/#organization\"},\"articleSection\":[\"Actus des membres\",\"Organik Orkeztra\"],\"inLanguage\":\"en-US\",\"potentialAction\":[{\"@type\":\"CommentAction\",\"name\":\"Comment\",\"target\":[\"https:\/\/www.grandsformats.com\/2019\/12\/enregistrement-second-repertoire-dorganik-orkeztra\/#respond\"]}]},{\"@type\":\"WebPage\",\"@id\":\"https:\/\/www.grandsformats.com\/2019\/12\/enregistrement-second-repertoire-dorganik-orkeztra\/\",\"url\":\"https:\/\/www.grandsformats.com\/2019\/12\/enregistrement-second-repertoire-dorganik-orkeztra\/\",\"name\":\"Enregistrement du second r\u00e9pertoire d'Organik Orkeztra - Site officiel de la f\u00e9d\u00e9ration Grands Formats\",\"isPartOf\":{\"@id\":\"https:\/\/www.grandsformats.com\/#website\"},\"datePublished\":\"2019-12-06T13:29:34+00:00\",\"dateModified\":\"2020-05-07T16:05:37+00:00\",\"breadcrumb\":{\"@id\":\"https:\/\/www.grandsformats.com\/2019\/12\/enregistrement-second-repertoire-dorganik-orkeztra\/#breadcrumb\"},\"inLanguage\":\"en-US\",\"potentialAction\":[{\"@type\":\"ReadAction\",\"target\":[\"https:\/\/www.grandsformats.com\/2019\/12\/enregistrement-second-repertoire-dorganik-orkeztra\/\"]}]},{\"@type\":\"BreadcrumbList\",\"@id\":\"https:\/\/www.grandsformats.com\/2019\/12\/enregistrement-second-repertoire-dorganik-orkeztra\/#breadcrumb\",\"itemListElement\":[{\"@type\":\"ListItem\",\"position\":1,\"name\":\"Accueil\",\"item\":\"https:\/\/www.grandsformats.com\/en\/\"},{\"@type\":\"ListItem\",\"position\":2,\"name\":\"Enregistrement du second r\u00e9pertoire d&rsquo;Organik Orkeztra\"}]},{\"@type\":\"WebSite\",\"@id\":\"https:\/\/www.grandsformats.com\/#website\",\"url\":\"https:\/\/www.grandsformats.com\/\",\"name\":\"Site officiel de la f\u00e9d\u00e9ration Grands Formats\",\"description\":\"F\u00e9d\u00e9ration d&#039;artistes pour la musique en grand !\",\"publisher\":{\"@id\":\"https:\/\/www.grandsformats.com\/#organization\"},\"potentialAction\":[{\"@type\":\"SearchAction\",\"target\":{\"@type\":\"EntryPoint\",\"urlTemplate\":\"https:\/\/www.grandsformats.com\/?s={search_term_string}\"},\"query-input\":{\"@type\":\"PropertyValueSpecification\",\"valueRequired\":true,\"valueName\":\"search_term_string\"}}],\"inLanguage\":\"en-US\"},{\"@type\":\"Organization\",\"@id\":\"https:\/\/www.grandsformats.com\/#organization\",\"name\":\"Grands Formats\",\"url\":\"https:\/\/www.grandsformats.com\/\",\"logo\":{\"@type\":\"ImageObject\",\"inLanguage\":\"en-US\",\"@id\":\"https:\/\/www.grandsformats.com\/#\/schema\/logo\/image\/\",\"url\":\"https:\/\/www.grandsformats.com\/wp-content\/uploads\/2020\/03\/logo-GF-200.png\",\"contentUrl\":\"https:\/\/www.grandsformats.com\/wp-content\/uploads\/2020\/03\/logo-GF-200.png\",\"width\":155,\"height\":200,\"caption\":\"Grands Formats\"},\"image\":{\"@id\":\"https:\/\/www.grandsformats.com\/#\/schema\/logo\/image\/\"},\"sameAs\":[\"https:\/\/www.facebook.com\/grandsformats\/\",\"https:\/\/x.com\/GrandsFormatsGF\",\"https:\/\/www.instagram.com\/grandsformats\/\",\"https:\/\/www.youtube.com\/channel\/UCJ7k9dbqc_DG-nxI3WMPvhw?view_as=subscriberhttps:\/\/www.youtube.com\/channel\/UCJ7k9dbqc_DG-nxI3WMPvhw?view_as=subscriber\"]},{\"@type\":\"Person\",\"@id\":\"https:\/\/www.grandsformats.com\/#\/schema\/person\/6ecde7e38a2254b5bc9d620679208ee1\",\"name\":\"Grands Formats\",\"image\":{\"@type\":\"ImageObject\",\"inLanguage\":\"en-US\",\"@id\":\"https:\/\/www.grandsformats.com\/#\/schema\/person\/image\/\",\"url\":\"https:\/\/secure.gravatar.com\/avatar\/5d06febf5ba4681bd17a251487132861b5339c2d72f789e59decf1c1b05d0078?s=96&d=mm&r=g\",\"contentUrl\":\"https:\/\/secure.gravatar.com\/avatar\/5d06febf5ba4681bd17a251487132861b5339c2d72f789e59decf1c1b05d0078?s=96&d=mm&r=g\",\"caption\":\"Grands Formats\"},\"url\":\"https:\/\/www.grandsformats.com\/en\/author\/margaux\/\"}]}<\/script>\n<!-- \/ Yoast SEO plugin. -->","yoast_head_json":{"title":"Enregistrement du second r\u00e9pertoire d'Organik Orkeztra - Site officiel de la f\u00e9d\u00e9ration Grands Formats","robots":{"index":"index","follow":"follow","max-snippet":"max-snippet:-1","max-image-preview":"max-image-preview:large","max-video-preview":"max-video-preview:-1"},"canonical":"https:\/\/www.grandsformats.com\/2019\/12\/enregistrement-second-repertoire-dorganik-orkeztra\/","og_locale":"en_US","og_type":"article","og_title":"Enregistrement du second r\u00e9pertoire d'Organik Orkeztra - Site officiel de la f\u00e9d\u00e9ration Grands Formats","og_description":"Du 6 au 11 janvier prochain, Organik Orkeztra enregistrera Ritual, \u00e0 l&#8217;abbaye de Noirlac. Le grand ensemble veut ici cre\u0301er une trace me\u0301lodique, une empreinte rythmique, un univers timbral, a\u0300 travers lesquels il vivra des contrastes vertigineux dans l\u2019utilisation de\u0301termine\u0301e de la force instrumentale de cet orchestre, et toucher les corps par l\u2019appel a\u0300 la...Continue reading","og_url":"https:\/\/www.grandsformats.com\/2019\/12\/enregistrement-second-repertoire-dorganik-orkeztra\/","og_site_name":"Site officiel de la f\u00e9d\u00e9ration Grands Formats","article_publisher":"https:\/\/www.facebook.com\/grandsformats\/","article_published_time":"2019-12-06T13:29:34+00:00","article_modified_time":"2020-05-07T16:05:37+00:00","author":"Grands Formats","twitter_card":"summary_large_image","twitter_creator":"@GrandsFormatsGF","twitter_site":"@GrandsFormatsGF","twitter_misc":{"Written by":"Grands Formats"},"schema":{"@context":"https:\/\/schema.org","@graph":[{"@type":"Article","@id":"https:\/\/www.grandsformats.com\/2019\/12\/enregistrement-second-repertoire-dorganik-orkeztra\/#article","isPartOf":{"@id":"https:\/\/www.grandsformats.com\/2019\/12\/enregistrement-second-repertoire-dorganik-orkeztra\/"},"author":{"name":"Grands Formats","@id":"https:\/\/www.grandsformats.com\/#\/schema\/person\/6ecde7e38a2254b5bc9d620679208ee1"},"headline":"Enregistrement du second r\u00e9pertoire d&#8217;Organik Orkeztra","datePublished":"2019-12-06T13:29:34+00:00","dateModified":"2020-05-07T16:05:37+00:00","mainEntityOfPage":{"@id":"https:\/\/www.grandsformats.com\/2019\/12\/enregistrement-second-repertoire-dorganik-orkeztra\/"},"wordCount":94,"commentCount":0,"publisher":{"@id":"https:\/\/www.grandsformats.com\/#organization"},"articleSection":["Actus des membres","Organik Orkeztra"],"inLanguage":"en-US","potentialAction":[{"@type":"CommentAction","name":"Comment","target":["https:\/\/www.grandsformats.com\/2019\/12\/enregistrement-second-repertoire-dorganik-orkeztra\/#respond"]}]},{"@type":"WebPage","@id":"https:\/\/www.grandsformats.com\/2019\/12\/enregistrement-second-repertoire-dorganik-orkeztra\/","url":"https:\/\/www.grandsformats.com\/2019\/12\/enregistrement-second-repertoire-dorganik-orkeztra\/","name":"Enregistrement du second r\u00e9pertoire d'Organik Orkeztra - Site officiel de la f\u00e9d\u00e9ration Grands Formats","isPartOf":{"@id":"https:\/\/www.grandsformats.com\/#website"},"datePublished":"2019-12-06T13:29:34+00:00","dateModified":"2020-05-07T16:05:37+00:00","breadcrumb":{"@id":"https:\/\/www.grandsformats.com\/2019\/12\/enregistrement-second-repertoire-dorganik-orkeztra\/#breadcrumb"},"inLanguage":"en-US","potentialAction":[{"@type":"ReadAction","target":["https:\/\/www.grandsformats.com\/2019\/12\/enregistrement-second-repertoire-dorganik-orkeztra\/"]}]},{"@type":"BreadcrumbList","@id":"https:\/\/www.grandsformats.com\/2019\/12\/enregistrement-second-repertoire-dorganik-orkeztra\/#breadcrumb","itemListElement":[{"@type":"ListItem","position":1,"name":"Accueil","item":"https:\/\/www.grandsformats.com\/en\/"},{"@type":"ListItem","position":2,"name":"Enregistrement du second r\u00e9pertoire d&rsquo;Organik Orkeztra"}]},{"@type":"WebSite","@id":"https:\/\/www.grandsformats.com\/#website","url":"https:\/\/www.grandsformats.com\/","name":"Site officiel de la f\u00e9d\u00e9ration Grands Formats","description":"F\u00e9d\u00e9ration d&#039;artistes pour la musique en grand !","publisher":{"@id":"https:\/\/www.grandsformats.com\/#organization"},"potentialAction":[{"@type":"SearchAction","target":{"@type":"EntryPoint","urlTemplate":"https:\/\/www.grandsformats.com\/?s={search_term_string}"},"query-input":{"@type":"PropertyValueSpecification","valueRequired":true,"valueName":"search_term_string"}}],"inLanguage":"en-US"},{"@type":"Organization","@id":"https:\/\/www.grandsformats.com\/#organization","name":"Grands Formats","url":"https:\/\/www.grandsformats.com\/","logo":{"@type":"ImageObject","inLanguage":"en-US","@id":"https:\/\/www.grandsformats.com\/#\/schema\/logo\/image\/","url":"https:\/\/www.grandsformats.com\/wp-content\/uploads\/2020\/03\/logo-GF-200.png","contentUrl":"https:\/\/www.grandsformats.com\/wp-content\/uploads\/2020\/03\/logo-GF-200.png","width":155,"height":200,"caption":"Grands Formats"},"image":{"@id":"https:\/\/www.grandsformats.com\/#\/schema\/logo\/image\/"},"sameAs":["https:\/\/www.facebook.com\/grandsformats\/","https:\/\/x.com\/GrandsFormatsGF","https:\/\/www.instagram.com\/grandsformats\/","https:\/\/www.youtube.com\/channel\/UCJ7k9dbqc_DG-nxI3WMPvhw?view_as=subscriberhttps:\/\/www.youtube.com\/channel\/UCJ7k9dbqc_DG-nxI3WMPvhw?view_as=subscriber"]},{"@type":"Person","@id":"https:\/\/www.grandsformats.com\/#\/schema\/person\/6ecde7e38a2254b5bc9d620679208ee1","name":"Grands Formats","image":{"@type":"ImageObject","inLanguage":"en-US","@id":"https:\/\/www.grandsformats.com\/#\/schema\/person\/image\/","url":"https:\/\/secure.gravatar.com\/avatar\/5d06febf5ba4681bd17a251487132861b5339c2d72f789e59decf1c1b05d0078?s=96&d=mm&r=g","contentUrl":"https:\/\/secure.gravatar.com\/avatar\/5d06febf5ba4681bd17a251487132861b5339c2d72f789e59decf1c1b05d0078?s=96&d=mm&r=g","caption":"Grands Formats"},"url":"https:\/\/www.grandsformats.com\/en\/author\/margaux\/"}]}},"_links":{"self":[{"href":"https:\/\/www.grandsformats.com\/en\/wp-json\/wp\/v2\/posts\/7636","targetHints":{"allow":["GET"]}}],"collection":[{"href":"https:\/\/www.grandsformats.com\/en\/wp-json\/wp\/v2\/posts"}],"about":[{"href":"https:\/\/www.grandsformats.com\/en\/wp-json\/wp\/v2\/types\/post"}],"author":[{"embeddable":true,"href":"https:\/\/www.grandsformats.com\/en\/wp-json\/wp\/v2\/users\/2"}],"replies":[{"embeddable":true,"href":"https:\/\/www.grandsformats.com\/en\/wp-json\/wp\/v2\/comments?post=7636"}],"version-history":[{"count":0,"href":"https:\/\/www.grandsformats.com\/en\/wp-json\/wp\/v2\/posts\/7636\/revisions"}],"wp:attachment":[{"href":"https:\/\/www.grandsformats.com\/en\/wp-json\/wp\/v2\/media?parent=7636"}],"wp:term":[{"taxonomy":"category","embeddable":true,"href":"https:\/\/www.grandsformats.com\/en\/wp-json\/wp\/v2\/categories?post=7636"},{"taxonomy":"post_tag","embeddable":true,"href":"https:\/\/www.grandsformats.com\/en\/wp-json\/wp\/v2\/tags?post=7636"}],"curies":[{"name":"wp","href":"https:\/\/api.w.org\/{rel}","templated":true}]}}