{"id":7573,"date":"2019-11-07T11:54:29","date_gmt":"2019-11-07T10:54:29","guid":{"rendered":"http:\/\/www.grandsformats.com\/?p=7573"},"modified":"2021-05-19T10:47:52","modified_gmt":"2021-05-19T08:47:52","slug":"muzzix-associes-1-temps-fort-musiques-improvisees-experimentales-hauts-de-france","status":"publish","type":"post","link":"https:\/\/www.grandsformats.com\/en\/2019\/11\/muzzix-associes-1-temps-fort-musiques-improvisees-experimentales-hauts-de-france\/","title":{"rendered":"Temps fort des musiques improvis\u00e9es et exp\u00e9rimentales en Hauts-de-France"},"content":{"rendered":"<p>Plusieurs fois par an, les temps forts Muzzix &amp; Associ\u00e9s permettent de se rencontrer autour des musiques improvis\u00e9es et exp\u00e9rimentales, encore trop peu repr\u00e9sent\u00e9es sur la sc\u00e8ne r\u00e9gionale des Hauts-de-France. Ils sont l\u2019occasion pour le public de venir (re)prendre contact avec ces d\u00e9marches musicales, en d\u00e9couvrant des artistes d\u2019envergure internationale dans l\u2018espace intimiste de la malterie. Organis\u00e9 par <a href=\"http:\/\/www.grandsformats.com\/Membres\/muzzix\/\">Muzzix<\/a>, l&#8217;\u00e9v\u00e9nement aura lieu du 18 au 25 novembre \u00e0 Lille.<\/p>\n<h2>Muzzix &amp; Associ\u00e9s #1 : premier \u00e9pisode de la saison<\/h2>\n<p>Pour ce premier \u00e9pisode des Muzzix &amp; Associ\u00e9s de la saison, l\u2019Europe est \u00e0 l\u2019honneur avec des invit\u00e9s tels que le collectif n\u00e9erlandais Doek (Amsterdam), les collectifs allemands Impakt (Cologne) et Kim (Berlin), IMP (Katowice) ou encore des partenaires tels que le festival tch\u00e8que Alternativa (Prague)&#8230;* Entre jazz, improvisation libre, musique contemporaine \u00e0 l\u2019\u00e9nergie rock et bien d\u2018autres, les m\u00e9tissages esth\u00e9tiques seront nombreux, originaux et guid\u00e9s par une seule et m\u00eame d\u00e9marche\u00a0: l\u2019exp\u00e9rimentation.<br \/>\nAu programme\u00a0: la venue en ouverture de RGG, \u00e9lu meilleur groupe de jazz en Pologne cette ann\u00e9e, du c\u00e9l\u00e8bre groupe Dans les arbres en pr\u00e9-cl\u00f4ture, une soir\u00e9e noise\/drone d\u00e9brid\u00e9e aux accents rock avec Butcher\u2019s Cleaver et les fran\u00e7ais de Hippie Diktat, la sortie de r\u00e9sidence berlinoise de Liz Kosack et Ivann Cruz, et bien d\u2019autres d\u00e9lices\u00a0!<br \/>\nProgramme complet disponible sur leur <a href=\"https:\/\/muzzix.info\/\">site internet<\/a>.<br \/>\n<iframe loading=\"lazy\" src=\"https:\/\/www.youtube.com\/embed\/MWZp5zS8KDI\" width=\"auto\" height=\"auto\" frameborder=\"0\" allowfullscreen=\"allowfullscreen\"><\/iframe><\/p>\n","protected":false},"excerpt":{"rendered":"<p>Plusieurs fois par an, les temps forts Muzzix &amp; Associ\u00e9s permettent de se rencontrer autour des musiques improvis\u00e9es et exp\u00e9rimentales, encore trop peu repr\u00e9sent\u00e9es sur la sc\u00e8ne r\u00e9gionale des Hauts-de-France. Ils sont l\u2019occasion pour le public de venir (re)prendre contact avec ces d\u00e9marches musicales, en d\u00e9couvrant des artistes d\u2019envergure internationale dans l\u2018espace intimiste de la&#8230;<\/p>\n<p><a rel=\"bookmark\" class=\"theme-button-text wvc-button wvc-button-size-xs\" href=\"https:\/\/www.grandsformats.com\/en\/2019\/11\/muzzix-associes-1-temps-fort-musiques-improvisees-experimentales-hauts-de-france\/\"><small class=\"wvc-button-background-fill\"><\/small><span>Continue reading<\/span><\/a><\/p>\n","protected":false},"author":2,"featured_media":13298,"comment_status":"open","ping_status":"open","sticky":false,"template":"","format":"standard","meta":{"_acf_changed":false,"footnotes":""},"categories":[95,599],"tags":[],"class_list":["post-7573","post","type-post","status-publish","format-standard","has-post-thumbnail","hentry","category-membres","category-muzzix","entry-post-skin-light","entry","clearfix","entry-grid","entry-columns-default","entry-post-module-layout-sidebar-right","thumbnail-color-tone-dark","metro-landscape","entry-post","entry-masonry","entry-post-masonry"],"acf":[],"yoast_head":"<!-- This site is optimized with the Yoast SEO plugin v25.8 - https:\/\/yoast.com\/wordpress\/plugins\/seo\/ -->\n<title>Temps fort des musiques improvis\u00e9es et exp\u00e9rimentales en Hauts-de-France - Site officiel de la f\u00e9d\u00e9ration Grands Formats<\/title>\n<meta name=\"robots\" content=\"index, follow, max-snippet:-1, max-image-preview:large, max-video-preview:-1\" \/>\n<link rel=\"canonical\" href=\"https:\/\/www.grandsformats.com\/2019\/11\/muzzix-associes-1-temps-fort-musiques-improvisees-experimentales-hauts-de-france\/\" \/>\n<meta property=\"og:locale\" content=\"en_US\" \/>\n<meta property=\"og:type\" content=\"article\" \/>\n<meta property=\"og:title\" content=\"Temps fort des musiques improvis\u00e9es et exp\u00e9rimentales en Hauts-de-France - Site officiel de la f\u00e9d\u00e9ration Grands Formats\" \/>\n<meta property=\"og:description\" content=\"Plusieurs fois par an, les temps forts Muzzix &amp; Associ\u00e9s permettent de se rencontrer autour des musiques improvis\u00e9es et exp\u00e9rimentales, encore trop peu repr\u00e9sent\u00e9es sur la sc\u00e8ne r\u00e9gionale des Hauts-de-France. Ils sont l\u2019occasion pour le public de venir (re)prendre contact avec ces d\u00e9marches musicales, en d\u00e9couvrant des artistes d\u2019envergure internationale dans l\u2018espace intimiste de la...Continue reading\" \/>\n<meta property=\"og:url\" content=\"https:\/\/www.grandsformats.com\/2019\/11\/muzzix-associes-1-temps-fort-musiques-improvisees-experimentales-hauts-de-france\/\" \/>\n<meta property=\"og:site_name\" content=\"Site officiel de la f\u00e9d\u00e9ration Grands Formats\" \/>\n<meta property=\"article:publisher\" content=\"https:\/\/www.facebook.com\/grandsformats\/\" \/>\n<meta property=\"article:published_time\" content=\"2019-11-07T10:54:29+00:00\" \/>\n<meta property=\"article:modified_time\" content=\"2021-05-19T08:47:52+00:00\" \/>\n<meta property=\"og:image\" content=\"https:\/\/www.grandsformats.com\/wp-content\/uploads\/2020\/03\/Muzzix-\u00a9-Christian-Mathieu-1920x1080-2.jpg\" \/>\n\t<meta property=\"og:image:width\" content=\"1920\" \/>\n\t<meta property=\"og:image:height\" content=\"1079\" \/>\n\t<meta property=\"og:image:type\" content=\"image\/jpeg\" \/>\n<meta name=\"author\" content=\"Grands Formats\" \/>\n<meta name=\"twitter:card\" content=\"summary_large_image\" \/>\n<meta name=\"twitter:creator\" content=\"@GrandsFormatsGF\" \/>\n<meta name=\"twitter:site\" content=\"@GrandsFormatsGF\" \/>\n<meta name=\"twitter:label1\" content=\"Written by\" \/>\n\t<meta name=\"twitter:data1\" content=\"Grands Formats\" \/>\n\t<meta name=\"twitter:label2\" content=\"Est. reading time\" \/>\n\t<meta name=\"twitter:data2\" content=\"1 minute\" \/>\n<script type=\"application\/ld+json\" class=\"yoast-schema-graph\">{\"@context\":\"https:\/\/schema.org\",\"@graph\":[{\"@type\":\"Article\",\"@id\":\"https:\/\/www.grandsformats.com\/2019\/11\/muzzix-associes-1-temps-fort-musiques-improvisees-experimentales-hauts-de-france\/#article\",\"isPartOf\":{\"@id\":\"https:\/\/www.grandsformats.com\/2019\/11\/muzzix-associes-1-temps-fort-musiques-improvisees-experimentales-hauts-de-france\/\"},\"author\":{\"name\":\"Grands Formats\",\"@id\":\"https:\/\/www.grandsformats.com\/#\/schema\/person\/6ecde7e38a2254b5bc9d620679208ee1\"},\"headline\":\"Temps fort des musiques improvis\u00e9es et exp\u00e9rimentales en Hauts-de-France\",\"datePublished\":\"2019-11-07T10:54:29+00:00\",\"dateModified\":\"2021-05-19T08:47:52+00:00\",\"mainEntityOfPage\":{\"@id\":\"https:\/\/www.grandsformats.com\/2019\/11\/muzzix-associes-1-temps-fort-musiques-improvisees-experimentales-hauts-de-france\/\"},\"wordCount\":264,\"commentCount\":0,\"publisher\":{\"@id\":\"https:\/\/www.grandsformats.com\/#organization\"},\"image\":{\"@id\":\"https:\/\/www.grandsformats.com\/2019\/11\/muzzix-associes-1-temps-fort-musiques-improvisees-experimentales-hauts-de-france\/#primaryimage\"},\"thumbnailUrl\":\"https:\/\/www.grandsformats.com\/wp-content\/uploads\/2020\/03\/Muzzix-\u00a9-Christian-Mathieu-1920x1080-2.jpg\",\"articleSection\":[\"Actus des membres\",\"Muzzix\"],\"inLanguage\":\"en-US\",\"potentialAction\":[{\"@type\":\"CommentAction\",\"name\":\"Comment\",\"target\":[\"https:\/\/www.grandsformats.com\/2019\/11\/muzzix-associes-1-temps-fort-musiques-improvisees-experimentales-hauts-de-france\/#respond\"]}]},{\"@type\":\"WebPage\",\"@id\":\"https:\/\/www.grandsformats.com\/2019\/11\/muzzix-associes-1-temps-fort-musiques-improvisees-experimentales-hauts-de-france\/\",\"url\":\"https:\/\/www.grandsformats.com\/2019\/11\/muzzix-associes-1-temps-fort-musiques-improvisees-experimentales-hauts-de-france\/\",\"name\":\"Temps fort des musiques improvis\u00e9es et exp\u00e9rimentales en Hauts-de-France - Site officiel de la f\u00e9d\u00e9ration Grands Formats\",\"isPartOf\":{\"@id\":\"https:\/\/www.grandsformats.com\/#website\"},\"primaryImageOfPage\":{\"@id\":\"https:\/\/www.grandsformats.com\/2019\/11\/muzzix-associes-1-temps-fort-musiques-improvisees-experimentales-hauts-de-france\/#primaryimage\"},\"image\":{\"@id\":\"https:\/\/www.grandsformats.com\/2019\/11\/muzzix-associes-1-temps-fort-musiques-improvisees-experimentales-hauts-de-france\/#primaryimage\"},\"thumbnailUrl\":\"https:\/\/www.grandsformats.com\/wp-content\/uploads\/2020\/03\/Muzzix-\u00a9-Christian-Mathieu-1920x1080-2.jpg\",\"datePublished\":\"2019-11-07T10:54:29+00:00\",\"dateModified\":\"2021-05-19T08:47:52+00:00\",\"breadcrumb\":{\"@id\":\"https:\/\/www.grandsformats.com\/2019\/11\/muzzix-associes-1-temps-fort-musiques-improvisees-experimentales-hauts-de-france\/#breadcrumb\"},\"inLanguage\":\"en-US\",\"potentialAction\":[{\"@type\":\"ReadAction\",\"target\":[\"https:\/\/www.grandsformats.com\/2019\/11\/muzzix-associes-1-temps-fort-musiques-improvisees-experimentales-hauts-de-france\/\"]}]},{\"@type\":\"ImageObject\",\"inLanguage\":\"en-US\",\"@id\":\"https:\/\/www.grandsformats.com\/2019\/11\/muzzix-associes-1-temps-fort-musiques-improvisees-experimentales-hauts-de-france\/#primaryimage\",\"url\":\"https:\/\/www.grandsformats.com\/wp-content\/uploads\/2020\/03\/Muzzix-\u00a9-Christian-Mathieu-1920x1080-2.jpg\",\"contentUrl\":\"https:\/\/www.grandsformats.com\/wp-content\/uploads\/2020\/03\/Muzzix-\u00a9-Christian-Mathieu-1920x1080-2.jpg\",\"width\":1920,\"height\":1079,\"caption\":\"Collectif Muzzix et Ensemble D\u00e9dalus Round the world of sound spectacle\"},{\"@type\":\"BreadcrumbList\",\"@id\":\"https:\/\/www.grandsformats.com\/2019\/11\/muzzix-associes-1-temps-fort-musiques-improvisees-experimentales-hauts-de-france\/#breadcrumb\",\"itemListElement\":[{\"@type\":\"ListItem\",\"position\":1,\"name\":\"Accueil\",\"item\":\"https:\/\/www.grandsformats.com\/en\/\"},{\"@type\":\"ListItem\",\"position\":2,\"name\":\"Temps fort des musiques improvis\u00e9es et exp\u00e9rimentales en Hauts-de-France\"}]},{\"@type\":\"WebSite\",\"@id\":\"https:\/\/www.grandsformats.com\/#website\",\"url\":\"https:\/\/www.grandsformats.com\/\",\"name\":\"Site officiel de la f\u00e9d\u00e9ration Grands Formats\",\"description\":\"F\u00e9d\u00e9ration d&#039;artistes pour la musique en grand !\",\"publisher\":{\"@id\":\"https:\/\/www.grandsformats.com\/#organization\"},\"potentialAction\":[{\"@type\":\"SearchAction\",\"target\":{\"@type\":\"EntryPoint\",\"urlTemplate\":\"https:\/\/www.grandsformats.com\/?s={search_term_string}\"},\"query-input\":{\"@type\":\"PropertyValueSpecification\",\"valueRequired\":true,\"valueName\":\"search_term_string\"}}],\"inLanguage\":\"en-US\"},{\"@type\":\"Organization\",\"@id\":\"https:\/\/www.grandsformats.com\/#organization\",\"name\":\"Grands Formats\",\"url\":\"https:\/\/www.grandsformats.com\/\",\"logo\":{\"@type\":\"ImageObject\",\"inLanguage\":\"en-US\",\"@id\":\"https:\/\/www.grandsformats.com\/#\/schema\/logo\/image\/\",\"url\":\"https:\/\/www.grandsformats.com\/wp-content\/uploads\/2020\/03\/logo-GF-200.png\",\"contentUrl\":\"https:\/\/www.grandsformats.com\/wp-content\/uploads\/2020\/03\/logo-GF-200.png\",\"width\":155,\"height\":200,\"caption\":\"Grands Formats\"},\"image\":{\"@id\":\"https:\/\/www.grandsformats.com\/#\/schema\/logo\/image\/\"},\"sameAs\":[\"https:\/\/www.facebook.com\/grandsformats\/\",\"https:\/\/x.com\/GrandsFormatsGF\",\"https:\/\/www.instagram.com\/grandsformats\/\",\"https:\/\/www.youtube.com\/channel\/UCJ7k9dbqc_DG-nxI3WMPvhw?view_as=subscriberhttps:\/\/www.youtube.com\/channel\/UCJ7k9dbqc_DG-nxI3WMPvhw?view_as=subscriber\"]},{\"@type\":\"Person\",\"@id\":\"https:\/\/www.grandsformats.com\/#\/schema\/person\/6ecde7e38a2254b5bc9d620679208ee1\",\"name\":\"Grands Formats\",\"image\":{\"@type\":\"ImageObject\",\"inLanguage\":\"en-US\",\"@id\":\"https:\/\/www.grandsformats.com\/#\/schema\/person\/image\/\",\"url\":\"https:\/\/secure.gravatar.com\/avatar\/5d06febf5ba4681bd17a251487132861b5339c2d72f789e59decf1c1b05d0078?s=96&d=mm&r=g\",\"contentUrl\":\"https:\/\/secure.gravatar.com\/avatar\/5d06febf5ba4681bd17a251487132861b5339c2d72f789e59decf1c1b05d0078?s=96&d=mm&r=g\",\"caption\":\"Grands Formats\"},\"url\":\"https:\/\/www.grandsformats.com\/en\/author\/margaux\/\"}]}<\/script>\n<!-- \/ Yoast SEO plugin. -->","yoast_head_json":{"title":"Temps fort des musiques improvis\u00e9es et exp\u00e9rimentales en Hauts-de-France - Site officiel de la f\u00e9d\u00e9ration Grands Formats","robots":{"index":"index","follow":"follow","max-snippet":"max-snippet:-1","max-image-preview":"max-image-preview:large","max-video-preview":"max-video-preview:-1"},"canonical":"https:\/\/www.grandsformats.com\/2019\/11\/muzzix-associes-1-temps-fort-musiques-improvisees-experimentales-hauts-de-france\/","og_locale":"en_US","og_type":"article","og_title":"Temps fort des musiques improvis\u00e9es et exp\u00e9rimentales en Hauts-de-France - Site officiel de la f\u00e9d\u00e9ration Grands Formats","og_description":"Plusieurs fois par an, les temps forts Muzzix &amp; Associ\u00e9s permettent de se rencontrer autour des musiques improvis\u00e9es et exp\u00e9rimentales, encore trop peu repr\u00e9sent\u00e9es sur la sc\u00e8ne r\u00e9gionale des Hauts-de-France. Ils sont l\u2019occasion pour le public de venir (re)prendre contact avec ces d\u00e9marches musicales, en d\u00e9couvrant des artistes d\u2019envergure internationale dans l\u2018espace intimiste de la...Continue reading","og_url":"https:\/\/www.grandsformats.com\/2019\/11\/muzzix-associes-1-temps-fort-musiques-improvisees-experimentales-hauts-de-france\/","og_site_name":"Site officiel de la f\u00e9d\u00e9ration Grands Formats","article_publisher":"https:\/\/www.facebook.com\/grandsformats\/","article_published_time":"2019-11-07T10:54:29+00:00","article_modified_time":"2021-05-19T08:47:52+00:00","og_image":[{"width":1920,"height":1079,"url":"https:\/\/www.grandsformats.com\/wp-content\/uploads\/2020\/03\/Muzzix-\u00a9-Christian-Mathieu-1920x1080-2.jpg","type":"image\/jpeg"}],"author":"Grands Formats","twitter_card":"summary_large_image","twitter_creator":"@GrandsFormatsGF","twitter_site":"@GrandsFormatsGF","twitter_misc":{"Written by":"Grands Formats","Est. reading time":"1 minute"},"schema":{"@context":"https:\/\/schema.org","@graph":[{"@type":"Article","@id":"https:\/\/www.grandsformats.com\/2019\/11\/muzzix-associes-1-temps-fort-musiques-improvisees-experimentales-hauts-de-france\/#article","isPartOf":{"@id":"https:\/\/www.grandsformats.com\/2019\/11\/muzzix-associes-1-temps-fort-musiques-improvisees-experimentales-hauts-de-france\/"},"author":{"name":"Grands Formats","@id":"https:\/\/www.grandsformats.com\/#\/schema\/person\/6ecde7e38a2254b5bc9d620679208ee1"},"headline":"Temps fort des musiques improvis\u00e9es et exp\u00e9rimentales en Hauts-de-France","datePublished":"2019-11-07T10:54:29+00:00","dateModified":"2021-05-19T08:47:52+00:00","mainEntityOfPage":{"@id":"https:\/\/www.grandsformats.com\/2019\/11\/muzzix-associes-1-temps-fort-musiques-improvisees-experimentales-hauts-de-france\/"},"wordCount":264,"commentCount":0,"publisher":{"@id":"https:\/\/www.grandsformats.com\/#organization"},"image":{"@id":"https:\/\/www.grandsformats.com\/2019\/11\/muzzix-associes-1-temps-fort-musiques-improvisees-experimentales-hauts-de-france\/#primaryimage"},"thumbnailUrl":"https:\/\/www.grandsformats.com\/wp-content\/uploads\/2020\/03\/Muzzix-\u00a9-Christian-Mathieu-1920x1080-2.jpg","articleSection":["Actus des membres","Muzzix"],"inLanguage":"en-US","potentialAction":[{"@type":"CommentAction","name":"Comment","target":["https:\/\/www.grandsformats.com\/2019\/11\/muzzix-associes-1-temps-fort-musiques-improvisees-experimentales-hauts-de-france\/#respond"]}]},{"@type":"WebPage","@id":"https:\/\/www.grandsformats.com\/2019\/11\/muzzix-associes-1-temps-fort-musiques-improvisees-experimentales-hauts-de-france\/","url":"https:\/\/www.grandsformats.com\/2019\/11\/muzzix-associes-1-temps-fort-musiques-improvisees-experimentales-hauts-de-france\/","name":"Temps fort des musiques improvis\u00e9es et exp\u00e9rimentales en Hauts-de-France - Site officiel de la f\u00e9d\u00e9ration Grands Formats","isPartOf":{"@id":"https:\/\/www.grandsformats.com\/#website"},"primaryImageOfPage":{"@id":"https:\/\/www.grandsformats.com\/2019\/11\/muzzix-associes-1-temps-fort-musiques-improvisees-experimentales-hauts-de-france\/#primaryimage"},"image":{"@id":"https:\/\/www.grandsformats.com\/2019\/11\/muzzix-associes-1-temps-fort-musiques-improvisees-experimentales-hauts-de-france\/#primaryimage"},"thumbnailUrl":"https:\/\/www.grandsformats.com\/wp-content\/uploads\/2020\/03\/Muzzix-\u00a9-Christian-Mathieu-1920x1080-2.jpg","datePublished":"2019-11-07T10:54:29+00:00","dateModified":"2021-05-19T08:47:52+00:00","breadcrumb":{"@id":"https:\/\/www.grandsformats.com\/2019\/11\/muzzix-associes-1-temps-fort-musiques-improvisees-experimentales-hauts-de-france\/#breadcrumb"},"inLanguage":"en-US","potentialAction":[{"@type":"ReadAction","target":["https:\/\/www.grandsformats.com\/2019\/11\/muzzix-associes-1-temps-fort-musiques-improvisees-experimentales-hauts-de-france\/"]}]},{"@type":"ImageObject","inLanguage":"en-US","@id":"https:\/\/www.grandsformats.com\/2019\/11\/muzzix-associes-1-temps-fort-musiques-improvisees-experimentales-hauts-de-france\/#primaryimage","url":"https:\/\/www.grandsformats.com\/wp-content\/uploads\/2020\/03\/Muzzix-\u00a9-Christian-Mathieu-1920x1080-2.jpg","contentUrl":"https:\/\/www.grandsformats.com\/wp-content\/uploads\/2020\/03\/Muzzix-\u00a9-Christian-Mathieu-1920x1080-2.jpg","width":1920,"height":1079,"caption":"Collectif Muzzix et Ensemble D\u00e9dalus Round the world of sound spectacle"},{"@type":"BreadcrumbList","@id":"https:\/\/www.grandsformats.com\/2019\/11\/muzzix-associes-1-temps-fort-musiques-improvisees-experimentales-hauts-de-france\/#breadcrumb","itemListElement":[{"@type":"ListItem","position":1,"name":"Accueil","item":"https:\/\/www.grandsformats.com\/en\/"},{"@type":"ListItem","position":2,"name":"Temps fort des musiques improvis\u00e9es et exp\u00e9rimentales en Hauts-de-France"}]},{"@type":"WebSite","@id":"https:\/\/www.grandsformats.com\/#website","url":"https:\/\/www.grandsformats.com\/","name":"Site officiel de la f\u00e9d\u00e9ration Grands Formats","description":"F\u00e9d\u00e9ration d&#039;artistes pour la musique en grand !","publisher":{"@id":"https:\/\/www.grandsformats.com\/#organization"},"potentialAction":[{"@type":"SearchAction","target":{"@type":"EntryPoint","urlTemplate":"https:\/\/www.grandsformats.com\/?s={search_term_string}"},"query-input":{"@type":"PropertyValueSpecification","valueRequired":true,"valueName":"search_term_string"}}],"inLanguage":"en-US"},{"@type":"Organization","@id":"https:\/\/www.grandsformats.com\/#organization","name":"Grands Formats","url":"https:\/\/www.grandsformats.com\/","logo":{"@type":"ImageObject","inLanguage":"en-US","@id":"https:\/\/www.grandsformats.com\/#\/schema\/logo\/image\/","url":"https:\/\/www.grandsformats.com\/wp-content\/uploads\/2020\/03\/logo-GF-200.png","contentUrl":"https:\/\/www.grandsformats.com\/wp-content\/uploads\/2020\/03\/logo-GF-200.png","width":155,"height":200,"caption":"Grands Formats"},"image":{"@id":"https:\/\/www.grandsformats.com\/#\/schema\/logo\/image\/"},"sameAs":["https:\/\/www.facebook.com\/grandsformats\/","https:\/\/x.com\/GrandsFormatsGF","https:\/\/www.instagram.com\/grandsformats\/","https:\/\/www.youtube.com\/channel\/UCJ7k9dbqc_DG-nxI3WMPvhw?view_as=subscriberhttps:\/\/www.youtube.com\/channel\/UCJ7k9dbqc_DG-nxI3WMPvhw?view_as=subscriber"]},{"@type":"Person","@id":"https:\/\/www.grandsformats.com\/#\/schema\/person\/6ecde7e38a2254b5bc9d620679208ee1","name":"Grands Formats","image":{"@type":"ImageObject","inLanguage":"en-US","@id":"https:\/\/www.grandsformats.com\/#\/schema\/person\/image\/","url":"https:\/\/secure.gravatar.com\/avatar\/5d06febf5ba4681bd17a251487132861b5339c2d72f789e59decf1c1b05d0078?s=96&d=mm&r=g","contentUrl":"https:\/\/secure.gravatar.com\/avatar\/5d06febf5ba4681bd17a251487132861b5339c2d72f789e59decf1c1b05d0078?s=96&d=mm&r=g","caption":"Grands Formats"},"url":"https:\/\/www.grandsformats.com\/en\/author\/margaux\/"}]}},"_links":{"self":[{"href":"https:\/\/www.grandsformats.com\/en\/wp-json\/wp\/v2\/posts\/7573","targetHints":{"allow":["GET"]}}],"collection":[{"href":"https:\/\/www.grandsformats.com\/en\/wp-json\/wp\/v2\/posts"}],"about":[{"href":"https:\/\/www.grandsformats.com\/en\/wp-json\/wp\/v2\/types\/post"}],"author":[{"embeddable":true,"href":"https:\/\/www.grandsformats.com\/en\/wp-json\/wp\/v2\/users\/2"}],"replies":[{"embeddable":true,"href":"https:\/\/www.grandsformats.com\/en\/wp-json\/wp\/v2\/comments?post=7573"}],"version-history":[{"count":0,"href":"https:\/\/www.grandsformats.com\/en\/wp-json\/wp\/v2\/posts\/7573\/revisions"}],"wp:featuredmedia":[{"embeddable":true,"href":"https:\/\/www.grandsformats.com\/en\/wp-json\/wp\/v2\/media\/13298"}],"wp:attachment":[{"href":"https:\/\/www.grandsformats.com\/en\/wp-json\/wp\/v2\/media?parent=7573"}],"wp:term":[{"taxonomy":"category","embeddable":true,"href":"https:\/\/www.grandsformats.com\/en\/wp-json\/wp\/v2\/categories?post=7573"},{"taxonomy":"post_tag","embeddable":true,"href":"https:\/\/www.grandsformats.com\/en\/wp-json\/wp\/v2\/tags?post=7573"}],"curies":[{"name":"wp","href":"https:\/\/api.w.org\/{rel}","templated":true}]}}