{"id":7570,"date":"2019-11-07T11:47:35","date_gmt":"2019-11-07T10:47:35","guid":{"rendered":"http:\/\/www.grandsformats.com\/?p=7570"},"modified":"2020-07-13T15:55:01","modified_gmt":"2020-07-13T13:55:01","slug":"surnatural-orchestra-cinema-22-novembre-voyage-tutti","status":"publish","type":"post","link":"https:\/\/www.grandsformats.com\/en\/2019\/11\/surnatural-orchestra-cinema-22-novembre-voyage-tutti\/","title":{"rendered":"Surnatural Orchestra au cin\u00e9ma le 22 novembre"},"content":{"rendered":"<h2>&#8220;Voyage en tutti&#8221; de Josselin Carr\u00e9 au cin\u00e9ma le 22 novembre<\/h2>\n<p>Le 22 novembre aura lieu au cin\u00e9ma Le M\u00e9li\u00e8s de Montreuil la projection du film &#8220;Voyage en tutti&#8221;, long m\u00e9trage documentaire r\u00e9alis\u00e9 par Josselin Carr\u00e9. Le r\u00e9alisateur a suivi <a href=\"http:\/\/www.grandsformats.com\/Membres\/surnaturalorchestra\/\">Surnatural Orchestra<\/a> pendant plusieurs ann\u00e9es et tente \u00e0 travers ce film d&#8217;aller au plus proche de la vie du collectif d&#8217;artistes.<br \/>\n<a href=\"https:\/\/www.facebook.com\/events\/518187412059484\/\">Ev\u00e9nement<\/a><\/p>\n<h2>Et en concert le 23 novembre \u00e0 Bagnolet<\/h2>\n<p>Et pour faire durer le plaisir, retrouvez le grand ensemble en concert le 23 novembre au th\u00e9\u00e2tre l&#8217;Echangeur (Bagnolet) : invit\u00e9s surprises pour un work in progress autour du cirque en vue de sa prochaine cr\u00e9ation&#8230;<br \/>\n<a href=\"https:\/\/www.facebook.com\/events\/708394152946880\/\">Ev\u00e9n\u00e9ment<\/a><br \/>\nPhoto\u00a0<span class=\"s1\">\u00a9\u00a0<\/span>Hanno Baumfelder<\/p>\n","protected":false},"excerpt":{"rendered":"<p>&#8220;Voyage en tutti&#8221; de Josselin Carr\u00e9 au cin\u00e9ma le 22 novembre Le 22 novembre aura lieu au cin\u00e9ma Le M\u00e9li\u00e8s de Montreuil la projection du film &#8220;Voyage en tutti&#8221;, long m\u00e9trage documentaire r\u00e9alis\u00e9 par Josselin Carr\u00e9. Le r\u00e9alisateur a suivi Surnatural Orchestra pendant plusieurs ann\u00e9es et tente \u00e0 travers ce film d&#8217;aller au plus proche&#8230;<\/p>\n<p><a rel=\"bookmark\" class=\"theme-button-text wvc-button wvc-button-size-xs\" href=\"https:\/\/www.grandsformats.com\/en\/2019\/11\/surnatural-orchestra-cinema-22-novembre-voyage-tutti\/\"><small class=\"wvc-button-background-fill\"><\/small><span>Continue reading<\/span><\/a><\/p>\n","protected":false},"author":2,"featured_media":13068,"comment_status":"open","ping_status":"open","sticky":false,"template":"","format":"standard","meta":{"_acf_changed":false,"footnotes":""},"categories":[95,657],"tags":[],"class_list":["post-7570","post","type-post","status-publish","format-standard","has-post-thumbnail","hentry","category-membres","category-surnatural-orchestra","entry-post-skin-light","entry","clearfix","entry-grid","entry-columns-default","entry-post-module-layout-sidebar-right","thumbnail-color-tone-dark","metro-landscape","entry-post","entry-masonry","entry-post-masonry"],"acf":[],"yoast_head":"<!-- This site is optimized with the Yoast SEO plugin v25.8 - https:\/\/yoast.com\/wordpress\/plugins\/seo\/ -->\n<title>Surnatural Orchestra au cin\u00e9ma le 22 novembre - Site officiel de la f\u00e9d\u00e9ration Grands Formats<\/title>\n<meta name=\"robots\" content=\"index, follow, max-snippet:-1, max-image-preview:large, max-video-preview:-1\" \/>\n<link rel=\"canonical\" href=\"https:\/\/www.grandsformats.com\/2019\/11\/surnatural-orchestra-cinema-22-novembre-voyage-tutti\/\" \/>\n<meta property=\"og:locale\" content=\"en_US\" \/>\n<meta property=\"og:type\" content=\"article\" \/>\n<meta property=\"og:title\" content=\"Surnatural Orchestra au cin\u00e9ma le 22 novembre - Site officiel de la f\u00e9d\u00e9ration Grands Formats\" \/>\n<meta property=\"og:description\" content=\"&#8220;Voyage en tutti&#8221; de Josselin Carr\u00e9 au cin\u00e9ma le 22 novembre Le 22 novembre aura lieu au cin\u00e9ma Le M\u00e9li\u00e8s de Montreuil la projection du film &#8220;Voyage en tutti&#8221;, long m\u00e9trage documentaire r\u00e9alis\u00e9 par Josselin Carr\u00e9. Le r\u00e9alisateur a suivi Surnatural Orchestra pendant plusieurs ann\u00e9es et tente \u00e0 travers ce film d&#8217;aller au plus proche...Continue reading\" \/>\n<meta property=\"og:url\" content=\"https:\/\/www.grandsformats.com\/2019\/11\/surnatural-orchestra-cinema-22-novembre-voyage-tutti\/\" \/>\n<meta property=\"og:site_name\" content=\"Site officiel de la f\u00e9d\u00e9ration Grands Formats\" \/>\n<meta property=\"article:publisher\" content=\"https:\/\/www.facebook.com\/grandsformats\/\" \/>\n<meta property=\"article:published_time\" content=\"2019-11-07T10:47:35+00:00\" \/>\n<meta property=\"article:modified_time\" content=\"2020-07-13T13:55:01+00:00\" \/>\n<meta property=\"og:image\" content=\"https:\/\/www.grandsformats.com\/wp-content\/uploads\/2020\/05\/Surnatural-\u00a9-Ludovic-LAUDE-1920x1080-1.jpg\" \/>\n\t<meta property=\"og:image:width\" content=\"1920\" \/>\n\t<meta property=\"og:image:height\" content=\"1080\" \/>\n\t<meta property=\"og:image:type\" content=\"image\/jpeg\" \/>\n<meta name=\"author\" content=\"Grands Formats\" \/>\n<meta name=\"twitter:card\" content=\"summary_large_image\" \/>\n<meta name=\"twitter:creator\" content=\"@GrandsFormatsGF\" \/>\n<meta name=\"twitter:site\" content=\"@GrandsFormatsGF\" \/>\n<meta name=\"twitter:label1\" content=\"Written by\" \/>\n\t<meta name=\"twitter:data1\" content=\"Grands Formats\" \/>\n\t<meta name=\"twitter:label2\" content=\"Est. reading time\" \/>\n\t<meta name=\"twitter:data2\" content=\"1 minute\" \/>\n<script type=\"application\/ld+json\" class=\"yoast-schema-graph\">{\"@context\":\"https:\/\/schema.org\",\"@graph\":[{\"@type\":\"Article\",\"@id\":\"https:\/\/www.grandsformats.com\/2019\/11\/surnatural-orchestra-cinema-22-novembre-voyage-tutti\/#article\",\"isPartOf\":{\"@id\":\"https:\/\/www.grandsformats.com\/2019\/11\/surnatural-orchestra-cinema-22-novembre-voyage-tutti\/\"},\"author\":{\"name\":\"Grands Formats\",\"@id\":\"https:\/\/www.grandsformats.com\/#\/schema\/person\/6ecde7e38a2254b5bc9d620679208ee1\"},\"headline\":\"Surnatural Orchestra au cin\u00e9ma le 22 novembre\",\"datePublished\":\"2019-11-07T10:47:35+00:00\",\"dateModified\":\"2020-07-13T13:55:01+00:00\",\"mainEntityOfPage\":{\"@id\":\"https:\/\/www.grandsformats.com\/2019\/11\/surnatural-orchestra-cinema-22-novembre-voyage-tutti\/\"},\"wordCount\":127,\"commentCount\":0,\"publisher\":{\"@id\":\"https:\/\/www.grandsformats.com\/#organization\"},\"image\":{\"@id\":\"https:\/\/www.grandsformats.com\/2019\/11\/surnatural-orchestra-cinema-22-novembre-voyage-tutti\/#primaryimage\"},\"thumbnailUrl\":\"https:\/\/www.grandsformats.com\/wp-content\/uploads\/2020\/05\/Surnatural-\u00a9-Ludovic-LAUDE-1920x1080-1.jpg\",\"articleSection\":[\"Actus des membres\",\"Surnatural Orchestra\"],\"inLanguage\":\"en-US\",\"potentialAction\":[{\"@type\":\"CommentAction\",\"name\":\"Comment\",\"target\":[\"https:\/\/www.grandsformats.com\/2019\/11\/surnatural-orchestra-cinema-22-novembre-voyage-tutti\/#respond\"]}]},{\"@type\":\"WebPage\",\"@id\":\"https:\/\/www.grandsformats.com\/2019\/11\/surnatural-orchestra-cinema-22-novembre-voyage-tutti\/\",\"url\":\"https:\/\/www.grandsformats.com\/2019\/11\/surnatural-orchestra-cinema-22-novembre-voyage-tutti\/\",\"name\":\"Surnatural Orchestra au cin\u00e9ma le 22 novembre - Site officiel de la f\u00e9d\u00e9ration Grands Formats\",\"isPartOf\":{\"@id\":\"https:\/\/www.grandsformats.com\/#website\"},\"primaryImageOfPage\":{\"@id\":\"https:\/\/www.grandsformats.com\/2019\/11\/surnatural-orchestra-cinema-22-novembre-voyage-tutti\/#primaryimage\"},\"image\":{\"@id\":\"https:\/\/www.grandsformats.com\/2019\/11\/surnatural-orchestra-cinema-22-novembre-voyage-tutti\/#primaryimage\"},\"thumbnailUrl\":\"https:\/\/www.grandsformats.com\/wp-content\/uploads\/2020\/05\/Surnatural-\u00a9-Ludovic-LAUDE-1920x1080-1.jpg\",\"datePublished\":\"2019-11-07T10:47:35+00:00\",\"dateModified\":\"2020-07-13T13:55:01+00:00\",\"breadcrumb\":{\"@id\":\"https:\/\/www.grandsformats.com\/2019\/11\/surnatural-orchestra-cinema-22-novembre-voyage-tutti\/#breadcrumb\"},\"inLanguage\":\"en-US\",\"potentialAction\":[{\"@type\":\"ReadAction\",\"target\":[\"https:\/\/www.grandsformats.com\/2019\/11\/surnatural-orchestra-cinema-22-novembre-voyage-tutti\/\"]}]},{\"@type\":\"ImageObject\",\"inLanguage\":\"en-US\",\"@id\":\"https:\/\/www.grandsformats.com\/2019\/11\/surnatural-orchestra-cinema-22-novembre-voyage-tutti\/#primaryimage\",\"url\":\"https:\/\/www.grandsformats.com\/wp-content\/uploads\/2020\/05\/Surnatural-\u00a9-Ludovic-LAUDE-1920x1080-1.jpg\",\"contentUrl\":\"https:\/\/www.grandsformats.com\/wp-content\/uploads\/2020\/05\/Surnatural-\u00a9-Ludovic-LAUDE-1920x1080-1.jpg\",\"width\":1920,\"height\":1080,\"caption\":\"Besan\u00e7on le 01\/06\/2016 Surnatural Orchestra\"},{\"@type\":\"BreadcrumbList\",\"@id\":\"https:\/\/www.grandsformats.com\/2019\/11\/surnatural-orchestra-cinema-22-novembre-voyage-tutti\/#breadcrumb\",\"itemListElement\":[{\"@type\":\"ListItem\",\"position\":1,\"name\":\"Accueil\",\"item\":\"https:\/\/www.grandsformats.com\/en\/\"},{\"@type\":\"ListItem\",\"position\":2,\"name\":\"Surnatural Orchestra au cin\u00e9ma le 22 novembre\"}]},{\"@type\":\"WebSite\",\"@id\":\"https:\/\/www.grandsformats.com\/#website\",\"url\":\"https:\/\/www.grandsformats.com\/\",\"name\":\"Site officiel de la f\u00e9d\u00e9ration Grands Formats\",\"description\":\"F\u00e9d\u00e9ration d&#039;artistes pour la musique en grand !\",\"publisher\":{\"@id\":\"https:\/\/www.grandsformats.com\/#organization\"},\"potentialAction\":[{\"@type\":\"SearchAction\",\"target\":{\"@type\":\"EntryPoint\",\"urlTemplate\":\"https:\/\/www.grandsformats.com\/?s={search_term_string}\"},\"query-input\":{\"@type\":\"PropertyValueSpecification\",\"valueRequired\":true,\"valueName\":\"search_term_string\"}}],\"inLanguage\":\"en-US\"},{\"@type\":\"Organization\",\"@id\":\"https:\/\/www.grandsformats.com\/#organization\",\"name\":\"Grands Formats\",\"url\":\"https:\/\/www.grandsformats.com\/\",\"logo\":{\"@type\":\"ImageObject\",\"inLanguage\":\"en-US\",\"@id\":\"https:\/\/www.grandsformats.com\/#\/schema\/logo\/image\/\",\"url\":\"https:\/\/www.grandsformats.com\/wp-content\/uploads\/2020\/03\/logo-GF-200.png\",\"contentUrl\":\"https:\/\/www.grandsformats.com\/wp-content\/uploads\/2020\/03\/logo-GF-200.png\",\"width\":155,\"height\":200,\"caption\":\"Grands Formats\"},\"image\":{\"@id\":\"https:\/\/www.grandsformats.com\/#\/schema\/logo\/image\/\"},\"sameAs\":[\"https:\/\/www.facebook.com\/grandsformats\/\",\"https:\/\/x.com\/GrandsFormatsGF\",\"https:\/\/www.instagram.com\/grandsformats\/\",\"https:\/\/www.youtube.com\/channel\/UCJ7k9dbqc_DG-nxI3WMPvhw?view_as=subscriberhttps:\/\/www.youtube.com\/channel\/UCJ7k9dbqc_DG-nxI3WMPvhw?view_as=subscriber\"]},{\"@type\":\"Person\",\"@id\":\"https:\/\/www.grandsformats.com\/#\/schema\/person\/6ecde7e38a2254b5bc9d620679208ee1\",\"name\":\"Grands Formats\",\"image\":{\"@type\":\"ImageObject\",\"inLanguage\":\"en-US\",\"@id\":\"https:\/\/www.grandsformats.com\/#\/schema\/person\/image\/\",\"url\":\"https:\/\/secure.gravatar.com\/avatar\/5d06febf5ba4681bd17a251487132861b5339c2d72f789e59decf1c1b05d0078?s=96&d=mm&r=g\",\"contentUrl\":\"https:\/\/secure.gravatar.com\/avatar\/5d06febf5ba4681bd17a251487132861b5339c2d72f789e59decf1c1b05d0078?s=96&d=mm&r=g\",\"caption\":\"Grands Formats\"},\"url\":\"https:\/\/www.grandsformats.com\/en\/author\/margaux\/\"}]}<\/script>\n<!-- \/ Yoast SEO plugin. -->","yoast_head_json":{"title":"Surnatural Orchestra au cin\u00e9ma le 22 novembre - Site officiel de la f\u00e9d\u00e9ration Grands Formats","robots":{"index":"index","follow":"follow","max-snippet":"max-snippet:-1","max-image-preview":"max-image-preview:large","max-video-preview":"max-video-preview:-1"},"canonical":"https:\/\/www.grandsformats.com\/2019\/11\/surnatural-orchestra-cinema-22-novembre-voyage-tutti\/","og_locale":"en_US","og_type":"article","og_title":"Surnatural Orchestra au cin\u00e9ma le 22 novembre - Site officiel de la f\u00e9d\u00e9ration Grands Formats","og_description":"&#8220;Voyage en tutti&#8221; de Josselin Carr\u00e9 au cin\u00e9ma le 22 novembre Le 22 novembre aura lieu au cin\u00e9ma Le M\u00e9li\u00e8s de Montreuil la projection du film &#8220;Voyage en tutti&#8221;, long m\u00e9trage documentaire r\u00e9alis\u00e9 par Josselin Carr\u00e9. Le r\u00e9alisateur a suivi Surnatural Orchestra pendant plusieurs ann\u00e9es et tente \u00e0 travers ce film d&#8217;aller au plus proche...Continue reading","og_url":"https:\/\/www.grandsformats.com\/2019\/11\/surnatural-orchestra-cinema-22-novembre-voyage-tutti\/","og_site_name":"Site officiel de la f\u00e9d\u00e9ration Grands Formats","article_publisher":"https:\/\/www.facebook.com\/grandsformats\/","article_published_time":"2019-11-07T10:47:35+00:00","article_modified_time":"2020-07-13T13:55:01+00:00","og_image":[{"width":1920,"height":1080,"url":"https:\/\/www.grandsformats.com\/wp-content\/uploads\/2020\/05\/Surnatural-\u00a9-Ludovic-LAUDE-1920x1080-1.jpg","type":"image\/jpeg"}],"author":"Grands Formats","twitter_card":"summary_large_image","twitter_creator":"@GrandsFormatsGF","twitter_site":"@GrandsFormatsGF","twitter_misc":{"Written by":"Grands Formats","Est. reading time":"1 minute"},"schema":{"@context":"https:\/\/schema.org","@graph":[{"@type":"Article","@id":"https:\/\/www.grandsformats.com\/2019\/11\/surnatural-orchestra-cinema-22-novembre-voyage-tutti\/#article","isPartOf":{"@id":"https:\/\/www.grandsformats.com\/2019\/11\/surnatural-orchestra-cinema-22-novembre-voyage-tutti\/"},"author":{"name":"Grands Formats","@id":"https:\/\/www.grandsformats.com\/#\/schema\/person\/6ecde7e38a2254b5bc9d620679208ee1"},"headline":"Surnatural Orchestra au cin\u00e9ma le 22 novembre","datePublished":"2019-11-07T10:47:35+00:00","dateModified":"2020-07-13T13:55:01+00:00","mainEntityOfPage":{"@id":"https:\/\/www.grandsformats.com\/2019\/11\/surnatural-orchestra-cinema-22-novembre-voyage-tutti\/"},"wordCount":127,"commentCount":0,"publisher":{"@id":"https:\/\/www.grandsformats.com\/#organization"},"image":{"@id":"https:\/\/www.grandsformats.com\/2019\/11\/surnatural-orchestra-cinema-22-novembre-voyage-tutti\/#primaryimage"},"thumbnailUrl":"https:\/\/www.grandsformats.com\/wp-content\/uploads\/2020\/05\/Surnatural-\u00a9-Ludovic-LAUDE-1920x1080-1.jpg","articleSection":["Actus des membres","Surnatural Orchestra"],"inLanguage":"en-US","potentialAction":[{"@type":"CommentAction","name":"Comment","target":["https:\/\/www.grandsformats.com\/2019\/11\/surnatural-orchestra-cinema-22-novembre-voyage-tutti\/#respond"]}]},{"@type":"WebPage","@id":"https:\/\/www.grandsformats.com\/2019\/11\/surnatural-orchestra-cinema-22-novembre-voyage-tutti\/","url":"https:\/\/www.grandsformats.com\/2019\/11\/surnatural-orchestra-cinema-22-novembre-voyage-tutti\/","name":"Surnatural Orchestra au cin\u00e9ma le 22 novembre - Site officiel de la f\u00e9d\u00e9ration Grands Formats","isPartOf":{"@id":"https:\/\/www.grandsformats.com\/#website"},"primaryImageOfPage":{"@id":"https:\/\/www.grandsformats.com\/2019\/11\/surnatural-orchestra-cinema-22-novembre-voyage-tutti\/#primaryimage"},"image":{"@id":"https:\/\/www.grandsformats.com\/2019\/11\/surnatural-orchestra-cinema-22-novembre-voyage-tutti\/#primaryimage"},"thumbnailUrl":"https:\/\/www.grandsformats.com\/wp-content\/uploads\/2020\/05\/Surnatural-\u00a9-Ludovic-LAUDE-1920x1080-1.jpg","datePublished":"2019-11-07T10:47:35+00:00","dateModified":"2020-07-13T13:55:01+00:00","breadcrumb":{"@id":"https:\/\/www.grandsformats.com\/2019\/11\/surnatural-orchestra-cinema-22-novembre-voyage-tutti\/#breadcrumb"},"inLanguage":"en-US","potentialAction":[{"@type":"ReadAction","target":["https:\/\/www.grandsformats.com\/2019\/11\/surnatural-orchestra-cinema-22-novembre-voyage-tutti\/"]}]},{"@type":"ImageObject","inLanguage":"en-US","@id":"https:\/\/www.grandsformats.com\/2019\/11\/surnatural-orchestra-cinema-22-novembre-voyage-tutti\/#primaryimage","url":"https:\/\/www.grandsformats.com\/wp-content\/uploads\/2020\/05\/Surnatural-\u00a9-Ludovic-LAUDE-1920x1080-1.jpg","contentUrl":"https:\/\/www.grandsformats.com\/wp-content\/uploads\/2020\/05\/Surnatural-\u00a9-Ludovic-LAUDE-1920x1080-1.jpg","width":1920,"height":1080,"caption":"Besan\u00e7on le 01\/06\/2016 Surnatural Orchestra"},{"@type":"BreadcrumbList","@id":"https:\/\/www.grandsformats.com\/2019\/11\/surnatural-orchestra-cinema-22-novembre-voyage-tutti\/#breadcrumb","itemListElement":[{"@type":"ListItem","position":1,"name":"Accueil","item":"https:\/\/www.grandsformats.com\/en\/"},{"@type":"ListItem","position":2,"name":"Surnatural Orchestra au cin\u00e9ma le 22 novembre"}]},{"@type":"WebSite","@id":"https:\/\/www.grandsformats.com\/#website","url":"https:\/\/www.grandsformats.com\/","name":"Site officiel de la f\u00e9d\u00e9ration Grands Formats","description":"F\u00e9d\u00e9ration d&#039;artistes pour la musique en grand !","publisher":{"@id":"https:\/\/www.grandsformats.com\/#organization"},"potentialAction":[{"@type":"SearchAction","target":{"@type":"EntryPoint","urlTemplate":"https:\/\/www.grandsformats.com\/?s={search_term_string}"},"query-input":{"@type":"PropertyValueSpecification","valueRequired":true,"valueName":"search_term_string"}}],"inLanguage":"en-US"},{"@type":"Organization","@id":"https:\/\/www.grandsformats.com\/#organization","name":"Grands Formats","url":"https:\/\/www.grandsformats.com\/","logo":{"@type":"ImageObject","inLanguage":"en-US","@id":"https:\/\/www.grandsformats.com\/#\/schema\/logo\/image\/","url":"https:\/\/www.grandsformats.com\/wp-content\/uploads\/2020\/03\/logo-GF-200.png","contentUrl":"https:\/\/www.grandsformats.com\/wp-content\/uploads\/2020\/03\/logo-GF-200.png","width":155,"height":200,"caption":"Grands Formats"},"image":{"@id":"https:\/\/www.grandsformats.com\/#\/schema\/logo\/image\/"},"sameAs":["https:\/\/www.facebook.com\/grandsformats\/","https:\/\/x.com\/GrandsFormatsGF","https:\/\/www.instagram.com\/grandsformats\/","https:\/\/www.youtube.com\/channel\/UCJ7k9dbqc_DG-nxI3WMPvhw?view_as=subscriberhttps:\/\/www.youtube.com\/channel\/UCJ7k9dbqc_DG-nxI3WMPvhw?view_as=subscriber"]},{"@type":"Person","@id":"https:\/\/www.grandsformats.com\/#\/schema\/person\/6ecde7e38a2254b5bc9d620679208ee1","name":"Grands Formats","image":{"@type":"ImageObject","inLanguage":"en-US","@id":"https:\/\/www.grandsformats.com\/#\/schema\/person\/image\/","url":"https:\/\/secure.gravatar.com\/avatar\/5d06febf5ba4681bd17a251487132861b5339c2d72f789e59decf1c1b05d0078?s=96&d=mm&r=g","contentUrl":"https:\/\/secure.gravatar.com\/avatar\/5d06febf5ba4681bd17a251487132861b5339c2d72f789e59decf1c1b05d0078?s=96&d=mm&r=g","caption":"Grands Formats"},"url":"https:\/\/www.grandsformats.com\/en\/author\/margaux\/"}]}},"_links":{"self":[{"href":"https:\/\/www.grandsformats.com\/en\/wp-json\/wp\/v2\/posts\/7570","targetHints":{"allow":["GET"]}}],"collection":[{"href":"https:\/\/www.grandsformats.com\/en\/wp-json\/wp\/v2\/posts"}],"about":[{"href":"https:\/\/www.grandsformats.com\/en\/wp-json\/wp\/v2\/types\/post"}],"author":[{"embeddable":true,"href":"https:\/\/www.grandsformats.com\/en\/wp-json\/wp\/v2\/users\/2"}],"replies":[{"embeddable":true,"href":"https:\/\/www.grandsformats.com\/en\/wp-json\/wp\/v2\/comments?post=7570"}],"version-history":[{"count":0,"href":"https:\/\/www.grandsformats.com\/en\/wp-json\/wp\/v2\/posts\/7570\/revisions"}],"wp:featuredmedia":[{"embeddable":true,"href":"https:\/\/www.grandsformats.com\/en\/wp-json\/wp\/v2\/media\/13068"}],"wp:attachment":[{"href":"https:\/\/www.grandsformats.com\/en\/wp-json\/wp\/v2\/media?parent=7570"}],"wp:term":[{"taxonomy":"category","embeddable":true,"href":"https:\/\/www.grandsformats.com\/en\/wp-json\/wp\/v2\/categories?post=7570"},{"taxonomy":"post_tag","embeddable":true,"href":"https:\/\/www.grandsformats.com\/en\/wp-json\/wp\/v2\/tags?post=7570"}],"curies":[{"name":"wp","href":"https:\/\/api.w.org\/{rel}","templated":true}]}}