{"id":7555,"date":"2019-11-07T11:20:23","date_gmt":"2019-11-07T10:20:23","guid":{"rendered":"http:\/\/www.grandsformats.com\/?p=7555"},"modified":"2020-05-07T17:18:28","modified_gmt":"2020-05-07T15:18:28","slug":"christophe-gauvert-rejoint-collectif-arfi","status":"publish","type":"post","link":"https:\/\/www.grandsformats.com\/en\/2019\/11\/christophe-gauvert-rejoint-collectif-arfi\/","title":{"rendered":"Christophe Gauvert rejoint le collectif ARFI"},"content":{"rendered":"<p>Apr\u00e8s une longue pratique de la musique classique, Christophe Gauvert d\u00e9couvre le jazz en travaillant la contrebasse avec Michel Perez, Hein van de Geyn, Marc Johnson, Eddy Gomez\u2026 Il a la chance de rencontrer et d\u2019accompagner sur sc\u00e8ne le saxophoniste John Tchicai qui lui donnera le go\u00fbt du free jazz et des musiques improvis\u00e9es.<br \/>\nParall\u00e8lement, il participe \u00e0 plusieurs projets en chansons, jazz et musiques klezmer et roumaines, ainsi qu\u2019\u00e0 de nombreux projets p\u00e9dagogiques.<br \/>\nIl collabore avec le groupe DOUMKA pendant 5 ans et enregistre l\u2019album\u00a0 &#8220;Afar&#8221; chez Enja records puis accompagne la harpiste et chanteuse grecque Elisa Vellia (musique traditionnelle) qui enregistre \u00a0&#8220;la femme qui marche&#8221; paru au Chant du Monde\/Harmonia Mundi.<br \/>\nIl joue actuellement dans le quartet la table de Mendele\u00efev (G. Grenard, C. Gauvert, T. Martin, F. Meyer) qui vient d\u2019enregistrer son dernier album avec Andr\u00e9a Parkins.<br \/>\nIl rencontre <a href=\"http:\/\/www.grandsformats.com\/Membres\/arfi\/\">l\u2019ARFI<\/a> pour l\u2019Op\u00e9ra-Space\u00a0 &#8220;<strong>Les Plut\u00e9riens<\/strong>&#8221;\u00a0jou\u00e9 dans le cadre des Nuits de Fourvi\u00e8re en juin 2019.<br \/>\n<a href=\"https:\/\/www.arfi.org\/\">En savoir plus sur l&#8217;ARFI<\/a><\/p>\n","protected":false},"excerpt":{"rendered":"<p>Apr\u00e8s une longue pratique de la musique classique, Christophe Gauvert d\u00e9couvre le jazz en travaillant la contrebasse avec Michel Perez, Hein van de Geyn, Marc Johnson, Eddy Gomez\u2026 Il a la chance de rencontrer et d\u2019accompagner sur sc\u00e8ne le saxophoniste John Tchicai qui lui donnera le go\u00fbt du free jazz et des musiques improvis\u00e9es. Parall\u00e8lement,&#8230;<\/p>\n<p><a rel=\"bookmark\" class=\"theme-button-text wvc-button wvc-button-size-xs\" href=\"https:\/\/www.grandsformats.com\/en\/2019\/11\/christophe-gauvert-rejoint-collectif-arfi\/\"><small class=\"wvc-button-background-fill\"><\/small><span>Continue reading<\/span><\/a><\/p>\n","protected":false},"author":2,"featured_media":0,"comment_status":"open","ping_status":"open","sticky":false,"template":"","format":"standard","meta":{"_acf_changed":false,"footnotes":""},"categories":[95,596],"tags":[],"class_list":["post-7555","post","type-post","status-publish","format-standard","hentry","category-membres","category-arfi","entry-post-skin-light","entry","clearfix","entry-grid","entry-columns-default","entry-post-module-layout-sidebar-right","no-post-thumbnail","entry-post","entry-masonry","entry-post-masonry"],"acf":[],"yoast_head":"<!-- This site is optimized with the Yoast SEO plugin v25.8 - https:\/\/yoast.com\/wordpress\/plugins\/seo\/ -->\n<title>Christophe Gauvert rejoint le collectif ARFI - Site officiel de la f\u00e9d\u00e9ration Grands Formats<\/title>\n<meta name=\"robots\" content=\"index, follow, max-snippet:-1, max-image-preview:large, max-video-preview:-1\" \/>\n<link rel=\"canonical\" href=\"https:\/\/www.grandsformats.com\/2019\/11\/christophe-gauvert-rejoint-collectif-arfi\/\" \/>\n<meta property=\"og:locale\" content=\"en_US\" \/>\n<meta property=\"og:type\" content=\"article\" \/>\n<meta property=\"og:title\" content=\"Christophe Gauvert rejoint le collectif ARFI - Site officiel de la f\u00e9d\u00e9ration Grands Formats\" \/>\n<meta property=\"og:description\" content=\"Apr\u00e8s une longue pratique de la musique classique, Christophe Gauvert d\u00e9couvre le jazz en travaillant la contrebasse avec Michel Perez, Hein van de Geyn, Marc Johnson, Eddy Gomez\u2026 Il a la chance de rencontrer et d\u2019accompagner sur sc\u00e8ne le saxophoniste John Tchicai qui lui donnera le go\u00fbt du free jazz et des musiques improvis\u00e9es. Parall\u00e8lement,...Continue reading\" \/>\n<meta property=\"og:url\" content=\"https:\/\/www.grandsformats.com\/2019\/11\/christophe-gauvert-rejoint-collectif-arfi\/\" \/>\n<meta property=\"og:site_name\" content=\"Site officiel de la f\u00e9d\u00e9ration Grands Formats\" \/>\n<meta property=\"article:publisher\" content=\"https:\/\/www.facebook.com\/grandsformats\/\" \/>\n<meta property=\"article:published_time\" content=\"2019-11-07T10:20:23+00:00\" \/>\n<meta property=\"article:modified_time\" content=\"2020-05-07T15:18:28+00:00\" \/>\n<meta name=\"author\" content=\"Grands Formats\" \/>\n<meta name=\"twitter:card\" content=\"summary_large_image\" \/>\n<meta name=\"twitter:creator\" content=\"@GrandsFormatsGF\" \/>\n<meta name=\"twitter:site\" content=\"@GrandsFormatsGF\" \/>\n<meta name=\"twitter:label1\" content=\"Written by\" \/>\n\t<meta name=\"twitter:data1\" content=\"Grands Formats\" \/>\n\t<meta name=\"twitter:label2\" content=\"Est. reading time\" \/>\n\t<meta name=\"twitter:data2\" content=\"1 minute\" \/>\n<script type=\"application\/ld+json\" class=\"yoast-schema-graph\">{\"@context\":\"https:\/\/schema.org\",\"@graph\":[{\"@type\":\"Article\",\"@id\":\"https:\/\/www.grandsformats.com\/2019\/11\/christophe-gauvert-rejoint-collectif-arfi\/#article\",\"isPartOf\":{\"@id\":\"https:\/\/www.grandsformats.com\/2019\/11\/christophe-gauvert-rejoint-collectif-arfi\/\"},\"author\":{\"name\":\"Grands Formats\",\"@id\":\"https:\/\/www.grandsformats.com\/#\/schema\/person\/6ecde7e38a2254b5bc9d620679208ee1\"},\"headline\":\"Christophe Gauvert rejoint le collectif ARFI\",\"datePublished\":\"2019-11-07T10:20:23+00:00\",\"dateModified\":\"2020-05-07T15:18:28+00:00\",\"mainEntityOfPage\":{\"@id\":\"https:\/\/www.grandsformats.com\/2019\/11\/christophe-gauvert-rejoint-collectif-arfi\/\"},\"wordCount\":185,\"commentCount\":0,\"publisher\":{\"@id\":\"https:\/\/www.grandsformats.com\/#organization\"},\"articleSection\":[\"Actus des membres\",\"ARFI\"],\"inLanguage\":\"en-US\",\"potentialAction\":[{\"@type\":\"CommentAction\",\"name\":\"Comment\",\"target\":[\"https:\/\/www.grandsformats.com\/2019\/11\/christophe-gauvert-rejoint-collectif-arfi\/#respond\"]}]},{\"@type\":\"WebPage\",\"@id\":\"https:\/\/www.grandsformats.com\/2019\/11\/christophe-gauvert-rejoint-collectif-arfi\/\",\"url\":\"https:\/\/www.grandsformats.com\/2019\/11\/christophe-gauvert-rejoint-collectif-arfi\/\",\"name\":\"Christophe Gauvert rejoint le collectif ARFI - Site officiel de la f\u00e9d\u00e9ration Grands Formats\",\"isPartOf\":{\"@id\":\"https:\/\/www.grandsformats.com\/#website\"},\"datePublished\":\"2019-11-07T10:20:23+00:00\",\"dateModified\":\"2020-05-07T15:18:28+00:00\",\"breadcrumb\":{\"@id\":\"https:\/\/www.grandsformats.com\/2019\/11\/christophe-gauvert-rejoint-collectif-arfi\/#breadcrumb\"},\"inLanguage\":\"en-US\",\"potentialAction\":[{\"@type\":\"ReadAction\",\"target\":[\"https:\/\/www.grandsformats.com\/2019\/11\/christophe-gauvert-rejoint-collectif-arfi\/\"]}]},{\"@type\":\"BreadcrumbList\",\"@id\":\"https:\/\/www.grandsformats.com\/2019\/11\/christophe-gauvert-rejoint-collectif-arfi\/#breadcrumb\",\"itemListElement\":[{\"@type\":\"ListItem\",\"position\":1,\"name\":\"Accueil\",\"item\":\"https:\/\/www.grandsformats.com\/en\/\"},{\"@type\":\"ListItem\",\"position\":2,\"name\":\"Christophe Gauvert rejoint le collectif ARFI\"}]},{\"@type\":\"WebSite\",\"@id\":\"https:\/\/www.grandsformats.com\/#website\",\"url\":\"https:\/\/www.grandsformats.com\/\",\"name\":\"Site officiel de la f\u00e9d\u00e9ration Grands Formats\",\"description\":\"F\u00e9d\u00e9ration d&#039;artistes pour la musique en grand !\",\"publisher\":{\"@id\":\"https:\/\/www.grandsformats.com\/#organization\"},\"potentialAction\":[{\"@type\":\"SearchAction\",\"target\":{\"@type\":\"EntryPoint\",\"urlTemplate\":\"https:\/\/www.grandsformats.com\/?s={search_term_string}\"},\"query-input\":{\"@type\":\"PropertyValueSpecification\",\"valueRequired\":true,\"valueName\":\"search_term_string\"}}],\"inLanguage\":\"en-US\"},{\"@type\":\"Organization\",\"@id\":\"https:\/\/www.grandsformats.com\/#organization\",\"name\":\"Grands Formats\",\"url\":\"https:\/\/www.grandsformats.com\/\",\"logo\":{\"@type\":\"ImageObject\",\"inLanguage\":\"en-US\",\"@id\":\"https:\/\/www.grandsformats.com\/#\/schema\/logo\/image\/\",\"url\":\"https:\/\/www.grandsformats.com\/wp-content\/uploads\/2020\/03\/logo-GF-200.png\",\"contentUrl\":\"https:\/\/www.grandsformats.com\/wp-content\/uploads\/2020\/03\/logo-GF-200.png\",\"width\":155,\"height\":200,\"caption\":\"Grands Formats\"},\"image\":{\"@id\":\"https:\/\/www.grandsformats.com\/#\/schema\/logo\/image\/\"},\"sameAs\":[\"https:\/\/www.facebook.com\/grandsformats\/\",\"https:\/\/x.com\/GrandsFormatsGF\",\"https:\/\/www.instagram.com\/grandsformats\/\",\"https:\/\/www.youtube.com\/channel\/UCJ7k9dbqc_DG-nxI3WMPvhw?view_as=subscriberhttps:\/\/www.youtube.com\/channel\/UCJ7k9dbqc_DG-nxI3WMPvhw?view_as=subscriber\"]},{\"@type\":\"Person\",\"@id\":\"https:\/\/www.grandsformats.com\/#\/schema\/person\/6ecde7e38a2254b5bc9d620679208ee1\",\"name\":\"Grands Formats\",\"image\":{\"@type\":\"ImageObject\",\"inLanguage\":\"en-US\",\"@id\":\"https:\/\/www.grandsformats.com\/#\/schema\/person\/image\/\",\"url\":\"https:\/\/secure.gravatar.com\/avatar\/5d06febf5ba4681bd17a251487132861b5339c2d72f789e59decf1c1b05d0078?s=96&d=mm&r=g\",\"contentUrl\":\"https:\/\/secure.gravatar.com\/avatar\/5d06febf5ba4681bd17a251487132861b5339c2d72f789e59decf1c1b05d0078?s=96&d=mm&r=g\",\"caption\":\"Grands Formats\"},\"url\":\"https:\/\/www.grandsformats.com\/en\/author\/margaux\/\"}]}<\/script>\n<!-- \/ Yoast SEO plugin. -->","yoast_head_json":{"title":"Christophe Gauvert rejoint le collectif ARFI - Site officiel de la f\u00e9d\u00e9ration Grands Formats","robots":{"index":"index","follow":"follow","max-snippet":"max-snippet:-1","max-image-preview":"max-image-preview:large","max-video-preview":"max-video-preview:-1"},"canonical":"https:\/\/www.grandsformats.com\/2019\/11\/christophe-gauvert-rejoint-collectif-arfi\/","og_locale":"en_US","og_type":"article","og_title":"Christophe Gauvert rejoint le collectif ARFI - Site officiel de la f\u00e9d\u00e9ration Grands Formats","og_description":"Apr\u00e8s une longue pratique de la musique classique, Christophe Gauvert d\u00e9couvre le jazz en travaillant la contrebasse avec Michel Perez, Hein van de Geyn, Marc Johnson, Eddy Gomez\u2026 Il a la chance de rencontrer et d\u2019accompagner sur sc\u00e8ne le saxophoniste John Tchicai qui lui donnera le go\u00fbt du free jazz et des musiques improvis\u00e9es. Parall\u00e8lement,...Continue reading","og_url":"https:\/\/www.grandsformats.com\/2019\/11\/christophe-gauvert-rejoint-collectif-arfi\/","og_site_name":"Site officiel de la f\u00e9d\u00e9ration Grands Formats","article_publisher":"https:\/\/www.facebook.com\/grandsformats\/","article_published_time":"2019-11-07T10:20:23+00:00","article_modified_time":"2020-05-07T15:18:28+00:00","author":"Grands Formats","twitter_card":"summary_large_image","twitter_creator":"@GrandsFormatsGF","twitter_site":"@GrandsFormatsGF","twitter_misc":{"Written by":"Grands Formats","Est. reading time":"1 minute"},"schema":{"@context":"https:\/\/schema.org","@graph":[{"@type":"Article","@id":"https:\/\/www.grandsformats.com\/2019\/11\/christophe-gauvert-rejoint-collectif-arfi\/#article","isPartOf":{"@id":"https:\/\/www.grandsformats.com\/2019\/11\/christophe-gauvert-rejoint-collectif-arfi\/"},"author":{"name":"Grands Formats","@id":"https:\/\/www.grandsformats.com\/#\/schema\/person\/6ecde7e38a2254b5bc9d620679208ee1"},"headline":"Christophe Gauvert rejoint le collectif ARFI","datePublished":"2019-11-07T10:20:23+00:00","dateModified":"2020-05-07T15:18:28+00:00","mainEntityOfPage":{"@id":"https:\/\/www.grandsformats.com\/2019\/11\/christophe-gauvert-rejoint-collectif-arfi\/"},"wordCount":185,"commentCount":0,"publisher":{"@id":"https:\/\/www.grandsformats.com\/#organization"},"articleSection":["Actus des membres","ARFI"],"inLanguage":"en-US","potentialAction":[{"@type":"CommentAction","name":"Comment","target":["https:\/\/www.grandsformats.com\/2019\/11\/christophe-gauvert-rejoint-collectif-arfi\/#respond"]}]},{"@type":"WebPage","@id":"https:\/\/www.grandsformats.com\/2019\/11\/christophe-gauvert-rejoint-collectif-arfi\/","url":"https:\/\/www.grandsformats.com\/2019\/11\/christophe-gauvert-rejoint-collectif-arfi\/","name":"Christophe Gauvert rejoint le collectif ARFI - Site officiel de la f\u00e9d\u00e9ration Grands Formats","isPartOf":{"@id":"https:\/\/www.grandsformats.com\/#website"},"datePublished":"2019-11-07T10:20:23+00:00","dateModified":"2020-05-07T15:18:28+00:00","breadcrumb":{"@id":"https:\/\/www.grandsformats.com\/2019\/11\/christophe-gauvert-rejoint-collectif-arfi\/#breadcrumb"},"inLanguage":"en-US","potentialAction":[{"@type":"ReadAction","target":["https:\/\/www.grandsformats.com\/2019\/11\/christophe-gauvert-rejoint-collectif-arfi\/"]}]},{"@type":"BreadcrumbList","@id":"https:\/\/www.grandsformats.com\/2019\/11\/christophe-gauvert-rejoint-collectif-arfi\/#breadcrumb","itemListElement":[{"@type":"ListItem","position":1,"name":"Accueil","item":"https:\/\/www.grandsformats.com\/en\/"},{"@type":"ListItem","position":2,"name":"Christophe Gauvert rejoint le collectif ARFI"}]},{"@type":"WebSite","@id":"https:\/\/www.grandsformats.com\/#website","url":"https:\/\/www.grandsformats.com\/","name":"Site officiel de la f\u00e9d\u00e9ration Grands Formats","description":"F\u00e9d\u00e9ration d&#039;artistes pour la musique en grand !","publisher":{"@id":"https:\/\/www.grandsformats.com\/#organization"},"potentialAction":[{"@type":"SearchAction","target":{"@type":"EntryPoint","urlTemplate":"https:\/\/www.grandsformats.com\/?s={search_term_string}"},"query-input":{"@type":"PropertyValueSpecification","valueRequired":true,"valueName":"search_term_string"}}],"inLanguage":"en-US"},{"@type":"Organization","@id":"https:\/\/www.grandsformats.com\/#organization","name":"Grands Formats","url":"https:\/\/www.grandsformats.com\/","logo":{"@type":"ImageObject","inLanguage":"en-US","@id":"https:\/\/www.grandsformats.com\/#\/schema\/logo\/image\/","url":"https:\/\/www.grandsformats.com\/wp-content\/uploads\/2020\/03\/logo-GF-200.png","contentUrl":"https:\/\/www.grandsformats.com\/wp-content\/uploads\/2020\/03\/logo-GF-200.png","width":155,"height":200,"caption":"Grands Formats"},"image":{"@id":"https:\/\/www.grandsformats.com\/#\/schema\/logo\/image\/"},"sameAs":["https:\/\/www.facebook.com\/grandsformats\/","https:\/\/x.com\/GrandsFormatsGF","https:\/\/www.instagram.com\/grandsformats\/","https:\/\/www.youtube.com\/channel\/UCJ7k9dbqc_DG-nxI3WMPvhw?view_as=subscriberhttps:\/\/www.youtube.com\/channel\/UCJ7k9dbqc_DG-nxI3WMPvhw?view_as=subscriber"]},{"@type":"Person","@id":"https:\/\/www.grandsformats.com\/#\/schema\/person\/6ecde7e38a2254b5bc9d620679208ee1","name":"Grands Formats","image":{"@type":"ImageObject","inLanguage":"en-US","@id":"https:\/\/www.grandsformats.com\/#\/schema\/person\/image\/","url":"https:\/\/secure.gravatar.com\/avatar\/5d06febf5ba4681bd17a251487132861b5339c2d72f789e59decf1c1b05d0078?s=96&d=mm&r=g","contentUrl":"https:\/\/secure.gravatar.com\/avatar\/5d06febf5ba4681bd17a251487132861b5339c2d72f789e59decf1c1b05d0078?s=96&d=mm&r=g","caption":"Grands Formats"},"url":"https:\/\/www.grandsformats.com\/en\/author\/margaux\/"}]}},"_links":{"self":[{"href":"https:\/\/www.grandsformats.com\/en\/wp-json\/wp\/v2\/posts\/7555","targetHints":{"allow":["GET"]}}],"collection":[{"href":"https:\/\/www.grandsformats.com\/en\/wp-json\/wp\/v2\/posts"}],"about":[{"href":"https:\/\/www.grandsformats.com\/en\/wp-json\/wp\/v2\/types\/post"}],"author":[{"embeddable":true,"href":"https:\/\/www.grandsformats.com\/en\/wp-json\/wp\/v2\/users\/2"}],"replies":[{"embeddable":true,"href":"https:\/\/www.grandsformats.com\/en\/wp-json\/wp\/v2\/comments?post=7555"}],"version-history":[{"count":0,"href":"https:\/\/www.grandsformats.com\/en\/wp-json\/wp\/v2\/posts\/7555\/revisions"}],"wp:attachment":[{"href":"https:\/\/www.grandsformats.com\/en\/wp-json\/wp\/v2\/media?parent=7555"}],"wp:term":[{"taxonomy":"category","embeddable":true,"href":"https:\/\/www.grandsformats.com\/en\/wp-json\/wp\/v2\/categories?post=7555"},{"taxonomy":"post_tag","embeddable":true,"href":"https:\/\/www.grandsformats.com\/en\/wp-json\/wp\/v2\/tags?post=7555"}],"curies":[{"name":"wp","href":"https:\/\/api.w.org\/{rel}","templated":true}]}}