{"id":7547,"date":"2019-11-07T11:40:45","date_gmt":"2019-11-07T10:40:45","guid":{"rendered":"http:\/\/www.grandsformats.com\/?p=7547"},"modified":"2020-05-12T16:31:24","modified_gmt":"2020-05-12T14:31:24","slug":"federation-sera-forum-jazz-vienne-28-30-novembre","status":"publish","type":"post","link":"https:\/\/www.grandsformats.com\/en\/2019\/11\/federation-sera-forum-jazz-vienne-28-30-novembre\/","title":{"rendered":"La f\u00e9d\u00e9ration sera au forum Jazz (Vienne) du 28 au 30 novembre"},"content":{"rendered":"<p>Du 28 au 30 novembre, la f\u00e9d\u00e9ration Grands Formats sera \u00e0 la troisi\u00e8me \u00e9dition du Forum Jazz organis\u00e9 par Jazz(s)Ra. Elle interviendra lors de rencontres professionnelles et aupr\u00e8s de ses membres de la r\u00e9gion Auvergne Rh\u00f4ne Alpes.<\/p>\n<h2>Rencontre avec les membres de la r\u00e9gion Auvergne Rh\u00f4ne Alpes<\/h2>\n<p>Grands Formats invite l&#8217;ensemble des membres de la f\u00e9d\u00e9ration de la r\u00e9gion Auvergne Rh\u00f4ne Alpes lors d&#8217;une r\u00e9union au Forum Jazz le 28 novembre \u00e0 18h. Cette r\u00e9union r\u00e9serv\u00e9e aux membres de Grands Formats sera l&#8217;occasion de discuter, d\u00e9battre et construire autour des enjeux et projets de la f\u00e9d\u00e9ration et des membres.<\/p>\n<h2>La f\u00e9d\u00e9ration interviendra lors de deux rencontres professionnelles<\/h2>\n<p>La f\u00e9d\u00e9ration sera \u00e0 la 3\u00e8me \u00e9dition du Forum Jazz (Vienne) du 28 au 30 novembre. Elle interviendra lors de deux rencontres : le 29\/11 \u00e0 14h sur le sujet du Centre National de la Musique et le 30\/11 \u00e0 10h sur le sujet de la repr\u00e9sentation femmes-hommes dans le jazz et les musiques improvis\u00e9es. Cette derni\u00e8re intervention s&#8217;inscrit dans la poursuite du travail entam\u00e9 sur la question de l&#8217;\u00e9galit\u00e9 femmes-hommes et de la publication de l&#8217;enqu\u00eate &#8220;la repr\u00e9sentation femmes-hommes dans le jazz et les musiques improvis\u00e9es&#8221; en octobre dernier.<br \/>\nRetrouvez les r\u00e9sultats de l&#8217;enqu\u00eate sur la repr\u00e9sentation femmes-hommes sur notre site internet dans la rubrique &#8220;<a href=\"http:\/\/www.grandsformats.com\/espace-membre\/etudes-grands-formats\/\">Ressources<\/a>&#8220;.<br \/>\n<a href=\"http:\/\/www.forumjazz.com\/\">Programme du <\/a><a href=\"http:\/\/www.forumjazz.com\/\">Forum Jazz<\/a><\/p>\n<p>N&#8217;h\u00e9sitez donc pas \u00e0 venir \u00e0 notre rencontre lors de ces trois jours !<\/p>\n","protected":false},"excerpt":{"rendered":"<p>Du 28 au 30 novembre, la f\u00e9d\u00e9ration Grands Formats sera \u00e0 la troisi\u00e8me \u00e9dition du Forum Jazz organis\u00e9 par Jazz(s)Ra. Elle interviendra lors de rencontres professionnelles et aupr\u00e8s de ses membres de la r\u00e9gion Auvergne Rh\u00f4ne Alpes. Rencontre avec les membres de la r\u00e9gion Auvergne Rh\u00f4ne Alpes Grands Formats invite l&#8217;ensemble des membres de la&#8230;<\/p>\n<p><a rel=\"bookmark\" class=\"theme-button-text wvc-button wvc-button-size-xs\" href=\"https:\/\/www.grandsformats.com\/en\/2019\/11\/federation-sera-forum-jazz-vienne-28-30-novembre\/\"><small class=\"wvc-button-background-fill\"><\/small><span>Continue reading<\/span><\/a><\/p>\n","protected":false},"author":2,"featured_media":10972,"comment_status":"open","ping_status":"open","sticky":false,"template":"","format":"standard","meta":{"_acf_changed":false,"footnotes":""},"categories":[90],"tags":[],"class_list":["post-7547","post","type-post","status-publish","format-standard","has-post-thumbnail","hentry","category-grands-formats","entry-post-skin-light","entry","clearfix","entry-grid","entry-columns-default","entry-post-module-layout-sidebar-right","thumbnail-color-tone-dark","entry-post","entry-masonry","entry-post-masonry"],"acf":[],"yoast_head":"<!-- This site is optimized with the Yoast SEO plugin v25.8 - https:\/\/yoast.com\/wordpress\/plugins\/seo\/ -->\n<title>La f\u00e9d\u00e9ration sera au forum Jazz (Vienne) du 28 au 30 novembre - Site officiel de la f\u00e9d\u00e9ration Grands Formats<\/title>\n<meta name=\"robots\" content=\"index, follow, max-snippet:-1, max-image-preview:large, max-video-preview:-1\" \/>\n<link rel=\"canonical\" href=\"https:\/\/www.grandsformats.com\/2019\/11\/federation-sera-forum-jazz-vienne-28-30-novembre\/\" \/>\n<meta property=\"og:locale\" content=\"en_US\" \/>\n<meta property=\"og:type\" content=\"article\" \/>\n<meta property=\"og:title\" content=\"La f\u00e9d\u00e9ration sera au forum Jazz (Vienne) du 28 au 30 novembre - Site officiel de la f\u00e9d\u00e9ration Grands Formats\" \/>\n<meta property=\"og:description\" content=\"Du 28 au 30 novembre, la f\u00e9d\u00e9ration Grands Formats sera \u00e0 la troisi\u00e8me \u00e9dition du Forum Jazz organis\u00e9 par Jazz(s)Ra. Elle interviendra lors de rencontres professionnelles et aupr\u00e8s de ses membres de la r\u00e9gion Auvergne Rh\u00f4ne Alpes. Rencontre avec les membres de la r\u00e9gion Auvergne Rh\u00f4ne Alpes Grands Formats invite l&#8217;ensemble des membres de la...Continue reading\" \/>\n<meta property=\"og:url\" content=\"https:\/\/www.grandsformats.com\/2019\/11\/federation-sera-forum-jazz-vienne-28-30-novembre\/\" \/>\n<meta property=\"og:site_name\" content=\"Site officiel de la f\u00e9d\u00e9ration Grands Formats\" \/>\n<meta property=\"article:publisher\" content=\"https:\/\/www.facebook.com\/grandsformats\/\" \/>\n<meta property=\"article:published_time\" content=\"2019-11-07T10:40:45+00:00\" \/>\n<meta property=\"article:modified_time\" content=\"2020-05-12T14:31:24+00:00\" \/>\n<meta property=\"og:image\" content=\"https:\/\/www.grandsformats.com\/wp-content\/uploads\/2020\/02\/jazz-focusNB.jpg\" \/>\n\t<meta property=\"og:image:width\" content=\"2000\" \/>\n\t<meta property=\"og:image:height\" content=\"1333\" \/>\n\t<meta property=\"og:image:type\" content=\"image\/jpeg\" \/>\n<meta name=\"author\" content=\"Grands Formats\" \/>\n<meta name=\"twitter:card\" content=\"summary_large_image\" \/>\n<meta name=\"twitter:creator\" content=\"@GrandsFormatsGF\" \/>\n<meta name=\"twitter:site\" content=\"@GrandsFormatsGF\" \/>\n<meta name=\"twitter:label1\" content=\"Written by\" \/>\n\t<meta name=\"twitter:data1\" content=\"Grands Formats\" \/>\n\t<meta name=\"twitter:label2\" content=\"Est. reading time\" \/>\n\t<meta name=\"twitter:data2\" content=\"1 minute\" \/>\n<script type=\"application\/ld+json\" class=\"yoast-schema-graph\">{\"@context\":\"https:\/\/schema.org\",\"@graph\":[{\"@type\":\"Article\",\"@id\":\"https:\/\/www.grandsformats.com\/2019\/11\/federation-sera-forum-jazz-vienne-28-30-novembre\/#article\",\"isPartOf\":{\"@id\":\"https:\/\/www.grandsformats.com\/2019\/11\/federation-sera-forum-jazz-vienne-28-30-novembre\/\"},\"author\":{\"name\":\"Grands Formats\",\"@id\":\"https:\/\/www.grandsformats.com\/#\/schema\/person\/6ecde7e38a2254b5bc9d620679208ee1\"},\"headline\":\"La f\u00e9d\u00e9ration sera au forum Jazz (Vienne) du 28 au 30 novembre\",\"datePublished\":\"2019-11-07T10:40:45+00:00\",\"dateModified\":\"2020-05-12T14:31:24+00:00\",\"mainEntityOfPage\":{\"@id\":\"https:\/\/www.grandsformats.com\/2019\/11\/federation-sera-forum-jazz-vienne-28-30-novembre\/\"},\"wordCount\":271,\"commentCount\":0,\"publisher\":{\"@id\":\"https:\/\/www.grandsformats.com\/#organization\"},\"image\":{\"@id\":\"https:\/\/www.grandsformats.com\/2019\/11\/federation-sera-forum-jazz-vienne-28-30-novembre\/#primaryimage\"},\"thumbnailUrl\":\"https:\/\/www.grandsformats.com\/wp-content\/uploads\/2020\/02\/jazz-focusNB.jpg\",\"articleSection\":[\"Actus de la f\u00e9d\u00e9\"],\"inLanguage\":\"en-US\",\"potentialAction\":[{\"@type\":\"CommentAction\",\"name\":\"Comment\",\"target\":[\"https:\/\/www.grandsformats.com\/2019\/11\/federation-sera-forum-jazz-vienne-28-30-novembre\/#respond\"]}]},{\"@type\":\"WebPage\",\"@id\":\"https:\/\/www.grandsformats.com\/2019\/11\/federation-sera-forum-jazz-vienne-28-30-novembre\/\",\"url\":\"https:\/\/www.grandsformats.com\/2019\/11\/federation-sera-forum-jazz-vienne-28-30-novembre\/\",\"name\":\"La f\u00e9d\u00e9ration sera au forum Jazz (Vienne) du 28 au 30 novembre - Site officiel de la f\u00e9d\u00e9ration Grands Formats\",\"isPartOf\":{\"@id\":\"https:\/\/www.grandsformats.com\/#website\"},\"primaryImageOfPage\":{\"@id\":\"https:\/\/www.grandsformats.com\/2019\/11\/federation-sera-forum-jazz-vienne-28-30-novembre\/#primaryimage\"},\"image\":{\"@id\":\"https:\/\/www.grandsformats.com\/2019\/11\/federation-sera-forum-jazz-vienne-28-30-novembre\/#primaryimage\"},\"thumbnailUrl\":\"https:\/\/www.grandsformats.com\/wp-content\/uploads\/2020\/02\/jazz-focusNB.jpg\",\"datePublished\":\"2019-11-07T10:40:45+00:00\",\"dateModified\":\"2020-05-12T14:31:24+00:00\",\"breadcrumb\":{\"@id\":\"https:\/\/www.grandsformats.com\/2019\/11\/federation-sera-forum-jazz-vienne-28-30-novembre\/#breadcrumb\"},\"inLanguage\":\"en-US\",\"potentialAction\":[{\"@type\":\"ReadAction\",\"target\":[\"https:\/\/www.grandsformats.com\/2019\/11\/federation-sera-forum-jazz-vienne-28-30-novembre\/\"]}]},{\"@type\":\"ImageObject\",\"inLanguage\":\"en-US\",\"@id\":\"https:\/\/www.grandsformats.com\/2019\/11\/federation-sera-forum-jazz-vienne-28-30-novembre\/#primaryimage\",\"url\":\"https:\/\/www.grandsformats.com\/wp-content\/uploads\/2020\/02\/jazz-focusNB.jpg\",\"contentUrl\":\"https:\/\/www.grandsformats.com\/wp-content\/uploads\/2020\/02\/jazz-focusNB.jpg\",\"width\":2000,\"height\":1333,\"caption\":\"Batterie et contrebasse\"},{\"@type\":\"BreadcrumbList\",\"@id\":\"https:\/\/www.grandsformats.com\/2019\/11\/federation-sera-forum-jazz-vienne-28-30-novembre\/#breadcrumb\",\"itemListElement\":[{\"@type\":\"ListItem\",\"position\":1,\"name\":\"Accueil\",\"item\":\"https:\/\/www.grandsformats.com\/en\/\"},{\"@type\":\"ListItem\",\"position\":2,\"name\":\"La f\u00e9d\u00e9ration sera au forum Jazz (Vienne) du 28 au 30 novembre\"}]},{\"@type\":\"WebSite\",\"@id\":\"https:\/\/www.grandsformats.com\/#website\",\"url\":\"https:\/\/www.grandsformats.com\/\",\"name\":\"Site officiel de la f\u00e9d\u00e9ration Grands Formats\",\"description\":\"F\u00e9d\u00e9ration d&#039;artistes pour la musique en grand !\",\"publisher\":{\"@id\":\"https:\/\/www.grandsformats.com\/#organization\"},\"potentialAction\":[{\"@type\":\"SearchAction\",\"target\":{\"@type\":\"EntryPoint\",\"urlTemplate\":\"https:\/\/www.grandsformats.com\/?s={search_term_string}\"},\"query-input\":{\"@type\":\"PropertyValueSpecification\",\"valueRequired\":true,\"valueName\":\"search_term_string\"}}],\"inLanguage\":\"en-US\"},{\"@type\":\"Organization\",\"@id\":\"https:\/\/www.grandsformats.com\/#organization\",\"name\":\"Grands Formats\",\"url\":\"https:\/\/www.grandsformats.com\/\",\"logo\":{\"@type\":\"ImageObject\",\"inLanguage\":\"en-US\",\"@id\":\"https:\/\/www.grandsformats.com\/#\/schema\/logo\/image\/\",\"url\":\"https:\/\/www.grandsformats.com\/wp-content\/uploads\/2020\/03\/logo-GF-200.png\",\"contentUrl\":\"https:\/\/www.grandsformats.com\/wp-content\/uploads\/2020\/03\/logo-GF-200.png\",\"width\":155,\"height\":200,\"caption\":\"Grands Formats\"},\"image\":{\"@id\":\"https:\/\/www.grandsformats.com\/#\/schema\/logo\/image\/\"},\"sameAs\":[\"https:\/\/www.facebook.com\/grandsformats\/\",\"https:\/\/x.com\/GrandsFormatsGF\",\"https:\/\/www.instagram.com\/grandsformats\/\",\"https:\/\/www.youtube.com\/channel\/UCJ7k9dbqc_DG-nxI3WMPvhw?view_as=subscriberhttps:\/\/www.youtube.com\/channel\/UCJ7k9dbqc_DG-nxI3WMPvhw?view_as=subscriber\"]},{\"@type\":\"Person\",\"@id\":\"https:\/\/www.grandsformats.com\/#\/schema\/person\/6ecde7e38a2254b5bc9d620679208ee1\",\"name\":\"Grands Formats\",\"image\":{\"@type\":\"ImageObject\",\"inLanguage\":\"en-US\",\"@id\":\"https:\/\/www.grandsformats.com\/#\/schema\/person\/image\/\",\"url\":\"https:\/\/secure.gravatar.com\/avatar\/5d06febf5ba4681bd17a251487132861b5339c2d72f789e59decf1c1b05d0078?s=96&d=mm&r=g\",\"contentUrl\":\"https:\/\/secure.gravatar.com\/avatar\/5d06febf5ba4681bd17a251487132861b5339c2d72f789e59decf1c1b05d0078?s=96&d=mm&r=g\",\"caption\":\"Grands Formats\"},\"url\":\"https:\/\/www.grandsformats.com\/en\/author\/margaux\/\"}]}<\/script>\n<!-- \/ Yoast SEO plugin. -->","yoast_head_json":{"title":"La f\u00e9d\u00e9ration sera au forum Jazz (Vienne) du 28 au 30 novembre - Site officiel de la f\u00e9d\u00e9ration Grands Formats","robots":{"index":"index","follow":"follow","max-snippet":"max-snippet:-1","max-image-preview":"max-image-preview:large","max-video-preview":"max-video-preview:-1"},"canonical":"https:\/\/www.grandsformats.com\/2019\/11\/federation-sera-forum-jazz-vienne-28-30-novembre\/","og_locale":"en_US","og_type":"article","og_title":"La f\u00e9d\u00e9ration sera au forum Jazz (Vienne) du 28 au 30 novembre - Site officiel de la f\u00e9d\u00e9ration Grands Formats","og_description":"Du 28 au 30 novembre, la f\u00e9d\u00e9ration Grands Formats sera \u00e0 la troisi\u00e8me \u00e9dition du Forum Jazz organis\u00e9 par Jazz(s)Ra. Elle interviendra lors de rencontres professionnelles et aupr\u00e8s de ses membres de la r\u00e9gion Auvergne Rh\u00f4ne Alpes. Rencontre avec les membres de la r\u00e9gion Auvergne Rh\u00f4ne Alpes Grands Formats invite l&#8217;ensemble des membres de la...Continue reading","og_url":"https:\/\/www.grandsformats.com\/2019\/11\/federation-sera-forum-jazz-vienne-28-30-novembre\/","og_site_name":"Site officiel de la f\u00e9d\u00e9ration Grands Formats","article_publisher":"https:\/\/www.facebook.com\/grandsformats\/","article_published_time":"2019-11-07T10:40:45+00:00","article_modified_time":"2020-05-12T14:31:24+00:00","og_image":[{"width":2000,"height":1333,"url":"https:\/\/www.grandsformats.com\/wp-content\/uploads\/2020\/02\/jazz-focusNB.jpg","type":"image\/jpeg"}],"author":"Grands Formats","twitter_card":"summary_large_image","twitter_creator":"@GrandsFormatsGF","twitter_site":"@GrandsFormatsGF","twitter_misc":{"Written by":"Grands Formats","Est. reading time":"1 minute"},"schema":{"@context":"https:\/\/schema.org","@graph":[{"@type":"Article","@id":"https:\/\/www.grandsformats.com\/2019\/11\/federation-sera-forum-jazz-vienne-28-30-novembre\/#article","isPartOf":{"@id":"https:\/\/www.grandsformats.com\/2019\/11\/federation-sera-forum-jazz-vienne-28-30-novembre\/"},"author":{"name":"Grands Formats","@id":"https:\/\/www.grandsformats.com\/#\/schema\/person\/6ecde7e38a2254b5bc9d620679208ee1"},"headline":"La f\u00e9d\u00e9ration sera au forum Jazz (Vienne) du 28 au 30 novembre","datePublished":"2019-11-07T10:40:45+00:00","dateModified":"2020-05-12T14:31:24+00:00","mainEntityOfPage":{"@id":"https:\/\/www.grandsformats.com\/2019\/11\/federation-sera-forum-jazz-vienne-28-30-novembre\/"},"wordCount":271,"commentCount":0,"publisher":{"@id":"https:\/\/www.grandsformats.com\/#organization"},"image":{"@id":"https:\/\/www.grandsformats.com\/2019\/11\/federation-sera-forum-jazz-vienne-28-30-novembre\/#primaryimage"},"thumbnailUrl":"https:\/\/www.grandsformats.com\/wp-content\/uploads\/2020\/02\/jazz-focusNB.jpg","articleSection":["Actus de la f\u00e9d\u00e9"],"inLanguage":"en-US","potentialAction":[{"@type":"CommentAction","name":"Comment","target":["https:\/\/www.grandsformats.com\/2019\/11\/federation-sera-forum-jazz-vienne-28-30-novembre\/#respond"]}]},{"@type":"WebPage","@id":"https:\/\/www.grandsformats.com\/2019\/11\/federation-sera-forum-jazz-vienne-28-30-novembre\/","url":"https:\/\/www.grandsformats.com\/2019\/11\/federation-sera-forum-jazz-vienne-28-30-novembre\/","name":"La f\u00e9d\u00e9ration sera au forum Jazz (Vienne) du 28 au 30 novembre - Site officiel de la f\u00e9d\u00e9ration Grands Formats","isPartOf":{"@id":"https:\/\/www.grandsformats.com\/#website"},"primaryImageOfPage":{"@id":"https:\/\/www.grandsformats.com\/2019\/11\/federation-sera-forum-jazz-vienne-28-30-novembre\/#primaryimage"},"image":{"@id":"https:\/\/www.grandsformats.com\/2019\/11\/federation-sera-forum-jazz-vienne-28-30-novembre\/#primaryimage"},"thumbnailUrl":"https:\/\/www.grandsformats.com\/wp-content\/uploads\/2020\/02\/jazz-focusNB.jpg","datePublished":"2019-11-07T10:40:45+00:00","dateModified":"2020-05-12T14:31:24+00:00","breadcrumb":{"@id":"https:\/\/www.grandsformats.com\/2019\/11\/federation-sera-forum-jazz-vienne-28-30-novembre\/#breadcrumb"},"inLanguage":"en-US","potentialAction":[{"@type":"ReadAction","target":["https:\/\/www.grandsformats.com\/2019\/11\/federation-sera-forum-jazz-vienne-28-30-novembre\/"]}]},{"@type":"ImageObject","inLanguage":"en-US","@id":"https:\/\/www.grandsformats.com\/2019\/11\/federation-sera-forum-jazz-vienne-28-30-novembre\/#primaryimage","url":"https:\/\/www.grandsformats.com\/wp-content\/uploads\/2020\/02\/jazz-focusNB.jpg","contentUrl":"https:\/\/www.grandsformats.com\/wp-content\/uploads\/2020\/02\/jazz-focusNB.jpg","width":2000,"height":1333,"caption":"Batterie et contrebasse"},{"@type":"BreadcrumbList","@id":"https:\/\/www.grandsformats.com\/2019\/11\/federation-sera-forum-jazz-vienne-28-30-novembre\/#breadcrumb","itemListElement":[{"@type":"ListItem","position":1,"name":"Accueil","item":"https:\/\/www.grandsformats.com\/en\/"},{"@type":"ListItem","position":2,"name":"La f\u00e9d\u00e9ration sera au forum Jazz (Vienne) du 28 au 30 novembre"}]},{"@type":"WebSite","@id":"https:\/\/www.grandsformats.com\/#website","url":"https:\/\/www.grandsformats.com\/","name":"Site officiel de la f\u00e9d\u00e9ration Grands Formats","description":"F\u00e9d\u00e9ration d&#039;artistes pour la musique en grand !","publisher":{"@id":"https:\/\/www.grandsformats.com\/#organization"},"potentialAction":[{"@type":"SearchAction","target":{"@type":"EntryPoint","urlTemplate":"https:\/\/www.grandsformats.com\/?s={search_term_string}"},"query-input":{"@type":"PropertyValueSpecification","valueRequired":true,"valueName":"search_term_string"}}],"inLanguage":"en-US"},{"@type":"Organization","@id":"https:\/\/www.grandsformats.com\/#organization","name":"Grands Formats","url":"https:\/\/www.grandsformats.com\/","logo":{"@type":"ImageObject","inLanguage":"en-US","@id":"https:\/\/www.grandsformats.com\/#\/schema\/logo\/image\/","url":"https:\/\/www.grandsformats.com\/wp-content\/uploads\/2020\/03\/logo-GF-200.png","contentUrl":"https:\/\/www.grandsformats.com\/wp-content\/uploads\/2020\/03\/logo-GF-200.png","width":155,"height":200,"caption":"Grands Formats"},"image":{"@id":"https:\/\/www.grandsformats.com\/#\/schema\/logo\/image\/"},"sameAs":["https:\/\/www.facebook.com\/grandsformats\/","https:\/\/x.com\/GrandsFormatsGF","https:\/\/www.instagram.com\/grandsformats\/","https:\/\/www.youtube.com\/channel\/UCJ7k9dbqc_DG-nxI3WMPvhw?view_as=subscriberhttps:\/\/www.youtube.com\/channel\/UCJ7k9dbqc_DG-nxI3WMPvhw?view_as=subscriber"]},{"@type":"Person","@id":"https:\/\/www.grandsformats.com\/#\/schema\/person\/6ecde7e38a2254b5bc9d620679208ee1","name":"Grands Formats","image":{"@type":"ImageObject","inLanguage":"en-US","@id":"https:\/\/www.grandsformats.com\/#\/schema\/person\/image\/","url":"https:\/\/secure.gravatar.com\/avatar\/5d06febf5ba4681bd17a251487132861b5339c2d72f789e59decf1c1b05d0078?s=96&d=mm&r=g","contentUrl":"https:\/\/secure.gravatar.com\/avatar\/5d06febf5ba4681bd17a251487132861b5339c2d72f789e59decf1c1b05d0078?s=96&d=mm&r=g","caption":"Grands Formats"},"url":"https:\/\/www.grandsformats.com\/en\/author\/margaux\/"}]}},"_links":{"self":[{"href":"https:\/\/www.grandsformats.com\/en\/wp-json\/wp\/v2\/posts\/7547","targetHints":{"allow":["GET"]}}],"collection":[{"href":"https:\/\/www.grandsformats.com\/en\/wp-json\/wp\/v2\/posts"}],"about":[{"href":"https:\/\/www.grandsformats.com\/en\/wp-json\/wp\/v2\/types\/post"}],"author":[{"embeddable":true,"href":"https:\/\/www.grandsformats.com\/en\/wp-json\/wp\/v2\/users\/2"}],"replies":[{"embeddable":true,"href":"https:\/\/www.grandsformats.com\/en\/wp-json\/wp\/v2\/comments?post=7547"}],"version-history":[{"count":0,"href":"https:\/\/www.grandsformats.com\/en\/wp-json\/wp\/v2\/posts\/7547\/revisions"}],"wp:featuredmedia":[{"embeddable":true,"href":"https:\/\/www.grandsformats.com\/en\/wp-json\/wp\/v2\/media\/10972"}],"wp:attachment":[{"href":"https:\/\/www.grandsformats.com\/en\/wp-json\/wp\/v2\/media?parent=7547"}],"wp:term":[{"taxonomy":"category","embeddable":true,"href":"https:\/\/www.grandsformats.com\/en\/wp-json\/wp\/v2\/categories?post=7547"},{"taxonomy":"post_tag","embeddable":true,"href":"https:\/\/www.grandsformats.com\/en\/wp-json\/wp\/v2\/tags?post=7547"}],"curies":[{"name":"wp","href":"https:\/\/api.w.org\/{rel}","templated":true}]}}