{"id":7543,"date":"2019-11-07T11:56:41","date_gmt":"2019-11-07T10:56:41","guid":{"rendered":"http:\/\/www.grandsformats.com\/?p=7543"},"modified":"2020-05-12T16:30:19","modified_gmt":"2020-05-12T14:30:19","slug":"rejoignez-federation-2020","status":"publish","type":"post","link":"https:\/\/www.grandsformats.com\/en\/2019\/11\/rejoignez-federation-2020\/","title":{"rendered":"Rejoignez la f\u00e9d\u00e9ration en 2020 !"},"content":{"rendered":"<p>Les grands ensembles et les collectifs de jazz et musiques improvis\u00e9es \u00e9tant compos\u00e9s d&#8217;au minimum 8 musicien\u00b7ne\u00b7s ont jusqu&#8217;au 2 d\u00e9cembre 2019 \u00e0 midi pour d\u00e9poser leur demande d&#8217;adh\u00e9sion \u00e0 la f\u00e9d\u00e9ration Grands Formats.<\/p>\n<h2>Pourquoi rejoindre Grands Formats ?<\/h2>\n<p>En rejoignant la f\u00e9d\u00e9ration Grands Formats, les grands ensembles et les collectifs d&#8217;artistes s&#8217;engagent pour le d\u00e9veloppement et le rayonnement collectif de la musique en grande formation. La f\u00e9d\u00e9ration contribue \u00e0 la p\u00e9rennit\u00e9 des activit\u00e9s des membres via de nombreuses actions : communication, mise en place d&#8217;\u00e9v\u00e9nements, partenariats avec les lieux de diffusion, etc. Grands Formats constitue un lieu de ressources et de transmission pour accompagner les membres dans leur d\u00e9veloppement, et repr\u00e9sente ses membres dans de nombreuses instances pour participer \u00e0 la structuration du secteur.<\/p>\n<h2>Quelles sont les modalit\u00e9s d&#8217;adh\u00e9sion ?<\/h2>\n<p>L&#8217;ensembles des crit\u00e8res d&#8217;adh\u00e9sion sont disponibles dans la page &#8220;<a href=\"http:\/\/www.grandsformats.com\/veux-adherer\/\">Je veux adh\u00e9rer<\/a>&#8220;. Les crit\u00e8res principaux sont : le grand ensemble ou le collectif d&#8217;artiste doit \u00eatre compos\u00e9 d&#8217;au minimum 8 musicien\u00b7ne\u00b7s, doit \u00eatre port\u00e9 par une structure musicale et est dirig\u00e9e par un ou plusieurs artistes.<\/p>\n<h2>Quand d\u00e9poser sa candidature ?<\/h2>\n<p>Les candidats ont jusqu&#8217;au <strong>2 d\u00e9cembre 2019 midi<\/strong> pour d\u00e9poser leur dossier aupr\u00e8s de Aude Chandon\u00e9, d\u00e9l\u00e9gu\u00e9e g\u00e9n\u00e9rale de Grands Formats. Nous vous conseillons de contacter Aude Chandon\u00e9 au pr\u00e9alable pour b\u00e9n\u00e9ficier d&#8217;un accompagnement et d&#8217;explications pr\u00e9cises sur la f\u00e9d\u00e9ration et votre candidature.<br \/>\nEmail : aude(at)grandsformats.com<br \/>\nTel : 01 40 2631 36<\/p>\n","protected":false},"excerpt":{"rendered":"<p>Les grands ensembles et les collectifs de jazz et musiques improvis\u00e9es \u00e9tant compos\u00e9s d&#8217;au minimum 8 musicien\u00b7ne\u00b7s ont jusqu&#8217;au 2 d\u00e9cembre 2019 \u00e0 midi pour d\u00e9poser leur demande d&#8217;adh\u00e9sion \u00e0 la f\u00e9d\u00e9ration Grands Formats. Pourquoi rejoindre Grands Formats ? En rejoignant la f\u00e9d\u00e9ration Grands Formats, les grands ensembles et les collectifs d&#8217;artistes s&#8217;engagent pour le&#8230;<\/p>\n<p><a rel=\"bookmark\" class=\"theme-button-text wvc-button wvc-button-size-xs\" href=\"https:\/\/www.grandsformats.com\/en\/2019\/11\/rejoignez-federation-2020\/\"><small class=\"wvc-button-background-fill\"><\/small><span>Continue reading<\/span><\/a><\/p>\n","protected":false},"author":2,"featured_media":0,"comment_status":"open","ping_status":"open","sticky":false,"template":"","format":"standard","meta":{"_acf_changed":false,"footnotes":""},"categories":[90],"tags":[],"class_list":["post-7543","post","type-post","status-publish","format-standard","hentry","category-grands-formats","entry-post-skin-light","entry","clearfix","entry-grid","entry-columns-default","entry-post-module-layout-sidebar-right","no-post-thumbnail","entry-post","entry-masonry","entry-post-masonry"],"acf":[],"yoast_head":"<!-- This site is optimized with the Yoast SEO plugin v25.8 - https:\/\/yoast.com\/wordpress\/plugins\/seo\/ -->\n<title>Rejoignez la f\u00e9d\u00e9ration en 2020 ! - Site officiel de la f\u00e9d\u00e9ration Grands Formats<\/title>\n<meta name=\"robots\" content=\"index, follow, max-snippet:-1, max-image-preview:large, max-video-preview:-1\" \/>\n<link rel=\"canonical\" href=\"https:\/\/www.grandsformats.com\/2019\/11\/rejoignez-federation-2020\/\" \/>\n<meta property=\"og:locale\" content=\"en_US\" \/>\n<meta property=\"og:type\" content=\"article\" \/>\n<meta property=\"og:title\" content=\"Rejoignez la f\u00e9d\u00e9ration en 2020 ! - Site officiel de la f\u00e9d\u00e9ration Grands Formats\" \/>\n<meta property=\"og:description\" content=\"Les grands ensembles et les collectifs de jazz et musiques improvis\u00e9es \u00e9tant compos\u00e9s d&#8217;au minimum 8 musicien\u00b7ne\u00b7s ont jusqu&#8217;au 2 d\u00e9cembre 2019 \u00e0 midi pour d\u00e9poser leur demande d&#8217;adh\u00e9sion \u00e0 la f\u00e9d\u00e9ration Grands Formats. Pourquoi rejoindre Grands Formats ? En rejoignant la f\u00e9d\u00e9ration Grands Formats, les grands ensembles et les collectifs d&#8217;artistes s&#8217;engagent pour le...Continue reading\" \/>\n<meta property=\"og:url\" content=\"https:\/\/www.grandsformats.com\/2019\/11\/rejoignez-federation-2020\/\" \/>\n<meta property=\"og:site_name\" content=\"Site officiel de la f\u00e9d\u00e9ration Grands Formats\" \/>\n<meta property=\"article:publisher\" content=\"https:\/\/www.facebook.com\/grandsformats\/\" \/>\n<meta property=\"article:published_time\" content=\"2019-11-07T10:56:41+00:00\" \/>\n<meta property=\"article:modified_time\" content=\"2020-05-12T14:30:19+00:00\" \/>\n<meta name=\"author\" content=\"Grands Formats\" \/>\n<meta name=\"twitter:card\" content=\"summary_large_image\" \/>\n<meta name=\"twitter:creator\" content=\"@GrandsFormatsGF\" \/>\n<meta name=\"twitter:site\" content=\"@GrandsFormatsGF\" \/>\n<meta name=\"twitter:label1\" content=\"Written by\" \/>\n\t<meta name=\"twitter:data1\" content=\"Grands Formats\" \/>\n\t<meta name=\"twitter:label2\" content=\"Est. reading time\" \/>\n\t<meta name=\"twitter:data2\" content=\"1 minute\" \/>\n<script type=\"application\/ld+json\" class=\"yoast-schema-graph\">{\"@context\":\"https:\/\/schema.org\",\"@graph\":[{\"@type\":\"Article\",\"@id\":\"https:\/\/www.grandsformats.com\/2019\/11\/rejoignez-federation-2020\/#article\",\"isPartOf\":{\"@id\":\"https:\/\/www.grandsformats.com\/2019\/11\/rejoignez-federation-2020\/\"},\"author\":{\"name\":\"Grands Formats\",\"@id\":\"https:\/\/www.grandsformats.com\/#\/schema\/person\/6ecde7e38a2254b5bc9d620679208ee1\"},\"headline\":\"Rejoignez la f\u00e9d\u00e9ration en 2020 !\",\"datePublished\":\"2019-11-07T10:56:41+00:00\",\"dateModified\":\"2020-05-12T14:30:19+00:00\",\"mainEntityOfPage\":{\"@id\":\"https:\/\/www.grandsformats.com\/2019\/11\/rejoignez-federation-2020\/\"},\"wordCount\":279,\"commentCount\":0,\"publisher\":{\"@id\":\"https:\/\/www.grandsformats.com\/#organization\"},\"articleSection\":[\"Actus de la f\u00e9d\u00e9\"],\"inLanguage\":\"en-US\",\"potentialAction\":[{\"@type\":\"CommentAction\",\"name\":\"Comment\",\"target\":[\"https:\/\/www.grandsformats.com\/2019\/11\/rejoignez-federation-2020\/#respond\"]}]},{\"@type\":\"WebPage\",\"@id\":\"https:\/\/www.grandsformats.com\/2019\/11\/rejoignez-federation-2020\/\",\"url\":\"https:\/\/www.grandsformats.com\/2019\/11\/rejoignez-federation-2020\/\",\"name\":\"Rejoignez la f\u00e9d\u00e9ration en 2020 ! - Site officiel de la f\u00e9d\u00e9ration Grands Formats\",\"isPartOf\":{\"@id\":\"https:\/\/www.grandsformats.com\/#website\"},\"datePublished\":\"2019-11-07T10:56:41+00:00\",\"dateModified\":\"2020-05-12T14:30:19+00:00\",\"breadcrumb\":{\"@id\":\"https:\/\/www.grandsformats.com\/2019\/11\/rejoignez-federation-2020\/#breadcrumb\"},\"inLanguage\":\"en-US\",\"potentialAction\":[{\"@type\":\"ReadAction\",\"target\":[\"https:\/\/www.grandsformats.com\/2019\/11\/rejoignez-federation-2020\/\"]}]},{\"@type\":\"BreadcrumbList\",\"@id\":\"https:\/\/www.grandsformats.com\/2019\/11\/rejoignez-federation-2020\/#breadcrumb\",\"itemListElement\":[{\"@type\":\"ListItem\",\"position\":1,\"name\":\"Accueil\",\"item\":\"https:\/\/www.grandsformats.com\/en\/\"},{\"@type\":\"ListItem\",\"position\":2,\"name\":\"Rejoignez la f\u00e9d\u00e9ration en 2020 !\"}]},{\"@type\":\"WebSite\",\"@id\":\"https:\/\/www.grandsformats.com\/#website\",\"url\":\"https:\/\/www.grandsformats.com\/\",\"name\":\"Site officiel de la f\u00e9d\u00e9ration Grands Formats\",\"description\":\"F\u00e9d\u00e9ration d&#039;artistes pour la musique en grand !\",\"publisher\":{\"@id\":\"https:\/\/www.grandsformats.com\/#organization\"},\"potentialAction\":[{\"@type\":\"SearchAction\",\"target\":{\"@type\":\"EntryPoint\",\"urlTemplate\":\"https:\/\/www.grandsformats.com\/?s={search_term_string}\"},\"query-input\":{\"@type\":\"PropertyValueSpecification\",\"valueRequired\":true,\"valueName\":\"search_term_string\"}}],\"inLanguage\":\"en-US\"},{\"@type\":\"Organization\",\"@id\":\"https:\/\/www.grandsformats.com\/#organization\",\"name\":\"Grands Formats\",\"url\":\"https:\/\/www.grandsformats.com\/\",\"logo\":{\"@type\":\"ImageObject\",\"inLanguage\":\"en-US\",\"@id\":\"https:\/\/www.grandsformats.com\/#\/schema\/logo\/image\/\",\"url\":\"https:\/\/www.grandsformats.com\/wp-content\/uploads\/2020\/03\/logo-GF-200.png\",\"contentUrl\":\"https:\/\/www.grandsformats.com\/wp-content\/uploads\/2020\/03\/logo-GF-200.png\",\"width\":155,\"height\":200,\"caption\":\"Grands Formats\"},\"image\":{\"@id\":\"https:\/\/www.grandsformats.com\/#\/schema\/logo\/image\/\"},\"sameAs\":[\"https:\/\/www.facebook.com\/grandsformats\/\",\"https:\/\/x.com\/GrandsFormatsGF\",\"https:\/\/www.instagram.com\/grandsformats\/\",\"https:\/\/www.youtube.com\/channel\/UCJ7k9dbqc_DG-nxI3WMPvhw?view_as=subscriberhttps:\/\/www.youtube.com\/channel\/UCJ7k9dbqc_DG-nxI3WMPvhw?view_as=subscriber\"]},{\"@type\":\"Person\",\"@id\":\"https:\/\/www.grandsformats.com\/#\/schema\/person\/6ecde7e38a2254b5bc9d620679208ee1\",\"name\":\"Grands Formats\",\"image\":{\"@type\":\"ImageObject\",\"inLanguage\":\"en-US\",\"@id\":\"https:\/\/www.grandsformats.com\/#\/schema\/person\/image\/\",\"url\":\"https:\/\/secure.gravatar.com\/avatar\/5d06febf5ba4681bd17a251487132861b5339c2d72f789e59decf1c1b05d0078?s=96&d=mm&r=g\",\"contentUrl\":\"https:\/\/secure.gravatar.com\/avatar\/5d06febf5ba4681bd17a251487132861b5339c2d72f789e59decf1c1b05d0078?s=96&d=mm&r=g\",\"caption\":\"Grands Formats\"},\"url\":\"https:\/\/www.grandsformats.com\/en\/author\/margaux\/\"}]}<\/script>\n<!-- \/ Yoast SEO plugin. -->","yoast_head_json":{"title":"Rejoignez la f\u00e9d\u00e9ration en 2020 ! - Site officiel de la f\u00e9d\u00e9ration Grands Formats","robots":{"index":"index","follow":"follow","max-snippet":"max-snippet:-1","max-image-preview":"max-image-preview:large","max-video-preview":"max-video-preview:-1"},"canonical":"https:\/\/www.grandsformats.com\/2019\/11\/rejoignez-federation-2020\/","og_locale":"en_US","og_type":"article","og_title":"Rejoignez la f\u00e9d\u00e9ration en 2020 ! - Site officiel de la f\u00e9d\u00e9ration Grands Formats","og_description":"Les grands ensembles et les collectifs de jazz et musiques improvis\u00e9es \u00e9tant compos\u00e9s d&#8217;au minimum 8 musicien\u00b7ne\u00b7s ont jusqu&#8217;au 2 d\u00e9cembre 2019 \u00e0 midi pour d\u00e9poser leur demande d&#8217;adh\u00e9sion \u00e0 la f\u00e9d\u00e9ration Grands Formats. Pourquoi rejoindre Grands Formats ? En rejoignant la f\u00e9d\u00e9ration Grands Formats, les grands ensembles et les collectifs d&#8217;artistes s&#8217;engagent pour le...Continue reading","og_url":"https:\/\/www.grandsformats.com\/2019\/11\/rejoignez-federation-2020\/","og_site_name":"Site officiel de la f\u00e9d\u00e9ration Grands Formats","article_publisher":"https:\/\/www.facebook.com\/grandsformats\/","article_published_time":"2019-11-07T10:56:41+00:00","article_modified_time":"2020-05-12T14:30:19+00:00","author":"Grands Formats","twitter_card":"summary_large_image","twitter_creator":"@GrandsFormatsGF","twitter_site":"@GrandsFormatsGF","twitter_misc":{"Written by":"Grands Formats","Est. reading time":"1 minute"},"schema":{"@context":"https:\/\/schema.org","@graph":[{"@type":"Article","@id":"https:\/\/www.grandsformats.com\/2019\/11\/rejoignez-federation-2020\/#article","isPartOf":{"@id":"https:\/\/www.grandsformats.com\/2019\/11\/rejoignez-federation-2020\/"},"author":{"name":"Grands Formats","@id":"https:\/\/www.grandsformats.com\/#\/schema\/person\/6ecde7e38a2254b5bc9d620679208ee1"},"headline":"Rejoignez la f\u00e9d\u00e9ration en 2020 !","datePublished":"2019-11-07T10:56:41+00:00","dateModified":"2020-05-12T14:30:19+00:00","mainEntityOfPage":{"@id":"https:\/\/www.grandsformats.com\/2019\/11\/rejoignez-federation-2020\/"},"wordCount":279,"commentCount":0,"publisher":{"@id":"https:\/\/www.grandsformats.com\/#organization"},"articleSection":["Actus de la f\u00e9d\u00e9"],"inLanguage":"en-US","potentialAction":[{"@type":"CommentAction","name":"Comment","target":["https:\/\/www.grandsformats.com\/2019\/11\/rejoignez-federation-2020\/#respond"]}]},{"@type":"WebPage","@id":"https:\/\/www.grandsformats.com\/2019\/11\/rejoignez-federation-2020\/","url":"https:\/\/www.grandsformats.com\/2019\/11\/rejoignez-federation-2020\/","name":"Rejoignez la f\u00e9d\u00e9ration en 2020 ! - Site officiel de la f\u00e9d\u00e9ration Grands Formats","isPartOf":{"@id":"https:\/\/www.grandsformats.com\/#website"},"datePublished":"2019-11-07T10:56:41+00:00","dateModified":"2020-05-12T14:30:19+00:00","breadcrumb":{"@id":"https:\/\/www.grandsformats.com\/2019\/11\/rejoignez-federation-2020\/#breadcrumb"},"inLanguage":"en-US","potentialAction":[{"@type":"ReadAction","target":["https:\/\/www.grandsformats.com\/2019\/11\/rejoignez-federation-2020\/"]}]},{"@type":"BreadcrumbList","@id":"https:\/\/www.grandsformats.com\/2019\/11\/rejoignez-federation-2020\/#breadcrumb","itemListElement":[{"@type":"ListItem","position":1,"name":"Accueil","item":"https:\/\/www.grandsformats.com\/en\/"},{"@type":"ListItem","position":2,"name":"Rejoignez la f\u00e9d\u00e9ration en 2020 !"}]},{"@type":"WebSite","@id":"https:\/\/www.grandsformats.com\/#website","url":"https:\/\/www.grandsformats.com\/","name":"Site officiel de la f\u00e9d\u00e9ration Grands Formats","description":"F\u00e9d\u00e9ration d&#039;artistes pour la musique en grand !","publisher":{"@id":"https:\/\/www.grandsformats.com\/#organization"},"potentialAction":[{"@type":"SearchAction","target":{"@type":"EntryPoint","urlTemplate":"https:\/\/www.grandsformats.com\/?s={search_term_string}"},"query-input":{"@type":"PropertyValueSpecification","valueRequired":true,"valueName":"search_term_string"}}],"inLanguage":"en-US"},{"@type":"Organization","@id":"https:\/\/www.grandsformats.com\/#organization","name":"Grands Formats","url":"https:\/\/www.grandsformats.com\/","logo":{"@type":"ImageObject","inLanguage":"en-US","@id":"https:\/\/www.grandsformats.com\/#\/schema\/logo\/image\/","url":"https:\/\/www.grandsformats.com\/wp-content\/uploads\/2020\/03\/logo-GF-200.png","contentUrl":"https:\/\/www.grandsformats.com\/wp-content\/uploads\/2020\/03\/logo-GF-200.png","width":155,"height":200,"caption":"Grands Formats"},"image":{"@id":"https:\/\/www.grandsformats.com\/#\/schema\/logo\/image\/"},"sameAs":["https:\/\/www.facebook.com\/grandsformats\/","https:\/\/x.com\/GrandsFormatsGF","https:\/\/www.instagram.com\/grandsformats\/","https:\/\/www.youtube.com\/channel\/UCJ7k9dbqc_DG-nxI3WMPvhw?view_as=subscriberhttps:\/\/www.youtube.com\/channel\/UCJ7k9dbqc_DG-nxI3WMPvhw?view_as=subscriber"]},{"@type":"Person","@id":"https:\/\/www.grandsformats.com\/#\/schema\/person\/6ecde7e38a2254b5bc9d620679208ee1","name":"Grands Formats","image":{"@type":"ImageObject","inLanguage":"en-US","@id":"https:\/\/www.grandsformats.com\/#\/schema\/person\/image\/","url":"https:\/\/secure.gravatar.com\/avatar\/5d06febf5ba4681bd17a251487132861b5339c2d72f789e59decf1c1b05d0078?s=96&d=mm&r=g","contentUrl":"https:\/\/secure.gravatar.com\/avatar\/5d06febf5ba4681bd17a251487132861b5339c2d72f789e59decf1c1b05d0078?s=96&d=mm&r=g","caption":"Grands Formats"},"url":"https:\/\/www.grandsformats.com\/en\/author\/margaux\/"}]}},"_links":{"self":[{"href":"https:\/\/www.grandsformats.com\/en\/wp-json\/wp\/v2\/posts\/7543","targetHints":{"allow":["GET"]}}],"collection":[{"href":"https:\/\/www.grandsformats.com\/en\/wp-json\/wp\/v2\/posts"}],"about":[{"href":"https:\/\/www.grandsformats.com\/en\/wp-json\/wp\/v2\/types\/post"}],"author":[{"embeddable":true,"href":"https:\/\/www.grandsformats.com\/en\/wp-json\/wp\/v2\/users\/2"}],"replies":[{"embeddable":true,"href":"https:\/\/www.grandsformats.com\/en\/wp-json\/wp\/v2\/comments?post=7543"}],"version-history":[{"count":0,"href":"https:\/\/www.grandsformats.com\/en\/wp-json\/wp\/v2\/posts\/7543\/revisions"}],"wp:attachment":[{"href":"https:\/\/www.grandsformats.com\/en\/wp-json\/wp\/v2\/media?parent=7543"}],"wp:term":[{"taxonomy":"category","embeddable":true,"href":"https:\/\/www.grandsformats.com\/en\/wp-json\/wp\/v2\/categories?post=7543"},{"taxonomy":"post_tag","embeddable":true,"href":"https:\/\/www.grandsformats.com\/en\/wp-json\/wp\/v2\/tags?post=7543"}],"curies":[{"name":"wp","href":"https:\/\/api.w.org\/{rel}","templated":true}]}}