{"id":7479,"date":"2019-10-04T11:45:53","date_gmt":"2019-10-04T09:45:53","guid":{"rendered":"http:\/\/www.grandsformats.com\/?p=7479"},"modified":"2020-12-08T11:10:54","modified_gmt":"2020-12-08T10:10:54","slug":"premiere-de-rituels-lorchestre-national-de-jazz","status":"publish","type":"post","link":"https:\/\/www.grandsformats.com\/en\/2019\/10\/premiere-de-rituels-lorchestre-national-de-jazz\/","title":{"rendered":"Premi\u00e8re de &#8220;Rituels&#8221; pour l&#8217;Orchestre National de Jazz"},"content":{"rendered":"<h3>Le 18 octobre au festival Jazz\u00e8bre (Perpignan)<\/h3>\n<p><a href=\"http:\/\/www.grandsformats.com\/Membres\/orchestre-national-de-jazz\/\">L&#8217;Orchestre National de Jazz<\/a> pr\u00e9sente cet automne son nouveau programme\u00a0<em>Rituels<\/em>.\u00a0Ce r\u00e9pertoire original, co-\u00e9crit par Fr\u00e9d\u00e9ric Maurin, Ellinoa, Sylvaine H\u00e9lary, Le\u00efla Martial et Gr\u00e9goire Letouvet, nous invite \u00e0 suivre un parcours musical po\u00e9tique construit autour de la notion de rituels quotidiens. Port\u00e9 par une version acoustique de l\u2019orchestre et quatre voix singuli\u00e8res, chaque tableau sonore \u00e9voque le temps comme un \u00e9ternel retour.\u00a0Fascinante \u0153uvre collective aux allures d\u2019oratorio,\u00a0<em>Rituels<\/em>\u00a0nous plonge dans un monde contrast\u00e9 enrichi sur sc\u00e8ne d\u2019une cr\u00e9ation vid\u00e9o imagin\u00e9e par la r\u00e9alisatrice Mali Arun.<\/p>\n<p class=\"p1\"><span class=\"s1\">\u00a9\u00a0<\/span>Sylvain Gripoix<\/p>\n","protected":false},"excerpt":{"rendered":"<p>Le 18 octobre au festival Jazz\u00e8bre (Perpignan) L&#8217;Orchestre National de Jazz pr\u00e9sente cet automne son nouveau programme\u00a0Rituels.\u00a0Ce r\u00e9pertoire original, co-\u00e9crit par Fr\u00e9d\u00e9ric Maurin, Ellinoa, Sylvaine H\u00e9lary, Le\u00efla Martial et Gr\u00e9goire Letouvet, nous invite \u00e0 suivre un parcours musical po\u00e9tique construit autour de la notion de rituels quotidiens. Port\u00e9 par une version acoustique de l\u2019orchestre et&#8230;<\/p>\n<p><a rel=\"bookmark\" class=\"theme-button-text wvc-button wvc-button-size-xs\" href=\"https:\/\/www.grandsformats.com\/en\/2019\/10\/premiere-de-rituels-lorchestre-national-de-jazz\/\"><small class=\"wvc-button-background-fill\"><\/small><span>Continue reading<\/span><\/a><\/p>\n","protected":false},"author":2,"featured_media":13327,"comment_status":"open","ping_status":"open","sticky":false,"template":"","format":"standard","meta":{"_acf_changed":false,"footnotes":""},"categories":[95,603],"tags":[],"class_list":["post-7479","post","type-post","status-publish","format-standard","has-post-thumbnail","hentry","category-membres","category-orchestre-national-de-jazz","entry-post-skin-light","entry","clearfix","entry-grid","entry-columns-default","entry-post-module-layout-sidebar-right","thumbnail-color-tone-dark","metro-landscape","entry-post","entry-masonry","entry-post-masonry"],"acf":[],"yoast_head":"<!-- This site is optimized with the Yoast SEO plugin v25.8 - https:\/\/yoast.com\/wordpress\/plugins\/seo\/ -->\n<title>Premi\u00e8re de &quot;Rituels&quot; pour l&#039;Orchestre National de Jazz - Site officiel de la f\u00e9d\u00e9ration Grands Formats<\/title>\n<meta name=\"robots\" content=\"index, follow, max-snippet:-1, max-image-preview:large, max-video-preview:-1\" \/>\n<link rel=\"canonical\" href=\"https:\/\/www.grandsformats.com\/2019\/10\/premiere-de-rituels-lorchestre-national-de-jazz\/\" \/>\n<meta property=\"og:locale\" content=\"en_US\" \/>\n<meta property=\"og:type\" content=\"article\" \/>\n<meta property=\"og:title\" content=\"Premi\u00e8re de &quot;Rituels&quot; pour l&#039;Orchestre National de Jazz - Site officiel de la f\u00e9d\u00e9ration Grands Formats\" \/>\n<meta property=\"og:description\" content=\"Le 18 octobre au festival Jazz\u00e8bre (Perpignan) L&#8217;Orchestre National de Jazz pr\u00e9sente cet automne son nouveau programme\u00a0Rituels.\u00a0Ce r\u00e9pertoire original, co-\u00e9crit par Fr\u00e9d\u00e9ric Maurin, Ellinoa, Sylvaine H\u00e9lary, Le\u00efla Martial et Gr\u00e9goire Letouvet, nous invite \u00e0 suivre un parcours musical po\u00e9tique construit autour de la notion de rituels quotidiens. Port\u00e9 par une version acoustique de l\u2019orchestre et...Continue reading\" \/>\n<meta property=\"og:url\" content=\"https:\/\/www.grandsformats.com\/2019\/10\/premiere-de-rituels-lorchestre-national-de-jazz\/\" \/>\n<meta property=\"og:site_name\" content=\"Site officiel de la f\u00e9d\u00e9ration Grands Formats\" \/>\n<meta property=\"article:publisher\" content=\"https:\/\/www.facebook.com\/grandsformats\/\" \/>\n<meta property=\"article:published_time\" content=\"2019-10-04T09:45:53+00:00\" \/>\n<meta property=\"article:modified_time\" content=\"2020-12-08T10:10:54+00:00\" \/>\n<meta property=\"og:image\" content=\"https:\/\/www.grandsformats.com\/wp-content\/uploads\/2020\/03\/Orchestre-National-de-Jazz-\u00a9-S.Gripoix-1920x1080-2.jpg\" \/>\n\t<meta property=\"og:image:width\" content=\"1920\" \/>\n\t<meta property=\"og:image:height\" content=\"1080\" \/>\n\t<meta property=\"og:image:type\" content=\"image\/jpeg\" \/>\n<meta name=\"author\" content=\"Grands Formats\" \/>\n<meta name=\"twitter:card\" content=\"summary_large_image\" \/>\n<meta name=\"twitter:creator\" content=\"@GrandsFormatsGF\" \/>\n<meta name=\"twitter:site\" content=\"@GrandsFormatsGF\" \/>\n<meta name=\"twitter:label1\" content=\"Written by\" \/>\n\t<meta name=\"twitter:data1\" content=\"Grands Formats\" \/>\n\t<meta name=\"twitter:label2\" content=\"Est. reading time\" \/>\n\t<meta name=\"twitter:data2\" content=\"1 minute\" \/>\n<script type=\"application\/ld+json\" class=\"yoast-schema-graph\">{\"@context\":\"https:\/\/schema.org\",\"@graph\":[{\"@type\":\"Article\",\"@id\":\"https:\/\/www.grandsformats.com\/2019\/10\/premiere-de-rituels-lorchestre-national-de-jazz\/#article\",\"isPartOf\":{\"@id\":\"https:\/\/www.grandsformats.com\/2019\/10\/premiere-de-rituels-lorchestre-national-de-jazz\/\"},\"author\":{\"name\":\"Grands Formats\",\"@id\":\"https:\/\/www.grandsformats.com\/#\/schema\/person\/6ecde7e38a2254b5bc9d620679208ee1\"},\"headline\":\"Premi\u00e8re de &#8220;Rituels&#8221; pour l&#8217;Orchestre National de Jazz\",\"datePublished\":\"2019-10-04T09:45:53+00:00\",\"dateModified\":\"2020-12-08T10:10:54+00:00\",\"mainEntityOfPage\":{\"@id\":\"https:\/\/www.grandsformats.com\/2019\/10\/premiere-de-rituels-lorchestre-national-de-jazz\/\"},\"wordCount\":125,\"commentCount\":0,\"publisher\":{\"@id\":\"https:\/\/www.grandsformats.com\/#organization\"},\"image\":{\"@id\":\"https:\/\/www.grandsformats.com\/2019\/10\/premiere-de-rituels-lorchestre-national-de-jazz\/#primaryimage\"},\"thumbnailUrl\":\"https:\/\/www.grandsformats.com\/wp-content\/uploads\/2020\/03\/Orchestre-National-de-Jazz-\u00a9-S.Gripoix-1920x1080-2.jpg\",\"articleSection\":[\"Actus des membres\",\"Orchestre National de Jazz\"],\"inLanguage\":\"en-US\",\"potentialAction\":[{\"@type\":\"CommentAction\",\"name\":\"Comment\",\"target\":[\"https:\/\/www.grandsformats.com\/2019\/10\/premiere-de-rituels-lorchestre-national-de-jazz\/#respond\"]}]},{\"@type\":\"WebPage\",\"@id\":\"https:\/\/www.grandsformats.com\/2019\/10\/premiere-de-rituels-lorchestre-national-de-jazz\/\",\"url\":\"https:\/\/www.grandsformats.com\/2019\/10\/premiere-de-rituels-lorchestre-national-de-jazz\/\",\"name\":\"Premi\u00e8re de \\\"Rituels\\\" pour l'Orchestre National de Jazz - Site officiel de la f\u00e9d\u00e9ration Grands Formats\",\"isPartOf\":{\"@id\":\"https:\/\/www.grandsformats.com\/#website\"},\"primaryImageOfPage\":{\"@id\":\"https:\/\/www.grandsformats.com\/2019\/10\/premiere-de-rituels-lorchestre-national-de-jazz\/#primaryimage\"},\"image\":{\"@id\":\"https:\/\/www.grandsformats.com\/2019\/10\/premiere-de-rituels-lorchestre-national-de-jazz\/#primaryimage\"},\"thumbnailUrl\":\"https:\/\/www.grandsformats.com\/wp-content\/uploads\/2020\/03\/Orchestre-National-de-Jazz-\u00a9-S.Gripoix-1920x1080-2.jpg\",\"datePublished\":\"2019-10-04T09:45:53+00:00\",\"dateModified\":\"2020-12-08T10:10:54+00:00\",\"breadcrumb\":{\"@id\":\"https:\/\/www.grandsformats.com\/2019\/10\/premiere-de-rituels-lorchestre-national-de-jazz\/#breadcrumb\"},\"inLanguage\":\"en-US\",\"potentialAction\":[{\"@type\":\"ReadAction\",\"target\":[\"https:\/\/www.grandsformats.com\/2019\/10\/premiere-de-rituels-lorchestre-national-de-jazz\/\"]}]},{\"@type\":\"ImageObject\",\"inLanguage\":\"en-US\",\"@id\":\"https:\/\/www.grandsformats.com\/2019\/10\/premiere-de-rituels-lorchestre-national-de-jazz\/#primaryimage\",\"url\":\"https:\/\/www.grandsformats.com\/wp-content\/uploads\/2020\/03\/Orchestre-National-de-Jazz-\u00a9-S.Gripoix-1920x1080-2.jpg\",\"contentUrl\":\"https:\/\/www.grandsformats.com\/wp-content\/uploads\/2020\/03\/Orchestre-National-de-Jazz-\u00a9-S.Gripoix-1920x1080-2.jpg\",\"width\":1920,\"height\":1080,\"caption\":\"\u00a9 S. Gripoix\"},{\"@type\":\"BreadcrumbList\",\"@id\":\"https:\/\/www.grandsformats.com\/2019\/10\/premiere-de-rituels-lorchestre-national-de-jazz\/#breadcrumb\",\"itemListElement\":[{\"@type\":\"ListItem\",\"position\":1,\"name\":\"Accueil\",\"item\":\"https:\/\/www.grandsformats.com\/en\/\"},{\"@type\":\"ListItem\",\"position\":2,\"name\":\"Premi\u00e8re de \u00ab\u00a0Rituels\u00a0\u00bb pour l&rsquo;Orchestre National de Jazz\"}]},{\"@type\":\"WebSite\",\"@id\":\"https:\/\/www.grandsformats.com\/#website\",\"url\":\"https:\/\/www.grandsformats.com\/\",\"name\":\"Site officiel de la f\u00e9d\u00e9ration Grands Formats\",\"description\":\"F\u00e9d\u00e9ration d&#039;artistes pour la musique en grand !\",\"publisher\":{\"@id\":\"https:\/\/www.grandsformats.com\/#organization\"},\"potentialAction\":[{\"@type\":\"SearchAction\",\"target\":{\"@type\":\"EntryPoint\",\"urlTemplate\":\"https:\/\/www.grandsformats.com\/?s={search_term_string}\"},\"query-input\":{\"@type\":\"PropertyValueSpecification\",\"valueRequired\":true,\"valueName\":\"search_term_string\"}}],\"inLanguage\":\"en-US\"},{\"@type\":\"Organization\",\"@id\":\"https:\/\/www.grandsformats.com\/#organization\",\"name\":\"Grands Formats\",\"url\":\"https:\/\/www.grandsformats.com\/\",\"logo\":{\"@type\":\"ImageObject\",\"inLanguage\":\"en-US\",\"@id\":\"https:\/\/www.grandsformats.com\/#\/schema\/logo\/image\/\",\"url\":\"https:\/\/www.grandsformats.com\/wp-content\/uploads\/2020\/03\/logo-GF-200.png\",\"contentUrl\":\"https:\/\/www.grandsformats.com\/wp-content\/uploads\/2020\/03\/logo-GF-200.png\",\"width\":155,\"height\":200,\"caption\":\"Grands Formats\"},\"image\":{\"@id\":\"https:\/\/www.grandsformats.com\/#\/schema\/logo\/image\/\"},\"sameAs\":[\"https:\/\/www.facebook.com\/grandsformats\/\",\"https:\/\/x.com\/GrandsFormatsGF\",\"https:\/\/www.instagram.com\/grandsformats\/\",\"https:\/\/www.youtube.com\/channel\/UCJ7k9dbqc_DG-nxI3WMPvhw?view_as=subscriberhttps:\/\/www.youtube.com\/channel\/UCJ7k9dbqc_DG-nxI3WMPvhw?view_as=subscriber\"]},{\"@type\":\"Person\",\"@id\":\"https:\/\/www.grandsformats.com\/#\/schema\/person\/6ecde7e38a2254b5bc9d620679208ee1\",\"name\":\"Grands Formats\",\"image\":{\"@type\":\"ImageObject\",\"inLanguage\":\"en-US\",\"@id\":\"https:\/\/www.grandsformats.com\/#\/schema\/person\/image\/\",\"url\":\"https:\/\/secure.gravatar.com\/avatar\/5d06febf5ba4681bd17a251487132861b5339c2d72f789e59decf1c1b05d0078?s=96&d=mm&r=g\",\"contentUrl\":\"https:\/\/secure.gravatar.com\/avatar\/5d06febf5ba4681bd17a251487132861b5339c2d72f789e59decf1c1b05d0078?s=96&d=mm&r=g\",\"caption\":\"Grands Formats\"},\"url\":\"https:\/\/www.grandsformats.com\/en\/author\/margaux\/\"}]}<\/script>\n<!-- \/ Yoast SEO plugin. -->","yoast_head_json":{"title":"Premi\u00e8re de \"Rituels\" pour l'Orchestre National de Jazz - Site officiel de la f\u00e9d\u00e9ration Grands Formats","robots":{"index":"index","follow":"follow","max-snippet":"max-snippet:-1","max-image-preview":"max-image-preview:large","max-video-preview":"max-video-preview:-1"},"canonical":"https:\/\/www.grandsformats.com\/2019\/10\/premiere-de-rituels-lorchestre-national-de-jazz\/","og_locale":"en_US","og_type":"article","og_title":"Premi\u00e8re de \"Rituels\" pour l'Orchestre National de Jazz - Site officiel de la f\u00e9d\u00e9ration Grands Formats","og_description":"Le 18 octobre au festival Jazz\u00e8bre (Perpignan) L&#8217;Orchestre National de Jazz pr\u00e9sente cet automne son nouveau programme\u00a0Rituels.\u00a0Ce r\u00e9pertoire original, co-\u00e9crit par Fr\u00e9d\u00e9ric Maurin, Ellinoa, Sylvaine H\u00e9lary, Le\u00efla Martial et Gr\u00e9goire Letouvet, nous invite \u00e0 suivre un parcours musical po\u00e9tique construit autour de la notion de rituels quotidiens. Port\u00e9 par une version acoustique de l\u2019orchestre et...Continue reading","og_url":"https:\/\/www.grandsformats.com\/2019\/10\/premiere-de-rituels-lorchestre-national-de-jazz\/","og_site_name":"Site officiel de la f\u00e9d\u00e9ration Grands Formats","article_publisher":"https:\/\/www.facebook.com\/grandsformats\/","article_published_time":"2019-10-04T09:45:53+00:00","article_modified_time":"2020-12-08T10:10:54+00:00","og_image":[{"width":1920,"height":1080,"url":"https:\/\/www.grandsformats.com\/wp-content\/uploads\/2020\/03\/Orchestre-National-de-Jazz-\u00a9-S.Gripoix-1920x1080-2.jpg","type":"image\/jpeg"}],"author":"Grands Formats","twitter_card":"summary_large_image","twitter_creator":"@GrandsFormatsGF","twitter_site":"@GrandsFormatsGF","twitter_misc":{"Written by":"Grands Formats","Est. reading time":"1 minute"},"schema":{"@context":"https:\/\/schema.org","@graph":[{"@type":"Article","@id":"https:\/\/www.grandsformats.com\/2019\/10\/premiere-de-rituels-lorchestre-national-de-jazz\/#article","isPartOf":{"@id":"https:\/\/www.grandsformats.com\/2019\/10\/premiere-de-rituels-lorchestre-national-de-jazz\/"},"author":{"name":"Grands Formats","@id":"https:\/\/www.grandsformats.com\/#\/schema\/person\/6ecde7e38a2254b5bc9d620679208ee1"},"headline":"Premi\u00e8re de &#8220;Rituels&#8221; pour l&#8217;Orchestre National de Jazz","datePublished":"2019-10-04T09:45:53+00:00","dateModified":"2020-12-08T10:10:54+00:00","mainEntityOfPage":{"@id":"https:\/\/www.grandsformats.com\/2019\/10\/premiere-de-rituels-lorchestre-national-de-jazz\/"},"wordCount":125,"commentCount":0,"publisher":{"@id":"https:\/\/www.grandsformats.com\/#organization"},"image":{"@id":"https:\/\/www.grandsformats.com\/2019\/10\/premiere-de-rituels-lorchestre-national-de-jazz\/#primaryimage"},"thumbnailUrl":"https:\/\/www.grandsformats.com\/wp-content\/uploads\/2020\/03\/Orchestre-National-de-Jazz-\u00a9-S.Gripoix-1920x1080-2.jpg","articleSection":["Actus des membres","Orchestre National de Jazz"],"inLanguage":"en-US","potentialAction":[{"@type":"CommentAction","name":"Comment","target":["https:\/\/www.grandsformats.com\/2019\/10\/premiere-de-rituels-lorchestre-national-de-jazz\/#respond"]}]},{"@type":"WebPage","@id":"https:\/\/www.grandsformats.com\/2019\/10\/premiere-de-rituels-lorchestre-national-de-jazz\/","url":"https:\/\/www.grandsformats.com\/2019\/10\/premiere-de-rituels-lorchestre-national-de-jazz\/","name":"Premi\u00e8re de \"Rituels\" pour l'Orchestre National de Jazz - Site officiel de la f\u00e9d\u00e9ration Grands Formats","isPartOf":{"@id":"https:\/\/www.grandsformats.com\/#website"},"primaryImageOfPage":{"@id":"https:\/\/www.grandsformats.com\/2019\/10\/premiere-de-rituels-lorchestre-national-de-jazz\/#primaryimage"},"image":{"@id":"https:\/\/www.grandsformats.com\/2019\/10\/premiere-de-rituels-lorchestre-national-de-jazz\/#primaryimage"},"thumbnailUrl":"https:\/\/www.grandsformats.com\/wp-content\/uploads\/2020\/03\/Orchestre-National-de-Jazz-\u00a9-S.Gripoix-1920x1080-2.jpg","datePublished":"2019-10-04T09:45:53+00:00","dateModified":"2020-12-08T10:10:54+00:00","breadcrumb":{"@id":"https:\/\/www.grandsformats.com\/2019\/10\/premiere-de-rituels-lorchestre-national-de-jazz\/#breadcrumb"},"inLanguage":"en-US","potentialAction":[{"@type":"ReadAction","target":["https:\/\/www.grandsformats.com\/2019\/10\/premiere-de-rituels-lorchestre-national-de-jazz\/"]}]},{"@type":"ImageObject","inLanguage":"en-US","@id":"https:\/\/www.grandsformats.com\/2019\/10\/premiere-de-rituels-lorchestre-national-de-jazz\/#primaryimage","url":"https:\/\/www.grandsformats.com\/wp-content\/uploads\/2020\/03\/Orchestre-National-de-Jazz-\u00a9-S.Gripoix-1920x1080-2.jpg","contentUrl":"https:\/\/www.grandsformats.com\/wp-content\/uploads\/2020\/03\/Orchestre-National-de-Jazz-\u00a9-S.Gripoix-1920x1080-2.jpg","width":1920,"height":1080,"caption":"\u00a9 S. Gripoix"},{"@type":"BreadcrumbList","@id":"https:\/\/www.grandsformats.com\/2019\/10\/premiere-de-rituels-lorchestre-national-de-jazz\/#breadcrumb","itemListElement":[{"@type":"ListItem","position":1,"name":"Accueil","item":"https:\/\/www.grandsformats.com\/en\/"},{"@type":"ListItem","position":2,"name":"Premi\u00e8re de \u00ab\u00a0Rituels\u00a0\u00bb pour l&rsquo;Orchestre National de Jazz"}]},{"@type":"WebSite","@id":"https:\/\/www.grandsformats.com\/#website","url":"https:\/\/www.grandsformats.com\/","name":"Site officiel de la f\u00e9d\u00e9ration Grands Formats","description":"F\u00e9d\u00e9ration d&#039;artistes pour la musique en grand !","publisher":{"@id":"https:\/\/www.grandsformats.com\/#organization"},"potentialAction":[{"@type":"SearchAction","target":{"@type":"EntryPoint","urlTemplate":"https:\/\/www.grandsformats.com\/?s={search_term_string}"},"query-input":{"@type":"PropertyValueSpecification","valueRequired":true,"valueName":"search_term_string"}}],"inLanguage":"en-US"},{"@type":"Organization","@id":"https:\/\/www.grandsformats.com\/#organization","name":"Grands Formats","url":"https:\/\/www.grandsformats.com\/","logo":{"@type":"ImageObject","inLanguage":"en-US","@id":"https:\/\/www.grandsformats.com\/#\/schema\/logo\/image\/","url":"https:\/\/www.grandsformats.com\/wp-content\/uploads\/2020\/03\/logo-GF-200.png","contentUrl":"https:\/\/www.grandsformats.com\/wp-content\/uploads\/2020\/03\/logo-GF-200.png","width":155,"height":200,"caption":"Grands Formats"},"image":{"@id":"https:\/\/www.grandsformats.com\/#\/schema\/logo\/image\/"},"sameAs":["https:\/\/www.facebook.com\/grandsformats\/","https:\/\/x.com\/GrandsFormatsGF","https:\/\/www.instagram.com\/grandsformats\/","https:\/\/www.youtube.com\/channel\/UCJ7k9dbqc_DG-nxI3WMPvhw?view_as=subscriberhttps:\/\/www.youtube.com\/channel\/UCJ7k9dbqc_DG-nxI3WMPvhw?view_as=subscriber"]},{"@type":"Person","@id":"https:\/\/www.grandsformats.com\/#\/schema\/person\/6ecde7e38a2254b5bc9d620679208ee1","name":"Grands Formats","image":{"@type":"ImageObject","inLanguage":"en-US","@id":"https:\/\/www.grandsformats.com\/#\/schema\/person\/image\/","url":"https:\/\/secure.gravatar.com\/avatar\/5d06febf5ba4681bd17a251487132861b5339c2d72f789e59decf1c1b05d0078?s=96&d=mm&r=g","contentUrl":"https:\/\/secure.gravatar.com\/avatar\/5d06febf5ba4681bd17a251487132861b5339c2d72f789e59decf1c1b05d0078?s=96&d=mm&r=g","caption":"Grands Formats"},"url":"https:\/\/www.grandsformats.com\/en\/author\/margaux\/"}]}},"_links":{"self":[{"href":"https:\/\/www.grandsformats.com\/en\/wp-json\/wp\/v2\/posts\/7479","targetHints":{"allow":["GET"]}}],"collection":[{"href":"https:\/\/www.grandsformats.com\/en\/wp-json\/wp\/v2\/posts"}],"about":[{"href":"https:\/\/www.grandsformats.com\/en\/wp-json\/wp\/v2\/types\/post"}],"author":[{"embeddable":true,"href":"https:\/\/www.grandsformats.com\/en\/wp-json\/wp\/v2\/users\/2"}],"replies":[{"embeddable":true,"href":"https:\/\/www.grandsformats.com\/en\/wp-json\/wp\/v2\/comments?post=7479"}],"version-history":[{"count":0,"href":"https:\/\/www.grandsformats.com\/en\/wp-json\/wp\/v2\/posts\/7479\/revisions"}],"wp:featuredmedia":[{"embeddable":true,"href":"https:\/\/www.grandsformats.com\/en\/wp-json\/wp\/v2\/media\/13327"}],"wp:attachment":[{"href":"https:\/\/www.grandsformats.com\/en\/wp-json\/wp\/v2\/media?parent=7479"}],"wp:term":[{"taxonomy":"category","embeddable":true,"href":"https:\/\/www.grandsformats.com\/en\/wp-json\/wp\/v2\/categories?post=7479"},{"taxonomy":"post_tag","embeddable":true,"href":"https:\/\/www.grandsformats.com\/en\/wp-json\/wp\/v2\/tags?post=7479"}],"curies":[{"name":"wp","href":"https:\/\/api.w.org\/{rel}","templated":true}]}}