{"id":7220,"date":"2019-07-11T11:11:18","date_gmt":"2019-07-11T10:11:18","guid":{"rendered":"http:\/\/www.grandsformats.com\/?p=7220"},"modified":"2020-05-14T14:57:34","modified_gmt":"2020-05-14T12:57:34","slug":"edito-de-lete","status":"publish","type":"post","link":"https:\/\/www.grandsformats.com\/en\/2019\/07\/edito-de-lete\/","title":{"rendered":"Summertime pour les Grands Formats&#8230;"},"content":{"rendered":"<p>Et c&#8217;est avec des temp\u00e9ratures caniculaires que d\u00e9bute l&#8217;\u00e9t\u00e9 2019, pr\u00e9figuration des changements climatiques \u00e9vidents qui nous attendent pour les d\u00e9cennies \u00e0 venir&#8230; Mais qu&#8217;en est-il de l\u2019avenir des Grands Formats, qu&#8217;ils soient orchestres de cr\u00e9ation, de r\u00e9pertoire, qu\u2019ils s\u2019adressent ou non au jeune public ?<\/p>\n<p>En 2019, on peut se f\u00e9liciter car la f\u00e9d\u00e9ration compte actuellement quelques 84 membres et s&#8217;est ouverte aux collectifs de musicien\u00b7ne\u00b7s qui sont \u00e0 la fois des regroupements de femmes et d\u2019hommes qui cr\u00e9ent la musique de demain et des agitateurs de dynamique culturelle dans leurs r\u00e9gions.<br \/>\nTout cela, d&#8217;un \u0153il positif, nous pousse \u00e0 penser que la cr\u00e9ation artistique actuelle est sur une phase ascendante, et nous sommes nombreux parmi les compositeur\u00b7trice\u00b7s, musicien\u00b7ne\u00b7s et p\u00e9dagogues \u00e0 approuver avec bienveillance l&#8217;\u00e9mergence de nouveaux talents qui sauront poursuivre leur voie artistique avec int\u00e9grit\u00e9.<\/p>\n<p>Cependant, alors m\u00eame que l&#8217;on sait que les mois de juillet et ao\u00fbt sont la p\u00e9riode des grands festivals, qui touchent \u00e0 priori le plus de publics, c&#8217;est aussi la p\u00e9riode durant laquelle les orchestres membres de la f\u00e9d\u00e9ration jouent le moins\u2026<br \/>\nTout cela n&#8217;a rien de nouveau car on sait que les \u00ab grands \u00bb festivals d&#8217;\u00e9t\u00e9 souhaitent toucher un public le plus large possible. Ce qui est pourtant aussi la r\u00e9alit\u00e9 de nos orchestres. Malheureusement quand ils sont programm\u00e9s l\u2019\u00e9t\u00e9, ils le sont dans des festivals plus modestes misant sur la notion de \u201cgo\u00fbt artistique\u201c chez leurs spectateurs. Alors que d\u00e9couvrir la musique en grand format et plonger dans l\u2019univers de leurs compositeur\u00b7trice\u00b7s et arrangeur\u00b7euse\u00b7s en concert reste une exp\u00e9rience marquante pour tous les publics. Initi\u00e9 ou non.<\/p>\n<p>Et quand on apprend \u00e9galement que les \u00e9missions d\u00e9di\u00e9es \u00e0 la cr\u00e9ation actuelle sur France Musique seront vraisemblablement toutes regroup\u00e9es dans une \u00e9mission dominicale, sans que l\u2019on en connaisse r\u00e9ellement le contenu et la place qui sera par ailleurs accord\u00e9e \u00e0 la cr\u00e9ation musicale le reste de la semaine, on est en droit de regretter que ce que nous d\u00e9fendons artistiquement soit associ\u00e9 \u00e0 une musique r\u00e9serv\u00e9e \u00e0 une \u00e9lite \u00e9clair\u00e9e. On peut d\u00e8s lors se demander pourquoi on ne laisse pas vivre \u00e0 ce point la cr\u00e9ation, la musique qui se construit aujourd\u2019hui, celle qui cherche pour demain.<\/p>\n<p>Pour ma part, et de la part de Grands Formats, je vous souhaite de tout mon c\u0153ur, en cet \u00e9t\u00e9 2019 d&#8217;avoir la chance de d\u00e9couvrir ou de red\u00e9couvrir un des orchestres de la f\u00e9d\u00e9ration, ou un des orchestres que la f\u00e9d\u00e9ration ne conna\u00eet pas encore, ou m\u00eame un groupe super qui joue une musique qui vous \u00e9tait jusqu&#8217;alors inconnue !<\/p>\n<p><strong>Alfred Vilayleck, <a href=\"http:\/\/www.grandsformats.com\/Membres\/gek\/\">Grand Ensemble Koa<\/a> et membre du CA de Grands Formats<\/strong><\/p>\n","protected":false},"excerpt":{"rendered":"<p>Et c&#8217;est avec des temp\u00e9ratures caniculaires que d\u00e9bute l&#8217;\u00e9t\u00e9 2019, pr\u00e9figuration des changements climatiques \u00e9vidents qui nous attendent pour les d\u00e9cennies \u00e0 venir&#8230; Mais qu&#8217;en est-il de l\u2019avenir des Grands Formats, qu&#8217;ils soient orchestres de cr\u00e9ation, de r\u00e9pertoire, qu\u2019ils s\u2019adressent ou non au jeune public ? En 2019, on peut se f\u00e9liciter car la f\u00e9d\u00e9ration&#8230;<\/p>\n<p><a rel=\"bookmark\" class=\"theme-button-text wvc-button wvc-button-size-xs\" href=\"https:\/\/www.grandsformats.com\/en\/2019\/07\/edito-de-lete\/\"><small class=\"wvc-button-background-fill\"><\/small><span>Continue reading<\/span><\/a><\/p>\n","protected":false},"author":2,"featured_media":12964,"comment_status":"open","ping_status":"open","sticky":false,"template":"","format":"standard","meta":{"_acf_changed":false,"footnotes":""},"categories":[224],"tags":[],"class_list":["post-7220","post","type-post","status-publish","format-standard","has-post-thumbnail","hentry","category-tribunes","entry-post-skin-light","entry","clearfix","entry-grid","entry-columns-default","entry-post-module-layout-sidebar-right","thumbnail-color-tone-dark","metro-landscape","entry-post","entry-masonry","entry-post-masonry"],"acf":[],"yoast_head":"<!-- This site is optimized with the Yoast SEO plugin v25.8 - https:\/\/yoast.com\/wordpress\/plugins\/seo\/ -->\n<title>Summertime pour les Grands Formats... - Site officiel de la f\u00e9d\u00e9ration Grands Formats<\/title>\n<meta name=\"robots\" content=\"index, follow, max-snippet:-1, max-image-preview:large, max-video-preview:-1\" \/>\n<link rel=\"canonical\" href=\"https:\/\/www.grandsformats.com\/2019\/07\/edito-de-lete\/\" \/>\n<meta property=\"og:locale\" content=\"en_US\" \/>\n<meta property=\"og:type\" content=\"article\" \/>\n<meta property=\"og:title\" content=\"Summertime pour les Grands Formats... - Site officiel de la f\u00e9d\u00e9ration Grands Formats\" \/>\n<meta property=\"og:description\" content=\"Et c&#8217;est avec des temp\u00e9ratures caniculaires que d\u00e9bute l&#8217;\u00e9t\u00e9 2019, pr\u00e9figuration des changements climatiques \u00e9vidents qui nous attendent pour les d\u00e9cennies \u00e0 venir&#8230; Mais qu&#8217;en est-il de l\u2019avenir des Grands Formats, qu&#8217;ils soient orchestres de cr\u00e9ation, de r\u00e9pertoire, qu\u2019ils s\u2019adressent ou non au jeune public ? En 2019, on peut se f\u00e9liciter car la f\u00e9d\u00e9ration...Continue reading\" \/>\n<meta property=\"og:url\" content=\"https:\/\/www.grandsformats.com\/2019\/07\/edito-de-lete\/\" \/>\n<meta property=\"og:site_name\" content=\"Site officiel de la f\u00e9d\u00e9ration Grands Formats\" \/>\n<meta property=\"article:publisher\" content=\"https:\/\/www.facebook.com\/grandsformats\/\" \/>\n<meta property=\"article:published_time\" content=\"2019-07-11T10:11:18+00:00\" \/>\n<meta property=\"article:modified_time\" content=\"2020-05-14T12:57:34+00:00\" \/>\n<meta property=\"og:image\" content=\"https:\/\/www.grandsformats.com\/wp-content\/uploads\/2019\/07\/Portrait-Alfred-Vilayleck-\u00a9-Dominique-Julian.jpg\" \/>\n\t<meta property=\"og:image:width\" content=\"1920\" \/>\n\t<meta property=\"og:image:height\" content=\"1080\" \/>\n\t<meta property=\"og:image:type\" content=\"image\/jpeg\" \/>\n<meta name=\"author\" content=\"Grands Formats\" \/>\n<meta name=\"twitter:card\" content=\"summary_large_image\" \/>\n<meta name=\"twitter:creator\" content=\"@GrandsFormatsGF\" \/>\n<meta name=\"twitter:site\" content=\"@GrandsFormatsGF\" \/>\n<meta name=\"twitter:label1\" content=\"Written by\" \/>\n\t<meta name=\"twitter:data1\" content=\"Grands Formats\" \/>\n\t<meta name=\"twitter:label2\" content=\"Est. reading time\" \/>\n\t<meta name=\"twitter:data2\" content=\"2 minutes\" \/>\n<script type=\"application\/ld+json\" class=\"yoast-schema-graph\">{\"@context\":\"https:\/\/schema.org\",\"@graph\":[{\"@type\":\"Article\",\"@id\":\"https:\/\/www.grandsformats.com\/2019\/07\/edito-de-lete\/#article\",\"isPartOf\":{\"@id\":\"https:\/\/www.grandsformats.com\/2019\/07\/edito-de-lete\/\"},\"author\":{\"name\":\"Grands Formats\",\"@id\":\"https:\/\/www.grandsformats.com\/#\/schema\/person\/6ecde7e38a2254b5bc9d620679208ee1\"},\"headline\":\"Summertime pour les Grands Formats&#8230;\",\"datePublished\":\"2019-07-11T10:11:18+00:00\",\"dateModified\":\"2020-05-14T12:57:34+00:00\",\"mainEntityOfPage\":{\"@id\":\"https:\/\/www.grandsformats.com\/2019\/07\/edito-de-lete\/\"},\"wordCount\":505,\"commentCount\":0,\"publisher\":{\"@id\":\"https:\/\/www.grandsformats.com\/#organization\"},\"image\":{\"@id\":\"https:\/\/www.grandsformats.com\/2019\/07\/edito-de-lete\/#primaryimage\"},\"thumbnailUrl\":\"https:\/\/www.grandsformats.com\/wp-content\/uploads\/2019\/07\/Portrait-Alfred-Vilayleck-\u00a9-Dominique-Julian.jpg\",\"articleSection\":[\"Tribunes\"],\"inLanguage\":\"en-US\",\"potentialAction\":[{\"@type\":\"CommentAction\",\"name\":\"Comment\",\"target\":[\"https:\/\/www.grandsformats.com\/2019\/07\/edito-de-lete\/#respond\"]}]},{\"@type\":\"WebPage\",\"@id\":\"https:\/\/www.grandsformats.com\/2019\/07\/edito-de-lete\/\",\"url\":\"https:\/\/www.grandsformats.com\/2019\/07\/edito-de-lete\/\",\"name\":\"Summertime pour les Grands Formats... - Site officiel de la f\u00e9d\u00e9ration Grands Formats\",\"isPartOf\":{\"@id\":\"https:\/\/www.grandsformats.com\/#website\"},\"primaryImageOfPage\":{\"@id\":\"https:\/\/www.grandsformats.com\/2019\/07\/edito-de-lete\/#primaryimage\"},\"image\":{\"@id\":\"https:\/\/www.grandsformats.com\/2019\/07\/edito-de-lete\/#primaryimage\"},\"thumbnailUrl\":\"https:\/\/www.grandsformats.com\/wp-content\/uploads\/2019\/07\/Portrait-Alfred-Vilayleck-\u00a9-Dominique-Julian.jpg\",\"datePublished\":\"2019-07-11T10:11:18+00:00\",\"dateModified\":\"2020-05-14T12:57:34+00:00\",\"breadcrumb\":{\"@id\":\"https:\/\/www.grandsformats.com\/2019\/07\/edito-de-lete\/#breadcrumb\"},\"inLanguage\":\"en-US\",\"potentialAction\":[{\"@type\":\"ReadAction\",\"target\":[\"https:\/\/www.grandsformats.com\/2019\/07\/edito-de-lete\/\"]}]},{\"@type\":\"ImageObject\",\"inLanguage\":\"en-US\",\"@id\":\"https:\/\/www.grandsformats.com\/2019\/07\/edito-de-lete\/#primaryimage\",\"url\":\"https:\/\/www.grandsformats.com\/wp-content\/uploads\/2019\/07\/Portrait-Alfred-Vilayleck-\u00a9-Dominique-Julian.jpg\",\"contentUrl\":\"https:\/\/www.grandsformats.com\/wp-content\/uploads\/2019\/07\/Portrait-Alfred-Vilayleck-\u00a9-Dominique-Julian.jpg\",\"width\":1920,\"height\":1080,\"caption\":\"Alfred Vilayleck \u00a9 Dominique Julian\"},{\"@type\":\"BreadcrumbList\",\"@id\":\"https:\/\/www.grandsformats.com\/2019\/07\/edito-de-lete\/#breadcrumb\",\"itemListElement\":[{\"@type\":\"ListItem\",\"position\":1,\"name\":\"Accueil\",\"item\":\"https:\/\/www.grandsformats.com\/en\/\"},{\"@type\":\"ListItem\",\"position\":2,\"name\":\"Summertime pour les Grands Formats&#8230;\"}]},{\"@type\":\"WebSite\",\"@id\":\"https:\/\/www.grandsformats.com\/#website\",\"url\":\"https:\/\/www.grandsformats.com\/\",\"name\":\"Site officiel de la f\u00e9d\u00e9ration Grands Formats\",\"description\":\"F\u00e9d\u00e9ration d&#039;artistes pour la musique en grand !\",\"publisher\":{\"@id\":\"https:\/\/www.grandsformats.com\/#organization\"},\"potentialAction\":[{\"@type\":\"SearchAction\",\"target\":{\"@type\":\"EntryPoint\",\"urlTemplate\":\"https:\/\/www.grandsformats.com\/?s={search_term_string}\"},\"query-input\":{\"@type\":\"PropertyValueSpecification\",\"valueRequired\":true,\"valueName\":\"search_term_string\"}}],\"inLanguage\":\"en-US\"},{\"@type\":\"Organization\",\"@id\":\"https:\/\/www.grandsformats.com\/#organization\",\"name\":\"Grands Formats\",\"url\":\"https:\/\/www.grandsformats.com\/\",\"logo\":{\"@type\":\"ImageObject\",\"inLanguage\":\"en-US\",\"@id\":\"https:\/\/www.grandsformats.com\/#\/schema\/logo\/image\/\",\"url\":\"https:\/\/www.grandsformats.com\/wp-content\/uploads\/2020\/03\/logo-GF-200.png\",\"contentUrl\":\"https:\/\/www.grandsformats.com\/wp-content\/uploads\/2020\/03\/logo-GF-200.png\",\"width\":155,\"height\":200,\"caption\":\"Grands Formats\"},\"image\":{\"@id\":\"https:\/\/www.grandsformats.com\/#\/schema\/logo\/image\/\"},\"sameAs\":[\"https:\/\/www.facebook.com\/grandsformats\/\",\"https:\/\/x.com\/GrandsFormatsGF\",\"https:\/\/www.instagram.com\/grandsformats\/\",\"https:\/\/www.youtube.com\/channel\/UCJ7k9dbqc_DG-nxI3WMPvhw?view_as=subscriberhttps:\/\/www.youtube.com\/channel\/UCJ7k9dbqc_DG-nxI3WMPvhw?view_as=subscriber\"]},{\"@type\":\"Person\",\"@id\":\"https:\/\/www.grandsformats.com\/#\/schema\/person\/6ecde7e38a2254b5bc9d620679208ee1\",\"name\":\"Grands Formats\",\"image\":{\"@type\":\"ImageObject\",\"inLanguage\":\"en-US\",\"@id\":\"https:\/\/www.grandsformats.com\/#\/schema\/person\/image\/\",\"url\":\"https:\/\/secure.gravatar.com\/avatar\/5d06febf5ba4681bd17a251487132861b5339c2d72f789e59decf1c1b05d0078?s=96&d=mm&r=g\",\"contentUrl\":\"https:\/\/secure.gravatar.com\/avatar\/5d06febf5ba4681bd17a251487132861b5339c2d72f789e59decf1c1b05d0078?s=96&d=mm&r=g\",\"caption\":\"Grands Formats\"},\"url\":\"https:\/\/www.grandsformats.com\/en\/author\/margaux\/\"}]}<\/script>\n<!-- \/ Yoast SEO plugin. -->","yoast_head_json":{"title":"Summertime pour les Grands Formats... - Site officiel de la f\u00e9d\u00e9ration Grands Formats","robots":{"index":"index","follow":"follow","max-snippet":"max-snippet:-1","max-image-preview":"max-image-preview:large","max-video-preview":"max-video-preview:-1"},"canonical":"https:\/\/www.grandsformats.com\/2019\/07\/edito-de-lete\/","og_locale":"en_US","og_type":"article","og_title":"Summertime pour les Grands Formats... - Site officiel de la f\u00e9d\u00e9ration Grands Formats","og_description":"Et c&#8217;est avec des temp\u00e9ratures caniculaires que d\u00e9bute l&#8217;\u00e9t\u00e9 2019, pr\u00e9figuration des changements climatiques \u00e9vidents qui nous attendent pour les d\u00e9cennies \u00e0 venir&#8230; Mais qu&#8217;en est-il de l\u2019avenir des Grands Formats, qu&#8217;ils soient orchestres de cr\u00e9ation, de r\u00e9pertoire, qu\u2019ils s\u2019adressent ou non au jeune public ? En 2019, on peut se f\u00e9liciter car la f\u00e9d\u00e9ration...Continue reading","og_url":"https:\/\/www.grandsformats.com\/2019\/07\/edito-de-lete\/","og_site_name":"Site officiel de la f\u00e9d\u00e9ration Grands Formats","article_publisher":"https:\/\/www.facebook.com\/grandsformats\/","article_published_time":"2019-07-11T10:11:18+00:00","article_modified_time":"2020-05-14T12:57:34+00:00","og_image":[{"width":1920,"height":1080,"url":"https:\/\/www.grandsformats.com\/wp-content\/uploads\/2019\/07\/Portrait-Alfred-Vilayleck-\u00a9-Dominique-Julian.jpg","type":"image\/jpeg"}],"author":"Grands Formats","twitter_card":"summary_large_image","twitter_creator":"@GrandsFormatsGF","twitter_site":"@GrandsFormatsGF","twitter_misc":{"Written by":"Grands Formats","Est. reading time":"2 minutes"},"schema":{"@context":"https:\/\/schema.org","@graph":[{"@type":"Article","@id":"https:\/\/www.grandsformats.com\/2019\/07\/edito-de-lete\/#article","isPartOf":{"@id":"https:\/\/www.grandsformats.com\/2019\/07\/edito-de-lete\/"},"author":{"name":"Grands Formats","@id":"https:\/\/www.grandsformats.com\/#\/schema\/person\/6ecde7e38a2254b5bc9d620679208ee1"},"headline":"Summertime pour les Grands Formats&#8230;","datePublished":"2019-07-11T10:11:18+00:00","dateModified":"2020-05-14T12:57:34+00:00","mainEntityOfPage":{"@id":"https:\/\/www.grandsformats.com\/2019\/07\/edito-de-lete\/"},"wordCount":505,"commentCount":0,"publisher":{"@id":"https:\/\/www.grandsformats.com\/#organization"},"image":{"@id":"https:\/\/www.grandsformats.com\/2019\/07\/edito-de-lete\/#primaryimage"},"thumbnailUrl":"https:\/\/www.grandsformats.com\/wp-content\/uploads\/2019\/07\/Portrait-Alfred-Vilayleck-\u00a9-Dominique-Julian.jpg","articleSection":["Tribunes"],"inLanguage":"en-US","potentialAction":[{"@type":"CommentAction","name":"Comment","target":["https:\/\/www.grandsformats.com\/2019\/07\/edito-de-lete\/#respond"]}]},{"@type":"WebPage","@id":"https:\/\/www.grandsformats.com\/2019\/07\/edito-de-lete\/","url":"https:\/\/www.grandsformats.com\/2019\/07\/edito-de-lete\/","name":"Summertime pour les Grands Formats... - Site officiel de la f\u00e9d\u00e9ration Grands Formats","isPartOf":{"@id":"https:\/\/www.grandsformats.com\/#website"},"primaryImageOfPage":{"@id":"https:\/\/www.grandsformats.com\/2019\/07\/edito-de-lete\/#primaryimage"},"image":{"@id":"https:\/\/www.grandsformats.com\/2019\/07\/edito-de-lete\/#primaryimage"},"thumbnailUrl":"https:\/\/www.grandsformats.com\/wp-content\/uploads\/2019\/07\/Portrait-Alfred-Vilayleck-\u00a9-Dominique-Julian.jpg","datePublished":"2019-07-11T10:11:18+00:00","dateModified":"2020-05-14T12:57:34+00:00","breadcrumb":{"@id":"https:\/\/www.grandsformats.com\/2019\/07\/edito-de-lete\/#breadcrumb"},"inLanguage":"en-US","potentialAction":[{"@type":"ReadAction","target":["https:\/\/www.grandsformats.com\/2019\/07\/edito-de-lete\/"]}]},{"@type":"ImageObject","inLanguage":"en-US","@id":"https:\/\/www.grandsformats.com\/2019\/07\/edito-de-lete\/#primaryimage","url":"https:\/\/www.grandsformats.com\/wp-content\/uploads\/2019\/07\/Portrait-Alfred-Vilayleck-\u00a9-Dominique-Julian.jpg","contentUrl":"https:\/\/www.grandsformats.com\/wp-content\/uploads\/2019\/07\/Portrait-Alfred-Vilayleck-\u00a9-Dominique-Julian.jpg","width":1920,"height":1080,"caption":"Alfred Vilayleck \u00a9 Dominique Julian"},{"@type":"BreadcrumbList","@id":"https:\/\/www.grandsformats.com\/2019\/07\/edito-de-lete\/#breadcrumb","itemListElement":[{"@type":"ListItem","position":1,"name":"Accueil","item":"https:\/\/www.grandsformats.com\/en\/"},{"@type":"ListItem","position":2,"name":"Summertime pour les Grands Formats&#8230;"}]},{"@type":"WebSite","@id":"https:\/\/www.grandsformats.com\/#website","url":"https:\/\/www.grandsformats.com\/","name":"Site officiel de la f\u00e9d\u00e9ration Grands Formats","description":"F\u00e9d\u00e9ration d&#039;artistes pour la musique en grand !","publisher":{"@id":"https:\/\/www.grandsformats.com\/#organization"},"potentialAction":[{"@type":"SearchAction","target":{"@type":"EntryPoint","urlTemplate":"https:\/\/www.grandsformats.com\/?s={search_term_string}"},"query-input":{"@type":"PropertyValueSpecification","valueRequired":true,"valueName":"search_term_string"}}],"inLanguage":"en-US"},{"@type":"Organization","@id":"https:\/\/www.grandsformats.com\/#organization","name":"Grands Formats","url":"https:\/\/www.grandsformats.com\/","logo":{"@type":"ImageObject","inLanguage":"en-US","@id":"https:\/\/www.grandsformats.com\/#\/schema\/logo\/image\/","url":"https:\/\/www.grandsformats.com\/wp-content\/uploads\/2020\/03\/logo-GF-200.png","contentUrl":"https:\/\/www.grandsformats.com\/wp-content\/uploads\/2020\/03\/logo-GF-200.png","width":155,"height":200,"caption":"Grands Formats"},"image":{"@id":"https:\/\/www.grandsformats.com\/#\/schema\/logo\/image\/"},"sameAs":["https:\/\/www.facebook.com\/grandsformats\/","https:\/\/x.com\/GrandsFormatsGF","https:\/\/www.instagram.com\/grandsformats\/","https:\/\/www.youtube.com\/channel\/UCJ7k9dbqc_DG-nxI3WMPvhw?view_as=subscriberhttps:\/\/www.youtube.com\/channel\/UCJ7k9dbqc_DG-nxI3WMPvhw?view_as=subscriber"]},{"@type":"Person","@id":"https:\/\/www.grandsformats.com\/#\/schema\/person\/6ecde7e38a2254b5bc9d620679208ee1","name":"Grands Formats","image":{"@type":"ImageObject","inLanguage":"en-US","@id":"https:\/\/www.grandsformats.com\/#\/schema\/person\/image\/","url":"https:\/\/secure.gravatar.com\/avatar\/5d06febf5ba4681bd17a251487132861b5339c2d72f789e59decf1c1b05d0078?s=96&d=mm&r=g","contentUrl":"https:\/\/secure.gravatar.com\/avatar\/5d06febf5ba4681bd17a251487132861b5339c2d72f789e59decf1c1b05d0078?s=96&d=mm&r=g","caption":"Grands Formats"},"url":"https:\/\/www.grandsformats.com\/en\/author\/margaux\/"}]}},"_links":{"self":[{"href":"https:\/\/www.grandsformats.com\/en\/wp-json\/wp\/v2\/posts\/7220","targetHints":{"allow":["GET"]}}],"collection":[{"href":"https:\/\/www.grandsformats.com\/en\/wp-json\/wp\/v2\/posts"}],"about":[{"href":"https:\/\/www.grandsformats.com\/en\/wp-json\/wp\/v2\/types\/post"}],"author":[{"embeddable":true,"href":"https:\/\/www.grandsformats.com\/en\/wp-json\/wp\/v2\/users\/2"}],"replies":[{"embeddable":true,"href":"https:\/\/www.grandsformats.com\/en\/wp-json\/wp\/v2\/comments?post=7220"}],"version-history":[{"count":0,"href":"https:\/\/www.grandsformats.com\/en\/wp-json\/wp\/v2\/posts\/7220\/revisions"}],"wp:featuredmedia":[{"embeddable":true,"href":"https:\/\/www.grandsformats.com\/en\/wp-json\/wp\/v2\/media\/12964"}],"wp:attachment":[{"href":"https:\/\/www.grandsformats.com\/en\/wp-json\/wp\/v2\/media?parent=7220"}],"wp:term":[{"taxonomy":"category","embeddable":true,"href":"https:\/\/www.grandsformats.com\/en\/wp-json\/wp\/v2\/categories?post=7220"},{"taxonomy":"post_tag","embeddable":true,"href":"https:\/\/www.grandsformats.com\/en\/wp-json\/wp\/v2\/tags?post=7220"}],"curies":[{"name":"wp","href":"https:\/\/api.w.org\/{rel}","templated":true}]}}