{"id":7202,"date":"2019-07-01T15:13:08","date_gmt":"2019-07-01T13:13:08","guid":{"rendered":"http:\/\/www.grandsformats.com\/?p=7202"},"modified":"2020-05-15T10:26:42","modified_gmt":"2020-05-15T08:26:42","slug":"creation-musicale-obsolescence-programmee","status":"publish","type":"post","link":"https:\/\/www.grandsformats.com\/en\/2019\/07\/creation-musicale-obsolescence-programmee\/","title":{"rendered":"Cr\u00e9ation musicale : une obsolescence programm\u00e9e ?"},"content":{"rendered":"<p>Face \u00e0 l\u2019empilement de sujets sensibles autour de la cr\u00e9ation musicale, <strong>Grands Formats,\u00a0Futurs Compos\u00e9s, Profedim, AJC Jazz et Fevis \u2013 F\u00e9d\u00e9ration des Ensembles Vocaux et Instrumentaux Sp\u00e9cialis\u00e9s<\/strong>\u00a0signent ensemble un communiqu\u00e9\u00a0d\u00e9non\u00e7ant une situation grave, notamment autour des grands axes que sont le Centre National de la Musique, la suppression des \u00e9missions de cr\u00e9ation sur France Musique, le futur centre de ressources issu de la fusion CDMC\/MFA\/MNL\u00a0et la r\u00e9serve de pr\u00e9caution budg\u00e9taire.<\/p>\n<hr \/>\n<h3 style=\"text-align: center;\">Cr\u00e9ation musicale : une obsolescence programm\u00e9e ?<\/h3>\n<p>Le milieu musical s\u2019alarme des attaques que subit aujourd\u2019hui en France le secteur des musiques de cr\u00e9ation. Comme le symbolise la rar\u00e9faction de la cr\u00e9ation musicale sur les ondes de Radio France, nous vivons une situation conjoncturelle in\u00e9dite portant gravement atteinte sur de multiples niveaux \u00e0 l\u2019ensemble des acteur.trice.s repr\u00e9sent\u00e9.e.s par les r\u00e9seaux et les syndicats.<\/p>\n<h4>CENTRE NATIONAL DE LA MUSIQUE<\/h4>\n<ul>\n<li>Aujourd\u2019hui, le Centre National de la Musique souhait\u00e9 par l\u2019\u00c9tat se met en marche avec un p\u00e9rim\u00e8tre et une gouvernance qui restent tr\u00e8s impr\u00e9cis : comment seront repr\u00e9sent\u00e9.e.s les acteur.trice.s de la cr\u00e9ation musicale, ainsi que leurs r\u00e9seaux ?<\/li>\n<li>Que recouvrera d\u00e9sormais le terme de \u00ab cr\u00e9ation \u00bb, utilis\u00e9 sans aucune indication contextuelle et dont la r\u00e9alit\u00e9 risque d\u2019\u00eatre bien \u00e9loign\u00e9e des modalit\u00e9s que nous lui connaissons ?<\/li>\n<li>Cr\u00e9ation et transmission sont aujourd\u2019hui les deux faces d\u2019une m\u00eame pi\u00e8ce. Sur quel(s) projet(s), quelle vision et quelle expertise reposent les ambitions du CNM en mati\u00e8re d\u2019\u00c9ducation artistique et culturelle ? Le sujet repr\u00e9sente-t-il davantage qu\u2019une manne opportune li\u00e9e \u00e0 l\u2019accroissement du programme 224 dans le Projet de Loi de Finances 2019 ?<\/li>\n<\/ul>\n<h4>D\u00c9SENGAGEMENT DE RADIO FRANCE<\/h4>\n<p>\u00c0 la lumi\u00e8re des informations dont nous disposons aujourd\u2019hui, quatre \u00e9missions sp\u00e9cifiquement consacr\u00e9es aux musiques et aux cr\u00e9ateurs d\u2019aujourd\u2019hui dispara\u00eetraient de la grille de France Musique \u00e0 la rentr\u00e9e prochaine, \u00e0 savoir :<\/p>\n<ul>\n<li>Le Cri du patchwork (mardi, 23h00-0h00),<\/li>\n<li>Le Portrait contemporain (mercredi, 23h00-0h00),<\/li>\n<li>\u00c0 l\u2019improviste (jeudi, 23h00-0h00),<\/li>\n<li>Tapage nocturne (vendredi, 23h00-0h00),<\/li>\n<\/ul>\n<p>Quatre \u00e9missions qui seraient remplac\u00e9es par une seule \u00e9mission le dimanche.<br \/>\nCette rar\u00e9faction avec moins de captations, moins de pr\u00e9sence \u00e0 l\u2019antenne, et qui plus est dans l\u2019un des cr\u00e9neaux d\u2019audience les plus pauvres, le dimanche soir ressemble \u00e0 une strat\u00e9gie consciente d\u2019invisibilisation et de d\u00e9valorisation de la cr\u00e9ation.<\/p>\n<h4>FRAGILISATION DE LA CR\u00c9ATION AU MINIST\u00c8RE DE LA CULTURE<\/h4>\n<p>Tous les indicateurs actuels tendent vers une diminution de la commande publique en direction des musiques de cr\u00e9ation.<\/p>\n<ul>\n<li>La commission \u00ab aide \u00e0 l\u2019\u00e9criture d\u2019oeuvres originales \u00bb (ex-commandes d\u2019Etat) ne dispose plus actuellement d\u2019aucun cadre juridique et le personnel consacr\u00e9 \u00e0 cette proc\u00e9dure n\u2019est pas maintenu. L\u2019une des options envisag\u00e9es serait de confier cette dotation \u00e0 un organisme ext\u00e9rieur. Nous nous alarmons d\u2019un tel projet dont la finalit\u00e9 indiquerait un mouvement d\u2019\u00ab agenciarisation \u00bb de l\u2019action de l\u2019Etat.<\/li>\n<li>Nous nous inqui\u00e9tons \u00e9galement sur les modalit\u00e9s de mise en place d\u2019un nouveau centre de ressource issu de la fusion CDMC\/MFA\/MNL. Ce projet a donn\u00e9 lieu \u00e0 une longue consultation des acteurs en 2018, \u00e0 laquelle nous avons contribu\u00e9. \u00c0 ce jour, nos propositions n\u2019ont fait l\u2019objet d\u2019aucune r\u00e9ponse. De plus, l\u2019avis de recrutement d\u2019un.e directeur.trice de\u00a0cette structure mentionne une mission concernant uniquement la musique contemporaine, alors que d\u00e9sormais tous les acteurs d\u00e9fendent la notion de cr\u00e9ation musicale \u00ab \u00e9largie \u00bb. Enfin, dans ce m\u00eame avis, la description de la structure d\u00e9note une absence totale de contenus et d\u2019objectifs du nouveau projet.<\/li>\n<\/ul>\n<h4>D\u00c9GEL DE LA R\u00c9SERVE DE PR\u00c9CAUTION BUDG\u00c9TAIRE<\/h4>\n<p>Dans un contexte budg\u00e9taire difficile, la totale lev\u00e9e du gel de pr\u00e9caution budg\u00e9taire 2019 constitue la condition sine qua non de nombreux acteur.trice.s de la cr\u00e9ation musicale pour mener \u00e0 bien leurs projets.<br \/>\nDevant un tel empilement de sujets sensibles, nous d\u00e9non\u00e7ons une situation extr\u00eamement grave et redoutons un d\u00e9sastre annonc\u00e9 pour la cr\u00e9ation musicale.<br \/>\n<strong>CONTACT PRESSE<\/strong><\/p>\n<p><span style=\"font-size: 16px;\">06 37 57 19 59 \/ &#99;&#x6f;&#110;&#x74;&#97;&#x63;&#116;&#x40;&#102;&#x75;&#116;&#x75;&#114;&#x73;&#99;&#x6f;&#109;&#x70;&#111;&#x73;&#101;&#x73;&#46;&#x63;&#111;&#x6d;<\/span><\/p>\n","protected":false},"excerpt":{"rendered":"<p>Face \u00e0 l\u2019empilement de sujets sensibles autour de la cr\u00e9ation musicale, Grands Formats,\u00a0Futurs Compos\u00e9s, Profedim, AJC Jazz et Fevis \u2013 F\u00e9d\u00e9ration des Ensembles Vocaux et Instrumentaux Sp\u00e9cialis\u00e9s\u00a0signent ensemble un communiqu\u00e9\u00a0d\u00e9non\u00e7ant une situation grave, notamment autour des grands axes que sont le Centre National de la Musique, la suppression des \u00e9missions de cr\u00e9ation sur France Musique,&#8230;<\/p>\n<p><a rel=\"bookmark\" class=\"theme-button-text wvc-button wvc-button-size-xs\" href=\"https:\/\/www.grandsformats.com\/en\/2019\/07\/creation-musicale-obsolescence-programmee\/\"><small class=\"wvc-button-background-fill\"><\/small><span>Continue reading<\/span><\/a><\/p>\n","protected":false},"author":2,"featured_media":12522,"comment_status":"open","ping_status":"open","sticky":false,"template":"","format":"standard","meta":{"_acf_changed":false,"footnotes":""},"categories":[90,273],"tags":[],"class_list":["post-7202","post","type-post","status-publish","format-standard","has-post-thumbnail","hentry","category-grands-formats","category-communiques-lactu-de-la-fede","entry-post-skin-light","entry","clearfix","entry-grid","entry-columns-default","entry-post-module-layout-sidebar-right","thumbnail-color-tone-dark","metro-landscape","entry-post","entry-masonry","entry-post-masonry"],"acf":[],"yoast_head":"<!-- This site is optimized with the Yoast SEO plugin v25.8 - https:\/\/yoast.com\/wordpress\/plugins\/seo\/ -->\n<title>Cr\u00e9ation musicale : une obsolescence programm\u00e9e ? - Site officiel de la f\u00e9d\u00e9ration Grands Formats<\/title>\n<meta name=\"robots\" content=\"index, follow, max-snippet:-1, max-image-preview:large, max-video-preview:-1\" \/>\n<link rel=\"canonical\" href=\"https:\/\/www.grandsformats.com\/2019\/07\/creation-musicale-obsolescence-programmee\/\" \/>\n<meta property=\"og:locale\" content=\"en_US\" \/>\n<meta property=\"og:type\" content=\"article\" \/>\n<meta property=\"og:title\" content=\"Cr\u00e9ation musicale : une obsolescence programm\u00e9e ? - Site officiel de la f\u00e9d\u00e9ration Grands Formats\" \/>\n<meta property=\"og:description\" content=\"Face \u00e0 l\u2019empilement de sujets sensibles autour de la cr\u00e9ation musicale, Grands Formats,\u00a0Futurs Compos\u00e9s, Profedim, AJC Jazz et Fevis \u2013 F\u00e9d\u00e9ration des Ensembles Vocaux et Instrumentaux Sp\u00e9cialis\u00e9s\u00a0signent ensemble un communiqu\u00e9\u00a0d\u00e9non\u00e7ant une situation grave, notamment autour des grands axes que sont le Centre National de la Musique, la suppression des \u00e9missions de cr\u00e9ation sur France Musique,...Continue reading\" \/>\n<meta property=\"og:url\" content=\"https:\/\/www.grandsformats.com\/2019\/07\/creation-musicale-obsolescence-programmee\/\" \/>\n<meta property=\"og:site_name\" content=\"Site officiel de la f\u00e9d\u00e9ration Grands Formats\" \/>\n<meta property=\"article:publisher\" content=\"https:\/\/www.facebook.com\/grandsformats\/\" \/>\n<meta property=\"article:published_time\" content=\"2019-07-01T13:13:08+00:00\" \/>\n<meta property=\"article:modified_time\" content=\"2020-05-15T08:26:42+00:00\" \/>\n<meta property=\"og:image\" content=\"https:\/\/www.grandsformats.com\/wp-content\/uploads\/2020\/03\/Article-Communique-GF.jpg\" \/>\n\t<meta property=\"og:image:width\" content=\"1920\" \/>\n\t<meta property=\"og:image:height\" content=\"1080\" \/>\n\t<meta property=\"og:image:type\" content=\"image\/jpeg\" \/>\n<meta name=\"author\" content=\"Grands Formats\" \/>\n<meta name=\"twitter:card\" content=\"summary_large_image\" \/>\n<meta name=\"twitter:creator\" content=\"@GrandsFormatsGF\" \/>\n<meta name=\"twitter:site\" content=\"@GrandsFormatsGF\" \/>\n<meta name=\"twitter:label1\" content=\"Written by\" \/>\n\t<meta name=\"twitter:data1\" content=\"Grands Formats\" \/>\n\t<meta name=\"twitter:label2\" content=\"Est. reading time\" \/>\n\t<meta name=\"twitter:data2\" content=\"4 minutes\" \/>\n<script type=\"application\/ld+json\" class=\"yoast-schema-graph\">{\"@context\":\"https:\/\/schema.org\",\"@graph\":[{\"@type\":\"Article\",\"@id\":\"https:\/\/www.grandsformats.com\/2019\/07\/creation-musicale-obsolescence-programmee\/#article\",\"isPartOf\":{\"@id\":\"https:\/\/www.grandsformats.com\/2019\/07\/creation-musicale-obsolescence-programmee\/\"},\"author\":{\"name\":\"Grands Formats\",\"@id\":\"https:\/\/www.grandsformats.com\/#\/schema\/person\/6ecde7e38a2254b5bc9d620679208ee1\"},\"headline\":\"Cr\u00e9ation musicale : une obsolescence programm\u00e9e ?\",\"datePublished\":\"2019-07-01T13:13:08+00:00\",\"dateModified\":\"2020-05-15T08:26:42+00:00\",\"mainEntityOfPage\":{\"@id\":\"https:\/\/www.grandsformats.com\/2019\/07\/creation-musicale-obsolescence-programmee\/\"},\"wordCount\":738,\"commentCount\":0,\"publisher\":{\"@id\":\"https:\/\/www.grandsformats.com\/#organization\"},\"image\":{\"@id\":\"https:\/\/www.grandsformats.com\/2019\/07\/creation-musicale-obsolescence-programmee\/#primaryimage\"},\"thumbnailUrl\":\"https:\/\/www.grandsformats.com\/wp-content\/uploads\/2020\/03\/Article-Communique-GF.jpg\",\"articleSection\":[\"Actus de la f\u00e9d\u00e9\",\"Contributions\"],\"inLanguage\":\"en-US\",\"potentialAction\":[{\"@type\":\"CommentAction\",\"name\":\"Comment\",\"target\":[\"https:\/\/www.grandsformats.com\/2019\/07\/creation-musicale-obsolescence-programmee\/#respond\"]}]},{\"@type\":\"WebPage\",\"@id\":\"https:\/\/www.grandsformats.com\/2019\/07\/creation-musicale-obsolescence-programmee\/\",\"url\":\"https:\/\/www.grandsformats.com\/2019\/07\/creation-musicale-obsolescence-programmee\/\",\"name\":\"Cr\u00e9ation musicale : une obsolescence programm\u00e9e ? - Site officiel de la f\u00e9d\u00e9ration Grands Formats\",\"isPartOf\":{\"@id\":\"https:\/\/www.grandsformats.com\/#website\"},\"primaryImageOfPage\":{\"@id\":\"https:\/\/www.grandsformats.com\/2019\/07\/creation-musicale-obsolescence-programmee\/#primaryimage\"},\"image\":{\"@id\":\"https:\/\/www.grandsformats.com\/2019\/07\/creation-musicale-obsolescence-programmee\/#primaryimage\"},\"thumbnailUrl\":\"https:\/\/www.grandsformats.com\/wp-content\/uploads\/2020\/03\/Article-Communique-GF.jpg\",\"datePublished\":\"2019-07-01T13:13:08+00:00\",\"dateModified\":\"2020-05-15T08:26:42+00:00\",\"breadcrumb\":{\"@id\":\"https:\/\/www.grandsformats.com\/2019\/07\/creation-musicale-obsolescence-programmee\/#breadcrumb\"},\"inLanguage\":\"en-US\",\"potentialAction\":[{\"@type\":\"ReadAction\",\"target\":[\"https:\/\/www.grandsformats.com\/2019\/07\/creation-musicale-obsolescence-programmee\/\"]}]},{\"@type\":\"ImageObject\",\"inLanguage\":\"en-US\",\"@id\":\"https:\/\/www.grandsformats.com\/2019\/07\/creation-musicale-obsolescence-programmee\/#primaryimage\",\"url\":\"https:\/\/www.grandsformats.com\/wp-content\/uploads\/2020\/03\/Article-Communique-GF.jpg\",\"contentUrl\":\"https:\/\/www.grandsformats.com\/wp-content\/uploads\/2020\/03\/Article-Communique-GF.jpg\",\"width\":1920,\"height\":1080,\"caption\":\"\u00a9 Grands Formats\"},{\"@type\":\"BreadcrumbList\",\"@id\":\"https:\/\/www.grandsformats.com\/2019\/07\/creation-musicale-obsolescence-programmee\/#breadcrumb\",\"itemListElement\":[{\"@type\":\"ListItem\",\"position\":1,\"name\":\"Accueil\",\"item\":\"https:\/\/www.grandsformats.com\/en\/\"},{\"@type\":\"ListItem\",\"position\":2,\"name\":\"Cr\u00e9ation musicale : une obsolescence programm\u00e9e ?\"}]},{\"@type\":\"WebSite\",\"@id\":\"https:\/\/www.grandsformats.com\/#website\",\"url\":\"https:\/\/www.grandsformats.com\/\",\"name\":\"Site officiel de la f\u00e9d\u00e9ration Grands Formats\",\"description\":\"F\u00e9d\u00e9ration d&#039;artistes pour la musique en grand !\",\"publisher\":{\"@id\":\"https:\/\/www.grandsformats.com\/#organization\"},\"potentialAction\":[{\"@type\":\"SearchAction\",\"target\":{\"@type\":\"EntryPoint\",\"urlTemplate\":\"https:\/\/www.grandsformats.com\/?s={search_term_string}\"},\"query-input\":{\"@type\":\"PropertyValueSpecification\",\"valueRequired\":true,\"valueName\":\"search_term_string\"}}],\"inLanguage\":\"en-US\"},{\"@type\":\"Organization\",\"@id\":\"https:\/\/www.grandsformats.com\/#organization\",\"name\":\"Grands Formats\",\"url\":\"https:\/\/www.grandsformats.com\/\",\"logo\":{\"@type\":\"ImageObject\",\"inLanguage\":\"en-US\",\"@id\":\"https:\/\/www.grandsformats.com\/#\/schema\/logo\/image\/\",\"url\":\"https:\/\/www.grandsformats.com\/wp-content\/uploads\/2020\/03\/logo-GF-200.png\",\"contentUrl\":\"https:\/\/www.grandsformats.com\/wp-content\/uploads\/2020\/03\/logo-GF-200.png\",\"width\":155,\"height\":200,\"caption\":\"Grands Formats\"},\"image\":{\"@id\":\"https:\/\/www.grandsformats.com\/#\/schema\/logo\/image\/\"},\"sameAs\":[\"https:\/\/www.facebook.com\/grandsformats\/\",\"https:\/\/x.com\/GrandsFormatsGF\",\"https:\/\/www.instagram.com\/grandsformats\/\",\"https:\/\/www.youtube.com\/channel\/UCJ7k9dbqc_DG-nxI3WMPvhw?view_as=subscriberhttps:\/\/www.youtube.com\/channel\/UCJ7k9dbqc_DG-nxI3WMPvhw?view_as=subscriber\"]},{\"@type\":\"Person\",\"@id\":\"https:\/\/www.grandsformats.com\/#\/schema\/person\/6ecde7e38a2254b5bc9d620679208ee1\",\"name\":\"Grands Formats\",\"image\":{\"@type\":\"ImageObject\",\"inLanguage\":\"en-US\",\"@id\":\"https:\/\/www.grandsformats.com\/#\/schema\/person\/image\/\",\"url\":\"https:\/\/secure.gravatar.com\/avatar\/5d06febf5ba4681bd17a251487132861b5339c2d72f789e59decf1c1b05d0078?s=96&d=mm&r=g\",\"contentUrl\":\"https:\/\/secure.gravatar.com\/avatar\/5d06febf5ba4681bd17a251487132861b5339c2d72f789e59decf1c1b05d0078?s=96&d=mm&r=g\",\"caption\":\"Grands Formats\"},\"url\":\"https:\/\/www.grandsformats.com\/en\/author\/margaux\/\"}]}<\/script>\n<!-- \/ Yoast SEO plugin. -->","yoast_head_json":{"title":"Cr\u00e9ation musicale : une obsolescence programm\u00e9e ? - Site officiel de la f\u00e9d\u00e9ration Grands Formats","robots":{"index":"index","follow":"follow","max-snippet":"max-snippet:-1","max-image-preview":"max-image-preview:large","max-video-preview":"max-video-preview:-1"},"canonical":"https:\/\/www.grandsformats.com\/2019\/07\/creation-musicale-obsolescence-programmee\/","og_locale":"en_US","og_type":"article","og_title":"Cr\u00e9ation musicale : une obsolescence programm\u00e9e ? - Site officiel de la f\u00e9d\u00e9ration Grands Formats","og_description":"Face \u00e0 l\u2019empilement de sujets sensibles autour de la cr\u00e9ation musicale, Grands Formats,\u00a0Futurs Compos\u00e9s, Profedim, AJC Jazz et Fevis \u2013 F\u00e9d\u00e9ration des Ensembles Vocaux et Instrumentaux Sp\u00e9cialis\u00e9s\u00a0signent ensemble un communiqu\u00e9\u00a0d\u00e9non\u00e7ant une situation grave, notamment autour des grands axes que sont le Centre National de la Musique, la suppression des \u00e9missions de cr\u00e9ation sur France Musique,...Continue reading","og_url":"https:\/\/www.grandsformats.com\/2019\/07\/creation-musicale-obsolescence-programmee\/","og_site_name":"Site officiel de la f\u00e9d\u00e9ration Grands Formats","article_publisher":"https:\/\/www.facebook.com\/grandsformats\/","article_published_time":"2019-07-01T13:13:08+00:00","article_modified_time":"2020-05-15T08:26:42+00:00","og_image":[{"width":1920,"height":1080,"url":"https:\/\/www.grandsformats.com\/wp-content\/uploads\/2020\/03\/Article-Communique-GF.jpg","type":"image\/jpeg"}],"author":"Grands Formats","twitter_card":"summary_large_image","twitter_creator":"@GrandsFormatsGF","twitter_site":"@GrandsFormatsGF","twitter_misc":{"Written by":"Grands Formats","Est. reading time":"4 minutes"},"schema":{"@context":"https:\/\/schema.org","@graph":[{"@type":"Article","@id":"https:\/\/www.grandsformats.com\/2019\/07\/creation-musicale-obsolescence-programmee\/#article","isPartOf":{"@id":"https:\/\/www.grandsformats.com\/2019\/07\/creation-musicale-obsolescence-programmee\/"},"author":{"name":"Grands Formats","@id":"https:\/\/www.grandsformats.com\/#\/schema\/person\/6ecde7e38a2254b5bc9d620679208ee1"},"headline":"Cr\u00e9ation musicale : une obsolescence programm\u00e9e ?","datePublished":"2019-07-01T13:13:08+00:00","dateModified":"2020-05-15T08:26:42+00:00","mainEntityOfPage":{"@id":"https:\/\/www.grandsformats.com\/2019\/07\/creation-musicale-obsolescence-programmee\/"},"wordCount":738,"commentCount":0,"publisher":{"@id":"https:\/\/www.grandsformats.com\/#organization"},"image":{"@id":"https:\/\/www.grandsformats.com\/2019\/07\/creation-musicale-obsolescence-programmee\/#primaryimage"},"thumbnailUrl":"https:\/\/www.grandsformats.com\/wp-content\/uploads\/2020\/03\/Article-Communique-GF.jpg","articleSection":["Actus de la f\u00e9d\u00e9","Contributions"],"inLanguage":"en-US","potentialAction":[{"@type":"CommentAction","name":"Comment","target":["https:\/\/www.grandsformats.com\/2019\/07\/creation-musicale-obsolescence-programmee\/#respond"]}]},{"@type":"WebPage","@id":"https:\/\/www.grandsformats.com\/2019\/07\/creation-musicale-obsolescence-programmee\/","url":"https:\/\/www.grandsformats.com\/2019\/07\/creation-musicale-obsolescence-programmee\/","name":"Cr\u00e9ation musicale : une obsolescence programm\u00e9e ? - Site officiel de la f\u00e9d\u00e9ration Grands Formats","isPartOf":{"@id":"https:\/\/www.grandsformats.com\/#website"},"primaryImageOfPage":{"@id":"https:\/\/www.grandsformats.com\/2019\/07\/creation-musicale-obsolescence-programmee\/#primaryimage"},"image":{"@id":"https:\/\/www.grandsformats.com\/2019\/07\/creation-musicale-obsolescence-programmee\/#primaryimage"},"thumbnailUrl":"https:\/\/www.grandsformats.com\/wp-content\/uploads\/2020\/03\/Article-Communique-GF.jpg","datePublished":"2019-07-01T13:13:08+00:00","dateModified":"2020-05-15T08:26:42+00:00","breadcrumb":{"@id":"https:\/\/www.grandsformats.com\/2019\/07\/creation-musicale-obsolescence-programmee\/#breadcrumb"},"inLanguage":"en-US","potentialAction":[{"@type":"ReadAction","target":["https:\/\/www.grandsformats.com\/2019\/07\/creation-musicale-obsolescence-programmee\/"]}]},{"@type":"ImageObject","inLanguage":"en-US","@id":"https:\/\/www.grandsformats.com\/2019\/07\/creation-musicale-obsolescence-programmee\/#primaryimage","url":"https:\/\/www.grandsformats.com\/wp-content\/uploads\/2020\/03\/Article-Communique-GF.jpg","contentUrl":"https:\/\/www.grandsformats.com\/wp-content\/uploads\/2020\/03\/Article-Communique-GF.jpg","width":1920,"height":1080,"caption":"\u00a9 Grands Formats"},{"@type":"BreadcrumbList","@id":"https:\/\/www.grandsformats.com\/2019\/07\/creation-musicale-obsolescence-programmee\/#breadcrumb","itemListElement":[{"@type":"ListItem","position":1,"name":"Accueil","item":"https:\/\/www.grandsformats.com\/en\/"},{"@type":"ListItem","position":2,"name":"Cr\u00e9ation musicale : une obsolescence programm\u00e9e ?"}]},{"@type":"WebSite","@id":"https:\/\/www.grandsformats.com\/#website","url":"https:\/\/www.grandsformats.com\/","name":"Site officiel de la f\u00e9d\u00e9ration Grands Formats","description":"F\u00e9d\u00e9ration d&#039;artistes pour la musique en grand !","publisher":{"@id":"https:\/\/www.grandsformats.com\/#organization"},"potentialAction":[{"@type":"SearchAction","target":{"@type":"EntryPoint","urlTemplate":"https:\/\/www.grandsformats.com\/?s={search_term_string}"},"query-input":{"@type":"PropertyValueSpecification","valueRequired":true,"valueName":"search_term_string"}}],"inLanguage":"en-US"},{"@type":"Organization","@id":"https:\/\/www.grandsformats.com\/#organization","name":"Grands Formats","url":"https:\/\/www.grandsformats.com\/","logo":{"@type":"ImageObject","inLanguage":"en-US","@id":"https:\/\/www.grandsformats.com\/#\/schema\/logo\/image\/","url":"https:\/\/www.grandsformats.com\/wp-content\/uploads\/2020\/03\/logo-GF-200.png","contentUrl":"https:\/\/www.grandsformats.com\/wp-content\/uploads\/2020\/03\/logo-GF-200.png","width":155,"height":200,"caption":"Grands Formats"},"image":{"@id":"https:\/\/www.grandsformats.com\/#\/schema\/logo\/image\/"},"sameAs":["https:\/\/www.facebook.com\/grandsformats\/","https:\/\/x.com\/GrandsFormatsGF","https:\/\/www.instagram.com\/grandsformats\/","https:\/\/www.youtube.com\/channel\/UCJ7k9dbqc_DG-nxI3WMPvhw?view_as=subscriberhttps:\/\/www.youtube.com\/channel\/UCJ7k9dbqc_DG-nxI3WMPvhw?view_as=subscriber"]},{"@type":"Person","@id":"https:\/\/www.grandsformats.com\/#\/schema\/person\/6ecde7e38a2254b5bc9d620679208ee1","name":"Grands Formats","image":{"@type":"ImageObject","inLanguage":"en-US","@id":"https:\/\/www.grandsformats.com\/#\/schema\/person\/image\/","url":"https:\/\/secure.gravatar.com\/avatar\/5d06febf5ba4681bd17a251487132861b5339c2d72f789e59decf1c1b05d0078?s=96&d=mm&r=g","contentUrl":"https:\/\/secure.gravatar.com\/avatar\/5d06febf5ba4681bd17a251487132861b5339c2d72f789e59decf1c1b05d0078?s=96&d=mm&r=g","caption":"Grands Formats"},"url":"https:\/\/www.grandsformats.com\/en\/author\/margaux\/"}]}},"_links":{"self":[{"href":"https:\/\/www.grandsformats.com\/en\/wp-json\/wp\/v2\/posts\/7202","targetHints":{"allow":["GET"]}}],"collection":[{"href":"https:\/\/www.grandsformats.com\/en\/wp-json\/wp\/v2\/posts"}],"about":[{"href":"https:\/\/www.grandsformats.com\/en\/wp-json\/wp\/v2\/types\/post"}],"author":[{"embeddable":true,"href":"https:\/\/www.grandsformats.com\/en\/wp-json\/wp\/v2\/users\/2"}],"replies":[{"embeddable":true,"href":"https:\/\/www.grandsformats.com\/en\/wp-json\/wp\/v2\/comments?post=7202"}],"version-history":[{"count":0,"href":"https:\/\/www.grandsformats.com\/en\/wp-json\/wp\/v2\/posts\/7202\/revisions"}],"wp:featuredmedia":[{"embeddable":true,"href":"https:\/\/www.grandsformats.com\/en\/wp-json\/wp\/v2\/media\/12522"}],"wp:attachment":[{"href":"https:\/\/www.grandsformats.com\/en\/wp-json\/wp\/v2\/media?parent=7202"}],"wp:term":[{"taxonomy":"category","embeddable":true,"href":"https:\/\/www.grandsformats.com\/en\/wp-json\/wp\/v2\/categories?post=7202"},{"taxonomy":"post_tag","embeddable":true,"href":"https:\/\/www.grandsformats.com\/en\/wp-json\/wp\/v2\/tags?post=7202"}],"curies":[{"name":"wp","href":"https:\/\/api.w.org\/{rel}","templated":true}]}}