{"id":7111,"date":"2019-05-22T09:41:48","date_gmt":"2019-05-22T08:41:48","guid":{"rendered":"http:\/\/www.grandsformats.com\/?p=7111"},"modified":"2020-05-15T10:28:20","modified_gmt":"2020-05-15T08:28:20","slug":"7111-2","status":"publish","type":"post","link":"https:\/\/www.grandsformats.com\/en\/2019\/05\/7111-2\/","title":{"rendered":"Communiqu\u00e9 de presse &#8211; Centre National de la Musique"},"content":{"rendered":"<h4><strong>COMMUNIQU\u00c9 DE PRESSE<\/strong><\/h4>\n<p>Le projet de cr\u00e9ation du <strong>Centre National de la Musique<\/strong> (CNM) est aujourd\u2019hui lanc\u00e9 et le Gouvernement a confirm\u00e9 sa volont\u00e9 de cr\u00e9er un nouvel \u00e9tablissement public au 1<sup>er<\/sup> janvier 2020. La proposition de loi issue du travail de la mission parlementaire confi\u00e9e \u00e0 \u00c9milie Cariou et Pascal Bois a \u00e9t\u00e9 adopt\u00e9e en premi\u00e8re lecture par l\u2019Assembl\u00e9e nationale. Ce texte suscite de notre part nombre d\u2019interrogations et appelle des \u00e9claircissements. La \u00ab proc\u00e9dure acc\u00e9l\u00e9r\u00e9e \u00bb d\u00e9cid\u00e9e sur ce texte va une nouvelle fois nuire \u00e0 la concertation pourtant indispensable. La lecture au S\u00e9nat, dont la date n\u2019est pas connue, s\u2019av\u00e8re d\u00e9cisive pour la clart\u00e9 des d\u00e9bats.<\/p>\n<p>La mise en place simultan\u00e9ment \u00e0 la proposition de loi, d\u2019un comit\u00e9 de pilotage dont l\u2019animation a \u00e9t\u00e9 confi\u00e9e \u00e0 Mme Ruggeri, inspectrice g\u00e9n\u00e9rale des affaires culturelles, confirme la volont\u00e9 politique d\u2019aboutir \u00e0 court terme.<\/p>\n<p>Nous avons \u00e9t\u00e9 historiquement tr\u00e8s r\u00e9serv\u00e9s quant \u00e0 la cr\u00e9ation du CNM, craignant en effet que les missions \u00ab\u00a0musique\u00a0\u00bb du minist\u00e8re de la culture ne soient transf\u00e9r\u00e9es \u00e0 ce nouvel \u00e9tablissement et dont la gouvernance appelle toutes les pr\u00e9cautions, au vu des dysfonctionnements observ\u00e9s au sein du futur ex CNV.<br \/>\nDans ce contexte, restant constructifs, les signataires du pr\u00e9sent communiqu\u00e9 rendent publique ce jour une <a href=\"https:\/\/drive.google.com\/file\/d\/1cUGGKObShf2WRPDe9xPIE17PdrwZ_Wy7\/view?usp=sharing\" target=\"_blank\" rel=\"noopener noreferrer\">contribution<\/a> pour orienter le projet du CNM vers une mission exclusivement \u00e9conomique qui ne puisse entrer en concurrence avec les missions de service public du Minist\u00e8re. Ainsi notamment, nous sommes favorables \u00e0 une \u00e9ducation artistique et culturelle de qualit\u00e9, inscrite dans la dur\u00e9e avec les acteurs de l\u2019\u00e9ducation, nous nous opposons \u00e0 ce que le CNM se voit confier des missions en ce domaine. Nous r\u00e9affirmons que les missions d\u2019observation du secteur doivent \u00eatre pens\u00e9es en compl\u00e9mentarit\u00e9 avec les outils publics de l\u2019\u00c9tat et des r\u00e9seaux professionnels. Nous affirmons haut et fort que le financement du CNM ne doit pas amputer encore davantage le budget du minist\u00e8re de la culture, et que, simultan\u00e9ment, les moyens en provenance des organismes de gestion collective ne doivent pas affaiblir l\u2019accompagnement de ces organismes \u00e0 destination du secteur. Enfin, la question de la gouvernance et de la composition du futur CA doit \u00e9viter tout conflit d\u2019int\u00e9r\u00eat et exclure les professionnels.<br \/>\nNous nous inqui\u00e9tons par ailleurs des conditions m\u00e9thodologiques arr\u00eat\u00e9es \u00e0 ce jour par le comit\u00e9 de pilotage. La confusion entre urgence et pr\u00e9cipitation menace et le risque que les concertations n\u00e9cessaires soient mises de c\u00f4t\u00e9 est manifeste : ainsi, quant \u00e0 la mise en place d\u2019un comit\u00e9 des financeurs du futur CNM (\u00c9tat et OGC) qui ne saurait \u00eatre \u00e9largi \u00e0 la seule pr\u00e9sence d\u2019une seule organisation professionnelle, f\u00fbt-elle essentielle pour le secteur. Soit toutes les organisations professionnelles sont invit\u00e9es \u00e0 la table, soit aucune. Un \u00e9quilibre doit \u00eatre respect\u00e9, \u00e0 d\u00e9faut de quoi c\u2019est l\u2019\u00e9thique m\u00eame du futur CNM qui serait menac\u00e9.<\/p>\n<p>L\u2019unanimit\u00e9 politique qui s\u2019est exprim\u00e9e en premi\u00e8re lecture \u00e0 l\u2019Assembl\u00e9e nationale ne r\u00e9v\u00e8le pas l\u2019unanimit\u00e9 des acteurs des musiques, loin s\u2019en faut. Pour que le futur centre soit accept\u00e9 par l\u2019ensemble de la profession, les termes d\u2019un compromis doivent \u00eatre recherch\u00e9s. Seule une concertation approfondie et transparente, sans sous-entendu, en est la seule garantie. Nous l\u2019appelons de nos v\u0153ux.<\/p>\n<p><em>Paris le 21 mai 2019<\/em><\/p>\n<hr \/>\n<p><a href=\"https:\/\/drive.google.com\/file\/d\/1cUGGKObShf2WRPDe9xPIE17PdrwZ_Wy7\/view?usp=sharing\" target=\"_blank\" rel=\"noopener noreferrer\">Lire la contribution en PDF<\/a><\/p>\n","protected":false},"excerpt":{"rendered":"<p>COMMUNIQU\u00c9 DE PRESSE Le projet de cr\u00e9ation du Centre National de la Musique (CNM) est aujourd\u2019hui lanc\u00e9 et le Gouvernement a confirm\u00e9 sa volont\u00e9 de cr\u00e9er un nouvel \u00e9tablissement public au 1er janvier 2020. La proposition de loi issue du travail de la mission parlementaire confi\u00e9e \u00e0 \u00c9milie Cariou et Pascal Bois a \u00e9t\u00e9 adopt\u00e9e&#8230;<\/p>\n<p><a rel=\"bookmark\" class=\"theme-button-text wvc-button wvc-button-size-xs\" href=\"https:\/\/www.grandsformats.com\/en\/2019\/05\/7111-2\/\"><small class=\"wvc-button-background-fill\"><\/small><span>Continue reading<\/span><\/a><\/p>\n","protected":false},"author":2,"featured_media":12522,"comment_status":"open","ping_status":"open","sticky":false,"template":"","format":"standard","meta":{"_acf_changed":false,"footnotes":""},"categories":[90],"tags":[],"class_list":["post-7111","post","type-post","status-publish","format-standard","has-post-thumbnail","hentry","category-grands-formats","entry-post-skin-light","entry","clearfix","entry-grid","entry-columns-default","entry-post-module-layout-sidebar-right","thumbnail-color-tone-dark","metro-landscape","entry-post","entry-masonry","entry-post-masonry"],"acf":[],"yoast_head":"<!-- This site is optimized with the Yoast SEO plugin v25.8 - https:\/\/yoast.com\/wordpress\/plugins\/seo\/ -->\n<title>Communiqu\u00e9 de presse - Centre National de la Musique - Site officiel de la f\u00e9d\u00e9ration Grands Formats<\/title>\n<meta name=\"robots\" content=\"index, follow, max-snippet:-1, max-image-preview:large, max-video-preview:-1\" \/>\n<link rel=\"canonical\" href=\"https:\/\/www.grandsformats.com\/2019\/05\/7111-2\/\" \/>\n<meta property=\"og:locale\" content=\"en_US\" \/>\n<meta property=\"og:type\" content=\"article\" \/>\n<meta property=\"og:title\" content=\"Communiqu\u00e9 de presse - Centre National de la Musique - Site officiel de la f\u00e9d\u00e9ration Grands Formats\" \/>\n<meta property=\"og:description\" content=\"COMMUNIQU\u00c9 DE PRESSE Le projet de cr\u00e9ation du Centre National de la Musique (CNM) est aujourd\u2019hui lanc\u00e9 et le Gouvernement a confirm\u00e9 sa volont\u00e9 de cr\u00e9er un nouvel \u00e9tablissement public au 1er janvier 2020. La proposition de loi issue du travail de la mission parlementaire confi\u00e9e \u00e0 \u00c9milie Cariou et Pascal Bois a \u00e9t\u00e9 adopt\u00e9e...Continue reading\" \/>\n<meta property=\"og:url\" content=\"https:\/\/www.grandsformats.com\/2019\/05\/7111-2\/\" \/>\n<meta property=\"og:site_name\" content=\"Site officiel de la f\u00e9d\u00e9ration Grands Formats\" \/>\n<meta property=\"article:publisher\" content=\"https:\/\/www.facebook.com\/grandsformats\/\" \/>\n<meta property=\"article:published_time\" content=\"2019-05-22T08:41:48+00:00\" \/>\n<meta property=\"article:modified_time\" content=\"2020-05-15T08:28:20+00:00\" \/>\n<meta property=\"og:image\" content=\"https:\/\/www.grandsformats.com\/wp-content\/uploads\/2020\/03\/Article-Communique-GF.jpg\" \/>\n\t<meta property=\"og:image:width\" content=\"1920\" \/>\n\t<meta property=\"og:image:height\" content=\"1080\" \/>\n\t<meta property=\"og:image:type\" content=\"image\/jpeg\" \/>\n<meta name=\"author\" content=\"Grands Formats\" \/>\n<meta name=\"twitter:card\" content=\"summary_large_image\" \/>\n<meta name=\"twitter:creator\" content=\"@GrandsFormatsGF\" \/>\n<meta name=\"twitter:site\" content=\"@GrandsFormatsGF\" \/>\n<meta name=\"twitter:label1\" content=\"Written by\" \/>\n\t<meta name=\"twitter:data1\" content=\"Grands Formats\" \/>\n\t<meta name=\"twitter:label2\" content=\"Est. reading time\" \/>\n\t<meta name=\"twitter:data2\" content=\"3 minutes\" \/>\n<script type=\"application\/ld+json\" class=\"yoast-schema-graph\">{\"@context\":\"https:\/\/schema.org\",\"@graph\":[{\"@type\":\"Article\",\"@id\":\"https:\/\/www.grandsformats.com\/2019\/05\/7111-2\/#article\",\"isPartOf\":{\"@id\":\"https:\/\/www.grandsformats.com\/2019\/05\/7111-2\/\"},\"author\":{\"name\":\"Grands Formats\",\"@id\":\"https:\/\/www.grandsformats.com\/#\/schema\/person\/6ecde7e38a2254b5bc9d620679208ee1\"},\"headline\":\"Communiqu\u00e9 de presse &#8211; Centre National de la Musique\",\"datePublished\":\"2019-05-22T08:41:48+00:00\",\"dateModified\":\"2020-05-15T08:28:20+00:00\",\"mainEntityOfPage\":{\"@id\":\"https:\/\/www.grandsformats.com\/2019\/05\/7111-2\/\"},\"wordCount\":608,\"commentCount\":1,\"publisher\":{\"@id\":\"https:\/\/www.grandsformats.com\/#organization\"},\"image\":{\"@id\":\"https:\/\/www.grandsformats.com\/2019\/05\/7111-2\/#primaryimage\"},\"thumbnailUrl\":\"https:\/\/www.grandsformats.com\/wp-content\/uploads\/2020\/03\/Article-Communique-GF.jpg\",\"articleSection\":[\"Actus de la f\u00e9d\u00e9\"],\"inLanguage\":\"en-US\",\"potentialAction\":[{\"@type\":\"CommentAction\",\"name\":\"Comment\",\"target\":[\"https:\/\/www.grandsformats.com\/2019\/05\/7111-2\/#respond\"]}]},{\"@type\":\"WebPage\",\"@id\":\"https:\/\/www.grandsformats.com\/2019\/05\/7111-2\/\",\"url\":\"https:\/\/www.grandsformats.com\/2019\/05\/7111-2\/\",\"name\":\"Communiqu\u00e9 de presse - Centre National de la Musique - Site officiel de la f\u00e9d\u00e9ration Grands Formats\",\"isPartOf\":{\"@id\":\"https:\/\/www.grandsformats.com\/#website\"},\"primaryImageOfPage\":{\"@id\":\"https:\/\/www.grandsformats.com\/2019\/05\/7111-2\/#primaryimage\"},\"image\":{\"@id\":\"https:\/\/www.grandsformats.com\/2019\/05\/7111-2\/#primaryimage\"},\"thumbnailUrl\":\"https:\/\/www.grandsformats.com\/wp-content\/uploads\/2020\/03\/Article-Communique-GF.jpg\",\"datePublished\":\"2019-05-22T08:41:48+00:00\",\"dateModified\":\"2020-05-15T08:28:20+00:00\",\"breadcrumb\":{\"@id\":\"https:\/\/www.grandsformats.com\/2019\/05\/7111-2\/#breadcrumb\"},\"inLanguage\":\"en-US\",\"potentialAction\":[{\"@type\":\"ReadAction\",\"target\":[\"https:\/\/www.grandsformats.com\/2019\/05\/7111-2\/\"]}]},{\"@type\":\"ImageObject\",\"inLanguage\":\"en-US\",\"@id\":\"https:\/\/www.grandsformats.com\/2019\/05\/7111-2\/#primaryimage\",\"url\":\"https:\/\/www.grandsformats.com\/wp-content\/uploads\/2020\/03\/Article-Communique-GF.jpg\",\"contentUrl\":\"https:\/\/www.grandsformats.com\/wp-content\/uploads\/2020\/03\/Article-Communique-GF.jpg\",\"width\":1920,\"height\":1080,\"caption\":\"\u00a9 Grands Formats\"},{\"@type\":\"BreadcrumbList\",\"@id\":\"https:\/\/www.grandsformats.com\/2019\/05\/7111-2\/#breadcrumb\",\"itemListElement\":[{\"@type\":\"ListItem\",\"position\":1,\"name\":\"Accueil\",\"item\":\"https:\/\/www.grandsformats.com\/en\/\"},{\"@type\":\"ListItem\",\"position\":2,\"name\":\"Communiqu\u00e9 de presse &#8211; Centre National de la Musique\"}]},{\"@type\":\"WebSite\",\"@id\":\"https:\/\/www.grandsformats.com\/#website\",\"url\":\"https:\/\/www.grandsformats.com\/\",\"name\":\"Site officiel de la f\u00e9d\u00e9ration Grands Formats\",\"description\":\"F\u00e9d\u00e9ration d&#039;artistes pour la musique en grand !\",\"publisher\":{\"@id\":\"https:\/\/www.grandsformats.com\/#organization\"},\"potentialAction\":[{\"@type\":\"SearchAction\",\"target\":{\"@type\":\"EntryPoint\",\"urlTemplate\":\"https:\/\/www.grandsformats.com\/?s={search_term_string}\"},\"query-input\":{\"@type\":\"PropertyValueSpecification\",\"valueRequired\":true,\"valueName\":\"search_term_string\"}}],\"inLanguage\":\"en-US\"},{\"@type\":\"Organization\",\"@id\":\"https:\/\/www.grandsformats.com\/#organization\",\"name\":\"Grands Formats\",\"url\":\"https:\/\/www.grandsformats.com\/\",\"logo\":{\"@type\":\"ImageObject\",\"inLanguage\":\"en-US\",\"@id\":\"https:\/\/www.grandsformats.com\/#\/schema\/logo\/image\/\",\"url\":\"https:\/\/www.grandsformats.com\/wp-content\/uploads\/2020\/03\/logo-GF-200.png\",\"contentUrl\":\"https:\/\/www.grandsformats.com\/wp-content\/uploads\/2020\/03\/logo-GF-200.png\",\"width\":155,\"height\":200,\"caption\":\"Grands Formats\"},\"image\":{\"@id\":\"https:\/\/www.grandsformats.com\/#\/schema\/logo\/image\/\"},\"sameAs\":[\"https:\/\/www.facebook.com\/grandsformats\/\",\"https:\/\/x.com\/GrandsFormatsGF\",\"https:\/\/www.instagram.com\/grandsformats\/\",\"https:\/\/www.youtube.com\/channel\/UCJ7k9dbqc_DG-nxI3WMPvhw?view_as=subscriberhttps:\/\/www.youtube.com\/channel\/UCJ7k9dbqc_DG-nxI3WMPvhw?view_as=subscriber\"]},{\"@type\":\"Person\",\"@id\":\"https:\/\/www.grandsformats.com\/#\/schema\/person\/6ecde7e38a2254b5bc9d620679208ee1\",\"name\":\"Grands Formats\",\"image\":{\"@type\":\"ImageObject\",\"inLanguage\":\"en-US\",\"@id\":\"https:\/\/www.grandsformats.com\/#\/schema\/person\/image\/\",\"url\":\"https:\/\/secure.gravatar.com\/avatar\/5d06febf5ba4681bd17a251487132861b5339c2d72f789e59decf1c1b05d0078?s=96&d=mm&r=g\",\"contentUrl\":\"https:\/\/secure.gravatar.com\/avatar\/5d06febf5ba4681bd17a251487132861b5339c2d72f789e59decf1c1b05d0078?s=96&d=mm&r=g\",\"caption\":\"Grands Formats\"},\"url\":\"https:\/\/www.grandsformats.com\/en\/author\/margaux\/\"}]}<\/script>\n<!-- \/ Yoast SEO plugin. -->","yoast_head_json":{"title":"Communiqu\u00e9 de presse - Centre National de la Musique - Site officiel de la f\u00e9d\u00e9ration Grands Formats","robots":{"index":"index","follow":"follow","max-snippet":"max-snippet:-1","max-image-preview":"max-image-preview:large","max-video-preview":"max-video-preview:-1"},"canonical":"https:\/\/www.grandsformats.com\/2019\/05\/7111-2\/","og_locale":"en_US","og_type":"article","og_title":"Communiqu\u00e9 de presse - Centre National de la Musique - Site officiel de la f\u00e9d\u00e9ration Grands Formats","og_description":"COMMUNIQU\u00c9 DE PRESSE Le projet de cr\u00e9ation du Centre National de la Musique (CNM) est aujourd\u2019hui lanc\u00e9 et le Gouvernement a confirm\u00e9 sa volont\u00e9 de cr\u00e9er un nouvel \u00e9tablissement public au 1er janvier 2020. La proposition de loi issue du travail de la mission parlementaire confi\u00e9e \u00e0 \u00c9milie Cariou et Pascal Bois a \u00e9t\u00e9 adopt\u00e9e...Continue reading","og_url":"https:\/\/www.grandsformats.com\/2019\/05\/7111-2\/","og_site_name":"Site officiel de la f\u00e9d\u00e9ration Grands Formats","article_publisher":"https:\/\/www.facebook.com\/grandsformats\/","article_published_time":"2019-05-22T08:41:48+00:00","article_modified_time":"2020-05-15T08:28:20+00:00","og_image":[{"width":1920,"height":1080,"url":"https:\/\/www.grandsformats.com\/wp-content\/uploads\/2020\/03\/Article-Communique-GF.jpg","type":"image\/jpeg"}],"author":"Grands Formats","twitter_card":"summary_large_image","twitter_creator":"@GrandsFormatsGF","twitter_site":"@GrandsFormatsGF","twitter_misc":{"Written by":"Grands Formats","Est. reading time":"3 minutes"},"schema":{"@context":"https:\/\/schema.org","@graph":[{"@type":"Article","@id":"https:\/\/www.grandsformats.com\/2019\/05\/7111-2\/#article","isPartOf":{"@id":"https:\/\/www.grandsformats.com\/2019\/05\/7111-2\/"},"author":{"name":"Grands Formats","@id":"https:\/\/www.grandsformats.com\/#\/schema\/person\/6ecde7e38a2254b5bc9d620679208ee1"},"headline":"Communiqu\u00e9 de presse &#8211; Centre National de la Musique","datePublished":"2019-05-22T08:41:48+00:00","dateModified":"2020-05-15T08:28:20+00:00","mainEntityOfPage":{"@id":"https:\/\/www.grandsformats.com\/2019\/05\/7111-2\/"},"wordCount":608,"commentCount":1,"publisher":{"@id":"https:\/\/www.grandsformats.com\/#organization"},"image":{"@id":"https:\/\/www.grandsformats.com\/2019\/05\/7111-2\/#primaryimage"},"thumbnailUrl":"https:\/\/www.grandsformats.com\/wp-content\/uploads\/2020\/03\/Article-Communique-GF.jpg","articleSection":["Actus de la f\u00e9d\u00e9"],"inLanguage":"en-US","potentialAction":[{"@type":"CommentAction","name":"Comment","target":["https:\/\/www.grandsformats.com\/2019\/05\/7111-2\/#respond"]}]},{"@type":"WebPage","@id":"https:\/\/www.grandsformats.com\/2019\/05\/7111-2\/","url":"https:\/\/www.grandsformats.com\/2019\/05\/7111-2\/","name":"Communiqu\u00e9 de presse - Centre National de la Musique - Site officiel de la f\u00e9d\u00e9ration Grands Formats","isPartOf":{"@id":"https:\/\/www.grandsformats.com\/#website"},"primaryImageOfPage":{"@id":"https:\/\/www.grandsformats.com\/2019\/05\/7111-2\/#primaryimage"},"image":{"@id":"https:\/\/www.grandsformats.com\/2019\/05\/7111-2\/#primaryimage"},"thumbnailUrl":"https:\/\/www.grandsformats.com\/wp-content\/uploads\/2020\/03\/Article-Communique-GF.jpg","datePublished":"2019-05-22T08:41:48+00:00","dateModified":"2020-05-15T08:28:20+00:00","breadcrumb":{"@id":"https:\/\/www.grandsformats.com\/2019\/05\/7111-2\/#breadcrumb"},"inLanguage":"en-US","potentialAction":[{"@type":"ReadAction","target":["https:\/\/www.grandsformats.com\/2019\/05\/7111-2\/"]}]},{"@type":"ImageObject","inLanguage":"en-US","@id":"https:\/\/www.grandsformats.com\/2019\/05\/7111-2\/#primaryimage","url":"https:\/\/www.grandsformats.com\/wp-content\/uploads\/2020\/03\/Article-Communique-GF.jpg","contentUrl":"https:\/\/www.grandsformats.com\/wp-content\/uploads\/2020\/03\/Article-Communique-GF.jpg","width":1920,"height":1080,"caption":"\u00a9 Grands Formats"},{"@type":"BreadcrumbList","@id":"https:\/\/www.grandsformats.com\/2019\/05\/7111-2\/#breadcrumb","itemListElement":[{"@type":"ListItem","position":1,"name":"Accueil","item":"https:\/\/www.grandsformats.com\/en\/"},{"@type":"ListItem","position":2,"name":"Communiqu\u00e9 de presse &#8211; Centre National de la Musique"}]},{"@type":"WebSite","@id":"https:\/\/www.grandsformats.com\/#website","url":"https:\/\/www.grandsformats.com\/","name":"Site officiel de la f\u00e9d\u00e9ration Grands Formats","description":"F\u00e9d\u00e9ration d&#039;artistes pour la musique en grand !","publisher":{"@id":"https:\/\/www.grandsformats.com\/#organization"},"potentialAction":[{"@type":"SearchAction","target":{"@type":"EntryPoint","urlTemplate":"https:\/\/www.grandsformats.com\/?s={search_term_string}"},"query-input":{"@type":"PropertyValueSpecification","valueRequired":true,"valueName":"search_term_string"}}],"inLanguage":"en-US"},{"@type":"Organization","@id":"https:\/\/www.grandsformats.com\/#organization","name":"Grands Formats","url":"https:\/\/www.grandsformats.com\/","logo":{"@type":"ImageObject","inLanguage":"en-US","@id":"https:\/\/www.grandsformats.com\/#\/schema\/logo\/image\/","url":"https:\/\/www.grandsformats.com\/wp-content\/uploads\/2020\/03\/logo-GF-200.png","contentUrl":"https:\/\/www.grandsformats.com\/wp-content\/uploads\/2020\/03\/logo-GF-200.png","width":155,"height":200,"caption":"Grands Formats"},"image":{"@id":"https:\/\/www.grandsformats.com\/#\/schema\/logo\/image\/"},"sameAs":["https:\/\/www.facebook.com\/grandsformats\/","https:\/\/x.com\/GrandsFormatsGF","https:\/\/www.instagram.com\/grandsformats\/","https:\/\/www.youtube.com\/channel\/UCJ7k9dbqc_DG-nxI3WMPvhw?view_as=subscriberhttps:\/\/www.youtube.com\/channel\/UCJ7k9dbqc_DG-nxI3WMPvhw?view_as=subscriber"]},{"@type":"Person","@id":"https:\/\/www.grandsformats.com\/#\/schema\/person\/6ecde7e38a2254b5bc9d620679208ee1","name":"Grands Formats","image":{"@type":"ImageObject","inLanguage":"en-US","@id":"https:\/\/www.grandsformats.com\/#\/schema\/person\/image\/","url":"https:\/\/secure.gravatar.com\/avatar\/5d06febf5ba4681bd17a251487132861b5339c2d72f789e59decf1c1b05d0078?s=96&d=mm&r=g","contentUrl":"https:\/\/secure.gravatar.com\/avatar\/5d06febf5ba4681bd17a251487132861b5339c2d72f789e59decf1c1b05d0078?s=96&d=mm&r=g","caption":"Grands Formats"},"url":"https:\/\/www.grandsformats.com\/en\/author\/margaux\/"}]}},"_links":{"self":[{"href":"https:\/\/www.grandsformats.com\/en\/wp-json\/wp\/v2\/posts\/7111","targetHints":{"allow":["GET"]}}],"collection":[{"href":"https:\/\/www.grandsformats.com\/en\/wp-json\/wp\/v2\/posts"}],"about":[{"href":"https:\/\/www.grandsformats.com\/en\/wp-json\/wp\/v2\/types\/post"}],"author":[{"embeddable":true,"href":"https:\/\/www.grandsformats.com\/en\/wp-json\/wp\/v2\/users\/2"}],"replies":[{"embeddable":true,"href":"https:\/\/www.grandsformats.com\/en\/wp-json\/wp\/v2\/comments?post=7111"}],"version-history":[{"count":0,"href":"https:\/\/www.grandsformats.com\/en\/wp-json\/wp\/v2\/posts\/7111\/revisions"}],"wp:featuredmedia":[{"embeddable":true,"href":"https:\/\/www.grandsformats.com\/en\/wp-json\/wp\/v2\/media\/12522"}],"wp:attachment":[{"href":"https:\/\/www.grandsformats.com\/en\/wp-json\/wp\/v2\/media?parent=7111"}],"wp:term":[{"taxonomy":"category","embeddable":true,"href":"https:\/\/www.grandsformats.com\/en\/wp-json\/wp\/v2\/categories?post=7111"},{"taxonomy":"post_tag","embeddable":true,"href":"https:\/\/www.grandsformats.com\/en\/wp-json\/wp\/v2\/tags?post=7111"}],"curies":[{"name":"wp","href":"https:\/\/api.w.org\/{rel}","templated":true}]}}