{"id":7105,"date":"2019-05-10T09:54:06","date_gmt":"2019-05-10T08:54:06","guid":{"rendered":"http:\/\/www.grandsformats.com\/?p=7105"},"modified":"2020-04-23T12:57:05","modified_gmt":"2020-04-23T10:57:05","slug":"edito","status":"publish","type":"post","link":"https:\/\/www.grandsformats.com\/en\/2019\/05\/edito\/","title":{"rendered":"Rentr\u00e9e Grands Formats 2019 : save the date !"},"content":{"rendered":"<p><span class=\"\">Ca y est c\u2019est officiel ! Le lancement de la prochaine\u00a0<strong>Rentr\u00e9e Grands Formats se d\u00e9roulera cette ann\u00e9e\u00a0les 10, 11 et 12 octobre prochain \u00e0 Brest<\/strong>, en partenariat avec la sc\u00e8ne\u00a0nationale \u00ab Le Quartz \u00bb et la sc\u00e8ne nomade de musiques libres\u00a0\u00ab Plages\u00a0Magn\u00e9tiques\u00bb dans le cadre de l&#8217;Atlantique Jazz Festival.<\/span><\/p>\n<p style=\"text-align: left;\"><span class=\"\">La Rentr\u00e9e, vous en entendez parler tous les ans, mais c\u2019est\u00a0quoi au fait ? Et \u00e0 quoi \u00e7a sert vraiment ?<\/span><br class=\"\" \/><br class=\"\" \/><span class=\"\">La Rentr\u00e9e c\u2019est l\u2019\u00e9v\u00e9nement annuel de notre f\u00e9d\u00e9ration\u00a0d\u2019artistes. Un temps fort qui est avant tout artistique et que nous destinons \u00e0\u00a0tous les professionnels de la musique d\u2019une part, mais \u00e0 aussi \u00e0 tous les\u00a0publics amoureux de sensations fortes. Son but : f<strong>aire d\u00e9couvrir le plaisir de la musique en grande formation mais aussi valoriser les lieux et les\u00a0festivals qui portent ces projets audacieux<\/strong> et contribuent ainsi, \u00e0 nos c\u00f4t\u00e9s,\u00a0\u00e0 la d\u00e9fense de la diversit\u00e9 musicale qui passe aussi par la diversit\u00e9 des\u00a0formats.<\/span><br class=\"\" \/><br class=\"\" \/><span class=\"\">La Rentr\u00e9e, \u00e7a d\u00e9marre avec un temps fort de lancement. Trois\u00a0jours de concerts, de rencontres et d\u2019actions que nous organisons chaque ann\u00e9e\u00a0avec des partenaires et dans des territoires diff\u00e9rents. Une\u00a0fa\u00e7on de r\u00e9-inventer\u00a0l\u2019\u00e9v\u00e9nement \u00e0 chaque fois mais aussi d\u2019<strong>apporter un coup de projecteur sur des\u00a0d\u00e9marches territoriales, des artistes, des r\u00e9seaux et des acteurs<\/strong><\/span><span class=\"\"><strong>\u2026<\/strong>sur\u00a0diff\u00e9rentes fa\u00e7ons de faire et de penser la culture en somme !<\/span><br class=\"\" \/><br class=\"\" \/><span class=\"\">La programmation artistique de ces trois jours vous sera\u00a0bient\u00f4t d\u00e9voil\u00e9e &#8211; encore un peu de patience ! &#8211; mais vous pouvez d\u2019ores\u00a0et d\u00e9j\u00e0 noter <strong>la\u00a0rencontre\u00a0professionnelle\u00a0qui se d\u00e9roulera\u00a0le\u00a011 octobre dans l\u2019apr\u00e8s-midi au Quartz\u00a0autour\u00a0de la question de\u00a0la repr\u00e9sentation des femmes dans le secteur musique<\/strong>.\u00a0Une\u00a0rencontre qui s\u2019appuiera sur la pr\u00e9sentation et les r\u00e9sultats de l\u2019<strong>enqu\u00eate\u00a0men\u00e9e actuellement par la f\u00e9d\u00e9ration en partenariat avec deux autres r\u00e9seaux &#8211;\u00a0l\u2019AJC, le r\u00e9seau des diffuseurs de jazz et la\u00a0FNEIJMA, la f\u00e9d\u00e9ration des \u00e9coles d\u2019influence jazz et musiques actuelles<\/strong> \u2013 et qui sera l\u2019occasion d\u2019\u00e9changes plus\u00a0larges avec les repr\u00e9sentants d\u2019autres esth\u00e9tiques musicales. Une rencontre\u00a0envisag\u00e9e comme une pierre de plus dans le travail d\u2019\u00e9laboration et\u00a0mise en\u00a0\u0153uvre d\u2019outils communs aux acteurs de la musique pour agir au-del\u00e0 des\u00a0constats.<\/span><br class=\"\" \/><br class=\"\" \/><span class=\"\">\u00a0Nous profiterons de ce lancement pour organiser notre\u00a0Assembl\u00e9e G\u00e9n\u00e9ral<span style=\"color: #000000;\">e.\u00a0<\/span><\/span><span class=\"\">Prendre un vrai temps, au-del\u00e0 des \u00e9changes mails, des visio-conf\u00e9rences, des r\u00e9unions en petits groupes\u00a0pour TOUS\u00a0se retrouver. <strong>\u00c9changer nos coups de c\u0153ur, nos coups de gueule, prendre le temps\u00a0de se positionner sur les sujets qui nous importent, construire les projets de\u00a0notre f\u00e9d\u00e9ration<\/strong>. Un de ces moments o\u00f9 \u00e7a bouillonne et o\u00f9 l\u2019on repart plus\u00a0fort de savoir que ce qu\u2019on porte r\u00e9sonne ailleurs.<\/span><br class=\"\" \/><br class=\"\" \/><span class=\"\">\u00a0La Rentr\u00e9e continuera ensuite <strong>pendant un mois autour d\u2019une\u00a0cinquantaine de concerts, un peu partout en France.<\/strong> Alors, o\u00f9 que vous habitiez, il y aura forc\u00e9ment des grands ensembles \u00e0 d\u00e9couvrir pr\u00e8s de\u00a0chez\u00a0vous !<\/span><br class=\"\" \/><br class=\"\" \/><strong><span class=\"\">\u00a0Grands Formats<\/span><\/strong><\/p>\n","protected":false},"excerpt":{"rendered":"<p>Ca y est c\u2019est officiel ! Le lancement de la prochaine\u00a0Rentr\u00e9e Grands Formats se d\u00e9roulera cette ann\u00e9e\u00a0les 10, 11 et 12 octobre prochain \u00e0 Brest, en partenariat avec la sc\u00e8ne\u00a0nationale \u00ab Le Quartz \u00bb et la sc\u00e8ne nomade de musiques libres\u00a0\u00ab Plages\u00a0Magn\u00e9tiques\u00bb dans le cadre de l&#8217;Atlantique Jazz Festival. La Rentr\u00e9e, vous en entendez parler&#8230;<\/p>\n<p><a rel=\"bookmark\" class=\"theme-button-text wvc-button wvc-button-size-xs\" href=\"https:\/\/www.grandsformats.com\/en\/2019\/05\/edito\/\"><small class=\"wvc-button-background-fill\"><\/small><span>Continue reading<\/span><\/a><\/p>\n","protected":false},"author":2,"featured_media":4382,"comment_status":"open","ping_status":"open","sticky":false,"template":"","format":"standard","meta":{"_acf_changed":false,"footnotes":""},"categories":[90,194],"tags":[],"class_list":["post-7105","post","type-post","status-publish","format-standard","has-post-thumbnail","hentry","category-grands-formats","category-evenements","entry-post-skin-light","entry","clearfix","entry-grid","entry-columns-default","entry-post-module-layout-sidebar-right","thumbnail-color-tone-dark","no-post-thumbnail","entry-post","entry-masonry","entry-post-masonry"],"acf":[],"yoast_head":"<!-- This site is optimized with the Yoast SEO plugin v25.8 - https:\/\/yoast.com\/wordpress\/plugins\/seo\/ -->\n<title>Rentr\u00e9e Grands Formats 2019 : save the date ! - Site officiel de la f\u00e9d\u00e9ration Grands Formats<\/title>\n<meta name=\"robots\" content=\"index, follow, max-snippet:-1, max-image-preview:large, max-video-preview:-1\" \/>\n<link rel=\"canonical\" href=\"https:\/\/www.grandsformats.com\/2019\/05\/edito\/\" \/>\n<meta property=\"og:locale\" content=\"en_US\" \/>\n<meta property=\"og:type\" content=\"article\" \/>\n<meta property=\"og:title\" content=\"Rentr\u00e9e Grands Formats 2019 : save the date ! - Site officiel de la f\u00e9d\u00e9ration Grands Formats\" \/>\n<meta property=\"og:description\" content=\"Ca y est c\u2019est officiel ! Le lancement de la prochaine\u00a0Rentr\u00e9e Grands Formats se d\u00e9roulera cette ann\u00e9e\u00a0les 10, 11 et 12 octobre prochain \u00e0 Brest, en partenariat avec la sc\u00e8ne\u00a0nationale \u00ab Le Quartz \u00bb et la sc\u00e8ne nomade de musiques libres\u00a0\u00ab Plages\u00a0Magn\u00e9tiques\u00bb dans le cadre de l&#8217;Atlantique Jazz Festival. La Rentr\u00e9e, vous en entendez parler...Continue reading\" \/>\n<meta property=\"og:url\" content=\"https:\/\/www.grandsformats.com\/2019\/05\/edito\/\" \/>\n<meta property=\"og:site_name\" content=\"Site officiel de la f\u00e9d\u00e9ration Grands Formats\" \/>\n<meta property=\"article:publisher\" content=\"https:\/\/www.facebook.com\/grandsformats\/\" \/>\n<meta property=\"article:published_time\" content=\"2019-05-10T08:54:06+00:00\" \/>\n<meta property=\"article:modified_time\" content=\"2020-04-23T10:57:05+00:00\" \/>\n<meta name=\"author\" content=\"Grands Formats\" \/>\n<meta name=\"twitter:card\" content=\"summary_large_image\" \/>\n<meta name=\"twitter:creator\" content=\"@GrandsFormatsGF\" \/>\n<meta name=\"twitter:site\" content=\"@GrandsFormatsGF\" \/>\n<meta name=\"twitter:label1\" content=\"Written by\" \/>\n\t<meta name=\"twitter:data1\" content=\"Grands Formats\" \/>\n\t<meta name=\"twitter:label2\" content=\"Est. reading time\" \/>\n\t<meta name=\"twitter:data2\" content=\"3 minutes\" \/>\n<script type=\"application\/ld+json\" class=\"yoast-schema-graph\">{\"@context\":\"https:\/\/schema.org\",\"@graph\":[{\"@type\":\"Article\",\"@id\":\"https:\/\/www.grandsformats.com\/2019\/05\/edito\/#article\",\"isPartOf\":{\"@id\":\"https:\/\/www.grandsformats.com\/2019\/05\/edito\/\"},\"author\":{\"name\":\"Grands Formats\",\"@id\":\"https:\/\/www.grandsformats.com\/#\/schema\/person\/6ecde7e38a2254b5bc9d620679208ee1\"},\"headline\":\"Rentr\u00e9e Grands Formats 2019 : save the date !\",\"datePublished\":\"2019-05-10T08:54:06+00:00\",\"dateModified\":\"2020-04-23T10:57:05+00:00\",\"mainEntityOfPage\":{\"@id\":\"https:\/\/www.grandsformats.com\/2019\/05\/edito\/\"},\"wordCount\":552,\"commentCount\":0,\"publisher\":{\"@id\":\"https:\/\/www.grandsformats.com\/#organization\"},\"image\":{\"@id\":\"https:\/\/www.grandsformats.com\/2019\/05\/edito\/#primaryimage\"},\"thumbnailUrl\":\"\",\"articleSection\":[\"Actus de la f\u00e9d\u00e9\",\"Ev\u00e8nements\"],\"inLanguage\":\"en-US\",\"potentialAction\":[{\"@type\":\"CommentAction\",\"name\":\"Comment\",\"target\":[\"https:\/\/www.grandsformats.com\/2019\/05\/edito\/#respond\"]}]},{\"@type\":\"WebPage\",\"@id\":\"https:\/\/www.grandsformats.com\/2019\/05\/edito\/\",\"url\":\"https:\/\/www.grandsformats.com\/2019\/05\/edito\/\",\"name\":\"Rentr\u00e9e Grands Formats 2019 : save the date ! - Site officiel de la f\u00e9d\u00e9ration Grands Formats\",\"isPartOf\":{\"@id\":\"https:\/\/www.grandsformats.com\/#website\"},\"primaryImageOfPage\":{\"@id\":\"https:\/\/www.grandsformats.com\/2019\/05\/edito\/#primaryimage\"},\"image\":{\"@id\":\"https:\/\/www.grandsformats.com\/2019\/05\/edito\/#primaryimage\"},\"thumbnailUrl\":\"\",\"datePublished\":\"2019-05-10T08:54:06+00:00\",\"dateModified\":\"2020-04-23T10:57:05+00:00\",\"breadcrumb\":{\"@id\":\"https:\/\/www.grandsformats.com\/2019\/05\/edito\/#breadcrumb\"},\"inLanguage\":\"en-US\",\"potentialAction\":[{\"@type\":\"ReadAction\",\"target\":[\"https:\/\/www.grandsformats.com\/2019\/05\/edito\/\"]}]},{\"@type\":\"ImageObject\",\"inLanguage\":\"en-US\",\"@id\":\"https:\/\/www.grandsformats.com\/2019\/05\/edito\/#primaryimage\",\"url\":\"\",\"contentUrl\":\"\"},{\"@type\":\"BreadcrumbList\",\"@id\":\"https:\/\/www.grandsformats.com\/2019\/05\/edito\/#breadcrumb\",\"itemListElement\":[{\"@type\":\"ListItem\",\"position\":1,\"name\":\"Accueil\",\"item\":\"https:\/\/www.grandsformats.com\/en\/\"},{\"@type\":\"ListItem\",\"position\":2,\"name\":\"Rentr\u00e9e Grands Formats 2019 : save the date !\"}]},{\"@type\":\"WebSite\",\"@id\":\"https:\/\/www.grandsformats.com\/#website\",\"url\":\"https:\/\/www.grandsformats.com\/\",\"name\":\"Site officiel de la f\u00e9d\u00e9ration Grands Formats\",\"description\":\"F\u00e9d\u00e9ration d&#039;artistes pour la musique en grand !\",\"publisher\":{\"@id\":\"https:\/\/www.grandsformats.com\/#organization\"},\"potentialAction\":[{\"@type\":\"SearchAction\",\"target\":{\"@type\":\"EntryPoint\",\"urlTemplate\":\"https:\/\/www.grandsformats.com\/?s={search_term_string}\"},\"query-input\":{\"@type\":\"PropertyValueSpecification\",\"valueRequired\":true,\"valueName\":\"search_term_string\"}}],\"inLanguage\":\"en-US\"},{\"@type\":\"Organization\",\"@id\":\"https:\/\/www.grandsformats.com\/#organization\",\"name\":\"Grands Formats\",\"url\":\"https:\/\/www.grandsformats.com\/\",\"logo\":{\"@type\":\"ImageObject\",\"inLanguage\":\"en-US\",\"@id\":\"https:\/\/www.grandsformats.com\/#\/schema\/logo\/image\/\",\"url\":\"https:\/\/www.grandsformats.com\/wp-content\/uploads\/2020\/03\/logo-GF-200.png\",\"contentUrl\":\"https:\/\/www.grandsformats.com\/wp-content\/uploads\/2020\/03\/logo-GF-200.png\",\"width\":155,\"height\":200,\"caption\":\"Grands Formats\"},\"image\":{\"@id\":\"https:\/\/www.grandsformats.com\/#\/schema\/logo\/image\/\"},\"sameAs\":[\"https:\/\/www.facebook.com\/grandsformats\/\",\"https:\/\/x.com\/GrandsFormatsGF\",\"https:\/\/www.instagram.com\/grandsformats\/\",\"https:\/\/www.youtube.com\/channel\/UCJ7k9dbqc_DG-nxI3WMPvhw?view_as=subscriberhttps:\/\/www.youtube.com\/channel\/UCJ7k9dbqc_DG-nxI3WMPvhw?view_as=subscriber\"]},{\"@type\":\"Person\",\"@id\":\"https:\/\/www.grandsformats.com\/#\/schema\/person\/6ecde7e38a2254b5bc9d620679208ee1\",\"name\":\"Grands Formats\",\"image\":{\"@type\":\"ImageObject\",\"inLanguage\":\"en-US\",\"@id\":\"https:\/\/www.grandsformats.com\/#\/schema\/person\/image\/\",\"url\":\"https:\/\/secure.gravatar.com\/avatar\/5d06febf5ba4681bd17a251487132861b5339c2d72f789e59decf1c1b05d0078?s=96&d=mm&r=g\",\"contentUrl\":\"https:\/\/secure.gravatar.com\/avatar\/5d06febf5ba4681bd17a251487132861b5339c2d72f789e59decf1c1b05d0078?s=96&d=mm&r=g\",\"caption\":\"Grands Formats\"},\"url\":\"https:\/\/www.grandsformats.com\/en\/author\/margaux\/\"}]}<\/script>\n<!-- \/ Yoast SEO plugin. -->","yoast_head_json":{"title":"Rentr\u00e9e Grands Formats 2019 : save the date ! - Site officiel de la f\u00e9d\u00e9ration Grands Formats","robots":{"index":"index","follow":"follow","max-snippet":"max-snippet:-1","max-image-preview":"max-image-preview:large","max-video-preview":"max-video-preview:-1"},"canonical":"https:\/\/www.grandsformats.com\/2019\/05\/edito\/","og_locale":"en_US","og_type":"article","og_title":"Rentr\u00e9e Grands Formats 2019 : save the date ! - Site officiel de la f\u00e9d\u00e9ration Grands Formats","og_description":"Ca y est c\u2019est officiel ! Le lancement de la prochaine\u00a0Rentr\u00e9e Grands Formats se d\u00e9roulera cette ann\u00e9e\u00a0les 10, 11 et 12 octobre prochain \u00e0 Brest, en partenariat avec la sc\u00e8ne\u00a0nationale \u00ab Le Quartz \u00bb et la sc\u00e8ne nomade de musiques libres\u00a0\u00ab Plages\u00a0Magn\u00e9tiques\u00bb dans le cadre de l&#8217;Atlantique Jazz Festival. La Rentr\u00e9e, vous en entendez parler...Continue reading","og_url":"https:\/\/www.grandsformats.com\/2019\/05\/edito\/","og_site_name":"Site officiel de la f\u00e9d\u00e9ration Grands Formats","article_publisher":"https:\/\/www.facebook.com\/grandsformats\/","article_published_time":"2019-05-10T08:54:06+00:00","article_modified_time":"2020-04-23T10:57:05+00:00","author":"Grands Formats","twitter_card":"summary_large_image","twitter_creator":"@GrandsFormatsGF","twitter_site":"@GrandsFormatsGF","twitter_misc":{"Written by":"Grands Formats","Est. reading time":"3 minutes"},"schema":{"@context":"https:\/\/schema.org","@graph":[{"@type":"Article","@id":"https:\/\/www.grandsformats.com\/2019\/05\/edito\/#article","isPartOf":{"@id":"https:\/\/www.grandsformats.com\/2019\/05\/edito\/"},"author":{"name":"Grands Formats","@id":"https:\/\/www.grandsformats.com\/#\/schema\/person\/6ecde7e38a2254b5bc9d620679208ee1"},"headline":"Rentr\u00e9e Grands Formats 2019 : save the date !","datePublished":"2019-05-10T08:54:06+00:00","dateModified":"2020-04-23T10:57:05+00:00","mainEntityOfPage":{"@id":"https:\/\/www.grandsformats.com\/2019\/05\/edito\/"},"wordCount":552,"commentCount":0,"publisher":{"@id":"https:\/\/www.grandsformats.com\/#organization"},"image":{"@id":"https:\/\/www.grandsformats.com\/2019\/05\/edito\/#primaryimage"},"thumbnailUrl":"","articleSection":["Actus de la f\u00e9d\u00e9","Ev\u00e8nements"],"inLanguage":"en-US","potentialAction":[{"@type":"CommentAction","name":"Comment","target":["https:\/\/www.grandsformats.com\/2019\/05\/edito\/#respond"]}]},{"@type":"WebPage","@id":"https:\/\/www.grandsformats.com\/2019\/05\/edito\/","url":"https:\/\/www.grandsformats.com\/2019\/05\/edito\/","name":"Rentr\u00e9e Grands Formats 2019 : save the date ! - Site officiel de la f\u00e9d\u00e9ration Grands Formats","isPartOf":{"@id":"https:\/\/www.grandsformats.com\/#website"},"primaryImageOfPage":{"@id":"https:\/\/www.grandsformats.com\/2019\/05\/edito\/#primaryimage"},"image":{"@id":"https:\/\/www.grandsformats.com\/2019\/05\/edito\/#primaryimage"},"thumbnailUrl":"","datePublished":"2019-05-10T08:54:06+00:00","dateModified":"2020-04-23T10:57:05+00:00","breadcrumb":{"@id":"https:\/\/www.grandsformats.com\/2019\/05\/edito\/#breadcrumb"},"inLanguage":"en-US","potentialAction":[{"@type":"ReadAction","target":["https:\/\/www.grandsformats.com\/2019\/05\/edito\/"]}]},{"@type":"ImageObject","inLanguage":"en-US","@id":"https:\/\/www.grandsformats.com\/2019\/05\/edito\/#primaryimage","url":"","contentUrl":""},{"@type":"BreadcrumbList","@id":"https:\/\/www.grandsformats.com\/2019\/05\/edito\/#breadcrumb","itemListElement":[{"@type":"ListItem","position":1,"name":"Accueil","item":"https:\/\/www.grandsformats.com\/en\/"},{"@type":"ListItem","position":2,"name":"Rentr\u00e9e Grands Formats 2019 : save the date !"}]},{"@type":"WebSite","@id":"https:\/\/www.grandsformats.com\/#website","url":"https:\/\/www.grandsformats.com\/","name":"Site officiel de la f\u00e9d\u00e9ration Grands Formats","description":"F\u00e9d\u00e9ration d&#039;artistes pour la musique en grand !","publisher":{"@id":"https:\/\/www.grandsformats.com\/#organization"},"potentialAction":[{"@type":"SearchAction","target":{"@type":"EntryPoint","urlTemplate":"https:\/\/www.grandsformats.com\/?s={search_term_string}"},"query-input":{"@type":"PropertyValueSpecification","valueRequired":true,"valueName":"search_term_string"}}],"inLanguage":"en-US"},{"@type":"Organization","@id":"https:\/\/www.grandsformats.com\/#organization","name":"Grands Formats","url":"https:\/\/www.grandsformats.com\/","logo":{"@type":"ImageObject","inLanguage":"en-US","@id":"https:\/\/www.grandsformats.com\/#\/schema\/logo\/image\/","url":"https:\/\/www.grandsformats.com\/wp-content\/uploads\/2020\/03\/logo-GF-200.png","contentUrl":"https:\/\/www.grandsformats.com\/wp-content\/uploads\/2020\/03\/logo-GF-200.png","width":155,"height":200,"caption":"Grands Formats"},"image":{"@id":"https:\/\/www.grandsformats.com\/#\/schema\/logo\/image\/"},"sameAs":["https:\/\/www.facebook.com\/grandsformats\/","https:\/\/x.com\/GrandsFormatsGF","https:\/\/www.instagram.com\/grandsformats\/","https:\/\/www.youtube.com\/channel\/UCJ7k9dbqc_DG-nxI3WMPvhw?view_as=subscriberhttps:\/\/www.youtube.com\/channel\/UCJ7k9dbqc_DG-nxI3WMPvhw?view_as=subscriber"]},{"@type":"Person","@id":"https:\/\/www.grandsformats.com\/#\/schema\/person\/6ecde7e38a2254b5bc9d620679208ee1","name":"Grands Formats","image":{"@type":"ImageObject","inLanguage":"en-US","@id":"https:\/\/www.grandsformats.com\/#\/schema\/person\/image\/","url":"https:\/\/secure.gravatar.com\/avatar\/5d06febf5ba4681bd17a251487132861b5339c2d72f789e59decf1c1b05d0078?s=96&d=mm&r=g","contentUrl":"https:\/\/secure.gravatar.com\/avatar\/5d06febf5ba4681bd17a251487132861b5339c2d72f789e59decf1c1b05d0078?s=96&d=mm&r=g","caption":"Grands Formats"},"url":"https:\/\/www.grandsformats.com\/en\/author\/margaux\/"}]}},"_links":{"self":[{"href":"https:\/\/www.grandsformats.com\/en\/wp-json\/wp\/v2\/posts\/7105","targetHints":{"allow":["GET"]}}],"collection":[{"href":"https:\/\/www.grandsformats.com\/en\/wp-json\/wp\/v2\/posts"}],"about":[{"href":"https:\/\/www.grandsformats.com\/en\/wp-json\/wp\/v2\/types\/post"}],"author":[{"embeddable":true,"href":"https:\/\/www.grandsformats.com\/en\/wp-json\/wp\/v2\/users\/2"}],"replies":[{"embeddable":true,"href":"https:\/\/www.grandsformats.com\/en\/wp-json\/wp\/v2\/comments?post=7105"}],"version-history":[{"count":0,"href":"https:\/\/www.grandsformats.com\/en\/wp-json\/wp\/v2\/posts\/7105\/revisions"}],"wp:featuredmedia":[{"embeddable":true,"href":"https:\/\/www.grandsformats.com\/en\/wp-json\/"}],"wp:attachment":[{"href":"https:\/\/www.grandsformats.com\/en\/wp-json\/wp\/v2\/media?parent=7105"}],"wp:term":[{"taxonomy":"category","embeddable":true,"href":"https:\/\/www.grandsformats.com\/en\/wp-json\/wp\/v2\/categories?post=7105"},{"taxonomy":"post_tag","embeddable":true,"href":"https:\/\/www.grandsformats.com\/en\/wp-json\/wp\/v2\/tags?post=7105"}],"curies":[{"name":"wp","href":"https:\/\/api.w.org\/{rel}","templated":true}]}}