{"id":7081,"date":"2019-05-06T14:23:28","date_gmt":"2019-05-06T13:23:28","guid":{"rendered":"http:\/\/www.grandsformats.com\/?p=7081"},"modified":"2020-05-07T17:37:01","modified_gmt":"2020-05-07T15:37:01","slug":"organik-orkeztra-2","status":"publish","type":"post","link":"https:\/\/www.grandsformats.com\/en\/2019\/05\/organik-orkeztra-2\/","title":{"rendered":"Un nouveau r\u00e9pertoire pour Organik Orkeztra"},"content":{"rendered":"<h1>Nouveau r\u00e9pertoire :\u00a0Ritual<\/h1>\n<p>Cr\u00e9\u00e9 et pr\u00e9sent\u00e9 en janvier 2019 dans le cadre du festival Du Bleu en hiver, \u00e0 l\u2019Empreinte, Sc\u00e8ne nationale Brive &#8211; Tulle puis au Cube Cirque-PNC Boulazac Aquitaine, RITUAL, second r\u00e9pertoire de l\u2019orchestre, sera pr\u00e9sent\u00e9 au festival Primaderan le 25 mai prochain \u00e0 La Bastide Clairence. Festival organis\u00e9 par le centre culturel Clarenza (salle de spectacle Inessa de Gaxen).<br \/>\nCompos\u00e9 de 12 musiciens aux identit\u00e9s respectives singuli\u00e8res, ces derniers proposent un v\u00e9ritable rituel sur sc\u00e8ne pour eux-m\u00eame, pour tous.<br \/>\nEn amont du concert, ils rencontreront 4 chanteuses aux origines et r\u00e9pertoires divers et proposeront le 26 mai des restitutions musicales fortes \u00e0 diff\u00e9rents endroits du village de La Bastide Clairence. Plus d\u2019info :\u00a0<a href=\"http:\/\/www.clarenza.org\/\">www.clarenza.org<\/a>\u00a0&#8211;\u00a0<a href=\"http:\/\/facebook.com\/clarenzabastida\">Facebook.com\/clarenzabastida<\/a><br \/>\nA venir : concert au festival De bouche \u00e0 oreille \u00e0 Parthenay, le 26 juillet.<br \/>\n<iframe loading=\"lazy\" src=\"https:\/\/www.youtube.com\/embed\/XsB6ZgAY5Xg\" width=\"auto\" height=\"315\" frameborder=\"0\" allowfullscreen=\"allowfullscreen\"><\/iframe><\/p>\n<p class=\"p1\"><span class=\"s1\">\u00a9\u00a0<\/span>Alexandre Noclain<\/p>\n","protected":false},"excerpt":{"rendered":"<p>Nouveau r\u00e9pertoire :\u00a0Ritual Cr\u00e9\u00e9 et pr\u00e9sent\u00e9 en janvier 2019 dans le cadre du festival Du Bleu en hiver, \u00e0 l\u2019Empreinte, Sc\u00e8ne nationale Brive &#8211; Tulle puis au Cube Cirque-PNC Boulazac Aquitaine, RITUAL, second r\u00e9pertoire de l\u2019orchestre, sera pr\u00e9sent\u00e9 au festival Primaderan le 25 mai prochain \u00e0 La Bastide Clairence. Festival organis\u00e9 par le centre culturel&#8230;<\/p>\n<p><a rel=\"bookmark\" class=\"theme-button-text wvc-button wvc-button-size-xs\" href=\"https:\/\/www.grandsformats.com\/en\/2019\/05\/organik-orkeztra-2\/\"><small class=\"wvc-button-background-fill\"><\/small><span>Continue reading<\/span><\/a><\/p>\n","protected":false},"author":2,"featured_media":0,"comment_status":"open","ping_status":"open","sticky":false,"template":"","format":"standard","meta":{"_acf_changed":false,"footnotes":""},"categories":[95,602],"tags":[],"class_list":["post-7081","post","type-post","status-publish","format-standard","hentry","category-membres","category-organik-orkeztra","entry-post-skin-light","entry","clearfix","entry-grid","entry-columns-default","entry-post-module-layout-sidebar-right","no-post-thumbnail","entry-post","entry-masonry","entry-post-masonry"],"acf":[],"yoast_head":"<!-- This site is optimized with the Yoast SEO plugin v25.8 - https:\/\/yoast.com\/wordpress\/plugins\/seo\/ -->\n<title>Un nouveau r\u00e9pertoire pour Organik Orkeztra - Site officiel de la f\u00e9d\u00e9ration Grands Formats<\/title>\n<meta name=\"robots\" content=\"index, follow, max-snippet:-1, max-image-preview:large, max-video-preview:-1\" \/>\n<link rel=\"canonical\" href=\"https:\/\/www.grandsformats.com\/2019\/05\/organik-orkeztra-2\/\" \/>\n<meta property=\"og:locale\" content=\"en_US\" \/>\n<meta property=\"og:type\" content=\"article\" \/>\n<meta property=\"og:title\" content=\"Un nouveau r\u00e9pertoire pour Organik Orkeztra - Site officiel de la f\u00e9d\u00e9ration Grands Formats\" \/>\n<meta property=\"og:description\" content=\"Nouveau r\u00e9pertoire :\u00a0Ritual Cr\u00e9\u00e9 et pr\u00e9sent\u00e9 en janvier 2019 dans le cadre du festival Du Bleu en hiver, \u00e0 l\u2019Empreinte, Sc\u00e8ne nationale Brive &#8211; Tulle puis au Cube Cirque-PNC Boulazac Aquitaine, RITUAL, second r\u00e9pertoire de l\u2019orchestre, sera pr\u00e9sent\u00e9 au festival Primaderan le 25 mai prochain \u00e0 La Bastide Clairence. Festival organis\u00e9 par le centre culturel...Continue reading\" \/>\n<meta property=\"og:url\" content=\"https:\/\/www.grandsformats.com\/2019\/05\/organik-orkeztra-2\/\" \/>\n<meta property=\"og:site_name\" content=\"Site officiel de la f\u00e9d\u00e9ration Grands Formats\" \/>\n<meta property=\"article:publisher\" content=\"https:\/\/www.facebook.com\/grandsformats\/\" \/>\n<meta property=\"article:published_time\" content=\"2019-05-06T13:23:28+00:00\" \/>\n<meta property=\"article:modified_time\" content=\"2020-05-07T15:37:01+00:00\" \/>\n<meta name=\"author\" content=\"Grands Formats\" \/>\n<meta name=\"twitter:card\" content=\"summary_large_image\" \/>\n<meta name=\"twitter:creator\" content=\"@GrandsFormatsGF\" \/>\n<meta name=\"twitter:site\" content=\"@GrandsFormatsGF\" \/>\n<meta name=\"twitter:label1\" content=\"Written by\" \/>\n\t<meta name=\"twitter:data1\" content=\"Grands Formats\" \/>\n\t<meta name=\"twitter:label2\" content=\"Est. reading time\" \/>\n\t<meta name=\"twitter:data2\" content=\"1 minute\" \/>\n<script type=\"application\/ld+json\" class=\"yoast-schema-graph\">{\"@context\":\"https:\/\/schema.org\",\"@graph\":[{\"@type\":\"Article\",\"@id\":\"https:\/\/www.grandsformats.com\/2019\/05\/organik-orkeztra-2\/#article\",\"isPartOf\":{\"@id\":\"https:\/\/www.grandsformats.com\/2019\/05\/organik-orkeztra-2\/\"},\"author\":{\"name\":\"Grands Formats\",\"@id\":\"https:\/\/www.grandsformats.com\/#\/schema\/person\/6ecde7e38a2254b5bc9d620679208ee1\"},\"headline\":\"Un nouveau r\u00e9pertoire pour Organik Orkeztra\",\"datePublished\":\"2019-05-06T13:23:28+00:00\",\"dateModified\":\"2020-05-07T15:37:01+00:00\",\"mainEntityOfPage\":{\"@id\":\"https:\/\/www.grandsformats.com\/2019\/05\/organik-orkeztra-2\/\"},\"wordCount\":149,\"commentCount\":0,\"publisher\":{\"@id\":\"https:\/\/www.grandsformats.com\/#organization\"},\"articleSection\":[\"Actus des membres\",\"Organik Orkeztra\"],\"inLanguage\":\"en-US\",\"potentialAction\":[{\"@type\":\"CommentAction\",\"name\":\"Comment\",\"target\":[\"https:\/\/www.grandsformats.com\/2019\/05\/organik-orkeztra-2\/#respond\"]}]},{\"@type\":\"WebPage\",\"@id\":\"https:\/\/www.grandsformats.com\/2019\/05\/organik-orkeztra-2\/\",\"url\":\"https:\/\/www.grandsformats.com\/2019\/05\/organik-orkeztra-2\/\",\"name\":\"Un nouveau r\u00e9pertoire pour Organik Orkeztra - Site officiel de la f\u00e9d\u00e9ration Grands Formats\",\"isPartOf\":{\"@id\":\"https:\/\/www.grandsformats.com\/#website\"},\"datePublished\":\"2019-05-06T13:23:28+00:00\",\"dateModified\":\"2020-05-07T15:37:01+00:00\",\"breadcrumb\":{\"@id\":\"https:\/\/www.grandsformats.com\/2019\/05\/organik-orkeztra-2\/#breadcrumb\"},\"inLanguage\":\"en-US\",\"potentialAction\":[{\"@type\":\"ReadAction\",\"target\":[\"https:\/\/www.grandsformats.com\/2019\/05\/organik-orkeztra-2\/\"]}]},{\"@type\":\"BreadcrumbList\",\"@id\":\"https:\/\/www.grandsformats.com\/2019\/05\/organik-orkeztra-2\/#breadcrumb\",\"itemListElement\":[{\"@type\":\"ListItem\",\"position\":1,\"name\":\"Accueil\",\"item\":\"https:\/\/www.grandsformats.com\/en\/\"},{\"@type\":\"ListItem\",\"position\":2,\"name\":\"Un nouveau r\u00e9pertoire pour Organik Orkeztra\"}]},{\"@type\":\"WebSite\",\"@id\":\"https:\/\/www.grandsformats.com\/#website\",\"url\":\"https:\/\/www.grandsformats.com\/\",\"name\":\"Site officiel de la f\u00e9d\u00e9ration Grands Formats\",\"description\":\"F\u00e9d\u00e9ration d&#039;artistes pour la musique en grand !\",\"publisher\":{\"@id\":\"https:\/\/www.grandsformats.com\/#organization\"},\"potentialAction\":[{\"@type\":\"SearchAction\",\"target\":{\"@type\":\"EntryPoint\",\"urlTemplate\":\"https:\/\/www.grandsformats.com\/?s={search_term_string}\"},\"query-input\":{\"@type\":\"PropertyValueSpecification\",\"valueRequired\":true,\"valueName\":\"search_term_string\"}}],\"inLanguage\":\"en-US\"},{\"@type\":\"Organization\",\"@id\":\"https:\/\/www.grandsformats.com\/#organization\",\"name\":\"Grands Formats\",\"url\":\"https:\/\/www.grandsformats.com\/\",\"logo\":{\"@type\":\"ImageObject\",\"inLanguage\":\"en-US\",\"@id\":\"https:\/\/www.grandsformats.com\/#\/schema\/logo\/image\/\",\"url\":\"https:\/\/www.grandsformats.com\/wp-content\/uploads\/2020\/03\/logo-GF-200.png\",\"contentUrl\":\"https:\/\/www.grandsformats.com\/wp-content\/uploads\/2020\/03\/logo-GF-200.png\",\"width\":155,\"height\":200,\"caption\":\"Grands Formats\"},\"image\":{\"@id\":\"https:\/\/www.grandsformats.com\/#\/schema\/logo\/image\/\"},\"sameAs\":[\"https:\/\/www.facebook.com\/grandsformats\/\",\"https:\/\/x.com\/GrandsFormatsGF\",\"https:\/\/www.instagram.com\/grandsformats\/\",\"https:\/\/www.youtube.com\/channel\/UCJ7k9dbqc_DG-nxI3WMPvhw?view_as=subscriberhttps:\/\/www.youtube.com\/channel\/UCJ7k9dbqc_DG-nxI3WMPvhw?view_as=subscriber\"]},{\"@type\":\"Person\",\"@id\":\"https:\/\/www.grandsformats.com\/#\/schema\/person\/6ecde7e38a2254b5bc9d620679208ee1\",\"name\":\"Grands Formats\",\"image\":{\"@type\":\"ImageObject\",\"inLanguage\":\"en-US\",\"@id\":\"https:\/\/www.grandsformats.com\/#\/schema\/person\/image\/\",\"url\":\"https:\/\/secure.gravatar.com\/avatar\/5d06febf5ba4681bd17a251487132861b5339c2d72f789e59decf1c1b05d0078?s=96&d=mm&r=g\",\"contentUrl\":\"https:\/\/secure.gravatar.com\/avatar\/5d06febf5ba4681bd17a251487132861b5339c2d72f789e59decf1c1b05d0078?s=96&d=mm&r=g\",\"caption\":\"Grands Formats\"},\"url\":\"https:\/\/www.grandsformats.com\/en\/author\/margaux\/\"}]}<\/script>\n<!-- \/ Yoast SEO plugin. -->","yoast_head_json":{"title":"Un nouveau r\u00e9pertoire pour Organik Orkeztra - Site officiel de la f\u00e9d\u00e9ration Grands Formats","robots":{"index":"index","follow":"follow","max-snippet":"max-snippet:-1","max-image-preview":"max-image-preview:large","max-video-preview":"max-video-preview:-1"},"canonical":"https:\/\/www.grandsformats.com\/2019\/05\/organik-orkeztra-2\/","og_locale":"en_US","og_type":"article","og_title":"Un nouveau r\u00e9pertoire pour Organik Orkeztra - Site officiel de la f\u00e9d\u00e9ration Grands Formats","og_description":"Nouveau r\u00e9pertoire :\u00a0Ritual Cr\u00e9\u00e9 et pr\u00e9sent\u00e9 en janvier 2019 dans le cadre du festival Du Bleu en hiver, \u00e0 l\u2019Empreinte, Sc\u00e8ne nationale Brive &#8211; Tulle puis au Cube Cirque-PNC Boulazac Aquitaine, RITUAL, second r\u00e9pertoire de l\u2019orchestre, sera pr\u00e9sent\u00e9 au festival Primaderan le 25 mai prochain \u00e0 La Bastide Clairence. Festival organis\u00e9 par le centre culturel...Continue reading","og_url":"https:\/\/www.grandsformats.com\/2019\/05\/organik-orkeztra-2\/","og_site_name":"Site officiel de la f\u00e9d\u00e9ration Grands Formats","article_publisher":"https:\/\/www.facebook.com\/grandsformats\/","article_published_time":"2019-05-06T13:23:28+00:00","article_modified_time":"2020-05-07T15:37:01+00:00","author":"Grands Formats","twitter_card":"summary_large_image","twitter_creator":"@GrandsFormatsGF","twitter_site":"@GrandsFormatsGF","twitter_misc":{"Written by":"Grands Formats","Est. reading time":"1 minute"},"schema":{"@context":"https:\/\/schema.org","@graph":[{"@type":"Article","@id":"https:\/\/www.grandsformats.com\/2019\/05\/organik-orkeztra-2\/#article","isPartOf":{"@id":"https:\/\/www.grandsformats.com\/2019\/05\/organik-orkeztra-2\/"},"author":{"name":"Grands Formats","@id":"https:\/\/www.grandsformats.com\/#\/schema\/person\/6ecde7e38a2254b5bc9d620679208ee1"},"headline":"Un nouveau r\u00e9pertoire pour Organik Orkeztra","datePublished":"2019-05-06T13:23:28+00:00","dateModified":"2020-05-07T15:37:01+00:00","mainEntityOfPage":{"@id":"https:\/\/www.grandsformats.com\/2019\/05\/organik-orkeztra-2\/"},"wordCount":149,"commentCount":0,"publisher":{"@id":"https:\/\/www.grandsformats.com\/#organization"},"articleSection":["Actus des membres","Organik Orkeztra"],"inLanguage":"en-US","potentialAction":[{"@type":"CommentAction","name":"Comment","target":["https:\/\/www.grandsformats.com\/2019\/05\/organik-orkeztra-2\/#respond"]}]},{"@type":"WebPage","@id":"https:\/\/www.grandsformats.com\/2019\/05\/organik-orkeztra-2\/","url":"https:\/\/www.grandsformats.com\/2019\/05\/organik-orkeztra-2\/","name":"Un nouveau r\u00e9pertoire pour Organik Orkeztra - Site officiel de la f\u00e9d\u00e9ration Grands Formats","isPartOf":{"@id":"https:\/\/www.grandsformats.com\/#website"},"datePublished":"2019-05-06T13:23:28+00:00","dateModified":"2020-05-07T15:37:01+00:00","breadcrumb":{"@id":"https:\/\/www.grandsformats.com\/2019\/05\/organik-orkeztra-2\/#breadcrumb"},"inLanguage":"en-US","potentialAction":[{"@type":"ReadAction","target":["https:\/\/www.grandsformats.com\/2019\/05\/organik-orkeztra-2\/"]}]},{"@type":"BreadcrumbList","@id":"https:\/\/www.grandsformats.com\/2019\/05\/organik-orkeztra-2\/#breadcrumb","itemListElement":[{"@type":"ListItem","position":1,"name":"Accueil","item":"https:\/\/www.grandsformats.com\/en\/"},{"@type":"ListItem","position":2,"name":"Un nouveau r\u00e9pertoire pour Organik Orkeztra"}]},{"@type":"WebSite","@id":"https:\/\/www.grandsformats.com\/#website","url":"https:\/\/www.grandsformats.com\/","name":"Site officiel de la f\u00e9d\u00e9ration Grands Formats","description":"F\u00e9d\u00e9ration d&#039;artistes pour la musique en grand !","publisher":{"@id":"https:\/\/www.grandsformats.com\/#organization"},"potentialAction":[{"@type":"SearchAction","target":{"@type":"EntryPoint","urlTemplate":"https:\/\/www.grandsformats.com\/?s={search_term_string}"},"query-input":{"@type":"PropertyValueSpecification","valueRequired":true,"valueName":"search_term_string"}}],"inLanguage":"en-US"},{"@type":"Organization","@id":"https:\/\/www.grandsformats.com\/#organization","name":"Grands Formats","url":"https:\/\/www.grandsformats.com\/","logo":{"@type":"ImageObject","inLanguage":"en-US","@id":"https:\/\/www.grandsformats.com\/#\/schema\/logo\/image\/","url":"https:\/\/www.grandsformats.com\/wp-content\/uploads\/2020\/03\/logo-GF-200.png","contentUrl":"https:\/\/www.grandsformats.com\/wp-content\/uploads\/2020\/03\/logo-GF-200.png","width":155,"height":200,"caption":"Grands Formats"},"image":{"@id":"https:\/\/www.grandsformats.com\/#\/schema\/logo\/image\/"},"sameAs":["https:\/\/www.facebook.com\/grandsformats\/","https:\/\/x.com\/GrandsFormatsGF","https:\/\/www.instagram.com\/grandsformats\/","https:\/\/www.youtube.com\/channel\/UCJ7k9dbqc_DG-nxI3WMPvhw?view_as=subscriberhttps:\/\/www.youtube.com\/channel\/UCJ7k9dbqc_DG-nxI3WMPvhw?view_as=subscriber"]},{"@type":"Person","@id":"https:\/\/www.grandsformats.com\/#\/schema\/person\/6ecde7e38a2254b5bc9d620679208ee1","name":"Grands Formats","image":{"@type":"ImageObject","inLanguage":"en-US","@id":"https:\/\/www.grandsformats.com\/#\/schema\/person\/image\/","url":"https:\/\/secure.gravatar.com\/avatar\/5d06febf5ba4681bd17a251487132861b5339c2d72f789e59decf1c1b05d0078?s=96&d=mm&r=g","contentUrl":"https:\/\/secure.gravatar.com\/avatar\/5d06febf5ba4681bd17a251487132861b5339c2d72f789e59decf1c1b05d0078?s=96&d=mm&r=g","caption":"Grands Formats"},"url":"https:\/\/www.grandsformats.com\/en\/author\/margaux\/"}]}},"_links":{"self":[{"href":"https:\/\/www.grandsformats.com\/en\/wp-json\/wp\/v2\/posts\/7081","targetHints":{"allow":["GET"]}}],"collection":[{"href":"https:\/\/www.grandsformats.com\/en\/wp-json\/wp\/v2\/posts"}],"about":[{"href":"https:\/\/www.grandsformats.com\/en\/wp-json\/wp\/v2\/types\/post"}],"author":[{"embeddable":true,"href":"https:\/\/www.grandsformats.com\/en\/wp-json\/wp\/v2\/users\/2"}],"replies":[{"embeddable":true,"href":"https:\/\/www.grandsformats.com\/en\/wp-json\/wp\/v2\/comments?post=7081"}],"version-history":[{"count":0,"href":"https:\/\/www.grandsformats.com\/en\/wp-json\/wp\/v2\/posts\/7081\/revisions"}],"wp:attachment":[{"href":"https:\/\/www.grandsformats.com\/en\/wp-json\/wp\/v2\/media?parent=7081"}],"wp:term":[{"taxonomy":"category","embeddable":true,"href":"https:\/\/www.grandsformats.com\/en\/wp-json\/wp\/v2\/categories?post=7081"},{"taxonomy":"post_tag","embeddable":true,"href":"https:\/\/www.grandsformats.com\/en\/wp-json\/wp\/v2\/tags?post=7081"}],"curies":[{"name":"wp","href":"https:\/\/api.w.org\/{rel}","templated":true}]}}