{"id":7039,"date":"2019-04-09T09:56:15","date_gmt":"2019-04-09T08:56:15","guid":{"rendered":"http:\/\/www.grandsformats.com\/?p=7039"},"modified":"2020-04-15T18:06:07","modified_gmt":"2020-04-15T16:06:07","slug":"rencontres-nationales-accord-majeur","status":"publish","type":"post","link":"https:\/\/www.grandsformats.com\/en\/2019\/04\/rencontres-nationales-accord-majeur\/","title":{"rendered":"Rencontres nationales Accord Majeur"},"content":{"rendered":"<h2>Les 8\u00e8mes rencontres nationales Accord Majeur<\/h2>\n<p><b>Rendez-vous le 9 juillet prochain \u00e0 Aix-en-Provence pou<i><\/i>r les 8\u00e8mes rencontres nationales <a href=\"http:\/\/www.accordmajeur.net\/\">Accord Majeur<\/a><\/b>, co-organis\u00e9es par Grands Formats, l\u2019AFO, la FEVIS, France Festivals, Futurs Compos\u00e9s, les Forces Musicales, Profedim, le REMA et la ROF\u00a0!<br \/>\nLe fil rouge de cette 8\u00e8me \u00e9dition sera \u00ab\u00a0La musique sur ordonnance. Comment la musique arrive-t-elle aux oreilles\u00a0?\u00a0\u00bb.<\/p>\n","protected":false},"excerpt":{"rendered":"<p>Les 8\u00e8mes rencontres nationales Accord Majeur Rendez-vous le 9 juillet prochain \u00e0 Aix-en-Provence pour les 8\u00e8mes rencontres nationales Accord Majeur, co-organis\u00e9es par Grands Formats, l\u2019AFO, la FEVIS, France Festivals, Futurs Compos\u00e9s, les Forces Musicales, Profedim, le REMA et la ROF\u00a0! Le fil rouge de cette 8\u00e8me \u00e9dition sera \u00ab\u00a0La musique sur ordonnance. Comment la musique&#8230;<\/p>\n<p><a rel=\"bookmark\" class=\"theme-button-text wvc-button wvc-button-size-xs\" href=\"https:\/\/www.grandsformats.com\/en\/2019\/04\/rencontres-nationales-accord-majeur\/\"><small class=\"wvc-button-background-fill\"><\/small><span>Continue reading<\/span><\/a><\/p>\n","protected":false},"author":2,"featured_media":5551,"comment_status":"open","ping_status":"open","sticky":false,"template":"","format":"standard","meta":{"_acf_changed":false,"footnotes":""},"categories":[90,194],"tags":[],"class_list":["post-7039","post","type-post","status-publish","format-standard","has-post-thumbnail","hentry","category-grands-formats","category-evenements","entry-post-skin-light","entry","clearfix","entry-grid","entry-columns-default","entry-post-module-layout-sidebar-right","thumbnail-color-tone-dark","no-post-thumbnail","entry-post","entry-masonry","entry-post-masonry"],"acf":[],"yoast_head":"<!-- This site is optimized with the Yoast SEO plugin v25.8 - https:\/\/yoast.com\/wordpress\/plugins\/seo\/ -->\n<title>Rencontres nationales Accord Majeur - Site officiel de la f\u00e9d\u00e9ration Grands Formats<\/title>\n<meta name=\"robots\" content=\"index, follow, max-snippet:-1, max-image-preview:large, max-video-preview:-1\" \/>\n<link rel=\"canonical\" href=\"https:\/\/www.grandsformats.com\/2019\/04\/rencontres-nationales-accord-majeur\/\" \/>\n<meta property=\"og:locale\" content=\"en_US\" \/>\n<meta property=\"og:type\" content=\"article\" \/>\n<meta property=\"og:title\" content=\"Rencontres nationales Accord Majeur - Site officiel de la f\u00e9d\u00e9ration Grands Formats\" \/>\n<meta property=\"og:description\" content=\"Les 8\u00e8mes rencontres nationales Accord Majeur Rendez-vous le 9 juillet prochain \u00e0 Aix-en-Provence pour les 8\u00e8mes rencontres nationales Accord Majeur, co-organis\u00e9es par Grands Formats, l\u2019AFO, la FEVIS, France Festivals, Futurs Compos\u00e9s, les Forces Musicales, Profedim, le REMA et la ROF\u00a0! Le fil rouge de cette 8\u00e8me \u00e9dition sera \u00ab\u00a0La musique sur ordonnance. Comment la musique...Continue reading\" \/>\n<meta property=\"og:url\" content=\"https:\/\/www.grandsformats.com\/2019\/04\/rencontres-nationales-accord-majeur\/\" \/>\n<meta property=\"og:site_name\" content=\"Site officiel de la f\u00e9d\u00e9ration Grands Formats\" \/>\n<meta property=\"article:publisher\" content=\"https:\/\/www.facebook.com\/grandsformats\/\" \/>\n<meta property=\"article:published_time\" content=\"2019-04-09T08:56:15+00:00\" \/>\n<meta property=\"article:modified_time\" content=\"2020-04-15T16:06:07+00:00\" \/>\n<meta name=\"author\" content=\"Grands Formats\" \/>\n<meta name=\"twitter:card\" content=\"summary_large_image\" \/>\n<meta name=\"twitter:creator\" content=\"@GrandsFormatsGF\" \/>\n<meta name=\"twitter:site\" content=\"@GrandsFormatsGF\" \/>\n<meta name=\"twitter:label1\" content=\"Written by\" \/>\n\t<meta name=\"twitter:data1\" content=\"Grands Formats\" \/>\n<script type=\"application\/ld+json\" class=\"yoast-schema-graph\">{\"@context\":\"https:\/\/schema.org\",\"@graph\":[{\"@type\":\"Article\",\"@id\":\"https:\/\/www.grandsformats.com\/2019\/04\/rencontres-nationales-accord-majeur\/#article\",\"isPartOf\":{\"@id\":\"https:\/\/www.grandsformats.com\/2019\/04\/rencontres-nationales-accord-majeur\/\"},\"author\":{\"name\":\"Grands Formats\",\"@id\":\"https:\/\/www.grandsformats.com\/#\/schema\/person\/6ecde7e38a2254b5bc9d620679208ee1\"},\"headline\":\"Rencontres nationales Accord Majeur\",\"datePublished\":\"2019-04-09T08:56:15+00:00\",\"dateModified\":\"2020-04-15T16:06:07+00:00\",\"mainEntityOfPage\":{\"@id\":\"https:\/\/www.grandsformats.com\/2019\/04\/rencontres-nationales-accord-majeur\/\"},\"wordCount\":64,\"commentCount\":0,\"publisher\":{\"@id\":\"https:\/\/www.grandsformats.com\/#organization\"},\"image\":{\"@id\":\"https:\/\/www.grandsformats.com\/2019\/04\/rencontres-nationales-accord-majeur\/#primaryimage\"},\"thumbnailUrl\":\"\",\"articleSection\":[\"Actus de la f\u00e9d\u00e9\",\"Ev\u00e8nements\"],\"inLanguage\":\"en-US\",\"potentialAction\":[{\"@type\":\"CommentAction\",\"name\":\"Comment\",\"target\":[\"https:\/\/www.grandsformats.com\/2019\/04\/rencontres-nationales-accord-majeur\/#respond\"]}]},{\"@type\":\"WebPage\",\"@id\":\"https:\/\/www.grandsformats.com\/2019\/04\/rencontres-nationales-accord-majeur\/\",\"url\":\"https:\/\/www.grandsformats.com\/2019\/04\/rencontres-nationales-accord-majeur\/\",\"name\":\"Rencontres nationales Accord Majeur - Site officiel de la f\u00e9d\u00e9ration Grands Formats\",\"isPartOf\":{\"@id\":\"https:\/\/www.grandsformats.com\/#website\"},\"primaryImageOfPage\":{\"@id\":\"https:\/\/www.grandsformats.com\/2019\/04\/rencontres-nationales-accord-majeur\/#primaryimage\"},\"image\":{\"@id\":\"https:\/\/www.grandsformats.com\/2019\/04\/rencontres-nationales-accord-majeur\/#primaryimage\"},\"thumbnailUrl\":\"\",\"datePublished\":\"2019-04-09T08:56:15+00:00\",\"dateModified\":\"2020-04-15T16:06:07+00:00\",\"breadcrumb\":{\"@id\":\"https:\/\/www.grandsformats.com\/2019\/04\/rencontres-nationales-accord-majeur\/#breadcrumb\"},\"inLanguage\":\"en-US\",\"potentialAction\":[{\"@type\":\"ReadAction\",\"target\":[\"https:\/\/www.grandsformats.com\/2019\/04\/rencontres-nationales-accord-majeur\/\"]}]},{\"@type\":\"ImageObject\",\"inLanguage\":\"en-US\",\"@id\":\"https:\/\/www.grandsformats.com\/2019\/04\/rencontres-nationales-accord-majeur\/#primaryimage\",\"url\":\"\",\"contentUrl\":\"\"},{\"@type\":\"BreadcrumbList\",\"@id\":\"https:\/\/www.grandsformats.com\/2019\/04\/rencontres-nationales-accord-majeur\/#breadcrumb\",\"itemListElement\":[{\"@type\":\"ListItem\",\"position\":1,\"name\":\"Accueil\",\"item\":\"https:\/\/www.grandsformats.com\/en\/\"},{\"@type\":\"ListItem\",\"position\":2,\"name\":\"Rencontres nationales Accord Majeur\"}]},{\"@type\":\"WebSite\",\"@id\":\"https:\/\/www.grandsformats.com\/#website\",\"url\":\"https:\/\/www.grandsformats.com\/\",\"name\":\"Site officiel de la f\u00e9d\u00e9ration Grands Formats\",\"description\":\"F\u00e9d\u00e9ration d&#039;artistes pour la musique en grand !\",\"publisher\":{\"@id\":\"https:\/\/www.grandsformats.com\/#organization\"},\"potentialAction\":[{\"@type\":\"SearchAction\",\"target\":{\"@type\":\"EntryPoint\",\"urlTemplate\":\"https:\/\/www.grandsformats.com\/?s={search_term_string}\"},\"query-input\":{\"@type\":\"PropertyValueSpecification\",\"valueRequired\":true,\"valueName\":\"search_term_string\"}}],\"inLanguage\":\"en-US\"},{\"@type\":\"Organization\",\"@id\":\"https:\/\/www.grandsformats.com\/#organization\",\"name\":\"Grands Formats\",\"url\":\"https:\/\/www.grandsformats.com\/\",\"logo\":{\"@type\":\"ImageObject\",\"inLanguage\":\"en-US\",\"@id\":\"https:\/\/www.grandsformats.com\/#\/schema\/logo\/image\/\",\"url\":\"https:\/\/www.grandsformats.com\/wp-content\/uploads\/2020\/03\/logo-GF-200.png\",\"contentUrl\":\"https:\/\/www.grandsformats.com\/wp-content\/uploads\/2020\/03\/logo-GF-200.png\",\"width\":155,\"height\":200,\"caption\":\"Grands Formats\"},\"image\":{\"@id\":\"https:\/\/www.grandsformats.com\/#\/schema\/logo\/image\/\"},\"sameAs\":[\"https:\/\/www.facebook.com\/grandsformats\/\",\"https:\/\/x.com\/GrandsFormatsGF\",\"https:\/\/www.instagram.com\/grandsformats\/\",\"https:\/\/www.youtube.com\/channel\/UCJ7k9dbqc_DG-nxI3WMPvhw?view_as=subscriberhttps:\/\/www.youtube.com\/channel\/UCJ7k9dbqc_DG-nxI3WMPvhw?view_as=subscriber\"]},{\"@type\":\"Person\",\"@id\":\"https:\/\/www.grandsformats.com\/#\/schema\/person\/6ecde7e38a2254b5bc9d620679208ee1\",\"name\":\"Grands Formats\",\"image\":{\"@type\":\"ImageObject\",\"inLanguage\":\"en-US\",\"@id\":\"https:\/\/www.grandsformats.com\/#\/schema\/person\/image\/\",\"url\":\"https:\/\/secure.gravatar.com\/avatar\/5d06febf5ba4681bd17a251487132861b5339c2d72f789e59decf1c1b05d0078?s=96&d=mm&r=g\",\"contentUrl\":\"https:\/\/secure.gravatar.com\/avatar\/5d06febf5ba4681bd17a251487132861b5339c2d72f789e59decf1c1b05d0078?s=96&d=mm&r=g\",\"caption\":\"Grands Formats\"},\"url\":\"https:\/\/www.grandsformats.com\/en\/author\/margaux\/\"}]}<\/script>\n<!-- \/ Yoast SEO plugin. -->","yoast_head_json":{"title":"Rencontres nationales Accord Majeur - Site officiel de la f\u00e9d\u00e9ration Grands Formats","robots":{"index":"index","follow":"follow","max-snippet":"max-snippet:-1","max-image-preview":"max-image-preview:large","max-video-preview":"max-video-preview:-1"},"canonical":"https:\/\/www.grandsformats.com\/2019\/04\/rencontres-nationales-accord-majeur\/","og_locale":"en_US","og_type":"article","og_title":"Rencontres nationales Accord Majeur - Site officiel de la f\u00e9d\u00e9ration Grands Formats","og_description":"Les 8\u00e8mes rencontres nationales Accord Majeur Rendez-vous le 9 juillet prochain \u00e0 Aix-en-Provence pour les 8\u00e8mes rencontres nationales Accord Majeur, co-organis\u00e9es par Grands Formats, l\u2019AFO, la FEVIS, France Festivals, Futurs Compos\u00e9s, les Forces Musicales, Profedim, le REMA et la ROF\u00a0! Le fil rouge de cette 8\u00e8me \u00e9dition sera \u00ab\u00a0La musique sur ordonnance. Comment la musique...Continue reading","og_url":"https:\/\/www.grandsformats.com\/2019\/04\/rencontres-nationales-accord-majeur\/","og_site_name":"Site officiel de la f\u00e9d\u00e9ration Grands Formats","article_publisher":"https:\/\/www.facebook.com\/grandsformats\/","article_published_time":"2019-04-09T08:56:15+00:00","article_modified_time":"2020-04-15T16:06:07+00:00","author":"Grands Formats","twitter_card":"summary_large_image","twitter_creator":"@GrandsFormatsGF","twitter_site":"@GrandsFormatsGF","twitter_misc":{"Written by":"Grands Formats"},"schema":{"@context":"https:\/\/schema.org","@graph":[{"@type":"Article","@id":"https:\/\/www.grandsformats.com\/2019\/04\/rencontres-nationales-accord-majeur\/#article","isPartOf":{"@id":"https:\/\/www.grandsformats.com\/2019\/04\/rencontres-nationales-accord-majeur\/"},"author":{"name":"Grands Formats","@id":"https:\/\/www.grandsformats.com\/#\/schema\/person\/6ecde7e38a2254b5bc9d620679208ee1"},"headline":"Rencontres nationales Accord Majeur","datePublished":"2019-04-09T08:56:15+00:00","dateModified":"2020-04-15T16:06:07+00:00","mainEntityOfPage":{"@id":"https:\/\/www.grandsformats.com\/2019\/04\/rencontres-nationales-accord-majeur\/"},"wordCount":64,"commentCount":0,"publisher":{"@id":"https:\/\/www.grandsformats.com\/#organization"},"image":{"@id":"https:\/\/www.grandsformats.com\/2019\/04\/rencontres-nationales-accord-majeur\/#primaryimage"},"thumbnailUrl":"","articleSection":["Actus de la f\u00e9d\u00e9","Ev\u00e8nements"],"inLanguage":"en-US","potentialAction":[{"@type":"CommentAction","name":"Comment","target":["https:\/\/www.grandsformats.com\/2019\/04\/rencontres-nationales-accord-majeur\/#respond"]}]},{"@type":"WebPage","@id":"https:\/\/www.grandsformats.com\/2019\/04\/rencontres-nationales-accord-majeur\/","url":"https:\/\/www.grandsformats.com\/2019\/04\/rencontres-nationales-accord-majeur\/","name":"Rencontres nationales Accord Majeur - Site officiel de la f\u00e9d\u00e9ration Grands Formats","isPartOf":{"@id":"https:\/\/www.grandsformats.com\/#website"},"primaryImageOfPage":{"@id":"https:\/\/www.grandsformats.com\/2019\/04\/rencontres-nationales-accord-majeur\/#primaryimage"},"image":{"@id":"https:\/\/www.grandsformats.com\/2019\/04\/rencontres-nationales-accord-majeur\/#primaryimage"},"thumbnailUrl":"","datePublished":"2019-04-09T08:56:15+00:00","dateModified":"2020-04-15T16:06:07+00:00","breadcrumb":{"@id":"https:\/\/www.grandsformats.com\/2019\/04\/rencontres-nationales-accord-majeur\/#breadcrumb"},"inLanguage":"en-US","potentialAction":[{"@type":"ReadAction","target":["https:\/\/www.grandsformats.com\/2019\/04\/rencontres-nationales-accord-majeur\/"]}]},{"@type":"ImageObject","inLanguage":"en-US","@id":"https:\/\/www.grandsformats.com\/2019\/04\/rencontres-nationales-accord-majeur\/#primaryimage","url":"","contentUrl":""},{"@type":"BreadcrumbList","@id":"https:\/\/www.grandsformats.com\/2019\/04\/rencontres-nationales-accord-majeur\/#breadcrumb","itemListElement":[{"@type":"ListItem","position":1,"name":"Accueil","item":"https:\/\/www.grandsformats.com\/en\/"},{"@type":"ListItem","position":2,"name":"Rencontres nationales Accord Majeur"}]},{"@type":"WebSite","@id":"https:\/\/www.grandsformats.com\/#website","url":"https:\/\/www.grandsformats.com\/","name":"Site officiel de la f\u00e9d\u00e9ration Grands Formats","description":"F\u00e9d\u00e9ration d&#039;artistes pour la musique en grand !","publisher":{"@id":"https:\/\/www.grandsformats.com\/#organization"},"potentialAction":[{"@type":"SearchAction","target":{"@type":"EntryPoint","urlTemplate":"https:\/\/www.grandsformats.com\/?s={search_term_string}"},"query-input":{"@type":"PropertyValueSpecification","valueRequired":true,"valueName":"search_term_string"}}],"inLanguage":"en-US"},{"@type":"Organization","@id":"https:\/\/www.grandsformats.com\/#organization","name":"Grands Formats","url":"https:\/\/www.grandsformats.com\/","logo":{"@type":"ImageObject","inLanguage":"en-US","@id":"https:\/\/www.grandsformats.com\/#\/schema\/logo\/image\/","url":"https:\/\/www.grandsformats.com\/wp-content\/uploads\/2020\/03\/logo-GF-200.png","contentUrl":"https:\/\/www.grandsformats.com\/wp-content\/uploads\/2020\/03\/logo-GF-200.png","width":155,"height":200,"caption":"Grands Formats"},"image":{"@id":"https:\/\/www.grandsformats.com\/#\/schema\/logo\/image\/"},"sameAs":["https:\/\/www.facebook.com\/grandsformats\/","https:\/\/x.com\/GrandsFormatsGF","https:\/\/www.instagram.com\/grandsformats\/","https:\/\/www.youtube.com\/channel\/UCJ7k9dbqc_DG-nxI3WMPvhw?view_as=subscriberhttps:\/\/www.youtube.com\/channel\/UCJ7k9dbqc_DG-nxI3WMPvhw?view_as=subscriber"]},{"@type":"Person","@id":"https:\/\/www.grandsformats.com\/#\/schema\/person\/6ecde7e38a2254b5bc9d620679208ee1","name":"Grands Formats","image":{"@type":"ImageObject","inLanguage":"en-US","@id":"https:\/\/www.grandsformats.com\/#\/schema\/person\/image\/","url":"https:\/\/secure.gravatar.com\/avatar\/5d06febf5ba4681bd17a251487132861b5339c2d72f789e59decf1c1b05d0078?s=96&d=mm&r=g","contentUrl":"https:\/\/secure.gravatar.com\/avatar\/5d06febf5ba4681bd17a251487132861b5339c2d72f789e59decf1c1b05d0078?s=96&d=mm&r=g","caption":"Grands Formats"},"url":"https:\/\/www.grandsformats.com\/en\/author\/margaux\/"}]}},"_links":{"self":[{"href":"https:\/\/www.grandsformats.com\/en\/wp-json\/wp\/v2\/posts\/7039","targetHints":{"allow":["GET"]}}],"collection":[{"href":"https:\/\/www.grandsformats.com\/en\/wp-json\/wp\/v2\/posts"}],"about":[{"href":"https:\/\/www.grandsformats.com\/en\/wp-json\/wp\/v2\/types\/post"}],"author":[{"embeddable":true,"href":"https:\/\/www.grandsformats.com\/en\/wp-json\/wp\/v2\/users\/2"}],"replies":[{"embeddable":true,"href":"https:\/\/www.grandsformats.com\/en\/wp-json\/wp\/v2\/comments?post=7039"}],"version-history":[{"count":0,"href":"https:\/\/www.grandsformats.com\/en\/wp-json\/wp\/v2\/posts\/7039\/revisions"}],"wp:featuredmedia":[{"embeddable":true,"href":"https:\/\/www.grandsformats.com\/en\/wp-json\/"}],"wp:attachment":[{"href":"https:\/\/www.grandsformats.com\/en\/wp-json\/wp\/v2\/media?parent=7039"}],"wp:term":[{"taxonomy":"category","embeddable":true,"href":"https:\/\/www.grandsformats.com\/en\/wp-json\/wp\/v2\/categories?post=7039"},{"taxonomy":"post_tag","embeddable":true,"href":"https:\/\/www.grandsformats.com\/en\/wp-json\/wp\/v2\/tags?post=7039"}],"curies":[{"name":"wp","href":"https:\/\/api.w.org\/{rel}","templated":true}]}}