{"id":7036,"date":"2019-04-09T09:54:02","date_gmt":"2019-04-09T08:54:02","guid":{"rendered":"http:\/\/www.grandsformats.com\/?p=7036"},"modified":"2020-04-15T18:06:07","modified_gmt":"2020-04-15T16:06:07","slug":"centre-national-de-musique","status":"publish","type":"post","link":"https:\/\/www.grandsformats.com\/en\/2019\/04\/centre-national-de-musique\/","title":{"rendered":"Centre National de la Musique"},"content":{"rendered":"<h2>Lancement des travaux pr\u00e9paratoire du CNM<\/h2>\n<p>Le 21 mars dernier, la <a href=\"http:\/\/www.grandsformats.com\/\">f\u00e9d\u00e9ration<\/a> \u00e9tait convi\u00e9e\u00a0 \u00e0 la r\u00e9union de lancement des travaux pr\u00e9paratoires du CNM, aux c\u00f4t\u00e9s de nombreux autres acteurs de la musique.\u00a0<i><\/i><br \/>\nLe ministre y a pr\u00e9sent\u00e9 les 3 comit\u00e9s qui participeront \u00e0 la mise en \u0153uvre de l\u2019\u00e9tablissement\u00a0qui rassemblera le CNV, le FCM, l\u2019Irma et le Bureau Export et a annonc\u00e9 qu\u2019une proposition de loi devrait \u00eatre d\u00e9pos\u00e9e par le d\u00e9put\u00e9 Pascal Bois pour un examen d&#8217;ici la fin du mois<i>.<\/i><br \/>\nRetrouvez le discours du premier ministre <a href=\"http:\/\/www.culture.gouv.fr\/Presse\/Discours\/Discours-de-Franck-Riester-ministre-de-la-Culture-prononce-a-l-occasion-de-la-reunion-de-lancement-des-travaux-preparatoires-en-vue-de-la-creation-du-Centre-national-de-la-musique-le-jeudi-21-mars-2019\">ICI<\/a><\/p>\n","protected":false},"excerpt":{"rendered":"<p>Lancement des travaux pr\u00e9paratoire du CNM Le 21 mars dernier, la f\u00e9d\u00e9ration \u00e9tait convi\u00e9e\u00a0 \u00e0 la r\u00e9union de lancement des travaux pr\u00e9paratoires du CNM, aux c\u00f4t\u00e9s de nombreux autres acteurs de la musique.\u00a0 Le ministre y a pr\u00e9sent\u00e9 les 3 comit\u00e9s qui participeront \u00e0 la mise en \u0153uvre de l\u2019\u00e9tablissement\u00a0qui rassemblera le CNV, le FCM,&#8230;<\/p>\n<p><a rel=\"bookmark\" class=\"theme-button-text wvc-button wvc-button-size-xs\" href=\"https:\/\/www.grandsformats.com\/en\/2019\/04\/centre-national-de-musique\/\"><small class=\"wvc-button-background-fill\"><\/small><span>Continue reading<\/span><\/a><\/p>\n","protected":false},"author":2,"featured_media":7037,"comment_status":"open","ping_status":"open","sticky":false,"template":"","format":"standard","meta":{"_acf_changed":false,"footnotes":""},"categories":[90],"tags":[],"class_list":["post-7036","post","type-post","status-publish","format-standard","has-post-thumbnail","hentry","category-grands-formats","entry-post-skin-light","entry","clearfix","entry-grid","entry-columns-default","entry-post-module-layout-sidebar-right","thumbnail-color-tone-dark","no-post-thumbnail","entry-post","entry-masonry","entry-post-masonry"],"acf":[],"yoast_head":"<!-- This site is optimized with the Yoast SEO plugin v25.8 - https:\/\/yoast.com\/wordpress\/plugins\/seo\/ -->\n<title>Centre National de la Musique - Site officiel de la f\u00e9d\u00e9ration Grands Formats<\/title>\n<meta name=\"robots\" content=\"index, follow, max-snippet:-1, max-image-preview:large, max-video-preview:-1\" \/>\n<link rel=\"canonical\" href=\"https:\/\/www.grandsformats.com\/en\/2019\/04\/centre-national-de-musique\/\" \/>\n<meta property=\"og:locale\" content=\"en_US\" \/>\n<meta property=\"og:type\" content=\"article\" \/>\n<meta property=\"og:title\" content=\"Centre National de la Musique - Site officiel de la f\u00e9d\u00e9ration Grands Formats\" \/>\n<meta property=\"og:description\" content=\"Lancement des travaux pr\u00e9paratoire du CNM Le 21 mars dernier, la f\u00e9d\u00e9ration \u00e9tait convi\u00e9e\u00a0 \u00e0 la r\u00e9union de lancement des travaux pr\u00e9paratoires du CNM, aux c\u00f4t\u00e9s de nombreux autres acteurs de la musique.\u00a0 Le ministre y a pr\u00e9sent\u00e9 les 3 comit\u00e9s qui participeront \u00e0 la mise en \u0153uvre de l\u2019\u00e9tablissement\u00a0qui rassemblera le CNV, le FCM,...Continue reading\" \/>\n<meta property=\"og:url\" content=\"https:\/\/www.grandsformats.com\/en\/2019\/04\/centre-national-de-musique\/\" \/>\n<meta property=\"og:site_name\" content=\"Site officiel de la f\u00e9d\u00e9ration Grands Formats\" \/>\n<meta property=\"article:publisher\" content=\"https:\/\/www.facebook.com\/grandsformats\/\" \/>\n<meta property=\"article:published_time\" content=\"2019-04-09T08:54:02+00:00\" \/>\n<meta property=\"article:modified_time\" content=\"2020-04-15T16:06:07+00:00\" \/>\n<meta name=\"author\" content=\"Grands Formats\" \/>\n<meta name=\"twitter:card\" content=\"summary_large_image\" \/>\n<meta name=\"twitter:creator\" content=\"@GrandsFormatsGF\" \/>\n<meta name=\"twitter:site\" content=\"@GrandsFormatsGF\" \/>\n<meta name=\"twitter:label1\" content=\"Written by\" \/>\n\t<meta name=\"twitter:data1\" content=\"Grands Formats\" \/>\n\t<meta name=\"twitter:label2\" content=\"Est. reading time\" \/>\n\t<meta name=\"twitter:data2\" content=\"1 minute\" \/>\n<script type=\"application\/ld+json\" class=\"yoast-schema-graph\">{\"@context\":\"https:\/\/schema.org\",\"@graph\":[{\"@type\":\"Article\",\"@id\":\"https:\/\/www.grandsformats.com\/en\/2019\/04\/centre-national-de-musique\/#article\",\"isPartOf\":{\"@id\":\"https:\/\/www.grandsformats.com\/en\/2019\/04\/centre-national-de-musique\/\"},\"author\":{\"name\":\"Grands Formats\",\"@id\":\"https:\/\/www.grandsformats.com\/#\/schema\/person\/6ecde7e38a2254b5bc9d620679208ee1\"},\"headline\":\"Centre National de la Musique\",\"datePublished\":\"2019-04-09T08:54:02+00:00\",\"dateModified\":\"2020-04-15T16:06:07+00:00\",\"mainEntityOfPage\":{\"@id\":\"https:\/\/www.grandsformats.com\/en\/2019\/04\/centre-national-de-musique\/\"},\"wordCount\":109,\"commentCount\":0,\"publisher\":{\"@id\":\"https:\/\/www.grandsformats.com\/#organization\"},\"image\":{\"@id\":\"https:\/\/www.grandsformats.com\/en\/2019\/04\/centre-national-de-musique\/#primaryimage\"},\"thumbnailUrl\":\"\",\"articleSection\":[\"Actus de la f\u00e9d\u00e9\"],\"inLanguage\":\"en-US\",\"potentialAction\":[{\"@type\":\"CommentAction\",\"name\":\"Comment\",\"target\":[\"https:\/\/www.grandsformats.com\/en\/2019\/04\/centre-national-de-musique\/#respond\"]}]},{\"@type\":\"WebPage\",\"@id\":\"https:\/\/www.grandsformats.com\/en\/2019\/04\/centre-national-de-musique\/\",\"url\":\"https:\/\/www.grandsformats.com\/en\/2019\/04\/centre-national-de-musique\/\",\"name\":\"Centre National de la Musique - Site officiel de la f\u00e9d\u00e9ration Grands Formats\",\"isPartOf\":{\"@id\":\"https:\/\/www.grandsformats.com\/#website\"},\"primaryImageOfPage\":{\"@id\":\"https:\/\/www.grandsformats.com\/en\/2019\/04\/centre-national-de-musique\/#primaryimage\"},\"image\":{\"@id\":\"https:\/\/www.grandsformats.com\/en\/2019\/04\/centre-national-de-musique\/#primaryimage\"},\"thumbnailUrl\":\"\",\"datePublished\":\"2019-04-09T08:54:02+00:00\",\"dateModified\":\"2020-04-15T16:06:07+00:00\",\"breadcrumb\":{\"@id\":\"https:\/\/www.grandsformats.com\/en\/2019\/04\/centre-national-de-musique\/#breadcrumb\"},\"inLanguage\":\"en-US\",\"potentialAction\":[{\"@type\":\"ReadAction\",\"target\":[\"https:\/\/www.grandsformats.com\/en\/2019\/04\/centre-national-de-musique\/\"]}]},{\"@type\":\"ImageObject\",\"inLanguage\":\"en-US\",\"@id\":\"https:\/\/www.grandsformats.com\/en\/2019\/04\/centre-national-de-musique\/#primaryimage\",\"url\":\"\",\"contentUrl\":\"\"},{\"@type\":\"BreadcrumbList\",\"@id\":\"https:\/\/www.grandsformats.com\/en\/2019\/04\/centre-national-de-musique\/#breadcrumb\",\"itemListElement\":[{\"@type\":\"ListItem\",\"position\":1,\"name\":\"Accueil\",\"item\":\"https:\/\/www.grandsformats.com\/en\/\"},{\"@type\":\"ListItem\",\"position\":2,\"name\":\"Centre National de la Musique\"}]},{\"@type\":\"WebSite\",\"@id\":\"https:\/\/www.grandsformats.com\/#website\",\"url\":\"https:\/\/www.grandsformats.com\/\",\"name\":\"Site officiel de la f\u00e9d\u00e9ration Grands Formats\",\"description\":\"F\u00e9d\u00e9ration d&#039;artistes pour la musique en grand !\",\"publisher\":{\"@id\":\"https:\/\/www.grandsformats.com\/#organization\"},\"potentialAction\":[{\"@type\":\"SearchAction\",\"target\":{\"@type\":\"EntryPoint\",\"urlTemplate\":\"https:\/\/www.grandsformats.com\/?s={search_term_string}\"},\"query-input\":{\"@type\":\"PropertyValueSpecification\",\"valueRequired\":true,\"valueName\":\"search_term_string\"}}],\"inLanguage\":\"en-US\"},{\"@type\":\"Organization\",\"@id\":\"https:\/\/www.grandsformats.com\/#organization\",\"name\":\"Grands Formats\",\"url\":\"https:\/\/www.grandsformats.com\/\",\"logo\":{\"@type\":\"ImageObject\",\"inLanguage\":\"en-US\",\"@id\":\"https:\/\/www.grandsformats.com\/#\/schema\/logo\/image\/\",\"url\":\"https:\/\/www.grandsformats.com\/wp-content\/uploads\/2020\/03\/logo-GF-200.png\",\"contentUrl\":\"https:\/\/www.grandsformats.com\/wp-content\/uploads\/2020\/03\/logo-GF-200.png\",\"width\":155,\"height\":200,\"caption\":\"Grands Formats\"},\"image\":{\"@id\":\"https:\/\/www.grandsformats.com\/#\/schema\/logo\/image\/\"},\"sameAs\":[\"https:\/\/www.facebook.com\/grandsformats\/\",\"https:\/\/x.com\/GrandsFormatsGF\",\"https:\/\/www.instagram.com\/grandsformats\/\",\"https:\/\/www.youtube.com\/channel\/UCJ7k9dbqc_DG-nxI3WMPvhw?view_as=subscriberhttps:\/\/www.youtube.com\/channel\/UCJ7k9dbqc_DG-nxI3WMPvhw?view_as=subscriber\"]},{\"@type\":\"Person\",\"@id\":\"https:\/\/www.grandsformats.com\/#\/schema\/person\/6ecde7e38a2254b5bc9d620679208ee1\",\"name\":\"Grands Formats\",\"image\":{\"@type\":\"ImageObject\",\"inLanguage\":\"en-US\",\"@id\":\"https:\/\/www.grandsformats.com\/#\/schema\/person\/image\/\",\"url\":\"https:\/\/secure.gravatar.com\/avatar\/5d06febf5ba4681bd17a251487132861b5339c2d72f789e59decf1c1b05d0078?s=96&d=mm&r=g\",\"contentUrl\":\"https:\/\/secure.gravatar.com\/avatar\/5d06febf5ba4681bd17a251487132861b5339c2d72f789e59decf1c1b05d0078?s=96&d=mm&r=g\",\"caption\":\"Grands Formats\"},\"url\":\"https:\/\/www.grandsformats.com\/en\/author\/margaux\/\"}]}<\/script>\n<!-- \/ Yoast SEO plugin. -->","yoast_head_json":{"title":"Centre National de la Musique - Site officiel de la f\u00e9d\u00e9ration Grands Formats","robots":{"index":"index","follow":"follow","max-snippet":"max-snippet:-1","max-image-preview":"max-image-preview:large","max-video-preview":"max-video-preview:-1"},"canonical":"https:\/\/www.grandsformats.com\/en\/2019\/04\/centre-national-de-musique\/","og_locale":"en_US","og_type":"article","og_title":"Centre National de la Musique - Site officiel de la f\u00e9d\u00e9ration Grands Formats","og_description":"Lancement des travaux pr\u00e9paratoire du CNM Le 21 mars dernier, la f\u00e9d\u00e9ration \u00e9tait convi\u00e9e\u00a0 \u00e0 la r\u00e9union de lancement des travaux pr\u00e9paratoires du CNM, aux c\u00f4t\u00e9s de nombreux autres acteurs de la musique.\u00a0 Le ministre y a pr\u00e9sent\u00e9 les 3 comit\u00e9s qui participeront \u00e0 la mise en \u0153uvre de l\u2019\u00e9tablissement\u00a0qui rassemblera le CNV, le FCM,...Continue reading","og_url":"https:\/\/www.grandsformats.com\/en\/2019\/04\/centre-national-de-musique\/","og_site_name":"Site officiel de la f\u00e9d\u00e9ration Grands Formats","article_publisher":"https:\/\/www.facebook.com\/grandsformats\/","article_published_time":"2019-04-09T08:54:02+00:00","article_modified_time":"2020-04-15T16:06:07+00:00","author":"Grands Formats","twitter_card":"summary_large_image","twitter_creator":"@GrandsFormatsGF","twitter_site":"@GrandsFormatsGF","twitter_misc":{"Written by":"Grands Formats","Est. reading time":"1 minute"},"schema":{"@context":"https:\/\/schema.org","@graph":[{"@type":"Article","@id":"https:\/\/www.grandsformats.com\/en\/2019\/04\/centre-national-de-musique\/#article","isPartOf":{"@id":"https:\/\/www.grandsformats.com\/en\/2019\/04\/centre-national-de-musique\/"},"author":{"name":"Grands Formats","@id":"https:\/\/www.grandsformats.com\/#\/schema\/person\/6ecde7e38a2254b5bc9d620679208ee1"},"headline":"Centre National de la Musique","datePublished":"2019-04-09T08:54:02+00:00","dateModified":"2020-04-15T16:06:07+00:00","mainEntityOfPage":{"@id":"https:\/\/www.grandsformats.com\/en\/2019\/04\/centre-national-de-musique\/"},"wordCount":109,"commentCount":0,"publisher":{"@id":"https:\/\/www.grandsformats.com\/#organization"},"image":{"@id":"https:\/\/www.grandsformats.com\/en\/2019\/04\/centre-national-de-musique\/#primaryimage"},"thumbnailUrl":"","articleSection":["Actus de la f\u00e9d\u00e9"],"inLanguage":"en-US","potentialAction":[{"@type":"CommentAction","name":"Comment","target":["https:\/\/www.grandsformats.com\/en\/2019\/04\/centre-national-de-musique\/#respond"]}]},{"@type":"WebPage","@id":"https:\/\/www.grandsformats.com\/en\/2019\/04\/centre-national-de-musique\/","url":"https:\/\/www.grandsformats.com\/en\/2019\/04\/centre-national-de-musique\/","name":"Centre National de la Musique - Site officiel de la f\u00e9d\u00e9ration Grands Formats","isPartOf":{"@id":"https:\/\/www.grandsformats.com\/#website"},"primaryImageOfPage":{"@id":"https:\/\/www.grandsformats.com\/en\/2019\/04\/centre-national-de-musique\/#primaryimage"},"image":{"@id":"https:\/\/www.grandsformats.com\/en\/2019\/04\/centre-national-de-musique\/#primaryimage"},"thumbnailUrl":"","datePublished":"2019-04-09T08:54:02+00:00","dateModified":"2020-04-15T16:06:07+00:00","breadcrumb":{"@id":"https:\/\/www.grandsformats.com\/en\/2019\/04\/centre-national-de-musique\/#breadcrumb"},"inLanguage":"en-US","potentialAction":[{"@type":"ReadAction","target":["https:\/\/www.grandsformats.com\/en\/2019\/04\/centre-national-de-musique\/"]}]},{"@type":"ImageObject","inLanguage":"en-US","@id":"https:\/\/www.grandsformats.com\/en\/2019\/04\/centre-national-de-musique\/#primaryimage","url":"","contentUrl":""},{"@type":"BreadcrumbList","@id":"https:\/\/www.grandsformats.com\/en\/2019\/04\/centre-national-de-musique\/#breadcrumb","itemListElement":[{"@type":"ListItem","position":1,"name":"Accueil","item":"https:\/\/www.grandsformats.com\/en\/"},{"@type":"ListItem","position":2,"name":"Centre National de la Musique"}]},{"@type":"WebSite","@id":"https:\/\/www.grandsformats.com\/#website","url":"https:\/\/www.grandsformats.com\/","name":"Site officiel de la f\u00e9d\u00e9ration Grands Formats","description":"F\u00e9d\u00e9ration d&#039;artistes pour la musique en grand !","publisher":{"@id":"https:\/\/www.grandsformats.com\/#organization"},"potentialAction":[{"@type":"SearchAction","target":{"@type":"EntryPoint","urlTemplate":"https:\/\/www.grandsformats.com\/?s={search_term_string}"},"query-input":{"@type":"PropertyValueSpecification","valueRequired":true,"valueName":"search_term_string"}}],"inLanguage":"en-US"},{"@type":"Organization","@id":"https:\/\/www.grandsformats.com\/#organization","name":"Grands Formats","url":"https:\/\/www.grandsformats.com\/","logo":{"@type":"ImageObject","inLanguage":"en-US","@id":"https:\/\/www.grandsformats.com\/#\/schema\/logo\/image\/","url":"https:\/\/www.grandsformats.com\/wp-content\/uploads\/2020\/03\/logo-GF-200.png","contentUrl":"https:\/\/www.grandsformats.com\/wp-content\/uploads\/2020\/03\/logo-GF-200.png","width":155,"height":200,"caption":"Grands Formats"},"image":{"@id":"https:\/\/www.grandsformats.com\/#\/schema\/logo\/image\/"},"sameAs":["https:\/\/www.facebook.com\/grandsformats\/","https:\/\/x.com\/GrandsFormatsGF","https:\/\/www.instagram.com\/grandsformats\/","https:\/\/www.youtube.com\/channel\/UCJ7k9dbqc_DG-nxI3WMPvhw?view_as=subscriberhttps:\/\/www.youtube.com\/channel\/UCJ7k9dbqc_DG-nxI3WMPvhw?view_as=subscriber"]},{"@type":"Person","@id":"https:\/\/www.grandsformats.com\/#\/schema\/person\/6ecde7e38a2254b5bc9d620679208ee1","name":"Grands Formats","image":{"@type":"ImageObject","inLanguage":"en-US","@id":"https:\/\/www.grandsformats.com\/#\/schema\/person\/image\/","url":"https:\/\/secure.gravatar.com\/avatar\/5d06febf5ba4681bd17a251487132861b5339c2d72f789e59decf1c1b05d0078?s=96&d=mm&r=g","contentUrl":"https:\/\/secure.gravatar.com\/avatar\/5d06febf5ba4681bd17a251487132861b5339c2d72f789e59decf1c1b05d0078?s=96&d=mm&r=g","caption":"Grands Formats"},"url":"https:\/\/www.grandsformats.com\/en\/author\/margaux\/"}]}},"_links":{"self":[{"href":"https:\/\/www.grandsformats.com\/en\/wp-json\/wp\/v2\/posts\/7036","targetHints":{"allow":["GET"]}}],"collection":[{"href":"https:\/\/www.grandsformats.com\/en\/wp-json\/wp\/v2\/posts"}],"about":[{"href":"https:\/\/www.grandsformats.com\/en\/wp-json\/wp\/v2\/types\/post"}],"author":[{"embeddable":true,"href":"https:\/\/www.grandsformats.com\/en\/wp-json\/wp\/v2\/users\/2"}],"replies":[{"embeddable":true,"href":"https:\/\/www.grandsformats.com\/en\/wp-json\/wp\/v2\/comments?post=7036"}],"version-history":[{"count":0,"href":"https:\/\/www.grandsformats.com\/en\/wp-json\/wp\/v2\/posts\/7036\/revisions"}],"wp:featuredmedia":[{"embeddable":true,"href":"https:\/\/www.grandsformats.com\/en\/wp-json\/"}],"wp:attachment":[{"href":"https:\/\/www.grandsformats.com\/en\/wp-json\/wp\/v2\/media?parent=7036"}],"wp:term":[{"taxonomy":"category","embeddable":true,"href":"https:\/\/www.grandsformats.com\/en\/wp-json\/wp\/v2\/categories?post=7036"},{"taxonomy":"post_tag","embeddable":true,"href":"https:\/\/www.grandsformats.com\/en\/wp-json\/wp\/v2\/tags?post=7036"}],"curies":[{"name":"wp","href":"https:\/\/api.w.org\/{rel}","templated":true}]}}