{"id":7033,"date":"2019-04-09T09:48:03","date_gmt":"2019-04-09T08:48:03","guid":{"rendered":"http:\/\/www.grandsformats.com\/?p=7033"},"modified":"2020-05-15T10:31:00","modified_gmt":"2020-05-15T08:31:00","slug":"stage-professionnel-pole-superieur-93","status":"publish","type":"post","link":"https:\/\/www.grandsformats.com\/en\/2019\/04\/stage-professionnel-pole-superieur-93\/","title":{"rendered":"Stage professionnel au P\u00f4le Sup\u00e9rieur 93"},"content":{"rendered":"<p><a href=\"http:\/\/www.grandsformats.com\/\">Grands Formats<\/a> et le <a href=\"https:\/\/www.polesup93.fr\/\">P\u00f4le\u00a0Sup\u00e9rieur 93<\/a>\u00a0renouvellent\u00a0leur partenariat pour proposer aux \u00e9tudiants en jazz et musiques actuelles du P\u00f4le Sup 93 un stage professionnel le 15 avril.<br \/>\nCe stage a pour objectif de faciliter l\u2019insertion professionnelle des \u00e9tudiants et de les sensibiliser au\u00a0r\u00e9pertoire de la musique en grande formation.<\/p>\n","protected":false},"excerpt":{"rendered":"<p>Grands Formats et le P\u00f4le\u00a0Sup\u00e9rieur 93\u00a0renouvellent\u00a0leur partenariat pour proposer aux \u00e9tudiants en jazz et musiques actuelles du P\u00f4le Sup 93 un stage professionnel le 15 avril. Ce stage a pour objectif de faciliter l\u2019insertion professionnelle des \u00e9tudiants et de les sensibiliser au\u00a0r\u00e9pertoire de la musique en grande formation.<\/p>\n","protected":false},"author":2,"featured_media":12755,"comment_status":"open","ping_status":"open","sticky":false,"template":"","format":"standard","meta":{"_acf_changed":false,"footnotes":""},"categories":[90,194],"tags":[],"class_list":["post-7033","post","type-post","status-publish","format-standard","has-post-thumbnail","hentry","category-grands-formats","category-evenements","entry-post-skin-light","entry","clearfix","entry-grid","entry-columns-default","entry-post-module-layout-sidebar-right","thumbnail-color-tone-dark","metro-landscape","entry-post","entry-masonry","entry-post-masonry"],"acf":[],"yoast_head":"<!-- This site is optimized with the Yoast SEO plugin v25.8 - https:\/\/yoast.com\/wordpress\/plugins\/seo\/ -->\n<title>Stage professionnel au P\u00f4le Sup\u00e9rieur 93 - Site officiel de la f\u00e9d\u00e9ration Grands Formats<\/title>\n<meta name=\"robots\" content=\"index, follow, max-snippet:-1, max-image-preview:large, max-video-preview:-1\" \/>\n<link rel=\"canonical\" href=\"https:\/\/www.grandsformats.com\/2019\/04\/stage-professionnel-pole-superieur-93\/\" \/>\n<meta property=\"og:locale\" content=\"en_US\" \/>\n<meta property=\"og:type\" content=\"article\" \/>\n<meta property=\"og:title\" content=\"Stage professionnel au P\u00f4le Sup\u00e9rieur 93 - Site officiel de la f\u00e9d\u00e9ration Grands Formats\" \/>\n<meta property=\"og:description\" content=\"Grands Formats et le P\u00f4le\u00a0Sup\u00e9rieur 93\u00a0renouvellent\u00a0leur partenariat pour proposer aux \u00e9tudiants en jazz et musiques actuelles du P\u00f4le Sup 93 un stage professionnel le 15 avril. Ce stage a pour objectif de faciliter l\u2019insertion professionnelle des \u00e9tudiants et de les sensibiliser au\u00a0r\u00e9pertoire de la musique en grande formation.\" \/>\n<meta property=\"og:url\" content=\"https:\/\/www.grandsformats.com\/2019\/04\/stage-professionnel-pole-superieur-93\/\" \/>\n<meta property=\"og:site_name\" content=\"Site officiel de la f\u00e9d\u00e9ration Grands Formats\" \/>\n<meta property=\"article:publisher\" content=\"https:\/\/www.facebook.com\/grandsformats\/\" \/>\n<meta property=\"article:published_time\" content=\"2019-04-09T08:48:03+00:00\" \/>\n<meta property=\"article:modified_time\" content=\"2020-05-15T08:31:00+00:00\" \/>\n<meta property=\"og:image\" content=\"https:\/\/www.grandsformats.com\/wp-content\/uploads\/2020\/05\/Transmission-CRR-Paris-\u00a9-Grands-Formats-1920x1080-1.jpg\" \/>\n\t<meta property=\"og:image:width\" content=\"1920\" \/>\n\t<meta property=\"og:image:height\" content=\"1082\" \/>\n\t<meta property=\"og:image:type\" content=\"image\/jpeg\" \/>\n<meta name=\"author\" content=\"Grands Formats\" \/>\n<meta name=\"twitter:card\" content=\"summary_large_image\" \/>\n<meta name=\"twitter:creator\" content=\"@GrandsFormatsGF\" \/>\n<meta name=\"twitter:site\" content=\"@GrandsFormatsGF\" \/>\n<meta name=\"twitter:label1\" content=\"Written by\" \/>\n\t<meta name=\"twitter:data1\" content=\"Grands Formats\" \/>\n<script type=\"application\/ld+json\" class=\"yoast-schema-graph\">{\"@context\":\"https:\/\/schema.org\",\"@graph\":[{\"@type\":\"Article\",\"@id\":\"https:\/\/www.grandsformats.com\/2019\/04\/stage-professionnel-pole-superieur-93\/#article\",\"isPartOf\":{\"@id\":\"https:\/\/www.grandsformats.com\/2019\/04\/stage-professionnel-pole-superieur-93\/\"},\"author\":{\"name\":\"Grands Formats\",\"@id\":\"https:\/\/www.grandsformats.com\/#\/schema\/person\/6ecde7e38a2254b5bc9d620679208ee1\"},\"headline\":\"Stage professionnel au P\u00f4le Sup\u00e9rieur 93\",\"datePublished\":\"2019-04-09T08:48:03+00:00\",\"dateModified\":\"2020-05-15T08:31:00+00:00\",\"mainEntityOfPage\":{\"@id\":\"https:\/\/www.grandsformats.com\/2019\/04\/stage-professionnel-pole-superieur-93\/\"},\"wordCount\":61,\"commentCount\":0,\"publisher\":{\"@id\":\"https:\/\/www.grandsformats.com\/#organization\"},\"image\":{\"@id\":\"https:\/\/www.grandsformats.com\/2019\/04\/stage-professionnel-pole-superieur-93\/#primaryimage\"},\"thumbnailUrl\":\"https:\/\/www.grandsformats.com\/wp-content\/uploads\/2020\/05\/Transmission-CRR-Paris-\u00a9-Grands-Formats-1920x1080-1.jpg\",\"articleSection\":[\"Actus de la f\u00e9d\u00e9\",\"Ev\u00e8nements\"],\"inLanguage\":\"en-US\",\"potentialAction\":[{\"@type\":\"CommentAction\",\"name\":\"Comment\",\"target\":[\"https:\/\/www.grandsformats.com\/2019\/04\/stage-professionnel-pole-superieur-93\/#respond\"]}]},{\"@type\":\"WebPage\",\"@id\":\"https:\/\/www.grandsformats.com\/2019\/04\/stage-professionnel-pole-superieur-93\/\",\"url\":\"https:\/\/www.grandsformats.com\/2019\/04\/stage-professionnel-pole-superieur-93\/\",\"name\":\"Stage professionnel au P\u00f4le Sup\u00e9rieur 93 - Site officiel de la f\u00e9d\u00e9ration Grands Formats\",\"isPartOf\":{\"@id\":\"https:\/\/www.grandsformats.com\/#website\"},\"primaryImageOfPage\":{\"@id\":\"https:\/\/www.grandsformats.com\/2019\/04\/stage-professionnel-pole-superieur-93\/#primaryimage\"},\"image\":{\"@id\":\"https:\/\/www.grandsformats.com\/2019\/04\/stage-professionnel-pole-superieur-93\/#primaryimage\"},\"thumbnailUrl\":\"https:\/\/www.grandsformats.com\/wp-content\/uploads\/2020\/05\/Transmission-CRR-Paris-\u00a9-Grands-Formats-1920x1080-1.jpg\",\"datePublished\":\"2019-04-09T08:48:03+00:00\",\"dateModified\":\"2020-05-15T08:31:00+00:00\",\"breadcrumb\":{\"@id\":\"https:\/\/www.grandsformats.com\/2019\/04\/stage-professionnel-pole-superieur-93\/#breadcrumb\"},\"inLanguage\":\"en-US\",\"potentialAction\":[{\"@type\":\"ReadAction\",\"target\":[\"https:\/\/www.grandsformats.com\/2019\/04\/stage-professionnel-pole-superieur-93\/\"]}]},{\"@type\":\"ImageObject\",\"inLanguage\":\"en-US\",\"@id\":\"https:\/\/www.grandsformats.com\/2019\/04\/stage-professionnel-pole-superieur-93\/#primaryimage\",\"url\":\"https:\/\/www.grandsformats.com\/wp-content\/uploads\/2020\/05\/Transmission-CRR-Paris-\u00a9-Grands-Formats-1920x1080-1.jpg\",\"contentUrl\":\"https:\/\/www.grandsformats.com\/wp-content\/uploads\/2020\/05\/Transmission-CRR-Paris-\u00a9-Grands-Formats-1920x1080-1.jpg\",\"width\":1920,\"height\":1082,\"caption\":\"\u00a9 Grands Formats\"},{\"@type\":\"BreadcrumbList\",\"@id\":\"https:\/\/www.grandsformats.com\/2019\/04\/stage-professionnel-pole-superieur-93\/#breadcrumb\",\"itemListElement\":[{\"@type\":\"ListItem\",\"position\":1,\"name\":\"Accueil\",\"item\":\"https:\/\/www.grandsformats.com\/en\/\"},{\"@type\":\"ListItem\",\"position\":2,\"name\":\"Stage professionnel au P\u00f4le Sup\u00e9rieur 93\"}]},{\"@type\":\"WebSite\",\"@id\":\"https:\/\/www.grandsformats.com\/#website\",\"url\":\"https:\/\/www.grandsformats.com\/\",\"name\":\"Site officiel de la f\u00e9d\u00e9ration Grands Formats\",\"description\":\"F\u00e9d\u00e9ration d&#039;artistes pour la musique en grand !\",\"publisher\":{\"@id\":\"https:\/\/www.grandsformats.com\/#organization\"},\"potentialAction\":[{\"@type\":\"SearchAction\",\"target\":{\"@type\":\"EntryPoint\",\"urlTemplate\":\"https:\/\/www.grandsformats.com\/?s={search_term_string}\"},\"query-input\":{\"@type\":\"PropertyValueSpecification\",\"valueRequired\":true,\"valueName\":\"search_term_string\"}}],\"inLanguage\":\"en-US\"},{\"@type\":\"Organization\",\"@id\":\"https:\/\/www.grandsformats.com\/#organization\",\"name\":\"Grands Formats\",\"url\":\"https:\/\/www.grandsformats.com\/\",\"logo\":{\"@type\":\"ImageObject\",\"inLanguage\":\"en-US\",\"@id\":\"https:\/\/www.grandsformats.com\/#\/schema\/logo\/image\/\",\"url\":\"https:\/\/www.grandsformats.com\/wp-content\/uploads\/2020\/03\/logo-GF-200.png\",\"contentUrl\":\"https:\/\/www.grandsformats.com\/wp-content\/uploads\/2020\/03\/logo-GF-200.png\",\"width\":155,\"height\":200,\"caption\":\"Grands Formats\"},\"image\":{\"@id\":\"https:\/\/www.grandsformats.com\/#\/schema\/logo\/image\/\"},\"sameAs\":[\"https:\/\/www.facebook.com\/grandsformats\/\",\"https:\/\/x.com\/GrandsFormatsGF\",\"https:\/\/www.instagram.com\/grandsformats\/\",\"https:\/\/www.youtube.com\/channel\/UCJ7k9dbqc_DG-nxI3WMPvhw?view_as=subscriberhttps:\/\/www.youtube.com\/channel\/UCJ7k9dbqc_DG-nxI3WMPvhw?view_as=subscriber\"]},{\"@type\":\"Person\",\"@id\":\"https:\/\/www.grandsformats.com\/#\/schema\/person\/6ecde7e38a2254b5bc9d620679208ee1\",\"name\":\"Grands Formats\",\"image\":{\"@type\":\"ImageObject\",\"inLanguage\":\"en-US\",\"@id\":\"https:\/\/www.grandsformats.com\/#\/schema\/person\/image\/\",\"url\":\"https:\/\/secure.gravatar.com\/avatar\/5d06febf5ba4681bd17a251487132861b5339c2d72f789e59decf1c1b05d0078?s=96&d=mm&r=g\",\"contentUrl\":\"https:\/\/secure.gravatar.com\/avatar\/5d06febf5ba4681bd17a251487132861b5339c2d72f789e59decf1c1b05d0078?s=96&d=mm&r=g\",\"caption\":\"Grands Formats\"},\"url\":\"https:\/\/www.grandsformats.com\/en\/author\/margaux\/\"}]}<\/script>\n<!-- \/ Yoast SEO plugin. -->","yoast_head_json":{"title":"Stage professionnel au P\u00f4le Sup\u00e9rieur 93 - Site officiel de la f\u00e9d\u00e9ration Grands Formats","robots":{"index":"index","follow":"follow","max-snippet":"max-snippet:-1","max-image-preview":"max-image-preview:large","max-video-preview":"max-video-preview:-1"},"canonical":"https:\/\/www.grandsformats.com\/2019\/04\/stage-professionnel-pole-superieur-93\/","og_locale":"en_US","og_type":"article","og_title":"Stage professionnel au P\u00f4le Sup\u00e9rieur 93 - Site officiel de la f\u00e9d\u00e9ration Grands Formats","og_description":"Grands Formats et le P\u00f4le\u00a0Sup\u00e9rieur 93\u00a0renouvellent\u00a0leur partenariat pour proposer aux \u00e9tudiants en jazz et musiques actuelles du P\u00f4le Sup 93 un stage professionnel le 15 avril. Ce stage a pour objectif de faciliter l\u2019insertion professionnelle des \u00e9tudiants et de les sensibiliser au\u00a0r\u00e9pertoire de la musique en grande formation.","og_url":"https:\/\/www.grandsformats.com\/2019\/04\/stage-professionnel-pole-superieur-93\/","og_site_name":"Site officiel de la f\u00e9d\u00e9ration Grands Formats","article_publisher":"https:\/\/www.facebook.com\/grandsformats\/","article_published_time":"2019-04-09T08:48:03+00:00","article_modified_time":"2020-05-15T08:31:00+00:00","og_image":[{"width":1920,"height":1082,"url":"https:\/\/www.grandsformats.com\/wp-content\/uploads\/2020\/05\/Transmission-CRR-Paris-\u00a9-Grands-Formats-1920x1080-1.jpg","type":"image\/jpeg"}],"author":"Grands Formats","twitter_card":"summary_large_image","twitter_creator":"@GrandsFormatsGF","twitter_site":"@GrandsFormatsGF","twitter_misc":{"Written by":"Grands Formats"},"schema":{"@context":"https:\/\/schema.org","@graph":[{"@type":"Article","@id":"https:\/\/www.grandsformats.com\/2019\/04\/stage-professionnel-pole-superieur-93\/#article","isPartOf":{"@id":"https:\/\/www.grandsformats.com\/2019\/04\/stage-professionnel-pole-superieur-93\/"},"author":{"name":"Grands Formats","@id":"https:\/\/www.grandsformats.com\/#\/schema\/person\/6ecde7e38a2254b5bc9d620679208ee1"},"headline":"Stage professionnel au P\u00f4le Sup\u00e9rieur 93","datePublished":"2019-04-09T08:48:03+00:00","dateModified":"2020-05-15T08:31:00+00:00","mainEntityOfPage":{"@id":"https:\/\/www.grandsformats.com\/2019\/04\/stage-professionnel-pole-superieur-93\/"},"wordCount":61,"commentCount":0,"publisher":{"@id":"https:\/\/www.grandsformats.com\/#organization"},"image":{"@id":"https:\/\/www.grandsformats.com\/2019\/04\/stage-professionnel-pole-superieur-93\/#primaryimage"},"thumbnailUrl":"https:\/\/www.grandsformats.com\/wp-content\/uploads\/2020\/05\/Transmission-CRR-Paris-\u00a9-Grands-Formats-1920x1080-1.jpg","articleSection":["Actus de la f\u00e9d\u00e9","Ev\u00e8nements"],"inLanguage":"en-US","potentialAction":[{"@type":"CommentAction","name":"Comment","target":["https:\/\/www.grandsformats.com\/2019\/04\/stage-professionnel-pole-superieur-93\/#respond"]}]},{"@type":"WebPage","@id":"https:\/\/www.grandsformats.com\/2019\/04\/stage-professionnel-pole-superieur-93\/","url":"https:\/\/www.grandsformats.com\/2019\/04\/stage-professionnel-pole-superieur-93\/","name":"Stage professionnel au P\u00f4le Sup\u00e9rieur 93 - Site officiel de la f\u00e9d\u00e9ration Grands Formats","isPartOf":{"@id":"https:\/\/www.grandsformats.com\/#website"},"primaryImageOfPage":{"@id":"https:\/\/www.grandsformats.com\/2019\/04\/stage-professionnel-pole-superieur-93\/#primaryimage"},"image":{"@id":"https:\/\/www.grandsformats.com\/2019\/04\/stage-professionnel-pole-superieur-93\/#primaryimage"},"thumbnailUrl":"https:\/\/www.grandsformats.com\/wp-content\/uploads\/2020\/05\/Transmission-CRR-Paris-\u00a9-Grands-Formats-1920x1080-1.jpg","datePublished":"2019-04-09T08:48:03+00:00","dateModified":"2020-05-15T08:31:00+00:00","breadcrumb":{"@id":"https:\/\/www.grandsformats.com\/2019\/04\/stage-professionnel-pole-superieur-93\/#breadcrumb"},"inLanguage":"en-US","potentialAction":[{"@type":"ReadAction","target":["https:\/\/www.grandsformats.com\/2019\/04\/stage-professionnel-pole-superieur-93\/"]}]},{"@type":"ImageObject","inLanguage":"en-US","@id":"https:\/\/www.grandsformats.com\/2019\/04\/stage-professionnel-pole-superieur-93\/#primaryimage","url":"https:\/\/www.grandsformats.com\/wp-content\/uploads\/2020\/05\/Transmission-CRR-Paris-\u00a9-Grands-Formats-1920x1080-1.jpg","contentUrl":"https:\/\/www.grandsformats.com\/wp-content\/uploads\/2020\/05\/Transmission-CRR-Paris-\u00a9-Grands-Formats-1920x1080-1.jpg","width":1920,"height":1082,"caption":"\u00a9 Grands Formats"},{"@type":"BreadcrumbList","@id":"https:\/\/www.grandsformats.com\/2019\/04\/stage-professionnel-pole-superieur-93\/#breadcrumb","itemListElement":[{"@type":"ListItem","position":1,"name":"Accueil","item":"https:\/\/www.grandsformats.com\/en\/"},{"@type":"ListItem","position":2,"name":"Stage professionnel au P\u00f4le Sup\u00e9rieur 93"}]},{"@type":"WebSite","@id":"https:\/\/www.grandsformats.com\/#website","url":"https:\/\/www.grandsformats.com\/","name":"Site officiel de la f\u00e9d\u00e9ration Grands Formats","description":"F\u00e9d\u00e9ration d&#039;artistes pour la musique en grand !","publisher":{"@id":"https:\/\/www.grandsformats.com\/#organization"},"potentialAction":[{"@type":"SearchAction","target":{"@type":"EntryPoint","urlTemplate":"https:\/\/www.grandsformats.com\/?s={search_term_string}"},"query-input":{"@type":"PropertyValueSpecification","valueRequired":true,"valueName":"search_term_string"}}],"inLanguage":"en-US"},{"@type":"Organization","@id":"https:\/\/www.grandsformats.com\/#organization","name":"Grands Formats","url":"https:\/\/www.grandsformats.com\/","logo":{"@type":"ImageObject","inLanguage":"en-US","@id":"https:\/\/www.grandsformats.com\/#\/schema\/logo\/image\/","url":"https:\/\/www.grandsformats.com\/wp-content\/uploads\/2020\/03\/logo-GF-200.png","contentUrl":"https:\/\/www.grandsformats.com\/wp-content\/uploads\/2020\/03\/logo-GF-200.png","width":155,"height":200,"caption":"Grands Formats"},"image":{"@id":"https:\/\/www.grandsformats.com\/#\/schema\/logo\/image\/"},"sameAs":["https:\/\/www.facebook.com\/grandsformats\/","https:\/\/x.com\/GrandsFormatsGF","https:\/\/www.instagram.com\/grandsformats\/","https:\/\/www.youtube.com\/channel\/UCJ7k9dbqc_DG-nxI3WMPvhw?view_as=subscriberhttps:\/\/www.youtube.com\/channel\/UCJ7k9dbqc_DG-nxI3WMPvhw?view_as=subscriber"]},{"@type":"Person","@id":"https:\/\/www.grandsformats.com\/#\/schema\/person\/6ecde7e38a2254b5bc9d620679208ee1","name":"Grands Formats","image":{"@type":"ImageObject","inLanguage":"en-US","@id":"https:\/\/www.grandsformats.com\/#\/schema\/person\/image\/","url":"https:\/\/secure.gravatar.com\/avatar\/5d06febf5ba4681bd17a251487132861b5339c2d72f789e59decf1c1b05d0078?s=96&d=mm&r=g","contentUrl":"https:\/\/secure.gravatar.com\/avatar\/5d06febf5ba4681bd17a251487132861b5339c2d72f789e59decf1c1b05d0078?s=96&d=mm&r=g","caption":"Grands Formats"},"url":"https:\/\/www.grandsformats.com\/en\/author\/margaux\/"}]}},"_links":{"self":[{"href":"https:\/\/www.grandsformats.com\/en\/wp-json\/wp\/v2\/posts\/7033","targetHints":{"allow":["GET"]}}],"collection":[{"href":"https:\/\/www.grandsformats.com\/en\/wp-json\/wp\/v2\/posts"}],"about":[{"href":"https:\/\/www.grandsformats.com\/en\/wp-json\/wp\/v2\/types\/post"}],"author":[{"embeddable":true,"href":"https:\/\/www.grandsformats.com\/en\/wp-json\/wp\/v2\/users\/2"}],"replies":[{"embeddable":true,"href":"https:\/\/www.grandsformats.com\/en\/wp-json\/wp\/v2\/comments?post=7033"}],"version-history":[{"count":0,"href":"https:\/\/www.grandsformats.com\/en\/wp-json\/wp\/v2\/posts\/7033\/revisions"}],"wp:featuredmedia":[{"embeddable":true,"href":"https:\/\/www.grandsformats.com\/en\/wp-json\/wp\/v2\/media\/12755"}],"wp:attachment":[{"href":"https:\/\/www.grandsformats.com\/en\/wp-json\/wp\/v2\/media?parent=7033"}],"wp:term":[{"taxonomy":"category","embeddable":true,"href":"https:\/\/www.grandsformats.com\/en\/wp-json\/wp\/v2\/categories?post=7033"},{"taxonomy":"post_tag","embeddable":true,"href":"https:\/\/www.grandsformats.com\/en\/wp-json\/wp\/v2\/tags?post=7033"}],"curies":[{"name":"wp","href":"https:\/\/api.w.org\/{rel}","templated":true}]}}