{"id":6836,"date":"2019-03-06T11:35:35","date_gmt":"2019-03-06T10:35:35","guid":{"rendered":"http:\/\/www.grandsformats.com\/?p=6836"},"modified":"2020-04-15T18:06:08","modified_gmt":"2020-04-15T16:06:08","slug":"21-reseaux-federations-de-musique-inquiets-concernant-projet-de-cnm","status":"publish","type":"post","link":"https:\/\/www.grandsformats.com\/en\/2019\/03\/21-reseaux-federations-de-musique-inquiets-concernant-projet-de-cnm\/","title":{"rendered":"21 r\u00e9seaux et f\u00e9d\u00e9rations de la musique sont inquiets concernant le projet de CNM"},"content":{"rendered":"<p>Avec 20 autres r\u00e9seaux et f\u00e9d\u00e9rations de la musique, <a href=\"http:\/\/www.grandsformats.com\/\">Grands Formats<\/a> est signataire d&#8217;un communiqu\u00e9 qui exprime de vives inqui\u00e9tudes concernant le projet de Centre National de la Musique tel qu&#8217;il a \u00e9t\u00e9 dessin\u00e9 dans le r\u00e9cent rapport remis au 1er ministre par deux parlementaires.<br \/>\nNous demandons donc \u00e0 \u00eatre entendus et proposons au ministre de la Culture et au 1er ministre un temps de rencontre et d&#8217;\u00e9changes \u00e0 l&#8217;occasion de PopMind qui se tient du 19 au 21 mars \u00e0 Rouen.<br \/>\n<img loading=\"lazy\" decoding=\"async\" class=\"aligncenter size-full wp-image-6837\" src=\"http:\/\/www.grandsformats.com\/wp-content\/uploads\/Communique\u0301-CNM-Fe\u0301vrier-2019_Page_1.jpg\" alt=\"Communique\u0301 CNM - Fe\u0301vrier 2019\" width=\"1853\" height=\"2608\" \/><img loading=\"lazy\" decoding=\"async\" class=\"aligncenter size-full wp-image-6838\" src=\"http:\/\/www.grandsformats.com\/wp-content\/uploads\/Communique\u0301-CNM-Fe\u0301vrier-2019_Page_2.jpg\" alt=\"Communique\u0301 CNM - Fe\u0301vrier 2019\" width=\"1828\" height=\"2573\" \/><\/p>\n","protected":false},"excerpt":{"rendered":"<p>Avec 20 autres r\u00e9seaux et f\u00e9d\u00e9rations de la musique, Grands Formats est signataire d&#8217;un communiqu\u00e9 qui exprime de vives inqui\u00e9tudes concernant le projet de Centre National de la Musique tel qu&#8217;il a \u00e9t\u00e9 dessin\u00e9 dans le r\u00e9cent rapport remis au 1er ministre par deux parlementaires. Nous demandons donc \u00e0 \u00eatre entendus et proposons au ministre&#8230;<\/p>\n<p><a rel=\"bookmark\" class=\"theme-button-text wvc-button wvc-button-size-xs\" href=\"https:\/\/www.grandsformats.com\/en\/2019\/03\/21-reseaux-federations-de-musique-inquiets-concernant-projet-de-cnm\/\"><small class=\"wvc-button-background-fill\"><\/small><span>Continue reading<\/span><\/a><\/p>\n","protected":false},"author":2,"featured_media":6840,"comment_status":"open","ping_status":"open","sticky":false,"template":"","format":"standard","meta":{"_acf_changed":false,"footnotes":""},"categories":[90],"tags":[],"class_list":["post-6836","post","type-post","status-publish","format-standard","has-post-thumbnail","hentry","category-grands-formats","entry-post-skin-light","entry","clearfix","entry-grid","entry-columns-default","entry-post-module-layout-sidebar-right","thumbnail-color-tone-dark","no-post-thumbnail","entry-post","entry-masonry","entry-post-masonry"],"acf":[],"yoast_head":"<!-- This site is optimized with the Yoast SEO plugin v25.8 - https:\/\/yoast.com\/wordpress\/plugins\/seo\/ -->\n<title>21 r\u00e9seaux et f\u00e9d\u00e9rations de la musique sont inquiets concernant le projet de CNM - Site officiel de la f\u00e9d\u00e9ration Grands Formats<\/title>\n<meta name=\"robots\" content=\"index, follow, max-snippet:-1, max-image-preview:large, max-video-preview:-1\" \/>\n<link rel=\"canonical\" href=\"https:\/\/www.grandsformats.com\/2019\/03\/21-reseaux-federations-de-musique-inquiets-concernant-projet-de-cnm\/\" \/>\n<meta property=\"og:locale\" content=\"en_US\" \/>\n<meta property=\"og:type\" content=\"article\" \/>\n<meta property=\"og:title\" content=\"21 r\u00e9seaux et f\u00e9d\u00e9rations de la musique sont inquiets concernant le projet de CNM - Site officiel de la f\u00e9d\u00e9ration Grands Formats\" \/>\n<meta property=\"og:description\" content=\"Avec 20 autres r\u00e9seaux et f\u00e9d\u00e9rations de la musique, Grands Formats est signataire d&#8217;un communiqu\u00e9 qui exprime de vives inqui\u00e9tudes concernant le projet de Centre National de la Musique tel qu&#8217;il a \u00e9t\u00e9 dessin\u00e9 dans le r\u00e9cent rapport remis au 1er ministre par deux parlementaires. Nous demandons donc \u00e0 \u00eatre entendus et proposons au ministre...Continue reading\" \/>\n<meta property=\"og:url\" content=\"https:\/\/www.grandsformats.com\/2019\/03\/21-reseaux-federations-de-musique-inquiets-concernant-projet-de-cnm\/\" \/>\n<meta property=\"og:site_name\" content=\"Site officiel de la f\u00e9d\u00e9ration Grands Formats\" \/>\n<meta property=\"article:publisher\" content=\"https:\/\/www.facebook.com\/grandsformats\/\" \/>\n<meta property=\"article:published_time\" content=\"2019-03-06T10:35:35+00:00\" \/>\n<meta property=\"article:modified_time\" content=\"2020-04-15T16:06:08+00:00\" \/>\n<meta name=\"author\" content=\"Grands Formats\" \/>\n<meta name=\"twitter:card\" content=\"summary_large_image\" \/>\n<meta name=\"twitter:creator\" content=\"@GrandsFormatsGF\" \/>\n<meta name=\"twitter:site\" content=\"@GrandsFormatsGF\" \/>\n<meta name=\"twitter:label1\" content=\"Written by\" \/>\n\t<meta name=\"twitter:data1\" content=\"Grands Formats\" \/>\n<script type=\"application\/ld+json\" class=\"yoast-schema-graph\">{\"@context\":\"https:\/\/schema.org\",\"@graph\":[{\"@type\":\"Article\",\"@id\":\"https:\/\/www.grandsformats.com\/2019\/03\/21-reseaux-federations-de-musique-inquiets-concernant-projet-de-cnm\/#article\",\"isPartOf\":{\"@id\":\"https:\/\/www.grandsformats.com\/2019\/03\/21-reseaux-federations-de-musique-inquiets-concernant-projet-de-cnm\/\"},\"author\":{\"name\":\"Grands Formats\",\"@id\":\"https:\/\/www.grandsformats.com\/#\/schema\/person\/6ecde7e38a2254b5bc9d620679208ee1\"},\"headline\":\"21 r\u00e9seaux et f\u00e9d\u00e9rations de la musique sont inquiets concernant le projet de CNM\",\"datePublished\":\"2019-03-06T10:35:35+00:00\",\"dateModified\":\"2020-04-15T16:06:08+00:00\",\"mainEntityOfPage\":{\"@id\":\"https:\/\/www.grandsformats.com\/2019\/03\/21-reseaux-federations-de-musique-inquiets-concernant-projet-de-cnm\/\"},\"wordCount\":101,\"commentCount\":0,\"publisher\":{\"@id\":\"https:\/\/www.grandsformats.com\/#organization\"},\"image\":{\"@id\":\"https:\/\/www.grandsformats.com\/2019\/03\/21-reseaux-federations-de-musique-inquiets-concernant-projet-de-cnm\/#primaryimage\"},\"thumbnailUrl\":\"\",\"articleSection\":[\"Actus de la f\u00e9d\u00e9\"],\"inLanguage\":\"en-US\",\"potentialAction\":[{\"@type\":\"CommentAction\",\"name\":\"Comment\",\"target\":[\"https:\/\/www.grandsformats.com\/2019\/03\/21-reseaux-federations-de-musique-inquiets-concernant-projet-de-cnm\/#respond\"]}]},{\"@type\":\"WebPage\",\"@id\":\"https:\/\/www.grandsformats.com\/2019\/03\/21-reseaux-federations-de-musique-inquiets-concernant-projet-de-cnm\/\",\"url\":\"https:\/\/www.grandsformats.com\/2019\/03\/21-reseaux-federations-de-musique-inquiets-concernant-projet-de-cnm\/\",\"name\":\"21 r\u00e9seaux et f\u00e9d\u00e9rations de la musique sont inquiets concernant le projet de CNM - Site officiel de la f\u00e9d\u00e9ration Grands Formats\",\"isPartOf\":{\"@id\":\"https:\/\/www.grandsformats.com\/#website\"},\"primaryImageOfPage\":{\"@id\":\"https:\/\/www.grandsformats.com\/2019\/03\/21-reseaux-federations-de-musique-inquiets-concernant-projet-de-cnm\/#primaryimage\"},\"image\":{\"@id\":\"https:\/\/www.grandsformats.com\/2019\/03\/21-reseaux-federations-de-musique-inquiets-concernant-projet-de-cnm\/#primaryimage\"},\"thumbnailUrl\":\"\",\"datePublished\":\"2019-03-06T10:35:35+00:00\",\"dateModified\":\"2020-04-15T16:06:08+00:00\",\"breadcrumb\":{\"@id\":\"https:\/\/www.grandsformats.com\/2019\/03\/21-reseaux-federations-de-musique-inquiets-concernant-projet-de-cnm\/#breadcrumb\"},\"inLanguage\":\"en-US\",\"potentialAction\":[{\"@type\":\"ReadAction\",\"target\":[\"https:\/\/www.grandsformats.com\/2019\/03\/21-reseaux-federations-de-musique-inquiets-concernant-projet-de-cnm\/\"]}]},{\"@type\":\"ImageObject\",\"inLanguage\":\"en-US\",\"@id\":\"https:\/\/www.grandsformats.com\/2019\/03\/21-reseaux-federations-de-musique-inquiets-concernant-projet-de-cnm\/#primaryimage\",\"url\":\"\",\"contentUrl\":\"\"},{\"@type\":\"BreadcrumbList\",\"@id\":\"https:\/\/www.grandsformats.com\/2019\/03\/21-reseaux-federations-de-musique-inquiets-concernant-projet-de-cnm\/#breadcrumb\",\"itemListElement\":[{\"@type\":\"ListItem\",\"position\":1,\"name\":\"Accueil\",\"item\":\"https:\/\/www.grandsformats.com\/en\/\"},{\"@type\":\"ListItem\",\"position\":2,\"name\":\"21 r\u00e9seaux et f\u00e9d\u00e9rations de la musique sont inquiets concernant le projet de CNM\"}]},{\"@type\":\"WebSite\",\"@id\":\"https:\/\/www.grandsformats.com\/#website\",\"url\":\"https:\/\/www.grandsformats.com\/\",\"name\":\"Site officiel de la f\u00e9d\u00e9ration Grands Formats\",\"description\":\"F\u00e9d\u00e9ration d&#039;artistes pour la musique en grand !\",\"publisher\":{\"@id\":\"https:\/\/www.grandsformats.com\/#organization\"},\"potentialAction\":[{\"@type\":\"SearchAction\",\"target\":{\"@type\":\"EntryPoint\",\"urlTemplate\":\"https:\/\/www.grandsformats.com\/?s={search_term_string}\"},\"query-input\":{\"@type\":\"PropertyValueSpecification\",\"valueRequired\":true,\"valueName\":\"search_term_string\"}}],\"inLanguage\":\"en-US\"},{\"@type\":\"Organization\",\"@id\":\"https:\/\/www.grandsformats.com\/#organization\",\"name\":\"Grands Formats\",\"url\":\"https:\/\/www.grandsformats.com\/\",\"logo\":{\"@type\":\"ImageObject\",\"inLanguage\":\"en-US\",\"@id\":\"https:\/\/www.grandsformats.com\/#\/schema\/logo\/image\/\",\"url\":\"https:\/\/www.grandsformats.com\/wp-content\/uploads\/2020\/03\/logo-GF-200.png\",\"contentUrl\":\"https:\/\/www.grandsformats.com\/wp-content\/uploads\/2020\/03\/logo-GF-200.png\",\"width\":155,\"height\":200,\"caption\":\"Grands Formats\"},\"image\":{\"@id\":\"https:\/\/www.grandsformats.com\/#\/schema\/logo\/image\/\"},\"sameAs\":[\"https:\/\/www.facebook.com\/grandsformats\/\",\"https:\/\/x.com\/GrandsFormatsGF\",\"https:\/\/www.instagram.com\/grandsformats\/\",\"https:\/\/www.youtube.com\/channel\/UCJ7k9dbqc_DG-nxI3WMPvhw?view_as=subscriberhttps:\/\/www.youtube.com\/channel\/UCJ7k9dbqc_DG-nxI3WMPvhw?view_as=subscriber\"]},{\"@type\":\"Person\",\"@id\":\"https:\/\/www.grandsformats.com\/#\/schema\/person\/6ecde7e38a2254b5bc9d620679208ee1\",\"name\":\"Grands Formats\",\"image\":{\"@type\":\"ImageObject\",\"inLanguage\":\"en-US\",\"@id\":\"https:\/\/www.grandsformats.com\/#\/schema\/person\/image\/\",\"url\":\"https:\/\/secure.gravatar.com\/avatar\/5d06febf5ba4681bd17a251487132861b5339c2d72f789e59decf1c1b05d0078?s=96&d=mm&r=g\",\"contentUrl\":\"https:\/\/secure.gravatar.com\/avatar\/5d06febf5ba4681bd17a251487132861b5339c2d72f789e59decf1c1b05d0078?s=96&d=mm&r=g\",\"caption\":\"Grands Formats\"},\"url\":\"https:\/\/www.grandsformats.com\/en\/author\/margaux\/\"}]}<\/script>\n<!-- \/ Yoast SEO plugin. -->","yoast_head_json":{"title":"21 r\u00e9seaux et f\u00e9d\u00e9rations de la musique sont inquiets concernant le projet de CNM - Site officiel de la f\u00e9d\u00e9ration Grands Formats","robots":{"index":"index","follow":"follow","max-snippet":"max-snippet:-1","max-image-preview":"max-image-preview:large","max-video-preview":"max-video-preview:-1"},"canonical":"https:\/\/www.grandsformats.com\/2019\/03\/21-reseaux-federations-de-musique-inquiets-concernant-projet-de-cnm\/","og_locale":"en_US","og_type":"article","og_title":"21 r\u00e9seaux et f\u00e9d\u00e9rations de la musique sont inquiets concernant le projet de CNM - Site officiel de la f\u00e9d\u00e9ration Grands Formats","og_description":"Avec 20 autres r\u00e9seaux et f\u00e9d\u00e9rations de la musique, Grands Formats est signataire d&#8217;un communiqu\u00e9 qui exprime de vives inqui\u00e9tudes concernant le projet de Centre National de la Musique tel qu&#8217;il a \u00e9t\u00e9 dessin\u00e9 dans le r\u00e9cent rapport remis au 1er ministre par deux parlementaires. Nous demandons donc \u00e0 \u00eatre entendus et proposons au ministre...Continue reading","og_url":"https:\/\/www.grandsformats.com\/2019\/03\/21-reseaux-federations-de-musique-inquiets-concernant-projet-de-cnm\/","og_site_name":"Site officiel de la f\u00e9d\u00e9ration Grands Formats","article_publisher":"https:\/\/www.facebook.com\/grandsformats\/","article_published_time":"2019-03-06T10:35:35+00:00","article_modified_time":"2020-04-15T16:06:08+00:00","author":"Grands Formats","twitter_card":"summary_large_image","twitter_creator":"@GrandsFormatsGF","twitter_site":"@GrandsFormatsGF","twitter_misc":{"Written by":"Grands Formats"},"schema":{"@context":"https:\/\/schema.org","@graph":[{"@type":"Article","@id":"https:\/\/www.grandsformats.com\/2019\/03\/21-reseaux-federations-de-musique-inquiets-concernant-projet-de-cnm\/#article","isPartOf":{"@id":"https:\/\/www.grandsformats.com\/2019\/03\/21-reseaux-federations-de-musique-inquiets-concernant-projet-de-cnm\/"},"author":{"name":"Grands Formats","@id":"https:\/\/www.grandsformats.com\/#\/schema\/person\/6ecde7e38a2254b5bc9d620679208ee1"},"headline":"21 r\u00e9seaux et f\u00e9d\u00e9rations de la musique sont inquiets concernant le projet de CNM","datePublished":"2019-03-06T10:35:35+00:00","dateModified":"2020-04-15T16:06:08+00:00","mainEntityOfPage":{"@id":"https:\/\/www.grandsformats.com\/2019\/03\/21-reseaux-federations-de-musique-inquiets-concernant-projet-de-cnm\/"},"wordCount":101,"commentCount":0,"publisher":{"@id":"https:\/\/www.grandsformats.com\/#organization"},"image":{"@id":"https:\/\/www.grandsformats.com\/2019\/03\/21-reseaux-federations-de-musique-inquiets-concernant-projet-de-cnm\/#primaryimage"},"thumbnailUrl":"","articleSection":["Actus de la f\u00e9d\u00e9"],"inLanguage":"en-US","potentialAction":[{"@type":"CommentAction","name":"Comment","target":["https:\/\/www.grandsformats.com\/2019\/03\/21-reseaux-federations-de-musique-inquiets-concernant-projet-de-cnm\/#respond"]}]},{"@type":"WebPage","@id":"https:\/\/www.grandsformats.com\/2019\/03\/21-reseaux-federations-de-musique-inquiets-concernant-projet-de-cnm\/","url":"https:\/\/www.grandsformats.com\/2019\/03\/21-reseaux-federations-de-musique-inquiets-concernant-projet-de-cnm\/","name":"21 r\u00e9seaux et f\u00e9d\u00e9rations de la musique sont inquiets concernant le projet de CNM - Site officiel de la f\u00e9d\u00e9ration Grands Formats","isPartOf":{"@id":"https:\/\/www.grandsformats.com\/#website"},"primaryImageOfPage":{"@id":"https:\/\/www.grandsformats.com\/2019\/03\/21-reseaux-federations-de-musique-inquiets-concernant-projet-de-cnm\/#primaryimage"},"image":{"@id":"https:\/\/www.grandsformats.com\/2019\/03\/21-reseaux-federations-de-musique-inquiets-concernant-projet-de-cnm\/#primaryimage"},"thumbnailUrl":"","datePublished":"2019-03-06T10:35:35+00:00","dateModified":"2020-04-15T16:06:08+00:00","breadcrumb":{"@id":"https:\/\/www.grandsformats.com\/2019\/03\/21-reseaux-federations-de-musique-inquiets-concernant-projet-de-cnm\/#breadcrumb"},"inLanguage":"en-US","potentialAction":[{"@type":"ReadAction","target":["https:\/\/www.grandsformats.com\/2019\/03\/21-reseaux-federations-de-musique-inquiets-concernant-projet-de-cnm\/"]}]},{"@type":"ImageObject","inLanguage":"en-US","@id":"https:\/\/www.grandsformats.com\/2019\/03\/21-reseaux-federations-de-musique-inquiets-concernant-projet-de-cnm\/#primaryimage","url":"","contentUrl":""},{"@type":"BreadcrumbList","@id":"https:\/\/www.grandsformats.com\/2019\/03\/21-reseaux-federations-de-musique-inquiets-concernant-projet-de-cnm\/#breadcrumb","itemListElement":[{"@type":"ListItem","position":1,"name":"Accueil","item":"https:\/\/www.grandsformats.com\/en\/"},{"@type":"ListItem","position":2,"name":"21 r\u00e9seaux et f\u00e9d\u00e9rations de la musique sont inquiets concernant le projet de CNM"}]},{"@type":"WebSite","@id":"https:\/\/www.grandsformats.com\/#website","url":"https:\/\/www.grandsformats.com\/","name":"Site officiel de la f\u00e9d\u00e9ration Grands Formats","description":"F\u00e9d\u00e9ration d&#039;artistes pour la musique en grand !","publisher":{"@id":"https:\/\/www.grandsformats.com\/#organization"},"potentialAction":[{"@type":"SearchAction","target":{"@type":"EntryPoint","urlTemplate":"https:\/\/www.grandsformats.com\/?s={search_term_string}"},"query-input":{"@type":"PropertyValueSpecification","valueRequired":true,"valueName":"search_term_string"}}],"inLanguage":"en-US"},{"@type":"Organization","@id":"https:\/\/www.grandsformats.com\/#organization","name":"Grands Formats","url":"https:\/\/www.grandsformats.com\/","logo":{"@type":"ImageObject","inLanguage":"en-US","@id":"https:\/\/www.grandsformats.com\/#\/schema\/logo\/image\/","url":"https:\/\/www.grandsformats.com\/wp-content\/uploads\/2020\/03\/logo-GF-200.png","contentUrl":"https:\/\/www.grandsformats.com\/wp-content\/uploads\/2020\/03\/logo-GF-200.png","width":155,"height":200,"caption":"Grands Formats"},"image":{"@id":"https:\/\/www.grandsformats.com\/#\/schema\/logo\/image\/"},"sameAs":["https:\/\/www.facebook.com\/grandsformats\/","https:\/\/x.com\/GrandsFormatsGF","https:\/\/www.instagram.com\/grandsformats\/","https:\/\/www.youtube.com\/channel\/UCJ7k9dbqc_DG-nxI3WMPvhw?view_as=subscriberhttps:\/\/www.youtube.com\/channel\/UCJ7k9dbqc_DG-nxI3WMPvhw?view_as=subscriber"]},{"@type":"Person","@id":"https:\/\/www.grandsformats.com\/#\/schema\/person\/6ecde7e38a2254b5bc9d620679208ee1","name":"Grands Formats","image":{"@type":"ImageObject","inLanguage":"en-US","@id":"https:\/\/www.grandsformats.com\/#\/schema\/person\/image\/","url":"https:\/\/secure.gravatar.com\/avatar\/5d06febf5ba4681bd17a251487132861b5339c2d72f789e59decf1c1b05d0078?s=96&d=mm&r=g","contentUrl":"https:\/\/secure.gravatar.com\/avatar\/5d06febf5ba4681bd17a251487132861b5339c2d72f789e59decf1c1b05d0078?s=96&d=mm&r=g","caption":"Grands Formats"},"url":"https:\/\/www.grandsformats.com\/en\/author\/margaux\/"}]}},"_links":{"self":[{"href":"https:\/\/www.grandsformats.com\/en\/wp-json\/wp\/v2\/posts\/6836","targetHints":{"allow":["GET"]}}],"collection":[{"href":"https:\/\/www.grandsformats.com\/en\/wp-json\/wp\/v2\/posts"}],"about":[{"href":"https:\/\/www.grandsformats.com\/en\/wp-json\/wp\/v2\/types\/post"}],"author":[{"embeddable":true,"href":"https:\/\/www.grandsformats.com\/en\/wp-json\/wp\/v2\/users\/2"}],"replies":[{"embeddable":true,"href":"https:\/\/www.grandsformats.com\/en\/wp-json\/wp\/v2\/comments?post=6836"}],"version-history":[{"count":0,"href":"https:\/\/www.grandsformats.com\/en\/wp-json\/wp\/v2\/posts\/6836\/revisions"}],"wp:featuredmedia":[{"embeddable":true,"href":"https:\/\/www.grandsformats.com\/en\/wp-json\/"}],"wp:attachment":[{"href":"https:\/\/www.grandsformats.com\/en\/wp-json\/wp\/v2\/media?parent=6836"}],"wp:term":[{"taxonomy":"category","embeddable":true,"href":"https:\/\/www.grandsformats.com\/en\/wp-json\/wp\/v2\/categories?post=6836"},{"taxonomy":"post_tag","embeddable":true,"href":"https:\/\/www.grandsformats.com\/en\/wp-json\/wp\/v2\/tags?post=6836"}],"curies":[{"name":"wp","href":"https:\/\/api.w.org\/{rel}","templated":true}]}}