{"id":34494,"date":"2026-03-30T13:48:04","date_gmt":"2026-03-30T11:48:04","guid":{"rendered":"https:\/\/www.grandsformats.com\/?p=34494"},"modified":"2026-03-30T13:48:04","modified_gmt":"2026-03-30T11:48:04","slug":"le-mirifique-orchestra-sortie-dalbum-le-24-avril-cd-digital-chez-pepin-plume-lautre-distribution","status":"publish","type":"post","link":"https:\/\/www.grandsformats.com\/en\/2026\/03\/le-mirifique-orchestra-sortie-dalbum-le-24-avril-cd-digital-chez-pepin-plume-lautre-distribution\/","title":{"rendered":"Le Mirifique Orchestra : Sortie d&#8217;album le 24 avril (CD\/ digital) chez P\u00e9pin Plume \/ L&#8217;Autre Distribution"},"content":{"rendered":"<p><strong>NEUF TABLEAUX, NEUF MONDES <\/strong><\/p>\n<p>Chaque tableau forme une micro-histoire, un fragment d\u2019univers, \u00e0 la fois absurde, po\u00e9tique et profond\u00e9ment narratif. Les Tableaux propose une exp\u00e9rience o\u00f9 musique, dessin, imagination et humour se r\u00e9pondent et s\u2019enrichissent mutuellement. Un projet multidisciplinaire, accessible, mais riche de r\u00e9f\u00e9rences, o\u00f9 l\u2019on croise Moussorgski, des vicomtes redoutables, des montgolfi\u00e8res comestibles, des batailles fromag\u00e8res et des paysages oniriques. Le Mirifique Orchestra signe ici un album foisonnant, un voyage artistique ludique et profond, qui s&#8217;\u00e9coute comme on visite un mus\u00e9e dont chaque salle suscite une histoire diff\u00e9rente.<\/p>\n<figure id=\"attachment_34497\" aria-describedby=\"caption-attachment-34497\" style=\"width: 846px\" class=\"wp-caption aligncenter\"><img loading=\"lazy\" decoding=\"async\" class=\"wp-image-34497 size-large\" src=\"https:\/\/www.grandsformats.com\/wp-content\/uploads\/2026\/03\/recto-volet-3\u00a9BeatriceMenuel-846x1024.jpg\" alt=\"\u00a9BeatriceMenuel\" width=\"846\" height=\"1024\" srcset=\"https:\/\/www.grandsformats.com\/wp-content\/uploads\/2026\/03\/recto-volet-3\u00a9BeatriceMenuel-846x1024.jpg 846w, https:\/\/www.grandsformats.com\/wp-content\/uploads\/2026\/03\/recto-volet-3\u00a9BeatriceMenuel-248x300.jpg 248w, https:\/\/www.grandsformats.com\/wp-content\/uploads\/2026\/03\/recto-volet-3\u00a9BeatriceMenuel-768x930.jpg 768w, https:\/\/www.grandsformats.com\/wp-content\/uploads\/2026\/03\/recto-volet-3\u00a9BeatriceMenuel-1269x1536.jpg 1269w, https:\/\/www.grandsformats.com\/wp-content\/uploads\/2026\/03\/recto-volet-3\u00a9BeatriceMenuel-471x570.jpg 471w, https:\/\/www.grandsformats.com\/wp-content\/uploads\/2026\/03\/recto-volet-3\u00a9BeatriceMenuel-413x500.jpg 413w, https:\/\/www.grandsformats.com\/wp-content\/uploads\/2026\/03\/recto-volet-3\u00a9BeatriceMenuel-550x666.jpg 550w, https:\/\/www.grandsformats.com\/wp-content\/uploads\/2026\/03\/recto-volet-3\u00a9BeatriceMenuel-700x847.jpg 700w, https:\/\/www.grandsformats.com\/wp-content\/uploads\/2026\/03\/recto-volet-3\u00a9BeatriceMenuel-330x400.jpg 330w, https:\/\/www.grandsformats.com\/wp-content\/uploads\/2026\/03\/recto-volet-3\u00a9BeatriceMenuel-500x605.jpg 500w, https:\/\/www.grandsformats.com\/wp-content\/uploads\/2026\/03\/recto-volet-3\u00a9BeatriceMenuel.jpg 1348w\" sizes=\"auto, (max-width: 846px) 100vw, 846px\" \/><figcaption id=\"caption-attachment-34497\" class=\"wp-caption-text\">\u00a9 Beatrice Menuel<\/figcaption><\/figure>\n<p>&nbsp;<\/p>\n","protected":false},"excerpt":{"rendered":"<p>NEUF TABLEAUX, NEUF MONDES Chaque tableau forme une micro-histoire, un fragment d\u2019univers, \u00e0 la fois absurde, po\u00e9tique et profond\u00e9ment narratif. Les Tableaux propose une exp\u00e9rience o\u00f9 musique, dessin, imagination et humour se r\u00e9pondent et s\u2019enrichissent mutuellement. Un projet multidisciplinaire, accessible, mais riche de r\u00e9f\u00e9rences, o\u00f9 l\u2019on croise Moussorgski, des vicomtes redoutables, des montgolfi\u00e8res comestibles, des&#8230;<\/p>\n<p><a rel=\"bookmark\" class=\"theme-button-text wvc-button wvc-button-size-xs\" href=\"https:\/\/www.grandsformats.com\/en\/2026\/03\/le-mirifique-orchestra-sortie-dalbum-le-24-avril-cd-digital-chez-pepin-plume-lautre-distribution\/\"><small class=\"wvc-button-background-fill\"><\/small><span>Continue reading<\/span><\/a><\/p>\n","protected":false},"author":161,"featured_media":34499,"comment_status":"open","ping_status":"open","sticky":false,"template":"","format":"standard","meta":{"_acf_changed":false,"footnotes":""},"categories":[95,1153],"tags":[],"class_list":["post-34494","post","type-post","status-publish","format-standard","has-post-thumbnail","hentry","category-membres","category-le-mirifique-orchestra","entry-post-skin-light","entry","clearfix","entry-grid","entry-columns-default","entry-post-module-layout-sidebar-right","thumbnail-color-tone-light","metro-landscape","entry-post","entry-masonry","entry-post-masonry"],"acf":[],"yoast_head":"<!-- This site is optimized with the Yoast SEO plugin v25.8 - https:\/\/yoast.com\/wordpress\/plugins\/seo\/ -->\n<title>Le Mirifique Orchestra : Sortie d&#039;album le 24 avril (CD\/ digital) chez P\u00e9pin Plume \/ L&#039;Autre Distribution - Site officiel de la f\u00e9d\u00e9ration Grands Formats<\/title>\n<meta name=\"description\" content=\"Chaque tableau forme une micro-histoire, un fragment d\u2019univers, \u00e0 la fois absurde, po\u00e9tique et profond\u00e9ment narratif. Les Tableaux...\" \/>\n<meta name=\"robots\" content=\"index, follow, max-snippet:-1, max-image-preview:large, max-video-preview:-1\" \/>\n<link rel=\"canonical\" href=\"https:\/\/www.grandsformats.com\/2026\/03\/le-mirifique-orchestra-sortie-dalbum-le-24-avril-cd-digital-chez-pepin-plume-lautre-distribution\/\" \/>\n<meta property=\"og:locale\" content=\"en_US\" \/>\n<meta property=\"og:type\" content=\"article\" \/>\n<meta property=\"og:title\" content=\"Le Mirifique Orchestra : Sortie d&#039;album le 24 avril (CD\/ digital) chez P\u00e9pin Plume \/ L&#039;Autre Distribution - Site officiel de la f\u00e9d\u00e9ration Grands Formats\" \/>\n<meta property=\"og:description\" content=\"Chaque tableau forme une micro-histoire, un fragment d\u2019univers, \u00e0 la fois absurde, po\u00e9tique et profond\u00e9ment narratif. Les Tableaux...\" \/>\n<meta property=\"og:url\" content=\"https:\/\/www.grandsformats.com\/2026\/03\/le-mirifique-orchestra-sortie-dalbum-le-24-avril-cd-digital-chez-pepin-plume-lautre-distribution\/\" \/>\n<meta property=\"og:site_name\" content=\"Site officiel de la f\u00e9d\u00e9ration Grands Formats\" \/>\n<meta property=\"article:publisher\" content=\"https:\/\/www.facebook.com\/grandsformats\/\" \/>\n<meta property=\"article:published_time\" content=\"2026-03-30T11:48:04+00:00\" \/>\n<meta property=\"og:image\" content=\"https:\/\/www.grandsformats.com\/wp-content\/uploads\/2026\/03\/169cover-LesTableaux_LegrosCube-HDBeatrice-Menuel-JeanDepagne.png\" \/>\n\t<meta property=\"og:image:width\" content=\"1782\" \/>\n\t<meta property=\"og:image:height\" content=\"1002\" \/>\n\t<meta property=\"og:image:type\" content=\"image\/png\" \/>\n<meta name=\"author\" content=\"Laura Hanequand - Grands Formats\" \/>\n<meta name=\"twitter:card\" content=\"summary_large_image\" \/>\n<meta name=\"twitter:creator\" content=\"@GrandsFormatsGF\" \/>\n<meta name=\"twitter:site\" content=\"@GrandsFormatsGF\" \/>\n<meta name=\"twitter:label1\" content=\"Written by\" \/>\n\t<meta name=\"twitter:data1\" content=\"Laura Hanequand - Grands Formats\" \/>\n\t<meta name=\"twitter:label2\" content=\"Est. reading time\" \/>\n\t<meta name=\"twitter:data2\" content=\"1 minute\" \/>\n<script type=\"application\/ld+json\" class=\"yoast-schema-graph\">{\"@context\":\"https:\/\/schema.org\",\"@graph\":[{\"@type\":\"Article\",\"@id\":\"https:\/\/www.grandsformats.com\/2026\/03\/le-mirifique-orchestra-sortie-dalbum-le-24-avril-cd-digital-chez-pepin-plume-lautre-distribution\/#article\",\"isPartOf\":{\"@id\":\"https:\/\/www.grandsformats.com\/2026\/03\/le-mirifique-orchestra-sortie-dalbum-le-24-avril-cd-digital-chez-pepin-plume-lautre-distribution\/\"},\"author\":{\"name\":\"Laura Hanequand - Grands Formats\",\"@id\":\"https:\/\/www.grandsformats.com\/#\/schema\/person\/56c2866069b6967b2c7becd25c9b4dbb\"},\"headline\":\"Le Mirifique Orchestra : Sortie d&#8217;album le 24 avril (CD\/ digital) chez P\u00e9pin Plume \/ L&#8217;Autre Distribution\",\"datePublished\":\"2026-03-30T11:48:04+00:00\",\"mainEntityOfPage\":{\"@id\":\"https:\/\/www.grandsformats.com\/2026\/03\/le-mirifique-orchestra-sortie-dalbum-le-24-avril-cd-digital-chez-pepin-plume-lautre-distribution\/\"},\"wordCount\":129,\"commentCount\":0,\"publisher\":{\"@id\":\"https:\/\/www.grandsformats.com\/#organization\"},\"image\":{\"@id\":\"https:\/\/www.grandsformats.com\/2026\/03\/le-mirifique-orchestra-sortie-dalbum-le-24-avril-cd-digital-chez-pepin-plume-lautre-distribution\/#primaryimage\"},\"thumbnailUrl\":\"https:\/\/www.grandsformats.com\/wp-content\/uploads\/2026\/03\/169cover-LesTableaux_LegrosCube-HDBeatrice-Menuel-JeanDepagne.png\",\"articleSection\":[\"Actus des membres\",\"Le Mirifique Orchestra\"],\"inLanguage\":\"en-US\",\"potentialAction\":[{\"@type\":\"CommentAction\",\"name\":\"Comment\",\"target\":[\"https:\/\/www.grandsformats.com\/2026\/03\/le-mirifique-orchestra-sortie-dalbum-le-24-avril-cd-digital-chez-pepin-plume-lautre-distribution\/#respond\"]}]},{\"@type\":\"WebPage\",\"@id\":\"https:\/\/www.grandsformats.com\/2026\/03\/le-mirifique-orchestra-sortie-dalbum-le-24-avril-cd-digital-chez-pepin-plume-lautre-distribution\/\",\"url\":\"https:\/\/www.grandsformats.com\/2026\/03\/le-mirifique-orchestra-sortie-dalbum-le-24-avril-cd-digital-chez-pepin-plume-lautre-distribution\/\",\"name\":\"Le Mirifique Orchestra : Sortie d'album le 24 avril (CD\/ digital) chez P\u00e9pin Plume \/ L'Autre Distribution - Site officiel de la f\u00e9d\u00e9ration Grands Formats\",\"isPartOf\":{\"@id\":\"https:\/\/www.grandsformats.com\/#website\"},\"primaryImageOfPage\":{\"@id\":\"https:\/\/www.grandsformats.com\/2026\/03\/le-mirifique-orchestra-sortie-dalbum-le-24-avril-cd-digital-chez-pepin-plume-lautre-distribution\/#primaryimage\"},\"image\":{\"@id\":\"https:\/\/www.grandsformats.com\/2026\/03\/le-mirifique-orchestra-sortie-dalbum-le-24-avril-cd-digital-chez-pepin-plume-lautre-distribution\/#primaryimage\"},\"thumbnailUrl\":\"https:\/\/www.grandsformats.com\/wp-content\/uploads\/2026\/03\/169cover-LesTableaux_LegrosCube-HDBeatrice-Menuel-JeanDepagne.png\",\"datePublished\":\"2026-03-30T11:48:04+00:00\",\"description\":\"Chaque tableau forme une micro-histoire, un fragment d\u2019univers, \u00e0 la fois absurde, po\u00e9tique et profond\u00e9ment narratif. Les Tableaux...\",\"breadcrumb\":{\"@id\":\"https:\/\/www.grandsformats.com\/2026\/03\/le-mirifique-orchestra-sortie-dalbum-le-24-avril-cd-digital-chez-pepin-plume-lautre-distribution\/#breadcrumb\"},\"inLanguage\":\"en-US\",\"potentialAction\":[{\"@type\":\"ReadAction\",\"target\":[\"https:\/\/www.grandsformats.com\/2026\/03\/le-mirifique-orchestra-sortie-dalbum-le-24-avril-cd-digital-chez-pepin-plume-lautre-distribution\/\"]}]},{\"@type\":\"ImageObject\",\"inLanguage\":\"en-US\",\"@id\":\"https:\/\/www.grandsformats.com\/2026\/03\/le-mirifique-orchestra-sortie-dalbum-le-24-avril-cd-digital-chez-pepin-plume-lautre-distribution\/#primaryimage\",\"url\":\"https:\/\/www.grandsformats.com\/wp-content\/uploads\/2026\/03\/169cover-LesTableaux_LegrosCube-HDBeatrice-Menuel-JeanDepagne.png\",\"contentUrl\":\"https:\/\/www.grandsformats.com\/wp-content\/uploads\/2026\/03\/169cover-LesTableaux_LegrosCube-HDBeatrice-Menuel-JeanDepagne.png\",\"width\":1782,\"height\":1002},{\"@type\":\"BreadcrumbList\",\"@id\":\"https:\/\/www.grandsformats.com\/2026\/03\/le-mirifique-orchestra-sortie-dalbum-le-24-avril-cd-digital-chez-pepin-plume-lautre-distribution\/#breadcrumb\",\"itemListElement\":[{\"@type\":\"ListItem\",\"position\":1,\"name\":\"Accueil\",\"item\":\"https:\/\/www.grandsformats.com\/en\/\"},{\"@type\":\"ListItem\",\"position\":2,\"name\":\"Le Mirifique Orchestra : Sortie d&rsquo;album le 24 avril (CD\/ digital) chez P\u00e9pin Plume \/ L&rsquo;Autre Distribution\"}]},{\"@type\":\"WebSite\",\"@id\":\"https:\/\/www.grandsformats.com\/#website\",\"url\":\"https:\/\/www.grandsformats.com\/\",\"name\":\"Site officiel de la f\u00e9d\u00e9ration Grands Formats\",\"description\":\"F\u00e9d\u00e9ration d&#039;artistes pour la musique en grand !\",\"publisher\":{\"@id\":\"https:\/\/www.grandsformats.com\/#organization\"},\"potentialAction\":[{\"@type\":\"SearchAction\",\"target\":{\"@type\":\"EntryPoint\",\"urlTemplate\":\"https:\/\/www.grandsformats.com\/?s={search_term_string}\"},\"query-input\":{\"@type\":\"PropertyValueSpecification\",\"valueRequired\":true,\"valueName\":\"search_term_string\"}}],\"inLanguage\":\"en-US\"},{\"@type\":\"Organization\",\"@id\":\"https:\/\/www.grandsformats.com\/#organization\",\"name\":\"Grands Formats\",\"url\":\"https:\/\/www.grandsformats.com\/\",\"logo\":{\"@type\":\"ImageObject\",\"inLanguage\":\"en-US\",\"@id\":\"https:\/\/www.grandsformats.com\/#\/schema\/logo\/image\/\",\"url\":\"https:\/\/www.grandsformats.com\/wp-content\/uploads\/2020\/03\/logo-GF-200.png\",\"contentUrl\":\"https:\/\/www.grandsformats.com\/wp-content\/uploads\/2020\/03\/logo-GF-200.png\",\"width\":155,\"height\":200,\"caption\":\"Grands Formats\"},\"image\":{\"@id\":\"https:\/\/www.grandsformats.com\/#\/schema\/logo\/image\/\"},\"sameAs\":[\"https:\/\/www.facebook.com\/grandsformats\/\",\"https:\/\/x.com\/GrandsFormatsGF\",\"https:\/\/www.instagram.com\/grandsformats\/\",\"https:\/\/www.youtube.com\/channel\/UCJ7k9dbqc_DG-nxI3WMPvhw?view_as=subscriberhttps:\/\/www.youtube.com\/channel\/UCJ7k9dbqc_DG-nxI3WMPvhw?view_as=subscriber\"]},{\"@type\":\"Person\",\"@id\":\"https:\/\/www.grandsformats.com\/#\/schema\/person\/56c2866069b6967b2c7becd25c9b4dbb\",\"name\":\"Laura Hanequand - Grands Formats\",\"image\":{\"@type\":\"ImageObject\",\"inLanguage\":\"en-US\",\"@id\":\"https:\/\/www.grandsformats.com\/#\/schema\/person\/image\/\",\"url\":\"https:\/\/secure.gravatar.com\/avatar\/6d52edecb86835c2b7e81a2cdb8965ae325b4045b44f9043177428c622c06643?s=96&d=mm&r=g\",\"contentUrl\":\"https:\/\/secure.gravatar.com\/avatar\/6d52edecb86835c2b7e81a2cdb8965ae325b4045b44f9043177428c622c06643?s=96&d=mm&r=g\",\"caption\":\"Laura Hanequand - Grands Formats\"},\"url\":\"https:\/\/www.grandsformats.com\/en\/author\/lauragrandsformats-com\/\"}]}<\/script>\n<!-- \/ Yoast SEO plugin. -->","yoast_head_json":{"title":"Le Mirifique Orchestra : Sortie d'album le 24 avril (CD\/ digital) chez P\u00e9pin Plume \/ L'Autre Distribution - Site officiel de la f\u00e9d\u00e9ration Grands Formats","description":"Chaque tableau forme une micro-histoire, un fragment d\u2019univers, \u00e0 la fois absurde, po\u00e9tique et profond\u00e9ment narratif. Les Tableaux...","robots":{"index":"index","follow":"follow","max-snippet":"max-snippet:-1","max-image-preview":"max-image-preview:large","max-video-preview":"max-video-preview:-1"},"canonical":"https:\/\/www.grandsformats.com\/2026\/03\/le-mirifique-orchestra-sortie-dalbum-le-24-avril-cd-digital-chez-pepin-plume-lautre-distribution\/","og_locale":"en_US","og_type":"article","og_title":"Le Mirifique Orchestra : Sortie d'album le 24 avril (CD\/ digital) chez P\u00e9pin Plume \/ L'Autre Distribution - Site officiel de la f\u00e9d\u00e9ration Grands Formats","og_description":"Chaque tableau forme une micro-histoire, un fragment d\u2019univers, \u00e0 la fois absurde, po\u00e9tique et profond\u00e9ment narratif. Les Tableaux...","og_url":"https:\/\/www.grandsformats.com\/2026\/03\/le-mirifique-orchestra-sortie-dalbum-le-24-avril-cd-digital-chez-pepin-plume-lautre-distribution\/","og_site_name":"Site officiel de la f\u00e9d\u00e9ration Grands Formats","article_publisher":"https:\/\/www.facebook.com\/grandsformats\/","article_published_time":"2026-03-30T11:48:04+00:00","og_image":[{"width":1782,"height":1002,"url":"https:\/\/www.grandsformats.com\/wp-content\/uploads\/2026\/03\/169cover-LesTableaux_LegrosCube-HDBeatrice-Menuel-JeanDepagne.png","type":"image\/png"}],"author":"Laura Hanequand - Grands Formats","twitter_card":"summary_large_image","twitter_creator":"@GrandsFormatsGF","twitter_site":"@GrandsFormatsGF","twitter_misc":{"Written by":"Laura Hanequand - Grands Formats","Est. reading time":"1 minute"},"schema":{"@context":"https:\/\/schema.org","@graph":[{"@type":"Article","@id":"https:\/\/www.grandsformats.com\/2026\/03\/le-mirifique-orchestra-sortie-dalbum-le-24-avril-cd-digital-chez-pepin-plume-lautre-distribution\/#article","isPartOf":{"@id":"https:\/\/www.grandsformats.com\/2026\/03\/le-mirifique-orchestra-sortie-dalbum-le-24-avril-cd-digital-chez-pepin-plume-lautre-distribution\/"},"author":{"name":"Laura Hanequand - Grands Formats","@id":"https:\/\/www.grandsformats.com\/#\/schema\/person\/56c2866069b6967b2c7becd25c9b4dbb"},"headline":"Le Mirifique Orchestra : Sortie d&#8217;album le 24 avril (CD\/ digital) chez P\u00e9pin Plume \/ L&#8217;Autre Distribution","datePublished":"2026-03-30T11:48:04+00:00","mainEntityOfPage":{"@id":"https:\/\/www.grandsformats.com\/2026\/03\/le-mirifique-orchestra-sortie-dalbum-le-24-avril-cd-digital-chez-pepin-plume-lautre-distribution\/"},"wordCount":129,"commentCount":0,"publisher":{"@id":"https:\/\/www.grandsformats.com\/#organization"},"image":{"@id":"https:\/\/www.grandsformats.com\/2026\/03\/le-mirifique-orchestra-sortie-dalbum-le-24-avril-cd-digital-chez-pepin-plume-lautre-distribution\/#primaryimage"},"thumbnailUrl":"https:\/\/www.grandsformats.com\/wp-content\/uploads\/2026\/03\/169cover-LesTableaux_LegrosCube-HDBeatrice-Menuel-JeanDepagne.png","articleSection":["Actus des membres","Le Mirifique Orchestra"],"inLanguage":"en-US","potentialAction":[{"@type":"CommentAction","name":"Comment","target":["https:\/\/www.grandsformats.com\/2026\/03\/le-mirifique-orchestra-sortie-dalbum-le-24-avril-cd-digital-chez-pepin-plume-lautre-distribution\/#respond"]}]},{"@type":"WebPage","@id":"https:\/\/www.grandsformats.com\/2026\/03\/le-mirifique-orchestra-sortie-dalbum-le-24-avril-cd-digital-chez-pepin-plume-lautre-distribution\/","url":"https:\/\/www.grandsformats.com\/2026\/03\/le-mirifique-orchestra-sortie-dalbum-le-24-avril-cd-digital-chez-pepin-plume-lautre-distribution\/","name":"Le Mirifique Orchestra : Sortie d'album le 24 avril (CD\/ digital) chez P\u00e9pin Plume \/ L'Autre Distribution - Site officiel de la f\u00e9d\u00e9ration Grands Formats","isPartOf":{"@id":"https:\/\/www.grandsformats.com\/#website"},"primaryImageOfPage":{"@id":"https:\/\/www.grandsformats.com\/2026\/03\/le-mirifique-orchestra-sortie-dalbum-le-24-avril-cd-digital-chez-pepin-plume-lautre-distribution\/#primaryimage"},"image":{"@id":"https:\/\/www.grandsformats.com\/2026\/03\/le-mirifique-orchestra-sortie-dalbum-le-24-avril-cd-digital-chez-pepin-plume-lautre-distribution\/#primaryimage"},"thumbnailUrl":"https:\/\/www.grandsformats.com\/wp-content\/uploads\/2026\/03\/169cover-LesTableaux_LegrosCube-HDBeatrice-Menuel-JeanDepagne.png","datePublished":"2026-03-30T11:48:04+00:00","description":"Chaque tableau forme une micro-histoire, un fragment d\u2019univers, \u00e0 la fois absurde, po\u00e9tique et profond\u00e9ment narratif. Les Tableaux...","breadcrumb":{"@id":"https:\/\/www.grandsformats.com\/2026\/03\/le-mirifique-orchestra-sortie-dalbum-le-24-avril-cd-digital-chez-pepin-plume-lautre-distribution\/#breadcrumb"},"inLanguage":"en-US","potentialAction":[{"@type":"ReadAction","target":["https:\/\/www.grandsformats.com\/2026\/03\/le-mirifique-orchestra-sortie-dalbum-le-24-avril-cd-digital-chez-pepin-plume-lautre-distribution\/"]}]},{"@type":"ImageObject","inLanguage":"en-US","@id":"https:\/\/www.grandsformats.com\/2026\/03\/le-mirifique-orchestra-sortie-dalbum-le-24-avril-cd-digital-chez-pepin-plume-lautre-distribution\/#primaryimage","url":"https:\/\/www.grandsformats.com\/wp-content\/uploads\/2026\/03\/169cover-LesTableaux_LegrosCube-HDBeatrice-Menuel-JeanDepagne.png","contentUrl":"https:\/\/www.grandsformats.com\/wp-content\/uploads\/2026\/03\/169cover-LesTableaux_LegrosCube-HDBeatrice-Menuel-JeanDepagne.png","width":1782,"height":1002},{"@type":"BreadcrumbList","@id":"https:\/\/www.grandsformats.com\/2026\/03\/le-mirifique-orchestra-sortie-dalbum-le-24-avril-cd-digital-chez-pepin-plume-lautre-distribution\/#breadcrumb","itemListElement":[{"@type":"ListItem","position":1,"name":"Accueil","item":"https:\/\/www.grandsformats.com\/en\/"},{"@type":"ListItem","position":2,"name":"Le Mirifique Orchestra : Sortie d&rsquo;album le 24 avril (CD\/ digital) chez P\u00e9pin Plume \/ L&rsquo;Autre Distribution"}]},{"@type":"WebSite","@id":"https:\/\/www.grandsformats.com\/#website","url":"https:\/\/www.grandsformats.com\/","name":"Site officiel de la f\u00e9d\u00e9ration Grands Formats","description":"F\u00e9d\u00e9ration d&#039;artistes pour la musique en grand !","publisher":{"@id":"https:\/\/www.grandsformats.com\/#organization"},"potentialAction":[{"@type":"SearchAction","target":{"@type":"EntryPoint","urlTemplate":"https:\/\/www.grandsformats.com\/?s={search_term_string}"},"query-input":{"@type":"PropertyValueSpecification","valueRequired":true,"valueName":"search_term_string"}}],"inLanguage":"en-US"},{"@type":"Organization","@id":"https:\/\/www.grandsformats.com\/#organization","name":"Grands Formats","url":"https:\/\/www.grandsformats.com\/","logo":{"@type":"ImageObject","inLanguage":"en-US","@id":"https:\/\/www.grandsformats.com\/#\/schema\/logo\/image\/","url":"https:\/\/www.grandsformats.com\/wp-content\/uploads\/2020\/03\/logo-GF-200.png","contentUrl":"https:\/\/www.grandsformats.com\/wp-content\/uploads\/2020\/03\/logo-GF-200.png","width":155,"height":200,"caption":"Grands Formats"},"image":{"@id":"https:\/\/www.grandsformats.com\/#\/schema\/logo\/image\/"},"sameAs":["https:\/\/www.facebook.com\/grandsformats\/","https:\/\/x.com\/GrandsFormatsGF","https:\/\/www.instagram.com\/grandsformats\/","https:\/\/www.youtube.com\/channel\/UCJ7k9dbqc_DG-nxI3WMPvhw?view_as=subscriberhttps:\/\/www.youtube.com\/channel\/UCJ7k9dbqc_DG-nxI3WMPvhw?view_as=subscriber"]},{"@type":"Person","@id":"https:\/\/www.grandsformats.com\/#\/schema\/person\/56c2866069b6967b2c7becd25c9b4dbb","name":"Laura Hanequand - Grands Formats","image":{"@type":"ImageObject","inLanguage":"en-US","@id":"https:\/\/www.grandsformats.com\/#\/schema\/person\/image\/","url":"https:\/\/secure.gravatar.com\/avatar\/6d52edecb86835c2b7e81a2cdb8965ae325b4045b44f9043177428c622c06643?s=96&d=mm&r=g","contentUrl":"https:\/\/secure.gravatar.com\/avatar\/6d52edecb86835c2b7e81a2cdb8965ae325b4045b44f9043177428c622c06643?s=96&d=mm&r=g","caption":"Laura Hanequand - Grands Formats"},"url":"https:\/\/www.grandsformats.com\/en\/author\/lauragrandsformats-com\/"}]}},"_links":{"self":[{"href":"https:\/\/www.grandsformats.com\/en\/wp-json\/wp\/v2\/posts\/34494","targetHints":{"allow":["GET"]}}],"collection":[{"href":"https:\/\/www.grandsformats.com\/en\/wp-json\/wp\/v2\/posts"}],"about":[{"href":"https:\/\/www.grandsformats.com\/en\/wp-json\/wp\/v2\/types\/post"}],"author":[{"embeddable":true,"href":"https:\/\/www.grandsformats.com\/en\/wp-json\/wp\/v2\/users\/161"}],"replies":[{"embeddable":true,"href":"https:\/\/www.grandsformats.com\/en\/wp-json\/wp\/v2\/comments?post=34494"}],"version-history":[{"count":2,"href":"https:\/\/www.grandsformats.com\/en\/wp-json\/wp\/v2\/posts\/34494\/revisions"}],"predecessor-version":[{"id":34502,"href":"https:\/\/www.grandsformats.com\/en\/wp-json\/wp\/v2\/posts\/34494\/revisions\/34502"}],"wp:featuredmedia":[{"embeddable":true,"href":"https:\/\/www.grandsformats.com\/en\/wp-json\/wp\/v2\/media\/34499"}],"wp:attachment":[{"href":"https:\/\/www.grandsformats.com\/en\/wp-json\/wp\/v2\/media?parent=34494"}],"wp:term":[{"taxonomy":"category","embeddable":true,"href":"https:\/\/www.grandsformats.com\/en\/wp-json\/wp\/v2\/categories?post=34494"},{"taxonomy":"post_tag","embeddable":true,"href":"https:\/\/www.grandsformats.com\/en\/wp-json\/wp\/v2\/tags?post=34494"}],"curies":[{"name":"wp","href":"https:\/\/api.w.org\/{rel}","templated":true}]}}