{"id":34433,"date":"2026-03-27T11:06:05","date_gmt":"2026-03-27T10:06:05","guid":{"rendered":"https:\/\/www.grandsformats.com\/?p=34433"},"modified":"2026-03-27T11:09:02","modified_gmt":"2026-03-27T10:09:02","slug":"orchestre-danzas-de-jean-marie-machado-enregistrement-de-la-falaise-des-lendemains-a-la-buissonne","status":"publish","type":"post","link":"https:\/\/www.grandsformats.com\/en\/2026\/03\/orchestre-danzas-de-jean-marie-machado-enregistrement-de-la-falaise-des-lendemains-a-la-buissonne\/","title":{"rendered":"Orchestre Danzas de Jean-Marie Machado : Enregistrement de La Falaise des lendemains \u00e0 La Buissonne"},"content":{"rendered":"<p>Apr\u00e8s le succ\u00e8s des repr\u00e9sentations lors de la saison 2024-2025, le premier op\u00e9ra de Jean-Marie Machado\u00a0<em>La Falaise des lendemains<\/em>\u00a0part dans les studios d\u2019enregistrement de G\u00e9rard de Haro \u00e0 La Buissonne. La partie instrumentale ayant d\u00e9j\u00e0 \u00e9t\u00e9 enregistr\u00e9e \u00e0 l\u2019automne 2025, c\u2019est au tour de nos 8 chanteuses et chanteurs de venir \u00e0 Pernes-les-Fontaines fin avril pour une premi\u00e8re session d\u2019enregistrement. M\u00ealant titres int\u00e9gralement instrumentaux et titres chant\u00e9s, le disque sera disponible en 2028.<\/p>\n<p><iframe loading=\"lazy\" title=\"TEASER La Falaise des lendemains - Jean-Marie Machado\" width=\"1140\" height=\"641\" src=\"https:\/\/www.youtube.com\/embed\/7K15SJh1JOU?feature=oembed\" frameborder=\"0\" allow=\"accelerometer; autoplay; clipboard-write; encrypted-media; gyroscope; picture-in-picture; web-share\" referrerpolicy=\"strict-origin-when-cross-origin\" allowfullscreen><\/iframe><\/p>\n<p><span style=\"font-size: 10pt;\">\u00a9 Denis Rideau<\/span><\/p>\n","protected":false},"excerpt":{"rendered":"<p>Apr\u00e8s le succ\u00e8s des repr\u00e9sentations lors de la saison 2024-2025, le premier op\u00e9ra de Jean-Marie Machado\u00a0La Falaise des lendemains\u00a0part dans les studios d\u2019enregistrement de G\u00e9rard de Haro \u00e0 La Buissonne. La partie instrumentale ayant d\u00e9j\u00e0 \u00e9t\u00e9 enregistr\u00e9e \u00e0 l\u2019automne 2025, c\u2019est au tour de nos 8 chanteuses et chanteurs de venir \u00e0 Pernes-les-Fontaines fin avril&#8230;<\/p>\n<p><a rel=\"bookmark\" class=\"theme-button-text wvc-button wvc-button-size-xs\" href=\"https:\/\/www.grandsformats.com\/en\/2026\/03\/orchestre-danzas-de-jean-marie-machado-enregistrement-de-la-falaise-des-lendemains-a-la-buissonne\/\"><small class=\"wvc-button-background-fill\"><\/small><span>Continue reading<\/span><\/a><\/p>\n","protected":false},"author":161,"featured_media":34436,"comment_status":"open","ping_status":"open","sticky":false,"template":"","format":"standard","meta":{"_acf_changed":false,"footnotes":""},"categories":[95,861],"tags":[],"class_list":["post-34433","post","type-post","status-publish","format-standard","has-post-thumbnail","hentry","category-membres","category-jean-marie-machado-orchestre-danzas","entry-post-skin-light","entry","clearfix","entry-grid","entry-columns-default","entry-post-module-layout-sidebar-right","thumbnail-color-tone-dark","metro-landscape","is-youtube","has-video","entry-post","entry-masonry","entry-post-masonry"],"acf":[],"yoast_head":"<!-- This site is optimized with the Yoast SEO plugin v25.8 - https:\/\/yoast.com\/wordpress\/plugins\/seo\/ -->\n<title>Orchestre Danzas de Jean-Marie Machado : Enregistrement de La Falaise des lendemains \u00e0 La Buissonne - Site officiel de la f\u00e9d\u00e9ration Grands Formats<\/title>\n<meta name=\"description\" content=\"Apr\u00e8s le succ\u00e8s des repr\u00e9sentations lors de la saison 2024-2025, le premier op\u00e9ra de Jean-Marie Machado\u00a0La Falaise des lendemains...\" \/>\n<meta name=\"robots\" content=\"index, follow, max-snippet:-1, max-image-preview:large, max-video-preview:-1\" \/>\n<link rel=\"canonical\" href=\"https:\/\/www.grandsformats.com\/2026\/03\/orchestre-danzas-de-jean-marie-machado-enregistrement-de-la-falaise-des-lendemains-a-la-buissonne\/\" \/>\n<meta property=\"og:locale\" content=\"en_US\" \/>\n<meta property=\"og:type\" content=\"article\" \/>\n<meta property=\"og:title\" content=\"Orchestre Danzas de Jean-Marie Machado : Enregistrement de La Falaise des lendemains \u00e0 La Buissonne - Site officiel de la f\u00e9d\u00e9ration Grands Formats\" \/>\n<meta property=\"og:description\" content=\"Apr\u00e8s le succ\u00e8s des repr\u00e9sentations lors de la saison 2024-2025, le premier op\u00e9ra de Jean-Marie Machado\u00a0La Falaise des lendemains...\" \/>\n<meta property=\"og:url\" content=\"https:\/\/www.grandsformats.com\/2026\/03\/orchestre-danzas-de-jean-marie-machado-enregistrement-de-la-falaise-des-lendemains-a-la-buissonne\/\" \/>\n<meta property=\"og:site_name\" content=\"Site officiel de la f\u00e9d\u00e9ration Grands Formats\" \/>\n<meta property=\"article:publisher\" content=\"https:\/\/www.facebook.com\/grandsformats\/\" \/>\n<meta property=\"article:published_time\" content=\"2026-03-27T10:06:05+00:00\" \/>\n<meta property=\"article:modified_time\" content=\"2026-03-27T10:09:02+00:00\" \/>\n<meta property=\"og:image\" content=\"https:\/\/www.grandsformats.com\/wp-content\/uploads\/2026\/03\/169jmmachado.png\" \/>\n\t<meta property=\"og:image:width\" content=\"1445\" \/>\n\t<meta property=\"og:image:height\" content=\"813\" \/>\n\t<meta property=\"og:image:type\" content=\"image\/png\" \/>\n<meta name=\"author\" content=\"Laura Hanequand - Grands Formats\" \/>\n<meta name=\"twitter:card\" content=\"summary_large_image\" \/>\n<meta name=\"twitter:creator\" content=\"@GrandsFormatsGF\" \/>\n<meta name=\"twitter:site\" content=\"@GrandsFormatsGF\" \/>\n<meta name=\"twitter:label1\" content=\"Written by\" \/>\n\t<meta name=\"twitter:data1\" content=\"Laura Hanequand - Grands Formats\" \/>\n\t<meta name=\"twitter:label2\" content=\"Est. reading time\" \/>\n\t<meta name=\"twitter:data2\" content=\"1 minute\" \/>\n<script type=\"application\/ld+json\" class=\"yoast-schema-graph\">{\"@context\":\"https:\/\/schema.org\",\"@graph\":[{\"@type\":\"Article\",\"@id\":\"https:\/\/www.grandsformats.com\/2026\/03\/orchestre-danzas-de-jean-marie-machado-enregistrement-de-la-falaise-des-lendemains-a-la-buissonne\/#article\",\"isPartOf\":{\"@id\":\"https:\/\/www.grandsformats.com\/2026\/03\/orchestre-danzas-de-jean-marie-machado-enregistrement-de-la-falaise-des-lendemains-a-la-buissonne\/\"},\"author\":{\"name\":\"Laura Hanequand - Grands Formats\",\"@id\":\"https:\/\/www.grandsformats.com\/#\/schema\/person\/56c2866069b6967b2c7becd25c9b4dbb\"},\"headline\":\"Orchestre Danzas de Jean-Marie Machado : Enregistrement de La Falaise des lendemains \u00e0 La Buissonne\",\"datePublished\":\"2026-03-27T10:06:05+00:00\",\"dateModified\":\"2026-03-27T10:09:02+00:00\",\"mainEntityOfPage\":{\"@id\":\"https:\/\/www.grandsformats.com\/2026\/03\/orchestre-danzas-de-jean-marie-machado-enregistrement-de-la-falaise-des-lendemains-a-la-buissonne\/\"},\"wordCount\":108,\"commentCount\":0,\"publisher\":{\"@id\":\"https:\/\/www.grandsformats.com\/#organization\"},\"image\":{\"@id\":\"https:\/\/www.grandsformats.com\/2026\/03\/orchestre-danzas-de-jean-marie-machado-enregistrement-de-la-falaise-des-lendemains-a-la-buissonne\/#primaryimage\"},\"thumbnailUrl\":\"https:\/\/www.grandsformats.com\/wp-content\/uploads\/2026\/03\/169jmmachado.png\",\"articleSection\":[\"Actus des membres\",\"Jean Marie Machado Orchestre Danzas\"],\"inLanguage\":\"en-US\",\"potentialAction\":[{\"@type\":\"CommentAction\",\"name\":\"Comment\",\"target\":[\"https:\/\/www.grandsformats.com\/2026\/03\/orchestre-danzas-de-jean-marie-machado-enregistrement-de-la-falaise-des-lendemains-a-la-buissonne\/#respond\"]}]},{\"@type\":\"WebPage\",\"@id\":\"https:\/\/www.grandsformats.com\/2026\/03\/orchestre-danzas-de-jean-marie-machado-enregistrement-de-la-falaise-des-lendemains-a-la-buissonne\/\",\"url\":\"https:\/\/www.grandsformats.com\/2026\/03\/orchestre-danzas-de-jean-marie-machado-enregistrement-de-la-falaise-des-lendemains-a-la-buissonne\/\",\"name\":\"Orchestre Danzas de Jean-Marie Machado : Enregistrement de La Falaise des lendemains \u00e0 La Buissonne - Site officiel de la f\u00e9d\u00e9ration Grands Formats\",\"isPartOf\":{\"@id\":\"https:\/\/www.grandsformats.com\/#website\"},\"primaryImageOfPage\":{\"@id\":\"https:\/\/www.grandsformats.com\/2026\/03\/orchestre-danzas-de-jean-marie-machado-enregistrement-de-la-falaise-des-lendemains-a-la-buissonne\/#primaryimage\"},\"image\":{\"@id\":\"https:\/\/www.grandsformats.com\/2026\/03\/orchestre-danzas-de-jean-marie-machado-enregistrement-de-la-falaise-des-lendemains-a-la-buissonne\/#primaryimage\"},\"thumbnailUrl\":\"https:\/\/www.grandsformats.com\/wp-content\/uploads\/2026\/03\/169jmmachado.png\",\"datePublished\":\"2026-03-27T10:06:05+00:00\",\"dateModified\":\"2026-03-27T10:09:02+00:00\",\"description\":\"Apr\u00e8s le succ\u00e8s des repr\u00e9sentations lors de la saison 2024-2025, le premier op\u00e9ra de Jean-Marie Machado\u00a0La Falaise des lendemains...\",\"breadcrumb\":{\"@id\":\"https:\/\/www.grandsformats.com\/2026\/03\/orchestre-danzas-de-jean-marie-machado-enregistrement-de-la-falaise-des-lendemains-a-la-buissonne\/#breadcrumb\"},\"inLanguage\":\"en-US\",\"potentialAction\":[{\"@type\":\"ReadAction\",\"target\":[\"https:\/\/www.grandsformats.com\/2026\/03\/orchestre-danzas-de-jean-marie-machado-enregistrement-de-la-falaise-des-lendemains-a-la-buissonne\/\"]}]},{\"@type\":\"ImageObject\",\"inLanguage\":\"en-US\",\"@id\":\"https:\/\/www.grandsformats.com\/2026\/03\/orchestre-danzas-de-jean-marie-machado-enregistrement-de-la-falaise-des-lendemains-a-la-buissonne\/#primaryimage\",\"url\":\"https:\/\/www.grandsformats.com\/wp-content\/uploads\/2026\/03\/169jmmachado.png\",\"contentUrl\":\"https:\/\/www.grandsformats.com\/wp-content\/uploads\/2026\/03\/169jmmachado.png\",\"width\":1445,\"height\":813,\"caption\":\"Jean Marie Machado\"},{\"@type\":\"BreadcrumbList\",\"@id\":\"https:\/\/www.grandsformats.com\/2026\/03\/orchestre-danzas-de-jean-marie-machado-enregistrement-de-la-falaise-des-lendemains-a-la-buissonne\/#breadcrumb\",\"itemListElement\":[{\"@type\":\"ListItem\",\"position\":1,\"name\":\"Accueil\",\"item\":\"https:\/\/www.grandsformats.com\/en\/\"},{\"@type\":\"ListItem\",\"position\":2,\"name\":\"Orchestre Danzas de Jean-Marie Machado : Enregistrement de La Falaise des lendemains \u00e0 La Buissonne\"}]},{\"@type\":\"WebSite\",\"@id\":\"https:\/\/www.grandsformats.com\/#website\",\"url\":\"https:\/\/www.grandsformats.com\/\",\"name\":\"Site officiel de la f\u00e9d\u00e9ration Grands Formats\",\"description\":\"F\u00e9d\u00e9ration d&#039;artistes pour la musique en grand !\",\"publisher\":{\"@id\":\"https:\/\/www.grandsformats.com\/#organization\"},\"potentialAction\":[{\"@type\":\"SearchAction\",\"target\":{\"@type\":\"EntryPoint\",\"urlTemplate\":\"https:\/\/www.grandsformats.com\/?s={search_term_string}\"},\"query-input\":{\"@type\":\"PropertyValueSpecification\",\"valueRequired\":true,\"valueName\":\"search_term_string\"}}],\"inLanguage\":\"en-US\"},{\"@type\":\"Organization\",\"@id\":\"https:\/\/www.grandsformats.com\/#organization\",\"name\":\"Grands Formats\",\"url\":\"https:\/\/www.grandsformats.com\/\",\"logo\":{\"@type\":\"ImageObject\",\"inLanguage\":\"en-US\",\"@id\":\"https:\/\/www.grandsformats.com\/#\/schema\/logo\/image\/\",\"url\":\"https:\/\/www.grandsformats.com\/wp-content\/uploads\/2020\/03\/logo-GF-200.png\",\"contentUrl\":\"https:\/\/www.grandsformats.com\/wp-content\/uploads\/2020\/03\/logo-GF-200.png\",\"width\":155,\"height\":200,\"caption\":\"Grands Formats\"},\"image\":{\"@id\":\"https:\/\/www.grandsformats.com\/#\/schema\/logo\/image\/\"},\"sameAs\":[\"https:\/\/www.facebook.com\/grandsformats\/\",\"https:\/\/x.com\/GrandsFormatsGF\",\"https:\/\/www.instagram.com\/grandsformats\/\",\"https:\/\/www.youtube.com\/channel\/UCJ7k9dbqc_DG-nxI3WMPvhw?view_as=subscriberhttps:\/\/www.youtube.com\/channel\/UCJ7k9dbqc_DG-nxI3WMPvhw?view_as=subscriber\"]},{\"@type\":\"Person\",\"@id\":\"https:\/\/www.grandsformats.com\/#\/schema\/person\/56c2866069b6967b2c7becd25c9b4dbb\",\"name\":\"Laura Hanequand - Grands Formats\",\"image\":{\"@type\":\"ImageObject\",\"inLanguage\":\"en-US\",\"@id\":\"https:\/\/www.grandsformats.com\/#\/schema\/person\/image\/\",\"url\":\"https:\/\/secure.gravatar.com\/avatar\/6d52edecb86835c2b7e81a2cdb8965ae325b4045b44f9043177428c622c06643?s=96&d=mm&r=g\",\"contentUrl\":\"https:\/\/secure.gravatar.com\/avatar\/6d52edecb86835c2b7e81a2cdb8965ae325b4045b44f9043177428c622c06643?s=96&d=mm&r=g\",\"caption\":\"Laura Hanequand - Grands Formats\"},\"url\":\"https:\/\/www.grandsformats.com\/en\/author\/lauragrandsformats-com\/\"}]}<\/script>\n<!-- \/ Yoast SEO plugin. -->","yoast_head_json":{"title":"Orchestre Danzas de Jean-Marie Machado : Enregistrement de La Falaise des lendemains \u00e0 La Buissonne - Site officiel de la f\u00e9d\u00e9ration Grands Formats","description":"Apr\u00e8s le succ\u00e8s des repr\u00e9sentations lors de la saison 2024-2025, le premier op\u00e9ra de Jean-Marie Machado\u00a0La Falaise des lendemains...","robots":{"index":"index","follow":"follow","max-snippet":"max-snippet:-1","max-image-preview":"max-image-preview:large","max-video-preview":"max-video-preview:-1"},"canonical":"https:\/\/www.grandsformats.com\/2026\/03\/orchestre-danzas-de-jean-marie-machado-enregistrement-de-la-falaise-des-lendemains-a-la-buissonne\/","og_locale":"en_US","og_type":"article","og_title":"Orchestre Danzas de Jean-Marie Machado : Enregistrement de La Falaise des lendemains \u00e0 La Buissonne - Site officiel de la f\u00e9d\u00e9ration Grands Formats","og_description":"Apr\u00e8s le succ\u00e8s des repr\u00e9sentations lors de la saison 2024-2025, le premier op\u00e9ra de Jean-Marie Machado\u00a0La Falaise des lendemains...","og_url":"https:\/\/www.grandsformats.com\/2026\/03\/orchestre-danzas-de-jean-marie-machado-enregistrement-de-la-falaise-des-lendemains-a-la-buissonne\/","og_site_name":"Site officiel de la f\u00e9d\u00e9ration Grands Formats","article_publisher":"https:\/\/www.facebook.com\/grandsformats\/","article_published_time":"2026-03-27T10:06:05+00:00","article_modified_time":"2026-03-27T10:09:02+00:00","og_image":[{"width":1445,"height":813,"url":"https:\/\/www.grandsformats.com\/wp-content\/uploads\/2026\/03\/169jmmachado.png","type":"image\/png"}],"author":"Laura Hanequand - Grands Formats","twitter_card":"summary_large_image","twitter_creator":"@GrandsFormatsGF","twitter_site":"@GrandsFormatsGF","twitter_misc":{"Written by":"Laura Hanequand - Grands Formats","Est. reading time":"1 minute"},"schema":{"@context":"https:\/\/schema.org","@graph":[{"@type":"Article","@id":"https:\/\/www.grandsformats.com\/2026\/03\/orchestre-danzas-de-jean-marie-machado-enregistrement-de-la-falaise-des-lendemains-a-la-buissonne\/#article","isPartOf":{"@id":"https:\/\/www.grandsformats.com\/2026\/03\/orchestre-danzas-de-jean-marie-machado-enregistrement-de-la-falaise-des-lendemains-a-la-buissonne\/"},"author":{"name":"Laura Hanequand - Grands Formats","@id":"https:\/\/www.grandsformats.com\/#\/schema\/person\/56c2866069b6967b2c7becd25c9b4dbb"},"headline":"Orchestre Danzas de Jean-Marie Machado : Enregistrement de La Falaise des lendemains \u00e0 La Buissonne","datePublished":"2026-03-27T10:06:05+00:00","dateModified":"2026-03-27T10:09:02+00:00","mainEntityOfPage":{"@id":"https:\/\/www.grandsformats.com\/2026\/03\/orchestre-danzas-de-jean-marie-machado-enregistrement-de-la-falaise-des-lendemains-a-la-buissonne\/"},"wordCount":108,"commentCount":0,"publisher":{"@id":"https:\/\/www.grandsformats.com\/#organization"},"image":{"@id":"https:\/\/www.grandsformats.com\/2026\/03\/orchestre-danzas-de-jean-marie-machado-enregistrement-de-la-falaise-des-lendemains-a-la-buissonne\/#primaryimage"},"thumbnailUrl":"https:\/\/www.grandsformats.com\/wp-content\/uploads\/2026\/03\/169jmmachado.png","articleSection":["Actus des membres","Jean Marie Machado Orchestre Danzas"],"inLanguage":"en-US","potentialAction":[{"@type":"CommentAction","name":"Comment","target":["https:\/\/www.grandsformats.com\/2026\/03\/orchestre-danzas-de-jean-marie-machado-enregistrement-de-la-falaise-des-lendemains-a-la-buissonne\/#respond"]}]},{"@type":"WebPage","@id":"https:\/\/www.grandsformats.com\/2026\/03\/orchestre-danzas-de-jean-marie-machado-enregistrement-de-la-falaise-des-lendemains-a-la-buissonne\/","url":"https:\/\/www.grandsformats.com\/2026\/03\/orchestre-danzas-de-jean-marie-machado-enregistrement-de-la-falaise-des-lendemains-a-la-buissonne\/","name":"Orchestre Danzas de Jean-Marie Machado : Enregistrement de La Falaise des lendemains \u00e0 La Buissonne - Site officiel de la f\u00e9d\u00e9ration Grands Formats","isPartOf":{"@id":"https:\/\/www.grandsformats.com\/#website"},"primaryImageOfPage":{"@id":"https:\/\/www.grandsformats.com\/2026\/03\/orchestre-danzas-de-jean-marie-machado-enregistrement-de-la-falaise-des-lendemains-a-la-buissonne\/#primaryimage"},"image":{"@id":"https:\/\/www.grandsformats.com\/2026\/03\/orchestre-danzas-de-jean-marie-machado-enregistrement-de-la-falaise-des-lendemains-a-la-buissonne\/#primaryimage"},"thumbnailUrl":"https:\/\/www.grandsformats.com\/wp-content\/uploads\/2026\/03\/169jmmachado.png","datePublished":"2026-03-27T10:06:05+00:00","dateModified":"2026-03-27T10:09:02+00:00","description":"Apr\u00e8s le succ\u00e8s des repr\u00e9sentations lors de la saison 2024-2025, le premier op\u00e9ra de Jean-Marie Machado\u00a0La Falaise des lendemains...","breadcrumb":{"@id":"https:\/\/www.grandsformats.com\/2026\/03\/orchestre-danzas-de-jean-marie-machado-enregistrement-de-la-falaise-des-lendemains-a-la-buissonne\/#breadcrumb"},"inLanguage":"en-US","potentialAction":[{"@type":"ReadAction","target":["https:\/\/www.grandsformats.com\/2026\/03\/orchestre-danzas-de-jean-marie-machado-enregistrement-de-la-falaise-des-lendemains-a-la-buissonne\/"]}]},{"@type":"ImageObject","inLanguage":"en-US","@id":"https:\/\/www.grandsformats.com\/2026\/03\/orchestre-danzas-de-jean-marie-machado-enregistrement-de-la-falaise-des-lendemains-a-la-buissonne\/#primaryimage","url":"https:\/\/www.grandsformats.com\/wp-content\/uploads\/2026\/03\/169jmmachado.png","contentUrl":"https:\/\/www.grandsformats.com\/wp-content\/uploads\/2026\/03\/169jmmachado.png","width":1445,"height":813,"caption":"Jean Marie Machado"},{"@type":"BreadcrumbList","@id":"https:\/\/www.grandsformats.com\/2026\/03\/orchestre-danzas-de-jean-marie-machado-enregistrement-de-la-falaise-des-lendemains-a-la-buissonne\/#breadcrumb","itemListElement":[{"@type":"ListItem","position":1,"name":"Accueil","item":"https:\/\/www.grandsformats.com\/en\/"},{"@type":"ListItem","position":2,"name":"Orchestre Danzas de Jean-Marie Machado : Enregistrement de La Falaise des lendemains \u00e0 La Buissonne"}]},{"@type":"WebSite","@id":"https:\/\/www.grandsformats.com\/#website","url":"https:\/\/www.grandsformats.com\/","name":"Site officiel de la f\u00e9d\u00e9ration Grands Formats","description":"F\u00e9d\u00e9ration d&#039;artistes pour la musique en grand !","publisher":{"@id":"https:\/\/www.grandsformats.com\/#organization"},"potentialAction":[{"@type":"SearchAction","target":{"@type":"EntryPoint","urlTemplate":"https:\/\/www.grandsformats.com\/?s={search_term_string}"},"query-input":{"@type":"PropertyValueSpecification","valueRequired":true,"valueName":"search_term_string"}}],"inLanguage":"en-US"},{"@type":"Organization","@id":"https:\/\/www.grandsformats.com\/#organization","name":"Grands Formats","url":"https:\/\/www.grandsformats.com\/","logo":{"@type":"ImageObject","inLanguage":"en-US","@id":"https:\/\/www.grandsformats.com\/#\/schema\/logo\/image\/","url":"https:\/\/www.grandsformats.com\/wp-content\/uploads\/2020\/03\/logo-GF-200.png","contentUrl":"https:\/\/www.grandsformats.com\/wp-content\/uploads\/2020\/03\/logo-GF-200.png","width":155,"height":200,"caption":"Grands Formats"},"image":{"@id":"https:\/\/www.grandsformats.com\/#\/schema\/logo\/image\/"},"sameAs":["https:\/\/www.facebook.com\/grandsformats\/","https:\/\/x.com\/GrandsFormatsGF","https:\/\/www.instagram.com\/grandsformats\/","https:\/\/www.youtube.com\/channel\/UCJ7k9dbqc_DG-nxI3WMPvhw?view_as=subscriberhttps:\/\/www.youtube.com\/channel\/UCJ7k9dbqc_DG-nxI3WMPvhw?view_as=subscriber"]},{"@type":"Person","@id":"https:\/\/www.grandsformats.com\/#\/schema\/person\/56c2866069b6967b2c7becd25c9b4dbb","name":"Laura Hanequand - Grands Formats","image":{"@type":"ImageObject","inLanguage":"en-US","@id":"https:\/\/www.grandsformats.com\/#\/schema\/person\/image\/","url":"https:\/\/secure.gravatar.com\/avatar\/6d52edecb86835c2b7e81a2cdb8965ae325b4045b44f9043177428c622c06643?s=96&d=mm&r=g","contentUrl":"https:\/\/secure.gravatar.com\/avatar\/6d52edecb86835c2b7e81a2cdb8965ae325b4045b44f9043177428c622c06643?s=96&d=mm&r=g","caption":"Laura Hanequand - Grands Formats"},"url":"https:\/\/www.grandsformats.com\/en\/author\/lauragrandsformats-com\/"}]}},"_links":{"self":[{"href":"https:\/\/www.grandsformats.com\/en\/wp-json\/wp\/v2\/posts\/34433","targetHints":{"allow":["GET"]}}],"collection":[{"href":"https:\/\/www.grandsformats.com\/en\/wp-json\/wp\/v2\/posts"}],"about":[{"href":"https:\/\/www.grandsformats.com\/en\/wp-json\/wp\/v2\/types\/post"}],"author":[{"embeddable":true,"href":"https:\/\/www.grandsformats.com\/en\/wp-json\/wp\/v2\/users\/161"}],"replies":[{"embeddable":true,"href":"https:\/\/www.grandsformats.com\/en\/wp-json\/wp\/v2\/comments?post=34433"}],"version-history":[{"count":1,"href":"https:\/\/www.grandsformats.com\/en\/wp-json\/wp\/v2\/posts\/34433\/revisions"}],"predecessor-version":[{"id":34438,"href":"https:\/\/www.grandsformats.com\/en\/wp-json\/wp\/v2\/posts\/34433\/revisions\/34438"}],"wp:featuredmedia":[{"embeddable":true,"href":"https:\/\/www.grandsformats.com\/en\/wp-json\/wp\/v2\/media\/34436"}],"wp:attachment":[{"href":"https:\/\/www.grandsformats.com\/en\/wp-json\/wp\/v2\/media?parent=34433"}],"wp:term":[{"taxonomy":"category","embeddable":true,"href":"https:\/\/www.grandsformats.com\/en\/wp-json\/wp\/v2\/categories?post=34433"},{"taxonomy":"post_tag","embeddable":true,"href":"https:\/\/www.grandsformats.com\/en\/wp-json\/wp\/v2\/tags?post=34433"}],"curies":[{"name":"wp","href":"https:\/\/api.w.org\/{rel}","templated":true}]}}