{"id":34429,"date":"2026-03-27T11:01:46","date_gmt":"2026-03-27T10:01:46","guid":{"rendered":"https:\/\/www.grandsformats.com\/?p=34429"},"modified":"2026-03-30T17:00:19","modified_gmt":"2026-03-30T15:00:19","slug":"jazz-club-big-time-invite-tine-poppy-et-david-fourdrinoy","status":"publish","type":"post","link":"https:\/\/www.grandsformats.com\/en\/2026\/03\/jazz-club-big-time-invite-tine-poppy-et-david-fourdrinoy\/","title":{"rendered":"Jazz Club &#8220;Big Time&#8221; invite Tine Poppy et David Fourdrinoy"},"content":{"rendered":"<p><strong>Vingt musiciens sur sc\u00e8ne et 2 invit\u00e9s d\u2019exception : pr\u00e9parez-vous au d\u00e9ferlement de la marmite \u00e0 swing pays !<\/strong><\/p>\n<p>Le Big Band du Jazz Club de la R\u00e9union, qui a f\u00eat\u00e9 ses 50 ans en 2025, revient \u00e0 L\u00e9spas avec la primeur de son nouveau r\u00e9pertoire. Au programme, du swing \u00e0 la Mingus et des arrangements \u00e9pic\u00e9s. Le tout, enrichi par les compositions sur mesure de leur talentueux pianiste, Guillaume Ramaye.<\/p>\n<p>Le big band reste fid\u00e8le \u00e0 sa volont\u00e9 de sans cesse ouvrir son cercle aux talents de l\u2019\u00eele. Le jazz cuivr\u00e9 de la marmite \u00e0 swing pays aura l\u2019honneur d\u2019accueillir deux invit\u00e9s exceptionnels : le vibrant vibraphoniste David Fourdrinoy et la \u201cseguess\u201d qui incarne l\u2019esprit du s\u00e9ga, Tine Poppy, qui viendra frotter sa voix, , \u00e0 la puissance de la grande formation.<\/p>\n<p><strong>Vendredi 3 avril 2026 \u00e0 19h00 \u00e0 L\u00e9spas Culturel Leconte de Lisle, Saint-Paul (La R\u00e9union)<\/strong><\/p>\n<p><a href=\"https:\/\/lespas.re\/jazz-club-big-time-tine-poppy-david-fourdrinoy\/\"><span style=\"text-decoration: underline;\"><strong>&gt; Biletterie<\/strong><\/span><\/a><\/p>\n<p><iframe loading=\"lazy\" title=\"TEASER JAZZ CLUB DE LA R\u00c9UNION\" width=\"1140\" height=\"641\" src=\"https:\/\/www.youtube.com\/embed\/ivU-g34djH0?feature=oembed\" frameborder=\"0\" allow=\"accelerometer; autoplay; clipboard-write; encrypted-media; gyroscope; picture-in-picture; web-share\" referrerpolicy=\"strict-origin-when-cross-origin\" allowfullscreen><\/iframe><\/p>\n<p><span style=\"font-size: 10pt;\">\u00a9 Olivier Padre\/Pascal Door\/C\u00e9dric Demaison<\/span><\/p>\n","protected":false},"excerpt":{"rendered":"<p>Vingt musiciens sur sc\u00e8ne et 2 invit\u00e9s d\u2019exception : pr\u00e9parez-vous au d\u00e9ferlement de la marmite \u00e0 swing pays ! Le Big Band du Jazz Club de la R\u00e9union, qui a f\u00eat\u00e9 ses 50 ans en 2025, revient \u00e0 L\u00e9spas avec la primeur de son nouveau r\u00e9pertoire. Au programme, du swing \u00e0 la Mingus et des&#8230;<\/p>\n<p><a rel=\"bookmark\" class=\"theme-button-text wvc-button wvc-button-size-xs\" href=\"https:\/\/www.grandsformats.com\/en\/2026\/03\/jazz-club-big-time-invite-tine-poppy-et-david-fourdrinoy\/\"><small class=\"wvc-button-background-fill\"><\/small><span>Continue reading<\/span><\/a><\/p>\n","protected":false},"author":161,"featured_media":34430,"comment_status":"open","ping_status":"open","sticky":false,"template":"","format":"standard","meta":{"_acf_changed":false,"footnotes":""},"categories":[95,1170],"tags":[],"class_list":["post-34429","post","type-post","status-publish","format-standard","has-post-thumbnail","hentry","category-membres","category-jazz-club-de-la-reunion","entry-post-skin-light","entry","clearfix","entry-grid","entry-columns-default","entry-post-module-layout-sidebar-right","thumbnail-color-tone-dark","metro-landscape","is-youtube","entry-post","entry-masonry","entry-post-masonry"],"acf":[],"yoast_head":"<!-- This site is optimized with the Yoast SEO plugin v25.8 - https:\/\/yoast.com\/wordpress\/plugins\/seo\/ -->\n<title>Jazz Club &quot;Big Time&quot; invite Tine Poppy et David Fourdrinoy - Site officiel de la f\u00e9d\u00e9ration Grands Formats<\/title>\n<meta name=\"description\" content=\"Le Big Band du Jazz Club de la R\u00e9union, qui a f\u00eat\u00e9 ses 50 ans en 2025, revient \u00e0 L\u00e9spas avec la primeur de son nouveau r\u00e9pertoire...\" \/>\n<meta name=\"robots\" content=\"index, follow, max-snippet:-1, max-image-preview:large, max-video-preview:-1\" \/>\n<link rel=\"canonical\" href=\"https:\/\/www.grandsformats.com\/2026\/03\/jazz-club-big-time-invite-tine-poppy-et-david-fourdrinoy\/\" \/>\n<meta property=\"og:locale\" content=\"en_US\" \/>\n<meta property=\"og:type\" content=\"article\" \/>\n<meta property=\"og:title\" content=\"Jazz Club &quot;Big Time&quot; invite Tine Poppy et David Fourdrinoy - Site officiel de la f\u00e9d\u00e9ration Grands Formats\" \/>\n<meta property=\"og:description\" content=\"Le Big Band du Jazz Club de la R\u00e9union, qui a f\u00eat\u00e9 ses 50 ans en 2025, revient \u00e0 L\u00e9spas avec la primeur de son nouveau r\u00e9pertoire...\" \/>\n<meta property=\"og:url\" content=\"https:\/\/www.grandsformats.com\/2026\/03\/jazz-club-big-time-invite-tine-poppy-et-david-fourdrinoy\/\" \/>\n<meta property=\"og:site_name\" content=\"Site officiel de la f\u00e9d\u00e9ration Grands Formats\" \/>\n<meta property=\"article:publisher\" content=\"https:\/\/www.facebook.com\/grandsformats\/\" \/>\n<meta property=\"article:published_time\" content=\"2026-03-27T10:01:46+00:00\" \/>\n<meta property=\"article:modified_time\" content=\"2026-03-30T15:00:19+00:00\" \/>\n<meta property=\"og:image\" content=\"https:\/\/www.grandsformats.com\/wp-content\/uploads\/2026\/03\/169jazz-club-reunio-piano-sy-feo-web-1200x675-1.png\" \/>\n\t<meta property=\"og:image:width\" content=\"1920\" \/>\n\t<meta property=\"og:image:height\" content=\"1080\" \/>\n\t<meta property=\"og:image:type\" content=\"image\/png\" \/>\n<meta name=\"author\" content=\"Laura Hanequand - Grands Formats\" \/>\n<meta name=\"twitter:card\" content=\"summary_large_image\" \/>\n<meta name=\"twitter:creator\" content=\"@GrandsFormatsGF\" \/>\n<meta name=\"twitter:site\" content=\"@GrandsFormatsGF\" \/>\n<meta name=\"twitter:label1\" content=\"Written by\" \/>\n\t<meta name=\"twitter:data1\" content=\"Laura Hanequand - Grands Formats\" \/>\n\t<meta name=\"twitter:label2\" content=\"Est. reading time\" \/>\n\t<meta name=\"twitter:data2\" content=\"1 minute\" \/>\n<script type=\"application\/ld+json\" class=\"yoast-schema-graph\">{\"@context\":\"https:\/\/schema.org\",\"@graph\":[{\"@type\":\"Article\",\"@id\":\"https:\/\/www.grandsformats.com\/2026\/03\/jazz-club-big-time-invite-tine-poppy-et-david-fourdrinoy\/#article\",\"isPartOf\":{\"@id\":\"https:\/\/www.grandsformats.com\/2026\/03\/jazz-club-big-time-invite-tine-poppy-et-david-fourdrinoy\/\"},\"author\":{\"name\":\"Laura Hanequand - Grands Formats\",\"@id\":\"https:\/\/www.grandsformats.com\/#\/schema\/person\/56c2866069b6967b2c7becd25c9b4dbb\"},\"headline\":\"Jazz Club &#8220;Big Time&#8221; invite Tine Poppy et David Fourdrinoy\",\"datePublished\":\"2026-03-27T10:01:46+00:00\",\"dateModified\":\"2026-03-30T15:00:19+00:00\",\"mainEntityOfPage\":{\"@id\":\"https:\/\/www.grandsformats.com\/2026\/03\/jazz-club-big-time-invite-tine-poppy-et-david-fourdrinoy\/\"},\"wordCount\":177,\"commentCount\":0,\"publisher\":{\"@id\":\"https:\/\/www.grandsformats.com\/#organization\"},\"image\":{\"@id\":\"https:\/\/www.grandsformats.com\/2026\/03\/jazz-club-big-time-invite-tine-poppy-et-david-fourdrinoy\/#primaryimage\"},\"thumbnailUrl\":\"https:\/\/www.grandsformats.com\/wp-content\/uploads\/2026\/03\/169jazz-club-reunio-piano-sy-feo-web-1200x675-1.png\",\"articleSection\":[\"Actus des membres\",\"Jazz Club de La R\u00e9union\"],\"inLanguage\":\"en-US\",\"potentialAction\":[{\"@type\":\"CommentAction\",\"name\":\"Comment\",\"target\":[\"https:\/\/www.grandsformats.com\/2026\/03\/jazz-club-big-time-invite-tine-poppy-et-david-fourdrinoy\/#respond\"]}]},{\"@type\":\"WebPage\",\"@id\":\"https:\/\/www.grandsformats.com\/2026\/03\/jazz-club-big-time-invite-tine-poppy-et-david-fourdrinoy\/\",\"url\":\"https:\/\/www.grandsformats.com\/2026\/03\/jazz-club-big-time-invite-tine-poppy-et-david-fourdrinoy\/\",\"name\":\"Jazz Club \\\"Big Time\\\" invite Tine Poppy et David Fourdrinoy - Site officiel de la f\u00e9d\u00e9ration Grands Formats\",\"isPartOf\":{\"@id\":\"https:\/\/www.grandsformats.com\/#website\"},\"primaryImageOfPage\":{\"@id\":\"https:\/\/www.grandsformats.com\/2026\/03\/jazz-club-big-time-invite-tine-poppy-et-david-fourdrinoy\/#primaryimage\"},\"image\":{\"@id\":\"https:\/\/www.grandsformats.com\/2026\/03\/jazz-club-big-time-invite-tine-poppy-et-david-fourdrinoy\/#primaryimage\"},\"thumbnailUrl\":\"https:\/\/www.grandsformats.com\/wp-content\/uploads\/2026\/03\/169jazz-club-reunio-piano-sy-feo-web-1200x675-1.png\",\"datePublished\":\"2026-03-27T10:01:46+00:00\",\"dateModified\":\"2026-03-30T15:00:19+00:00\",\"description\":\"Le Big Band du Jazz Club de la R\u00e9union, qui a f\u00eat\u00e9 ses 50 ans en 2025, revient \u00e0 L\u00e9spas avec la primeur de son nouveau r\u00e9pertoire...\",\"breadcrumb\":{\"@id\":\"https:\/\/www.grandsformats.com\/2026\/03\/jazz-club-big-time-invite-tine-poppy-et-david-fourdrinoy\/#breadcrumb\"},\"inLanguage\":\"en-US\",\"potentialAction\":[{\"@type\":\"ReadAction\",\"target\":[\"https:\/\/www.grandsformats.com\/2026\/03\/jazz-club-big-time-invite-tine-poppy-et-david-fourdrinoy\/\"]}]},{\"@type\":\"ImageObject\",\"inLanguage\":\"en-US\",\"@id\":\"https:\/\/www.grandsformats.com\/2026\/03\/jazz-club-big-time-invite-tine-poppy-et-david-fourdrinoy\/#primaryimage\",\"url\":\"https:\/\/www.grandsformats.com\/wp-content\/uploads\/2026\/03\/169jazz-club-reunio-piano-sy-feo-web-1200x675-1.png\",\"contentUrl\":\"https:\/\/www.grandsformats.com\/wp-content\/uploads\/2026\/03\/169jazz-club-reunio-piano-sy-feo-web-1200x675-1.png\",\"width\":1920,\"height\":1080,\"caption\":\"Jazz club r\u00e9union\"},{\"@type\":\"BreadcrumbList\",\"@id\":\"https:\/\/www.grandsformats.com\/2026\/03\/jazz-club-big-time-invite-tine-poppy-et-david-fourdrinoy\/#breadcrumb\",\"itemListElement\":[{\"@type\":\"ListItem\",\"position\":1,\"name\":\"Accueil\",\"item\":\"https:\/\/www.grandsformats.com\/en\/\"},{\"@type\":\"ListItem\",\"position\":2,\"name\":\"Jazz Club \u00ab\u00a0Big Time\u00a0\u00bb invite Tine Poppy et David Fourdrinoy\"}]},{\"@type\":\"WebSite\",\"@id\":\"https:\/\/www.grandsformats.com\/#website\",\"url\":\"https:\/\/www.grandsformats.com\/\",\"name\":\"Site officiel de la f\u00e9d\u00e9ration Grands Formats\",\"description\":\"F\u00e9d\u00e9ration d&#039;artistes pour la musique en grand !\",\"publisher\":{\"@id\":\"https:\/\/www.grandsformats.com\/#organization\"},\"potentialAction\":[{\"@type\":\"SearchAction\",\"target\":{\"@type\":\"EntryPoint\",\"urlTemplate\":\"https:\/\/www.grandsformats.com\/?s={search_term_string}\"},\"query-input\":{\"@type\":\"PropertyValueSpecification\",\"valueRequired\":true,\"valueName\":\"search_term_string\"}}],\"inLanguage\":\"en-US\"},{\"@type\":\"Organization\",\"@id\":\"https:\/\/www.grandsformats.com\/#organization\",\"name\":\"Grands Formats\",\"url\":\"https:\/\/www.grandsformats.com\/\",\"logo\":{\"@type\":\"ImageObject\",\"inLanguage\":\"en-US\",\"@id\":\"https:\/\/www.grandsformats.com\/#\/schema\/logo\/image\/\",\"url\":\"https:\/\/www.grandsformats.com\/wp-content\/uploads\/2020\/03\/logo-GF-200.png\",\"contentUrl\":\"https:\/\/www.grandsformats.com\/wp-content\/uploads\/2020\/03\/logo-GF-200.png\",\"width\":155,\"height\":200,\"caption\":\"Grands Formats\"},\"image\":{\"@id\":\"https:\/\/www.grandsformats.com\/#\/schema\/logo\/image\/\"},\"sameAs\":[\"https:\/\/www.facebook.com\/grandsformats\/\",\"https:\/\/x.com\/GrandsFormatsGF\",\"https:\/\/www.instagram.com\/grandsformats\/\",\"https:\/\/www.youtube.com\/channel\/UCJ7k9dbqc_DG-nxI3WMPvhw?view_as=subscriberhttps:\/\/www.youtube.com\/channel\/UCJ7k9dbqc_DG-nxI3WMPvhw?view_as=subscriber\"]},{\"@type\":\"Person\",\"@id\":\"https:\/\/www.grandsformats.com\/#\/schema\/person\/56c2866069b6967b2c7becd25c9b4dbb\",\"name\":\"Laura Hanequand - Grands Formats\",\"image\":{\"@type\":\"ImageObject\",\"inLanguage\":\"en-US\",\"@id\":\"https:\/\/www.grandsformats.com\/#\/schema\/person\/image\/\",\"url\":\"https:\/\/secure.gravatar.com\/avatar\/6d52edecb86835c2b7e81a2cdb8965ae325b4045b44f9043177428c622c06643?s=96&d=mm&r=g\",\"contentUrl\":\"https:\/\/secure.gravatar.com\/avatar\/6d52edecb86835c2b7e81a2cdb8965ae325b4045b44f9043177428c622c06643?s=96&d=mm&r=g\",\"caption\":\"Laura Hanequand - Grands Formats\"},\"url\":\"https:\/\/www.grandsformats.com\/en\/author\/lauragrandsformats-com\/\"}]}<\/script>\n<!-- \/ Yoast SEO plugin. -->","yoast_head_json":{"title":"Jazz Club \"Big Time\" invite Tine Poppy et David Fourdrinoy - Site officiel de la f\u00e9d\u00e9ration Grands Formats","description":"Le Big Band du Jazz Club de la R\u00e9union, qui a f\u00eat\u00e9 ses 50 ans en 2025, revient \u00e0 L\u00e9spas avec la primeur de son nouveau r\u00e9pertoire...","robots":{"index":"index","follow":"follow","max-snippet":"max-snippet:-1","max-image-preview":"max-image-preview:large","max-video-preview":"max-video-preview:-1"},"canonical":"https:\/\/www.grandsformats.com\/2026\/03\/jazz-club-big-time-invite-tine-poppy-et-david-fourdrinoy\/","og_locale":"en_US","og_type":"article","og_title":"Jazz Club \"Big Time\" invite Tine Poppy et David Fourdrinoy - Site officiel de la f\u00e9d\u00e9ration Grands Formats","og_description":"Le Big Band du Jazz Club de la R\u00e9union, qui a f\u00eat\u00e9 ses 50 ans en 2025, revient \u00e0 L\u00e9spas avec la primeur de son nouveau r\u00e9pertoire...","og_url":"https:\/\/www.grandsformats.com\/2026\/03\/jazz-club-big-time-invite-tine-poppy-et-david-fourdrinoy\/","og_site_name":"Site officiel de la f\u00e9d\u00e9ration Grands Formats","article_publisher":"https:\/\/www.facebook.com\/grandsformats\/","article_published_time":"2026-03-27T10:01:46+00:00","article_modified_time":"2026-03-30T15:00:19+00:00","og_image":[{"width":1920,"height":1080,"url":"https:\/\/www.grandsformats.com\/wp-content\/uploads\/2026\/03\/169jazz-club-reunio-piano-sy-feo-web-1200x675-1.png","type":"image\/png"}],"author":"Laura Hanequand - Grands Formats","twitter_card":"summary_large_image","twitter_creator":"@GrandsFormatsGF","twitter_site":"@GrandsFormatsGF","twitter_misc":{"Written by":"Laura Hanequand - Grands Formats","Est. reading time":"1 minute"},"schema":{"@context":"https:\/\/schema.org","@graph":[{"@type":"Article","@id":"https:\/\/www.grandsformats.com\/2026\/03\/jazz-club-big-time-invite-tine-poppy-et-david-fourdrinoy\/#article","isPartOf":{"@id":"https:\/\/www.grandsformats.com\/2026\/03\/jazz-club-big-time-invite-tine-poppy-et-david-fourdrinoy\/"},"author":{"name":"Laura Hanequand - Grands Formats","@id":"https:\/\/www.grandsformats.com\/#\/schema\/person\/56c2866069b6967b2c7becd25c9b4dbb"},"headline":"Jazz Club &#8220;Big Time&#8221; invite Tine Poppy et David Fourdrinoy","datePublished":"2026-03-27T10:01:46+00:00","dateModified":"2026-03-30T15:00:19+00:00","mainEntityOfPage":{"@id":"https:\/\/www.grandsformats.com\/2026\/03\/jazz-club-big-time-invite-tine-poppy-et-david-fourdrinoy\/"},"wordCount":177,"commentCount":0,"publisher":{"@id":"https:\/\/www.grandsformats.com\/#organization"},"image":{"@id":"https:\/\/www.grandsformats.com\/2026\/03\/jazz-club-big-time-invite-tine-poppy-et-david-fourdrinoy\/#primaryimage"},"thumbnailUrl":"https:\/\/www.grandsformats.com\/wp-content\/uploads\/2026\/03\/169jazz-club-reunio-piano-sy-feo-web-1200x675-1.png","articleSection":["Actus des membres","Jazz Club de La R\u00e9union"],"inLanguage":"en-US","potentialAction":[{"@type":"CommentAction","name":"Comment","target":["https:\/\/www.grandsformats.com\/2026\/03\/jazz-club-big-time-invite-tine-poppy-et-david-fourdrinoy\/#respond"]}]},{"@type":"WebPage","@id":"https:\/\/www.grandsformats.com\/2026\/03\/jazz-club-big-time-invite-tine-poppy-et-david-fourdrinoy\/","url":"https:\/\/www.grandsformats.com\/2026\/03\/jazz-club-big-time-invite-tine-poppy-et-david-fourdrinoy\/","name":"Jazz Club \"Big Time\" invite Tine Poppy et David Fourdrinoy - Site officiel de la f\u00e9d\u00e9ration Grands Formats","isPartOf":{"@id":"https:\/\/www.grandsformats.com\/#website"},"primaryImageOfPage":{"@id":"https:\/\/www.grandsformats.com\/2026\/03\/jazz-club-big-time-invite-tine-poppy-et-david-fourdrinoy\/#primaryimage"},"image":{"@id":"https:\/\/www.grandsformats.com\/2026\/03\/jazz-club-big-time-invite-tine-poppy-et-david-fourdrinoy\/#primaryimage"},"thumbnailUrl":"https:\/\/www.grandsformats.com\/wp-content\/uploads\/2026\/03\/169jazz-club-reunio-piano-sy-feo-web-1200x675-1.png","datePublished":"2026-03-27T10:01:46+00:00","dateModified":"2026-03-30T15:00:19+00:00","description":"Le Big Band du Jazz Club de la R\u00e9union, qui a f\u00eat\u00e9 ses 50 ans en 2025, revient \u00e0 L\u00e9spas avec la primeur de son nouveau r\u00e9pertoire...","breadcrumb":{"@id":"https:\/\/www.grandsformats.com\/2026\/03\/jazz-club-big-time-invite-tine-poppy-et-david-fourdrinoy\/#breadcrumb"},"inLanguage":"en-US","potentialAction":[{"@type":"ReadAction","target":["https:\/\/www.grandsformats.com\/2026\/03\/jazz-club-big-time-invite-tine-poppy-et-david-fourdrinoy\/"]}]},{"@type":"ImageObject","inLanguage":"en-US","@id":"https:\/\/www.grandsformats.com\/2026\/03\/jazz-club-big-time-invite-tine-poppy-et-david-fourdrinoy\/#primaryimage","url":"https:\/\/www.grandsformats.com\/wp-content\/uploads\/2026\/03\/169jazz-club-reunio-piano-sy-feo-web-1200x675-1.png","contentUrl":"https:\/\/www.grandsformats.com\/wp-content\/uploads\/2026\/03\/169jazz-club-reunio-piano-sy-feo-web-1200x675-1.png","width":1920,"height":1080,"caption":"Jazz club r\u00e9union"},{"@type":"BreadcrumbList","@id":"https:\/\/www.grandsformats.com\/2026\/03\/jazz-club-big-time-invite-tine-poppy-et-david-fourdrinoy\/#breadcrumb","itemListElement":[{"@type":"ListItem","position":1,"name":"Accueil","item":"https:\/\/www.grandsformats.com\/en\/"},{"@type":"ListItem","position":2,"name":"Jazz Club \u00ab\u00a0Big Time\u00a0\u00bb invite Tine Poppy et David Fourdrinoy"}]},{"@type":"WebSite","@id":"https:\/\/www.grandsformats.com\/#website","url":"https:\/\/www.grandsformats.com\/","name":"Site officiel de la f\u00e9d\u00e9ration Grands Formats","description":"F\u00e9d\u00e9ration d&#039;artistes pour la musique en grand !","publisher":{"@id":"https:\/\/www.grandsformats.com\/#organization"},"potentialAction":[{"@type":"SearchAction","target":{"@type":"EntryPoint","urlTemplate":"https:\/\/www.grandsformats.com\/?s={search_term_string}"},"query-input":{"@type":"PropertyValueSpecification","valueRequired":true,"valueName":"search_term_string"}}],"inLanguage":"en-US"},{"@type":"Organization","@id":"https:\/\/www.grandsformats.com\/#organization","name":"Grands Formats","url":"https:\/\/www.grandsformats.com\/","logo":{"@type":"ImageObject","inLanguage":"en-US","@id":"https:\/\/www.grandsformats.com\/#\/schema\/logo\/image\/","url":"https:\/\/www.grandsformats.com\/wp-content\/uploads\/2020\/03\/logo-GF-200.png","contentUrl":"https:\/\/www.grandsformats.com\/wp-content\/uploads\/2020\/03\/logo-GF-200.png","width":155,"height":200,"caption":"Grands Formats"},"image":{"@id":"https:\/\/www.grandsformats.com\/#\/schema\/logo\/image\/"},"sameAs":["https:\/\/www.facebook.com\/grandsformats\/","https:\/\/x.com\/GrandsFormatsGF","https:\/\/www.instagram.com\/grandsformats\/","https:\/\/www.youtube.com\/channel\/UCJ7k9dbqc_DG-nxI3WMPvhw?view_as=subscriberhttps:\/\/www.youtube.com\/channel\/UCJ7k9dbqc_DG-nxI3WMPvhw?view_as=subscriber"]},{"@type":"Person","@id":"https:\/\/www.grandsformats.com\/#\/schema\/person\/56c2866069b6967b2c7becd25c9b4dbb","name":"Laura Hanequand - Grands Formats","image":{"@type":"ImageObject","inLanguage":"en-US","@id":"https:\/\/www.grandsformats.com\/#\/schema\/person\/image\/","url":"https:\/\/secure.gravatar.com\/avatar\/6d52edecb86835c2b7e81a2cdb8965ae325b4045b44f9043177428c622c06643?s=96&d=mm&r=g","contentUrl":"https:\/\/secure.gravatar.com\/avatar\/6d52edecb86835c2b7e81a2cdb8965ae325b4045b44f9043177428c622c06643?s=96&d=mm&r=g","caption":"Laura Hanequand - Grands Formats"},"url":"https:\/\/www.grandsformats.com\/en\/author\/lauragrandsformats-com\/"}]}},"_links":{"self":[{"href":"https:\/\/www.grandsformats.com\/en\/wp-json\/wp\/v2\/posts\/34429","targetHints":{"allow":["GET"]}}],"collection":[{"href":"https:\/\/www.grandsformats.com\/en\/wp-json\/wp\/v2\/posts"}],"about":[{"href":"https:\/\/www.grandsformats.com\/en\/wp-json\/wp\/v2\/types\/post"}],"author":[{"embeddable":true,"href":"https:\/\/www.grandsformats.com\/en\/wp-json\/wp\/v2\/users\/161"}],"replies":[{"embeddable":true,"href":"https:\/\/www.grandsformats.com\/en\/wp-json\/wp\/v2\/comments?post=34429"}],"version-history":[{"count":2,"href":"https:\/\/www.grandsformats.com\/en\/wp-json\/wp\/v2\/posts\/34429\/revisions"}],"predecessor-version":[{"id":34508,"href":"https:\/\/www.grandsformats.com\/en\/wp-json\/wp\/v2\/posts\/34429\/revisions\/34508"}],"wp:featuredmedia":[{"embeddable":true,"href":"https:\/\/www.grandsformats.com\/en\/wp-json\/wp\/v2\/media\/34430"}],"wp:attachment":[{"href":"https:\/\/www.grandsformats.com\/en\/wp-json\/wp\/v2\/media?parent=34429"}],"wp:term":[{"taxonomy":"category","embeddable":true,"href":"https:\/\/www.grandsformats.com\/en\/wp-json\/wp\/v2\/categories?post=34429"},{"taxonomy":"post_tag","embeddable":true,"href":"https:\/\/www.grandsformats.com\/en\/wp-json\/wp\/v2\/tags?post=34429"}],"curies":[{"name":"wp","href":"https:\/\/api.w.org\/{rel}","templated":true}]}}