{"id":34342,"date":"2026-03-09T12:54:14","date_gmt":"2026-03-09T11:54:14","guid":{"rendered":"https:\/\/www.grandsformats.com\/?p=34342"},"modified":"2026-03-09T12:54:52","modified_gmt":"2026-03-09T11:54:52","slug":"pour-les-adherents-webinaire-aides-au-developpement-international-if-cnm","status":"publish","type":"post","link":"https:\/\/www.grandsformats.com\/en\/2026\/03\/pour-les-adherents-webinaire-aides-au-developpement-international-if-cnm\/","title":{"rendered":"Pour les adh\u00e9rents : Webinaire Aides au d\u00e9veloppement international &#8211; IF \/ CNM"},"content":{"rendered":"<p>Grands Formats organise un webinaire d\u00e9di\u00e9 aux aides au d\u00e9veloppement \u00e0 l&#8217;international pour ses adh\u00e9rents, <strong>le lundi 13 avril de 10h \u00e0 12h<\/strong> en visioconf\u00e9rence.<\/p>\n<p><strong>Oscar Finjean (Charg\u00e9 de mission Musiques actuelles, jazz et innovation \u2013 Institut Fran\u00e7ais)<\/strong> et<strong> Virginie Ritt<\/strong> <strong>(Responsable des aides au d\u00e9veloppement international &#8211; musiques jazz et classique \u2013 CNM)<\/strong> animeront ensemble cette session pour vous pr\u00e9senter les dispositifs d&#8217;aide auxquels vous pouvez postuler, et vous montrer comment leurs deux institutions collaborent et s&#8217;articulent sur les enjeux du d\u00e9veloppement \u00e0 l&#8217;international.<\/p>\n<p>Un rendez-vous \u00e0 ne pas manquer pour mieux comprendre les soutiens disponibles et d\u00e9velopper vos projets \u00e0 l\u2019international !<\/p>\n<p><span style=\"text-decoration: underline;\"><strong>&gt; <a href=\"https:\/\/forms.gle\/kDV3EFhBLouSxF498\">R\u00e9serv\u00e9 aux adh\u00e9rents Grands Formats \u2013 sur inscription (ouvertes jusqu\u2019au 8 avril)\u00a0<\/a><\/strong><\/span><\/p>\n<p><span style=\"font-size: 10pt;\">\u00a9 Christophe Charpenel<\/span><\/p>\n","protected":false},"excerpt":{"rendered":"<p>Grands Formats organise un webinaire d\u00e9di\u00e9 aux aides au d\u00e9veloppement \u00e0 l&#8217;international pour ses adh\u00e9rents, le lundi 13 avril de 10h \u00e0 12h en visioconf\u00e9rence. Oscar Finjean (Charg\u00e9 de mission Musiques actuelles, jazz et innovation \u2013 Institut Fran\u00e7ais) et Virginie Ritt (Responsable des aides au d\u00e9veloppement international &#8211; musiques jazz et classique \u2013 CNM) animeront&#8230;<\/p>\n<p><a rel=\"bookmark\" class=\"theme-button-text wvc-button wvc-button-size-xs\" href=\"https:\/\/www.grandsformats.com\/en\/2026\/03\/pour-les-adherents-webinaire-aides-au-developpement-international-if-cnm\/\"><small class=\"wvc-button-background-fill\"><\/small><span>Continue reading<\/span><\/a><\/p>\n","protected":false},"author":161,"featured_media":34344,"comment_status":"open","ping_status":"open","sticky":false,"template":"","format":"standard","meta":{"_acf_changed":false,"footnotes":""},"categories":[90,194],"tags":[],"class_list":["post-34342","post","type-post","status-publish","format-standard","has-post-thumbnail","hentry","category-grands-formats","category-evenements","entry-post-skin-light","entry","clearfix","entry-grid","entry-columns-default","entry-post-module-layout-sidebar-right","thumbnail-color-tone-dark","metro-landscape","entry-post","entry-masonry","entry-post-masonry"],"acf":[],"yoast_head":"<!-- This site is optimized with the Yoast SEO plugin v25.8 - https:\/\/yoast.com\/wordpress\/plugins\/seo\/ -->\n<title>Pour les adh\u00e9rents : Webinaire Aides au d\u00e9veloppement international - IF \/ CNM - Site officiel de la f\u00e9d\u00e9ration Grands Formats<\/title>\n<meta name=\"description\" content=\"Grands Formats organise un webinaire d\u00e9di\u00e9 aux aides au d\u00e9veloppement \u00e0 l&#039;international pour ses adh\u00e9rents, le lundi 13 avril de 10h \u00e0 12h.\" \/>\n<meta name=\"robots\" content=\"index, follow, max-snippet:-1, max-image-preview:large, max-video-preview:-1\" \/>\n<link rel=\"canonical\" href=\"https:\/\/www.grandsformats.com\/2026\/03\/pour-les-adherents-webinaire-aides-au-developpement-international-if-cnm\/\" \/>\n<meta property=\"og:locale\" content=\"en_US\" \/>\n<meta property=\"og:type\" content=\"article\" \/>\n<meta property=\"og:title\" content=\"Pour les adh\u00e9rents : Webinaire Aides au d\u00e9veloppement international - IF \/ CNM - Site officiel de la f\u00e9d\u00e9ration Grands Formats\" \/>\n<meta property=\"og:description\" content=\"Grands Formats organise un webinaire d\u00e9di\u00e9 aux aides au d\u00e9veloppement \u00e0 l&#039;international pour ses adh\u00e9rents, le lundi 13 avril de 10h \u00e0 12h.\" \/>\n<meta property=\"og:url\" content=\"https:\/\/www.grandsformats.com\/2026\/03\/pour-les-adherents-webinaire-aides-au-developpement-international-if-cnm\/\" \/>\n<meta property=\"og:site_name\" content=\"Site officiel de la f\u00e9d\u00e9ration Grands Formats\" \/>\n<meta property=\"article:publisher\" content=\"https:\/\/www.facebook.com\/grandsformats\/\" \/>\n<meta property=\"article:published_time\" content=\"2026-03-09T11:54:14+00:00\" \/>\n<meta property=\"article:modified_time\" content=\"2026-03-09T11:54:52+00:00\" \/>\n<meta property=\"og:image\" content=\"https:\/\/www.grandsformats.com\/wp-content\/uploads\/2026\/03\/WebinaireIFCNM_banner.png\" \/>\n\t<meta property=\"og:image:width\" content=\"1920\" \/>\n\t<meta property=\"og:image:height\" content=\"1080\" \/>\n\t<meta property=\"og:image:type\" content=\"image\/png\" \/>\n<meta name=\"author\" content=\"Laura Hanequand - Grands Formats\" \/>\n<meta name=\"twitter:card\" content=\"summary_large_image\" \/>\n<meta name=\"twitter:creator\" content=\"@GrandsFormatsGF\" \/>\n<meta name=\"twitter:site\" content=\"@GrandsFormatsGF\" \/>\n<meta name=\"twitter:label1\" content=\"Written by\" \/>\n\t<meta name=\"twitter:data1\" content=\"Laura Hanequand - Grands Formats\" \/>\n\t<meta name=\"twitter:label2\" content=\"Est. reading time\" \/>\n\t<meta name=\"twitter:data2\" content=\"1 minute\" \/>\n<script type=\"application\/ld+json\" class=\"yoast-schema-graph\">{\"@context\":\"https:\/\/schema.org\",\"@graph\":[{\"@type\":\"Article\",\"@id\":\"https:\/\/www.grandsformats.com\/2026\/03\/pour-les-adherents-webinaire-aides-au-developpement-international-if-cnm\/#article\",\"isPartOf\":{\"@id\":\"https:\/\/www.grandsformats.com\/2026\/03\/pour-les-adherents-webinaire-aides-au-developpement-international-if-cnm\/\"},\"author\":{\"name\":\"Laura Hanequand - Grands Formats\",\"@id\":\"https:\/\/www.grandsformats.com\/#\/schema\/person\/56c2866069b6967b2c7becd25c9b4dbb\"},\"headline\":\"Pour les adh\u00e9rents : Webinaire Aides au d\u00e9veloppement international &#8211; IF \/ CNM\",\"datePublished\":\"2026-03-09T11:54:14+00:00\",\"dateModified\":\"2026-03-09T11:54:52+00:00\",\"mainEntityOfPage\":{\"@id\":\"https:\/\/www.grandsformats.com\/2026\/03\/pour-les-adherents-webinaire-aides-au-developpement-international-if-cnm\/\"},\"wordCount\":138,\"commentCount\":0,\"publisher\":{\"@id\":\"https:\/\/www.grandsformats.com\/#organization\"},\"image\":{\"@id\":\"https:\/\/www.grandsformats.com\/2026\/03\/pour-les-adherents-webinaire-aides-au-developpement-international-if-cnm\/#primaryimage\"},\"thumbnailUrl\":\"https:\/\/www.grandsformats.com\/wp-content\/uploads\/2026\/03\/WebinaireIFCNM_banner.png\",\"articleSection\":[\"Actus de la f\u00e9d\u00e9\",\"Ev\u00e8nements\"],\"inLanguage\":\"en-US\",\"potentialAction\":[{\"@type\":\"CommentAction\",\"name\":\"Comment\",\"target\":[\"https:\/\/www.grandsformats.com\/2026\/03\/pour-les-adherents-webinaire-aides-au-developpement-international-if-cnm\/#respond\"]}]},{\"@type\":\"WebPage\",\"@id\":\"https:\/\/www.grandsformats.com\/2026\/03\/pour-les-adherents-webinaire-aides-au-developpement-international-if-cnm\/\",\"url\":\"https:\/\/www.grandsformats.com\/2026\/03\/pour-les-adherents-webinaire-aides-au-developpement-international-if-cnm\/\",\"name\":\"Pour les adh\u00e9rents : Webinaire Aides au d\u00e9veloppement international - IF \/ CNM - Site officiel de la f\u00e9d\u00e9ration Grands Formats\",\"isPartOf\":{\"@id\":\"https:\/\/www.grandsformats.com\/#website\"},\"primaryImageOfPage\":{\"@id\":\"https:\/\/www.grandsformats.com\/2026\/03\/pour-les-adherents-webinaire-aides-au-developpement-international-if-cnm\/#primaryimage\"},\"image\":{\"@id\":\"https:\/\/www.grandsformats.com\/2026\/03\/pour-les-adherents-webinaire-aides-au-developpement-international-if-cnm\/#primaryimage\"},\"thumbnailUrl\":\"https:\/\/www.grandsformats.com\/wp-content\/uploads\/2026\/03\/WebinaireIFCNM_banner.png\",\"datePublished\":\"2026-03-09T11:54:14+00:00\",\"dateModified\":\"2026-03-09T11:54:52+00:00\",\"description\":\"Grands Formats organise un webinaire d\u00e9di\u00e9 aux aides au d\u00e9veloppement \u00e0 l'international pour ses adh\u00e9rents, le lundi 13 avril de 10h \u00e0 12h.\",\"breadcrumb\":{\"@id\":\"https:\/\/www.grandsformats.com\/2026\/03\/pour-les-adherents-webinaire-aides-au-developpement-international-if-cnm\/#breadcrumb\"},\"inLanguage\":\"en-US\",\"potentialAction\":[{\"@type\":\"ReadAction\",\"target\":[\"https:\/\/www.grandsformats.com\/2026\/03\/pour-les-adherents-webinaire-aides-au-developpement-international-if-cnm\/\"]}]},{\"@type\":\"ImageObject\",\"inLanguage\":\"en-US\",\"@id\":\"https:\/\/www.grandsformats.com\/2026\/03\/pour-les-adherents-webinaire-aides-au-developpement-international-if-cnm\/#primaryimage\",\"url\":\"https:\/\/www.grandsformats.com\/wp-content\/uploads\/2026\/03\/WebinaireIFCNM_banner.png\",\"contentUrl\":\"https:\/\/www.grandsformats.com\/wp-content\/uploads\/2026\/03\/WebinaireIFCNM_banner.png\",\"width\":1920,\"height\":1080,\"caption\":\"Webinaire IF CNM aide d\u00e9veloppement international\"},{\"@type\":\"BreadcrumbList\",\"@id\":\"https:\/\/www.grandsformats.com\/2026\/03\/pour-les-adherents-webinaire-aides-au-developpement-international-if-cnm\/#breadcrumb\",\"itemListElement\":[{\"@type\":\"ListItem\",\"position\":1,\"name\":\"Accueil\",\"item\":\"https:\/\/www.grandsformats.com\/en\/\"},{\"@type\":\"ListItem\",\"position\":2,\"name\":\"Pour les adh\u00e9rents : Webinaire Aides au d\u00e9veloppement international &#8211; IF \/ CNM\"}]},{\"@type\":\"WebSite\",\"@id\":\"https:\/\/www.grandsformats.com\/#website\",\"url\":\"https:\/\/www.grandsformats.com\/\",\"name\":\"Site officiel de la f\u00e9d\u00e9ration Grands Formats\",\"description\":\"F\u00e9d\u00e9ration d&#039;artistes pour la musique en grand !\",\"publisher\":{\"@id\":\"https:\/\/www.grandsformats.com\/#organization\"},\"potentialAction\":[{\"@type\":\"SearchAction\",\"target\":{\"@type\":\"EntryPoint\",\"urlTemplate\":\"https:\/\/www.grandsformats.com\/?s={search_term_string}\"},\"query-input\":{\"@type\":\"PropertyValueSpecification\",\"valueRequired\":true,\"valueName\":\"search_term_string\"}}],\"inLanguage\":\"en-US\"},{\"@type\":\"Organization\",\"@id\":\"https:\/\/www.grandsformats.com\/#organization\",\"name\":\"Grands Formats\",\"url\":\"https:\/\/www.grandsformats.com\/\",\"logo\":{\"@type\":\"ImageObject\",\"inLanguage\":\"en-US\",\"@id\":\"https:\/\/www.grandsformats.com\/#\/schema\/logo\/image\/\",\"url\":\"https:\/\/www.grandsformats.com\/wp-content\/uploads\/2020\/03\/logo-GF-200.png\",\"contentUrl\":\"https:\/\/www.grandsformats.com\/wp-content\/uploads\/2020\/03\/logo-GF-200.png\",\"width\":155,\"height\":200,\"caption\":\"Grands Formats\"},\"image\":{\"@id\":\"https:\/\/www.grandsformats.com\/#\/schema\/logo\/image\/\"},\"sameAs\":[\"https:\/\/www.facebook.com\/grandsformats\/\",\"https:\/\/x.com\/GrandsFormatsGF\",\"https:\/\/www.instagram.com\/grandsformats\/\",\"https:\/\/www.youtube.com\/channel\/UCJ7k9dbqc_DG-nxI3WMPvhw?view_as=subscriberhttps:\/\/www.youtube.com\/channel\/UCJ7k9dbqc_DG-nxI3WMPvhw?view_as=subscriber\"]},{\"@type\":\"Person\",\"@id\":\"https:\/\/www.grandsformats.com\/#\/schema\/person\/56c2866069b6967b2c7becd25c9b4dbb\",\"name\":\"Laura Hanequand - Grands Formats\",\"image\":{\"@type\":\"ImageObject\",\"inLanguage\":\"en-US\",\"@id\":\"https:\/\/www.grandsformats.com\/#\/schema\/person\/image\/\",\"url\":\"https:\/\/secure.gravatar.com\/avatar\/6d52edecb86835c2b7e81a2cdb8965ae325b4045b44f9043177428c622c06643?s=96&d=mm&r=g\",\"contentUrl\":\"https:\/\/secure.gravatar.com\/avatar\/6d52edecb86835c2b7e81a2cdb8965ae325b4045b44f9043177428c622c06643?s=96&d=mm&r=g\",\"caption\":\"Laura Hanequand - Grands Formats\"},\"url\":\"https:\/\/www.grandsformats.com\/en\/author\/lauragrandsformats-com\/\"}]}<\/script>\n<!-- \/ Yoast SEO plugin. -->","yoast_head_json":{"title":"Pour les adh\u00e9rents : Webinaire Aides au d\u00e9veloppement international - IF \/ CNM - Site officiel de la f\u00e9d\u00e9ration Grands Formats","description":"Grands Formats organise un webinaire d\u00e9di\u00e9 aux aides au d\u00e9veloppement \u00e0 l'international pour ses adh\u00e9rents, le lundi 13 avril de 10h \u00e0 12h.","robots":{"index":"index","follow":"follow","max-snippet":"max-snippet:-1","max-image-preview":"max-image-preview:large","max-video-preview":"max-video-preview:-1"},"canonical":"https:\/\/www.grandsformats.com\/2026\/03\/pour-les-adherents-webinaire-aides-au-developpement-international-if-cnm\/","og_locale":"en_US","og_type":"article","og_title":"Pour les adh\u00e9rents : Webinaire Aides au d\u00e9veloppement international - IF \/ CNM - Site officiel de la f\u00e9d\u00e9ration Grands Formats","og_description":"Grands Formats organise un webinaire d\u00e9di\u00e9 aux aides au d\u00e9veloppement \u00e0 l'international pour ses adh\u00e9rents, le lundi 13 avril de 10h \u00e0 12h.","og_url":"https:\/\/www.grandsformats.com\/2026\/03\/pour-les-adherents-webinaire-aides-au-developpement-international-if-cnm\/","og_site_name":"Site officiel de la f\u00e9d\u00e9ration Grands Formats","article_publisher":"https:\/\/www.facebook.com\/grandsformats\/","article_published_time":"2026-03-09T11:54:14+00:00","article_modified_time":"2026-03-09T11:54:52+00:00","og_image":[{"width":1920,"height":1080,"url":"https:\/\/www.grandsformats.com\/wp-content\/uploads\/2026\/03\/WebinaireIFCNM_banner.png","type":"image\/png"}],"author":"Laura Hanequand - Grands Formats","twitter_card":"summary_large_image","twitter_creator":"@GrandsFormatsGF","twitter_site":"@GrandsFormatsGF","twitter_misc":{"Written by":"Laura Hanequand - Grands Formats","Est. reading time":"1 minute"},"schema":{"@context":"https:\/\/schema.org","@graph":[{"@type":"Article","@id":"https:\/\/www.grandsformats.com\/2026\/03\/pour-les-adherents-webinaire-aides-au-developpement-international-if-cnm\/#article","isPartOf":{"@id":"https:\/\/www.grandsformats.com\/2026\/03\/pour-les-adherents-webinaire-aides-au-developpement-international-if-cnm\/"},"author":{"name":"Laura Hanequand - Grands Formats","@id":"https:\/\/www.grandsformats.com\/#\/schema\/person\/56c2866069b6967b2c7becd25c9b4dbb"},"headline":"Pour les adh\u00e9rents : Webinaire Aides au d\u00e9veloppement international &#8211; IF \/ CNM","datePublished":"2026-03-09T11:54:14+00:00","dateModified":"2026-03-09T11:54:52+00:00","mainEntityOfPage":{"@id":"https:\/\/www.grandsformats.com\/2026\/03\/pour-les-adherents-webinaire-aides-au-developpement-international-if-cnm\/"},"wordCount":138,"commentCount":0,"publisher":{"@id":"https:\/\/www.grandsformats.com\/#organization"},"image":{"@id":"https:\/\/www.grandsformats.com\/2026\/03\/pour-les-adherents-webinaire-aides-au-developpement-international-if-cnm\/#primaryimage"},"thumbnailUrl":"https:\/\/www.grandsformats.com\/wp-content\/uploads\/2026\/03\/WebinaireIFCNM_banner.png","articleSection":["Actus de la f\u00e9d\u00e9","Ev\u00e8nements"],"inLanguage":"en-US","potentialAction":[{"@type":"CommentAction","name":"Comment","target":["https:\/\/www.grandsformats.com\/2026\/03\/pour-les-adherents-webinaire-aides-au-developpement-international-if-cnm\/#respond"]}]},{"@type":"WebPage","@id":"https:\/\/www.grandsformats.com\/2026\/03\/pour-les-adherents-webinaire-aides-au-developpement-international-if-cnm\/","url":"https:\/\/www.grandsformats.com\/2026\/03\/pour-les-adherents-webinaire-aides-au-developpement-international-if-cnm\/","name":"Pour les adh\u00e9rents : Webinaire Aides au d\u00e9veloppement international - IF \/ CNM - Site officiel de la f\u00e9d\u00e9ration Grands Formats","isPartOf":{"@id":"https:\/\/www.grandsformats.com\/#website"},"primaryImageOfPage":{"@id":"https:\/\/www.grandsformats.com\/2026\/03\/pour-les-adherents-webinaire-aides-au-developpement-international-if-cnm\/#primaryimage"},"image":{"@id":"https:\/\/www.grandsformats.com\/2026\/03\/pour-les-adherents-webinaire-aides-au-developpement-international-if-cnm\/#primaryimage"},"thumbnailUrl":"https:\/\/www.grandsformats.com\/wp-content\/uploads\/2026\/03\/WebinaireIFCNM_banner.png","datePublished":"2026-03-09T11:54:14+00:00","dateModified":"2026-03-09T11:54:52+00:00","description":"Grands Formats organise un webinaire d\u00e9di\u00e9 aux aides au d\u00e9veloppement \u00e0 l'international pour ses adh\u00e9rents, le lundi 13 avril de 10h \u00e0 12h.","breadcrumb":{"@id":"https:\/\/www.grandsformats.com\/2026\/03\/pour-les-adherents-webinaire-aides-au-developpement-international-if-cnm\/#breadcrumb"},"inLanguage":"en-US","potentialAction":[{"@type":"ReadAction","target":["https:\/\/www.grandsformats.com\/2026\/03\/pour-les-adherents-webinaire-aides-au-developpement-international-if-cnm\/"]}]},{"@type":"ImageObject","inLanguage":"en-US","@id":"https:\/\/www.grandsformats.com\/2026\/03\/pour-les-adherents-webinaire-aides-au-developpement-international-if-cnm\/#primaryimage","url":"https:\/\/www.grandsformats.com\/wp-content\/uploads\/2026\/03\/WebinaireIFCNM_banner.png","contentUrl":"https:\/\/www.grandsformats.com\/wp-content\/uploads\/2026\/03\/WebinaireIFCNM_banner.png","width":1920,"height":1080,"caption":"Webinaire IF CNM aide d\u00e9veloppement international"},{"@type":"BreadcrumbList","@id":"https:\/\/www.grandsformats.com\/2026\/03\/pour-les-adherents-webinaire-aides-au-developpement-international-if-cnm\/#breadcrumb","itemListElement":[{"@type":"ListItem","position":1,"name":"Accueil","item":"https:\/\/www.grandsformats.com\/en\/"},{"@type":"ListItem","position":2,"name":"Pour les adh\u00e9rents : Webinaire Aides au d\u00e9veloppement international &#8211; IF \/ CNM"}]},{"@type":"WebSite","@id":"https:\/\/www.grandsformats.com\/#website","url":"https:\/\/www.grandsformats.com\/","name":"Site officiel de la f\u00e9d\u00e9ration Grands Formats","description":"F\u00e9d\u00e9ration d&#039;artistes pour la musique en grand !","publisher":{"@id":"https:\/\/www.grandsformats.com\/#organization"},"potentialAction":[{"@type":"SearchAction","target":{"@type":"EntryPoint","urlTemplate":"https:\/\/www.grandsformats.com\/?s={search_term_string}"},"query-input":{"@type":"PropertyValueSpecification","valueRequired":true,"valueName":"search_term_string"}}],"inLanguage":"en-US"},{"@type":"Organization","@id":"https:\/\/www.grandsformats.com\/#organization","name":"Grands Formats","url":"https:\/\/www.grandsformats.com\/","logo":{"@type":"ImageObject","inLanguage":"en-US","@id":"https:\/\/www.grandsformats.com\/#\/schema\/logo\/image\/","url":"https:\/\/www.grandsformats.com\/wp-content\/uploads\/2020\/03\/logo-GF-200.png","contentUrl":"https:\/\/www.grandsformats.com\/wp-content\/uploads\/2020\/03\/logo-GF-200.png","width":155,"height":200,"caption":"Grands Formats"},"image":{"@id":"https:\/\/www.grandsformats.com\/#\/schema\/logo\/image\/"},"sameAs":["https:\/\/www.facebook.com\/grandsformats\/","https:\/\/x.com\/GrandsFormatsGF","https:\/\/www.instagram.com\/grandsformats\/","https:\/\/www.youtube.com\/channel\/UCJ7k9dbqc_DG-nxI3WMPvhw?view_as=subscriberhttps:\/\/www.youtube.com\/channel\/UCJ7k9dbqc_DG-nxI3WMPvhw?view_as=subscriber"]},{"@type":"Person","@id":"https:\/\/www.grandsformats.com\/#\/schema\/person\/56c2866069b6967b2c7becd25c9b4dbb","name":"Laura Hanequand - Grands Formats","image":{"@type":"ImageObject","inLanguage":"en-US","@id":"https:\/\/www.grandsformats.com\/#\/schema\/person\/image\/","url":"https:\/\/secure.gravatar.com\/avatar\/6d52edecb86835c2b7e81a2cdb8965ae325b4045b44f9043177428c622c06643?s=96&d=mm&r=g","contentUrl":"https:\/\/secure.gravatar.com\/avatar\/6d52edecb86835c2b7e81a2cdb8965ae325b4045b44f9043177428c622c06643?s=96&d=mm&r=g","caption":"Laura Hanequand - Grands Formats"},"url":"https:\/\/www.grandsformats.com\/en\/author\/lauragrandsformats-com\/"}]}},"_links":{"self":[{"href":"https:\/\/www.grandsformats.com\/en\/wp-json\/wp\/v2\/posts\/34342","targetHints":{"allow":["GET"]}}],"collection":[{"href":"https:\/\/www.grandsformats.com\/en\/wp-json\/wp\/v2\/posts"}],"about":[{"href":"https:\/\/www.grandsformats.com\/en\/wp-json\/wp\/v2\/types\/post"}],"author":[{"embeddable":true,"href":"https:\/\/www.grandsformats.com\/en\/wp-json\/wp\/v2\/users\/161"}],"replies":[{"embeddable":true,"href":"https:\/\/www.grandsformats.com\/en\/wp-json\/wp\/v2\/comments?post=34342"}],"version-history":[{"count":3,"href":"https:\/\/www.grandsformats.com\/en\/wp-json\/wp\/v2\/posts\/34342\/revisions"}],"predecessor-version":[{"id":34347,"href":"https:\/\/www.grandsformats.com\/en\/wp-json\/wp\/v2\/posts\/34342\/revisions\/34347"}],"wp:featuredmedia":[{"embeddable":true,"href":"https:\/\/www.grandsformats.com\/en\/wp-json\/wp\/v2\/media\/34344"}],"wp:attachment":[{"href":"https:\/\/www.grandsformats.com\/en\/wp-json\/wp\/v2\/media?parent=34342"}],"wp:term":[{"taxonomy":"category","embeddable":true,"href":"https:\/\/www.grandsformats.com\/en\/wp-json\/wp\/v2\/categories?post=34342"},{"taxonomy":"post_tag","embeddable":true,"href":"https:\/\/www.grandsformats.com\/en\/wp-json\/wp\/v2\/tags?post=34342"}],"curies":[{"name":"wp","href":"https:\/\/api.w.org\/{rel}","templated":true}]}}