{"id":34332,"date":"2026-03-03T14:05:36","date_gmt":"2026-03-03T13:05:36","guid":{"rendered":"https:\/\/www.grandsformats.com\/?p=34332"},"modified":"2026-03-03T14:05:36","modified_gmt":"2026-03-03T13:05:36","slug":"surnatural-orchestra-clameurs-sortie-dalbum","status":"publish","type":"post","link":"https:\/\/www.grandsformats.com\/en\/2026\/03\/surnatural-orchestra-clameurs-sortie-dalbum\/","title":{"rendered":"Surnatural Orchestra : Clameurs &#8211; sortie d\u2019album"},"content":{"rendered":"<p><em><strong>Clameurs<\/strong><\/em> est le r\u00e9pertoire actuel jou\u00e9 et tourn\u00e9 par l\u2019orchestre. Ce sera aussi en ce d\u00e9but d\u2019ann\u00e9e le nom de notre dixi\u00e8me album. Un album capt\u00e9 par bribes au cours des sessions de travail de l\u2019orchestre en des lieux tr\u00e8s diff\u00e9rents, au gr\u00e9 de nos r\u00e9sidences. Un, deux, trois morceaux furent enregistr\u00e9s \u00e0 chaque fois dans cette ambiance du moment. Nous voil\u00e0 avec une belle poign\u00e9e de ces prises aujourd\u2019hui mises en forme.<br \/>\nParce que les temps sont \u00e0 \u00e7a, nous en proposerons <strong>d\u00e8s la mi-mars une forme d\u2019album num\u00e9rique<\/strong>, accompagn\u00e9 comme on l\u2019aime d\u2019un bel objet visuel et ludique. Pour cette fois : jeu de cartes \u00e0 assembler donnant acc\u00e8s, pour les curieux.ses et tenaces, \u00e0 de petites surprises cach\u00e9es fa\u00e7on \u0153ufs de P\u00e2ques. Notre amie Guadalupe a sorti ses plus beaux crayons pour d\u00e9border nos musiques en couleurs et fantaisies\u2026<br \/>\nPour marquer le coup ensemble de cette <strong>sortie d\u2019album<\/strong>, nous irons, <strong>le 20 mars prochain<\/strong>, faire sonner notre bon vieil <strong>Ermitage<\/strong>, chargeant nos sacs de quelques amusantes fariboles pour litt\u00e9ralement jouer avec vous ce concert de f\u00eate\u2026<\/p>\n<p><strong><em>Clameurs<\/em> &#8211; sortie d\u2019album<br \/>\nVendredi 20 mars 2026 \u00e0 20h30<br \/>\nStudio de l\u2019Ermitage &#8211; 8 rue de l\u2019Ermitage, Paris XX\u00e8me\u00a0<\/strong><\/p>\n<p>&nbsp;<\/p>\n<p><img loading=\"lazy\" decoding=\"async\" class=\"alignnone wp-image-34333 size-full\" src=\"https:\/\/www.grandsformats.com\/wp-content\/uploads\/2026\/03\/redes-FB-apaisado.jpeg\" alt=\"surnatural Clameurs\" width=\"640\" height=\"454\" srcset=\"https:\/\/www.grandsformats.com\/wp-content\/uploads\/2026\/03\/redes-FB-apaisado.jpeg 640w, https:\/\/www.grandsformats.com\/wp-content\/uploads\/2026\/03\/redes-FB-apaisado-300x213.jpeg 300w, https:\/\/www.grandsformats.com\/wp-content\/uploads\/2026\/03\/redes-FB-apaisado-500x355.jpeg 500w, https:\/\/www.grandsformats.com\/wp-content\/uploads\/2026\/03\/redes-FB-apaisado-550x390.jpeg 550w, https:\/\/www.grandsformats.com\/wp-content\/uploads\/2026\/03\/redes-FB-apaisado-400x284.jpeg 400w\" sizes=\"auto, (max-width: 640px) 100vw, 640px\" \/><\/p>\n","protected":false},"excerpt":{"rendered":"<p>Clameurs est le r\u00e9pertoire actuel jou\u00e9 et tourn\u00e9 par l\u2019orchestre. Ce sera aussi en ce d\u00e9but d\u2019ann\u00e9e le nom de notre dixi\u00e8me album. Un album capt\u00e9 par bribes au cours des sessions de travail de l\u2019orchestre en des lieux tr\u00e8s diff\u00e9rents, au gr\u00e9 de nos r\u00e9sidences. Un, deux, trois morceaux furent enregistr\u00e9s \u00e0 chaque fois&#8230;<\/p>\n<p><a rel=\"bookmark\" class=\"theme-button-text wvc-button wvc-button-size-xs\" href=\"https:\/\/www.grandsformats.com\/en\/2026\/03\/surnatural-orchestra-clameurs-sortie-dalbum\/\"><small class=\"wvc-button-background-fill\"><\/small><span>Continue reading<\/span><\/a><\/p>\n","protected":false},"author":161,"featured_media":34335,"comment_status":"open","ping_status":"open","sticky":false,"template":"","format":"standard","meta":{"_acf_changed":false,"footnotes":""},"categories":[95,657],"tags":[],"class_list":["post-34332","post","type-post","status-publish","format-standard","has-post-thumbnail","hentry","category-membres","category-surnatural-orchestra","entry-post-skin-light","entry","clearfix","entry-grid","entry-columns-default","entry-post-module-layout-sidebar-right","thumbnail-color-tone-dark","metro-landscape","entry-post","entry-masonry","entry-post-masonry"],"acf":[],"yoast_head":"<!-- This site is optimized with the Yoast SEO plugin v25.8 - https:\/\/yoast.com\/wordpress\/plugins\/seo\/ -->\n<title>Surnatural Orchestra : Clameurs - sortie d\u2019album - Site officiel de la f\u00e9d\u00e9ration Grands Formats<\/title>\n<meta name=\"description\" content=\"Clameurs est le r\u00e9pertoire actuel jou\u00e9 et tourn\u00e9 par l\u2019orchestre. Ce sera aussi en ce d\u00e9but d\u2019ann\u00e9e le nom de notre dixi\u00e8me album...\" \/>\n<meta name=\"robots\" content=\"index, follow, max-snippet:-1, max-image-preview:large, max-video-preview:-1\" \/>\n<link rel=\"canonical\" href=\"https:\/\/www.grandsformats.com\/2026\/03\/surnatural-orchestra-clameurs-sortie-dalbum\/\" \/>\n<meta property=\"og:locale\" content=\"en_US\" \/>\n<meta property=\"og:type\" content=\"article\" \/>\n<meta property=\"og:title\" content=\"Surnatural Orchestra : Clameurs - sortie d\u2019album - Site officiel de la f\u00e9d\u00e9ration Grands Formats\" \/>\n<meta property=\"og:description\" content=\"Clameurs est le r\u00e9pertoire actuel jou\u00e9 et tourn\u00e9 par l\u2019orchestre. Ce sera aussi en ce d\u00e9but d\u2019ann\u00e9e le nom de notre dixi\u00e8me album...\" \/>\n<meta property=\"og:url\" content=\"https:\/\/www.grandsformats.com\/2026\/03\/surnatural-orchestra-clameurs-sortie-dalbum\/\" \/>\n<meta property=\"og:site_name\" content=\"Site officiel de la f\u00e9d\u00e9ration Grands Formats\" \/>\n<meta property=\"article:publisher\" content=\"https:\/\/www.facebook.com\/grandsformats\/\" \/>\n<meta property=\"article:published_time\" content=\"2026-03-03T13:05:36+00:00\" \/>\n<meta property=\"og:image\" content=\"https:\/\/www.grandsformats.com\/wp-content\/uploads\/2026\/03\/169redes-FB-apaisado-vacio.png\" \/>\n\t<meta property=\"og:image:width\" content=\"1920\" \/>\n\t<meta property=\"og:image:height\" content=\"1080\" \/>\n\t<meta property=\"og:image:type\" content=\"image\/png\" \/>\n<meta name=\"author\" content=\"Laura Hanequand - Grands Formats\" \/>\n<meta name=\"twitter:card\" content=\"summary_large_image\" \/>\n<meta name=\"twitter:creator\" content=\"@GrandsFormatsGF\" \/>\n<meta name=\"twitter:site\" content=\"@GrandsFormatsGF\" \/>\n<meta name=\"twitter:label1\" content=\"Written by\" \/>\n\t<meta name=\"twitter:data1\" content=\"Laura Hanequand - Grands Formats\" \/>\n\t<meta name=\"twitter:label2\" content=\"Est. reading time\" \/>\n\t<meta name=\"twitter:data2\" content=\"2 minutes\" \/>\n<script type=\"application\/ld+json\" class=\"yoast-schema-graph\">{\"@context\":\"https:\/\/schema.org\",\"@graph\":[{\"@type\":\"Article\",\"@id\":\"https:\/\/www.grandsformats.com\/2026\/03\/surnatural-orchestra-clameurs-sortie-dalbum\/#article\",\"isPartOf\":{\"@id\":\"https:\/\/www.grandsformats.com\/2026\/03\/surnatural-orchestra-clameurs-sortie-dalbum\/\"},\"author\":{\"name\":\"Laura Hanequand - Grands Formats\",\"@id\":\"https:\/\/www.grandsformats.com\/#\/schema\/person\/56c2866069b6967b2c7becd25c9b4dbb\"},\"headline\":\"Surnatural Orchestra : Clameurs &#8211; sortie d\u2019album\",\"datePublished\":\"2026-03-03T13:05:36+00:00\",\"mainEntityOfPage\":{\"@id\":\"https:\/\/www.grandsformats.com\/2026\/03\/surnatural-orchestra-clameurs-sortie-dalbum\/\"},\"wordCount\":228,\"commentCount\":0,\"publisher\":{\"@id\":\"https:\/\/www.grandsformats.com\/#organization\"},\"image\":{\"@id\":\"https:\/\/www.grandsformats.com\/2026\/03\/surnatural-orchestra-clameurs-sortie-dalbum\/#primaryimage\"},\"thumbnailUrl\":\"https:\/\/www.grandsformats.com\/wp-content\/uploads\/2026\/03\/169redes-FB-apaisado-vacio.png\",\"articleSection\":[\"Actus des membres\",\"Surnatural Orchestra\"],\"inLanguage\":\"en-US\",\"potentialAction\":[{\"@type\":\"CommentAction\",\"name\":\"Comment\",\"target\":[\"https:\/\/www.grandsformats.com\/2026\/03\/surnatural-orchestra-clameurs-sortie-dalbum\/#respond\"]}]},{\"@type\":\"WebPage\",\"@id\":\"https:\/\/www.grandsformats.com\/2026\/03\/surnatural-orchestra-clameurs-sortie-dalbum\/\",\"url\":\"https:\/\/www.grandsformats.com\/2026\/03\/surnatural-orchestra-clameurs-sortie-dalbum\/\",\"name\":\"Surnatural Orchestra : Clameurs - sortie d\u2019album - Site officiel de la f\u00e9d\u00e9ration Grands Formats\",\"isPartOf\":{\"@id\":\"https:\/\/www.grandsformats.com\/#website\"},\"primaryImageOfPage\":{\"@id\":\"https:\/\/www.grandsformats.com\/2026\/03\/surnatural-orchestra-clameurs-sortie-dalbum\/#primaryimage\"},\"image\":{\"@id\":\"https:\/\/www.grandsformats.com\/2026\/03\/surnatural-orchestra-clameurs-sortie-dalbum\/#primaryimage\"},\"thumbnailUrl\":\"https:\/\/www.grandsformats.com\/wp-content\/uploads\/2026\/03\/169redes-FB-apaisado-vacio.png\",\"datePublished\":\"2026-03-03T13:05:36+00:00\",\"description\":\"Clameurs est le r\u00e9pertoire actuel jou\u00e9 et tourn\u00e9 par l\u2019orchestre. Ce sera aussi en ce d\u00e9but d\u2019ann\u00e9e le nom de notre dixi\u00e8me album...\",\"breadcrumb\":{\"@id\":\"https:\/\/www.grandsformats.com\/2026\/03\/surnatural-orchestra-clameurs-sortie-dalbum\/#breadcrumb\"},\"inLanguage\":\"en-US\",\"potentialAction\":[{\"@type\":\"ReadAction\",\"target\":[\"https:\/\/www.grandsformats.com\/2026\/03\/surnatural-orchestra-clameurs-sortie-dalbum\/\"]}]},{\"@type\":\"ImageObject\",\"inLanguage\":\"en-US\",\"@id\":\"https:\/\/www.grandsformats.com\/2026\/03\/surnatural-orchestra-clameurs-sortie-dalbum\/#primaryimage\",\"url\":\"https:\/\/www.grandsformats.com\/wp-content\/uploads\/2026\/03\/169redes-FB-apaisado-vacio.png\",\"contentUrl\":\"https:\/\/www.grandsformats.com\/wp-content\/uploads\/2026\/03\/169redes-FB-apaisado-vacio.png\",\"width\":1920,\"height\":1080,\"caption\":\"Surnatural Clameurs\"},{\"@type\":\"BreadcrumbList\",\"@id\":\"https:\/\/www.grandsformats.com\/2026\/03\/surnatural-orchestra-clameurs-sortie-dalbum\/#breadcrumb\",\"itemListElement\":[{\"@type\":\"ListItem\",\"position\":1,\"name\":\"Accueil\",\"item\":\"https:\/\/www.grandsformats.com\/en\/\"},{\"@type\":\"ListItem\",\"position\":2,\"name\":\"Surnatural Orchestra : Clameurs &#8211; sortie d\u2019album\"}]},{\"@type\":\"WebSite\",\"@id\":\"https:\/\/www.grandsformats.com\/#website\",\"url\":\"https:\/\/www.grandsformats.com\/\",\"name\":\"Site officiel de la f\u00e9d\u00e9ration Grands Formats\",\"description\":\"F\u00e9d\u00e9ration d&#039;artistes pour la musique en grand !\",\"publisher\":{\"@id\":\"https:\/\/www.grandsformats.com\/#organization\"},\"potentialAction\":[{\"@type\":\"SearchAction\",\"target\":{\"@type\":\"EntryPoint\",\"urlTemplate\":\"https:\/\/www.grandsformats.com\/?s={search_term_string}\"},\"query-input\":{\"@type\":\"PropertyValueSpecification\",\"valueRequired\":true,\"valueName\":\"search_term_string\"}}],\"inLanguage\":\"en-US\"},{\"@type\":\"Organization\",\"@id\":\"https:\/\/www.grandsformats.com\/#organization\",\"name\":\"Grands Formats\",\"url\":\"https:\/\/www.grandsformats.com\/\",\"logo\":{\"@type\":\"ImageObject\",\"inLanguage\":\"en-US\",\"@id\":\"https:\/\/www.grandsformats.com\/#\/schema\/logo\/image\/\",\"url\":\"https:\/\/www.grandsformats.com\/wp-content\/uploads\/2020\/03\/logo-GF-200.png\",\"contentUrl\":\"https:\/\/www.grandsformats.com\/wp-content\/uploads\/2020\/03\/logo-GF-200.png\",\"width\":155,\"height\":200,\"caption\":\"Grands Formats\"},\"image\":{\"@id\":\"https:\/\/www.grandsformats.com\/#\/schema\/logo\/image\/\"},\"sameAs\":[\"https:\/\/www.facebook.com\/grandsformats\/\",\"https:\/\/x.com\/GrandsFormatsGF\",\"https:\/\/www.instagram.com\/grandsformats\/\",\"https:\/\/www.youtube.com\/channel\/UCJ7k9dbqc_DG-nxI3WMPvhw?view_as=subscriberhttps:\/\/www.youtube.com\/channel\/UCJ7k9dbqc_DG-nxI3WMPvhw?view_as=subscriber\"]},{\"@type\":\"Person\",\"@id\":\"https:\/\/www.grandsformats.com\/#\/schema\/person\/56c2866069b6967b2c7becd25c9b4dbb\",\"name\":\"Laura Hanequand - Grands Formats\",\"image\":{\"@type\":\"ImageObject\",\"inLanguage\":\"en-US\",\"@id\":\"https:\/\/www.grandsformats.com\/#\/schema\/person\/image\/\",\"url\":\"https:\/\/secure.gravatar.com\/avatar\/6d52edecb86835c2b7e81a2cdb8965ae325b4045b44f9043177428c622c06643?s=96&d=mm&r=g\",\"contentUrl\":\"https:\/\/secure.gravatar.com\/avatar\/6d52edecb86835c2b7e81a2cdb8965ae325b4045b44f9043177428c622c06643?s=96&d=mm&r=g\",\"caption\":\"Laura Hanequand - Grands Formats\"},\"url\":\"https:\/\/www.grandsformats.com\/en\/author\/lauragrandsformats-com\/\"}]}<\/script>\n<!-- \/ Yoast SEO plugin. -->","yoast_head_json":{"title":"Surnatural Orchestra : Clameurs - sortie d\u2019album - Site officiel de la f\u00e9d\u00e9ration Grands Formats","description":"Clameurs est le r\u00e9pertoire actuel jou\u00e9 et tourn\u00e9 par l\u2019orchestre. Ce sera aussi en ce d\u00e9but d\u2019ann\u00e9e le nom de notre dixi\u00e8me album...","robots":{"index":"index","follow":"follow","max-snippet":"max-snippet:-1","max-image-preview":"max-image-preview:large","max-video-preview":"max-video-preview:-1"},"canonical":"https:\/\/www.grandsformats.com\/2026\/03\/surnatural-orchestra-clameurs-sortie-dalbum\/","og_locale":"en_US","og_type":"article","og_title":"Surnatural Orchestra : Clameurs - sortie d\u2019album - Site officiel de la f\u00e9d\u00e9ration Grands Formats","og_description":"Clameurs est le r\u00e9pertoire actuel jou\u00e9 et tourn\u00e9 par l\u2019orchestre. Ce sera aussi en ce d\u00e9but d\u2019ann\u00e9e le nom de notre dixi\u00e8me album...","og_url":"https:\/\/www.grandsformats.com\/2026\/03\/surnatural-orchestra-clameurs-sortie-dalbum\/","og_site_name":"Site officiel de la f\u00e9d\u00e9ration Grands Formats","article_publisher":"https:\/\/www.facebook.com\/grandsformats\/","article_published_time":"2026-03-03T13:05:36+00:00","og_image":[{"width":1920,"height":1080,"url":"https:\/\/www.grandsformats.com\/wp-content\/uploads\/2026\/03\/169redes-FB-apaisado-vacio.png","type":"image\/png"}],"author":"Laura Hanequand - Grands Formats","twitter_card":"summary_large_image","twitter_creator":"@GrandsFormatsGF","twitter_site":"@GrandsFormatsGF","twitter_misc":{"Written by":"Laura Hanequand - Grands Formats","Est. reading time":"2 minutes"},"schema":{"@context":"https:\/\/schema.org","@graph":[{"@type":"Article","@id":"https:\/\/www.grandsformats.com\/2026\/03\/surnatural-orchestra-clameurs-sortie-dalbum\/#article","isPartOf":{"@id":"https:\/\/www.grandsformats.com\/2026\/03\/surnatural-orchestra-clameurs-sortie-dalbum\/"},"author":{"name":"Laura Hanequand - Grands Formats","@id":"https:\/\/www.grandsformats.com\/#\/schema\/person\/56c2866069b6967b2c7becd25c9b4dbb"},"headline":"Surnatural Orchestra : Clameurs &#8211; sortie d\u2019album","datePublished":"2026-03-03T13:05:36+00:00","mainEntityOfPage":{"@id":"https:\/\/www.grandsformats.com\/2026\/03\/surnatural-orchestra-clameurs-sortie-dalbum\/"},"wordCount":228,"commentCount":0,"publisher":{"@id":"https:\/\/www.grandsformats.com\/#organization"},"image":{"@id":"https:\/\/www.grandsformats.com\/2026\/03\/surnatural-orchestra-clameurs-sortie-dalbum\/#primaryimage"},"thumbnailUrl":"https:\/\/www.grandsformats.com\/wp-content\/uploads\/2026\/03\/169redes-FB-apaisado-vacio.png","articleSection":["Actus des membres","Surnatural Orchestra"],"inLanguage":"en-US","potentialAction":[{"@type":"CommentAction","name":"Comment","target":["https:\/\/www.grandsformats.com\/2026\/03\/surnatural-orchestra-clameurs-sortie-dalbum\/#respond"]}]},{"@type":"WebPage","@id":"https:\/\/www.grandsformats.com\/2026\/03\/surnatural-orchestra-clameurs-sortie-dalbum\/","url":"https:\/\/www.grandsformats.com\/2026\/03\/surnatural-orchestra-clameurs-sortie-dalbum\/","name":"Surnatural Orchestra : Clameurs - sortie d\u2019album - Site officiel de la f\u00e9d\u00e9ration Grands Formats","isPartOf":{"@id":"https:\/\/www.grandsformats.com\/#website"},"primaryImageOfPage":{"@id":"https:\/\/www.grandsformats.com\/2026\/03\/surnatural-orchestra-clameurs-sortie-dalbum\/#primaryimage"},"image":{"@id":"https:\/\/www.grandsformats.com\/2026\/03\/surnatural-orchestra-clameurs-sortie-dalbum\/#primaryimage"},"thumbnailUrl":"https:\/\/www.grandsformats.com\/wp-content\/uploads\/2026\/03\/169redes-FB-apaisado-vacio.png","datePublished":"2026-03-03T13:05:36+00:00","description":"Clameurs est le r\u00e9pertoire actuel jou\u00e9 et tourn\u00e9 par l\u2019orchestre. Ce sera aussi en ce d\u00e9but d\u2019ann\u00e9e le nom de notre dixi\u00e8me album...","breadcrumb":{"@id":"https:\/\/www.grandsformats.com\/2026\/03\/surnatural-orchestra-clameurs-sortie-dalbum\/#breadcrumb"},"inLanguage":"en-US","potentialAction":[{"@type":"ReadAction","target":["https:\/\/www.grandsformats.com\/2026\/03\/surnatural-orchestra-clameurs-sortie-dalbum\/"]}]},{"@type":"ImageObject","inLanguage":"en-US","@id":"https:\/\/www.grandsformats.com\/2026\/03\/surnatural-orchestra-clameurs-sortie-dalbum\/#primaryimage","url":"https:\/\/www.grandsformats.com\/wp-content\/uploads\/2026\/03\/169redes-FB-apaisado-vacio.png","contentUrl":"https:\/\/www.grandsformats.com\/wp-content\/uploads\/2026\/03\/169redes-FB-apaisado-vacio.png","width":1920,"height":1080,"caption":"Surnatural Clameurs"},{"@type":"BreadcrumbList","@id":"https:\/\/www.grandsformats.com\/2026\/03\/surnatural-orchestra-clameurs-sortie-dalbum\/#breadcrumb","itemListElement":[{"@type":"ListItem","position":1,"name":"Accueil","item":"https:\/\/www.grandsformats.com\/en\/"},{"@type":"ListItem","position":2,"name":"Surnatural Orchestra : Clameurs &#8211; sortie d\u2019album"}]},{"@type":"WebSite","@id":"https:\/\/www.grandsformats.com\/#website","url":"https:\/\/www.grandsformats.com\/","name":"Site officiel de la f\u00e9d\u00e9ration Grands Formats","description":"F\u00e9d\u00e9ration d&#039;artistes pour la musique en grand !","publisher":{"@id":"https:\/\/www.grandsformats.com\/#organization"},"potentialAction":[{"@type":"SearchAction","target":{"@type":"EntryPoint","urlTemplate":"https:\/\/www.grandsformats.com\/?s={search_term_string}"},"query-input":{"@type":"PropertyValueSpecification","valueRequired":true,"valueName":"search_term_string"}}],"inLanguage":"en-US"},{"@type":"Organization","@id":"https:\/\/www.grandsformats.com\/#organization","name":"Grands Formats","url":"https:\/\/www.grandsformats.com\/","logo":{"@type":"ImageObject","inLanguage":"en-US","@id":"https:\/\/www.grandsformats.com\/#\/schema\/logo\/image\/","url":"https:\/\/www.grandsformats.com\/wp-content\/uploads\/2020\/03\/logo-GF-200.png","contentUrl":"https:\/\/www.grandsformats.com\/wp-content\/uploads\/2020\/03\/logo-GF-200.png","width":155,"height":200,"caption":"Grands Formats"},"image":{"@id":"https:\/\/www.grandsformats.com\/#\/schema\/logo\/image\/"},"sameAs":["https:\/\/www.facebook.com\/grandsformats\/","https:\/\/x.com\/GrandsFormatsGF","https:\/\/www.instagram.com\/grandsformats\/","https:\/\/www.youtube.com\/channel\/UCJ7k9dbqc_DG-nxI3WMPvhw?view_as=subscriberhttps:\/\/www.youtube.com\/channel\/UCJ7k9dbqc_DG-nxI3WMPvhw?view_as=subscriber"]},{"@type":"Person","@id":"https:\/\/www.grandsformats.com\/#\/schema\/person\/56c2866069b6967b2c7becd25c9b4dbb","name":"Laura Hanequand - Grands Formats","image":{"@type":"ImageObject","inLanguage":"en-US","@id":"https:\/\/www.grandsformats.com\/#\/schema\/person\/image\/","url":"https:\/\/secure.gravatar.com\/avatar\/6d52edecb86835c2b7e81a2cdb8965ae325b4045b44f9043177428c622c06643?s=96&d=mm&r=g","contentUrl":"https:\/\/secure.gravatar.com\/avatar\/6d52edecb86835c2b7e81a2cdb8965ae325b4045b44f9043177428c622c06643?s=96&d=mm&r=g","caption":"Laura Hanequand - Grands Formats"},"url":"https:\/\/www.grandsformats.com\/en\/author\/lauragrandsformats-com\/"}]}},"_links":{"self":[{"href":"https:\/\/www.grandsformats.com\/en\/wp-json\/wp\/v2\/posts\/34332","targetHints":{"allow":["GET"]}}],"collection":[{"href":"https:\/\/www.grandsformats.com\/en\/wp-json\/wp\/v2\/posts"}],"about":[{"href":"https:\/\/www.grandsformats.com\/en\/wp-json\/wp\/v2\/types\/post"}],"author":[{"embeddable":true,"href":"https:\/\/www.grandsformats.com\/en\/wp-json\/wp\/v2\/users\/161"}],"replies":[{"embeddable":true,"href":"https:\/\/www.grandsformats.com\/en\/wp-json\/wp\/v2\/comments?post=34332"}],"version-history":[{"count":1,"href":"https:\/\/www.grandsformats.com\/en\/wp-json\/wp\/v2\/posts\/34332\/revisions"}],"predecessor-version":[{"id":34337,"href":"https:\/\/www.grandsformats.com\/en\/wp-json\/wp\/v2\/posts\/34332\/revisions\/34337"}],"wp:featuredmedia":[{"embeddable":true,"href":"https:\/\/www.grandsformats.com\/en\/wp-json\/wp\/v2\/media\/34335"}],"wp:attachment":[{"href":"https:\/\/www.grandsformats.com\/en\/wp-json\/wp\/v2\/media?parent=34332"}],"wp:term":[{"taxonomy":"category","embeddable":true,"href":"https:\/\/www.grandsformats.com\/en\/wp-json\/wp\/v2\/categories?post=34332"},{"taxonomy":"post_tag","embeddable":true,"href":"https:\/\/www.grandsformats.com\/en\/wp-json\/wp\/v2\/tags?post=34332"}],"curies":[{"name":"wp","href":"https:\/\/api.w.org\/{rel}","templated":true}]}}