{"id":34320,"date":"2026-03-03T10:35:39","date_gmt":"2026-03-03T09:35:39","guid":{"rendered":"https:\/\/www.grandsformats.com\/?p=34320"},"modified":"2026-03-03T10:54:46","modified_gmt":"2026-03-03T09:54:46","slug":"face-a-leurs-desexistence-sengager-pour-les-jazzs","status":"publish","type":"post","link":"https:\/\/www.grandsformats.com\/en\/2026\/03\/face-a-leurs-desexistence-sengager-pour-les-jazzs\/","title":{"rendered":"Face \u00e0 leurs d\u00e9sexistences, s\u2019engager pour les jazz(s)"},"content":{"rendered":"<p>\u00c9voluer aujourd\u2019hui dans le milieu du jazz et des musiques improvis\u00e9es, c\u2019est encaisser des coups.<\/p>\n<p>La beaut\u00e9 de ces musiques et la joie de les partager ne sauraient effacer leur lente d\u00e9sexistence, orchestr\u00e9e sciemment par le politique en ce d\u00e9but d\u2019ann\u00e9e 2026, avec des attaques d\u2019une brutalit\u00e9 volontaire.<\/p>\n<p>Ce n\u2019est plus un chiffon rouge agit\u00e9 pour alerter : les faits sont l\u00e0. La suppression des aides \u00e0 l\u2019emploi FONPEPS pour les clubs et leur r\u00e9duction de moiti\u00e9 pour les compagnies n\u2019est qu\u2019un choix de politique budg\u00e9taire qui a pour vocation de frapper dur sur un certain type d\u2019\u00e9lectorat dit \u00ab de gauche \u00bb.<\/p>\n<p>La caste m\u00e9diatique, contr\u00f4l\u00e9e par l\u2019extr\u00eame droite dans sa grande majorit\u00e9, semble avoir relanc\u00e9 une \u00ab chasse aux sorci\u00e8res \u00bb dont le but est de jeter le discr\u00e9dit, notamment sur les artistes.<\/p>\n<p>De m\u00eame, l\u2019offensive du MEDEF contre l\u2019intermittence du spectacle, voulant imposer 557 h au lieu de 507 h pour l\u2019acc\u00e8s \u00e0 l\u2019intermittence, exclurait un tiers des musicien\u00b7nes. Les <em>jazzwomen<\/em> et <em>jazzmen<\/em>, parmi les plus pr\u00e9caires, seraient alors touch\u00e9\u00b7es de plein fouet. Fort heureusement, la mobilisation a permis d\u2019\u00e9viter l\u2019uppercut, \u00e0 bon entendeur, nous serons l\u00e0 aussi en 2028 en cas de reprise des n\u00e9gociations.<\/p>\n<p>Chers coll\u00e8gues musicien\u00b7nes, aujourd\u2019hui nous ne pouvons plus nous contenter de jouer du jazz pour d\u00e9fendre cette musique. Rappelons-nous que l\u2019engagement politique et social est l\u2019ADN de cet art. Nos jazz(s) ont besoin d\u2019\u00eatre d\u00e9fendus, et ce mois d\u2019\u00e9lections municipales sera d\u00e9cisif.<\/p>\n<p>Sentons ce printemps en nous. Agissons. Passons \u00e0 l\u2019action, participons aux mobilisations des f\u00e9d\u00e9rations et syndicats de la profession. Informons le public et nos coll\u00e8gues.<\/p>\n<p>Plus largement encore, engageons-nous pour nos musiques. Relayons les informations des concerts, surtout dans les zones rurales. Offrons notre passion dans la transmission, en \u00e9coles, aux <em>jam sessions<\/em>, aux <em>workshops<\/em> ; organisons des concerts d\u2019art et d\u2019essai, achetons des disques de jazz au vrai prix directement aux artistes, opposons-nous aux discours de rentabilit\u00e9 de l\u2019industrie musicale, aux impulsions d\u00e9magogiques des listes municipales de nos villes. C\u2019est le moment de s\u2019investir dans les associations, de soutenir plus encore les porteurs de projets de nos groupes&#8230;<\/p>\n<p>La seule expression artistique n\u2019est plus suffisante pour garantir l\u2019existence du ou des jazz(s) dans un cadre libre et professionnel.<br \/>\nNotre passion pour nos musiques est une force \u00e0 laquelle rien ne pourra s\u2019opposer si nous y croyons.<\/p>\n<p style=\"text-align: right;\"><strong>Par L\u00e9o Jeannet pour Pousse-Pousse Production et le Panoramic Project<\/strong><\/p>\n<p style=\"text-align: right;\"><span style=\"font-size: 10pt;\">\u00a0<\/span><\/p>\n<p style=\"text-align: right;\"><span style=\"font-size: 10pt;\">\u00a9 Zo\u00e9 Casas<\/span><\/p>\n","protected":false},"excerpt":{"rendered":"<p>\u00c9voluer aujourd\u2019hui dans le milieu du jazz et des musiques improvis\u00e9es, c\u2019est encaisser des coups. La beaut\u00e9 de ces musiques et la joie de les partager ne sauraient effacer leur lente d\u00e9sexistence, orchestr\u00e9e sciemment par le politique en ce d\u00e9but d\u2019ann\u00e9e 2026, avec des attaques d\u2019une brutalit\u00e9 volontaire. Ce n\u2019est plus un chiffon rouge agit\u00e9&#8230;<\/p>\n<p><a rel=\"bookmark\" class=\"theme-button-text wvc-button wvc-button-size-xs\" href=\"https:\/\/www.grandsformats.com\/en\/2026\/03\/face-a-leurs-desexistence-sengager-pour-les-jazzs\/\"><small class=\"wvc-button-background-fill\"><\/small><span>Continue reading<\/span><\/a><\/p>\n","protected":false},"author":161,"featured_media":34321,"comment_status":"open","ping_status":"open","sticky":false,"template":"","format":"standard","meta":{"_acf_changed":false,"footnotes":""},"categories":[662,923,224],"tags":[],"class_list":["post-34320","post","type-post","status-publish","format-standard","has-post-thumbnail","hentry","category-panoramic-project","category-pousse-pousse-production","category-tribunes","entry-post-skin-light","entry","clearfix","entry-grid","entry-columns-default","entry-post-module-layout-sidebar-right","thumbnail-color-tone-dark","metro-landscape","entry-post","entry-masonry","entry-post-masonry"],"acf":[],"yoast_head":"<!-- This site is optimized with the Yoast SEO plugin v25.8 - https:\/\/yoast.com\/wordpress\/plugins\/seo\/ -->\n<title>Face \u00e0 leurs d\u00e9sexistences, s\u2019engager pour les jazz(s) - Site officiel de la f\u00e9d\u00e9ration Grands Formats<\/title>\n<meta name=\"description\" content=\"Tribune L\u00e9o Jeannet : \u00c9voluer aujourd\u2019hui dans le milieu du jazz et des musiques improvis\u00e9es, c\u2019est encaisser des coups.La beaut\u00e9 de ces...\" \/>\n<meta name=\"robots\" content=\"index, follow, max-snippet:-1, max-image-preview:large, max-video-preview:-1\" \/>\n<link rel=\"canonical\" href=\"https:\/\/www.grandsformats.com\/2026\/03\/face-a-leurs-desexistence-sengager-pour-les-jazzs\/\" \/>\n<meta property=\"og:locale\" content=\"en_US\" \/>\n<meta property=\"og:type\" content=\"article\" \/>\n<meta property=\"og:title\" content=\"Face \u00e0 leurs d\u00e9sexistences, s\u2019engager pour les jazz(s) - Site officiel de la f\u00e9d\u00e9ration Grands Formats\" \/>\n<meta property=\"og:description\" content=\"Tribune L\u00e9o Jeannet : \u00c9voluer aujourd\u2019hui dans le milieu du jazz et des musiques improvis\u00e9es, c\u2019est encaisser des coups.La beaut\u00e9 de ces...\" \/>\n<meta property=\"og:url\" content=\"https:\/\/www.grandsformats.com\/2026\/03\/face-a-leurs-desexistence-sengager-pour-les-jazzs\/\" \/>\n<meta property=\"og:site_name\" content=\"Site officiel de la f\u00e9d\u00e9ration Grands Formats\" \/>\n<meta property=\"article:publisher\" content=\"https:\/\/www.facebook.com\/grandsformats\/\" \/>\n<meta property=\"article:published_time\" content=\"2026-03-03T09:35:39+00:00\" \/>\n<meta property=\"article:modified_time\" content=\"2026-03-03T09:54:46+00:00\" \/>\n<meta property=\"og:image\" content=\"https:\/\/www.grandsformats.com\/wp-content\/uploads\/2026\/03\/169photo-leo-meudon-copyright-Zoe-Casas.png\" \/>\n\t<meta property=\"og:image:width\" content=\"1920\" \/>\n\t<meta property=\"og:image:height\" content=\"1079\" \/>\n\t<meta property=\"og:image:type\" content=\"image\/png\" \/>\n<meta name=\"author\" content=\"Laura Hanequand - Grands Formats\" \/>\n<meta name=\"twitter:card\" content=\"summary_large_image\" \/>\n<meta name=\"twitter:creator\" content=\"@GrandsFormatsGF\" \/>\n<meta name=\"twitter:site\" content=\"@GrandsFormatsGF\" \/>\n<meta name=\"twitter:label1\" content=\"Written by\" \/>\n\t<meta name=\"twitter:data1\" content=\"Laura Hanequand - Grands Formats\" \/>\n\t<meta name=\"twitter:label2\" content=\"Est. reading time\" \/>\n\t<meta name=\"twitter:data2\" content=\"3 minutes\" \/>\n<script type=\"application\/ld+json\" class=\"yoast-schema-graph\">{\"@context\":\"https:\/\/schema.org\",\"@graph\":[{\"@type\":\"Article\",\"@id\":\"https:\/\/www.grandsformats.com\/2026\/03\/face-a-leurs-desexistence-sengager-pour-les-jazzs\/#article\",\"isPartOf\":{\"@id\":\"https:\/\/www.grandsformats.com\/2026\/03\/face-a-leurs-desexistence-sengager-pour-les-jazzs\/\"},\"author\":{\"name\":\"Laura Hanequand - Grands Formats\",\"@id\":\"https:\/\/www.grandsformats.com\/#\/schema\/person\/56c2866069b6967b2c7becd25c9b4dbb\"},\"headline\":\"Face \u00e0 leurs d\u00e9sexistences, s\u2019engager pour les jazz(s)\",\"datePublished\":\"2026-03-03T09:35:39+00:00\",\"dateModified\":\"2026-03-03T09:54:46+00:00\",\"mainEntityOfPage\":{\"@id\":\"https:\/\/www.grandsformats.com\/2026\/03\/face-a-leurs-desexistence-sengager-pour-les-jazzs\/\"},\"wordCount\":456,\"commentCount\":0,\"publisher\":{\"@id\":\"https:\/\/www.grandsformats.com\/#organization\"},\"image\":{\"@id\":\"https:\/\/www.grandsformats.com\/2026\/03\/face-a-leurs-desexistence-sengager-pour-les-jazzs\/#primaryimage\"},\"thumbnailUrl\":\"https:\/\/www.grandsformats.com\/wp-content\/uploads\/2026\/03\/169photo-leo-meudon-copyright-Zoe-Casas.png\",\"articleSection\":[\"Panoramic Project\",\"Pousse Pousse Production\",\"Tribunes\"],\"inLanguage\":\"en-US\",\"potentialAction\":[{\"@type\":\"CommentAction\",\"name\":\"Comment\",\"target\":[\"https:\/\/www.grandsformats.com\/2026\/03\/face-a-leurs-desexistence-sengager-pour-les-jazzs\/#respond\"]}]},{\"@type\":\"WebPage\",\"@id\":\"https:\/\/www.grandsformats.com\/2026\/03\/face-a-leurs-desexistence-sengager-pour-les-jazzs\/\",\"url\":\"https:\/\/www.grandsformats.com\/2026\/03\/face-a-leurs-desexistence-sengager-pour-les-jazzs\/\",\"name\":\"Face \u00e0 leurs d\u00e9sexistences, s\u2019engager pour les jazz(s) - Site officiel de la f\u00e9d\u00e9ration Grands Formats\",\"isPartOf\":{\"@id\":\"https:\/\/www.grandsformats.com\/#website\"},\"primaryImageOfPage\":{\"@id\":\"https:\/\/www.grandsformats.com\/2026\/03\/face-a-leurs-desexistence-sengager-pour-les-jazzs\/#primaryimage\"},\"image\":{\"@id\":\"https:\/\/www.grandsformats.com\/2026\/03\/face-a-leurs-desexistence-sengager-pour-les-jazzs\/#primaryimage\"},\"thumbnailUrl\":\"https:\/\/www.grandsformats.com\/wp-content\/uploads\/2026\/03\/169photo-leo-meudon-copyright-Zoe-Casas.png\",\"datePublished\":\"2026-03-03T09:35:39+00:00\",\"dateModified\":\"2026-03-03T09:54:46+00:00\",\"description\":\"Tribune L\u00e9o Jeannet : \u00c9voluer aujourd\u2019hui dans le milieu du jazz et des musiques improvis\u00e9es, c\u2019est encaisser des coups.La beaut\u00e9 de ces...\",\"breadcrumb\":{\"@id\":\"https:\/\/www.grandsformats.com\/2026\/03\/face-a-leurs-desexistence-sengager-pour-les-jazzs\/#breadcrumb\"},\"inLanguage\":\"en-US\",\"potentialAction\":[{\"@type\":\"ReadAction\",\"target\":[\"https:\/\/www.grandsformats.com\/2026\/03\/face-a-leurs-desexistence-sengager-pour-les-jazzs\/\"]}]},{\"@type\":\"ImageObject\",\"inLanguage\":\"en-US\",\"@id\":\"https:\/\/www.grandsformats.com\/2026\/03\/face-a-leurs-desexistence-sengager-pour-les-jazzs\/#primaryimage\",\"url\":\"https:\/\/www.grandsformats.com\/wp-content\/uploads\/2026\/03\/169photo-leo-meudon-copyright-Zoe-Casas.png\",\"contentUrl\":\"https:\/\/www.grandsformats.com\/wp-content\/uploads\/2026\/03\/169photo-leo-meudon-copyright-Zoe-Casas.png\",\"width\":1920,\"height\":1079,\"caption\":\"L\u00e9o Jeannet \u00a9 Zo\u00e9 Casas\"},{\"@type\":\"BreadcrumbList\",\"@id\":\"https:\/\/www.grandsformats.com\/2026\/03\/face-a-leurs-desexistence-sengager-pour-les-jazzs\/#breadcrumb\",\"itemListElement\":[{\"@type\":\"ListItem\",\"position\":1,\"name\":\"Accueil\",\"item\":\"https:\/\/www.grandsformats.com\/en\/\"},{\"@type\":\"ListItem\",\"position\":2,\"name\":\"Face \u00e0 leurs d\u00e9sexistences, s\u2019engager pour les jazz(s)\"}]},{\"@type\":\"WebSite\",\"@id\":\"https:\/\/www.grandsformats.com\/#website\",\"url\":\"https:\/\/www.grandsformats.com\/\",\"name\":\"Site officiel de la f\u00e9d\u00e9ration Grands Formats\",\"description\":\"F\u00e9d\u00e9ration d&#039;artistes pour la musique en grand !\",\"publisher\":{\"@id\":\"https:\/\/www.grandsformats.com\/#organization\"},\"potentialAction\":[{\"@type\":\"SearchAction\",\"target\":{\"@type\":\"EntryPoint\",\"urlTemplate\":\"https:\/\/www.grandsformats.com\/?s={search_term_string}\"},\"query-input\":{\"@type\":\"PropertyValueSpecification\",\"valueRequired\":true,\"valueName\":\"search_term_string\"}}],\"inLanguage\":\"en-US\"},{\"@type\":\"Organization\",\"@id\":\"https:\/\/www.grandsformats.com\/#organization\",\"name\":\"Grands Formats\",\"url\":\"https:\/\/www.grandsformats.com\/\",\"logo\":{\"@type\":\"ImageObject\",\"inLanguage\":\"en-US\",\"@id\":\"https:\/\/www.grandsformats.com\/#\/schema\/logo\/image\/\",\"url\":\"https:\/\/www.grandsformats.com\/wp-content\/uploads\/2020\/03\/logo-GF-200.png\",\"contentUrl\":\"https:\/\/www.grandsformats.com\/wp-content\/uploads\/2020\/03\/logo-GF-200.png\",\"width\":155,\"height\":200,\"caption\":\"Grands Formats\"},\"image\":{\"@id\":\"https:\/\/www.grandsformats.com\/#\/schema\/logo\/image\/\"},\"sameAs\":[\"https:\/\/www.facebook.com\/grandsformats\/\",\"https:\/\/x.com\/GrandsFormatsGF\",\"https:\/\/www.instagram.com\/grandsformats\/\",\"https:\/\/www.youtube.com\/channel\/UCJ7k9dbqc_DG-nxI3WMPvhw?view_as=subscriberhttps:\/\/www.youtube.com\/channel\/UCJ7k9dbqc_DG-nxI3WMPvhw?view_as=subscriber\"]},{\"@type\":\"Person\",\"@id\":\"https:\/\/www.grandsformats.com\/#\/schema\/person\/56c2866069b6967b2c7becd25c9b4dbb\",\"name\":\"Laura Hanequand - Grands Formats\",\"image\":{\"@type\":\"ImageObject\",\"inLanguage\":\"en-US\",\"@id\":\"https:\/\/www.grandsformats.com\/#\/schema\/person\/image\/\",\"url\":\"https:\/\/secure.gravatar.com\/avatar\/6d52edecb86835c2b7e81a2cdb8965ae325b4045b44f9043177428c622c06643?s=96&d=mm&r=g\",\"contentUrl\":\"https:\/\/secure.gravatar.com\/avatar\/6d52edecb86835c2b7e81a2cdb8965ae325b4045b44f9043177428c622c06643?s=96&d=mm&r=g\",\"caption\":\"Laura Hanequand - Grands Formats\"},\"url\":\"https:\/\/www.grandsformats.com\/en\/author\/lauragrandsformats-com\/\"}]}<\/script>\n<!-- \/ Yoast SEO plugin. -->","yoast_head_json":{"title":"Face \u00e0 leurs d\u00e9sexistences, s\u2019engager pour les jazz(s) - Site officiel de la f\u00e9d\u00e9ration Grands Formats","description":"Tribune L\u00e9o Jeannet : \u00c9voluer aujourd\u2019hui dans le milieu du jazz et des musiques improvis\u00e9es, c\u2019est encaisser des coups.La beaut\u00e9 de ces...","robots":{"index":"index","follow":"follow","max-snippet":"max-snippet:-1","max-image-preview":"max-image-preview:large","max-video-preview":"max-video-preview:-1"},"canonical":"https:\/\/www.grandsformats.com\/2026\/03\/face-a-leurs-desexistence-sengager-pour-les-jazzs\/","og_locale":"en_US","og_type":"article","og_title":"Face \u00e0 leurs d\u00e9sexistences, s\u2019engager pour les jazz(s) - Site officiel de la f\u00e9d\u00e9ration Grands Formats","og_description":"Tribune L\u00e9o Jeannet : \u00c9voluer aujourd\u2019hui dans le milieu du jazz et des musiques improvis\u00e9es, c\u2019est encaisser des coups.La beaut\u00e9 de ces...","og_url":"https:\/\/www.grandsformats.com\/2026\/03\/face-a-leurs-desexistence-sengager-pour-les-jazzs\/","og_site_name":"Site officiel de la f\u00e9d\u00e9ration Grands Formats","article_publisher":"https:\/\/www.facebook.com\/grandsformats\/","article_published_time":"2026-03-03T09:35:39+00:00","article_modified_time":"2026-03-03T09:54:46+00:00","og_image":[{"width":1920,"height":1079,"url":"https:\/\/www.grandsformats.com\/wp-content\/uploads\/2026\/03\/169photo-leo-meudon-copyright-Zoe-Casas.png","type":"image\/png"}],"author":"Laura Hanequand - Grands Formats","twitter_card":"summary_large_image","twitter_creator":"@GrandsFormatsGF","twitter_site":"@GrandsFormatsGF","twitter_misc":{"Written by":"Laura Hanequand - Grands Formats","Est. reading time":"3 minutes"},"schema":{"@context":"https:\/\/schema.org","@graph":[{"@type":"Article","@id":"https:\/\/www.grandsformats.com\/2026\/03\/face-a-leurs-desexistence-sengager-pour-les-jazzs\/#article","isPartOf":{"@id":"https:\/\/www.grandsformats.com\/2026\/03\/face-a-leurs-desexistence-sengager-pour-les-jazzs\/"},"author":{"name":"Laura Hanequand - Grands Formats","@id":"https:\/\/www.grandsformats.com\/#\/schema\/person\/56c2866069b6967b2c7becd25c9b4dbb"},"headline":"Face \u00e0 leurs d\u00e9sexistences, s\u2019engager pour les jazz(s)","datePublished":"2026-03-03T09:35:39+00:00","dateModified":"2026-03-03T09:54:46+00:00","mainEntityOfPage":{"@id":"https:\/\/www.grandsformats.com\/2026\/03\/face-a-leurs-desexistence-sengager-pour-les-jazzs\/"},"wordCount":456,"commentCount":0,"publisher":{"@id":"https:\/\/www.grandsformats.com\/#organization"},"image":{"@id":"https:\/\/www.grandsformats.com\/2026\/03\/face-a-leurs-desexistence-sengager-pour-les-jazzs\/#primaryimage"},"thumbnailUrl":"https:\/\/www.grandsformats.com\/wp-content\/uploads\/2026\/03\/169photo-leo-meudon-copyright-Zoe-Casas.png","articleSection":["Panoramic Project","Pousse Pousse Production","Tribunes"],"inLanguage":"en-US","potentialAction":[{"@type":"CommentAction","name":"Comment","target":["https:\/\/www.grandsformats.com\/2026\/03\/face-a-leurs-desexistence-sengager-pour-les-jazzs\/#respond"]}]},{"@type":"WebPage","@id":"https:\/\/www.grandsformats.com\/2026\/03\/face-a-leurs-desexistence-sengager-pour-les-jazzs\/","url":"https:\/\/www.grandsformats.com\/2026\/03\/face-a-leurs-desexistence-sengager-pour-les-jazzs\/","name":"Face \u00e0 leurs d\u00e9sexistences, s\u2019engager pour les jazz(s) - Site officiel de la f\u00e9d\u00e9ration Grands Formats","isPartOf":{"@id":"https:\/\/www.grandsformats.com\/#website"},"primaryImageOfPage":{"@id":"https:\/\/www.grandsformats.com\/2026\/03\/face-a-leurs-desexistence-sengager-pour-les-jazzs\/#primaryimage"},"image":{"@id":"https:\/\/www.grandsformats.com\/2026\/03\/face-a-leurs-desexistence-sengager-pour-les-jazzs\/#primaryimage"},"thumbnailUrl":"https:\/\/www.grandsformats.com\/wp-content\/uploads\/2026\/03\/169photo-leo-meudon-copyright-Zoe-Casas.png","datePublished":"2026-03-03T09:35:39+00:00","dateModified":"2026-03-03T09:54:46+00:00","description":"Tribune L\u00e9o Jeannet : \u00c9voluer aujourd\u2019hui dans le milieu du jazz et des musiques improvis\u00e9es, c\u2019est encaisser des coups.La beaut\u00e9 de ces...","breadcrumb":{"@id":"https:\/\/www.grandsformats.com\/2026\/03\/face-a-leurs-desexistence-sengager-pour-les-jazzs\/#breadcrumb"},"inLanguage":"en-US","potentialAction":[{"@type":"ReadAction","target":["https:\/\/www.grandsformats.com\/2026\/03\/face-a-leurs-desexistence-sengager-pour-les-jazzs\/"]}]},{"@type":"ImageObject","inLanguage":"en-US","@id":"https:\/\/www.grandsformats.com\/2026\/03\/face-a-leurs-desexistence-sengager-pour-les-jazzs\/#primaryimage","url":"https:\/\/www.grandsformats.com\/wp-content\/uploads\/2026\/03\/169photo-leo-meudon-copyright-Zoe-Casas.png","contentUrl":"https:\/\/www.grandsformats.com\/wp-content\/uploads\/2026\/03\/169photo-leo-meudon-copyright-Zoe-Casas.png","width":1920,"height":1079,"caption":"L\u00e9o Jeannet \u00a9 Zo\u00e9 Casas"},{"@type":"BreadcrumbList","@id":"https:\/\/www.grandsformats.com\/2026\/03\/face-a-leurs-desexistence-sengager-pour-les-jazzs\/#breadcrumb","itemListElement":[{"@type":"ListItem","position":1,"name":"Accueil","item":"https:\/\/www.grandsformats.com\/en\/"},{"@type":"ListItem","position":2,"name":"Face \u00e0 leurs d\u00e9sexistences, s\u2019engager pour les jazz(s)"}]},{"@type":"WebSite","@id":"https:\/\/www.grandsformats.com\/#website","url":"https:\/\/www.grandsformats.com\/","name":"Site officiel de la f\u00e9d\u00e9ration Grands Formats","description":"F\u00e9d\u00e9ration d&#039;artistes pour la musique en grand !","publisher":{"@id":"https:\/\/www.grandsformats.com\/#organization"},"potentialAction":[{"@type":"SearchAction","target":{"@type":"EntryPoint","urlTemplate":"https:\/\/www.grandsformats.com\/?s={search_term_string}"},"query-input":{"@type":"PropertyValueSpecification","valueRequired":true,"valueName":"search_term_string"}}],"inLanguage":"en-US"},{"@type":"Organization","@id":"https:\/\/www.grandsformats.com\/#organization","name":"Grands Formats","url":"https:\/\/www.grandsformats.com\/","logo":{"@type":"ImageObject","inLanguage":"en-US","@id":"https:\/\/www.grandsformats.com\/#\/schema\/logo\/image\/","url":"https:\/\/www.grandsformats.com\/wp-content\/uploads\/2020\/03\/logo-GF-200.png","contentUrl":"https:\/\/www.grandsformats.com\/wp-content\/uploads\/2020\/03\/logo-GF-200.png","width":155,"height":200,"caption":"Grands Formats"},"image":{"@id":"https:\/\/www.grandsformats.com\/#\/schema\/logo\/image\/"},"sameAs":["https:\/\/www.facebook.com\/grandsformats\/","https:\/\/x.com\/GrandsFormatsGF","https:\/\/www.instagram.com\/grandsformats\/","https:\/\/www.youtube.com\/channel\/UCJ7k9dbqc_DG-nxI3WMPvhw?view_as=subscriberhttps:\/\/www.youtube.com\/channel\/UCJ7k9dbqc_DG-nxI3WMPvhw?view_as=subscriber"]},{"@type":"Person","@id":"https:\/\/www.grandsformats.com\/#\/schema\/person\/56c2866069b6967b2c7becd25c9b4dbb","name":"Laura Hanequand - Grands Formats","image":{"@type":"ImageObject","inLanguage":"en-US","@id":"https:\/\/www.grandsformats.com\/#\/schema\/person\/image\/","url":"https:\/\/secure.gravatar.com\/avatar\/6d52edecb86835c2b7e81a2cdb8965ae325b4045b44f9043177428c622c06643?s=96&d=mm&r=g","contentUrl":"https:\/\/secure.gravatar.com\/avatar\/6d52edecb86835c2b7e81a2cdb8965ae325b4045b44f9043177428c622c06643?s=96&d=mm&r=g","caption":"Laura Hanequand - Grands Formats"},"url":"https:\/\/www.grandsformats.com\/en\/author\/lauragrandsformats-com\/"}]}},"_links":{"self":[{"href":"https:\/\/www.grandsformats.com\/en\/wp-json\/wp\/v2\/posts\/34320","targetHints":{"allow":["GET"]}}],"collection":[{"href":"https:\/\/www.grandsformats.com\/en\/wp-json\/wp\/v2\/posts"}],"about":[{"href":"https:\/\/www.grandsformats.com\/en\/wp-json\/wp\/v2\/types\/post"}],"author":[{"embeddable":true,"href":"https:\/\/www.grandsformats.com\/en\/wp-json\/wp\/v2\/users\/161"}],"replies":[{"embeddable":true,"href":"https:\/\/www.grandsformats.com\/en\/wp-json\/wp\/v2\/comments?post=34320"}],"version-history":[{"count":3,"href":"https:\/\/www.grandsformats.com\/en\/wp-json\/wp\/v2\/posts\/34320\/revisions"}],"predecessor-version":[{"id":34325,"href":"https:\/\/www.grandsformats.com\/en\/wp-json\/wp\/v2\/posts\/34320\/revisions\/34325"}],"wp:featuredmedia":[{"embeddable":true,"href":"https:\/\/www.grandsformats.com\/en\/wp-json\/wp\/v2\/media\/34321"}],"wp:attachment":[{"href":"https:\/\/www.grandsformats.com\/en\/wp-json\/wp\/v2\/media?parent=34320"}],"wp:term":[{"taxonomy":"category","embeddable":true,"href":"https:\/\/www.grandsformats.com\/en\/wp-json\/wp\/v2\/categories?post=34320"},{"taxonomy":"post_tag","embeddable":true,"href":"https:\/\/www.grandsformats.com\/en\/wp-json\/wp\/v2\/tags?post=34320"}],"curies":[{"name":"wp","href":"https:\/\/api.w.org\/{rel}","templated":true}]}}