{"id":33681,"date":"2025-10-31T12:15:09","date_gmt":"2025-10-31T11:15:09","guid":{"rendered":"https:\/\/www.grandsformats.com\/?p=33681"},"modified":"2025-11-05T12:23:57","modified_gmt":"2025-11-05T11:23:57","slug":"lorchestre-la-sourde-en-tournee","status":"publish","type":"post","link":"https:\/\/www.grandsformats.com\/en\/2025\/10\/lorchestre-la-sourde-en-tournee\/","title":{"rendered":"L\u2019ORCHESTRE LA SOURDE EN TOURNEE !"},"content":{"rendered":"<p>L\u2019Orchestre la Sourde part en tourn\u00e9e avec son\u00a0\u00ab Concerto contre piano et Orchestre \u00bb (conception Samuel Achache, Antonin-Tri Hoang, Florent Hubert, Eve Risser) !<\/p>\n<p>(\u2026) <em>Le <\/em>Concerto pour piano en do mineur<em> de Carl Philipp Emmanuel Bach (1714-1788, fils de) sert de base \u00e0 un doux d\u00e9lire un peu absurde, illustrant les rapports parfois conflictuels, ambigus ou encore sadomasochistes, qui lient les musiciens d\u2019orchestre, le soliste et le chef. Cette performance est \u00e9galement un vibrant hommage \u00e0 la musique improvis\u00e9e et au jouer ensemble. Les d\u00e9placements des musiciens rel\u00e8vent de la chor\u00e9graphie et de la gr\u00e2ce picturale. Les \u00e9clairages sont l\u00e9ch\u00e9s, au cordeau. Le traitement du son, uniquement acoustique, est remarquable. Gr\u00e2ce \u00e0 un piano habilement pr\u00e9par\u00e9, la pianiste Eve Risser peut intriquer savamment piano-bastringue et piano fa\u00e7on pianoforte. Un gros son de contrebasse moderne et une batterie agressive viennent dynamiser (dynamiter ?) l\u2019effet \u00ab musique de salon \u00bb de la partition, pour une orgie sonore compl\u00e8tement ma\u00eetris\u00e9e.(\u2026) <\/em><a href=\"https:\/\/www.classykeo.com\/2021\/09\/22\/concerto-contre-piano-on-est-pour\/\">Claire de Castellane<\/a><\/p>\n<p><a href=\"https:\/\/malakoffscenenationale.fr\/theatre-71\/programme\/concerto-contre-piano-et-orchestre\"><strong>Le 18 novembre <\/strong>au Festival OVNI \u00e0 Malakoff &#8211;\u00a0Th\u00e9\u00e2tre 71<\/a> <strong><br \/>\n<a href=\"https:\/\/www.gradignan.fr\/agenda-133\/theatre-des-quatre-saisons-concerto-contre-piano-et-orchestre-7645.html?cHash=6bf122a93d8af9dbb1476cfe0eaf7cbb\">Le 21 novembre<\/a><\/strong> <a href=\"https:\/\/www.gradignan.fr\/agenda-133\/theatre-des-quatre-saisons-concerto-contre-piano-et-orchestre-7645.html?cHash=6bf122a93d8af9dbb1476cfe0eaf7cbb\">au Th\u00e9\u00e2tre des Quatre Saisons \u00e0 Gradignan<\/a><br \/>\n<a href=\"https:\/\/www.sn-albi.fr\/participer\/groupes\/publics-scolaires\"><strong>Le 24 novembre <\/strong>au Grand Th\u00e9\u00e2tre d&#8217;Albi<\/a><br \/>\n<a href=\"https:\/\/www.sn-albi.fr\/spectacles\/saison-25-26\/concerto-contre-piano-et-orchestre\"><strong>Le 25 novembre <\/strong>au Grand Th\u00e9\u00e2tre d&#8217;Albi<\/a><br \/>\n<a href=\"https:\/\/www.scenenationale.fr\/spectacle\/la-sourde-concerto-contre-piano-et-orchestre-samuel-achache-antonin-tri-hoang-florent-hubert-eve-risser\"><strong>Le 28 novembre <\/strong>au Salle Tanka \u00e0 Saint Jean de Luz<\/a><br \/>\n<a href=\"https:\/\/www.citemusicale-metz.fr\/fr\/programmation\/saison-25-26\/evenement\/concerto-contre-piano-et-orchestre\"><strong>Le 7 d\u00e9cembre <\/strong>\u00e0 l&#8217;Arsenal de Metz<\/a><\/p>\n<p><iframe loading=\"lazy\" title=\"MUSICA 2022 TEASER Concerto contre piano et orchestre\" width=\"1140\" height=\"641\" src=\"https:\/\/www.youtube.com\/embed\/rgBBqQY1cfI?feature=oembed\" frameborder=\"0\" allow=\"accelerometer; autoplay; clipboard-write; encrypted-media; gyroscope; picture-in-picture; web-share\" referrerpolicy=\"strict-origin-when-cross-origin\" allowfullscreen><\/iframe><\/p>\n<p><span style=\"font-size: 10pt;\">\u00a9 Joseph Banderet<\/span><\/p>\n","protected":false},"excerpt":{"rendered":"<p>L\u2019Orchestre la Sourde part en tourn\u00e9e avec son\u00a0\u00ab Concerto contre piano et Orchestre \u00bb (conception Samuel Achache, Antonin-Tri Hoang, Florent Hubert, Eve Risser) ! (\u2026) Le Concerto pour piano en do mineur de Carl Philipp Emmanuel Bach (1714-1788, fils de) sert de base \u00e0 un doux d\u00e9lire un peu absurde, illustrant les rapports parfois conflictuels,&#8230;<\/p>\n<p><a rel=\"bookmark\" class=\"theme-button-text wvc-button wvc-button-size-xs\" href=\"https:\/\/www.grandsformats.com\/en\/2025\/10\/lorchestre-la-sourde-en-tournee\/\"><small class=\"wvc-button-background-fill\"><\/small><span>Continue reading<\/span><\/a><\/p>\n","protected":false},"author":161,"featured_media":33693,"comment_status":"open","ping_status":"open","sticky":false,"template":"","format":"standard","meta":{"_acf_changed":false,"footnotes":""},"categories":[95,1365],"tags":[],"class_list":["post-33681","post","type-post","status-publish","format-standard","has-post-thumbnail","hentry","category-membres","category-orchestre-la-sourde","entry-post-skin-light","entry","clearfix","entry-grid","entry-columns-default","entry-post-module-layout-sidebar-right","thumbnail-color-tone-dark","metro-landscape","is-youtube","entry-post","entry-masonry","entry-post-masonry"],"acf":[],"yoast_head":"<!-- This site is optimized with the Yoast SEO plugin v25.8 - https:\/\/yoast.com\/wordpress\/plugins\/seo\/ -->\n<title>L\u2019ORCHESTRE LA SOURDE EN TOURNEE ! - Site officiel de la f\u00e9d\u00e9ration Grands Formats<\/title>\n<meta name=\"description\" content=\"L\u2019Orchestre la Sourde part en tourn\u00e9e avec son\u00a0\u00ab Concerto contre piano et Orchestre \u00bb (conception Samuel Achache,...\" \/>\n<meta name=\"robots\" content=\"index, follow, max-snippet:-1, max-image-preview:large, max-video-preview:-1\" \/>\n<link rel=\"canonical\" href=\"https:\/\/www.grandsformats.com\/2025\/10\/lorchestre-la-sourde-en-tournee\/\" \/>\n<meta property=\"og:locale\" content=\"en_US\" \/>\n<meta property=\"og:type\" content=\"article\" \/>\n<meta property=\"og:title\" content=\"L\u2019ORCHESTRE LA SOURDE EN TOURNEE ! - Site officiel de la f\u00e9d\u00e9ration Grands Formats\" \/>\n<meta property=\"og:description\" content=\"L\u2019Orchestre la Sourde part en tourn\u00e9e avec son\u00a0\u00ab Concerto contre piano et Orchestre \u00bb (conception Samuel Achache,...\" \/>\n<meta property=\"og:url\" content=\"https:\/\/www.grandsformats.com\/2025\/10\/lorchestre-la-sourde-en-tournee\/\" \/>\n<meta property=\"og:site_name\" content=\"Site officiel de la f\u00e9d\u00e9ration Grands Formats\" \/>\n<meta property=\"article:publisher\" content=\"https:\/\/www.facebook.com\/grandsformats\/\" \/>\n<meta property=\"article:published_time\" content=\"2025-10-31T11:15:09+00:00\" \/>\n<meta property=\"article:modified_time\" content=\"2025-11-05T11:23:57+00:00\" \/>\n<meta property=\"og:image\" content=\"https:\/\/www.grandsformats.com\/wp-content\/uploads\/2025\/10\/Sourde.png\" \/>\n\t<meta property=\"og:image:width\" content=\"1920\" \/>\n\t<meta property=\"og:image:height\" content=\"1080\" \/>\n\t<meta property=\"og:image:type\" content=\"image\/png\" \/>\n<meta name=\"author\" content=\"Laura Hanequand - Grands Formats\" \/>\n<meta name=\"twitter:card\" content=\"summary_large_image\" \/>\n<meta name=\"twitter:creator\" content=\"@GrandsFormatsGF\" \/>\n<meta name=\"twitter:site\" content=\"@GrandsFormatsGF\" \/>\n<meta name=\"twitter:label1\" content=\"Written by\" \/>\n\t<meta name=\"twitter:data1\" content=\"Laura Hanequand - Grands Formats\" \/>\n\t<meta name=\"twitter:label2\" content=\"Est. reading time\" \/>\n\t<meta name=\"twitter:data2\" content=\"2 minutes\" \/>\n<script type=\"application\/ld+json\" class=\"yoast-schema-graph\">{\"@context\":\"https:\/\/schema.org\",\"@graph\":[{\"@type\":\"Article\",\"@id\":\"https:\/\/www.grandsformats.com\/2025\/10\/lorchestre-la-sourde-en-tournee\/#article\",\"isPartOf\":{\"@id\":\"https:\/\/www.grandsformats.com\/2025\/10\/lorchestre-la-sourde-en-tournee\/\"},\"author\":{\"name\":\"Laura Hanequand - Grands Formats\",\"@id\":\"https:\/\/www.grandsformats.com\/#\/schema\/person\/56c2866069b6967b2c7becd25c9b4dbb\"},\"headline\":\"L\u2019ORCHESTRE LA SOURDE EN TOURNEE !\",\"datePublished\":\"2025-10-31T11:15:09+00:00\",\"dateModified\":\"2025-11-05T11:23:57+00:00\",\"mainEntityOfPage\":{\"@id\":\"https:\/\/www.grandsformats.com\/2025\/10\/lorchestre-la-sourde-en-tournee\/\"},\"wordCount\":236,\"commentCount\":0,\"publisher\":{\"@id\":\"https:\/\/www.grandsformats.com\/#organization\"},\"image\":{\"@id\":\"https:\/\/www.grandsformats.com\/2025\/10\/lorchestre-la-sourde-en-tournee\/#primaryimage\"},\"thumbnailUrl\":\"https:\/\/www.grandsformats.com\/wp-content\/uploads\/2025\/10\/Sourde.png\",\"articleSection\":[\"Actus des membres\",\"Orchestre La Sourde\"],\"inLanguage\":\"en-US\",\"potentialAction\":[{\"@type\":\"CommentAction\",\"name\":\"Comment\",\"target\":[\"https:\/\/www.grandsformats.com\/2025\/10\/lorchestre-la-sourde-en-tournee\/#respond\"]}]},{\"@type\":\"WebPage\",\"@id\":\"https:\/\/www.grandsformats.com\/2025\/10\/lorchestre-la-sourde-en-tournee\/\",\"url\":\"https:\/\/www.grandsformats.com\/2025\/10\/lorchestre-la-sourde-en-tournee\/\",\"name\":\"L\u2019ORCHESTRE LA SOURDE EN TOURNEE ! - Site officiel de la f\u00e9d\u00e9ration Grands Formats\",\"isPartOf\":{\"@id\":\"https:\/\/www.grandsformats.com\/#website\"},\"primaryImageOfPage\":{\"@id\":\"https:\/\/www.grandsformats.com\/2025\/10\/lorchestre-la-sourde-en-tournee\/#primaryimage\"},\"image\":{\"@id\":\"https:\/\/www.grandsformats.com\/2025\/10\/lorchestre-la-sourde-en-tournee\/#primaryimage\"},\"thumbnailUrl\":\"https:\/\/www.grandsformats.com\/wp-content\/uploads\/2025\/10\/Sourde.png\",\"datePublished\":\"2025-10-31T11:15:09+00:00\",\"dateModified\":\"2025-11-05T11:23:57+00:00\",\"description\":\"L\u2019Orchestre la Sourde part en tourn\u00e9e avec son\u00a0\u00ab Concerto contre piano et Orchestre \u00bb (conception Samuel Achache,...\",\"breadcrumb\":{\"@id\":\"https:\/\/www.grandsformats.com\/2025\/10\/lorchestre-la-sourde-en-tournee\/#breadcrumb\"},\"inLanguage\":\"en-US\",\"potentialAction\":[{\"@type\":\"ReadAction\",\"target\":[\"https:\/\/www.grandsformats.com\/2025\/10\/lorchestre-la-sourde-en-tournee\/\"]}]},{\"@type\":\"ImageObject\",\"inLanguage\":\"en-US\",\"@id\":\"https:\/\/www.grandsformats.com\/2025\/10\/lorchestre-la-sourde-en-tournee\/#primaryimage\",\"url\":\"https:\/\/www.grandsformats.com\/wp-content\/uploads\/2025\/10\/Sourde.png\",\"contentUrl\":\"https:\/\/www.grandsformats.com\/wp-content\/uploads\/2025\/10\/Sourde.png\",\"width\":1920,\"height\":1080,\"caption\":\"La Sourde\"},{\"@type\":\"BreadcrumbList\",\"@id\":\"https:\/\/www.grandsformats.com\/2025\/10\/lorchestre-la-sourde-en-tournee\/#breadcrumb\",\"itemListElement\":[{\"@type\":\"ListItem\",\"position\":1,\"name\":\"Accueil\",\"item\":\"https:\/\/www.grandsformats.com\/en\/\"},{\"@type\":\"ListItem\",\"position\":2,\"name\":\"L\u2019ORCHESTRE LA SOURDE EN TOURNEE !\"}]},{\"@type\":\"WebSite\",\"@id\":\"https:\/\/www.grandsformats.com\/#website\",\"url\":\"https:\/\/www.grandsformats.com\/\",\"name\":\"Site officiel de la f\u00e9d\u00e9ration Grands Formats\",\"description\":\"F\u00e9d\u00e9ration d&#039;artistes pour la musique en grand !\",\"publisher\":{\"@id\":\"https:\/\/www.grandsformats.com\/#organization\"},\"potentialAction\":[{\"@type\":\"SearchAction\",\"target\":{\"@type\":\"EntryPoint\",\"urlTemplate\":\"https:\/\/www.grandsformats.com\/?s={search_term_string}\"},\"query-input\":{\"@type\":\"PropertyValueSpecification\",\"valueRequired\":true,\"valueName\":\"search_term_string\"}}],\"inLanguage\":\"en-US\"},{\"@type\":\"Organization\",\"@id\":\"https:\/\/www.grandsformats.com\/#organization\",\"name\":\"Grands Formats\",\"url\":\"https:\/\/www.grandsformats.com\/\",\"logo\":{\"@type\":\"ImageObject\",\"inLanguage\":\"en-US\",\"@id\":\"https:\/\/www.grandsformats.com\/#\/schema\/logo\/image\/\",\"url\":\"https:\/\/www.grandsformats.com\/wp-content\/uploads\/2020\/03\/logo-GF-200.png\",\"contentUrl\":\"https:\/\/www.grandsformats.com\/wp-content\/uploads\/2020\/03\/logo-GF-200.png\",\"width\":155,\"height\":200,\"caption\":\"Grands Formats\"},\"image\":{\"@id\":\"https:\/\/www.grandsformats.com\/#\/schema\/logo\/image\/\"},\"sameAs\":[\"https:\/\/www.facebook.com\/grandsformats\/\",\"https:\/\/x.com\/GrandsFormatsGF\",\"https:\/\/www.instagram.com\/grandsformats\/\",\"https:\/\/www.youtube.com\/channel\/UCJ7k9dbqc_DG-nxI3WMPvhw?view_as=subscriberhttps:\/\/www.youtube.com\/channel\/UCJ7k9dbqc_DG-nxI3WMPvhw?view_as=subscriber\"]},{\"@type\":\"Person\",\"@id\":\"https:\/\/www.grandsformats.com\/#\/schema\/person\/56c2866069b6967b2c7becd25c9b4dbb\",\"name\":\"Laura Hanequand - Grands Formats\",\"image\":{\"@type\":\"ImageObject\",\"inLanguage\":\"en-US\",\"@id\":\"https:\/\/www.grandsformats.com\/#\/schema\/person\/image\/\",\"url\":\"https:\/\/secure.gravatar.com\/avatar\/6d52edecb86835c2b7e81a2cdb8965ae325b4045b44f9043177428c622c06643?s=96&d=mm&r=g\",\"contentUrl\":\"https:\/\/secure.gravatar.com\/avatar\/6d52edecb86835c2b7e81a2cdb8965ae325b4045b44f9043177428c622c06643?s=96&d=mm&r=g\",\"caption\":\"Laura Hanequand - Grands Formats\"},\"url\":\"https:\/\/www.grandsformats.com\/en\/author\/lauragrandsformats-com\/\"}]}<\/script>\n<!-- \/ Yoast SEO plugin. -->","yoast_head_json":{"title":"L\u2019ORCHESTRE LA SOURDE EN TOURNEE ! - Site officiel de la f\u00e9d\u00e9ration Grands Formats","description":"L\u2019Orchestre la Sourde part en tourn\u00e9e avec son\u00a0\u00ab Concerto contre piano et Orchestre \u00bb (conception Samuel Achache,...","robots":{"index":"index","follow":"follow","max-snippet":"max-snippet:-1","max-image-preview":"max-image-preview:large","max-video-preview":"max-video-preview:-1"},"canonical":"https:\/\/www.grandsformats.com\/2025\/10\/lorchestre-la-sourde-en-tournee\/","og_locale":"en_US","og_type":"article","og_title":"L\u2019ORCHESTRE LA SOURDE EN TOURNEE ! - Site officiel de la f\u00e9d\u00e9ration Grands Formats","og_description":"L\u2019Orchestre la Sourde part en tourn\u00e9e avec son\u00a0\u00ab Concerto contre piano et Orchestre \u00bb (conception Samuel Achache,...","og_url":"https:\/\/www.grandsformats.com\/2025\/10\/lorchestre-la-sourde-en-tournee\/","og_site_name":"Site officiel de la f\u00e9d\u00e9ration Grands Formats","article_publisher":"https:\/\/www.facebook.com\/grandsformats\/","article_published_time":"2025-10-31T11:15:09+00:00","article_modified_time":"2025-11-05T11:23:57+00:00","og_image":[{"width":1920,"height":1080,"url":"https:\/\/www.grandsformats.com\/wp-content\/uploads\/2025\/10\/Sourde.png","type":"image\/png"}],"author":"Laura Hanequand - Grands Formats","twitter_card":"summary_large_image","twitter_creator":"@GrandsFormatsGF","twitter_site":"@GrandsFormatsGF","twitter_misc":{"Written by":"Laura Hanequand - Grands Formats","Est. reading time":"2 minutes"},"schema":{"@context":"https:\/\/schema.org","@graph":[{"@type":"Article","@id":"https:\/\/www.grandsformats.com\/2025\/10\/lorchestre-la-sourde-en-tournee\/#article","isPartOf":{"@id":"https:\/\/www.grandsformats.com\/2025\/10\/lorchestre-la-sourde-en-tournee\/"},"author":{"name":"Laura Hanequand - Grands Formats","@id":"https:\/\/www.grandsformats.com\/#\/schema\/person\/56c2866069b6967b2c7becd25c9b4dbb"},"headline":"L\u2019ORCHESTRE LA SOURDE EN TOURNEE !","datePublished":"2025-10-31T11:15:09+00:00","dateModified":"2025-11-05T11:23:57+00:00","mainEntityOfPage":{"@id":"https:\/\/www.grandsformats.com\/2025\/10\/lorchestre-la-sourde-en-tournee\/"},"wordCount":236,"commentCount":0,"publisher":{"@id":"https:\/\/www.grandsformats.com\/#organization"},"image":{"@id":"https:\/\/www.grandsformats.com\/2025\/10\/lorchestre-la-sourde-en-tournee\/#primaryimage"},"thumbnailUrl":"https:\/\/www.grandsformats.com\/wp-content\/uploads\/2025\/10\/Sourde.png","articleSection":["Actus des membres","Orchestre La Sourde"],"inLanguage":"en-US","potentialAction":[{"@type":"CommentAction","name":"Comment","target":["https:\/\/www.grandsformats.com\/2025\/10\/lorchestre-la-sourde-en-tournee\/#respond"]}]},{"@type":"WebPage","@id":"https:\/\/www.grandsformats.com\/2025\/10\/lorchestre-la-sourde-en-tournee\/","url":"https:\/\/www.grandsformats.com\/2025\/10\/lorchestre-la-sourde-en-tournee\/","name":"L\u2019ORCHESTRE LA SOURDE EN TOURNEE ! - Site officiel de la f\u00e9d\u00e9ration Grands Formats","isPartOf":{"@id":"https:\/\/www.grandsformats.com\/#website"},"primaryImageOfPage":{"@id":"https:\/\/www.grandsformats.com\/2025\/10\/lorchestre-la-sourde-en-tournee\/#primaryimage"},"image":{"@id":"https:\/\/www.grandsformats.com\/2025\/10\/lorchestre-la-sourde-en-tournee\/#primaryimage"},"thumbnailUrl":"https:\/\/www.grandsformats.com\/wp-content\/uploads\/2025\/10\/Sourde.png","datePublished":"2025-10-31T11:15:09+00:00","dateModified":"2025-11-05T11:23:57+00:00","description":"L\u2019Orchestre la Sourde part en tourn\u00e9e avec son\u00a0\u00ab Concerto contre piano et Orchestre \u00bb (conception Samuel Achache,...","breadcrumb":{"@id":"https:\/\/www.grandsformats.com\/2025\/10\/lorchestre-la-sourde-en-tournee\/#breadcrumb"},"inLanguage":"en-US","potentialAction":[{"@type":"ReadAction","target":["https:\/\/www.grandsformats.com\/2025\/10\/lorchestre-la-sourde-en-tournee\/"]}]},{"@type":"ImageObject","inLanguage":"en-US","@id":"https:\/\/www.grandsformats.com\/2025\/10\/lorchestre-la-sourde-en-tournee\/#primaryimage","url":"https:\/\/www.grandsformats.com\/wp-content\/uploads\/2025\/10\/Sourde.png","contentUrl":"https:\/\/www.grandsformats.com\/wp-content\/uploads\/2025\/10\/Sourde.png","width":1920,"height":1080,"caption":"La Sourde"},{"@type":"BreadcrumbList","@id":"https:\/\/www.grandsformats.com\/2025\/10\/lorchestre-la-sourde-en-tournee\/#breadcrumb","itemListElement":[{"@type":"ListItem","position":1,"name":"Accueil","item":"https:\/\/www.grandsformats.com\/en\/"},{"@type":"ListItem","position":2,"name":"L\u2019ORCHESTRE LA SOURDE EN TOURNEE !"}]},{"@type":"WebSite","@id":"https:\/\/www.grandsformats.com\/#website","url":"https:\/\/www.grandsformats.com\/","name":"Site officiel de la f\u00e9d\u00e9ration Grands Formats","description":"F\u00e9d\u00e9ration d&#039;artistes pour la musique en grand !","publisher":{"@id":"https:\/\/www.grandsformats.com\/#organization"},"potentialAction":[{"@type":"SearchAction","target":{"@type":"EntryPoint","urlTemplate":"https:\/\/www.grandsformats.com\/?s={search_term_string}"},"query-input":{"@type":"PropertyValueSpecification","valueRequired":true,"valueName":"search_term_string"}}],"inLanguage":"en-US"},{"@type":"Organization","@id":"https:\/\/www.grandsformats.com\/#organization","name":"Grands Formats","url":"https:\/\/www.grandsformats.com\/","logo":{"@type":"ImageObject","inLanguage":"en-US","@id":"https:\/\/www.grandsformats.com\/#\/schema\/logo\/image\/","url":"https:\/\/www.grandsformats.com\/wp-content\/uploads\/2020\/03\/logo-GF-200.png","contentUrl":"https:\/\/www.grandsformats.com\/wp-content\/uploads\/2020\/03\/logo-GF-200.png","width":155,"height":200,"caption":"Grands Formats"},"image":{"@id":"https:\/\/www.grandsformats.com\/#\/schema\/logo\/image\/"},"sameAs":["https:\/\/www.facebook.com\/grandsformats\/","https:\/\/x.com\/GrandsFormatsGF","https:\/\/www.instagram.com\/grandsformats\/","https:\/\/www.youtube.com\/channel\/UCJ7k9dbqc_DG-nxI3WMPvhw?view_as=subscriberhttps:\/\/www.youtube.com\/channel\/UCJ7k9dbqc_DG-nxI3WMPvhw?view_as=subscriber"]},{"@type":"Person","@id":"https:\/\/www.grandsformats.com\/#\/schema\/person\/56c2866069b6967b2c7becd25c9b4dbb","name":"Laura Hanequand - Grands Formats","image":{"@type":"ImageObject","inLanguage":"en-US","@id":"https:\/\/www.grandsformats.com\/#\/schema\/person\/image\/","url":"https:\/\/secure.gravatar.com\/avatar\/6d52edecb86835c2b7e81a2cdb8965ae325b4045b44f9043177428c622c06643?s=96&d=mm&r=g","contentUrl":"https:\/\/secure.gravatar.com\/avatar\/6d52edecb86835c2b7e81a2cdb8965ae325b4045b44f9043177428c622c06643?s=96&d=mm&r=g","caption":"Laura Hanequand - Grands Formats"},"url":"https:\/\/www.grandsformats.com\/en\/author\/lauragrandsformats-com\/"}]}},"_links":{"self":[{"href":"https:\/\/www.grandsformats.com\/en\/wp-json\/wp\/v2\/posts\/33681","targetHints":{"allow":["GET"]}}],"collection":[{"href":"https:\/\/www.grandsformats.com\/en\/wp-json\/wp\/v2\/posts"}],"about":[{"href":"https:\/\/www.grandsformats.com\/en\/wp-json\/wp\/v2\/types\/post"}],"author":[{"embeddable":true,"href":"https:\/\/www.grandsformats.com\/en\/wp-json\/wp\/v2\/users\/161"}],"replies":[{"embeddable":true,"href":"https:\/\/www.grandsformats.com\/en\/wp-json\/wp\/v2\/comments?post=33681"}],"version-history":[{"count":1,"href":"https:\/\/www.grandsformats.com\/en\/wp-json\/wp\/v2\/posts\/33681\/revisions"}],"predecessor-version":[{"id":33684,"href":"https:\/\/www.grandsformats.com\/en\/wp-json\/wp\/v2\/posts\/33681\/revisions\/33684"}],"wp:featuredmedia":[{"embeddable":true,"href":"https:\/\/www.grandsformats.com\/en\/wp-json\/wp\/v2\/media\/33693"}],"wp:attachment":[{"href":"https:\/\/www.grandsformats.com\/en\/wp-json\/wp\/v2\/media?parent=33681"}],"wp:term":[{"taxonomy":"category","embeddable":true,"href":"https:\/\/www.grandsformats.com\/en\/wp-json\/wp\/v2\/categories?post=33681"},{"taxonomy":"post_tag","embeddable":true,"href":"https:\/\/www.grandsformats.com\/en\/wp-json\/wp\/v2\/tags?post=33681"}],"curies":[{"name":"wp","href":"https:\/\/api.w.org\/{rel}","templated":true}]}}