{"id":33654,"date":"2025-10-28T10:53:58","date_gmt":"2025-10-28T09:53:58","guid":{"rendered":"https:\/\/www.grandsformats.com\/?p=33654"},"modified":"2025-11-07T13:28:11","modified_gmt":"2025-11-07T12:28:11","slug":"fred-pallem-le-sacre-du-tympan-un-hommage-vibrant-a-francois-de-roubaix","status":"publish","type":"post","link":"https:\/\/www.grandsformats.com\/en\/2025\/10\/fred-pallem-le-sacre-du-tympan-un-hommage-vibrant-a-francois-de-roubaix\/","title":{"rendered":"Fred Pallem &#038; Le Sacre du Tympan : un hommage vibrant \u00e0 Fran\u00e7ois de Roubaix"},"content":{"rendered":"<p>Cinquante ans apr\u00e8s la disparition du compositeur culte Fran\u00e7ois de Roubaix, Fred Pallem et Le Sacre du Tympan revisitent son \u0153uvre avec audace et modernit\u00e9. \u00c0 travers de nouveaux arrangements, l\u2019ensemble \u2014 cordes, cuivres, section rythmique et synth\u00e9s analogiques \u2014 redonne vie aux th\u00e8mes inoubliables du cin\u00e9ma fran\u00e7ais, r\u00e9v\u00e9lant toute leur puissance orchestrale.<br \/>\nCe projet, entre jazz, groove et atmosph\u00e8res cin\u00e9matographiques, c\u00e9l\u00e8bre aussi l\u2019influence de de Roubaix sur des l\u00e9gendes comme Morricone ou Legrand. Une plong\u00e9e sensorielle o\u00f9 le pass\u00e9 dialogue avec le pr\u00e9sent, pour un hommage aussi respectueux qu\u2019inventif.<\/p>\n<p><strong><em>\u00c0 ne pas manquer : deux concerts exceptionnels les 20 et 21 novembre au Caf\u00e9 de la Danse !<\/em><\/strong><\/p>\n<p><a href=\"https:\/\/linktr.ee\/sacredutympan\"><span style=\"text-decoration: underline;\"><strong>&gt; Billetterie<\/strong><\/span><\/a><\/p>\n","protected":false},"excerpt":{"rendered":"<p>Cinquante ans apr\u00e8s la disparition du compositeur culte Fran\u00e7ois de Roubaix, Fred Pallem et Le Sacre du Tympan revisitent son \u0153uvre avec audace et modernit\u00e9. \u00c0 travers de nouveaux arrangements, l\u2019ensemble \u2014 cordes, cuivres, section rythmique et synth\u00e9s analogiques \u2014 redonne vie aux th\u00e8mes inoubliables du cin\u00e9ma fran\u00e7ais, r\u00e9v\u00e9lant toute leur puissance orchestrale. Ce projet,&#8230;<\/p>\n<p><a rel=\"bookmark\" class=\"theme-button-text wvc-button wvc-button-size-xs\" href=\"https:\/\/www.grandsformats.com\/en\/2025\/10\/fred-pallem-le-sacre-du-tympan-un-hommage-vibrant-a-francois-de-roubaix\/\"><small class=\"wvc-button-background-fill\"><\/small><span>Continue reading<\/span><\/a><\/p>\n","protected":false},"author":161,"featured_media":33695,"comment_status":"open","ping_status":"open","sticky":false,"template":"","format":"standard","meta":{"_acf_changed":false,"footnotes":""},"categories":[95,660],"tags":[],"class_list":["post-33654","post","type-post","status-publish","format-standard","has-post-thumbnail","hentry","category-membres","category-fred-pallem-le-sacre-du-tympan","entry-post-skin-light","entry","clearfix","entry-grid","entry-columns-default","entry-post-module-layout-sidebar-right","thumbnail-color-tone-dark","metro-landscape","entry-post","entry-masonry","entry-post-masonry"],"acf":[],"yoast_head":"<!-- This site is optimized with the Yoast SEO plugin v25.8 - https:\/\/yoast.com\/wordpress\/plugins\/seo\/ -->\n<title>Fred Pallem &amp; Le Sacre du Tympan : un hommage vibrant \u00e0 Fran\u00e7ois de Roubaix - Site officiel de la f\u00e9d\u00e9ration Grands Formats<\/title>\n<meta name=\"description\" content=\"Cinquante ans apr\u00e8s la disparition du compositeur culte Fran\u00e7ois de Roubaix, Fred Pallem et Le Sacre du Tympan revisitent son \u0153uvre...\" \/>\n<meta name=\"robots\" content=\"index, follow, max-snippet:-1, max-image-preview:large, max-video-preview:-1\" \/>\n<link rel=\"canonical\" href=\"https:\/\/www.grandsformats.com\/2025\/10\/fred-pallem-le-sacre-du-tympan-un-hommage-vibrant-a-francois-de-roubaix\/\" \/>\n<meta property=\"og:locale\" content=\"en_US\" \/>\n<meta property=\"og:type\" content=\"article\" \/>\n<meta property=\"og:title\" content=\"Fred Pallem &amp; Le Sacre du Tympan : un hommage vibrant \u00e0 Fran\u00e7ois de Roubaix - Site officiel de la f\u00e9d\u00e9ration Grands Formats\" \/>\n<meta property=\"og:description\" content=\"Cinquante ans apr\u00e8s la disparition du compositeur culte Fran\u00e7ois de Roubaix, Fred Pallem et Le Sacre du Tympan revisitent son \u0153uvre...\" \/>\n<meta property=\"og:url\" content=\"https:\/\/www.grandsformats.com\/2025\/10\/fred-pallem-le-sacre-du-tympan-un-hommage-vibrant-a-francois-de-roubaix\/\" \/>\n<meta property=\"og:site_name\" content=\"Site officiel de la f\u00e9d\u00e9ration Grands Formats\" \/>\n<meta property=\"article:publisher\" content=\"https:\/\/www.facebook.com\/grandsformats\/\" \/>\n<meta property=\"article:published_time\" content=\"2025-10-28T09:53:58+00:00\" \/>\n<meta property=\"article:modified_time\" content=\"2025-11-07T12:28:11+00:00\" \/>\n<meta property=\"og:image\" content=\"https:\/\/www.grandsformats.com\/wp-content\/uploads\/2025\/10\/169deroubaix.png\" \/>\n\t<meta property=\"og:image:width\" content=\"1920\" \/>\n\t<meta property=\"og:image:height\" content=\"1080\" \/>\n\t<meta property=\"og:image:type\" content=\"image\/png\" \/>\n<meta name=\"author\" content=\"Laura Hanequand - Grands Formats\" \/>\n<meta name=\"twitter:card\" content=\"summary_large_image\" \/>\n<meta name=\"twitter:creator\" content=\"@GrandsFormatsGF\" \/>\n<meta name=\"twitter:site\" content=\"@GrandsFormatsGF\" \/>\n<meta name=\"twitter:label1\" content=\"Written by\" \/>\n\t<meta name=\"twitter:data1\" content=\"Laura Hanequand - Grands Formats\" \/>\n\t<meta name=\"twitter:label2\" content=\"Est. reading time\" \/>\n\t<meta name=\"twitter:data2\" content=\"1 minute\" \/>\n<script type=\"application\/ld+json\" class=\"yoast-schema-graph\">{\"@context\":\"https:\/\/schema.org\",\"@graph\":[{\"@type\":\"Article\",\"@id\":\"https:\/\/www.grandsformats.com\/2025\/10\/fred-pallem-le-sacre-du-tympan-un-hommage-vibrant-a-francois-de-roubaix\/#article\",\"isPartOf\":{\"@id\":\"https:\/\/www.grandsformats.com\/2025\/10\/fred-pallem-le-sacre-du-tympan-un-hommage-vibrant-a-francois-de-roubaix\/\"},\"author\":{\"name\":\"Laura Hanequand - Grands Formats\",\"@id\":\"https:\/\/www.grandsformats.com\/#\/schema\/person\/56c2866069b6967b2c7becd25c9b4dbb\"},\"headline\":\"Fred Pallem &#038; Le Sacre du Tympan : un hommage vibrant \u00e0 Fran\u00e7ois de Roubaix\",\"datePublished\":\"2025-10-28T09:53:58+00:00\",\"dateModified\":\"2025-11-07T12:28:11+00:00\",\"mainEntityOfPage\":{\"@id\":\"https:\/\/www.grandsformats.com\/2025\/10\/fred-pallem-le-sacre-du-tympan-un-hommage-vibrant-a-francois-de-roubaix\/\"},\"wordCount\":134,\"commentCount\":0,\"publisher\":{\"@id\":\"https:\/\/www.grandsformats.com\/#organization\"},\"image\":{\"@id\":\"https:\/\/www.grandsformats.com\/2025\/10\/fred-pallem-le-sacre-du-tympan-un-hommage-vibrant-a-francois-de-roubaix\/#primaryimage\"},\"thumbnailUrl\":\"https:\/\/www.grandsformats.com\/wp-content\/uploads\/2025\/10\/169deroubaix.png\",\"articleSection\":[\"Actus des membres\",\"Fred Pallem Le Sacre du Tympan\"],\"inLanguage\":\"en-US\",\"potentialAction\":[{\"@type\":\"CommentAction\",\"name\":\"Comment\",\"target\":[\"https:\/\/www.grandsformats.com\/2025\/10\/fred-pallem-le-sacre-du-tympan-un-hommage-vibrant-a-francois-de-roubaix\/#respond\"]}]},{\"@type\":\"WebPage\",\"@id\":\"https:\/\/www.grandsformats.com\/2025\/10\/fred-pallem-le-sacre-du-tympan-un-hommage-vibrant-a-francois-de-roubaix\/\",\"url\":\"https:\/\/www.grandsformats.com\/2025\/10\/fred-pallem-le-sacre-du-tympan-un-hommage-vibrant-a-francois-de-roubaix\/\",\"name\":\"Fred Pallem & Le Sacre du Tympan : un hommage vibrant \u00e0 Fran\u00e7ois de Roubaix - Site officiel de la f\u00e9d\u00e9ration Grands Formats\",\"isPartOf\":{\"@id\":\"https:\/\/www.grandsformats.com\/#website\"},\"primaryImageOfPage\":{\"@id\":\"https:\/\/www.grandsformats.com\/2025\/10\/fred-pallem-le-sacre-du-tympan-un-hommage-vibrant-a-francois-de-roubaix\/#primaryimage\"},\"image\":{\"@id\":\"https:\/\/www.grandsformats.com\/2025\/10\/fred-pallem-le-sacre-du-tympan-un-hommage-vibrant-a-francois-de-roubaix\/#primaryimage\"},\"thumbnailUrl\":\"https:\/\/www.grandsformats.com\/wp-content\/uploads\/2025\/10\/169deroubaix.png\",\"datePublished\":\"2025-10-28T09:53:58+00:00\",\"dateModified\":\"2025-11-07T12:28:11+00:00\",\"description\":\"Cinquante ans apr\u00e8s la disparition du compositeur culte Fran\u00e7ois de Roubaix, Fred Pallem et Le Sacre du Tympan revisitent son \u0153uvre...\",\"breadcrumb\":{\"@id\":\"https:\/\/www.grandsformats.com\/2025\/10\/fred-pallem-le-sacre-du-tympan-un-hommage-vibrant-a-francois-de-roubaix\/#breadcrumb\"},\"inLanguage\":\"en-US\",\"potentialAction\":[{\"@type\":\"ReadAction\",\"target\":[\"https:\/\/www.grandsformats.com\/2025\/10\/fred-pallem-le-sacre-du-tympan-un-hommage-vibrant-a-francois-de-roubaix\/\"]}]},{\"@type\":\"ImageObject\",\"inLanguage\":\"en-US\",\"@id\":\"https:\/\/www.grandsformats.com\/2025\/10\/fred-pallem-le-sacre-du-tympan-un-hommage-vibrant-a-francois-de-roubaix\/#primaryimage\",\"url\":\"https:\/\/www.grandsformats.com\/wp-content\/uploads\/2025\/10\/169deroubaix.png\",\"contentUrl\":\"https:\/\/www.grandsformats.com\/wp-content\/uploads\/2025\/10\/169deroubaix.png\",\"width\":1920,\"height\":1080,\"caption\":\"Fred Pallem De roubaix\"},{\"@type\":\"BreadcrumbList\",\"@id\":\"https:\/\/www.grandsformats.com\/2025\/10\/fred-pallem-le-sacre-du-tympan-un-hommage-vibrant-a-francois-de-roubaix\/#breadcrumb\",\"itemListElement\":[{\"@type\":\"ListItem\",\"position\":1,\"name\":\"Accueil\",\"item\":\"https:\/\/www.grandsformats.com\/en\/\"},{\"@type\":\"ListItem\",\"position\":2,\"name\":\"Fred Pallem &#038; Le Sacre du Tympan : un hommage vibrant \u00e0 Fran\u00e7ois de Roubaix\"}]},{\"@type\":\"WebSite\",\"@id\":\"https:\/\/www.grandsformats.com\/#website\",\"url\":\"https:\/\/www.grandsformats.com\/\",\"name\":\"Site officiel de la f\u00e9d\u00e9ration Grands Formats\",\"description\":\"F\u00e9d\u00e9ration d&#039;artistes pour la musique en grand !\",\"publisher\":{\"@id\":\"https:\/\/www.grandsformats.com\/#organization\"},\"potentialAction\":[{\"@type\":\"SearchAction\",\"target\":{\"@type\":\"EntryPoint\",\"urlTemplate\":\"https:\/\/www.grandsformats.com\/?s={search_term_string}\"},\"query-input\":{\"@type\":\"PropertyValueSpecification\",\"valueRequired\":true,\"valueName\":\"search_term_string\"}}],\"inLanguage\":\"en-US\"},{\"@type\":\"Organization\",\"@id\":\"https:\/\/www.grandsformats.com\/#organization\",\"name\":\"Grands Formats\",\"url\":\"https:\/\/www.grandsformats.com\/\",\"logo\":{\"@type\":\"ImageObject\",\"inLanguage\":\"en-US\",\"@id\":\"https:\/\/www.grandsformats.com\/#\/schema\/logo\/image\/\",\"url\":\"https:\/\/www.grandsformats.com\/wp-content\/uploads\/2020\/03\/logo-GF-200.png\",\"contentUrl\":\"https:\/\/www.grandsformats.com\/wp-content\/uploads\/2020\/03\/logo-GF-200.png\",\"width\":155,\"height\":200,\"caption\":\"Grands Formats\"},\"image\":{\"@id\":\"https:\/\/www.grandsformats.com\/#\/schema\/logo\/image\/\"},\"sameAs\":[\"https:\/\/www.facebook.com\/grandsformats\/\",\"https:\/\/x.com\/GrandsFormatsGF\",\"https:\/\/www.instagram.com\/grandsformats\/\",\"https:\/\/www.youtube.com\/channel\/UCJ7k9dbqc_DG-nxI3WMPvhw?view_as=subscriberhttps:\/\/www.youtube.com\/channel\/UCJ7k9dbqc_DG-nxI3WMPvhw?view_as=subscriber\"]},{\"@type\":\"Person\",\"@id\":\"https:\/\/www.grandsformats.com\/#\/schema\/person\/56c2866069b6967b2c7becd25c9b4dbb\",\"name\":\"Laura Hanequand - Grands Formats\",\"image\":{\"@type\":\"ImageObject\",\"inLanguage\":\"en-US\",\"@id\":\"https:\/\/www.grandsformats.com\/#\/schema\/person\/image\/\",\"url\":\"https:\/\/secure.gravatar.com\/avatar\/6d52edecb86835c2b7e81a2cdb8965ae325b4045b44f9043177428c622c06643?s=96&d=mm&r=g\",\"contentUrl\":\"https:\/\/secure.gravatar.com\/avatar\/6d52edecb86835c2b7e81a2cdb8965ae325b4045b44f9043177428c622c06643?s=96&d=mm&r=g\",\"caption\":\"Laura Hanequand - Grands Formats\"},\"url\":\"https:\/\/www.grandsformats.com\/en\/author\/lauragrandsformats-com\/\"}]}<\/script>\n<!-- \/ Yoast SEO plugin. -->","yoast_head_json":{"title":"Fred Pallem & Le Sacre du Tympan : un hommage vibrant \u00e0 Fran\u00e7ois de Roubaix - Site officiel de la f\u00e9d\u00e9ration Grands Formats","description":"Cinquante ans apr\u00e8s la disparition du compositeur culte Fran\u00e7ois de Roubaix, Fred Pallem et Le Sacre du Tympan revisitent son \u0153uvre...","robots":{"index":"index","follow":"follow","max-snippet":"max-snippet:-1","max-image-preview":"max-image-preview:large","max-video-preview":"max-video-preview:-1"},"canonical":"https:\/\/www.grandsformats.com\/2025\/10\/fred-pallem-le-sacre-du-tympan-un-hommage-vibrant-a-francois-de-roubaix\/","og_locale":"en_US","og_type":"article","og_title":"Fred Pallem & Le Sacre du Tympan : un hommage vibrant \u00e0 Fran\u00e7ois de Roubaix - Site officiel de la f\u00e9d\u00e9ration Grands Formats","og_description":"Cinquante ans apr\u00e8s la disparition du compositeur culte Fran\u00e7ois de Roubaix, Fred Pallem et Le Sacre du Tympan revisitent son \u0153uvre...","og_url":"https:\/\/www.grandsformats.com\/2025\/10\/fred-pallem-le-sacre-du-tympan-un-hommage-vibrant-a-francois-de-roubaix\/","og_site_name":"Site officiel de la f\u00e9d\u00e9ration Grands Formats","article_publisher":"https:\/\/www.facebook.com\/grandsformats\/","article_published_time":"2025-10-28T09:53:58+00:00","article_modified_time":"2025-11-07T12:28:11+00:00","og_image":[{"width":1920,"height":1080,"url":"https:\/\/www.grandsformats.com\/wp-content\/uploads\/2025\/10\/169deroubaix.png","type":"image\/png"}],"author":"Laura Hanequand - Grands Formats","twitter_card":"summary_large_image","twitter_creator":"@GrandsFormatsGF","twitter_site":"@GrandsFormatsGF","twitter_misc":{"Written by":"Laura Hanequand - Grands Formats","Est. reading time":"1 minute"},"schema":{"@context":"https:\/\/schema.org","@graph":[{"@type":"Article","@id":"https:\/\/www.grandsformats.com\/2025\/10\/fred-pallem-le-sacre-du-tympan-un-hommage-vibrant-a-francois-de-roubaix\/#article","isPartOf":{"@id":"https:\/\/www.grandsformats.com\/2025\/10\/fred-pallem-le-sacre-du-tympan-un-hommage-vibrant-a-francois-de-roubaix\/"},"author":{"name":"Laura Hanequand - Grands Formats","@id":"https:\/\/www.grandsformats.com\/#\/schema\/person\/56c2866069b6967b2c7becd25c9b4dbb"},"headline":"Fred Pallem &#038; Le Sacre du Tympan : un hommage vibrant \u00e0 Fran\u00e7ois de Roubaix","datePublished":"2025-10-28T09:53:58+00:00","dateModified":"2025-11-07T12:28:11+00:00","mainEntityOfPage":{"@id":"https:\/\/www.grandsformats.com\/2025\/10\/fred-pallem-le-sacre-du-tympan-un-hommage-vibrant-a-francois-de-roubaix\/"},"wordCount":134,"commentCount":0,"publisher":{"@id":"https:\/\/www.grandsformats.com\/#organization"},"image":{"@id":"https:\/\/www.grandsformats.com\/2025\/10\/fred-pallem-le-sacre-du-tympan-un-hommage-vibrant-a-francois-de-roubaix\/#primaryimage"},"thumbnailUrl":"https:\/\/www.grandsformats.com\/wp-content\/uploads\/2025\/10\/169deroubaix.png","articleSection":["Actus des membres","Fred Pallem Le Sacre du Tympan"],"inLanguage":"en-US","potentialAction":[{"@type":"CommentAction","name":"Comment","target":["https:\/\/www.grandsformats.com\/2025\/10\/fred-pallem-le-sacre-du-tympan-un-hommage-vibrant-a-francois-de-roubaix\/#respond"]}]},{"@type":"WebPage","@id":"https:\/\/www.grandsformats.com\/2025\/10\/fred-pallem-le-sacre-du-tympan-un-hommage-vibrant-a-francois-de-roubaix\/","url":"https:\/\/www.grandsformats.com\/2025\/10\/fred-pallem-le-sacre-du-tympan-un-hommage-vibrant-a-francois-de-roubaix\/","name":"Fred Pallem & Le Sacre du Tympan : un hommage vibrant \u00e0 Fran\u00e7ois de Roubaix - Site officiel de la f\u00e9d\u00e9ration Grands Formats","isPartOf":{"@id":"https:\/\/www.grandsformats.com\/#website"},"primaryImageOfPage":{"@id":"https:\/\/www.grandsformats.com\/2025\/10\/fred-pallem-le-sacre-du-tympan-un-hommage-vibrant-a-francois-de-roubaix\/#primaryimage"},"image":{"@id":"https:\/\/www.grandsformats.com\/2025\/10\/fred-pallem-le-sacre-du-tympan-un-hommage-vibrant-a-francois-de-roubaix\/#primaryimage"},"thumbnailUrl":"https:\/\/www.grandsformats.com\/wp-content\/uploads\/2025\/10\/169deroubaix.png","datePublished":"2025-10-28T09:53:58+00:00","dateModified":"2025-11-07T12:28:11+00:00","description":"Cinquante ans apr\u00e8s la disparition du compositeur culte Fran\u00e7ois de Roubaix, Fred Pallem et Le Sacre du Tympan revisitent son \u0153uvre...","breadcrumb":{"@id":"https:\/\/www.grandsformats.com\/2025\/10\/fred-pallem-le-sacre-du-tympan-un-hommage-vibrant-a-francois-de-roubaix\/#breadcrumb"},"inLanguage":"en-US","potentialAction":[{"@type":"ReadAction","target":["https:\/\/www.grandsformats.com\/2025\/10\/fred-pallem-le-sacre-du-tympan-un-hommage-vibrant-a-francois-de-roubaix\/"]}]},{"@type":"ImageObject","inLanguage":"en-US","@id":"https:\/\/www.grandsformats.com\/2025\/10\/fred-pallem-le-sacre-du-tympan-un-hommage-vibrant-a-francois-de-roubaix\/#primaryimage","url":"https:\/\/www.grandsformats.com\/wp-content\/uploads\/2025\/10\/169deroubaix.png","contentUrl":"https:\/\/www.grandsformats.com\/wp-content\/uploads\/2025\/10\/169deroubaix.png","width":1920,"height":1080,"caption":"Fred Pallem De roubaix"},{"@type":"BreadcrumbList","@id":"https:\/\/www.grandsformats.com\/2025\/10\/fred-pallem-le-sacre-du-tympan-un-hommage-vibrant-a-francois-de-roubaix\/#breadcrumb","itemListElement":[{"@type":"ListItem","position":1,"name":"Accueil","item":"https:\/\/www.grandsformats.com\/en\/"},{"@type":"ListItem","position":2,"name":"Fred Pallem &#038; Le Sacre du Tympan : un hommage vibrant \u00e0 Fran\u00e7ois de Roubaix"}]},{"@type":"WebSite","@id":"https:\/\/www.grandsformats.com\/#website","url":"https:\/\/www.grandsformats.com\/","name":"Site officiel de la f\u00e9d\u00e9ration Grands Formats","description":"F\u00e9d\u00e9ration d&#039;artistes pour la musique en grand !","publisher":{"@id":"https:\/\/www.grandsformats.com\/#organization"},"potentialAction":[{"@type":"SearchAction","target":{"@type":"EntryPoint","urlTemplate":"https:\/\/www.grandsformats.com\/?s={search_term_string}"},"query-input":{"@type":"PropertyValueSpecification","valueRequired":true,"valueName":"search_term_string"}}],"inLanguage":"en-US"},{"@type":"Organization","@id":"https:\/\/www.grandsformats.com\/#organization","name":"Grands Formats","url":"https:\/\/www.grandsformats.com\/","logo":{"@type":"ImageObject","inLanguage":"en-US","@id":"https:\/\/www.grandsformats.com\/#\/schema\/logo\/image\/","url":"https:\/\/www.grandsformats.com\/wp-content\/uploads\/2020\/03\/logo-GF-200.png","contentUrl":"https:\/\/www.grandsformats.com\/wp-content\/uploads\/2020\/03\/logo-GF-200.png","width":155,"height":200,"caption":"Grands Formats"},"image":{"@id":"https:\/\/www.grandsformats.com\/#\/schema\/logo\/image\/"},"sameAs":["https:\/\/www.facebook.com\/grandsformats\/","https:\/\/x.com\/GrandsFormatsGF","https:\/\/www.instagram.com\/grandsformats\/","https:\/\/www.youtube.com\/channel\/UCJ7k9dbqc_DG-nxI3WMPvhw?view_as=subscriberhttps:\/\/www.youtube.com\/channel\/UCJ7k9dbqc_DG-nxI3WMPvhw?view_as=subscriber"]},{"@type":"Person","@id":"https:\/\/www.grandsformats.com\/#\/schema\/person\/56c2866069b6967b2c7becd25c9b4dbb","name":"Laura Hanequand - Grands Formats","image":{"@type":"ImageObject","inLanguage":"en-US","@id":"https:\/\/www.grandsformats.com\/#\/schema\/person\/image\/","url":"https:\/\/secure.gravatar.com\/avatar\/6d52edecb86835c2b7e81a2cdb8965ae325b4045b44f9043177428c622c06643?s=96&d=mm&r=g","contentUrl":"https:\/\/secure.gravatar.com\/avatar\/6d52edecb86835c2b7e81a2cdb8965ae325b4045b44f9043177428c622c06643?s=96&d=mm&r=g","caption":"Laura Hanequand - Grands Formats"},"url":"https:\/\/www.grandsformats.com\/en\/author\/lauragrandsformats-com\/"}]}},"_links":{"self":[{"href":"https:\/\/www.grandsformats.com\/en\/wp-json\/wp\/v2\/posts\/33654","targetHints":{"allow":["GET"]}}],"collection":[{"href":"https:\/\/www.grandsformats.com\/en\/wp-json\/wp\/v2\/posts"}],"about":[{"href":"https:\/\/www.grandsformats.com\/en\/wp-json\/wp\/v2\/types\/post"}],"author":[{"embeddable":true,"href":"https:\/\/www.grandsformats.com\/en\/wp-json\/wp\/v2\/users\/161"}],"replies":[{"embeddable":true,"href":"https:\/\/www.grandsformats.com\/en\/wp-json\/wp\/v2\/comments?post=33654"}],"version-history":[{"count":1,"href":"https:\/\/www.grandsformats.com\/en\/wp-json\/wp\/v2\/posts\/33654\/revisions"}],"predecessor-version":[{"id":33657,"href":"https:\/\/www.grandsformats.com\/en\/wp-json\/wp\/v2\/posts\/33654\/revisions\/33657"}],"wp:featuredmedia":[{"embeddable":true,"href":"https:\/\/www.grandsformats.com\/en\/wp-json\/wp\/v2\/media\/33695"}],"wp:attachment":[{"href":"https:\/\/www.grandsformats.com\/en\/wp-json\/wp\/v2\/media?parent=33654"}],"wp:term":[{"taxonomy":"category","embeddable":true,"href":"https:\/\/www.grandsformats.com\/en\/wp-json\/wp\/v2\/categories?post=33654"},{"taxonomy":"post_tag","embeddable":true,"href":"https:\/\/www.grandsformats.com\/en\/wp-json\/wp\/v2\/tags?post=33654"}],"curies":[{"name":"wp","href":"https:\/\/api.w.org\/{rel}","templated":true}]}}