{"id":33554,"date":"2025-10-03T10:51:21","date_gmt":"2025-10-03T08:51:21","guid":{"rendered":"https:\/\/www.grandsformats.com\/?p=33554"},"modified":"2025-10-03T11:10:39","modified_gmt":"2025-10-03T09:10:39","slug":"collision-collective-larfi-rencontre-muzzix-a-lille","status":"publish","type":"post","link":"https:\/\/www.grandsformats.com\/en\/2025\/10\/collision-collective-larfi-rencontre-muzzix-a-lille\/","title":{"rendered":"Collision Collective : L&#8217;ARFI rencontre Muzzix\u00a0\u00e0 Lille"},"content":{"rendered":"<p><strong>La saison de concerts <span style=\"text-decoration: underline;\"><a href=\"https:\/\/www.grandsformats.com\/collision-collective\/\">Collision Collective<\/a><\/span> s&#8217;ouvre avec une rencontre in\u00e9dite entre les collectifs ARFI et Muzzix : <b>Acte 1 \u00e0 Lille, avant le match retour aux \u00c9clats d&#8217;ARFI 2025 !<\/b><\/strong><\/p>\n<p><strong>16 musiciens, 2 collectifs, 1 grande formation \u00e9ph\u00e9m\u00e8re<\/strong><\/p>\n<p>Deux univers, deux esth\u00e9tiques, deux histoires de la musique improvis\u00e9e en France se donnent rendez-vous pour une rencontre exceptionnelle sur sc\u00e8ne\u00a0: huit musiciens du collectif ARFI (Lyon) et huit musiciens du collectif Muzzix (Lille) s\u2019unissent pour un concert exceptionnel en grande formation.<\/p>\n<p>Depuis plus de quarante ans, l\u2019<strong>ARFI<\/strong>\u00a0explore les musiques inventives avec un esprit frondeur et po\u00e9tique, entre jazz, musiques populaires et exp\u00e9rimentations sc\u00e9niques.\u00a0<strong>Muzzix<\/strong>, n\u00e9 \u00e0 la fin des ann\u00e9es 1990, se distingue par ses recherches sonores, ses projets transversaux et son engagement collectif autour de la cr\u00e9ation contemporaine et de l\u2019improvisation.<\/p>\n<p>Pour ce concert, les seize musiciens se retrouvent pour inventer, ensemble, l\u2019instant musical, dans une dynamique de partage et de confrontation joyeuse. Chaque concert est une exp\u00e9rience renouvel\u00e9e\u00a0: pas de partition, pas de chef, mais une cartographie sensible en constante construction, o\u00f9 s\u2019entrelacent souffles, pulsations, textures, accidents heureux et silences charg\u00e9s.<\/p>\n<p>Un final en duo : Xavier Garcia et Guillaume Grenard (ARFI) explorent les gravures bibliques de Gustave Dor\u00e9 dans une musique \u201ccompovis\u00e9e\u201d : <strong>Quidquid Latet Apparebit<\/strong><\/p>\n<p><strong>Concerts le 11 octobre \u00e0 18h Square Ir\u00e8ne Devos et \u00e0 20h \u00e0 la malterie \u00e0 Lille<\/strong><\/p>\n<p>Tarifs r\u00e9duits pour abonn\u00e9s Muzzix, \u00e9tudiants, retrait\u00e9s, intermittents, demandeurs d\u2019emploi et jeunes de 12 \u00e0 18 ans.<\/p>\n<p><a href=\"https:\/\/muzzix.info\/M-A-L-ARFI-rencontre-Muzzix-Quidquid-Latet-Apparebit\"><span style=\"text-decoration: underline;\"><strong>&gt; Billetterie<\/strong><\/span><\/a><\/p>\n<p>__________<\/p>\n<p><strong><a href=\"https:\/\/www.lamalterie.com\/\">La malterie<\/a>, lieu de cr\u00e9ation embl\u00e9matique de la vie culturelle lilloise et v\u00e9ritable laboratoire de cr\u00e9ation pour le collectif Muzzix est menac\u00e9e d\u2019expulsion. <\/strong><\/p>\n<p>Depuis 30 ans, La malterie musiques c\u2019est :<\/p>\n<p>\u2013 Un lieu de travail et de cr\u00e9ation pour plus de 80 musicien\u00b7ne\u00b7s r\u00e9sident\u00b7e\u00b7s.<br \/>\n\u2013 Une salle de concerts ayant accueilli 8 500 artistes locaux, nationaux et internationaux.<br \/>\n\u2013 Un patrimoine vivant, install\u00e9 dans l\u2019ancienne brasserie Delhaye au c\u0153ur de Lille.<br \/>\n\u2013 Un espace solidaire et ind\u00e9pendant, essentiel \u00e0 la vitalit\u00e9 de la sc\u00e8ne musicale.<\/p>\n<p>Si la malterie dispara\u00eet, c\u2019est tout un pan de la vie culturelle lilloise qui s\u2019\u00e9teint.<\/p>\n<p><a href=\"https:\/\/chng.it\/vmSqhfZNjH\"><span style=\"text-decoration: underline;\"><strong>&gt; Partagez et signez la p\u00e9tition<\/strong><\/span><\/a><\/p>\n<p><span style=\"font-size: 10pt;\">Photo : ARFI \u00a9 Sofiane Krifah<\/span><\/p>\n","protected":false},"excerpt":{"rendered":"<p>La saison de concerts Collision Collective s&#8217;ouvre avec une rencontre in\u00e9dite entre les collectifs ARFI et Muzzix : Acte 1 \u00e0 Lille, avant le match retour aux \u00c9clats d&#8217;ARFI 2025 ! 16 musiciens, 2 collectifs, 1 grande formation \u00e9ph\u00e9m\u00e8re Deux univers, deux esth\u00e9tiques, deux histoires de la musique improvis\u00e9e en France se donnent rendez-vous pour&#8230;<\/p>\n<p><a rel=\"bookmark\" class=\"theme-button-text wvc-button wvc-button-size-xs\" href=\"https:\/\/www.grandsformats.com\/en\/2025\/10\/collision-collective-larfi-rencontre-muzzix-a-lille\/\"><small class=\"wvc-button-background-fill\"><\/small><span>Continue reading<\/span><\/a><\/p>\n","protected":false},"author":161,"featured_media":33555,"comment_status":"open","ping_status":"open","sticky":false,"template":"","format":"standard","meta":{"_acf_changed":false,"footnotes":""},"categories":[95,596,599],"tags":[1361],"class_list":["post-33554","post","type-post","status-publish","format-standard","has-post-thumbnail","hentry","category-membres","category-arfi","category-muzzix","tag-collision-collective","entry-post-skin-light","entry","clearfix","entry-grid","entry-columns-default","entry-post-module-layout-sidebar-right","thumbnail-color-tone-dark","metro-landscape","entry-post","entry-masonry","entry-post-masonry"],"acf":[],"yoast_head":"<!-- This site is optimized with the Yoast SEO plugin v25.8 - https:\/\/yoast.com\/wordpress\/plugins\/seo\/ -->\n<title>Collision Collective : L&#039;ARFI rencontre Muzzix\u00a0\u00e0 Lille - Site officiel de la f\u00e9d\u00e9ration Grands Formats<\/title>\n<meta name=\"description\" content=\"La saison de concerts Collision Collective s&#039;ouvre avec une rencontre in\u00e9dite entre les collectifs ARFI et Muzzix : Acte 1 \u00e0 Lille...\" \/>\n<meta name=\"robots\" content=\"index, follow, max-snippet:-1, max-image-preview:large, max-video-preview:-1\" \/>\n<link rel=\"canonical\" href=\"https:\/\/www.grandsformats.com\/2025\/10\/collision-collective-larfi-rencontre-muzzix-a-lille\/\" \/>\n<meta property=\"og:locale\" content=\"en_US\" \/>\n<meta property=\"og:type\" content=\"article\" \/>\n<meta property=\"og:title\" content=\"Collision Collective : L&#039;ARFI rencontre Muzzix\u00a0\u00e0 Lille - Site officiel de la f\u00e9d\u00e9ration Grands Formats\" \/>\n<meta property=\"og:description\" content=\"La saison de concerts Collision Collective s&#039;ouvre avec une rencontre in\u00e9dite entre les collectifs ARFI et Muzzix : Acte 1 \u00e0 Lille...\" \/>\n<meta property=\"og:url\" content=\"https:\/\/www.grandsformats.com\/2025\/10\/collision-collective-larfi-rencontre-muzzix-a-lille\/\" \/>\n<meta property=\"og:site_name\" content=\"Site officiel de la f\u00e9d\u00e9ration Grands Formats\" \/>\n<meta property=\"article:publisher\" content=\"https:\/\/www.facebook.com\/grandsformats\/\" \/>\n<meta property=\"article:published_time\" content=\"2025-10-03T08:51:21+00:00\" \/>\n<meta property=\"article:modified_time\" content=\"2025-10-03T09:10:39+00:00\" \/>\n<meta property=\"og:image\" content=\"https:\/\/www.grandsformats.com\/wp-content\/uploads\/2025\/10\/arfixmuzzix_octBanner.png\" \/>\n\t<meta property=\"og:image:width\" content=\"1728\" \/>\n\t<meta property=\"og:image:height\" content=\"972\" \/>\n\t<meta property=\"og:image:type\" content=\"image\/png\" \/>\n<meta name=\"author\" content=\"Laura Hanequand - Grands Formats\" \/>\n<meta name=\"twitter:card\" content=\"summary_large_image\" \/>\n<meta name=\"twitter:creator\" content=\"@GrandsFormatsGF\" \/>\n<meta name=\"twitter:site\" content=\"@GrandsFormatsGF\" \/>\n<meta name=\"twitter:label1\" content=\"Written by\" \/>\n\t<meta name=\"twitter:data1\" content=\"Laura Hanequand - Grands Formats\" \/>\n\t<meta name=\"twitter:label2\" content=\"Est. reading time\" \/>\n\t<meta name=\"twitter:data2\" content=\"2 minutes\" \/>\n<script type=\"application\/ld+json\" class=\"yoast-schema-graph\">{\"@context\":\"https:\/\/schema.org\",\"@graph\":[{\"@type\":\"Article\",\"@id\":\"https:\/\/www.grandsformats.com\/2025\/10\/collision-collective-larfi-rencontre-muzzix-a-lille\/#article\",\"isPartOf\":{\"@id\":\"https:\/\/www.grandsformats.com\/2025\/10\/collision-collective-larfi-rencontre-muzzix-a-lille\/\"},\"author\":{\"name\":\"Laura Hanequand - Grands Formats\",\"@id\":\"https:\/\/www.grandsformats.com\/#\/schema\/person\/56c2866069b6967b2c7becd25c9b4dbb\"},\"headline\":\"Collision Collective : L&#8217;ARFI rencontre Muzzix\u00a0\u00e0 Lille\",\"datePublished\":\"2025-10-03T08:51:21+00:00\",\"dateModified\":\"2025-10-03T09:10:39+00:00\",\"mainEntityOfPage\":{\"@id\":\"https:\/\/www.grandsformats.com\/2025\/10\/collision-collective-larfi-rencontre-muzzix-a-lille\/\"},\"wordCount\":382,\"commentCount\":0,\"publisher\":{\"@id\":\"https:\/\/www.grandsformats.com\/#organization\"},\"image\":{\"@id\":\"https:\/\/www.grandsformats.com\/2025\/10\/collision-collective-larfi-rencontre-muzzix-a-lille\/#primaryimage\"},\"thumbnailUrl\":\"https:\/\/www.grandsformats.com\/wp-content\/uploads\/2025\/10\/arfixmuzzix_octBanner.png\",\"keywords\":[\"Collision Collective\"],\"articleSection\":[\"Actus des membres\",\"ARFI\",\"Muzzix\"],\"inLanguage\":\"en-US\",\"potentialAction\":[{\"@type\":\"CommentAction\",\"name\":\"Comment\",\"target\":[\"https:\/\/www.grandsformats.com\/2025\/10\/collision-collective-larfi-rencontre-muzzix-a-lille\/#respond\"]}]},{\"@type\":\"WebPage\",\"@id\":\"https:\/\/www.grandsformats.com\/2025\/10\/collision-collective-larfi-rencontre-muzzix-a-lille\/\",\"url\":\"https:\/\/www.grandsformats.com\/2025\/10\/collision-collective-larfi-rencontre-muzzix-a-lille\/\",\"name\":\"Collision Collective : L'ARFI rencontre Muzzix\u00a0\u00e0 Lille - Site officiel de la f\u00e9d\u00e9ration Grands Formats\",\"isPartOf\":{\"@id\":\"https:\/\/www.grandsformats.com\/#website\"},\"primaryImageOfPage\":{\"@id\":\"https:\/\/www.grandsformats.com\/2025\/10\/collision-collective-larfi-rencontre-muzzix-a-lille\/#primaryimage\"},\"image\":{\"@id\":\"https:\/\/www.grandsformats.com\/2025\/10\/collision-collective-larfi-rencontre-muzzix-a-lille\/#primaryimage\"},\"thumbnailUrl\":\"https:\/\/www.grandsformats.com\/wp-content\/uploads\/2025\/10\/arfixmuzzix_octBanner.png\",\"datePublished\":\"2025-10-03T08:51:21+00:00\",\"dateModified\":\"2025-10-03T09:10:39+00:00\",\"description\":\"La saison de concerts Collision Collective s'ouvre avec une rencontre in\u00e9dite entre les collectifs ARFI et Muzzix : Acte 1 \u00e0 Lille...\",\"breadcrumb\":{\"@id\":\"https:\/\/www.grandsformats.com\/2025\/10\/collision-collective-larfi-rencontre-muzzix-a-lille\/#breadcrumb\"},\"inLanguage\":\"en-US\",\"potentialAction\":[{\"@type\":\"ReadAction\",\"target\":[\"https:\/\/www.grandsformats.com\/2025\/10\/collision-collective-larfi-rencontre-muzzix-a-lille\/\"]}]},{\"@type\":\"ImageObject\",\"inLanguage\":\"en-US\",\"@id\":\"https:\/\/www.grandsformats.com\/2025\/10\/collision-collective-larfi-rencontre-muzzix-a-lille\/#primaryimage\",\"url\":\"https:\/\/www.grandsformats.com\/wp-content\/uploads\/2025\/10\/arfixmuzzix_octBanner.png\",\"contentUrl\":\"https:\/\/www.grandsformats.com\/wp-content\/uploads\/2025\/10\/arfixmuzzix_octBanner.png\",\"width\":1728,\"height\":972,\"caption\":\"ARFI X MUZZIX Collision Collective\"},{\"@type\":\"BreadcrumbList\",\"@id\":\"https:\/\/www.grandsformats.com\/2025\/10\/collision-collective-larfi-rencontre-muzzix-a-lille\/#breadcrumb\",\"itemListElement\":[{\"@type\":\"ListItem\",\"position\":1,\"name\":\"Accueil\",\"item\":\"https:\/\/www.grandsformats.com\/en\/\"},{\"@type\":\"ListItem\",\"position\":2,\"name\":\"Collision Collective : L&rsquo;ARFI rencontre Muzzix\u00a0\u00e0 Lille\"}]},{\"@type\":\"WebSite\",\"@id\":\"https:\/\/www.grandsformats.com\/#website\",\"url\":\"https:\/\/www.grandsformats.com\/\",\"name\":\"Site officiel de la f\u00e9d\u00e9ration Grands Formats\",\"description\":\"F\u00e9d\u00e9ration d&#039;artistes pour la musique en grand !\",\"publisher\":{\"@id\":\"https:\/\/www.grandsformats.com\/#organization\"},\"potentialAction\":[{\"@type\":\"SearchAction\",\"target\":{\"@type\":\"EntryPoint\",\"urlTemplate\":\"https:\/\/www.grandsformats.com\/?s={search_term_string}\"},\"query-input\":{\"@type\":\"PropertyValueSpecification\",\"valueRequired\":true,\"valueName\":\"search_term_string\"}}],\"inLanguage\":\"en-US\"},{\"@type\":\"Organization\",\"@id\":\"https:\/\/www.grandsformats.com\/#organization\",\"name\":\"Grands Formats\",\"url\":\"https:\/\/www.grandsformats.com\/\",\"logo\":{\"@type\":\"ImageObject\",\"inLanguage\":\"en-US\",\"@id\":\"https:\/\/www.grandsformats.com\/#\/schema\/logo\/image\/\",\"url\":\"https:\/\/www.grandsformats.com\/wp-content\/uploads\/2020\/03\/logo-GF-200.png\",\"contentUrl\":\"https:\/\/www.grandsformats.com\/wp-content\/uploads\/2020\/03\/logo-GF-200.png\",\"width\":155,\"height\":200,\"caption\":\"Grands Formats\"},\"image\":{\"@id\":\"https:\/\/www.grandsformats.com\/#\/schema\/logo\/image\/\"},\"sameAs\":[\"https:\/\/www.facebook.com\/grandsformats\/\",\"https:\/\/x.com\/GrandsFormatsGF\",\"https:\/\/www.instagram.com\/grandsformats\/\",\"https:\/\/www.youtube.com\/channel\/UCJ7k9dbqc_DG-nxI3WMPvhw?view_as=subscriberhttps:\/\/www.youtube.com\/channel\/UCJ7k9dbqc_DG-nxI3WMPvhw?view_as=subscriber\"]},{\"@type\":\"Person\",\"@id\":\"https:\/\/www.grandsformats.com\/#\/schema\/person\/56c2866069b6967b2c7becd25c9b4dbb\",\"name\":\"Laura Hanequand - Grands Formats\",\"image\":{\"@type\":\"ImageObject\",\"inLanguage\":\"en-US\",\"@id\":\"https:\/\/www.grandsformats.com\/#\/schema\/person\/image\/\",\"url\":\"https:\/\/secure.gravatar.com\/avatar\/6d52edecb86835c2b7e81a2cdb8965ae325b4045b44f9043177428c622c06643?s=96&d=mm&r=g\",\"contentUrl\":\"https:\/\/secure.gravatar.com\/avatar\/6d52edecb86835c2b7e81a2cdb8965ae325b4045b44f9043177428c622c06643?s=96&d=mm&r=g\",\"caption\":\"Laura Hanequand - Grands Formats\"},\"url\":\"https:\/\/www.grandsformats.com\/en\/author\/lauragrandsformats-com\/\"}]}<\/script>\n<!-- \/ Yoast SEO plugin. -->","yoast_head_json":{"title":"Collision Collective : L'ARFI rencontre Muzzix\u00a0\u00e0 Lille - Site officiel de la f\u00e9d\u00e9ration Grands Formats","description":"La saison de concerts Collision Collective s'ouvre avec une rencontre in\u00e9dite entre les collectifs ARFI et Muzzix : Acte 1 \u00e0 Lille...","robots":{"index":"index","follow":"follow","max-snippet":"max-snippet:-1","max-image-preview":"max-image-preview:large","max-video-preview":"max-video-preview:-1"},"canonical":"https:\/\/www.grandsformats.com\/2025\/10\/collision-collective-larfi-rencontre-muzzix-a-lille\/","og_locale":"en_US","og_type":"article","og_title":"Collision Collective : L'ARFI rencontre Muzzix\u00a0\u00e0 Lille - Site officiel de la f\u00e9d\u00e9ration Grands Formats","og_description":"La saison de concerts Collision Collective s'ouvre avec une rencontre in\u00e9dite entre les collectifs ARFI et Muzzix : Acte 1 \u00e0 Lille...","og_url":"https:\/\/www.grandsformats.com\/2025\/10\/collision-collective-larfi-rencontre-muzzix-a-lille\/","og_site_name":"Site officiel de la f\u00e9d\u00e9ration Grands Formats","article_publisher":"https:\/\/www.facebook.com\/grandsformats\/","article_published_time":"2025-10-03T08:51:21+00:00","article_modified_time":"2025-10-03T09:10:39+00:00","og_image":[{"width":1728,"height":972,"url":"https:\/\/www.grandsformats.com\/wp-content\/uploads\/2025\/10\/arfixmuzzix_octBanner.png","type":"image\/png"}],"author":"Laura Hanequand - Grands Formats","twitter_card":"summary_large_image","twitter_creator":"@GrandsFormatsGF","twitter_site":"@GrandsFormatsGF","twitter_misc":{"Written by":"Laura Hanequand - Grands Formats","Est. reading time":"2 minutes"},"schema":{"@context":"https:\/\/schema.org","@graph":[{"@type":"Article","@id":"https:\/\/www.grandsformats.com\/2025\/10\/collision-collective-larfi-rencontre-muzzix-a-lille\/#article","isPartOf":{"@id":"https:\/\/www.grandsformats.com\/2025\/10\/collision-collective-larfi-rencontre-muzzix-a-lille\/"},"author":{"name":"Laura Hanequand - Grands Formats","@id":"https:\/\/www.grandsformats.com\/#\/schema\/person\/56c2866069b6967b2c7becd25c9b4dbb"},"headline":"Collision Collective : L&#8217;ARFI rencontre Muzzix\u00a0\u00e0 Lille","datePublished":"2025-10-03T08:51:21+00:00","dateModified":"2025-10-03T09:10:39+00:00","mainEntityOfPage":{"@id":"https:\/\/www.grandsformats.com\/2025\/10\/collision-collective-larfi-rencontre-muzzix-a-lille\/"},"wordCount":382,"commentCount":0,"publisher":{"@id":"https:\/\/www.grandsformats.com\/#organization"},"image":{"@id":"https:\/\/www.grandsformats.com\/2025\/10\/collision-collective-larfi-rencontre-muzzix-a-lille\/#primaryimage"},"thumbnailUrl":"https:\/\/www.grandsformats.com\/wp-content\/uploads\/2025\/10\/arfixmuzzix_octBanner.png","keywords":["Collision Collective"],"articleSection":["Actus des membres","ARFI","Muzzix"],"inLanguage":"en-US","potentialAction":[{"@type":"CommentAction","name":"Comment","target":["https:\/\/www.grandsformats.com\/2025\/10\/collision-collective-larfi-rencontre-muzzix-a-lille\/#respond"]}]},{"@type":"WebPage","@id":"https:\/\/www.grandsformats.com\/2025\/10\/collision-collective-larfi-rencontre-muzzix-a-lille\/","url":"https:\/\/www.grandsformats.com\/2025\/10\/collision-collective-larfi-rencontre-muzzix-a-lille\/","name":"Collision Collective : L'ARFI rencontre Muzzix\u00a0\u00e0 Lille - Site officiel de la f\u00e9d\u00e9ration Grands Formats","isPartOf":{"@id":"https:\/\/www.grandsformats.com\/#website"},"primaryImageOfPage":{"@id":"https:\/\/www.grandsformats.com\/2025\/10\/collision-collective-larfi-rencontre-muzzix-a-lille\/#primaryimage"},"image":{"@id":"https:\/\/www.grandsformats.com\/2025\/10\/collision-collective-larfi-rencontre-muzzix-a-lille\/#primaryimage"},"thumbnailUrl":"https:\/\/www.grandsformats.com\/wp-content\/uploads\/2025\/10\/arfixmuzzix_octBanner.png","datePublished":"2025-10-03T08:51:21+00:00","dateModified":"2025-10-03T09:10:39+00:00","description":"La saison de concerts Collision Collective s'ouvre avec une rencontre in\u00e9dite entre les collectifs ARFI et Muzzix : Acte 1 \u00e0 Lille...","breadcrumb":{"@id":"https:\/\/www.grandsformats.com\/2025\/10\/collision-collective-larfi-rencontre-muzzix-a-lille\/#breadcrumb"},"inLanguage":"en-US","potentialAction":[{"@type":"ReadAction","target":["https:\/\/www.grandsformats.com\/2025\/10\/collision-collective-larfi-rencontre-muzzix-a-lille\/"]}]},{"@type":"ImageObject","inLanguage":"en-US","@id":"https:\/\/www.grandsformats.com\/2025\/10\/collision-collective-larfi-rencontre-muzzix-a-lille\/#primaryimage","url":"https:\/\/www.grandsformats.com\/wp-content\/uploads\/2025\/10\/arfixmuzzix_octBanner.png","contentUrl":"https:\/\/www.grandsformats.com\/wp-content\/uploads\/2025\/10\/arfixmuzzix_octBanner.png","width":1728,"height":972,"caption":"ARFI X MUZZIX Collision Collective"},{"@type":"BreadcrumbList","@id":"https:\/\/www.grandsformats.com\/2025\/10\/collision-collective-larfi-rencontre-muzzix-a-lille\/#breadcrumb","itemListElement":[{"@type":"ListItem","position":1,"name":"Accueil","item":"https:\/\/www.grandsformats.com\/en\/"},{"@type":"ListItem","position":2,"name":"Collision Collective : L&rsquo;ARFI rencontre Muzzix\u00a0\u00e0 Lille"}]},{"@type":"WebSite","@id":"https:\/\/www.grandsformats.com\/#website","url":"https:\/\/www.grandsformats.com\/","name":"Site officiel de la f\u00e9d\u00e9ration Grands Formats","description":"F\u00e9d\u00e9ration d&#039;artistes pour la musique en grand !","publisher":{"@id":"https:\/\/www.grandsformats.com\/#organization"},"potentialAction":[{"@type":"SearchAction","target":{"@type":"EntryPoint","urlTemplate":"https:\/\/www.grandsformats.com\/?s={search_term_string}"},"query-input":{"@type":"PropertyValueSpecification","valueRequired":true,"valueName":"search_term_string"}}],"inLanguage":"en-US"},{"@type":"Organization","@id":"https:\/\/www.grandsformats.com\/#organization","name":"Grands Formats","url":"https:\/\/www.grandsformats.com\/","logo":{"@type":"ImageObject","inLanguage":"en-US","@id":"https:\/\/www.grandsformats.com\/#\/schema\/logo\/image\/","url":"https:\/\/www.grandsformats.com\/wp-content\/uploads\/2020\/03\/logo-GF-200.png","contentUrl":"https:\/\/www.grandsformats.com\/wp-content\/uploads\/2020\/03\/logo-GF-200.png","width":155,"height":200,"caption":"Grands Formats"},"image":{"@id":"https:\/\/www.grandsformats.com\/#\/schema\/logo\/image\/"},"sameAs":["https:\/\/www.facebook.com\/grandsformats\/","https:\/\/x.com\/GrandsFormatsGF","https:\/\/www.instagram.com\/grandsformats\/","https:\/\/www.youtube.com\/channel\/UCJ7k9dbqc_DG-nxI3WMPvhw?view_as=subscriberhttps:\/\/www.youtube.com\/channel\/UCJ7k9dbqc_DG-nxI3WMPvhw?view_as=subscriber"]},{"@type":"Person","@id":"https:\/\/www.grandsformats.com\/#\/schema\/person\/56c2866069b6967b2c7becd25c9b4dbb","name":"Laura Hanequand - Grands Formats","image":{"@type":"ImageObject","inLanguage":"en-US","@id":"https:\/\/www.grandsformats.com\/#\/schema\/person\/image\/","url":"https:\/\/secure.gravatar.com\/avatar\/6d52edecb86835c2b7e81a2cdb8965ae325b4045b44f9043177428c622c06643?s=96&d=mm&r=g","contentUrl":"https:\/\/secure.gravatar.com\/avatar\/6d52edecb86835c2b7e81a2cdb8965ae325b4045b44f9043177428c622c06643?s=96&d=mm&r=g","caption":"Laura Hanequand - Grands Formats"},"url":"https:\/\/www.grandsformats.com\/en\/author\/lauragrandsformats-com\/"}]}},"_links":{"self":[{"href":"https:\/\/www.grandsformats.com\/en\/wp-json\/wp\/v2\/posts\/33554","targetHints":{"allow":["GET"]}}],"collection":[{"href":"https:\/\/www.grandsformats.com\/en\/wp-json\/wp\/v2\/posts"}],"about":[{"href":"https:\/\/www.grandsformats.com\/en\/wp-json\/wp\/v2\/types\/post"}],"author":[{"embeddable":true,"href":"https:\/\/www.grandsformats.com\/en\/wp-json\/wp\/v2\/users\/161"}],"replies":[{"embeddable":true,"href":"https:\/\/www.grandsformats.com\/en\/wp-json\/wp\/v2\/comments?post=33554"}],"version-history":[{"count":2,"href":"https:\/\/www.grandsformats.com\/en\/wp-json\/wp\/v2\/posts\/33554\/revisions"}],"predecessor-version":[{"id":33558,"href":"https:\/\/www.grandsformats.com\/en\/wp-json\/wp\/v2\/posts\/33554\/revisions\/33558"}],"wp:featuredmedia":[{"embeddable":true,"href":"https:\/\/www.grandsformats.com\/en\/wp-json\/wp\/v2\/media\/33555"}],"wp:attachment":[{"href":"https:\/\/www.grandsformats.com\/en\/wp-json\/wp\/v2\/media?parent=33554"}],"wp:term":[{"taxonomy":"category","embeddable":true,"href":"https:\/\/www.grandsformats.com\/en\/wp-json\/wp\/v2\/categories?post=33554"},{"taxonomy":"post_tag","embeddable":true,"href":"https:\/\/www.grandsformats.com\/en\/wp-json\/wp\/v2\/tags?post=33554"}],"curies":[{"name":"wp","href":"https:\/\/api.w.org\/{rel}","templated":true}]}}