{"id":33528,"date":"2025-10-03T09:32:18","date_gmt":"2025-10-03T07:32:18","guid":{"rendered":"https:\/\/www.grandsformats.com\/?p=33528"},"modified":"2025-10-03T09:32:18","modified_gmt":"2025-10-03T07:32:18","slug":"portraits-jean-marie-machado-cantos-brujos-le-16-octobre-au-studio-de-lermitage","status":"publish","type":"post","link":"https:\/\/www.grandsformats.com\/en\/2025\/10\/portraits-jean-marie-machado-cantos-brujos-le-16-octobre-au-studio-de-lermitage\/","title":{"rendered":"\u00ab Portraits, Jean-Marie Machado \u00bb, Cantos Brujos le 16 octobre au studio de l\u2019Ermitage"},"content":{"rendered":"<p>Retrouvez Jean-Marie Machado au studio de l\u2019Ermitage \u00e0 Paris, les 14, 15 et 16 octobre \u00e0 20h, pour mettre \u00e0 l\u2019honneur la musique, la cr\u00e9ativit\u00e9, l\u2019amiti\u00e9 et pour f\u00eater les 30 ans de sa structure de production, Cantabile. L\u2019occasion de venir \u00e9couter et voir <em>Cantos Brujos<\/em>, le 16 octobre, par l\u2019orchestre Danzas de Machado, accompagn\u00e9 de la danseuse de flamenco Ana P\u00e9rez.<\/p>\n<p>\u00ab La rencontre entre Jean-Marie Machado, l\u2019orchestre Danzas et la danseuse Ana P\u00e9rez \u00e9tait tout simplement splendide. Le public \u00e9tait conquis. Il y avait ce silence suspendu, ce moment de gr\u00e2ce juste avant la salve d\u2019applaudissements. Ce sont ces instants rares, magiques, qui laissent une empreinte durable. Une v\u00e9ritable fusion entre la musique et la danse, une alchimie lumineuse et pr\u00e9cieuse. \u00bb \u2013 Jos\u00e9fa Gallardo, lors d\u2019une repr\u00e9sentation au D\u00e9tour de Babel, La Rampe d\u2019Echirolles.<\/p>\n<p><iframe loading=\"lazy\" title=\"Jean-Marie Machado &quot;Cantos Brujos&quot; - Teaser 1\" width=\"1140\" height=\"855\" src=\"https:\/\/www.youtube.com\/embed\/3riPxn2LtDs?feature=oembed\" frameborder=\"0\" allow=\"accelerometer; autoplay; clipboard-write; encrypted-media; gyroscope; picture-in-picture; web-share\" referrerpolicy=\"strict-origin-when-cross-origin\" allowfullscreen><\/iframe><\/p>\n<p>&nbsp;<\/p>\n","protected":false},"excerpt":{"rendered":"<p>Retrouvez Jean-Marie Machado au studio de l\u2019Ermitage \u00e0 Paris, les 14, 15 et 16 octobre \u00e0 20h, pour mettre \u00e0 l\u2019honneur la musique, la cr\u00e9ativit\u00e9, l\u2019amiti\u00e9 et pour f\u00eater les 30 ans de sa structure de production, Cantabile. L\u2019occasion de venir \u00e9couter et voir Cantos Brujos, le 16 octobre, par l\u2019orchestre Danzas de Machado, accompagn\u00e9&#8230;<\/p>\n<p><a rel=\"bookmark\" class=\"theme-button-text wvc-button wvc-button-size-xs\" href=\"https:\/\/www.grandsformats.com\/en\/2025\/10\/portraits-jean-marie-machado-cantos-brujos-le-16-octobre-au-studio-de-lermitage\/\"><small class=\"wvc-button-background-fill\"><\/small><span>Continue reading<\/span><\/a><\/p>\n","protected":false},"author":161,"featured_media":33529,"comment_status":"open","ping_status":"open","sticky":false,"template":"","format":"standard","meta":{"_acf_changed":false,"footnotes":""},"categories":[95,861],"tags":[],"class_list":["post-33528","post","type-post","status-publish","format-standard","has-post-thumbnail","hentry","category-membres","category-jean-marie-machado-orchestre-danzas","entry-post-skin-light","entry","clearfix","entry-grid","entry-columns-default","entry-post-module-layout-sidebar-right","thumbnail-color-tone-dark","metro-landscape","is-youtube","has-video","entry-post","entry-masonry","entry-post-masonry"],"acf":[],"yoast_head":"<!-- This site is optimized with the Yoast SEO plugin v25.8 - https:\/\/yoast.com\/wordpress\/plugins\/seo\/ -->\n<title>\u00ab Portraits, Jean-Marie Machado \u00bb, Cantos Brujos le 16 octobre au studio de l\u2019Ermitage - Site officiel de la f\u00e9d\u00e9ration Grands Formats<\/title>\n<meta name=\"description\" content=\"Retrouvez Jean-Marie Machado au studio de l\u2019Ermitage \u00e0 Paris, les 14, 15 et 16 octobre, l\u2019occasion de venir \u00e9couter et voir Cantos Brujos.\" \/>\n<meta name=\"robots\" content=\"index, follow, max-snippet:-1, max-image-preview:large, max-video-preview:-1\" \/>\n<link rel=\"canonical\" href=\"https:\/\/www.grandsformats.com\/2025\/10\/portraits-jean-marie-machado-cantos-brujos-le-16-octobre-au-studio-de-lermitage\/\" \/>\n<meta property=\"og:locale\" content=\"en_US\" \/>\n<meta property=\"og:type\" content=\"article\" \/>\n<meta property=\"og:title\" content=\"\u00ab Portraits, Jean-Marie Machado \u00bb, Cantos Brujos le 16 octobre au studio de l\u2019Ermitage - Site officiel de la f\u00e9d\u00e9ration Grands Formats\" \/>\n<meta property=\"og:description\" content=\"Retrouvez Jean-Marie Machado au studio de l\u2019Ermitage \u00e0 Paris, les 14, 15 et 16 octobre, l\u2019occasion de venir \u00e9couter et voir Cantos Brujos.\" \/>\n<meta property=\"og:url\" content=\"https:\/\/www.grandsformats.com\/2025\/10\/portraits-jean-marie-machado-cantos-brujos-le-16-octobre-au-studio-de-lermitage\/\" \/>\n<meta property=\"og:site_name\" content=\"Site officiel de la f\u00e9d\u00e9ration Grands Formats\" \/>\n<meta property=\"article:publisher\" content=\"https:\/\/www.facebook.com\/grandsformats\/\" \/>\n<meta property=\"article:published_time\" content=\"2025-10-03T07:32:18+00:00\" \/>\n<meta property=\"og:image\" content=\"https:\/\/www.grandsformats.com\/wp-content\/uploads\/2025\/10\/169Canto10.png\" \/>\n\t<meta property=\"og:image:width\" content=\"1920\" \/>\n\t<meta property=\"og:image:height\" content=\"1080\" \/>\n\t<meta property=\"og:image:type\" content=\"image\/png\" \/>\n<meta name=\"author\" content=\"Laura Hanequand - Grands Formats\" \/>\n<meta name=\"twitter:card\" content=\"summary_large_image\" \/>\n<meta name=\"twitter:creator\" content=\"@GrandsFormatsGF\" \/>\n<meta name=\"twitter:site\" content=\"@GrandsFormatsGF\" \/>\n<meta name=\"twitter:label1\" content=\"Written by\" \/>\n\t<meta name=\"twitter:data1\" content=\"Laura Hanequand - Grands Formats\" \/>\n\t<meta name=\"twitter:label2\" content=\"Est. reading time\" \/>\n\t<meta name=\"twitter:data2\" content=\"1 minute\" \/>\n<script type=\"application\/ld+json\" class=\"yoast-schema-graph\">{\"@context\":\"https:\/\/schema.org\",\"@graph\":[{\"@type\":\"Article\",\"@id\":\"https:\/\/www.grandsformats.com\/2025\/10\/portraits-jean-marie-machado-cantos-brujos-le-16-octobre-au-studio-de-lermitage\/#article\",\"isPartOf\":{\"@id\":\"https:\/\/www.grandsformats.com\/2025\/10\/portraits-jean-marie-machado-cantos-brujos-le-16-octobre-au-studio-de-lermitage\/\"},\"author\":{\"name\":\"Laura Hanequand - Grands Formats\",\"@id\":\"https:\/\/www.grandsformats.com\/#\/schema\/person\/56c2866069b6967b2c7becd25c9b4dbb\"},\"headline\":\"\u00ab Portraits, Jean-Marie Machado \u00bb, Cantos Brujos le 16 octobre au studio de l\u2019Ermitage\",\"datePublished\":\"2025-10-03T07:32:18+00:00\",\"mainEntityOfPage\":{\"@id\":\"https:\/\/www.grandsformats.com\/2025\/10\/portraits-jean-marie-machado-cantos-brujos-le-16-octobre-au-studio-de-lermitage\/\"},\"wordCount\":166,\"commentCount\":0,\"publisher\":{\"@id\":\"https:\/\/www.grandsformats.com\/#organization\"},\"image\":{\"@id\":\"https:\/\/www.grandsformats.com\/2025\/10\/portraits-jean-marie-machado-cantos-brujos-le-16-octobre-au-studio-de-lermitage\/#primaryimage\"},\"thumbnailUrl\":\"https:\/\/www.grandsformats.com\/wp-content\/uploads\/2025\/10\/169Canto10.png\",\"articleSection\":[\"Actus des membres\",\"Jean Marie Machado Orchestre Danzas\"],\"inLanguage\":\"en-US\",\"potentialAction\":[{\"@type\":\"CommentAction\",\"name\":\"Comment\",\"target\":[\"https:\/\/www.grandsformats.com\/2025\/10\/portraits-jean-marie-machado-cantos-brujos-le-16-octobre-au-studio-de-lermitage\/#respond\"]}]},{\"@type\":\"WebPage\",\"@id\":\"https:\/\/www.grandsformats.com\/2025\/10\/portraits-jean-marie-machado-cantos-brujos-le-16-octobre-au-studio-de-lermitage\/\",\"url\":\"https:\/\/www.grandsformats.com\/2025\/10\/portraits-jean-marie-machado-cantos-brujos-le-16-octobre-au-studio-de-lermitage\/\",\"name\":\"\u00ab Portraits, Jean-Marie Machado \u00bb, Cantos Brujos le 16 octobre au studio de l\u2019Ermitage - Site officiel de la f\u00e9d\u00e9ration Grands Formats\",\"isPartOf\":{\"@id\":\"https:\/\/www.grandsformats.com\/#website\"},\"primaryImageOfPage\":{\"@id\":\"https:\/\/www.grandsformats.com\/2025\/10\/portraits-jean-marie-machado-cantos-brujos-le-16-octobre-au-studio-de-lermitage\/#primaryimage\"},\"image\":{\"@id\":\"https:\/\/www.grandsformats.com\/2025\/10\/portraits-jean-marie-machado-cantos-brujos-le-16-octobre-au-studio-de-lermitage\/#primaryimage\"},\"thumbnailUrl\":\"https:\/\/www.grandsformats.com\/wp-content\/uploads\/2025\/10\/169Canto10.png\",\"datePublished\":\"2025-10-03T07:32:18+00:00\",\"description\":\"Retrouvez Jean-Marie Machado au studio de l\u2019Ermitage \u00e0 Paris, les 14, 15 et 16 octobre, l\u2019occasion de venir \u00e9couter et voir Cantos Brujos.\",\"breadcrumb\":{\"@id\":\"https:\/\/www.grandsformats.com\/2025\/10\/portraits-jean-marie-machado-cantos-brujos-le-16-octobre-au-studio-de-lermitage\/#breadcrumb\"},\"inLanguage\":\"en-US\",\"potentialAction\":[{\"@type\":\"ReadAction\",\"target\":[\"https:\/\/www.grandsformats.com\/2025\/10\/portraits-jean-marie-machado-cantos-brujos-le-16-octobre-au-studio-de-lermitage\/\"]}]},{\"@type\":\"ImageObject\",\"inLanguage\":\"en-US\",\"@id\":\"https:\/\/www.grandsformats.com\/2025\/10\/portraits-jean-marie-machado-cantos-brujos-le-16-octobre-au-studio-de-lermitage\/#primaryimage\",\"url\":\"https:\/\/www.grandsformats.com\/wp-content\/uploads\/2025\/10\/169Canto10.png\",\"contentUrl\":\"https:\/\/www.grandsformats.com\/wp-content\/uploads\/2025\/10\/169Canto10.png\",\"width\":1920,\"height\":1080,\"caption\":\"cantos brujos jean marie machado\"},{\"@type\":\"BreadcrumbList\",\"@id\":\"https:\/\/www.grandsformats.com\/2025\/10\/portraits-jean-marie-machado-cantos-brujos-le-16-octobre-au-studio-de-lermitage\/#breadcrumb\",\"itemListElement\":[{\"@type\":\"ListItem\",\"position\":1,\"name\":\"Accueil\",\"item\":\"https:\/\/www.grandsformats.com\/en\/\"},{\"@type\":\"ListItem\",\"position\":2,\"name\":\"\u00ab Portraits, Jean-Marie Machado \u00bb, Cantos Brujos le 16 octobre au studio de l\u2019Ermitage\"}]},{\"@type\":\"WebSite\",\"@id\":\"https:\/\/www.grandsformats.com\/#website\",\"url\":\"https:\/\/www.grandsformats.com\/\",\"name\":\"Site officiel de la f\u00e9d\u00e9ration Grands Formats\",\"description\":\"F\u00e9d\u00e9ration d&#039;artistes pour la musique en grand !\",\"publisher\":{\"@id\":\"https:\/\/www.grandsformats.com\/#organization\"},\"potentialAction\":[{\"@type\":\"SearchAction\",\"target\":{\"@type\":\"EntryPoint\",\"urlTemplate\":\"https:\/\/www.grandsformats.com\/?s={search_term_string}\"},\"query-input\":{\"@type\":\"PropertyValueSpecification\",\"valueRequired\":true,\"valueName\":\"search_term_string\"}}],\"inLanguage\":\"en-US\"},{\"@type\":\"Organization\",\"@id\":\"https:\/\/www.grandsformats.com\/#organization\",\"name\":\"Grands Formats\",\"url\":\"https:\/\/www.grandsformats.com\/\",\"logo\":{\"@type\":\"ImageObject\",\"inLanguage\":\"en-US\",\"@id\":\"https:\/\/www.grandsformats.com\/#\/schema\/logo\/image\/\",\"url\":\"https:\/\/www.grandsformats.com\/wp-content\/uploads\/2020\/03\/logo-GF-200.png\",\"contentUrl\":\"https:\/\/www.grandsformats.com\/wp-content\/uploads\/2020\/03\/logo-GF-200.png\",\"width\":155,\"height\":200,\"caption\":\"Grands Formats\"},\"image\":{\"@id\":\"https:\/\/www.grandsformats.com\/#\/schema\/logo\/image\/\"},\"sameAs\":[\"https:\/\/www.facebook.com\/grandsformats\/\",\"https:\/\/x.com\/GrandsFormatsGF\",\"https:\/\/www.instagram.com\/grandsformats\/\",\"https:\/\/www.youtube.com\/channel\/UCJ7k9dbqc_DG-nxI3WMPvhw?view_as=subscriberhttps:\/\/www.youtube.com\/channel\/UCJ7k9dbqc_DG-nxI3WMPvhw?view_as=subscriber\"]},{\"@type\":\"Person\",\"@id\":\"https:\/\/www.grandsformats.com\/#\/schema\/person\/56c2866069b6967b2c7becd25c9b4dbb\",\"name\":\"Laura Hanequand - Grands Formats\",\"image\":{\"@type\":\"ImageObject\",\"inLanguage\":\"en-US\",\"@id\":\"https:\/\/www.grandsformats.com\/#\/schema\/person\/image\/\",\"url\":\"https:\/\/secure.gravatar.com\/avatar\/6d52edecb86835c2b7e81a2cdb8965ae325b4045b44f9043177428c622c06643?s=96&d=mm&r=g\",\"contentUrl\":\"https:\/\/secure.gravatar.com\/avatar\/6d52edecb86835c2b7e81a2cdb8965ae325b4045b44f9043177428c622c06643?s=96&d=mm&r=g\",\"caption\":\"Laura Hanequand - Grands Formats\"},\"url\":\"https:\/\/www.grandsformats.com\/en\/author\/lauragrandsformats-com\/\"}]}<\/script>\n<!-- \/ Yoast SEO plugin. -->","yoast_head_json":{"title":"\u00ab Portraits, Jean-Marie Machado \u00bb, Cantos Brujos le 16 octobre au studio de l\u2019Ermitage - Site officiel de la f\u00e9d\u00e9ration Grands Formats","description":"Retrouvez Jean-Marie Machado au studio de l\u2019Ermitage \u00e0 Paris, les 14, 15 et 16 octobre, l\u2019occasion de venir \u00e9couter et voir Cantos Brujos.","robots":{"index":"index","follow":"follow","max-snippet":"max-snippet:-1","max-image-preview":"max-image-preview:large","max-video-preview":"max-video-preview:-1"},"canonical":"https:\/\/www.grandsformats.com\/2025\/10\/portraits-jean-marie-machado-cantos-brujos-le-16-octobre-au-studio-de-lermitage\/","og_locale":"en_US","og_type":"article","og_title":"\u00ab Portraits, Jean-Marie Machado \u00bb, Cantos Brujos le 16 octobre au studio de l\u2019Ermitage - Site officiel de la f\u00e9d\u00e9ration Grands Formats","og_description":"Retrouvez Jean-Marie Machado au studio de l\u2019Ermitage \u00e0 Paris, les 14, 15 et 16 octobre, l\u2019occasion de venir \u00e9couter et voir Cantos Brujos.","og_url":"https:\/\/www.grandsformats.com\/2025\/10\/portraits-jean-marie-machado-cantos-brujos-le-16-octobre-au-studio-de-lermitage\/","og_site_name":"Site officiel de la f\u00e9d\u00e9ration Grands Formats","article_publisher":"https:\/\/www.facebook.com\/grandsformats\/","article_published_time":"2025-10-03T07:32:18+00:00","og_image":[{"width":1920,"height":1080,"url":"https:\/\/www.grandsformats.com\/wp-content\/uploads\/2025\/10\/169Canto10.png","type":"image\/png"}],"author":"Laura Hanequand - Grands Formats","twitter_card":"summary_large_image","twitter_creator":"@GrandsFormatsGF","twitter_site":"@GrandsFormatsGF","twitter_misc":{"Written by":"Laura Hanequand - Grands Formats","Est. reading time":"1 minute"},"schema":{"@context":"https:\/\/schema.org","@graph":[{"@type":"Article","@id":"https:\/\/www.grandsformats.com\/2025\/10\/portraits-jean-marie-machado-cantos-brujos-le-16-octobre-au-studio-de-lermitage\/#article","isPartOf":{"@id":"https:\/\/www.grandsformats.com\/2025\/10\/portraits-jean-marie-machado-cantos-brujos-le-16-octobre-au-studio-de-lermitage\/"},"author":{"name":"Laura Hanequand - Grands Formats","@id":"https:\/\/www.grandsformats.com\/#\/schema\/person\/56c2866069b6967b2c7becd25c9b4dbb"},"headline":"\u00ab Portraits, Jean-Marie Machado \u00bb, Cantos Brujos le 16 octobre au studio de l\u2019Ermitage","datePublished":"2025-10-03T07:32:18+00:00","mainEntityOfPage":{"@id":"https:\/\/www.grandsformats.com\/2025\/10\/portraits-jean-marie-machado-cantos-brujos-le-16-octobre-au-studio-de-lermitage\/"},"wordCount":166,"commentCount":0,"publisher":{"@id":"https:\/\/www.grandsformats.com\/#organization"},"image":{"@id":"https:\/\/www.grandsformats.com\/2025\/10\/portraits-jean-marie-machado-cantos-brujos-le-16-octobre-au-studio-de-lermitage\/#primaryimage"},"thumbnailUrl":"https:\/\/www.grandsformats.com\/wp-content\/uploads\/2025\/10\/169Canto10.png","articleSection":["Actus des membres","Jean Marie Machado Orchestre Danzas"],"inLanguage":"en-US","potentialAction":[{"@type":"CommentAction","name":"Comment","target":["https:\/\/www.grandsformats.com\/2025\/10\/portraits-jean-marie-machado-cantos-brujos-le-16-octobre-au-studio-de-lermitage\/#respond"]}]},{"@type":"WebPage","@id":"https:\/\/www.grandsformats.com\/2025\/10\/portraits-jean-marie-machado-cantos-brujos-le-16-octobre-au-studio-de-lermitage\/","url":"https:\/\/www.grandsformats.com\/2025\/10\/portraits-jean-marie-machado-cantos-brujos-le-16-octobre-au-studio-de-lermitage\/","name":"\u00ab Portraits, Jean-Marie Machado \u00bb, Cantos Brujos le 16 octobre au studio de l\u2019Ermitage - Site officiel de la f\u00e9d\u00e9ration Grands Formats","isPartOf":{"@id":"https:\/\/www.grandsformats.com\/#website"},"primaryImageOfPage":{"@id":"https:\/\/www.grandsformats.com\/2025\/10\/portraits-jean-marie-machado-cantos-brujos-le-16-octobre-au-studio-de-lermitage\/#primaryimage"},"image":{"@id":"https:\/\/www.grandsformats.com\/2025\/10\/portraits-jean-marie-machado-cantos-brujos-le-16-octobre-au-studio-de-lermitage\/#primaryimage"},"thumbnailUrl":"https:\/\/www.grandsformats.com\/wp-content\/uploads\/2025\/10\/169Canto10.png","datePublished":"2025-10-03T07:32:18+00:00","description":"Retrouvez Jean-Marie Machado au studio de l\u2019Ermitage \u00e0 Paris, les 14, 15 et 16 octobre, l\u2019occasion de venir \u00e9couter et voir Cantos Brujos.","breadcrumb":{"@id":"https:\/\/www.grandsformats.com\/2025\/10\/portraits-jean-marie-machado-cantos-brujos-le-16-octobre-au-studio-de-lermitage\/#breadcrumb"},"inLanguage":"en-US","potentialAction":[{"@type":"ReadAction","target":["https:\/\/www.grandsformats.com\/2025\/10\/portraits-jean-marie-machado-cantos-brujos-le-16-octobre-au-studio-de-lermitage\/"]}]},{"@type":"ImageObject","inLanguage":"en-US","@id":"https:\/\/www.grandsformats.com\/2025\/10\/portraits-jean-marie-machado-cantos-brujos-le-16-octobre-au-studio-de-lermitage\/#primaryimage","url":"https:\/\/www.grandsformats.com\/wp-content\/uploads\/2025\/10\/169Canto10.png","contentUrl":"https:\/\/www.grandsformats.com\/wp-content\/uploads\/2025\/10\/169Canto10.png","width":1920,"height":1080,"caption":"cantos brujos jean marie machado"},{"@type":"BreadcrumbList","@id":"https:\/\/www.grandsformats.com\/2025\/10\/portraits-jean-marie-machado-cantos-brujos-le-16-octobre-au-studio-de-lermitage\/#breadcrumb","itemListElement":[{"@type":"ListItem","position":1,"name":"Accueil","item":"https:\/\/www.grandsformats.com\/en\/"},{"@type":"ListItem","position":2,"name":"\u00ab Portraits, Jean-Marie Machado \u00bb, Cantos Brujos le 16 octobre au studio de l\u2019Ermitage"}]},{"@type":"WebSite","@id":"https:\/\/www.grandsformats.com\/#website","url":"https:\/\/www.grandsformats.com\/","name":"Site officiel de la f\u00e9d\u00e9ration Grands Formats","description":"F\u00e9d\u00e9ration d&#039;artistes pour la musique en grand !","publisher":{"@id":"https:\/\/www.grandsformats.com\/#organization"},"potentialAction":[{"@type":"SearchAction","target":{"@type":"EntryPoint","urlTemplate":"https:\/\/www.grandsformats.com\/?s={search_term_string}"},"query-input":{"@type":"PropertyValueSpecification","valueRequired":true,"valueName":"search_term_string"}}],"inLanguage":"en-US"},{"@type":"Organization","@id":"https:\/\/www.grandsformats.com\/#organization","name":"Grands Formats","url":"https:\/\/www.grandsformats.com\/","logo":{"@type":"ImageObject","inLanguage":"en-US","@id":"https:\/\/www.grandsformats.com\/#\/schema\/logo\/image\/","url":"https:\/\/www.grandsformats.com\/wp-content\/uploads\/2020\/03\/logo-GF-200.png","contentUrl":"https:\/\/www.grandsformats.com\/wp-content\/uploads\/2020\/03\/logo-GF-200.png","width":155,"height":200,"caption":"Grands Formats"},"image":{"@id":"https:\/\/www.grandsformats.com\/#\/schema\/logo\/image\/"},"sameAs":["https:\/\/www.facebook.com\/grandsformats\/","https:\/\/x.com\/GrandsFormatsGF","https:\/\/www.instagram.com\/grandsformats\/","https:\/\/www.youtube.com\/channel\/UCJ7k9dbqc_DG-nxI3WMPvhw?view_as=subscriberhttps:\/\/www.youtube.com\/channel\/UCJ7k9dbqc_DG-nxI3WMPvhw?view_as=subscriber"]},{"@type":"Person","@id":"https:\/\/www.grandsformats.com\/#\/schema\/person\/56c2866069b6967b2c7becd25c9b4dbb","name":"Laura Hanequand - Grands Formats","image":{"@type":"ImageObject","inLanguage":"en-US","@id":"https:\/\/www.grandsformats.com\/#\/schema\/person\/image\/","url":"https:\/\/secure.gravatar.com\/avatar\/6d52edecb86835c2b7e81a2cdb8965ae325b4045b44f9043177428c622c06643?s=96&d=mm&r=g","contentUrl":"https:\/\/secure.gravatar.com\/avatar\/6d52edecb86835c2b7e81a2cdb8965ae325b4045b44f9043177428c622c06643?s=96&d=mm&r=g","caption":"Laura Hanequand - Grands Formats"},"url":"https:\/\/www.grandsformats.com\/en\/author\/lauragrandsformats-com\/"}]}},"_links":{"self":[{"href":"https:\/\/www.grandsformats.com\/en\/wp-json\/wp\/v2\/posts\/33528","targetHints":{"allow":["GET"]}}],"collection":[{"href":"https:\/\/www.grandsformats.com\/en\/wp-json\/wp\/v2\/posts"}],"about":[{"href":"https:\/\/www.grandsformats.com\/en\/wp-json\/wp\/v2\/types\/post"}],"author":[{"embeddable":true,"href":"https:\/\/www.grandsformats.com\/en\/wp-json\/wp\/v2\/users\/161"}],"replies":[{"embeddable":true,"href":"https:\/\/www.grandsformats.com\/en\/wp-json\/wp\/v2\/comments?post=33528"}],"version-history":[{"count":1,"href":"https:\/\/www.grandsformats.com\/en\/wp-json\/wp\/v2\/posts\/33528\/revisions"}],"predecessor-version":[{"id":33531,"href":"https:\/\/www.grandsformats.com\/en\/wp-json\/wp\/v2\/posts\/33528\/revisions\/33531"}],"wp:featuredmedia":[{"embeddable":true,"href":"https:\/\/www.grandsformats.com\/en\/wp-json\/wp\/v2\/media\/33529"}],"wp:attachment":[{"href":"https:\/\/www.grandsformats.com\/en\/wp-json\/wp\/v2\/media?parent=33528"}],"wp:term":[{"taxonomy":"category","embeddable":true,"href":"https:\/\/www.grandsformats.com\/en\/wp-json\/wp\/v2\/categories?post=33528"},{"taxonomy":"post_tag","embeddable":true,"href":"https:\/\/www.grandsformats.com\/en\/wp-json\/wp\/v2\/tags?post=33528"}],"curies":[{"name":"wp","href":"https:\/\/api.w.org\/{rel}","templated":true}]}}