{"id":32912,"date":"2025-09-01T12:28:26","date_gmt":"2025-09-01T10:28:26","guid":{"rendered":"https:\/\/www.grandsformats.com\/?p=32912"},"modified":"2025-09-01T12:28:26","modified_gmt":"2025-09-01T10:28:26","slug":"christophe-dal-sasso-big-band-victoire-du-jazz","status":"publish","type":"post","link":"https:\/\/www.grandsformats.com\/en\/2025\/09\/christophe-dal-sasso-big-band-victoire-du-jazz\/","title":{"rendered":"Christophe Dal Sasso, laur\u00e9at de la cat\u00e9gorie \u00ab Groupe \u00bb en 2020, directeur du Big Band des Victoires du Jazz"},"content":{"rendered":"<p>La c\u00e9r\u00e9monie des Victoires du Jazz 2025 aura lieu mercredi 3 septembre 2025 au Studio 104 de la Maison de la Radio et de la Musique \u00e0 Paris.<\/p>\n<p>Christophe Dal Sasso, Laur\u00e9at de la cat\u00e9gorie \u00ab Groupe \u00bb en 2020, dirigera le Big Band des Victoires du Jazz, qui accompagnera les nomm\u00e9s de cette ann\u00e9e.<\/p>\n<p>Il vous donne donc rendez-vous \u00e0 la rentr\u00e9e sur France tv, avec FIP, \u00e0 la Direction musicale et aux arrangements !<\/p>\n","protected":false},"excerpt":{"rendered":"<p>La c\u00e9r\u00e9monie des Victoires du Jazz 2025 aura lieu mercredi 3 septembre 2025 au Studio 104 de la Maison de la Radio et de la Musique \u00e0 Paris. Christophe Dal Sasso, Laur\u00e9at de la cat\u00e9gorie \u00ab Groupe \u00bb en 2020, dirigera le Big Band des Victoires du Jazz, qui accompagnera les nomm\u00e9s de cette ann\u00e9e&#8230;.<\/p>\n<p><a rel=\"bookmark\" class=\"theme-button-text wvc-button wvc-button-size-xs\" href=\"https:\/\/www.grandsformats.com\/en\/2025\/09\/christophe-dal-sasso-big-band-victoire-du-jazz\/\"><small class=\"wvc-button-background-fill\"><\/small><span>Continue reading<\/span><\/a><\/p>\n","protected":false},"author":161,"featured_media":32913,"comment_status":"open","ping_status":"open","sticky":false,"template":"","format":"standard","meta":{"_acf_changed":false,"footnotes":""},"categories":[95,711],"tags":[],"class_list":["post-32912","post","type-post","status-publish","format-standard","has-post-thumbnail","hentry","category-membres","category-dal-sasso-big-band","entry-post-skin-light","entry","clearfix","entry-grid","entry-columns-default","entry-post-module-layout-sidebar-right","thumbnail-color-tone-dark","metro-landscape","entry-post","entry-masonry","entry-post-masonry"],"acf":[],"yoast_head":"<!-- This site is optimized with the Yoast SEO plugin v25.8 - https:\/\/yoast.com\/wordpress\/plugins\/seo\/ -->\n<title>Christophe Dal Sasso, laur\u00e9at de la cat\u00e9gorie \u00ab Groupe \u00bb en 2020, directeur du Big Band des Victoires du Jazz - Site officiel de la f\u00e9d\u00e9ration Grands Formats<\/title>\n<meta name=\"description\" content=\"La c\u00e9r\u00e9monie des Victoires du Jazz 2025 aura lieu mercredi 3 septembre 2025 au Studio 104 de la Maison de la Radio et de la Musique \u00e0 Paris.\" \/>\n<meta name=\"robots\" content=\"index, follow, max-snippet:-1, max-image-preview:large, max-video-preview:-1\" \/>\n<link rel=\"canonical\" href=\"https:\/\/www.grandsformats.com\/2025\/09\/christophe-dal-sasso-big-band-victoire-du-jazz\/\" \/>\n<meta property=\"og:locale\" content=\"en_US\" \/>\n<meta property=\"og:type\" content=\"article\" \/>\n<meta property=\"og:title\" content=\"Christophe Dal Sasso, laur\u00e9at de la cat\u00e9gorie \u00ab Groupe \u00bb en 2020, directeur du Big Band des Victoires du Jazz - Site officiel de la f\u00e9d\u00e9ration Grands Formats\" \/>\n<meta property=\"og:description\" content=\"La c\u00e9r\u00e9monie des Victoires du Jazz 2025 aura lieu mercredi 3 septembre 2025 au Studio 104 de la Maison de la Radio et de la Musique \u00e0 Paris.\" \/>\n<meta property=\"og:url\" content=\"https:\/\/www.grandsformats.com\/2025\/09\/christophe-dal-sasso-big-band-victoire-du-jazz\/\" \/>\n<meta property=\"og:site_name\" content=\"Site officiel de la f\u00e9d\u00e9ration Grands Formats\" \/>\n<meta property=\"article:publisher\" content=\"https:\/\/www.facebook.com\/grandsformats\/\" \/>\n<meta property=\"article:published_time\" content=\"2025-09-01T10:28:26+00:00\" \/>\n<meta property=\"og:image\" content=\"https:\/\/www.grandsformats.com\/wp-content\/uploads\/2025\/09\/169ChristopheDalSasso.png\" \/>\n\t<meta property=\"og:image:width\" content=\"1920\" \/>\n\t<meta property=\"og:image:height\" content=\"1080\" \/>\n\t<meta property=\"og:image:type\" content=\"image\/png\" \/>\n<meta name=\"author\" content=\"Laura Hanequand - Grands Formats\" \/>\n<meta name=\"twitter:card\" content=\"summary_large_image\" \/>\n<meta name=\"twitter:creator\" content=\"@GrandsFormatsGF\" \/>\n<meta name=\"twitter:site\" content=\"@GrandsFormatsGF\" \/>\n<meta name=\"twitter:label1\" content=\"Written by\" \/>\n\t<meta name=\"twitter:data1\" content=\"Laura Hanequand - Grands Formats\" \/>\n\t<meta name=\"twitter:label2\" content=\"Est. reading time\" \/>\n\t<meta name=\"twitter:data2\" content=\"1 minute\" \/>\n<script type=\"application\/ld+json\" class=\"yoast-schema-graph\">{\"@context\":\"https:\/\/schema.org\",\"@graph\":[{\"@type\":\"Article\",\"@id\":\"https:\/\/www.grandsformats.com\/2025\/09\/christophe-dal-sasso-big-band-victoire-du-jazz\/#article\",\"isPartOf\":{\"@id\":\"https:\/\/www.grandsformats.com\/2025\/09\/christophe-dal-sasso-big-band-victoire-du-jazz\/\"},\"author\":{\"name\":\"Laura Hanequand - Grands Formats\",\"@id\":\"https:\/\/www.grandsformats.com\/#\/schema\/person\/56c2866069b6967b2c7becd25c9b4dbb\"},\"headline\":\"Christophe Dal Sasso, laur\u00e9at de la cat\u00e9gorie \u00ab Groupe \u00bb en 2020, directeur du Big Band des Victoires du Jazz\",\"datePublished\":\"2025-09-01T10:28:26+00:00\",\"mainEntityOfPage\":{\"@id\":\"https:\/\/www.grandsformats.com\/2025\/09\/christophe-dal-sasso-big-band-victoire-du-jazz\/\"},\"wordCount\":91,\"commentCount\":0,\"publisher\":{\"@id\":\"https:\/\/www.grandsformats.com\/#organization\"},\"image\":{\"@id\":\"https:\/\/www.grandsformats.com\/2025\/09\/christophe-dal-sasso-big-band-victoire-du-jazz\/#primaryimage\"},\"thumbnailUrl\":\"https:\/\/www.grandsformats.com\/wp-content\/uploads\/2025\/09\/169ChristopheDalSasso.png\",\"articleSection\":[\"Actus des membres\",\"Dal Sasso Big Band\"],\"inLanguage\":\"en-US\",\"potentialAction\":[{\"@type\":\"CommentAction\",\"name\":\"Comment\",\"target\":[\"https:\/\/www.grandsformats.com\/2025\/09\/christophe-dal-sasso-big-band-victoire-du-jazz\/#respond\"]}]},{\"@type\":\"WebPage\",\"@id\":\"https:\/\/www.grandsformats.com\/2025\/09\/christophe-dal-sasso-big-band-victoire-du-jazz\/\",\"url\":\"https:\/\/www.grandsformats.com\/2025\/09\/christophe-dal-sasso-big-band-victoire-du-jazz\/\",\"name\":\"Christophe Dal Sasso, laur\u00e9at de la cat\u00e9gorie \u00ab Groupe \u00bb en 2020, directeur du Big Band des Victoires du Jazz - Site officiel de la f\u00e9d\u00e9ration Grands Formats\",\"isPartOf\":{\"@id\":\"https:\/\/www.grandsformats.com\/#website\"},\"primaryImageOfPage\":{\"@id\":\"https:\/\/www.grandsformats.com\/2025\/09\/christophe-dal-sasso-big-band-victoire-du-jazz\/#primaryimage\"},\"image\":{\"@id\":\"https:\/\/www.grandsformats.com\/2025\/09\/christophe-dal-sasso-big-band-victoire-du-jazz\/#primaryimage\"},\"thumbnailUrl\":\"https:\/\/www.grandsformats.com\/wp-content\/uploads\/2025\/09\/169ChristopheDalSasso.png\",\"datePublished\":\"2025-09-01T10:28:26+00:00\",\"description\":\"La c\u00e9r\u00e9monie des Victoires du Jazz 2025 aura lieu mercredi 3 septembre 2025 au Studio 104 de la Maison de la Radio et de la Musique \u00e0 Paris.\",\"breadcrumb\":{\"@id\":\"https:\/\/www.grandsformats.com\/2025\/09\/christophe-dal-sasso-big-band-victoire-du-jazz\/#breadcrumb\"},\"inLanguage\":\"en-US\",\"potentialAction\":[{\"@type\":\"ReadAction\",\"target\":[\"https:\/\/www.grandsformats.com\/2025\/09\/christophe-dal-sasso-big-band-victoire-du-jazz\/\"]}]},{\"@type\":\"ImageObject\",\"inLanguage\":\"en-US\",\"@id\":\"https:\/\/www.grandsformats.com\/2025\/09\/christophe-dal-sasso-big-band-victoire-du-jazz\/#primaryimage\",\"url\":\"https:\/\/www.grandsformats.com\/wp-content\/uploads\/2025\/09\/169ChristopheDalSasso.png\",\"contentUrl\":\"https:\/\/www.grandsformats.com\/wp-content\/uploads\/2025\/09\/169ChristopheDalSasso.png\",\"width\":1920,\"height\":1080,\"caption\":\"Christophe dal sasso jazz\"},{\"@type\":\"BreadcrumbList\",\"@id\":\"https:\/\/www.grandsformats.com\/2025\/09\/christophe-dal-sasso-big-band-victoire-du-jazz\/#breadcrumb\",\"itemListElement\":[{\"@type\":\"ListItem\",\"position\":1,\"name\":\"Accueil\",\"item\":\"https:\/\/www.grandsformats.com\/en\/\"},{\"@type\":\"ListItem\",\"position\":2,\"name\":\"Christophe Dal Sasso, laur\u00e9at de la cat\u00e9gorie \u00ab Groupe \u00bb en 2020, directeur du Big Band des Victoires du Jazz\"}]},{\"@type\":\"WebSite\",\"@id\":\"https:\/\/www.grandsformats.com\/#website\",\"url\":\"https:\/\/www.grandsformats.com\/\",\"name\":\"Site officiel de la f\u00e9d\u00e9ration Grands Formats\",\"description\":\"F\u00e9d\u00e9ration d&#039;artistes pour la musique en grand !\",\"publisher\":{\"@id\":\"https:\/\/www.grandsformats.com\/#organization\"},\"potentialAction\":[{\"@type\":\"SearchAction\",\"target\":{\"@type\":\"EntryPoint\",\"urlTemplate\":\"https:\/\/www.grandsformats.com\/?s={search_term_string}\"},\"query-input\":{\"@type\":\"PropertyValueSpecification\",\"valueRequired\":true,\"valueName\":\"search_term_string\"}}],\"inLanguage\":\"en-US\"},{\"@type\":\"Organization\",\"@id\":\"https:\/\/www.grandsformats.com\/#organization\",\"name\":\"Grands Formats\",\"url\":\"https:\/\/www.grandsformats.com\/\",\"logo\":{\"@type\":\"ImageObject\",\"inLanguage\":\"en-US\",\"@id\":\"https:\/\/www.grandsformats.com\/#\/schema\/logo\/image\/\",\"url\":\"https:\/\/www.grandsformats.com\/wp-content\/uploads\/2020\/03\/logo-GF-200.png\",\"contentUrl\":\"https:\/\/www.grandsformats.com\/wp-content\/uploads\/2020\/03\/logo-GF-200.png\",\"width\":155,\"height\":200,\"caption\":\"Grands Formats\"},\"image\":{\"@id\":\"https:\/\/www.grandsformats.com\/#\/schema\/logo\/image\/\"},\"sameAs\":[\"https:\/\/www.facebook.com\/grandsformats\/\",\"https:\/\/x.com\/GrandsFormatsGF\",\"https:\/\/www.instagram.com\/grandsformats\/\",\"https:\/\/www.youtube.com\/channel\/UCJ7k9dbqc_DG-nxI3WMPvhw?view_as=subscriberhttps:\/\/www.youtube.com\/channel\/UCJ7k9dbqc_DG-nxI3WMPvhw?view_as=subscriber\"]},{\"@type\":\"Person\",\"@id\":\"https:\/\/www.grandsformats.com\/#\/schema\/person\/56c2866069b6967b2c7becd25c9b4dbb\",\"name\":\"Laura Hanequand - Grands Formats\",\"image\":{\"@type\":\"ImageObject\",\"inLanguage\":\"en-US\",\"@id\":\"https:\/\/www.grandsformats.com\/#\/schema\/person\/image\/\",\"url\":\"https:\/\/secure.gravatar.com\/avatar\/6d52edecb86835c2b7e81a2cdb8965ae325b4045b44f9043177428c622c06643?s=96&d=mm&r=g\",\"contentUrl\":\"https:\/\/secure.gravatar.com\/avatar\/6d52edecb86835c2b7e81a2cdb8965ae325b4045b44f9043177428c622c06643?s=96&d=mm&r=g\",\"caption\":\"Laura Hanequand - Grands Formats\"},\"url\":\"https:\/\/www.grandsformats.com\/en\/author\/lauragrandsformats-com\/\"}]}<\/script>\n<!-- \/ Yoast SEO plugin. -->","yoast_head_json":{"title":"Christophe Dal Sasso, laur\u00e9at de la cat\u00e9gorie \u00ab Groupe \u00bb en 2020, directeur du Big Band des Victoires du Jazz - Site officiel de la f\u00e9d\u00e9ration Grands Formats","description":"La c\u00e9r\u00e9monie des Victoires du Jazz 2025 aura lieu mercredi 3 septembre 2025 au Studio 104 de la Maison de la Radio et de la Musique \u00e0 Paris.","robots":{"index":"index","follow":"follow","max-snippet":"max-snippet:-1","max-image-preview":"max-image-preview:large","max-video-preview":"max-video-preview:-1"},"canonical":"https:\/\/www.grandsformats.com\/2025\/09\/christophe-dal-sasso-big-band-victoire-du-jazz\/","og_locale":"en_US","og_type":"article","og_title":"Christophe Dal Sasso, laur\u00e9at de la cat\u00e9gorie \u00ab Groupe \u00bb en 2020, directeur du Big Band des Victoires du Jazz - Site officiel de la f\u00e9d\u00e9ration Grands Formats","og_description":"La c\u00e9r\u00e9monie des Victoires du Jazz 2025 aura lieu mercredi 3 septembre 2025 au Studio 104 de la Maison de la Radio et de la Musique \u00e0 Paris.","og_url":"https:\/\/www.grandsformats.com\/2025\/09\/christophe-dal-sasso-big-band-victoire-du-jazz\/","og_site_name":"Site officiel de la f\u00e9d\u00e9ration Grands Formats","article_publisher":"https:\/\/www.facebook.com\/grandsformats\/","article_published_time":"2025-09-01T10:28:26+00:00","og_image":[{"width":1920,"height":1080,"url":"https:\/\/www.grandsformats.com\/wp-content\/uploads\/2025\/09\/169ChristopheDalSasso.png","type":"image\/png"}],"author":"Laura Hanequand - Grands Formats","twitter_card":"summary_large_image","twitter_creator":"@GrandsFormatsGF","twitter_site":"@GrandsFormatsGF","twitter_misc":{"Written by":"Laura Hanequand - Grands Formats","Est. reading time":"1 minute"},"schema":{"@context":"https:\/\/schema.org","@graph":[{"@type":"Article","@id":"https:\/\/www.grandsformats.com\/2025\/09\/christophe-dal-sasso-big-band-victoire-du-jazz\/#article","isPartOf":{"@id":"https:\/\/www.grandsformats.com\/2025\/09\/christophe-dal-sasso-big-band-victoire-du-jazz\/"},"author":{"name":"Laura Hanequand - Grands Formats","@id":"https:\/\/www.grandsformats.com\/#\/schema\/person\/56c2866069b6967b2c7becd25c9b4dbb"},"headline":"Christophe Dal Sasso, laur\u00e9at de la cat\u00e9gorie \u00ab Groupe \u00bb en 2020, directeur du Big Band des Victoires du Jazz","datePublished":"2025-09-01T10:28:26+00:00","mainEntityOfPage":{"@id":"https:\/\/www.grandsformats.com\/2025\/09\/christophe-dal-sasso-big-band-victoire-du-jazz\/"},"wordCount":91,"commentCount":0,"publisher":{"@id":"https:\/\/www.grandsformats.com\/#organization"},"image":{"@id":"https:\/\/www.grandsformats.com\/2025\/09\/christophe-dal-sasso-big-band-victoire-du-jazz\/#primaryimage"},"thumbnailUrl":"https:\/\/www.grandsformats.com\/wp-content\/uploads\/2025\/09\/169ChristopheDalSasso.png","articleSection":["Actus des membres","Dal Sasso Big Band"],"inLanguage":"en-US","potentialAction":[{"@type":"CommentAction","name":"Comment","target":["https:\/\/www.grandsformats.com\/2025\/09\/christophe-dal-sasso-big-band-victoire-du-jazz\/#respond"]}]},{"@type":"WebPage","@id":"https:\/\/www.grandsformats.com\/2025\/09\/christophe-dal-sasso-big-band-victoire-du-jazz\/","url":"https:\/\/www.grandsformats.com\/2025\/09\/christophe-dal-sasso-big-band-victoire-du-jazz\/","name":"Christophe Dal Sasso, laur\u00e9at de la cat\u00e9gorie \u00ab Groupe \u00bb en 2020, directeur du Big Band des Victoires du Jazz - Site officiel de la f\u00e9d\u00e9ration Grands Formats","isPartOf":{"@id":"https:\/\/www.grandsformats.com\/#website"},"primaryImageOfPage":{"@id":"https:\/\/www.grandsformats.com\/2025\/09\/christophe-dal-sasso-big-band-victoire-du-jazz\/#primaryimage"},"image":{"@id":"https:\/\/www.grandsformats.com\/2025\/09\/christophe-dal-sasso-big-band-victoire-du-jazz\/#primaryimage"},"thumbnailUrl":"https:\/\/www.grandsformats.com\/wp-content\/uploads\/2025\/09\/169ChristopheDalSasso.png","datePublished":"2025-09-01T10:28:26+00:00","description":"La c\u00e9r\u00e9monie des Victoires du Jazz 2025 aura lieu mercredi 3 septembre 2025 au Studio 104 de la Maison de la Radio et de la Musique \u00e0 Paris.","breadcrumb":{"@id":"https:\/\/www.grandsformats.com\/2025\/09\/christophe-dal-sasso-big-band-victoire-du-jazz\/#breadcrumb"},"inLanguage":"en-US","potentialAction":[{"@type":"ReadAction","target":["https:\/\/www.grandsformats.com\/2025\/09\/christophe-dal-sasso-big-band-victoire-du-jazz\/"]}]},{"@type":"ImageObject","inLanguage":"en-US","@id":"https:\/\/www.grandsformats.com\/2025\/09\/christophe-dal-sasso-big-band-victoire-du-jazz\/#primaryimage","url":"https:\/\/www.grandsformats.com\/wp-content\/uploads\/2025\/09\/169ChristopheDalSasso.png","contentUrl":"https:\/\/www.grandsformats.com\/wp-content\/uploads\/2025\/09\/169ChristopheDalSasso.png","width":1920,"height":1080,"caption":"Christophe dal sasso jazz"},{"@type":"BreadcrumbList","@id":"https:\/\/www.grandsformats.com\/2025\/09\/christophe-dal-sasso-big-band-victoire-du-jazz\/#breadcrumb","itemListElement":[{"@type":"ListItem","position":1,"name":"Accueil","item":"https:\/\/www.grandsformats.com\/en\/"},{"@type":"ListItem","position":2,"name":"Christophe Dal Sasso, laur\u00e9at de la cat\u00e9gorie \u00ab Groupe \u00bb en 2020, directeur du Big Band des Victoires du Jazz"}]},{"@type":"WebSite","@id":"https:\/\/www.grandsformats.com\/#website","url":"https:\/\/www.grandsformats.com\/","name":"Site officiel de la f\u00e9d\u00e9ration Grands Formats","description":"F\u00e9d\u00e9ration d&#039;artistes pour la musique en grand !","publisher":{"@id":"https:\/\/www.grandsformats.com\/#organization"},"potentialAction":[{"@type":"SearchAction","target":{"@type":"EntryPoint","urlTemplate":"https:\/\/www.grandsformats.com\/?s={search_term_string}"},"query-input":{"@type":"PropertyValueSpecification","valueRequired":true,"valueName":"search_term_string"}}],"inLanguage":"en-US"},{"@type":"Organization","@id":"https:\/\/www.grandsformats.com\/#organization","name":"Grands Formats","url":"https:\/\/www.grandsformats.com\/","logo":{"@type":"ImageObject","inLanguage":"en-US","@id":"https:\/\/www.grandsformats.com\/#\/schema\/logo\/image\/","url":"https:\/\/www.grandsformats.com\/wp-content\/uploads\/2020\/03\/logo-GF-200.png","contentUrl":"https:\/\/www.grandsformats.com\/wp-content\/uploads\/2020\/03\/logo-GF-200.png","width":155,"height":200,"caption":"Grands Formats"},"image":{"@id":"https:\/\/www.grandsformats.com\/#\/schema\/logo\/image\/"},"sameAs":["https:\/\/www.facebook.com\/grandsformats\/","https:\/\/x.com\/GrandsFormatsGF","https:\/\/www.instagram.com\/grandsformats\/","https:\/\/www.youtube.com\/channel\/UCJ7k9dbqc_DG-nxI3WMPvhw?view_as=subscriberhttps:\/\/www.youtube.com\/channel\/UCJ7k9dbqc_DG-nxI3WMPvhw?view_as=subscriber"]},{"@type":"Person","@id":"https:\/\/www.grandsformats.com\/#\/schema\/person\/56c2866069b6967b2c7becd25c9b4dbb","name":"Laura Hanequand - Grands Formats","image":{"@type":"ImageObject","inLanguage":"en-US","@id":"https:\/\/www.grandsformats.com\/#\/schema\/person\/image\/","url":"https:\/\/secure.gravatar.com\/avatar\/6d52edecb86835c2b7e81a2cdb8965ae325b4045b44f9043177428c622c06643?s=96&d=mm&r=g","contentUrl":"https:\/\/secure.gravatar.com\/avatar\/6d52edecb86835c2b7e81a2cdb8965ae325b4045b44f9043177428c622c06643?s=96&d=mm&r=g","caption":"Laura Hanequand - Grands Formats"},"url":"https:\/\/www.grandsformats.com\/en\/author\/lauragrandsformats-com\/"}]}},"_links":{"self":[{"href":"https:\/\/www.grandsformats.com\/en\/wp-json\/wp\/v2\/posts\/32912","targetHints":{"allow":["GET"]}}],"collection":[{"href":"https:\/\/www.grandsformats.com\/en\/wp-json\/wp\/v2\/posts"}],"about":[{"href":"https:\/\/www.grandsformats.com\/en\/wp-json\/wp\/v2\/types\/post"}],"author":[{"embeddable":true,"href":"https:\/\/www.grandsformats.com\/en\/wp-json\/wp\/v2\/users\/161"}],"replies":[{"embeddable":true,"href":"https:\/\/www.grandsformats.com\/en\/wp-json\/wp\/v2\/comments?post=32912"}],"version-history":[{"count":1,"href":"https:\/\/www.grandsformats.com\/en\/wp-json\/wp\/v2\/posts\/32912\/revisions"}],"predecessor-version":[{"id":32915,"href":"https:\/\/www.grandsformats.com\/en\/wp-json\/wp\/v2\/posts\/32912\/revisions\/32915"}],"wp:featuredmedia":[{"embeddable":true,"href":"https:\/\/www.grandsformats.com\/en\/wp-json\/wp\/v2\/media\/32913"}],"wp:attachment":[{"href":"https:\/\/www.grandsformats.com\/en\/wp-json\/wp\/v2\/media?parent=32912"}],"wp:term":[{"taxonomy":"category","embeddable":true,"href":"https:\/\/www.grandsformats.com\/en\/wp-json\/wp\/v2\/categories?post=32912"},{"taxonomy":"post_tag","embeddable":true,"href":"https:\/\/www.grandsformats.com\/en\/wp-json\/wp\/v2\/tags?post=32912"}],"curies":[{"name":"wp","href":"https:\/\/api.w.org\/{rel}","templated":true}]}}