{"id":32907,"date":"2025-09-01T12:18:35","date_gmt":"2025-09-01T10:18:35","guid":{"rendered":"https:\/\/www.grandsformats.com\/?p=32907"},"modified":"2025-09-01T12:18:35","modified_gmt":"2025-09-01T10:18:35","slug":"lautre-festival-7-5-6-septembre-2025-a-oslo-norvege","status":"publish","type":"post","link":"https:\/\/www.grandsformats.com\/en\/2025\/09\/lautre-festival-7-5-6-septembre-2025-a-oslo-norvege\/","title":{"rendered":"L\u2019AUTRE FESTIVAL #7 \u2013 5-6 septembre 2025 \u00e0 OSLO (Norv\u00e8ge)"},"content":{"rendered":"<p>L\u2019Autre Festival revient pour sa septi\u00e8me \u00e9dition, la quatri\u00e8me en Norv\u00e8ge. Organis\u00e9 par le collectif franco-norv\u00e9gien l\u2019Autre Collectif, ce festival rassemble des musiciens issus des sc\u00e8nes fran\u00e7aises, norv\u00e9giennes et europ\u00e9enne, de jazz, musiques improvis\u00e9es et autres explorations sonores.<\/p>\n<p>Pour cette \u00e9dition, l\u2019Autre Collectif continue d\u2019explorer les espaces liminaires de chaque style, aux confins des esth\u00e9tiques et des genres : avec Maria Sonne, la musique traditionnelle norv\u00e9gienne dans sa dimension actuelle et contemporaine\u00a0; avec GIGAMY, Andrea Giordano et La M\u00e9moire du son, l\u2019improvisation, libre ou r\u00e9gie par des principes d\u2019organisation\u00a0; avec un hommage \u00e0 Morton Feldman comme exploration de la musique contemporaine du 20\u00e8me\u00a0; avec 42 62 le plaisir du son comme texture\u00a0; et bien s\u00fbr en cl\u00f4ture, la rencontre entre Ojkos et l\u2019Autre Ensemble en forme de symbole de cette collaboration que l\u2019Autre Festival met en place depuis quatre ans.<\/p>\n<p>Investissant Kruttverket et Emanuel Vigeland Museum, L\u2019Autre Festival s\u2019ancre dans le territoire de la commune d\u2019Oslo, pour en faire \u00e9merger des musiques et des imaginaires, r\u00e9solument tourn\u00e9s vers l\u2019alt\u00e9rit\u00e9.<\/p>\n<p><a href=\"https:\/\/www.kroloftet.no\/fienta\/143965?fbclid=IwY2xjawMap7ZleHRuA2FlbQIxMQABHqaFQtz3Geb5afK8BqKIsG0PG9NrfsQgyO7FVg3dkIIrcTzgun_9qY7mWMDO_aem_WThnzFPaAZQdYvRgRrSDGg\"><strong>&gt; R\u00e9servations pour les concerts \u00e0 Kruttverket\u00a0<\/strong><\/a><br \/>\n<a href=\"https:\/\/denandrefestivalen.ticketco.events\/no\/nb\/e\/after_morton_feldman\"><strong>&gt; R\u00e9servation pour le concert \u00e0 Emanuel Vigeland\u00a0<\/strong><\/a><\/p>\n<p>Apr\u00e8s la quatri\u00e8me \u00e9dition norv\u00e9gienne de son festival, L\u2019Autre Collectif reviendra ensuite \u00e0 Paris pour la quatri\u00e8me \u00e9dition fran\u00e7aise de l\u2019Autre Festival les 2, 3 et 4 octobre !<\/p>\n<p><span style=\"font-size: 10pt;\">\u00a9 Florent Rassendren<\/span><\/p>\n","protected":false},"excerpt":{"rendered":"<p>L\u2019Autre Festival revient pour sa septi\u00e8me \u00e9dition, la quatri\u00e8me en Norv\u00e8ge. Organis\u00e9 par le collectif franco-norv\u00e9gien l\u2019Autre Collectif, ce festival rassemble des musiciens issus des sc\u00e8nes fran\u00e7aises, norv\u00e9giennes et europ\u00e9enne, de jazz, musiques improvis\u00e9es et autres explorations sonores. Pour cette \u00e9dition, l\u2019Autre Collectif continue d\u2019explorer les espaces liminaires de chaque style, aux confins des esth\u00e9tiques&#8230;<\/p>\n<p><a rel=\"bookmark\" class=\"theme-button-text wvc-button wvc-button-size-xs\" href=\"https:\/\/www.grandsformats.com\/en\/2025\/09\/lautre-festival-7-5-6-septembre-2025-a-oslo-norvege\/\"><small class=\"wvc-button-background-fill\"><\/small><span>Continue reading<\/span><\/a><\/p>\n","protected":false},"author":161,"featured_media":32909,"comment_status":"open","ping_status":"open","sticky":false,"template":"","format":"standard","meta":{"_acf_changed":false,"footnotes":""},"categories":[95,1343],"tags":[],"class_list":["post-32907","post","type-post","status-publish","format-standard","has-post-thumbnail","hentry","category-membres","category-lautre-collectif","entry-post-skin-light","entry","clearfix","entry-grid","entry-columns-default","entry-post-module-layout-sidebar-right","thumbnail-color-tone-light","metro-landscape","entry-post","entry-masonry","entry-post-masonry"],"acf":[],"yoast_head":"<!-- This site is optimized with the Yoast SEO plugin v25.8 - https:\/\/yoast.com\/wordpress\/plugins\/seo\/ -->\n<title>L\u2019AUTRE FESTIVAL #7 \u2013 5-6 septembre 2025 \u00e0 OSLO (Norv\u00e8ge) - Site officiel de la f\u00e9d\u00e9ration Grands Formats<\/title>\n<meta name=\"description\" content=\"L\u2019Autre Festival revient pour sa septi\u00e8me \u00e9dition, la quatri\u00e8me en Norv\u00e8ge. Organis\u00e9 par le collectif franco-norv\u00e9gien l\u2019Autre Collectif...\" \/>\n<meta name=\"robots\" content=\"index, follow, max-snippet:-1, max-image-preview:large, max-video-preview:-1\" \/>\n<link rel=\"canonical\" href=\"https:\/\/www.grandsformats.com\/2025\/09\/lautre-festival-7-5-6-septembre-2025-a-oslo-norvege\/\" \/>\n<meta property=\"og:locale\" content=\"en_US\" \/>\n<meta property=\"og:type\" content=\"article\" \/>\n<meta property=\"og:title\" content=\"L\u2019AUTRE FESTIVAL #7 \u2013 5-6 septembre 2025 \u00e0 OSLO (Norv\u00e8ge) - Site officiel de la f\u00e9d\u00e9ration Grands Formats\" \/>\n<meta property=\"og:description\" content=\"L\u2019Autre Festival revient pour sa septi\u00e8me \u00e9dition, la quatri\u00e8me en Norv\u00e8ge. Organis\u00e9 par le collectif franco-norv\u00e9gien l\u2019Autre Collectif...\" \/>\n<meta property=\"og:url\" content=\"https:\/\/www.grandsformats.com\/2025\/09\/lautre-festival-7-5-6-septembre-2025-a-oslo-norvege\/\" \/>\n<meta property=\"og:site_name\" content=\"Site officiel de la f\u00e9d\u00e9ration Grands Formats\" \/>\n<meta property=\"article:publisher\" content=\"https:\/\/www.facebook.com\/grandsformats\/\" \/>\n<meta property=\"article:published_time\" content=\"2025-09-01T10:18:35+00:00\" \/>\n<meta property=\"og:image\" content=\"https:\/\/www.grandsformats.com\/wp-content\/uploads\/2025\/09\/169affiche-autre-festival-7-Florent-Rassendren.png\" \/>\n\t<meta property=\"og:image:width\" content=\"1920\" \/>\n\t<meta property=\"og:image:height\" content=\"1081\" \/>\n\t<meta property=\"og:image:type\" content=\"image\/png\" \/>\n<meta name=\"author\" content=\"Laura Hanequand - Grands Formats\" \/>\n<meta name=\"twitter:card\" content=\"summary_large_image\" \/>\n<meta name=\"twitter:creator\" content=\"@GrandsFormatsGF\" \/>\n<meta name=\"twitter:site\" content=\"@GrandsFormatsGF\" \/>\n<meta name=\"twitter:label1\" content=\"Written by\" \/>\n\t<meta name=\"twitter:data1\" content=\"Laura Hanequand - Grands Formats\" \/>\n\t<meta name=\"twitter:label2\" content=\"Est. reading time\" \/>\n\t<meta name=\"twitter:data2\" content=\"2 minutes\" \/>\n<script type=\"application\/ld+json\" class=\"yoast-schema-graph\">{\"@context\":\"https:\/\/schema.org\",\"@graph\":[{\"@type\":\"Article\",\"@id\":\"https:\/\/www.grandsformats.com\/2025\/09\/lautre-festival-7-5-6-septembre-2025-a-oslo-norvege\/#article\",\"isPartOf\":{\"@id\":\"https:\/\/www.grandsformats.com\/2025\/09\/lautre-festival-7-5-6-septembre-2025-a-oslo-norvege\/\"},\"author\":{\"name\":\"Laura Hanequand - Grands Formats\",\"@id\":\"https:\/\/www.grandsformats.com\/#\/schema\/person\/56c2866069b6967b2c7becd25c9b4dbb\"},\"headline\":\"L\u2019AUTRE FESTIVAL #7 \u2013 5-6 septembre 2025 \u00e0 OSLO (Norv\u00e8ge)\",\"datePublished\":\"2025-09-01T10:18:35+00:00\",\"mainEntityOfPage\":{\"@id\":\"https:\/\/www.grandsformats.com\/2025\/09\/lautre-festival-7-5-6-septembre-2025-a-oslo-norvege\/\"},\"wordCount\":251,\"commentCount\":0,\"publisher\":{\"@id\":\"https:\/\/www.grandsformats.com\/#organization\"},\"image\":{\"@id\":\"https:\/\/www.grandsformats.com\/2025\/09\/lautre-festival-7-5-6-septembre-2025-a-oslo-norvege\/#primaryimage\"},\"thumbnailUrl\":\"https:\/\/www.grandsformats.com\/wp-content\/uploads\/2025\/09\/169affiche-autre-festival-7-Florent-Rassendren.png\",\"articleSection\":[\"Actus des membres\",\"l'Autre Collectif\"],\"inLanguage\":\"en-US\",\"potentialAction\":[{\"@type\":\"CommentAction\",\"name\":\"Comment\",\"target\":[\"https:\/\/www.grandsformats.com\/2025\/09\/lautre-festival-7-5-6-septembre-2025-a-oslo-norvege\/#respond\"]}]},{\"@type\":\"WebPage\",\"@id\":\"https:\/\/www.grandsformats.com\/2025\/09\/lautre-festival-7-5-6-septembre-2025-a-oslo-norvege\/\",\"url\":\"https:\/\/www.grandsformats.com\/2025\/09\/lautre-festival-7-5-6-septembre-2025-a-oslo-norvege\/\",\"name\":\"L\u2019AUTRE FESTIVAL #7 \u2013 5-6 septembre 2025 \u00e0 OSLO (Norv\u00e8ge) - Site officiel de la f\u00e9d\u00e9ration Grands Formats\",\"isPartOf\":{\"@id\":\"https:\/\/www.grandsformats.com\/#website\"},\"primaryImageOfPage\":{\"@id\":\"https:\/\/www.grandsformats.com\/2025\/09\/lautre-festival-7-5-6-septembre-2025-a-oslo-norvege\/#primaryimage\"},\"image\":{\"@id\":\"https:\/\/www.grandsformats.com\/2025\/09\/lautre-festival-7-5-6-septembre-2025-a-oslo-norvege\/#primaryimage\"},\"thumbnailUrl\":\"https:\/\/www.grandsformats.com\/wp-content\/uploads\/2025\/09\/169affiche-autre-festival-7-Florent-Rassendren.png\",\"datePublished\":\"2025-09-01T10:18:35+00:00\",\"description\":\"L\u2019Autre Festival revient pour sa septi\u00e8me \u00e9dition, la quatri\u00e8me en Norv\u00e8ge. Organis\u00e9 par le collectif franco-norv\u00e9gien l\u2019Autre Collectif...\",\"breadcrumb\":{\"@id\":\"https:\/\/www.grandsformats.com\/2025\/09\/lautre-festival-7-5-6-septembre-2025-a-oslo-norvege\/#breadcrumb\"},\"inLanguage\":\"en-US\",\"potentialAction\":[{\"@type\":\"ReadAction\",\"target\":[\"https:\/\/www.grandsformats.com\/2025\/09\/lautre-festival-7-5-6-septembre-2025-a-oslo-norvege\/\"]}]},{\"@type\":\"ImageObject\",\"inLanguage\":\"en-US\",\"@id\":\"https:\/\/www.grandsformats.com\/2025\/09\/lautre-festival-7-5-6-septembre-2025-a-oslo-norvege\/#primaryimage\",\"url\":\"https:\/\/www.grandsformats.com\/wp-content\/uploads\/2025\/09\/169affiche-autre-festival-7-Florent-Rassendren.png\",\"contentUrl\":\"https:\/\/www.grandsformats.com\/wp-content\/uploads\/2025\/09\/169affiche-autre-festival-7-Florent-Rassendren.png\",\"width\":1920,\"height\":1081,\"caption\":\"Autre festival\"},{\"@type\":\"BreadcrumbList\",\"@id\":\"https:\/\/www.grandsformats.com\/2025\/09\/lautre-festival-7-5-6-septembre-2025-a-oslo-norvege\/#breadcrumb\",\"itemListElement\":[{\"@type\":\"ListItem\",\"position\":1,\"name\":\"Accueil\",\"item\":\"https:\/\/www.grandsformats.com\/en\/\"},{\"@type\":\"ListItem\",\"position\":2,\"name\":\"L\u2019AUTRE FESTIVAL #7 \u2013 5-6 septembre 2025 \u00e0 OSLO (Norv\u00e8ge)\"}]},{\"@type\":\"WebSite\",\"@id\":\"https:\/\/www.grandsformats.com\/#website\",\"url\":\"https:\/\/www.grandsformats.com\/\",\"name\":\"Site officiel de la f\u00e9d\u00e9ration Grands Formats\",\"description\":\"F\u00e9d\u00e9ration d&#039;artistes pour la musique en grand !\",\"publisher\":{\"@id\":\"https:\/\/www.grandsformats.com\/#organization\"},\"potentialAction\":[{\"@type\":\"SearchAction\",\"target\":{\"@type\":\"EntryPoint\",\"urlTemplate\":\"https:\/\/www.grandsformats.com\/?s={search_term_string}\"},\"query-input\":{\"@type\":\"PropertyValueSpecification\",\"valueRequired\":true,\"valueName\":\"search_term_string\"}}],\"inLanguage\":\"en-US\"},{\"@type\":\"Organization\",\"@id\":\"https:\/\/www.grandsformats.com\/#organization\",\"name\":\"Grands Formats\",\"url\":\"https:\/\/www.grandsformats.com\/\",\"logo\":{\"@type\":\"ImageObject\",\"inLanguage\":\"en-US\",\"@id\":\"https:\/\/www.grandsformats.com\/#\/schema\/logo\/image\/\",\"url\":\"https:\/\/www.grandsformats.com\/wp-content\/uploads\/2020\/03\/logo-GF-200.png\",\"contentUrl\":\"https:\/\/www.grandsformats.com\/wp-content\/uploads\/2020\/03\/logo-GF-200.png\",\"width\":155,\"height\":200,\"caption\":\"Grands Formats\"},\"image\":{\"@id\":\"https:\/\/www.grandsformats.com\/#\/schema\/logo\/image\/\"},\"sameAs\":[\"https:\/\/www.facebook.com\/grandsformats\/\",\"https:\/\/x.com\/GrandsFormatsGF\",\"https:\/\/www.instagram.com\/grandsformats\/\",\"https:\/\/www.youtube.com\/channel\/UCJ7k9dbqc_DG-nxI3WMPvhw?view_as=subscriberhttps:\/\/www.youtube.com\/channel\/UCJ7k9dbqc_DG-nxI3WMPvhw?view_as=subscriber\"]},{\"@type\":\"Person\",\"@id\":\"https:\/\/www.grandsformats.com\/#\/schema\/person\/56c2866069b6967b2c7becd25c9b4dbb\",\"name\":\"Laura Hanequand - Grands Formats\",\"image\":{\"@type\":\"ImageObject\",\"inLanguage\":\"en-US\",\"@id\":\"https:\/\/www.grandsformats.com\/#\/schema\/person\/image\/\",\"url\":\"https:\/\/secure.gravatar.com\/avatar\/6d52edecb86835c2b7e81a2cdb8965ae325b4045b44f9043177428c622c06643?s=96&d=mm&r=g\",\"contentUrl\":\"https:\/\/secure.gravatar.com\/avatar\/6d52edecb86835c2b7e81a2cdb8965ae325b4045b44f9043177428c622c06643?s=96&d=mm&r=g\",\"caption\":\"Laura Hanequand - Grands Formats\"},\"url\":\"https:\/\/www.grandsformats.com\/en\/author\/lauragrandsformats-com\/\"}]}<\/script>\n<!-- \/ Yoast SEO plugin. -->","yoast_head_json":{"title":"L\u2019AUTRE FESTIVAL #7 \u2013 5-6 septembre 2025 \u00e0 OSLO (Norv\u00e8ge) - Site officiel de la f\u00e9d\u00e9ration Grands Formats","description":"L\u2019Autre Festival revient pour sa septi\u00e8me \u00e9dition, la quatri\u00e8me en Norv\u00e8ge. Organis\u00e9 par le collectif franco-norv\u00e9gien l\u2019Autre Collectif...","robots":{"index":"index","follow":"follow","max-snippet":"max-snippet:-1","max-image-preview":"max-image-preview:large","max-video-preview":"max-video-preview:-1"},"canonical":"https:\/\/www.grandsformats.com\/2025\/09\/lautre-festival-7-5-6-septembre-2025-a-oslo-norvege\/","og_locale":"en_US","og_type":"article","og_title":"L\u2019AUTRE FESTIVAL #7 \u2013 5-6 septembre 2025 \u00e0 OSLO (Norv\u00e8ge) - Site officiel de la f\u00e9d\u00e9ration Grands Formats","og_description":"L\u2019Autre Festival revient pour sa septi\u00e8me \u00e9dition, la quatri\u00e8me en Norv\u00e8ge. Organis\u00e9 par le collectif franco-norv\u00e9gien l\u2019Autre Collectif...","og_url":"https:\/\/www.grandsformats.com\/2025\/09\/lautre-festival-7-5-6-septembre-2025-a-oslo-norvege\/","og_site_name":"Site officiel de la f\u00e9d\u00e9ration Grands Formats","article_publisher":"https:\/\/www.facebook.com\/grandsformats\/","article_published_time":"2025-09-01T10:18:35+00:00","og_image":[{"width":1920,"height":1081,"url":"https:\/\/www.grandsformats.com\/wp-content\/uploads\/2025\/09\/169affiche-autre-festival-7-Florent-Rassendren.png","type":"image\/png"}],"author":"Laura Hanequand - Grands Formats","twitter_card":"summary_large_image","twitter_creator":"@GrandsFormatsGF","twitter_site":"@GrandsFormatsGF","twitter_misc":{"Written by":"Laura Hanequand - Grands Formats","Est. reading time":"2 minutes"},"schema":{"@context":"https:\/\/schema.org","@graph":[{"@type":"Article","@id":"https:\/\/www.grandsformats.com\/2025\/09\/lautre-festival-7-5-6-septembre-2025-a-oslo-norvege\/#article","isPartOf":{"@id":"https:\/\/www.grandsformats.com\/2025\/09\/lautre-festival-7-5-6-septembre-2025-a-oslo-norvege\/"},"author":{"name":"Laura Hanequand - Grands Formats","@id":"https:\/\/www.grandsformats.com\/#\/schema\/person\/56c2866069b6967b2c7becd25c9b4dbb"},"headline":"L\u2019AUTRE FESTIVAL #7 \u2013 5-6 septembre 2025 \u00e0 OSLO (Norv\u00e8ge)","datePublished":"2025-09-01T10:18:35+00:00","mainEntityOfPage":{"@id":"https:\/\/www.grandsformats.com\/2025\/09\/lautre-festival-7-5-6-septembre-2025-a-oslo-norvege\/"},"wordCount":251,"commentCount":0,"publisher":{"@id":"https:\/\/www.grandsformats.com\/#organization"},"image":{"@id":"https:\/\/www.grandsformats.com\/2025\/09\/lautre-festival-7-5-6-septembre-2025-a-oslo-norvege\/#primaryimage"},"thumbnailUrl":"https:\/\/www.grandsformats.com\/wp-content\/uploads\/2025\/09\/169affiche-autre-festival-7-Florent-Rassendren.png","articleSection":["Actus des membres","l'Autre Collectif"],"inLanguage":"en-US","potentialAction":[{"@type":"CommentAction","name":"Comment","target":["https:\/\/www.grandsformats.com\/2025\/09\/lautre-festival-7-5-6-septembre-2025-a-oslo-norvege\/#respond"]}]},{"@type":"WebPage","@id":"https:\/\/www.grandsformats.com\/2025\/09\/lautre-festival-7-5-6-septembre-2025-a-oslo-norvege\/","url":"https:\/\/www.grandsformats.com\/2025\/09\/lautre-festival-7-5-6-septembre-2025-a-oslo-norvege\/","name":"L\u2019AUTRE FESTIVAL #7 \u2013 5-6 septembre 2025 \u00e0 OSLO (Norv\u00e8ge) - Site officiel de la f\u00e9d\u00e9ration Grands Formats","isPartOf":{"@id":"https:\/\/www.grandsformats.com\/#website"},"primaryImageOfPage":{"@id":"https:\/\/www.grandsformats.com\/2025\/09\/lautre-festival-7-5-6-septembre-2025-a-oslo-norvege\/#primaryimage"},"image":{"@id":"https:\/\/www.grandsformats.com\/2025\/09\/lautre-festival-7-5-6-septembre-2025-a-oslo-norvege\/#primaryimage"},"thumbnailUrl":"https:\/\/www.grandsformats.com\/wp-content\/uploads\/2025\/09\/169affiche-autre-festival-7-Florent-Rassendren.png","datePublished":"2025-09-01T10:18:35+00:00","description":"L\u2019Autre Festival revient pour sa septi\u00e8me \u00e9dition, la quatri\u00e8me en Norv\u00e8ge. Organis\u00e9 par le collectif franco-norv\u00e9gien l\u2019Autre Collectif...","breadcrumb":{"@id":"https:\/\/www.grandsformats.com\/2025\/09\/lautre-festival-7-5-6-septembre-2025-a-oslo-norvege\/#breadcrumb"},"inLanguage":"en-US","potentialAction":[{"@type":"ReadAction","target":["https:\/\/www.grandsformats.com\/2025\/09\/lautre-festival-7-5-6-septembre-2025-a-oslo-norvege\/"]}]},{"@type":"ImageObject","inLanguage":"en-US","@id":"https:\/\/www.grandsformats.com\/2025\/09\/lautre-festival-7-5-6-septembre-2025-a-oslo-norvege\/#primaryimage","url":"https:\/\/www.grandsformats.com\/wp-content\/uploads\/2025\/09\/169affiche-autre-festival-7-Florent-Rassendren.png","contentUrl":"https:\/\/www.grandsformats.com\/wp-content\/uploads\/2025\/09\/169affiche-autre-festival-7-Florent-Rassendren.png","width":1920,"height":1081,"caption":"Autre festival"},{"@type":"BreadcrumbList","@id":"https:\/\/www.grandsformats.com\/2025\/09\/lautre-festival-7-5-6-septembre-2025-a-oslo-norvege\/#breadcrumb","itemListElement":[{"@type":"ListItem","position":1,"name":"Accueil","item":"https:\/\/www.grandsformats.com\/en\/"},{"@type":"ListItem","position":2,"name":"L\u2019AUTRE FESTIVAL #7 \u2013 5-6 septembre 2025 \u00e0 OSLO (Norv\u00e8ge)"}]},{"@type":"WebSite","@id":"https:\/\/www.grandsformats.com\/#website","url":"https:\/\/www.grandsformats.com\/","name":"Site officiel de la f\u00e9d\u00e9ration Grands Formats","description":"F\u00e9d\u00e9ration d&#039;artistes pour la musique en grand !","publisher":{"@id":"https:\/\/www.grandsformats.com\/#organization"},"potentialAction":[{"@type":"SearchAction","target":{"@type":"EntryPoint","urlTemplate":"https:\/\/www.grandsformats.com\/?s={search_term_string}"},"query-input":{"@type":"PropertyValueSpecification","valueRequired":true,"valueName":"search_term_string"}}],"inLanguage":"en-US"},{"@type":"Organization","@id":"https:\/\/www.grandsformats.com\/#organization","name":"Grands Formats","url":"https:\/\/www.grandsformats.com\/","logo":{"@type":"ImageObject","inLanguage":"en-US","@id":"https:\/\/www.grandsformats.com\/#\/schema\/logo\/image\/","url":"https:\/\/www.grandsformats.com\/wp-content\/uploads\/2020\/03\/logo-GF-200.png","contentUrl":"https:\/\/www.grandsformats.com\/wp-content\/uploads\/2020\/03\/logo-GF-200.png","width":155,"height":200,"caption":"Grands Formats"},"image":{"@id":"https:\/\/www.grandsformats.com\/#\/schema\/logo\/image\/"},"sameAs":["https:\/\/www.facebook.com\/grandsformats\/","https:\/\/x.com\/GrandsFormatsGF","https:\/\/www.instagram.com\/grandsformats\/","https:\/\/www.youtube.com\/channel\/UCJ7k9dbqc_DG-nxI3WMPvhw?view_as=subscriberhttps:\/\/www.youtube.com\/channel\/UCJ7k9dbqc_DG-nxI3WMPvhw?view_as=subscriber"]},{"@type":"Person","@id":"https:\/\/www.grandsformats.com\/#\/schema\/person\/56c2866069b6967b2c7becd25c9b4dbb","name":"Laura Hanequand - Grands Formats","image":{"@type":"ImageObject","inLanguage":"en-US","@id":"https:\/\/www.grandsformats.com\/#\/schema\/person\/image\/","url":"https:\/\/secure.gravatar.com\/avatar\/6d52edecb86835c2b7e81a2cdb8965ae325b4045b44f9043177428c622c06643?s=96&d=mm&r=g","contentUrl":"https:\/\/secure.gravatar.com\/avatar\/6d52edecb86835c2b7e81a2cdb8965ae325b4045b44f9043177428c622c06643?s=96&d=mm&r=g","caption":"Laura Hanequand - Grands Formats"},"url":"https:\/\/www.grandsformats.com\/en\/author\/lauragrandsformats-com\/"}]}},"_links":{"self":[{"href":"https:\/\/www.grandsformats.com\/en\/wp-json\/wp\/v2\/posts\/32907","targetHints":{"allow":["GET"]}}],"collection":[{"href":"https:\/\/www.grandsformats.com\/en\/wp-json\/wp\/v2\/posts"}],"about":[{"href":"https:\/\/www.grandsformats.com\/en\/wp-json\/wp\/v2\/types\/post"}],"author":[{"embeddable":true,"href":"https:\/\/www.grandsformats.com\/en\/wp-json\/wp\/v2\/users\/161"}],"replies":[{"embeddable":true,"href":"https:\/\/www.grandsformats.com\/en\/wp-json\/wp\/v2\/comments?post=32907"}],"version-history":[{"count":1,"href":"https:\/\/www.grandsformats.com\/en\/wp-json\/wp\/v2\/posts\/32907\/revisions"}],"predecessor-version":[{"id":32911,"href":"https:\/\/www.grandsformats.com\/en\/wp-json\/wp\/v2\/posts\/32907\/revisions\/32911"}],"wp:featuredmedia":[{"embeddable":true,"href":"https:\/\/www.grandsformats.com\/en\/wp-json\/wp\/v2\/media\/32909"}],"wp:attachment":[{"href":"https:\/\/www.grandsformats.com\/en\/wp-json\/wp\/v2\/media?parent=32907"}],"wp:term":[{"taxonomy":"category","embeddable":true,"href":"https:\/\/www.grandsformats.com\/en\/wp-json\/wp\/v2\/categories?post=32907"},{"taxonomy":"post_tag","embeddable":true,"href":"https:\/\/www.grandsformats.com\/en\/wp-json\/wp\/v2\/tags?post=32907"}],"curies":[{"name":"wp","href":"https:\/\/api.w.org\/{rel}","templated":true}]}}