{"id":32774,"date":"2025-07-18T11:31:15","date_gmt":"2025-07-18T09:31:15","guid":{"rendered":"https:\/\/www.grandsformats.com\/?p=32774"},"modified":"2025-07-18T11:31:15","modified_gmt":"2025-07-18T09:31:15","slug":"le-vent-dans-la-trompette","status":"publish","type":"post","link":"https:\/\/www.grandsformats.com\/en\/2025\/07\/le-vent-dans-la-trompette\/","title":{"rendered":"Le vent dans la trompette"},"content":{"rendered":"<p>Comme tous les ans, retour d\u2019Aix en Provence pour les rencontres Accords Majeurs, suivi d\u2019une visite \u00e0 Avignon, pour quelques rendez-vous professionnels.<\/p>\n<p>\u00c0 ces deux \u00e9v\u00e9nements, Grands Formats creuse la relation avec les organisations professionnelles et f\u00e9d\u00e9rations amies (Fevis, Futurs Compos\u00e9s, Sc\u00e8nes Ensembles, SNAM CGT), ce tissu d\u2019organisations indispensable, permettant de cr\u00e9er un front commun des m\u00e9tiers de la musique de cr\u00e9ation.<\/p>\n<p>Grands Formats y rencontre aussi certains de ses adh\u00e9rents. Pas assez, du fait du co\u00fbt du d\u00e9placement \u00e0 un tel \u00e9v\u00e9nement, d\u2019o\u00f9 cette envie de Grands Formats d\u2019y cr\u00e9er un temps fort de la f\u00e9d\u00e9ration, en lien avec un lieu de diffusion, d\u2019autres f\u00e9d\u00e9rations, d\u2019autres partenaires.<\/p>\n<p>Ces deux \u00e9v\u00e9nements sont \u00e9galement des lieux de rencontre avec les diff\u00e9rentes institutions tutelles (\u00c9tat, collectivit\u00e9s). D\u00e9j\u00e0, l\u2019ann\u00e9e derni\u00e8re, le relationnel avec l\u2019institution avait \u00e9t\u00e9 compliqu\u00e9 par le r\u00e9sultat de l\u2019\u00e9lection l\u00e9gislative. Un an et de nombreuses errances politiques plus tard, la relation avec nos institutions s\u2019av\u00e8re tendue : absence de la ministre, concertation de l\u2019ann\u00e9e pass\u00e9e au point mort, des repr\u00e9sentant\u00b7es de l\u2019\u00c9tat timides dressant un constat alarmiste, autant sur les financements de l\u2019Etat que des collectivit\u00e9s territoriales et, en toile de fond, une menace toujours plus pressante de l\u2019extr\u00eame droite, le tout \u00e0 l\u2019approche d\u2019\u00e9lections municipales qui risquent d\u2019avoir une r\u00e9sonance nationale.<\/p>\n<p>En effet, apr\u00e8s un budget 2025 vot\u00e9 tardivement, une baisse du budget de l\u2019Etat (malgr\u00e9 des d\u00e9clarations \u00e0 l\u2019inverse), des coupes budg\u00e9taires in\u00e9dites dans la culture \u2013 comme dans la r\u00e9gion Pays de la Loire, qui est un exemple embl\u00e9matique de la baisse des budgets cultures des collectivit\u00e9s \u2013 embl\u00e9matique surtout de la consid\u00e9ration qu\u2019a une partie des \u00e9lu\u00b7es pour la culture. On constate qu\u2019un grand nombre de collectivit\u00e9s est concern\u00e9. On lisait, le matin des rencontres Accords Majeurs, dans le Monde, un article indiquant que presque la moiti\u00e9 des collectivit\u00e9s territoriales ont diminu\u00e9 leur budget consacr\u00e9 \u00e0 la culture.<\/p>\n<p>Au del\u00e0 du budget de la culture, le contexte de crise de la diffusion et les r\u00e9centes d\u00e9clarations de notre premier ministre ne laissent pas trop voir d\u2019am\u00e9lioration pour 2026.<\/p>\n<p>Peu de solutions concr\u00e8tes ou r\u00e9alisables ont \u00e9t\u00e9 avanc\u00e9es lors de ces rencontres, le vide de ces solutions \u00e9tant regroup\u00e9 au sein de l\u2019injonction \u00e0 \u00ab s\u2019adapter \u00bb, \u00e0 \u00ab se r\u00e9inventer \u00bb, \u00e0 \u00ab mutualiser \u00bb, afin de ne pas r\u00e9ellement combattre ce n\u00e9o-populisme culturel qui fait de la cr\u00e9ation musicale, de la recherche et de l\u2019exp\u00e9rimentation musicale, un \u00e9litisme \u00e0 combattre.<\/p>\n<p>On saluera tout de m\u00eame un pr\u00e9sident du Centre National de la Musique pragmatique, soutenu par le minist\u00e8re de la Culture, qui d\u00e9fend un d\u00e9plafonnement des deux taxes affect\u00e9es au CNM (taxe sur les spectacles de vari\u00e9t\u00e9 et taxe streaming), qui permettrait d\u2019affecter au CNM une plus grande part du produit de ces taxes, mais encore faudra t-il que cette possibilit\u00e9 de financement profite \u00e0 notre secteur, et pas qu\u2019\u00e0 l\u2019industrie.<\/p>\n<p style=\"text-align: right;\"><strong>Par Alexandre Herer, pr\u00e9sident de Grands Formats et membre du collectif Onze Heures Onze<\/strong><\/p>\n","protected":false},"excerpt":{"rendered":"<p>Comme tous les ans, retour d\u2019Aix en Provence pour les rencontres Accords Majeurs, suivi d\u2019une visite \u00e0 Avignon, pour quelques rendez-vous professionnels. \u00c0 ces deux \u00e9v\u00e9nements, Grands Formats creuse la relation avec les organisations professionnelles et f\u00e9d\u00e9rations amies (Fevis, Futurs Compos\u00e9s, Sc\u00e8nes Ensembles, SNAM CGT), ce tissu d\u2019organisations indispensable, permettant de cr\u00e9er un front commun&#8230;<\/p>\n<p><a rel=\"bookmark\" class=\"theme-button-text wvc-button wvc-button-size-xs\" href=\"https:\/\/www.grandsformats.com\/en\/2025\/07\/le-vent-dans-la-trompette\/\"><small class=\"wvc-button-background-fill\"><\/small><span>Continue reading<\/span><\/a><\/p>\n","protected":false},"author":161,"featured_media":32775,"comment_status":"open","ping_status":"open","sticky":false,"template":"","format":"standard","meta":{"_acf_changed":false,"footnotes":""},"categories":[862,224],"tags":[],"class_list":["post-32774","post","type-post","status-publish","format-standard","has-post-thumbnail","hentry","category-onze-heures-onze","category-tribunes","entry-post-skin-light","entry","clearfix","entry-grid","entry-columns-default","entry-post-module-layout-sidebar-right","thumbnail-color-tone-dark","metro-landscape","entry-post","entry-masonry","entry-post-masonry"],"acf":[],"yoast_head":"<!-- This site is optimized with the Yoast SEO plugin v25.8 - https:\/\/yoast.com\/wordpress\/plugins\/seo\/ -->\n<title>Le vent dans la trompette - Site officiel de la f\u00e9d\u00e9ration Grands Formats<\/title>\n<meta name=\"description\" content=\"Tribune Alexandre Herer : Comme tous les ans, retour d\u2019Aix en Provence pour les rencontres Accords Majeurs, suivi d\u2019une visite \u00e0 Avignon...\" \/>\n<meta name=\"robots\" content=\"index, follow, max-snippet:-1, max-image-preview:large, max-video-preview:-1\" \/>\n<link rel=\"canonical\" href=\"https:\/\/www.grandsformats.com\/2025\/07\/le-vent-dans-la-trompette\/\" \/>\n<meta property=\"og:locale\" content=\"en_US\" \/>\n<meta property=\"og:type\" content=\"article\" \/>\n<meta property=\"og:title\" content=\"Le vent dans la trompette - Site officiel de la f\u00e9d\u00e9ration Grands Formats\" \/>\n<meta property=\"og:description\" content=\"Tribune Alexandre Herer : Comme tous les ans, retour d\u2019Aix en Provence pour les rencontres Accords Majeurs, suivi d\u2019une visite \u00e0 Avignon...\" \/>\n<meta property=\"og:url\" content=\"https:\/\/www.grandsformats.com\/2025\/07\/le-vent-dans-la-trompette\/\" \/>\n<meta property=\"og:site_name\" content=\"Site officiel de la f\u00e9d\u00e9ration Grands Formats\" \/>\n<meta property=\"article:publisher\" content=\"https:\/\/www.facebook.com\/grandsformats\/\" \/>\n<meta property=\"article:published_time\" content=\"2025-07-18T09:31:15+00:00\" \/>\n<meta property=\"og:image\" content=\"https:\/\/www.grandsformats.com\/wp-content\/uploads\/2025\/07\/169ALEX.png\" \/>\n\t<meta property=\"og:image:width\" content=\"1920\" \/>\n\t<meta property=\"og:image:height\" content=\"1079\" \/>\n\t<meta property=\"og:image:type\" content=\"image\/png\" \/>\n<meta name=\"author\" content=\"Laura Hanequand - Grands Formats\" \/>\n<meta name=\"twitter:card\" content=\"summary_large_image\" \/>\n<meta name=\"twitter:creator\" content=\"@GrandsFormatsGF\" \/>\n<meta name=\"twitter:site\" content=\"@GrandsFormatsGF\" \/>\n<meta name=\"twitter:label1\" content=\"Written by\" \/>\n\t<meta name=\"twitter:data1\" content=\"Laura Hanequand - Grands Formats\" \/>\n\t<meta name=\"twitter:label2\" content=\"Est. reading time\" \/>\n\t<meta name=\"twitter:data2\" content=\"3 minutes\" \/>\n<script type=\"application\/ld+json\" class=\"yoast-schema-graph\">{\"@context\":\"https:\/\/schema.org\",\"@graph\":[{\"@type\":\"Article\",\"@id\":\"https:\/\/www.grandsformats.com\/2025\/07\/le-vent-dans-la-trompette\/#article\",\"isPartOf\":{\"@id\":\"https:\/\/www.grandsformats.com\/2025\/07\/le-vent-dans-la-trompette\/\"},\"author\":{\"name\":\"Laura Hanequand - Grands Formats\",\"@id\":\"https:\/\/www.grandsformats.com\/#\/schema\/person\/56c2866069b6967b2c7becd25c9b4dbb\"},\"headline\":\"Le vent dans la trompette\",\"datePublished\":\"2025-07-18T09:31:15+00:00\",\"mainEntityOfPage\":{\"@id\":\"https:\/\/www.grandsformats.com\/2025\/07\/le-vent-dans-la-trompette\/\"},\"wordCount\":565,\"commentCount\":0,\"publisher\":{\"@id\":\"https:\/\/www.grandsformats.com\/#organization\"},\"image\":{\"@id\":\"https:\/\/www.grandsformats.com\/2025\/07\/le-vent-dans-la-trompette\/#primaryimage\"},\"thumbnailUrl\":\"https:\/\/www.grandsformats.com\/wp-content\/uploads\/2025\/07\/169ALEX.png\",\"articleSection\":[\"Onze Heures Onze\",\"Tribunes\"],\"inLanguage\":\"en-US\",\"potentialAction\":[{\"@type\":\"CommentAction\",\"name\":\"Comment\",\"target\":[\"https:\/\/www.grandsformats.com\/2025\/07\/le-vent-dans-la-trompette\/#respond\"]}]},{\"@type\":\"WebPage\",\"@id\":\"https:\/\/www.grandsformats.com\/2025\/07\/le-vent-dans-la-trompette\/\",\"url\":\"https:\/\/www.grandsformats.com\/2025\/07\/le-vent-dans-la-trompette\/\",\"name\":\"Le vent dans la trompette - Site officiel de la f\u00e9d\u00e9ration Grands Formats\",\"isPartOf\":{\"@id\":\"https:\/\/www.grandsformats.com\/#website\"},\"primaryImageOfPage\":{\"@id\":\"https:\/\/www.grandsformats.com\/2025\/07\/le-vent-dans-la-trompette\/#primaryimage\"},\"image\":{\"@id\":\"https:\/\/www.grandsformats.com\/2025\/07\/le-vent-dans-la-trompette\/#primaryimage\"},\"thumbnailUrl\":\"https:\/\/www.grandsformats.com\/wp-content\/uploads\/2025\/07\/169ALEX.png\",\"datePublished\":\"2025-07-18T09:31:15+00:00\",\"description\":\"Tribune Alexandre Herer : Comme tous les ans, retour d\u2019Aix en Provence pour les rencontres Accords Majeurs, suivi d\u2019une visite \u00e0 Avignon...\",\"breadcrumb\":{\"@id\":\"https:\/\/www.grandsformats.com\/2025\/07\/le-vent-dans-la-trompette\/#breadcrumb\"},\"inLanguage\":\"en-US\",\"potentialAction\":[{\"@type\":\"ReadAction\",\"target\":[\"https:\/\/www.grandsformats.com\/2025\/07\/le-vent-dans-la-trompette\/\"]}]},{\"@type\":\"ImageObject\",\"inLanguage\":\"en-US\",\"@id\":\"https:\/\/www.grandsformats.com\/2025\/07\/le-vent-dans-la-trompette\/#primaryimage\",\"url\":\"https:\/\/www.grandsformats.com\/wp-content\/uploads\/2025\/07\/169ALEX.png\",\"contentUrl\":\"https:\/\/www.grandsformats.com\/wp-content\/uploads\/2025\/07\/169ALEX.png\",\"width\":1920,\"height\":1079,\"caption\":\"Alexandre Herer\"},{\"@type\":\"BreadcrumbList\",\"@id\":\"https:\/\/www.grandsformats.com\/2025\/07\/le-vent-dans-la-trompette\/#breadcrumb\",\"itemListElement\":[{\"@type\":\"ListItem\",\"position\":1,\"name\":\"Accueil\",\"item\":\"https:\/\/www.grandsformats.com\/en\/\"},{\"@type\":\"ListItem\",\"position\":2,\"name\":\"Le vent dans la trompette\"}]},{\"@type\":\"WebSite\",\"@id\":\"https:\/\/www.grandsformats.com\/#website\",\"url\":\"https:\/\/www.grandsformats.com\/\",\"name\":\"Site officiel de la f\u00e9d\u00e9ration Grands Formats\",\"description\":\"F\u00e9d\u00e9ration d&#039;artistes pour la musique en grand !\",\"publisher\":{\"@id\":\"https:\/\/www.grandsformats.com\/#organization\"},\"potentialAction\":[{\"@type\":\"SearchAction\",\"target\":{\"@type\":\"EntryPoint\",\"urlTemplate\":\"https:\/\/www.grandsformats.com\/?s={search_term_string}\"},\"query-input\":{\"@type\":\"PropertyValueSpecification\",\"valueRequired\":true,\"valueName\":\"search_term_string\"}}],\"inLanguage\":\"en-US\"},{\"@type\":\"Organization\",\"@id\":\"https:\/\/www.grandsformats.com\/#organization\",\"name\":\"Grands Formats\",\"url\":\"https:\/\/www.grandsformats.com\/\",\"logo\":{\"@type\":\"ImageObject\",\"inLanguage\":\"en-US\",\"@id\":\"https:\/\/www.grandsformats.com\/#\/schema\/logo\/image\/\",\"url\":\"https:\/\/www.grandsformats.com\/wp-content\/uploads\/2020\/03\/logo-GF-200.png\",\"contentUrl\":\"https:\/\/www.grandsformats.com\/wp-content\/uploads\/2020\/03\/logo-GF-200.png\",\"width\":155,\"height\":200,\"caption\":\"Grands Formats\"},\"image\":{\"@id\":\"https:\/\/www.grandsformats.com\/#\/schema\/logo\/image\/\"},\"sameAs\":[\"https:\/\/www.facebook.com\/grandsformats\/\",\"https:\/\/x.com\/GrandsFormatsGF\",\"https:\/\/www.instagram.com\/grandsformats\/\",\"https:\/\/www.youtube.com\/channel\/UCJ7k9dbqc_DG-nxI3WMPvhw?view_as=subscriberhttps:\/\/www.youtube.com\/channel\/UCJ7k9dbqc_DG-nxI3WMPvhw?view_as=subscriber\"]},{\"@type\":\"Person\",\"@id\":\"https:\/\/www.grandsformats.com\/#\/schema\/person\/56c2866069b6967b2c7becd25c9b4dbb\",\"name\":\"Laura Hanequand - Grands Formats\",\"image\":{\"@type\":\"ImageObject\",\"inLanguage\":\"en-US\",\"@id\":\"https:\/\/www.grandsformats.com\/#\/schema\/person\/image\/\",\"url\":\"https:\/\/secure.gravatar.com\/avatar\/6d52edecb86835c2b7e81a2cdb8965ae325b4045b44f9043177428c622c06643?s=96&d=mm&r=g\",\"contentUrl\":\"https:\/\/secure.gravatar.com\/avatar\/6d52edecb86835c2b7e81a2cdb8965ae325b4045b44f9043177428c622c06643?s=96&d=mm&r=g\",\"caption\":\"Laura Hanequand - Grands Formats\"},\"url\":\"https:\/\/www.grandsformats.com\/en\/author\/lauragrandsformats-com\/\"}]}<\/script>\n<!-- \/ Yoast SEO plugin. -->","yoast_head_json":{"title":"Le vent dans la trompette - Site officiel de la f\u00e9d\u00e9ration Grands Formats","description":"Tribune Alexandre Herer : Comme tous les ans, retour d\u2019Aix en Provence pour les rencontres Accords Majeurs, suivi d\u2019une visite \u00e0 Avignon...","robots":{"index":"index","follow":"follow","max-snippet":"max-snippet:-1","max-image-preview":"max-image-preview:large","max-video-preview":"max-video-preview:-1"},"canonical":"https:\/\/www.grandsformats.com\/2025\/07\/le-vent-dans-la-trompette\/","og_locale":"en_US","og_type":"article","og_title":"Le vent dans la trompette - Site officiel de la f\u00e9d\u00e9ration Grands Formats","og_description":"Tribune Alexandre Herer : Comme tous les ans, retour d\u2019Aix en Provence pour les rencontres Accords Majeurs, suivi d\u2019une visite \u00e0 Avignon...","og_url":"https:\/\/www.grandsformats.com\/2025\/07\/le-vent-dans-la-trompette\/","og_site_name":"Site officiel de la f\u00e9d\u00e9ration Grands Formats","article_publisher":"https:\/\/www.facebook.com\/grandsformats\/","article_published_time":"2025-07-18T09:31:15+00:00","og_image":[{"width":1920,"height":1079,"url":"https:\/\/www.grandsformats.com\/wp-content\/uploads\/2025\/07\/169ALEX.png","type":"image\/png"}],"author":"Laura Hanequand - Grands Formats","twitter_card":"summary_large_image","twitter_creator":"@GrandsFormatsGF","twitter_site":"@GrandsFormatsGF","twitter_misc":{"Written by":"Laura Hanequand - Grands Formats","Est. reading time":"3 minutes"},"schema":{"@context":"https:\/\/schema.org","@graph":[{"@type":"Article","@id":"https:\/\/www.grandsformats.com\/2025\/07\/le-vent-dans-la-trompette\/#article","isPartOf":{"@id":"https:\/\/www.grandsformats.com\/2025\/07\/le-vent-dans-la-trompette\/"},"author":{"name":"Laura Hanequand - Grands Formats","@id":"https:\/\/www.grandsformats.com\/#\/schema\/person\/56c2866069b6967b2c7becd25c9b4dbb"},"headline":"Le vent dans la trompette","datePublished":"2025-07-18T09:31:15+00:00","mainEntityOfPage":{"@id":"https:\/\/www.grandsformats.com\/2025\/07\/le-vent-dans-la-trompette\/"},"wordCount":565,"commentCount":0,"publisher":{"@id":"https:\/\/www.grandsformats.com\/#organization"},"image":{"@id":"https:\/\/www.grandsformats.com\/2025\/07\/le-vent-dans-la-trompette\/#primaryimage"},"thumbnailUrl":"https:\/\/www.grandsformats.com\/wp-content\/uploads\/2025\/07\/169ALEX.png","articleSection":["Onze Heures Onze","Tribunes"],"inLanguage":"en-US","potentialAction":[{"@type":"CommentAction","name":"Comment","target":["https:\/\/www.grandsformats.com\/2025\/07\/le-vent-dans-la-trompette\/#respond"]}]},{"@type":"WebPage","@id":"https:\/\/www.grandsformats.com\/2025\/07\/le-vent-dans-la-trompette\/","url":"https:\/\/www.grandsformats.com\/2025\/07\/le-vent-dans-la-trompette\/","name":"Le vent dans la trompette - Site officiel de la f\u00e9d\u00e9ration Grands Formats","isPartOf":{"@id":"https:\/\/www.grandsformats.com\/#website"},"primaryImageOfPage":{"@id":"https:\/\/www.grandsformats.com\/2025\/07\/le-vent-dans-la-trompette\/#primaryimage"},"image":{"@id":"https:\/\/www.grandsformats.com\/2025\/07\/le-vent-dans-la-trompette\/#primaryimage"},"thumbnailUrl":"https:\/\/www.grandsformats.com\/wp-content\/uploads\/2025\/07\/169ALEX.png","datePublished":"2025-07-18T09:31:15+00:00","description":"Tribune Alexandre Herer : Comme tous les ans, retour d\u2019Aix en Provence pour les rencontres Accords Majeurs, suivi d\u2019une visite \u00e0 Avignon...","breadcrumb":{"@id":"https:\/\/www.grandsformats.com\/2025\/07\/le-vent-dans-la-trompette\/#breadcrumb"},"inLanguage":"en-US","potentialAction":[{"@type":"ReadAction","target":["https:\/\/www.grandsformats.com\/2025\/07\/le-vent-dans-la-trompette\/"]}]},{"@type":"ImageObject","inLanguage":"en-US","@id":"https:\/\/www.grandsformats.com\/2025\/07\/le-vent-dans-la-trompette\/#primaryimage","url":"https:\/\/www.grandsformats.com\/wp-content\/uploads\/2025\/07\/169ALEX.png","contentUrl":"https:\/\/www.grandsformats.com\/wp-content\/uploads\/2025\/07\/169ALEX.png","width":1920,"height":1079,"caption":"Alexandre Herer"},{"@type":"BreadcrumbList","@id":"https:\/\/www.grandsformats.com\/2025\/07\/le-vent-dans-la-trompette\/#breadcrumb","itemListElement":[{"@type":"ListItem","position":1,"name":"Accueil","item":"https:\/\/www.grandsformats.com\/en\/"},{"@type":"ListItem","position":2,"name":"Le vent dans la trompette"}]},{"@type":"WebSite","@id":"https:\/\/www.grandsformats.com\/#website","url":"https:\/\/www.grandsformats.com\/","name":"Site officiel de la f\u00e9d\u00e9ration Grands Formats","description":"F\u00e9d\u00e9ration d&#039;artistes pour la musique en grand !","publisher":{"@id":"https:\/\/www.grandsformats.com\/#organization"},"potentialAction":[{"@type":"SearchAction","target":{"@type":"EntryPoint","urlTemplate":"https:\/\/www.grandsformats.com\/?s={search_term_string}"},"query-input":{"@type":"PropertyValueSpecification","valueRequired":true,"valueName":"search_term_string"}}],"inLanguage":"en-US"},{"@type":"Organization","@id":"https:\/\/www.grandsformats.com\/#organization","name":"Grands Formats","url":"https:\/\/www.grandsformats.com\/","logo":{"@type":"ImageObject","inLanguage":"en-US","@id":"https:\/\/www.grandsformats.com\/#\/schema\/logo\/image\/","url":"https:\/\/www.grandsformats.com\/wp-content\/uploads\/2020\/03\/logo-GF-200.png","contentUrl":"https:\/\/www.grandsformats.com\/wp-content\/uploads\/2020\/03\/logo-GF-200.png","width":155,"height":200,"caption":"Grands Formats"},"image":{"@id":"https:\/\/www.grandsformats.com\/#\/schema\/logo\/image\/"},"sameAs":["https:\/\/www.facebook.com\/grandsformats\/","https:\/\/x.com\/GrandsFormatsGF","https:\/\/www.instagram.com\/grandsformats\/","https:\/\/www.youtube.com\/channel\/UCJ7k9dbqc_DG-nxI3WMPvhw?view_as=subscriberhttps:\/\/www.youtube.com\/channel\/UCJ7k9dbqc_DG-nxI3WMPvhw?view_as=subscriber"]},{"@type":"Person","@id":"https:\/\/www.grandsformats.com\/#\/schema\/person\/56c2866069b6967b2c7becd25c9b4dbb","name":"Laura Hanequand - Grands Formats","image":{"@type":"ImageObject","inLanguage":"en-US","@id":"https:\/\/www.grandsformats.com\/#\/schema\/person\/image\/","url":"https:\/\/secure.gravatar.com\/avatar\/6d52edecb86835c2b7e81a2cdb8965ae325b4045b44f9043177428c622c06643?s=96&d=mm&r=g","contentUrl":"https:\/\/secure.gravatar.com\/avatar\/6d52edecb86835c2b7e81a2cdb8965ae325b4045b44f9043177428c622c06643?s=96&d=mm&r=g","caption":"Laura Hanequand - Grands Formats"},"url":"https:\/\/www.grandsformats.com\/en\/author\/lauragrandsformats-com\/"}]}},"_links":{"self":[{"href":"https:\/\/www.grandsformats.com\/en\/wp-json\/wp\/v2\/posts\/32774","targetHints":{"allow":["GET"]}}],"collection":[{"href":"https:\/\/www.grandsformats.com\/en\/wp-json\/wp\/v2\/posts"}],"about":[{"href":"https:\/\/www.grandsformats.com\/en\/wp-json\/wp\/v2\/types\/post"}],"author":[{"embeddable":true,"href":"https:\/\/www.grandsformats.com\/en\/wp-json\/wp\/v2\/users\/161"}],"replies":[{"embeddable":true,"href":"https:\/\/www.grandsformats.com\/en\/wp-json\/wp\/v2\/comments?post=32774"}],"version-history":[{"count":2,"href":"https:\/\/www.grandsformats.com\/en\/wp-json\/wp\/v2\/posts\/32774\/revisions"}],"predecessor-version":[{"id":32778,"href":"https:\/\/www.grandsformats.com\/en\/wp-json\/wp\/v2\/posts\/32774\/revisions\/32778"}],"wp:featuredmedia":[{"embeddable":true,"href":"https:\/\/www.grandsformats.com\/en\/wp-json\/wp\/v2\/media\/32775"}],"wp:attachment":[{"href":"https:\/\/www.grandsformats.com\/en\/wp-json\/wp\/v2\/media?parent=32774"}],"wp:term":[{"taxonomy":"category","embeddable":true,"href":"https:\/\/www.grandsformats.com\/en\/wp-json\/wp\/v2\/categories?post=32774"},{"taxonomy":"post_tag","embeddable":true,"href":"https:\/\/www.grandsformats.com\/en\/wp-json\/wp\/v2\/tags?post=32774"}],"curies":[{"name":"wp","href":"https:\/\/api.w.org\/{rel}","templated":true}]}}