{"id":32681,"date":"2025-07-01T11:33:57","date_gmt":"2025-07-01T09:33:57","guid":{"rendered":"https:\/\/www.grandsformats.com\/?p=32681"},"modified":"2025-07-15T11:44:00","modified_gmt":"2025-07-15T09:44:00","slug":"limprovisation-en-orchestre-avec-julien-soro-et-pascal-charrier-du-14-au-18-juillet-a-la-mjc-dapt-84","status":"publish","type":"post","link":"https:\/\/www.grandsformats.com\/en\/2025\/07\/limprovisation-en-orchestre-avec-julien-soro-et-pascal-charrier-du-14-au-18-juillet-a-la-mjc-dapt-84\/","title":{"rendered":"L\u2019Improvisation en Orchestre avec Julien Soro et Pascal Charrier du 14 au 18 juillet \u00e0 la MJC d\u2019Apt (84)"},"content":{"rendered":"<p>Le guitariste Pascal Charrier et le saxophoniste Julien Soro jouent ensemble depuis d\u00e9sormais plus de 15 ans dans des formules diverses allant du trio \u00e0 l\u2019Octet, dans des contextes o\u00f9 l\u2019\u00e9criture est toujours une plateforme pour l\u2019improvisation et o\u00f9 la libert\u00e9 et l\u2019imagination sont au centre des pr\u00e9occupations des 2 instrumentistes.<\/p>\n<p>Au sein du Kami Octet qui les r\u00e9unit, mais aussi avec l\u2019Orchestre National de Jazz pour Julien ou avec le Shan trio pour Pascal, ils ont pu exp\u00e9rimenter l\u2019improvisation libre dans un contexte orchestral et constater \u00e0 quel point une musique po\u00e9tique et puissante peut surgir dans l\u2019instant si les improvisateurs sont pr\u00eats \u00e0 un l\u00e2cher-prise total et \u00e0 une \u00e9coute profonde du son et des vibrations rythmiques ou harmoniques les entourant.<\/p>\n<p>Dans le cadre de ce stage, ils auront le d\u00e9sir et la volont\u00e9 de sensibiliser les \u00e9l\u00e8ves-stagiaires \u00e0 ce contexte si particulier o\u00f9 la libert\u00e9 est compl\u00e8te mais o\u00f9 la peur du vide peut aussi souvent l\u2019emporter.<br \/>\nPour faire face \u00e0 cette peur, quoi de mieux que de se jeter \u00e0 l\u2019eau en orchestre, dans une vague collective qui terrasse les appr\u00e9hensions et nous fait comprendre qu\u2019\u00eatre libre tout seul, c\u2019est beaucoup moins int\u00e9ressant qu\u2019\u00e0 plusieurs !<\/p>\n<p>Dans ces quelques jours de travail, le but sera d\u2019appr\u00e9hender les diff\u00e9rentes palettes sonores d\u2019un orchestre dans le moment d\u2019improvisation et de prendre conscience de la fa\u00e7on dont les r\u00f4les de chacun s\u2019organisent, de la prise de parole soliste \u00e0 la constitution de sections au sein de l\u2019orchestre.<br \/>\nDes pistes pour le d\u00e9veloppement de techniques instrumentales et un travail sur le rythme par le chant et le corps seront abord\u00e9es afin de renforcer l\u2019autonomie de chaque instrumentistes au sein de l\u2019orchestre.<br \/>\nEnfin, l\u2019objectif final sera d\u2019\u00eatre en capacit\u00e9 d\u2019improviser ensemble 30 \u00e0 45 minutes de musique formant un ensemble coh\u00e9rent.<\/p>\n<p>Tarifs :<br \/>\nStage &#8211; 200\u20ac<br \/>\nPossibilit\u00e9 d\u2019h\u00e9bergement, Ch\u00e2teau de Rustrel &#8211; 75\u20ac<\/p>\n<p><a href=\"http:\/\/nainoprod.com\/ete-culturel-stage\/\"><span style=\"text-decoration: underline;\"><strong>&gt; R\u00e9servations<\/strong><\/span><\/a><\/p>\n","protected":false},"excerpt":{"rendered":"<p>Le guitariste Pascal Charrier et le saxophoniste Julien Soro jouent ensemble depuis d\u00e9sormais plus de 15 ans dans des formules diverses allant du trio \u00e0 l\u2019Octet, dans des contextes o\u00f9 l\u2019\u00e9criture est toujours une plateforme pour l\u2019improvisation et o\u00f9 la libert\u00e9 et l\u2019imagination sont au centre des pr\u00e9occupations des 2 instrumentistes. Au sein du Kami&#8230;<\/p>\n<p><a rel=\"bookmark\" class=\"theme-button-text wvc-button wvc-button-size-xs\" href=\"https:\/\/www.grandsformats.com\/en\/2025\/07\/limprovisation-en-orchestre-avec-julien-soro-et-pascal-charrier-du-14-au-18-juillet-a-la-mjc-dapt-84\/\"><small class=\"wvc-button-background-fill\"><\/small><span>Continue reading<\/span><\/a><\/p>\n","protected":false},"author":161,"featured_media":32682,"comment_status":"open","ping_status":"open","sticky":false,"template":"","format":"standard","meta":{"_acf_changed":false,"footnotes":""},"categories":[95,733],"tags":[],"class_list":["post-32681","post","type-post","status-publish","format-standard","has-post-thumbnail","hentry","category-membres","category-kami-octet","entry-post-skin-light","entry","clearfix","entry-grid","entry-columns-default","entry-post-module-layout-sidebar-right","thumbnail-color-tone-dark","metro-landscape","entry-post","entry-masonry","entry-post-masonry"],"acf":[],"yoast_head":"<!-- This site is optimized with the Yoast SEO plugin v25.8 - https:\/\/yoast.com\/wordpress\/plugins\/seo\/ -->\n<title>L\u2019Improvisation en Orchestre avec Julien Soro et Pascal Charrier du 14 au 18 juillet \u00e0 la MJC d\u2019Apt (84) - Site officiel de la f\u00e9d\u00e9ration Grands Formats<\/title>\n<meta name=\"description\" content=\"Le guitariste Pascal Charrier et le saxophoniste Julien Soro jouent ensemble depuis d\u00e9sormais plus de 15 ans dans des formules...\" \/>\n<meta name=\"robots\" content=\"index, follow, max-snippet:-1, max-image-preview:large, max-video-preview:-1\" \/>\n<link rel=\"canonical\" href=\"https:\/\/www.grandsformats.com\/2025\/07\/limprovisation-en-orchestre-avec-julien-soro-et-pascal-charrier-du-14-au-18-juillet-a-la-mjc-dapt-84\/\" \/>\n<meta property=\"og:locale\" content=\"en_US\" \/>\n<meta property=\"og:type\" content=\"article\" \/>\n<meta property=\"og:title\" content=\"L\u2019Improvisation en Orchestre avec Julien Soro et Pascal Charrier du 14 au 18 juillet \u00e0 la MJC d\u2019Apt (84) - Site officiel de la f\u00e9d\u00e9ration Grands Formats\" \/>\n<meta property=\"og:description\" content=\"Le guitariste Pascal Charrier et le saxophoniste Julien Soro jouent ensemble depuis d\u00e9sormais plus de 15 ans dans des formules...\" \/>\n<meta property=\"og:url\" content=\"https:\/\/www.grandsformats.com\/2025\/07\/limprovisation-en-orchestre-avec-julien-soro-et-pascal-charrier-du-14-au-18-juillet-a-la-mjc-dapt-84\/\" \/>\n<meta property=\"og:site_name\" content=\"Site officiel de la f\u00e9d\u00e9ration Grands Formats\" \/>\n<meta property=\"article:publisher\" content=\"https:\/\/www.facebook.com\/grandsformats\/\" \/>\n<meta property=\"article:published_time\" content=\"2025-07-01T09:33:57+00:00\" \/>\n<meta property=\"article:modified_time\" content=\"2025-07-15T09:44:00+00:00\" \/>\n<meta property=\"og:image\" content=\"https:\/\/www.grandsformats.com\/wp-content\/uploads\/2025\/07\/169NaiNo_Recto_flyer_stage-ete-1024x577.png\" \/>\n\t<meta property=\"og:image:width\" content=\"1024\" \/>\n\t<meta property=\"og:image:height\" content=\"577\" \/>\n\t<meta property=\"og:image:type\" content=\"image\/png\" \/>\n<meta name=\"author\" content=\"Laura Hanequand - Grands Formats\" \/>\n<meta name=\"twitter:card\" content=\"summary_large_image\" \/>\n<meta name=\"twitter:creator\" content=\"@GrandsFormatsGF\" \/>\n<meta name=\"twitter:site\" content=\"@GrandsFormatsGF\" \/>\n<meta name=\"twitter:label1\" content=\"Written by\" \/>\n\t<meta name=\"twitter:data1\" content=\"Laura Hanequand - Grands Formats\" \/>\n\t<meta name=\"twitter:label2\" content=\"Est. reading time\" \/>\n\t<meta name=\"twitter:data2\" content=\"2 minutes\" \/>\n<script type=\"application\/ld+json\" class=\"yoast-schema-graph\">{\"@context\":\"https:\/\/schema.org\",\"@graph\":[{\"@type\":\"Article\",\"@id\":\"https:\/\/www.grandsformats.com\/2025\/07\/limprovisation-en-orchestre-avec-julien-soro-et-pascal-charrier-du-14-au-18-juillet-a-la-mjc-dapt-84\/#article\",\"isPartOf\":{\"@id\":\"https:\/\/www.grandsformats.com\/2025\/07\/limprovisation-en-orchestre-avec-julien-soro-et-pascal-charrier-du-14-au-18-juillet-a-la-mjc-dapt-84\/\"},\"author\":{\"name\":\"Laura Hanequand - Grands Formats\",\"@id\":\"https:\/\/www.grandsformats.com\/#\/schema\/person\/56c2866069b6967b2c7becd25c9b4dbb\"},\"headline\":\"L\u2019Improvisation en Orchestre avec Julien Soro et Pascal Charrier du 14 au 18 juillet \u00e0 la MJC d\u2019Apt (84)\",\"datePublished\":\"2025-07-01T09:33:57+00:00\",\"dateModified\":\"2025-07-15T09:44:00+00:00\",\"mainEntityOfPage\":{\"@id\":\"https:\/\/www.grandsformats.com\/2025\/07\/limprovisation-en-orchestre-avec-julien-soro-et-pascal-charrier-du-14-au-18-juillet-a-la-mjc-dapt-84\/\"},\"wordCount\":358,\"commentCount\":0,\"publisher\":{\"@id\":\"https:\/\/www.grandsformats.com\/#organization\"},\"image\":{\"@id\":\"https:\/\/www.grandsformats.com\/2025\/07\/limprovisation-en-orchestre-avec-julien-soro-et-pascal-charrier-du-14-au-18-juillet-a-la-mjc-dapt-84\/#primaryimage\"},\"thumbnailUrl\":\"https:\/\/www.grandsformats.com\/wp-content\/uploads\/2025\/07\/169NaiNo_Recto_flyer_stage-ete.png\",\"articleSection\":[\"Actus des membres\",\"Kami Octet\"],\"inLanguage\":\"en-US\",\"potentialAction\":[{\"@type\":\"CommentAction\",\"name\":\"Comment\",\"target\":[\"https:\/\/www.grandsformats.com\/2025\/07\/limprovisation-en-orchestre-avec-julien-soro-et-pascal-charrier-du-14-au-18-juillet-a-la-mjc-dapt-84\/#respond\"]}]},{\"@type\":\"WebPage\",\"@id\":\"https:\/\/www.grandsformats.com\/2025\/07\/limprovisation-en-orchestre-avec-julien-soro-et-pascal-charrier-du-14-au-18-juillet-a-la-mjc-dapt-84\/\",\"url\":\"https:\/\/www.grandsformats.com\/2025\/07\/limprovisation-en-orchestre-avec-julien-soro-et-pascal-charrier-du-14-au-18-juillet-a-la-mjc-dapt-84\/\",\"name\":\"L\u2019Improvisation en Orchestre avec Julien Soro et Pascal Charrier du 14 au 18 juillet \u00e0 la MJC d\u2019Apt (84) - Site officiel de la f\u00e9d\u00e9ration Grands Formats\",\"isPartOf\":{\"@id\":\"https:\/\/www.grandsformats.com\/#website\"},\"primaryImageOfPage\":{\"@id\":\"https:\/\/www.grandsformats.com\/2025\/07\/limprovisation-en-orchestre-avec-julien-soro-et-pascal-charrier-du-14-au-18-juillet-a-la-mjc-dapt-84\/#primaryimage\"},\"image\":{\"@id\":\"https:\/\/www.grandsformats.com\/2025\/07\/limprovisation-en-orchestre-avec-julien-soro-et-pascal-charrier-du-14-au-18-juillet-a-la-mjc-dapt-84\/#primaryimage\"},\"thumbnailUrl\":\"https:\/\/www.grandsformats.com\/wp-content\/uploads\/2025\/07\/169NaiNo_Recto_flyer_stage-ete.png\",\"datePublished\":\"2025-07-01T09:33:57+00:00\",\"dateModified\":\"2025-07-15T09:44:00+00:00\",\"description\":\"Le guitariste Pascal Charrier et le saxophoniste Julien Soro jouent ensemble depuis d\u00e9sormais plus de 15 ans dans des formules...\",\"breadcrumb\":{\"@id\":\"https:\/\/www.grandsformats.com\/2025\/07\/limprovisation-en-orchestre-avec-julien-soro-et-pascal-charrier-du-14-au-18-juillet-a-la-mjc-dapt-84\/#breadcrumb\"},\"inLanguage\":\"en-US\",\"potentialAction\":[{\"@type\":\"ReadAction\",\"target\":[\"https:\/\/www.grandsformats.com\/2025\/07\/limprovisation-en-orchestre-avec-julien-soro-et-pascal-charrier-du-14-au-18-juillet-a-la-mjc-dapt-84\/\"]}]},{\"@type\":\"ImageObject\",\"inLanguage\":\"en-US\",\"@id\":\"https:\/\/www.grandsformats.com\/2025\/07\/limprovisation-en-orchestre-avec-julien-soro-et-pascal-charrier-du-14-au-18-juillet-a-la-mjc-dapt-84\/#primaryimage\",\"url\":\"https:\/\/www.grandsformats.com\/wp-content\/uploads\/2025\/07\/169NaiNo_Recto_flyer_stage-ete.png\",\"contentUrl\":\"https:\/\/www.grandsformats.com\/wp-content\/uploads\/2025\/07\/169NaiNo_Recto_flyer_stage-ete.png\",\"width\":1920,\"height\":1081,\"caption\":\"stage nai no pascal charrier\"},{\"@type\":\"BreadcrumbList\",\"@id\":\"https:\/\/www.grandsformats.com\/2025\/07\/limprovisation-en-orchestre-avec-julien-soro-et-pascal-charrier-du-14-au-18-juillet-a-la-mjc-dapt-84\/#breadcrumb\",\"itemListElement\":[{\"@type\":\"ListItem\",\"position\":1,\"name\":\"Accueil\",\"item\":\"https:\/\/www.grandsformats.com\/en\/\"},{\"@type\":\"ListItem\",\"position\":2,\"name\":\"L\u2019Improvisation en Orchestre avec Julien Soro et Pascal Charrier du 14 au 18 juillet \u00e0 la MJC d\u2019Apt (84)\"}]},{\"@type\":\"WebSite\",\"@id\":\"https:\/\/www.grandsformats.com\/#website\",\"url\":\"https:\/\/www.grandsformats.com\/\",\"name\":\"Site officiel de la f\u00e9d\u00e9ration Grands Formats\",\"description\":\"F\u00e9d\u00e9ration d&#039;artistes pour la musique en grand !\",\"publisher\":{\"@id\":\"https:\/\/www.grandsformats.com\/#organization\"},\"potentialAction\":[{\"@type\":\"SearchAction\",\"target\":{\"@type\":\"EntryPoint\",\"urlTemplate\":\"https:\/\/www.grandsformats.com\/?s={search_term_string}\"},\"query-input\":{\"@type\":\"PropertyValueSpecification\",\"valueRequired\":true,\"valueName\":\"search_term_string\"}}],\"inLanguage\":\"en-US\"},{\"@type\":\"Organization\",\"@id\":\"https:\/\/www.grandsformats.com\/#organization\",\"name\":\"Grands Formats\",\"url\":\"https:\/\/www.grandsformats.com\/\",\"logo\":{\"@type\":\"ImageObject\",\"inLanguage\":\"en-US\",\"@id\":\"https:\/\/www.grandsformats.com\/#\/schema\/logo\/image\/\",\"url\":\"https:\/\/www.grandsformats.com\/wp-content\/uploads\/2020\/03\/logo-GF-200.png\",\"contentUrl\":\"https:\/\/www.grandsformats.com\/wp-content\/uploads\/2020\/03\/logo-GF-200.png\",\"width\":155,\"height\":200,\"caption\":\"Grands Formats\"},\"image\":{\"@id\":\"https:\/\/www.grandsformats.com\/#\/schema\/logo\/image\/\"},\"sameAs\":[\"https:\/\/www.facebook.com\/grandsformats\/\",\"https:\/\/x.com\/GrandsFormatsGF\",\"https:\/\/www.instagram.com\/grandsformats\/\",\"https:\/\/www.youtube.com\/channel\/UCJ7k9dbqc_DG-nxI3WMPvhw?view_as=subscriberhttps:\/\/www.youtube.com\/channel\/UCJ7k9dbqc_DG-nxI3WMPvhw?view_as=subscriber\"]},{\"@type\":\"Person\",\"@id\":\"https:\/\/www.grandsformats.com\/#\/schema\/person\/56c2866069b6967b2c7becd25c9b4dbb\",\"name\":\"Laura Hanequand - Grands Formats\",\"image\":{\"@type\":\"ImageObject\",\"inLanguage\":\"en-US\",\"@id\":\"https:\/\/www.grandsformats.com\/#\/schema\/person\/image\/\",\"url\":\"https:\/\/secure.gravatar.com\/avatar\/6d52edecb86835c2b7e81a2cdb8965ae325b4045b44f9043177428c622c06643?s=96&d=mm&r=g\",\"contentUrl\":\"https:\/\/secure.gravatar.com\/avatar\/6d52edecb86835c2b7e81a2cdb8965ae325b4045b44f9043177428c622c06643?s=96&d=mm&r=g\",\"caption\":\"Laura Hanequand - Grands Formats\"},\"url\":\"https:\/\/www.grandsformats.com\/en\/author\/lauragrandsformats-com\/\"}]}<\/script>\n<!-- \/ Yoast SEO plugin. -->","yoast_head_json":{"title":"L\u2019Improvisation en Orchestre avec Julien Soro et Pascal Charrier du 14 au 18 juillet \u00e0 la MJC d\u2019Apt (84) - Site officiel de la f\u00e9d\u00e9ration Grands Formats","description":"Le guitariste Pascal Charrier et le saxophoniste Julien Soro jouent ensemble depuis d\u00e9sormais plus de 15 ans dans des formules...","robots":{"index":"index","follow":"follow","max-snippet":"max-snippet:-1","max-image-preview":"max-image-preview:large","max-video-preview":"max-video-preview:-1"},"canonical":"https:\/\/www.grandsformats.com\/2025\/07\/limprovisation-en-orchestre-avec-julien-soro-et-pascal-charrier-du-14-au-18-juillet-a-la-mjc-dapt-84\/","og_locale":"en_US","og_type":"article","og_title":"L\u2019Improvisation en Orchestre avec Julien Soro et Pascal Charrier du 14 au 18 juillet \u00e0 la MJC d\u2019Apt (84) - Site officiel de la f\u00e9d\u00e9ration Grands Formats","og_description":"Le guitariste Pascal Charrier et le saxophoniste Julien Soro jouent ensemble depuis d\u00e9sormais plus de 15 ans dans des formules...","og_url":"https:\/\/www.grandsformats.com\/2025\/07\/limprovisation-en-orchestre-avec-julien-soro-et-pascal-charrier-du-14-au-18-juillet-a-la-mjc-dapt-84\/","og_site_name":"Site officiel de la f\u00e9d\u00e9ration Grands Formats","article_publisher":"https:\/\/www.facebook.com\/grandsformats\/","article_published_time":"2025-07-01T09:33:57+00:00","article_modified_time":"2025-07-15T09:44:00+00:00","og_image":[{"width":1024,"height":577,"url":"https:\/\/www.grandsformats.com\/wp-content\/uploads\/2025\/07\/169NaiNo_Recto_flyer_stage-ete-1024x577.png","type":"image\/png"}],"author":"Laura Hanequand - Grands Formats","twitter_card":"summary_large_image","twitter_creator":"@GrandsFormatsGF","twitter_site":"@GrandsFormatsGF","twitter_misc":{"Written by":"Laura Hanequand - Grands Formats","Est. reading time":"2 minutes"},"schema":{"@context":"https:\/\/schema.org","@graph":[{"@type":"Article","@id":"https:\/\/www.grandsformats.com\/2025\/07\/limprovisation-en-orchestre-avec-julien-soro-et-pascal-charrier-du-14-au-18-juillet-a-la-mjc-dapt-84\/#article","isPartOf":{"@id":"https:\/\/www.grandsformats.com\/2025\/07\/limprovisation-en-orchestre-avec-julien-soro-et-pascal-charrier-du-14-au-18-juillet-a-la-mjc-dapt-84\/"},"author":{"name":"Laura Hanequand - Grands Formats","@id":"https:\/\/www.grandsformats.com\/#\/schema\/person\/56c2866069b6967b2c7becd25c9b4dbb"},"headline":"L\u2019Improvisation en Orchestre avec Julien Soro et Pascal Charrier du 14 au 18 juillet \u00e0 la MJC d\u2019Apt (84)","datePublished":"2025-07-01T09:33:57+00:00","dateModified":"2025-07-15T09:44:00+00:00","mainEntityOfPage":{"@id":"https:\/\/www.grandsformats.com\/2025\/07\/limprovisation-en-orchestre-avec-julien-soro-et-pascal-charrier-du-14-au-18-juillet-a-la-mjc-dapt-84\/"},"wordCount":358,"commentCount":0,"publisher":{"@id":"https:\/\/www.grandsformats.com\/#organization"},"image":{"@id":"https:\/\/www.grandsformats.com\/2025\/07\/limprovisation-en-orchestre-avec-julien-soro-et-pascal-charrier-du-14-au-18-juillet-a-la-mjc-dapt-84\/#primaryimage"},"thumbnailUrl":"https:\/\/www.grandsformats.com\/wp-content\/uploads\/2025\/07\/169NaiNo_Recto_flyer_stage-ete.png","articleSection":["Actus des membres","Kami Octet"],"inLanguage":"en-US","potentialAction":[{"@type":"CommentAction","name":"Comment","target":["https:\/\/www.grandsformats.com\/2025\/07\/limprovisation-en-orchestre-avec-julien-soro-et-pascal-charrier-du-14-au-18-juillet-a-la-mjc-dapt-84\/#respond"]}]},{"@type":"WebPage","@id":"https:\/\/www.grandsformats.com\/2025\/07\/limprovisation-en-orchestre-avec-julien-soro-et-pascal-charrier-du-14-au-18-juillet-a-la-mjc-dapt-84\/","url":"https:\/\/www.grandsformats.com\/2025\/07\/limprovisation-en-orchestre-avec-julien-soro-et-pascal-charrier-du-14-au-18-juillet-a-la-mjc-dapt-84\/","name":"L\u2019Improvisation en Orchestre avec Julien Soro et Pascal Charrier du 14 au 18 juillet \u00e0 la MJC d\u2019Apt (84) - Site officiel de la f\u00e9d\u00e9ration Grands Formats","isPartOf":{"@id":"https:\/\/www.grandsformats.com\/#website"},"primaryImageOfPage":{"@id":"https:\/\/www.grandsformats.com\/2025\/07\/limprovisation-en-orchestre-avec-julien-soro-et-pascal-charrier-du-14-au-18-juillet-a-la-mjc-dapt-84\/#primaryimage"},"image":{"@id":"https:\/\/www.grandsformats.com\/2025\/07\/limprovisation-en-orchestre-avec-julien-soro-et-pascal-charrier-du-14-au-18-juillet-a-la-mjc-dapt-84\/#primaryimage"},"thumbnailUrl":"https:\/\/www.grandsformats.com\/wp-content\/uploads\/2025\/07\/169NaiNo_Recto_flyer_stage-ete.png","datePublished":"2025-07-01T09:33:57+00:00","dateModified":"2025-07-15T09:44:00+00:00","description":"Le guitariste Pascal Charrier et le saxophoniste Julien Soro jouent ensemble depuis d\u00e9sormais plus de 15 ans dans des formules...","breadcrumb":{"@id":"https:\/\/www.grandsformats.com\/2025\/07\/limprovisation-en-orchestre-avec-julien-soro-et-pascal-charrier-du-14-au-18-juillet-a-la-mjc-dapt-84\/#breadcrumb"},"inLanguage":"en-US","potentialAction":[{"@type":"ReadAction","target":["https:\/\/www.grandsformats.com\/2025\/07\/limprovisation-en-orchestre-avec-julien-soro-et-pascal-charrier-du-14-au-18-juillet-a-la-mjc-dapt-84\/"]}]},{"@type":"ImageObject","inLanguage":"en-US","@id":"https:\/\/www.grandsformats.com\/2025\/07\/limprovisation-en-orchestre-avec-julien-soro-et-pascal-charrier-du-14-au-18-juillet-a-la-mjc-dapt-84\/#primaryimage","url":"https:\/\/www.grandsformats.com\/wp-content\/uploads\/2025\/07\/169NaiNo_Recto_flyer_stage-ete.png","contentUrl":"https:\/\/www.grandsformats.com\/wp-content\/uploads\/2025\/07\/169NaiNo_Recto_flyer_stage-ete.png","width":1920,"height":1081,"caption":"stage nai no pascal charrier"},{"@type":"BreadcrumbList","@id":"https:\/\/www.grandsformats.com\/2025\/07\/limprovisation-en-orchestre-avec-julien-soro-et-pascal-charrier-du-14-au-18-juillet-a-la-mjc-dapt-84\/#breadcrumb","itemListElement":[{"@type":"ListItem","position":1,"name":"Accueil","item":"https:\/\/www.grandsformats.com\/en\/"},{"@type":"ListItem","position":2,"name":"L\u2019Improvisation en Orchestre avec Julien Soro et Pascal Charrier du 14 au 18 juillet \u00e0 la MJC d\u2019Apt (84)"}]},{"@type":"WebSite","@id":"https:\/\/www.grandsformats.com\/#website","url":"https:\/\/www.grandsformats.com\/","name":"Site officiel de la f\u00e9d\u00e9ration Grands Formats","description":"F\u00e9d\u00e9ration d&#039;artistes pour la musique en grand !","publisher":{"@id":"https:\/\/www.grandsformats.com\/#organization"},"potentialAction":[{"@type":"SearchAction","target":{"@type":"EntryPoint","urlTemplate":"https:\/\/www.grandsformats.com\/?s={search_term_string}"},"query-input":{"@type":"PropertyValueSpecification","valueRequired":true,"valueName":"search_term_string"}}],"inLanguage":"en-US"},{"@type":"Organization","@id":"https:\/\/www.grandsformats.com\/#organization","name":"Grands Formats","url":"https:\/\/www.grandsformats.com\/","logo":{"@type":"ImageObject","inLanguage":"en-US","@id":"https:\/\/www.grandsformats.com\/#\/schema\/logo\/image\/","url":"https:\/\/www.grandsformats.com\/wp-content\/uploads\/2020\/03\/logo-GF-200.png","contentUrl":"https:\/\/www.grandsformats.com\/wp-content\/uploads\/2020\/03\/logo-GF-200.png","width":155,"height":200,"caption":"Grands Formats"},"image":{"@id":"https:\/\/www.grandsformats.com\/#\/schema\/logo\/image\/"},"sameAs":["https:\/\/www.facebook.com\/grandsformats\/","https:\/\/x.com\/GrandsFormatsGF","https:\/\/www.instagram.com\/grandsformats\/","https:\/\/www.youtube.com\/channel\/UCJ7k9dbqc_DG-nxI3WMPvhw?view_as=subscriberhttps:\/\/www.youtube.com\/channel\/UCJ7k9dbqc_DG-nxI3WMPvhw?view_as=subscriber"]},{"@type":"Person","@id":"https:\/\/www.grandsformats.com\/#\/schema\/person\/56c2866069b6967b2c7becd25c9b4dbb","name":"Laura Hanequand - Grands Formats","image":{"@type":"ImageObject","inLanguage":"en-US","@id":"https:\/\/www.grandsformats.com\/#\/schema\/person\/image\/","url":"https:\/\/secure.gravatar.com\/avatar\/6d52edecb86835c2b7e81a2cdb8965ae325b4045b44f9043177428c622c06643?s=96&d=mm&r=g","contentUrl":"https:\/\/secure.gravatar.com\/avatar\/6d52edecb86835c2b7e81a2cdb8965ae325b4045b44f9043177428c622c06643?s=96&d=mm&r=g","caption":"Laura Hanequand - Grands Formats"},"url":"https:\/\/www.grandsformats.com\/en\/author\/lauragrandsformats-com\/"}]}},"_links":{"self":[{"href":"https:\/\/www.grandsformats.com\/en\/wp-json\/wp\/v2\/posts\/32681","targetHints":{"allow":["GET"]}}],"collection":[{"href":"https:\/\/www.grandsformats.com\/en\/wp-json\/wp\/v2\/posts"}],"about":[{"href":"https:\/\/www.grandsformats.com\/en\/wp-json\/wp\/v2\/types\/post"}],"author":[{"embeddable":true,"href":"https:\/\/www.grandsformats.com\/en\/wp-json\/wp\/v2\/users\/161"}],"replies":[{"embeddable":true,"href":"https:\/\/www.grandsformats.com\/en\/wp-json\/wp\/v2\/comments?post=32681"}],"version-history":[{"count":1,"href":"https:\/\/www.grandsformats.com\/en\/wp-json\/wp\/v2\/posts\/32681\/revisions"}],"predecessor-version":[{"id":32684,"href":"https:\/\/www.grandsformats.com\/en\/wp-json\/wp\/v2\/posts\/32681\/revisions\/32684"}],"wp:featuredmedia":[{"embeddable":true,"href":"https:\/\/www.grandsformats.com\/en\/wp-json\/wp\/v2\/media\/32682"}],"wp:attachment":[{"href":"https:\/\/www.grandsformats.com\/en\/wp-json\/wp\/v2\/media?parent=32681"}],"wp:term":[{"taxonomy":"category","embeddable":true,"href":"https:\/\/www.grandsformats.com\/en\/wp-json\/wp\/v2\/categories?post=32681"},{"taxonomy":"post_tag","embeddable":true,"href":"https:\/\/www.grandsformats.com\/en\/wp-json\/wp\/v2\/tags?post=32681"}],"curies":[{"name":"wp","href":"https:\/\/api.w.org\/{rel}","templated":true}]}}