{"id":32665,"date":"2025-07-09T18:39:55","date_gmt":"2025-07-09T16:39:55","guid":{"rendered":"https:\/\/www.grandsformats.com\/?p=32665"},"modified":"2025-07-17T17:18:50","modified_gmt":"2025-07-17T15:18:50","slug":"lastro-symphonie-sur-scene-concert-du-big-band-de-loeuf-le-31-juillet-au-crest-jazz-festival","status":"publish","type":"post","link":"https:\/\/www.grandsformats.com\/en\/2025\/07\/lastro-symphonie-sur-scene-concert-du-big-band-de-loeuf-le-31-juillet-au-crest-jazz-festival\/","title":{"rendered":"L&#8217;Astro-Symphonie sur sc\u00e8ne, concert du Big Band de l&#8217;OEUF le 31 juillet au Crest Jazz Festival"},"content":{"rendered":"<p>Le Big Band de l&#8217;OEUF pr\u00e9sentera l&#8217;Astro-Symphonie le 31 juillet prochain \u00e0 20h30 \u00e0 Crest, Dr\u00f4me. Tout l\u2019\u00e9quipage de l\u2019\u0152UF vous invite \u00e0 retrouver votre curiosit\u00e9 d\u2019enfant et \u00e0 vous laisser porter, transporter, \u00e9merveiller par la musique et les dessins qui constituent ce concert\/conf\u00e9rence autour de l&#8217;astrophysique.<\/p>\n<p><span style=\"text-decoration: underline;\"><strong>&gt; <a href=\"https:\/\/crestjazz.com\/billetterie-crest-jazz-drome\/billetterie-festival\/\">Billetterie<\/a><\/strong><\/span><\/p>\n<p><iframe loading=\"lazy\" title=\"Teaser de l&#039;Astrosymphonie  du Big Band de l&#039;Oeuf\" width=\"1140\" height=\"641\" src=\"https:\/\/www.youtube.com\/embed\/BwvoyEvnOFQ?feature=oembed\" frameborder=\"0\" allow=\"accelerometer; autoplay; clipboard-write; encrypted-media; gyroscope; picture-in-picture; web-share\" referrerpolicy=\"strict-origin-when-cross-origin\" allowfullscreen><\/iframe><\/p>\n<p><span style=\"font-size: 10pt;\">\u00a9 Eric Soudan\u00a0<\/span><\/p>\n","protected":false},"excerpt":{"rendered":"<p>Le Big Band de l&#8217;OEUF pr\u00e9sentera l&#8217;Astro-Symphonie le 31 juillet prochain \u00e0 20h30 \u00e0 Crest, Dr\u00f4me. Tout l\u2019\u00e9quipage de l\u2019\u0152UF vous invite \u00e0 retrouver votre curiosit\u00e9 d\u2019enfant et \u00e0 vous laisser porter, transporter, \u00e9merveiller par la musique et les dessins qui constituent ce concert\/conf\u00e9rence autour de l&#8217;astrophysique. &gt; Billetterie \u00a9 Eric Soudan\u00a0<\/p>\n","protected":false},"author":161,"featured_media":32771,"comment_status":"open","ping_status":"open","sticky":false,"template":"","format":"standard","meta":{"_acf_changed":false,"footnotes":""},"categories":[95,597],"tags":[],"class_list":["post-32665","post","type-post","status-publish","format-standard","has-post-thumbnail","hentry","category-membres","category-loeuf-big-band","entry-post-skin-light","entry","clearfix","entry-grid","entry-columns-default","entry-post-module-layout-sidebar-right","thumbnail-color-tone-dark","metro-landscape","is-youtube","entry-post","entry-masonry","entry-post-masonry"],"acf":[],"yoast_head":"<!-- This site is optimized with the Yoast SEO plugin v25.8 - https:\/\/yoast.com\/wordpress\/plugins\/seo\/ -->\n<title>L&#039;Astro-Symphonie sur sc\u00e8ne, concert du Big Band de l&#039;OEUF le 31 juillet au Crest Jazz Festival - Site officiel de la f\u00e9d\u00e9ration Grands Formats<\/title>\n<meta name=\"description\" content=\"Le Big Band de l&#039;OEUF pr\u00e9sentera l&#039;Astro-Symphonie le 31 juillet prochain \u00e0 20h30 \u00e0 Crest, Dr\u00f4me. Tout l\u2019\u00e9quipage de l\u2019\u0152UF vous invite...\" \/>\n<meta name=\"robots\" content=\"index, follow, max-snippet:-1, max-image-preview:large, max-video-preview:-1\" \/>\n<link rel=\"canonical\" href=\"https:\/\/www.grandsformats.com\/2025\/07\/lastro-symphonie-sur-scene-concert-du-big-band-de-loeuf-le-31-juillet-au-crest-jazz-festival\/\" \/>\n<meta property=\"og:locale\" content=\"en_US\" \/>\n<meta property=\"og:type\" content=\"article\" \/>\n<meta property=\"og:title\" content=\"L&#039;Astro-Symphonie sur sc\u00e8ne, concert du Big Band de l&#039;OEUF le 31 juillet au Crest Jazz Festival - Site officiel de la f\u00e9d\u00e9ration Grands Formats\" \/>\n<meta property=\"og:description\" content=\"Le Big Band de l&#039;OEUF pr\u00e9sentera l&#039;Astro-Symphonie le 31 juillet prochain \u00e0 20h30 \u00e0 Crest, Dr\u00f4me. Tout l\u2019\u00e9quipage de l\u2019\u0152UF vous invite...\" \/>\n<meta property=\"og:url\" content=\"https:\/\/www.grandsformats.com\/2025\/07\/lastro-symphonie-sur-scene-concert-du-big-band-de-loeuf-le-31-juillet-au-crest-jazz-festival\/\" \/>\n<meta property=\"og:site_name\" content=\"Site officiel de la f\u00e9d\u00e9ration Grands Formats\" \/>\n<meta property=\"article:publisher\" content=\"https:\/\/www.facebook.com\/grandsformats\/\" \/>\n<meta property=\"article:published_time\" content=\"2025-07-09T16:39:55+00:00\" \/>\n<meta property=\"article:modified_time\" content=\"2025-07-17T15:18:50+00:00\" \/>\n<meta property=\"og:image\" content=\"https:\/\/www.grandsformats.com\/wp-content\/uploads\/2025\/07\/169LOEUF-1024x576.png\" \/>\n\t<meta property=\"og:image:width\" content=\"1024\" \/>\n\t<meta property=\"og:image:height\" content=\"576\" \/>\n\t<meta property=\"og:image:type\" content=\"image\/png\" \/>\n<meta name=\"author\" content=\"Laura Hanequand - Grands Formats\" \/>\n<meta name=\"twitter:card\" content=\"summary_large_image\" \/>\n<meta name=\"twitter:creator\" content=\"@GrandsFormatsGF\" \/>\n<meta name=\"twitter:site\" content=\"@GrandsFormatsGF\" \/>\n<meta name=\"twitter:label1\" content=\"Written by\" \/>\n\t<meta name=\"twitter:data1\" content=\"Laura Hanequand - Grands Formats\" \/>\n\t<meta name=\"twitter:label2\" content=\"Est. reading time\" \/>\n\t<meta name=\"twitter:data2\" content=\"1 minute\" \/>\n<script type=\"application\/ld+json\" class=\"yoast-schema-graph\">{\"@context\":\"https:\/\/schema.org\",\"@graph\":[{\"@type\":\"Article\",\"@id\":\"https:\/\/www.grandsformats.com\/2025\/07\/lastro-symphonie-sur-scene-concert-du-big-band-de-loeuf-le-31-juillet-au-crest-jazz-festival\/#article\",\"isPartOf\":{\"@id\":\"https:\/\/www.grandsformats.com\/2025\/07\/lastro-symphonie-sur-scene-concert-du-big-band-de-loeuf-le-31-juillet-au-crest-jazz-festival\/\"},\"author\":{\"name\":\"Laura Hanequand - Grands Formats\",\"@id\":\"https:\/\/www.grandsformats.com\/#\/schema\/person\/56c2866069b6967b2c7becd25c9b4dbb\"},\"headline\":\"L&#8217;Astro-Symphonie sur sc\u00e8ne, concert du Big Band de l&#8217;OEUF le 31 juillet au Crest Jazz Festival\",\"datePublished\":\"2025-07-09T16:39:55+00:00\",\"dateModified\":\"2025-07-17T15:18:50+00:00\",\"mainEntityOfPage\":{\"@id\":\"https:\/\/www.grandsformats.com\/2025\/07\/lastro-symphonie-sur-scene-concert-du-big-band-de-loeuf-le-31-juillet-au-crest-jazz-festival\/\"},\"wordCount\":81,\"commentCount\":0,\"publisher\":{\"@id\":\"https:\/\/www.grandsformats.com\/#organization\"},\"image\":{\"@id\":\"https:\/\/www.grandsformats.com\/2025\/07\/lastro-symphonie-sur-scene-concert-du-big-band-de-loeuf-le-31-juillet-au-crest-jazz-festival\/#primaryimage\"},\"thumbnailUrl\":\"https:\/\/www.grandsformats.com\/wp-content\/uploads\/2025\/07\/169LOEUF.png\",\"articleSection\":[\"Actus des membres\",\"Loeuf Big Band\"],\"inLanguage\":\"en-US\",\"potentialAction\":[{\"@type\":\"CommentAction\",\"name\":\"Comment\",\"target\":[\"https:\/\/www.grandsformats.com\/2025\/07\/lastro-symphonie-sur-scene-concert-du-big-band-de-loeuf-le-31-juillet-au-crest-jazz-festival\/#respond\"]}]},{\"@type\":\"WebPage\",\"@id\":\"https:\/\/www.grandsformats.com\/2025\/07\/lastro-symphonie-sur-scene-concert-du-big-band-de-loeuf-le-31-juillet-au-crest-jazz-festival\/\",\"url\":\"https:\/\/www.grandsformats.com\/2025\/07\/lastro-symphonie-sur-scene-concert-du-big-band-de-loeuf-le-31-juillet-au-crest-jazz-festival\/\",\"name\":\"L'Astro-Symphonie sur sc\u00e8ne, concert du Big Band de l'OEUF le 31 juillet au Crest Jazz Festival - Site officiel de la f\u00e9d\u00e9ration Grands Formats\",\"isPartOf\":{\"@id\":\"https:\/\/www.grandsformats.com\/#website\"},\"primaryImageOfPage\":{\"@id\":\"https:\/\/www.grandsformats.com\/2025\/07\/lastro-symphonie-sur-scene-concert-du-big-band-de-loeuf-le-31-juillet-au-crest-jazz-festival\/#primaryimage\"},\"image\":{\"@id\":\"https:\/\/www.grandsformats.com\/2025\/07\/lastro-symphonie-sur-scene-concert-du-big-band-de-loeuf-le-31-juillet-au-crest-jazz-festival\/#primaryimage\"},\"thumbnailUrl\":\"https:\/\/www.grandsformats.com\/wp-content\/uploads\/2025\/07\/169LOEUF.png\",\"datePublished\":\"2025-07-09T16:39:55+00:00\",\"dateModified\":\"2025-07-17T15:18:50+00:00\",\"description\":\"Le Big Band de l'OEUF pr\u00e9sentera l'Astro-Symphonie le 31 juillet prochain \u00e0 20h30 \u00e0 Crest, Dr\u00f4me. Tout l\u2019\u00e9quipage de l\u2019\u0152UF vous invite...\",\"breadcrumb\":{\"@id\":\"https:\/\/www.grandsformats.com\/2025\/07\/lastro-symphonie-sur-scene-concert-du-big-band-de-loeuf-le-31-juillet-au-crest-jazz-festival\/#breadcrumb\"},\"inLanguage\":\"en-US\",\"potentialAction\":[{\"@type\":\"ReadAction\",\"target\":[\"https:\/\/www.grandsformats.com\/2025\/07\/lastro-symphonie-sur-scene-concert-du-big-band-de-loeuf-le-31-juillet-au-crest-jazz-festival\/\"]}]},{\"@type\":\"ImageObject\",\"inLanguage\":\"en-US\",\"@id\":\"https:\/\/www.grandsformats.com\/2025\/07\/lastro-symphonie-sur-scene-concert-du-big-band-de-loeuf-le-31-juillet-au-crest-jazz-festival\/#primaryimage\",\"url\":\"https:\/\/www.grandsformats.com\/wp-content\/uploads\/2025\/07\/169LOEUF.png\",\"contentUrl\":\"https:\/\/www.grandsformats.com\/wp-content\/uploads\/2025\/07\/169LOEUF.png\",\"width\":1920,\"height\":1080,\"caption\":\"Loeuf\"},{\"@type\":\"BreadcrumbList\",\"@id\":\"https:\/\/www.grandsformats.com\/2025\/07\/lastro-symphonie-sur-scene-concert-du-big-band-de-loeuf-le-31-juillet-au-crest-jazz-festival\/#breadcrumb\",\"itemListElement\":[{\"@type\":\"ListItem\",\"position\":1,\"name\":\"Accueil\",\"item\":\"https:\/\/www.grandsformats.com\/en\/\"},{\"@type\":\"ListItem\",\"position\":2,\"name\":\"L&rsquo;Astro-Symphonie sur sc\u00e8ne, concert du Big Band de l&rsquo;OEUF le 31 juillet au Crest Jazz Festival\"}]},{\"@type\":\"WebSite\",\"@id\":\"https:\/\/www.grandsformats.com\/#website\",\"url\":\"https:\/\/www.grandsformats.com\/\",\"name\":\"Site officiel de la f\u00e9d\u00e9ration Grands Formats\",\"description\":\"F\u00e9d\u00e9ration d&#039;artistes pour la musique en grand !\",\"publisher\":{\"@id\":\"https:\/\/www.grandsformats.com\/#organization\"},\"potentialAction\":[{\"@type\":\"SearchAction\",\"target\":{\"@type\":\"EntryPoint\",\"urlTemplate\":\"https:\/\/www.grandsformats.com\/?s={search_term_string}\"},\"query-input\":{\"@type\":\"PropertyValueSpecification\",\"valueRequired\":true,\"valueName\":\"search_term_string\"}}],\"inLanguage\":\"en-US\"},{\"@type\":\"Organization\",\"@id\":\"https:\/\/www.grandsformats.com\/#organization\",\"name\":\"Grands Formats\",\"url\":\"https:\/\/www.grandsformats.com\/\",\"logo\":{\"@type\":\"ImageObject\",\"inLanguage\":\"en-US\",\"@id\":\"https:\/\/www.grandsformats.com\/#\/schema\/logo\/image\/\",\"url\":\"https:\/\/www.grandsformats.com\/wp-content\/uploads\/2020\/03\/logo-GF-200.png\",\"contentUrl\":\"https:\/\/www.grandsformats.com\/wp-content\/uploads\/2020\/03\/logo-GF-200.png\",\"width\":155,\"height\":200,\"caption\":\"Grands Formats\"},\"image\":{\"@id\":\"https:\/\/www.grandsformats.com\/#\/schema\/logo\/image\/\"},\"sameAs\":[\"https:\/\/www.facebook.com\/grandsformats\/\",\"https:\/\/x.com\/GrandsFormatsGF\",\"https:\/\/www.instagram.com\/grandsformats\/\",\"https:\/\/www.youtube.com\/channel\/UCJ7k9dbqc_DG-nxI3WMPvhw?view_as=subscriberhttps:\/\/www.youtube.com\/channel\/UCJ7k9dbqc_DG-nxI3WMPvhw?view_as=subscriber\"]},{\"@type\":\"Person\",\"@id\":\"https:\/\/www.grandsformats.com\/#\/schema\/person\/56c2866069b6967b2c7becd25c9b4dbb\",\"name\":\"Laura Hanequand - Grands Formats\",\"image\":{\"@type\":\"ImageObject\",\"inLanguage\":\"en-US\",\"@id\":\"https:\/\/www.grandsformats.com\/#\/schema\/person\/image\/\",\"url\":\"https:\/\/secure.gravatar.com\/avatar\/6d52edecb86835c2b7e81a2cdb8965ae325b4045b44f9043177428c622c06643?s=96&d=mm&r=g\",\"contentUrl\":\"https:\/\/secure.gravatar.com\/avatar\/6d52edecb86835c2b7e81a2cdb8965ae325b4045b44f9043177428c622c06643?s=96&d=mm&r=g\",\"caption\":\"Laura Hanequand - Grands Formats\"},\"url\":\"https:\/\/www.grandsformats.com\/en\/author\/lauragrandsformats-com\/\"}]}<\/script>\n<!-- \/ Yoast SEO plugin. -->","yoast_head_json":{"title":"L'Astro-Symphonie sur sc\u00e8ne, concert du Big Band de l'OEUF le 31 juillet au Crest Jazz Festival - Site officiel de la f\u00e9d\u00e9ration Grands Formats","description":"Le Big Band de l'OEUF pr\u00e9sentera l'Astro-Symphonie le 31 juillet prochain \u00e0 20h30 \u00e0 Crest, Dr\u00f4me. Tout l\u2019\u00e9quipage de l\u2019\u0152UF vous invite...","robots":{"index":"index","follow":"follow","max-snippet":"max-snippet:-1","max-image-preview":"max-image-preview:large","max-video-preview":"max-video-preview:-1"},"canonical":"https:\/\/www.grandsformats.com\/2025\/07\/lastro-symphonie-sur-scene-concert-du-big-band-de-loeuf-le-31-juillet-au-crest-jazz-festival\/","og_locale":"en_US","og_type":"article","og_title":"L'Astro-Symphonie sur sc\u00e8ne, concert du Big Band de l'OEUF le 31 juillet au Crest Jazz Festival - Site officiel de la f\u00e9d\u00e9ration Grands Formats","og_description":"Le Big Band de l'OEUF pr\u00e9sentera l'Astro-Symphonie le 31 juillet prochain \u00e0 20h30 \u00e0 Crest, Dr\u00f4me. Tout l\u2019\u00e9quipage de l\u2019\u0152UF vous invite...","og_url":"https:\/\/www.grandsformats.com\/2025\/07\/lastro-symphonie-sur-scene-concert-du-big-band-de-loeuf-le-31-juillet-au-crest-jazz-festival\/","og_site_name":"Site officiel de la f\u00e9d\u00e9ration Grands Formats","article_publisher":"https:\/\/www.facebook.com\/grandsformats\/","article_published_time":"2025-07-09T16:39:55+00:00","article_modified_time":"2025-07-17T15:18:50+00:00","og_image":[{"width":1024,"height":576,"url":"https:\/\/www.grandsformats.com\/wp-content\/uploads\/2025\/07\/169LOEUF-1024x576.png","type":"image\/png"}],"author":"Laura Hanequand - Grands Formats","twitter_card":"summary_large_image","twitter_creator":"@GrandsFormatsGF","twitter_site":"@GrandsFormatsGF","twitter_misc":{"Written by":"Laura Hanequand - Grands Formats","Est. reading time":"1 minute"},"schema":{"@context":"https:\/\/schema.org","@graph":[{"@type":"Article","@id":"https:\/\/www.grandsformats.com\/2025\/07\/lastro-symphonie-sur-scene-concert-du-big-band-de-loeuf-le-31-juillet-au-crest-jazz-festival\/#article","isPartOf":{"@id":"https:\/\/www.grandsformats.com\/2025\/07\/lastro-symphonie-sur-scene-concert-du-big-band-de-loeuf-le-31-juillet-au-crest-jazz-festival\/"},"author":{"name":"Laura Hanequand - Grands Formats","@id":"https:\/\/www.grandsformats.com\/#\/schema\/person\/56c2866069b6967b2c7becd25c9b4dbb"},"headline":"L&#8217;Astro-Symphonie sur sc\u00e8ne, concert du Big Band de l&#8217;OEUF le 31 juillet au Crest Jazz Festival","datePublished":"2025-07-09T16:39:55+00:00","dateModified":"2025-07-17T15:18:50+00:00","mainEntityOfPage":{"@id":"https:\/\/www.grandsformats.com\/2025\/07\/lastro-symphonie-sur-scene-concert-du-big-band-de-loeuf-le-31-juillet-au-crest-jazz-festival\/"},"wordCount":81,"commentCount":0,"publisher":{"@id":"https:\/\/www.grandsformats.com\/#organization"},"image":{"@id":"https:\/\/www.grandsformats.com\/2025\/07\/lastro-symphonie-sur-scene-concert-du-big-band-de-loeuf-le-31-juillet-au-crest-jazz-festival\/#primaryimage"},"thumbnailUrl":"https:\/\/www.grandsformats.com\/wp-content\/uploads\/2025\/07\/169LOEUF.png","articleSection":["Actus des membres","Loeuf Big Band"],"inLanguage":"en-US","potentialAction":[{"@type":"CommentAction","name":"Comment","target":["https:\/\/www.grandsformats.com\/2025\/07\/lastro-symphonie-sur-scene-concert-du-big-band-de-loeuf-le-31-juillet-au-crest-jazz-festival\/#respond"]}]},{"@type":"WebPage","@id":"https:\/\/www.grandsformats.com\/2025\/07\/lastro-symphonie-sur-scene-concert-du-big-band-de-loeuf-le-31-juillet-au-crest-jazz-festival\/","url":"https:\/\/www.grandsformats.com\/2025\/07\/lastro-symphonie-sur-scene-concert-du-big-band-de-loeuf-le-31-juillet-au-crest-jazz-festival\/","name":"L'Astro-Symphonie sur sc\u00e8ne, concert du Big Band de l'OEUF le 31 juillet au Crest Jazz Festival - Site officiel de la f\u00e9d\u00e9ration Grands Formats","isPartOf":{"@id":"https:\/\/www.grandsformats.com\/#website"},"primaryImageOfPage":{"@id":"https:\/\/www.grandsformats.com\/2025\/07\/lastro-symphonie-sur-scene-concert-du-big-band-de-loeuf-le-31-juillet-au-crest-jazz-festival\/#primaryimage"},"image":{"@id":"https:\/\/www.grandsformats.com\/2025\/07\/lastro-symphonie-sur-scene-concert-du-big-band-de-loeuf-le-31-juillet-au-crest-jazz-festival\/#primaryimage"},"thumbnailUrl":"https:\/\/www.grandsformats.com\/wp-content\/uploads\/2025\/07\/169LOEUF.png","datePublished":"2025-07-09T16:39:55+00:00","dateModified":"2025-07-17T15:18:50+00:00","description":"Le Big Band de l'OEUF pr\u00e9sentera l'Astro-Symphonie le 31 juillet prochain \u00e0 20h30 \u00e0 Crest, Dr\u00f4me. Tout l\u2019\u00e9quipage de l\u2019\u0152UF vous invite...","breadcrumb":{"@id":"https:\/\/www.grandsformats.com\/2025\/07\/lastro-symphonie-sur-scene-concert-du-big-band-de-loeuf-le-31-juillet-au-crest-jazz-festival\/#breadcrumb"},"inLanguage":"en-US","potentialAction":[{"@type":"ReadAction","target":["https:\/\/www.grandsformats.com\/2025\/07\/lastro-symphonie-sur-scene-concert-du-big-band-de-loeuf-le-31-juillet-au-crest-jazz-festival\/"]}]},{"@type":"ImageObject","inLanguage":"en-US","@id":"https:\/\/www.grandsformats.com\/2025\/07\/lastro-symphonie-sur-scene-concert-du-big-band-de-loeuf-le-31-juillet-au-crest-jazz-festival\/#primaryimage","url":"https:\/\/www.grandsformats.com\/wp-content\/uploads\/2025\/07\/169LOEUF.png","contentUrl":"https:\/\/www.grandsformats.com\/wp-content\/uploads\/2025\/07\/169LOEUF.png","width":1920,"height":1080,"caption":"Loeuf"},{"@type":"BreadcrumbList","@id":"https:\/\/www.grandsformats.com\/2025\/07\/lastro-symphonie-sur-scene-concert-du-big-band-de-loeuf-le-31-juillet-au-crest-jazz-festival\/#breadcrumb","itemListElement":[{"@type":"ListItem","position":1,"name":"Accueil","item":"https:\/\/www.grandsformats.com\/en\/"},{"@type":"ListItem","position":2,"name":"L&rsquo;Astro-Symphonie sur sc\u00e8ne, concert du Big Band de l&rsquo;OEUF le 31 juillet au Crest Jazz Festival"}]},{"@type":"WebSite","@id":"https:\/\/www.grandsformats.com\/#website","url":"https:\/\/www.grandsformats.com\/","name":"Site officiel de la f\u00e9d\u00e9ration Grands Formats","description":"F\u00e9d\u00e9ration d&#039;artistes pour la musique en grand !","publisher":{"@id":"https:\/\/www.grandsformats.com\/#organization"},"potentialAction":[{"@type":"SearchAction","target":{"@type":"EntryPoint","urlTemplate":"https:\/\/www.grandsformats.com\/?s={search_term_string}"},"query-input":{"@type":"PropertyValueSpecification","valueRequired":true,"valueName":"search_term_string"}}],"inLanguage":"en-US"},{"@type":"Organization","@id":"https:\/\/www.grandsformats.com\/#organization","name":"Grands Formats","url":"https:\/\/www.grandsformats.com\/","logo":{"@type":"ImageObject","inLanguage":"en-US","@id":"https:\/\/www.grandsformats.com\/#\/schema\/logo\/image\/","url":"https:\/\/www.grandsformats.com\/wp-content\/uploads\/2020\/03\/logo-GF-200.png","contentUrl":"https:\/\/www.grandsformats.com\/wp-content\/uploads\/2020\/03\/logo-GF-200.png","width":155,"height":200,"caption":"Grands Formats"},"image":{"@id":"https:\/\/www.grandsformats.com\/#\/schema\/logo\/image\/"},"sameAs":["https:\/\/www.facebook.com\/grandsformats\/","https:\/\/x.com\/GrandsFormatsGF","https:\/\/www.instagram.com\/grandsformats\/","https:\/\/www.youtube.com\/channel\/UCJ7k9dbqc_DG-nxI3WMPvhw?view_as=subscriberhttps:\/\/www.youtube.com\/channel\/UCJ7k9dbqc_DG-nxI3WMPvhw?view_as=subscriber"]},{"@type":"Person","@id":"https:\/\/www.grandsformats.com\/#\/schema\/person\/56c2866069b6967b2c7becd25c9b4dbb","name":"Laura Hanequand - Grands Formats","image":{"@type":"ImageObject","inLanguage":"en-US","@id":"https:\/\/www.grandsformats.com\/#\/schema\/person\/image\/","url":"https:\/\/secure.gravatar.com\/avatar\/6d52edecb86835c2b7e81a2cdb8965ae325b4045b44f9043177428c622c06643?s=96&d=mm&r=g","contentUrl":"https:\/\/secure.gravatar.com\/avatar\/6d52edecb86835c2b7e81a2cdb8965ae325b4045b44f9043177428c622c06643?s=96&d=mm&r=g","caption":"Laura Hanequand - Grands Formats"},"url":"https:\/\/www.grandsformats.com\/en\/author\/lauragrandsformats-com\/"}]}},"_links":{"self":[{"href":"https:\/\/www.grandsformats.com\/en\/wp-json\/wp\/v2\/posts\/32665","targetHints":{"allow":["GET"]}}],"collection":[{"href":"https:\/\/www.grandsformats.com\/en\/wp-json\/wp\/v2\/posts"}],"about":[{"href":"https:\/\/www.grandsformats.com\/en\/wp-json\/wp\/v2\/types\/post"}],"author":[{"embeddable":true,"href":"https:\/\/www.grandsformats.com\/en\/wp-json\/wp\/v2\/users\/161"}],"replies":[{"embeddable":true,"href":"https:\/\/www.grandsformats.com\/en\/wp-json\/wp\/v2\/comments?post=32665"}],"version-history":[{"count":1,"href":"https:\/\/www.grandsformats.com\/en\/wp-json\/wp\/v2\/posts\/32665\/revisions"}],"predecessor-version":[{"id":32668,"href":"https:\/\/www.grandsformats.com\/en\/wp-json\/wp\/v2\/posts\/32665\/revisions\/32668"}],"wp:featuredmedia":[{"embeddable":true,"href":"https:\/\/www.grandsformats.com\/en\/wp-json\/wp\/v2\/media\/32771"}],"wp:attachment":[{"href":"https:\/\/www.grandsformats.com\/en\/wp-json\/wp\/v2\/media?parent=32665"}],"wp:term":[{"taxonomy":"category","embeddable":true,"href":"https:\/\/www.grandsformats.com\/en\/wp-json\/wp\/v2\/categories?post=32665"},{"taxonomy":"post_tag","embeddable":true,"href":"https:\/\/www.grandsformats.com\/en\/wp-json\/wp\/v2\/tags?post=32665"}],"curies":[{"name":"wp","href":"https:\/\/api.w.org\/{rel}","templated":true}]}}