{"id":32658,"date":"2025-07-09T18:31:32","date_gmt":"2025-07-09T16:31:32","guid":{"rendered":"https:\/\/www.grandsformats.com\/?p=32658"},"modified":"2025-07-09T18:32:41","modified_gmt":"2025-07-09T16:32:41","slug":"la-fanfare-du-contrevent-un-album-et-des-festivals","status":"publish","type":"post","link":"https:\/\/www.grandsformats.com\/en\/2025\/07\/la-fanfare-du-contrevent-un-album-et-des-festivals\/","title":{"rendered":"La Fanfare du Contrevent : Un album et des festivals !"},"content":{"rendered":"<p><strong>Le premier album de la Fanfare du Contrevent, &#8220;Ondulophones&#8221; sort le 4 juillet !<br \/>\n<\/strong>Il est disponible \u00e0 la vente sur le <span style=\"text-decoration: underline;\"><strong><a href=\"https:\/\/fanfareducontrevent.bandcamp.com\/album\/ondulophones\">Bandcamp<\/a><\/strong><\/span> d\u00e9di\u00e9 et \u00e9galement disponible <span style=\"text-decoration: underline;\"><strong><a href=\"https:\/\/bfan.link\/ondulophones\">sur toutes les plateformes de streaming<\/a><\/strong><\/span>.<\/p>\n<p>Apr\u00e8s le concert de sortie d&#8217;album le 3 juillet au Bistrot de la Sc\u00e8ne \u00e0 Dijon, la Fanfare du Contrevent vous donne rendez-vous cet \u00e9t\u00e9 \u00e0 ces deux beaux festivals :<\/p>\n<p>&#8211; Vendredi 18 juillet au festival du Crescent \u00e0 M\u00e2con (71) &#8211; 20h30 &#8211; en premi\u00e8re partie de Michael Mayo.<br \/>\n&#8211; Dimanche 3 ao\u00fbt au festival Le Chien \u00e0 Plumes &#8211; 20h &#8211; \u00e0 Villegusien-le-lac pr\u00e8s de Langres (52).<\/p>\n<p><span style=\"font-size: 10pt;\">\u00a9 Francesca Raimondo<\/span><\/p>\n","protected":false},"excerpt":{"rendered":"<p>Le premier album de la Fanfare du Contrevent, &#8220;Ondulophones&#8221; sort le 4 juillet ! Il est disponible \u00e0 la vente sur le Bandcamp d\u00e9di\u00e9 et \u00e9galement disponible sur toutes les plateformes de streaming. Apr\u00e8s le concert de sortie d&#8217;album le 3 juillet au Bistrot de la Sc\u00e8ne \u00e0 Dijon, la Fanfare du Contrevent vous donne&#8230;<\/p>\n<p><a rel=\"bookmark\" class=\"theme-button-text wvc-button wvc-button-size-xs\" href=\"https:\/\/www.grandsformats.com\/en\/2025\/07\/la-fanfare-du-contrevent-un-album-et-des-festivals\/\"><small class=\"wvc-button-background-fill\"><\/small><span>Continue reading<\/span><\/a><\/p>\n","protected":false},"author":161,"featured_media":32660,"comment_status":"open","ping_status":"open","sticky":false,"template":"","format":"standard","meta":{"_acf_changed":false,"footnotes":""},"categories":[95,964],"tags":[],"class_list":["post-32658","post","type-post","status-publish","format-standard","has-post-thumbnail","hentry","category-membres","category-la-fanfare-du-contrevent","entry-post-skin-light","entry","clearfix","entry-grid","entry-columns-default","entry-post-module-layout-sidebar-right","thumbnail-color-tone-dark","metro-landscape","entry-post","entry-masonry","entry-post-masonry"],"acf":[],"yoast_head":"<!-- This site is optimized with the Yoast SEO plugin v25.8 - https:\/\/yoast.com\/wordpress\/plugins\/seo\/ -->\n<title>La Fanfare du Contrevent : Un album et des festivals ! - Site officiel de la f\u00e9d\u00e9ration Grands Formats<\/title>\n<meta name=\"description\" content=\"Le premier album de la Fanfare du Contrevent, &quot;Ondulophones&quot; sort le 4 juillet !Il est disponible \u00e0 la vente sur le Bandcamp d\u00e9di\u00e9...\" \/>\n<meta name=\"robots\" content=\"index, follow, max-snippet:-1, max-image-preview:large, max-video-preview:-1\" \/>\n<link rel=\"canonical\" href=\"https:\/\/www.grandsformats.com\/2025\/07\/la-fanfare-du-contrevent-un-album-et-des-festivals\/\" \/>\n<meta property=\"og:locale\" content=\"en_US\" \/>\n<meta property=\"og:type\" content=\"article\" \/>\n<meta property=\"og:title\" content=\"La Fanfare du Contrevent : Un album et des festivals ! - Site officiel de la f\u00e9d\u00e9ration Grands Formats\" \/>\n<meta property=\"og:description\" content=\"Le premier album de la Fanfare du Contrevent, &quot;Ondulophones&quot; sort le 4 juillet !Il est disponible \u00e0 la vente sur le Bandcamp d\u00e9di\u00e9...\" \/>\n<meta property=\"og:url\" content=\"https:\/\/www.grandsformats.com\/2025\/07\/la-fanfare-du-contrevent-un-album-et-des-festivals\/\" \/>\n<meta property=\"og:site_name\" content=\"Site officiel de la f\u00e9d\u00e9ration Grands Formats\" \/>\n<meta property=\"article:publisher\" content=\"https:\/\/www.facebook.com\/grandsformats\/\" \/>\n<meta property=\"article:published_time\" content=\"2025-07-09T16:31:32+00:00\" \/>\n<meta property=\"article:modified_time\" content=\"2025-07-09T16:32:41+00:00\" \/>\n<meta property=\"og:image\" content=\"https:\/\/www.grandsformats.com\/wp-content\/uploads\/2025\/07\/169Fanfareducontrevent-Francesca-Raimondo-1024x576.png\" \/>\n\t<meta property=\"og:image:width\" content=\"1024\" \/>\n\t<meta property=\"og:image:height\" content=\"576\" \/>\n\t<meta property=\"og:image:type\" content=\"image\/png\" \/>\n<meta name=\"author\" content=\"Laura Hanequand - Grands Formats\" \/>\n<meta name=\"twitter:card\" content=\"summary_large_image\" \/>\n<meta name=\"twitter:creator\" content=\"@GrandsFormatsGF\" \/>\n<meta name=\"twitter:site\" content=\"@GrandsFormatsGF\" \/>\n<meta name=\"twitter:label1\" content=\"Written by\" \/>\n\t<meta name=\"twitter:data1\" content=\"Laura Hanequand - Grands Formats\" \/>\n\t<meta name=\"twitter:label2\" content=\"Est. reading time\" \/>\n\t<meta name=\"twitter:data2\" content=\"1 minute\" \/>\n<script type=\"application\/ld+json\" class=\"yoast-schema-graph\">{\"@context\":\"https:\/\/schema.org\",\"@graph\":[{\"@type\":\"Article\",\"@id\":\"https:\/\/www.grandsformats.com\/2025\/07\/la-fanfare-du-contrevent-un-album-et-des-festivals\/#article\",\"isPartOf\":{\"@id\":\"https:\/\/www.grandsformats.com\/2025\/07\/la-fanfare-du-contrevent-un-album-et-des-festivals\/\"},\"author\":{\"name\":\"Laura Hanequand - Grands Formats\",\"@id\":\"https:\/\/www.grandsformats.com\/#\/schema\/person\/56c2866069b6967b2c7becd25c9b4dbb\"},\"headline\":\"La Fanfare du Contrevent : Un album et des festivals !\",\"datePublished\":\"2025-07-09T16:31:32+00:00\",\"dateModified\":\"2025-07-09T16:32:41+00:00\",\"mainEntityOfPage\":{\"@id\":\"https:\/\/www.grandsformats.com\/2025\/07\/la-fanfare-du-contrevent-un-album-et-des-festivals\/\"},\"wordCount\":108,\"commentCount\":0,\"publisher\":{\"@id\":\"https:\/\/www.grandsformats.com\/#organization\"},\"image\":{\"@id\":\"https:\/\/www.grandsformats.com\/2025\/07\/la-fanfare-du-contrevent-un-album-et-des-festivals\/#primaryimage\"},\"thumbnailUrl\":\"https:\/\/www.grandsformats.com\/wp-content\/uploads\/2025\/07\/169Fanfareducontrevent-Francesca-Raimondo.png\",\"articleSection\":[\"Actus des membres\",\"la Fanfare du Contrevent\"],\"inLanguage\":\"en-US\",\"potentialAction\":[{\"@type\":\"CommentAction\",\"name\":\"Comment\",\"target\":[\"https:\/\/www.grandsformats.com\/2025\/07\/la-fanfare-du-contrevent-un-album-et-des-festivals\/#respond\"]}]},{\"@type\":\"WebPage\",\"@id\":\"https:\/\/www.grandsformats.com\/2025\/07\/la-fanfare-du-contrevent-un-album-et-des-festivals\/\",\"url\":\"https:\/\/www.grandsformats.com\/2025\/07\/la-fanfare-du-contrevent-un-album-et-des-festivals\/\",\"name\":\"La Fanfare du Contrevent : Un album et des festivals ! - Site officiel de la f\u00e9d\u00e9ration Grands Formats\",\"isPartOf\":{\"@id\":\"https:\/\/www.grandsformats.com\/#website\"},\"primaryImageOfPage\":{\"@id\":\"https:\/\/www.grandsformats.com\/2025\/07\/la-fanfare-du-contrevent-un-album-et-des-festivals\/#primaryimage\"},\"image\":{\"@id\":\"https:\/\/www.grandsformats.com\/2025\/07\/la-fanfare-du-contrevent-un-album-et-des-festivals\/#primaryimage\"},\"thumbnailUrl\":\"https:\/\/www.grandsformats.com\/wp-content\/uploads\/2025\/07\/169Fanfareducontrevent-Francesca-Raimondo.png\",\"datePublished\":\"2025-07-09T16:31:32+00:00\",\"dateModified\":\"2025-07-09T16:32:41+00:00\",\"description\":\"Le premier album de la Fanfare du Contrevent, \\\"Ondulophones\\\" sort le 4 juillet !Il est disponible \u00e0 la vente sur le Bandcamp d\u00e9di\u00e9...\",\"breadcrumb\":{\"@id\":\"https:\/\/www.grandsformats.com\/2025\/07\/la-fanfare-du-contrevent-un-album-et-des-festivals\/#breadcrumb\"},\"inLanguage\":\"en-US\",\"potentialAction\":[{\"@type\":\"ReadAction\",\"target\":[\"https:\/\/www.grandsformats.com\/2025\/07\/la-fanfare-du-contrevent-un-album-et-des-festivals\/\"]}]},{\"@type\":\"ImageObject\",\"inLanguage\":\"en-US\",\"@id\":\"https:\/\/www.grandsformats.com\/2025\/07\/la-fanfare-du-contrevent-un-album-et-des-festivals\/#primaryimage\",\"url\":\"https:\/\/www.grandsformats.com\/wp-content\/uploads\/2025\/07\/169Fanfareducontrevent-Francesca-Raimondo.png\",\"contentUrl\":\"https:\/\/www.grandsformats.com\/wp-content\/uploads\/2025\/07\/169Fanfareducontrevent-Francesca-Raimondo.png\",\"width\":1920,\"height\":1080,\"caption\":\"La Fanfare du Contrevent\"},{\"@type\":\"BreadcrumbList\",\"@id\":\"https:\/\/www.grandsformats.com\/2025\/07\/la-fanfare-du-contrevent-un-album-et-des-festivals\/#breadcrumb\",\"itemListElement\":[{\"@type\":\"ListItem\",\"position\":1,\"name\":\"Accueil\",\"item\":\"https:\/\/www.grandsformats.com\/en\/\"},{\"@type\":\"ListItem\",\"position\":2,\"name\":\"La Fanfare du Contrevent : Un album et des festivals !\"}]},{\"@type\":\"WebSite\",\"@id\":\"https:\/\/www.grandsformats.com\/#website\",\"url\":\"https:\/\/www.grandsformats.com\/\",\"name\":\"Site officiel de la f\u00e9d\u00e9ration Grands Formats\",\"description\":\"F\u00e9d\u00e9ration d&#039;artistes pour la musique en grand !\",\"publisher\":{\"@id\":\"https:\/\/www.grandsformats.com\/#organization\"},\"potentialAction\":[{\"@type\":\"SearchAction\",\"target\":{\"@type\":\"EntryPoint\",\"urlTemplate\":\"https:\/\/www.grandsformats.com\/?s={search_term_string}\"},\"query-input\":{\"@type\":\"PropertyValueSpecification\",\"valueRequired\":true,\"valueName\":\"search_term_string\"}}],\"inLanguage\":\"en-US\"},{\"@type\":\"Organization\",\"@id\":\"https:\/\/www.grandsformats.com\/#organization\",\"name\":\"Grands Formats\",\"url\":\"https:\/\/www.grandsformats.com\/\",\"logo\":{\"@type\":\"ImageObject\",\"inLanguage\":\"en-US\",\"@id\":\"https:\/\/www.grandsformats.com\/#\/schema\/logo\/image\/\",\"url\":\"https:\/\/www.grandsformats.com\/wp-content\/uploads\/2020\/03\/logo-GF-200.png\",\"contentUrl\":\"https:\/\/www.grandsformats.com\/wp-content\/uploads\/2020\/03\/logo-GF-200.png\",\"width\":155,\"height\":200,\"caption\":\"Grands Formats\"},\"image\":{\"@id\":\"https:\/\/www.grandsformats.com\/#\/schema\/logo\/image\/\"},\"sameAs\":[\"https:\/\/www.facebook.com\/grandsformats\/\",\"https:\/\/x.com\/GrandsFormatsGF\",\"https:\/\/www.instagram.com\/grandsformats\/\",\"https:\/\/www.youtube.com\/channel\/UCJ7k9dbqc_DG-nxI3WMPvhw?view_as=subscriberhttps:\/\/www.youtube.com\/channel\/UCJ7k9dbqc_DG-nxI3WMPvhw?view_as=subscriber\"]},{\"@type\":\"Person\",\"@id\":\"https:\/\/www.grandsformats.com\/#\/schema\/person\/56c2866069b6967b2c7becd25c9b4dbb\",\"name\":\"Laura Hanequand - Grands Formats\",\"image\":{\"@type\":\"ImageObject\",\"inLanguage\":\"en-US\",\"@id\":\"https:\/\/www.grandsformats.com\/#\/schema\/person\/image\/\",\"url\":\"https:\/\/secure.gravatar.com\/avatar\/6d52edecb86835c2b7e81a2cdb8965ae325b4045b44f9043177428c622c06643?s=96&d=mm&r=g\",\"contentUrl\":\"https:\/\/secure.gravatar.com\/avatar\/6d52edecb86835c2b7e81a2cdb8965ae325b4045b44f9043177428c622c06643?s=96&d=mm&r=g\",\"caption\":\"Laura Hanequand - Grands Formats\"},\"url\":\"https:\/\/www.grandsformats.com\/en\/author\/lauragrandsformats-com\/\"}]}<\/script>\n<!-- \/ Yoast SEO plugin. -->","yoast_head_json":{"title":"La Fanfare du Contrevent : Un album et des festivals ! - Site officiel de la f\u00e9d\u00e9ration Grands Formats","description":"Le premier album de la Fanfare du Contrevent, \"Ondulophones\" sort le 4 juillet !Il est disponible \u00e0 la vente sur le Bandcamp d\u00e9di\u00e9...","robots":{"index":"index","follow":"follow","max-snippet":"max-snippet:-1","max-image-preview":"max-image-preview:large","max-video-preview":"max-video-preview:-1"},"canonical":"https:\/\/www.grandsformats.com\/2025\/07\/la-fanfare-du-contrevent-un-album-et-des-festivals\/","og_locale":"en_US","og_type":"article","og_title":"La Fanfare du Contrevent : Un album et des festivals ! - Site officiel de la f\u00e9d\u00e9ration Grands Formats","og_description":"Le premier album de la Fanfare du Contrevent, \"Ondulophones\" sort le 4 juillet !Il est disponible \u00e0 la vente sur le Bandcamp d\u00e9di\u00e9...","og_url":"https:\/\/www.grandsformats.com\/2025\/07\/la-fanfare-du-contrevent-un-album-et-des-festivals\/","og_site_name":"Site officiel de la f\u00e9d\u00e9ration Grands Formats","article_publisher":"https:\/\/www.facebook.com\/grandsformats\/","article_published_time":"2025-07-09T16:31:32+00:00","article_modified_time":"2025-07-09T16:32:41+00:00","og_image":[{"width":1024,"height":576,"url":"https:\/\/www.grandsformats.com\/wp-content\/uploads\/2025\/07\/169Fanfareducontrevent-Francesca-Raimondo-1024x576.png","type":"image\/png"}],"author":"Laura Hanequand - Grands Formats","twitter_card":"summary_large_image","twitter_creator":"@GrandsFormatsGF","twitter_site":"@GrandsFormatsGF","twitter_misc":{"Written by":"Laura Hanequand - Grands Formats","Est. reading time":"1 minute"},"schema":{"@context":"https:\/\/schema.org","@graph":[{"@type":"Article","@id":"https:\/\/www.grandsformats.com\/2025\/07\/la-fanfare-du-contrevent-un-album-et-des-festivals\/#article","isPartOf":{"@id":"https:\/\/www.grandsformats.com\/2025\/07\/la-fanfare-du-contrevent-un-album-et-des-festivals\/"},"author":{"name":"Laura Hanequand - Grands Formats","@id":"https:\/\/www.grandsformats.com\/#\/schema\/person\/56c2866069b6967b2c7becd25c9b4dbb"},"headline":"La Fanfare du Contrevent : Un album et des festivals !","datePublished":"2025-07-09T16:31:32+00:00","dateModified":"2025-07-09T16:32:41+00:00","mainEntityOfPage":{"@id":"https:\/\/www.grandsformats.com\/2025\/07\/la-fanfare-du-contrevent-un-album-et-des-festivals\/"},"wordCount":108,"commentCount":0,"publisher":{"@id":"https:\/\/www.grandsformats.com\/#organization"},"image":{"@id":"https:\/\/www.grandsformats.com\/2025\/07\/la-fanfare-du-contrevent-un-album-et-des-festivals\/#primaryimage"},"thumbnailUrl":"https:\/\/www.grandsformats.com\/wp-content\/uploads\/2025\/07\/169Fanfareducontrevent-Francesca-Raimondo.png","articleSection":["Actus des membres","la Fanfare du Contrevent"],"inLanguage":"en-US","potentialAction":[{"@type":"CommentAction","name":"Comment","target":["https:\/\/www.grandsformats.com\/2025\/07\/la-fanfare-du-contrevent-un-album-et-des-festivals\/#respond"]}]},{"@type":"WebPage","@id":"https:\/\/www.grandsformats.com\/2025\/07\/la-fanfare-du-contrevent-un-album-et-des-festivals\/","url":"https:\/\/www.grandsformats.com\/2025\/07\/la-fanfare-du-contrevent-un-album-et-des-festivals\/","name":"La Fanfare du Contrevent : Un album et des festivals ! - Site officiel de la f\u00e9d\u00e9ration Grands Formats","isPartOf":{"@id":"https:\/\/www.grandsformats.com\/#website"},"primaryImageOfPage":{"@id":"https:\/\/www.grandsformats.com\/2025\/07\/la-fanfare-du-contrevent-un-album-et-des-festivals\/#primaryimage"},"image":{"@id":"https:\/\/www.grandsformats.com\/2025\/07\/la-fanfare-du-contrevent-un-album-et-des-festivals\/#primaryimage"},"thumbnailUrl":"https:\/\/www.grandsformats.com\/wp-content\/uploads\/2025\/07\/169Fanfareducontrevent-Francesca-Raimondo.png","datePublished":"2025-07-09T16:31:32+00:00","dateModified":"2025-07-09T16:32:41+00:00","description":"Le premier album de la Fanfare du Contrevent, \"Ondulophones\" sort le 4 juillet !Il est disponible \u00e0 la vente sur le Bandcamp d\u00e9di\u00e9...","breadcrumb":{"@id":"https:\/\/www.grandsformats.com\/2025\/07\/la-fanfare-du-contrevent-un-album-et-des-festivals\/#breadcrumb"},"inLanguage":"en-US","potentialAction":[{"@type":"ReadAction","target":["https:\/\/www.grandsformats.com\/2025\/07\/la-fanfare-du-contrevent-un-album-et-des-festivals\/"]}]},{"@type":"ImageObject","inLanguage":"en-US","@id":"https:\/\/www.grandsformats.com\/2025\/07\/la-fanfare-du-contrevent-un-album-et-des-festivals\/#primaryimage","url":"https:\/\/www.grandsformats.com\/wp-content\/uploads\/2025\/07\/169Fanfareducontrevent-Francesca-Raimondo.png","contentUrl":"https:\/\/www.grandsformats.com\/wp-content\/uploads\/2025\/07\/169Fanfareducontrevent-Francesca-Raimondo.png","width":1920,"height":1080,"caption":"La Fanfare du Contrevent"},{"@type":"BreadcrumbList","@id":"https:\/\/www.grandsformats.com\/2025\/07\/la-fanfare-du-contrevent-un-album-et-des-festivals\/#breadcrumb","itemListElement":[{"@type":"ListItem","position":1,"name":"Accueil","item":"https:\/\/www.grandsformats.com\/en\/"},{"@type":"ListItem","position":2,"name":"La Fanfare du Contrevent : Un album et des festivals !"}]},{"@type":"WebSite","@id":"https:\/\/www.grandsformats.com\/#website","url":"https:\/\/www.grandsformats.com\/","name":"Site officiel de la f\u00e9d\u00e9ration Grands Formats","description":"F\u00e9d\u00e9ration d&#039;artistes pour la musique en grand !","publisher":{"@id":"https:\/\/www.grandsformats.com\/#organization"},"potentialAction":[{"@type":"SearchAction","target":{"@type":"EntryPoint","urlTemplate":"https:\/\/www.grandsformats.com\/?s={search_term_string}"},"query-input":{"@type":"PropertyValueSpecification","valueRequired":true,"valueName":"search_term_string"}}],"inLanguage":"en-US"},{"@type":"Organization","@id":"https:\/\/www.grandsformats.com\/#organization","name":"Grands Formats","url":"https:\/\/www.grandsformats.com\/","logo":{"@type":"ImageObject","inLanguage":"en-US","@id":"https:\/\/www.grandsformats.com\/#\/schema\/logo\/image\/","url":"https:\/\/www.grandsformats.com\/wp-content\/uploads\/2020\/03\/logo-GF-200.png","contentUrl":"https:\/\/www.grandsformats.com\/wp-content\/uploads\/2020\/03\/logo-GF-200.png","width":155,"height":200,"caption":"Grands Formats"},"image":{"@id":"https:\/\/www.grandsformats.com\/#\/schema\/logo\/image\/"},"sameAs":["https:\/\/www.facebook.com\/grandsformats\/","https:\/\/x.com\/GrandsFormatsGF","https:\/\/www.instagram.com\/grandsformats\/","https:\/\/www.youtube.com\/channel\/UCJ7k9dbqc_DG-nxI3WMPvhw?view_as=subscriberhttps:\/\/www.youtube.com\/channel\/UCJ7k9dbqc_DG-nxI3WMPvhw?view_as=subscriber"]},{"@type":"Person","@id":"https:\/\/www.grandsformats.com\/#\/schema\/person\/56c2866069b6967b2c7becd25c9b4dbb","name":"Laura Hanequand - Grands Formats","image":{"@type":"ImageObject","inLanguage":"en-US","@id":"https:\/\/www.grandsformats.com\/#\/schema\/person\/image\/","url":"https:\/\/secure.gravatar.com\/avatar\/6d52edecb86835c2b7e81a2cdb8965ae325b4045b44f9043177428c622c06643?s=96&d=mm&r=g","contentUrl":"https:\/\/secure.gravatar.com\/avatar\/6d52edecb86835c2b7e81a2cdb8965ae325b4045b44f9043177428c622c06643?s=96&d=mm&r=g","caption":"Laura Hanequand - Grands Formats"},"url":"https:\/\/www.grandsformats.com\/en\/author\/lauragrandsformats-com\/"}]}},"_links":{"self":[{"href":"https:\/\/www.grandsformats.com\/en\/wp-json\/wp\/v2\/posts\/32658","targetHints":{"allow":["GET"]}}],"collection":[{"href":"https:\/\/www.grandsformats.com\/en\/wp-json\/wp\/v2\/posts"}],"about":[{"href":"https:\/\/www.grandsformats.com\/en\/wp-json\/wp\/v2\/types\/post"}],"author":[{"embeddable":true,"href":"https:\/\/www.grandsformats.com\/en\/wp-json\/wp\/v2\/users\/161"}],"replies":[{"embeddable":true,"href":"https:\/\/www.grandsformats.com\/en\/wp-json\/wp\/v2\/comments?post=32658"}],"version-history":[{"count":3,"href":"https:\/\/www.grandsformats.com\/en\/wp-json\/wp\/v2\/posts\/32658\/revisions"}],"predecessor-version":[{"id":32664,"href":"https:\/\/www.grandsformats.com\/en\/wp-json\/wp\/v2\/posts\/32658\/revisions\/32664"}],"wp:featuredmedia":[{"embeddable":true,"href":"https:\/\/www.grandsformats.com\/en\/wp-json\/wp\/v2\/media\/32660"}],"wp:attachment":[{"href":"https:\/\/www.grandsformats.com\/en\/wp-json\/wp\/v2\/media?parent=32658"}],"wp:term":[{"taxonomy":"category","embeddable":true,"href":"https:\/\/www.grandsformats.com\/en\/wp-json\/wp\/v2\/categories?post=32658"},{"taxonomy":"post_tag","embeddable":true,"href":"https:\/\/www.grandsformats.com\/en\/wp-json\/wp\/v2\/tags?post=32658"}],"curies":[{"name":"wp","href":"https:\/\/api.w.org\/{rel}","templated":true}]}}