{"id":32352,"date":"2025-06-02T12:16:09","date_gmt":"2025-06-02T10:16:09","guid":{"rendered":"https:\/\/www.grandsformats.com\/?p=32352"},"modified":"2025-06-02T12:16:09","modified_gmt":"2025-06-02T10:16:09","slug":"leila-olivesi-octet-le-tour-du-monde-en-80-lunes","status":"publish","type":"post","link":"https:\/\/www.grandsformats.com\/en\/2025\/06\/leila-olivesi-octet-le-tour-du-monde-en-80-lunes\/","title":{"rendered":"Le\u00efla Olivesi Octet &#8211; Le Tour du monde en 80 lunes"},"content":{"rendered":"<p>La nouvelle oeuvre pour choeur et ensemble jazz de Le\u00efla Olivesi sera cr\u00e9\u00e9e les 3 et 5 juin \u00e0 la Seine Musicale. Une fantaisie lyrique jazz command\u00e9e pour le choeur VOCO de jeunes coll\u00e9giens des Hauts-de-Seine.<br \/>\nC&#8217;est l&#8217;histoire d&#8217;une tortue marine de l&#8217;Oc\u00e9an Indien qui se d\u00e9cide \u00e0 faire le tour du monde. Au fil de ce voyage initiatique, elle entend des proverbes et des dictons du monde entier, croise une sorci\u00e8re du d\u00e9sert du Sahara et d\u00e9couvre le paradis des tortues en Corse avant de traverser le d\u00e9troit de Gibraltar et&#8230; venez \u00e9couter la suite !<br \/>\nUn beau voyage port\u00e9 par l&#8217;enthousiasme des 500 colll\u00e9giens avec lesquels Le\u00efla Olivesi a travaill\u00e9 tout au long de l&#8217;ann\u00e9e avec Lucie Larnicol, excellente cheffe de choeur, et par un flamboyant ensemble instrumental.<\/p>\n<p>Adrien Sanchez \u2013 saxophones et fl\u00fbte<br \/>\nBalthazar Naturel \u2013 cor anglais &amp; saxophone t\u00e9nor<br \/>\nJean-Charles Richard \u2013 saxophone baryton &amp; soprano<br \/>\nManu Codjia \u2013 guitare<br \/>\nYoni Zelnik \u2013 contrebasse<br \/>\nDonald Kontomanou \u2013 batterie<br \/>\nLe\u00efla Olivesi \u2013 piano, composition, livret, direction artistique<br \/>\nErwan Boulay &#8211; son<br \/>\nLucie Larnicol &#8211; cheffe de choeur<br \/>\nCr\u00e9ation vid\u00e9o : Michael B-Bailey, Renaud Chabrier, Ecole MJM Graphic Design \u00e0 Strasbourg<br \/>\nCom\u00e9diens : Camille Lhermite et Lucas Mabilat<\/p>\n<p><strong><a href=\"https:\/\/bfan.link\/joy-10\"><span style=\"text-decoration: underline;\">&gt; \u00c9couter le single &#8220;JOY&#8221;<\/span>\u00a0<\/a><\/strong><\/p>\n<p><span style=\"font-size: 10pt;\">\u00a9 Fatiha Rahou<\/span><\/p>\n","protected":false},"excerpt":{"rendered":"<p>La nouvelle oeuvre pour choeur et ensemble jazz de Le\u00efla Olivesi sera cr\u00e9\u00e9e les 3 et 5 juin \u00e0 la Seine Musicale. Une fantaisie lyrique jazz command\u00e9e pour le choeur VOCO de jeunes coll\u00e9giens des Hauts-de-Seine. C&#8217;est l&#8217;histoire d&#8217;une tortue marine de l&#8217;Oc\u00e9an Indien qui se d\u00e9cide \u00e0 faire le tour du monde. Au fil&#8230;<\/p>\n<p><a rel=\"bookmark\" class=\"theme-button-text wvc-button wvc-button-size-xs\" href=\"https:\/\/www.grandsformats.com\/en\/2025\/06\/leila-olivesi-octet-le-tour-du-monde-en-80-lunes\/\"><small class=\"wvc-button-background-fill\"><\/small><span>Continue reading<\/span><\/a><\/p>\n","protected":false},"author":161,"featured_media":32353,"comment_status":"open","ping_status":"open","sticky":false,"template":"","format":"standard","meta":{"_acf_changed":false,"footnotes":""},"categories":[95,855],"tags":[],"class_list":["post-32352","post","type-post","status-publish","format-standard","has-post-thumbnail","hentry","category-membres","category-leila-olivesi-octet","entry-post-skin-light","entry","clearfix","entry-grid","entry-columns-default","entry-post-module-layout-sidebar-right","thumbnail-color-tone-dark","metro-landscape","entry-post","entry-masonry","entry-post-masonry"],"acf":[],"yoast_head":"<!-- This site is optimized with the Yoast SEO plugin v25.8 - https:\/\/yoast.com\/wordpress\/plugins\/seo\/ -->\n<title>Le\u00efla Olivesi Octet - Le Tour du monde en 80 lunes - Site officiel de la f\u00e9d\u00e9ration Grands Formats<\/title>\n<meta name=\"description\" content=\"La nouvelle oeuvre pour choeur et ensemble jazz de Le\u00efla Olivesi sera cr\u00e9\u00e9e les 3 et 5 juin \u00e0 la Seine Musicale. Une fantaisie lyrique...\" \/>\n<meta name=\"robots\" content=\"index, follow, max-snippet:-1, max-image-preview:large, max-video-preview:-1\" \/>\n<link rel=\"canonical\" href=\"https:\/\/www.grandsformats.com\/2025\/06\/leila-olivesi-octet-le-tour-du-monde-en-80-lunes\/\" \/>\n<meta property=\"og:locale\" content=\"en_US\" \/>\n<meta property=\"og:type\" content=\"article\" \/>\n<meta property=\"og:title\" content=\"Le\u00efla Olivesi Octet - Le Tour du monde en 80 lunes - Site officiel de la f\u00e9d\u00e9ration Grands Formats\" \/>\n<meta property=\"og:description\" content=\"La nouvelle oeuvre pour choeur et ensemble jazz de Le\u00efla Olivesi sera cr\u00e9\u00e9e les 3 et 5 juin \u00e0 la Seine Musicale. Une fantaisie lyrique...\" \/>\n<meta property=\"og:url\" content=\"https:\/\/www.grandsformats.com\/2025\/06\/leila-olivesi-octet-le-tour-du-monde-en-80-lunes\/\" \/>\n<meta property=\"og:site_name\" content=\"Site officiel de la f\u00e9d\u00e9ration Grands Formats\" \/>\n<meta property=\"article:publisher\" content=\"https:\/\/www.facebook.com\/grandsformats\/\" \/>\n<meta property=\"article:published_time\" content=\"2025-06-02T10:16:09+00:00\" \/>\n<meta property=\"og:image\" content=\"https:\/\/www.grandsformats.com\/wp-content\/uploads\/2025\/06\/169aurore.jpg\" \/>\n\t<meta property=\"og:image:width\" content=\"1920\" \/>\n\t<meta property=\"og:image:height\" content=\"1079\" \/>\n\t<meta property=\"og:image:type\" content=\"image\/jpeg\" \/>\n<meta name=\"author\" content=\"Laura Hanequand - Grands Formats\" \/>\n<meta name=\"twitter:card\" content=\"summary_large_image\" \/>\n<meta name=\"twitter:creator\" content=\"@GrandsFormatsGF\" \/>\n<meta name=\"twitter:site\" content=\"@GrandsFormatsGF\" \/>\n<meta name=\"twitter:label1\" content=\"Written by\" \/>\n\t<meta name=\"twitter:data1\" content=\"Laura Hanequand - Grands Formats\" \/>\n\t<meta name=\"twitter:label2\" content=\"Est. reading time\" \/>\n\t<meta name=\"twitter:data2\" content=\"2 minutes\" \/>\n<script type=\"application\/ld+json\" class=\"yoast-schema-graph\">{\"@context\":\"https:\/\/schema.org\",\"@graph\":[{\"@type\":\"Article\",\"@id\":\"https:\/\/www.grandsformats.com\/2025\/06\/leila-olivesi-octet-le-tour-du-monde-en-80-lunes\/#article\",\"isPartOf\":{\"@id\":\"https:\/\/www.grandsformats.com\/2025\/06\/leila-olivesi-octet-le-tour-du-monde-en-80-lunes\/\"},\"author\":{\"name\":\"Laura Hanequand - Grands Formats\",\"@id\":\"https:\/\/www.grandsformats.com\/#\/schema\/person\/56c2866069b6967b2c7becd25c9b4dbb\"},\"headline\":\"Le\u00efla Olivesi Octet &#8211; Le Tour du monde en 80 lunes\",\"datePublished\":\"2025-06-02T10:16:09+00:00\",\"mainEntityOfPage\":{\"@id\":\"https:\/\/www.grandsformats.com\/2025\/06\/leila-olivesi-octet-le-tour-du-monde-en-80-lunes\/\"},\"wordCount\":228,\"commentCount\":0,\"publisher\":{\"@id\":\"https:\/\/www.grandsformats.com\/#organization\"},\"image\":{\"@id\":\"https:\/\/www.grandsformats.com\/2025\/06\/leila-olivesi-octet-le-tour-du-monde-en-80-lunes\/#primaryimage\"},\"thumbnailUrl\":\"https:\/\/www.grandsformats.com\/wp-content\/uploads\/2025\/06\/169aurore.jpg\",\"articleSection\":[\"Actus des membres\",\"Le\u00efla Olivesi Octet\"],\"inLanguage\":\"en-US\",\"potentialAction\":[{\"@type\":\"CommentAction\",\"name\":\"Comment\",\"target\":[\"https:\/\/www.grandsformats.com\/2025\/06\/leila-olivesi-octet-le-tour-du-monde-en-80-lunes\/#respond\"]}]},{\"@type\":\"WebPage\",\"@id\":\"https:\/\/www.grandsformats.com\/2025\/06\/leila-olivesi-octet-le-tour-du-monde-en-80-lunes\/\",\"url\":\"https:\/\/www.grandsformats.com\/2025\/06\/leila-olivesi-octet-le-tour-du-monde-en-80-lunes\/\",\"name\":\"Le\u00efla Olivesi Octet - Le Tour du monde en 80 lunes - Site officiel de la f\u00e9d\u00e9ration Grands Formats\",\"isPartOf\":{\"@id\":\"https:\/\/www.grandsformats.com\/#website\"},\"primaryImageOfPage\":{\"@id\":\"https:\/\/www.grandsformats.com\/2025\/06\/leila-olivesi-octet-le-tour-du-monde-en-80-lunes\/#primaryimage\"},\"image\":{\"@id\":\"https:\/\/www.grandsformats.com\/2025\/06\/leila-olivesi-octet-le-tour-du-monde-en-80-lunes\/#primaryimage\"},\"thumbnailUrl\":\"https:\/\/www.grandsformats.com\/wp-content\/uploads\/2025\/06\/169aurore.jpg\",\"datePublished\":\"2025-06-02T10:16:09+00:00\",\"description\":\"La nouvelle oeuvre pour choeur et ensemble jazz de Le\u00efla Olivesi sera cr\u00e9\u00e9e les 3 et 5 juin \u00e0 la Seine Musicale. Une fantaisie lyrique...\",\"breadcrumb\":{\"@id\":\"https:\/\/www.grandsformats.com\/2025\/06\/leila-olivesi-octet-le-tour-du-monde-en-80-lunes\/#breadcrumb\"},\"inLanguage\":\"en-US\",\"potentialAction\":[{\"@type\":\"ReadAction\",\"target\":[\"https:\/\/www.grandsformats.com\/2025\/06\/leila-olivesi-octet-le-tour-du-monde-en-80-lunes\/\"]}]},{\"@type\":\"ImageObject\",\"inLanguage\":\"en-US\",\"@id\":\"https:\/\/www.grandsformats.com\/2025\/06\/leila-olivesi-octet-le-tour-du-monde-en-80-lunes\/#primaryimage\",\"url\":\"https:\/\/www.grandsformats.com\/wp-content\/uploads\/2025\/06\/169aurore.jpg\",\"contentUrl\":\"https:\/\/www.grandsformats.com\/wp-content\/uploads\/2025\/06\/169aurore.jpg\",\"width\":1920,\"height\":1079,\"caption\":\"Le\u00efla olivesi octet\"},{\"@type\":\"BreadcrumbList\",\"@id\":\"https:\/\/www.grandsformats.com\/2025\/06\/leila-olivesi-octet-le-tour-du-monde-en-80-lunes\/#breadcrumb\",\"itemListElement\":[{\"@type\":\"ListItem\",\"position\":1,\"name\":\"Accueil\",\"item\":\"https:\/\/www.grandsformats.com\/en\/\"},{\"@type\":\"ListItem\",\"position\":2,\"name\":\"Le\u00efla Olivesi Octet &#8211; Le Tour du monde en 80 lunes\"}]},{\"@type\":\"WebSite\",\"@id\":\"https:\/\/www.grandsformats.com\/#website\",\"url\":\"https:\/\/www.grandsformats.com\/\",\"name\":\"Site officiel de la f\u00e9d\u00e9ration Grands Formats\",\"description\":\"F\u00e9d\u00e9ration d&#039;artistes pour la musique en grand !\",\"publisher\":{\"@id\":\"https:\/\/www.grandsformats.com\/#organization\"},\"potentialAction\":[{\"@type\":\"SearchAction\",\"target\":{\"@type\":\"EntryPoint\",\"urlTemplate\":\"https:\/\/www.grandsformats.com\/?s={search_term_string}\"},\"query-input\":{\"@type\":\"PropertyValueSpecification\",\"valueRequired\":true,\"valueName\":\"search_term_string\"}}],\"inLanguage\":\"en-US\"},{\"@type\":\"Organization\",\"@id\":\"https:\/\/www.grandsformats.com\/#organization\",\"name\":\"Grands Formats\",\"url\":\"https:\/\/www.grandsformats.com\/\",\"logo\":{\"@type\":\"ImageObject\",\"inLanguage\":\"en-US\",\"@id\":\"https:\/\/www.grandsformats.com\/#\/schema\/logo\/image\/\",\"url\":\"https:\/\/www.grandsformats.com\/wp-content\/uploads\/2020\/03\/logo-GF-200.png\",\"contentUrl\":\"https:\/\/www.grandsformats.com\/wp-content\/uploads\/2020\/03\/logo-GF-200.png\",\"width\":155,\"height\":200,\"caption\":\"Grands Formats\"},\"image\":{\"@id\":\"https:\/\/www.grandsformats.com\/#\/schema\/logo\/image\/\"},\"sameAs\":[\"https:\/\/www.facebook.com\/grandsformats\/\",\"https:\/\/x.com\/GrandsFormatsGF\",\"https:\/\/www.instagram.com\/grandsformats\/\",\"https:\/\/www.youtube.com\/channel\/UCJ7k9dbqc_DG-nxI3WMPvhw?view_as=subscriberhttps:\/\/www.youtube.com\/channel\/UCJ7k9dbqc_DG-nxI3WMPvhw?view_as=subscriber\"]},{\"@type\":\"Person\",\"@id\":\"https:\/\/www.grandsformats.com\/#\/schema\/person\/56c2866069b6967b2c7becd25c9b4dbb\",\"name\":\"Laura Hanequand - Grands Formats\",\"image\":{\"@type\":\"ImageObject\",\"inLanguage\":\"en-US\",\"@id\":\"https:\/\/www.grandsformats.com\/#\/schema\/person\/image\/\",\"url\":\"https:\/\/secure.gravatar.com\/avatar\/6d52edecb86835c2b7e81a2cdb8965ae325b4045b44f9043177428c622c06643?s=96&d=mm&r=g\",\"contentUrl\":\"https:\/\/secure.gravatar.com\/avatar\/6d52edecb86835c2b7e81a2cdb8965ae325b4045b44f9043177428c622c06643?s=96&d=mm&r=g\",\"caption\":\"Laura Hanequand - Grands Formats\"},\"url\":\"https:\/\/www.grandsformats.com\/en\/author\/lauragrandsformats-com\/\"}]}<\/script>\n<!-- \/ Yoast SEO plugin. -->","yoast_head_json":{"title":"Le\u00efla Olivesi Octet - Le Tour du monde en 80 lunes - Site officiel de la f\u00e9d\u00e9ration Grands Formats","description":"La nouvelle oeuvre pour choeur et ensemble jazz de Le\u00efla Olivesi sera cr\u00e9\u00e9e les 3 et 5 juin \u00e0 la Seine Musicale. Une fantaisie lyrique...","robots":{"index":"index","follow":"follow","max-snippet":"max-snippet:-1","max-image-preview":"max-image-preview:large","max-video-preview":"max-video-preview:-1"},"canonical":"https:\/\/www.grandsformats.com\/2025\/06\/leila-olivesi-octet-le-tour-du-monde-en-80-lunes\/","og_locale":"en_US","og_type":"article","og_title":"Le\u00efla Olivesi Octet - Le Tour du monde en 80 lunes - Site officiel de la f\u00e9d\u00e9ration Grands Formats","og_description":"La nouvelle oeuvre pour choeur et ensemble jazz de Le\u00efla Olivesi sera cr\u00e9\u00e9e les 3 et 5 juin \u00e0 la Seine Musicale. Une fantaisie lyrique...","og_url":"https:\/\/www.grandsformats.com\/2025\/06\/leila-olivesi-octet-le-tour-du-monde-en-80-lunes\/","og_site_name":"Site officiel de la f\u00e9d\u00e9ration Grands Formats","article_publisher":"https:\/\/www.facebook.com\/grandsformats\/","article_published_time":"2025-06-02T10:16:09+00:00","og_image":[{"width":1920,"height":1079,"url":"https:\/\/www.grandsformats.com\/wp-content\/uploads\/2025\/06\/169aurore.jpg","type":"image\/jpeg"}],"author":"Laura Hanequand - Grands Formats","twitter_card":"summary_large_image","twitter_creator":"@GrandsFormatsGF","twitter_site":"@GrandsFormatsGF","twitter_misc":{"Written by":"Laura Hanequand - Grands Formats","Est. reading time":"2 minutes"},"schema":{"@context":"https:\/\/schema.org","@graph":[{"@type":"Article","@id":"https:\/\/www.grandsformats.com\/2025\/06\/leila-olivesi-octet-le-tour-du-monde-en-80-lunes\/#article","isPartOf":{"@id":"https:\/\/www.grandsformats.com\/2025\/06\/leila-olivesi-octet-le-tour-du-monde-en-80-lunes\/"},"author":{"name":"Laura Hanequand - Grands Formats","@id":"https:\/\/www.grandsformats.com\/#\/schema\/person\/56c2866069b6967b2c7becd25c9b4dbb"},"headline":"Le\u00efla Olivesi Octet &#8211; Le Tour du monde en 80 lunes","datePublished":"2025-06-02T10:16:09+00:00","mainEntityOfPage":{"@id":"https:\/\/www.grandsformats.com\/2025\/06\/leila-olivesi-octet-le-tour-du-monde-en-80-lunes\/"},"wordCount":228,"commentCount":0,"publisher":{"@id":"https:\/\/www.grandsformats.com\/#organization"},"image":{"@id":"https:\/\/www.grandsformats.com\/2025\/06\/leila-olivesi-octet-le-tour-du-monde-en-80-lunes\/#primaryimage"},"thumbnailUrl":"https:\/\/www.grandsformats.com\/wp-content\/uploads\/2025\/06\/169aurore.jpg","articleSection":["Actus des membres","Le\u00efla Olivesi Octet"],"inLanguage":"en-US","potentialAction":[{"@type":"CommentAction","name":"Comment","target":["https:\/\/www.grandsformats.com\/2025\/06\/leila-olivesi-octet-le-tour-du-monde-en-80-lunes\/#respond"]}]},{"@type":"WebPage","@id":"https:\/\/www.grandsformats.com\/2025\/06\/leila-olivesi-octet-le-tour-du-monde-en-80-lunes\/","url":"https:\/\/www.grandsformats.com\/2025\/06\/leila-olivesi-octet-le-tour-du-monde-en-80-lunes\/","name":"Le\u00efla Olivesi Octet - Le Tour du monde en 80 lunes - Site officiel de la f\u00e9d\u00e9ration Grands Formats","isPartOf":{"@id":"https:\/\/www.grandsformats.com\/#website"},"primaryImageOfPage":{"@id":"https:\/\/www.grandsformats.com\/2025\/06\/leila-olivesi-octet-le-tour-du-monde-en-80-lunes\/#primaryimage"},"image":{"@id":"https:\/\/www.grandsformats.com\/2025\/06\/leila-olivesi-octet-le-tour-du-monde-en-80-lunes\/#primaryimage"},"thumbnailUrl":"https:\/\/www.grandsformats.com\/wp-content\/uploads\/2025\/06\/169aurore.jpg","datePublished":"2025-06-02T10:16:09+00:00","description":"La nouvelle oeuvre pour choeur et ensemble jazz de Le\u00efla Olivesi sera cr\u00e9\u00e9e les 3 et 5 juin \u00e0 la Seine Musicale. Une fantaisie lyrique...","breadcrumb":{"@id":"https:\/\/www.grandsformats.com\/2025\/06\/leila-olivesi-octet-le-tour-du-monde-en-80-lunes\/#breadcrumb"},"inLanguage":"en-US","potentialAction":[{"@type":"ReadAction","target":["https:\/\/www.grandsformats.com\/2025\/06\/leila-olivesi-octet-le-tour-du-monde-en-80-lunes\/"]}]},{"@type":"ImageObject","inLanguage":"en-US","@id":"https:\/\/www.grandsformats.com\/2025\/06\/leila-olivesi-octet-le-tour-du-monde-en-80-lunes\/#primaryimage","url":"https:\/\/www.grandsformats.com\/wp-content\/uploads\/2025\/06\/169aurore.jpg","contentUrl":"https:\/\/www.grandsformats.com\/wp-content\/uploads\/2025\/06\/169aurore.jpg","width":1920,"height":1079,"caption":"Le\u00efla olivesi octet"},{"@type":"BreadcrumbList","@id":"https:\/\/www.grandsformats.com\/2025\/06\/leila-olivesi-octet-le-tour-du-monde-en-80-lunes\/#breadcrumb","itemListElement":[{"@type":"ListItem","position":1,"name":"Accueil","item":"https:\/\/www.grandsformats.com\/en\/"},{"@type":"ListItem","position":2,"name":"Le\u00efla Olivesi Octet &#8211; Le Tour du monde en 80 lunes"}]},{"@type":"WebSite","@id":"https:\/\/www.grandsformats.com\/#website","url":"https:\/\/www.grandsformats.com\/","name":"Site officiel de la f\u00e9d\u00e9ration Grands Formats","description":"F\u00e9d\u00e9ration d&#039;artistes pour la musique en grand !","publisher":{"@id":"https:\/\/www.grandsformats.com\/#organization"},"potentialAction":[{"@type":"SearchAction","target":{"@type":"EntryPoint","urlTemplate":"https:\/\/www.grandsformats.com\/?s={search_term_string}"},"query-input":{"@type":"PropertyValueSpecification","valueRequired":true,"valueName":"search_term_string"}}],"inLanguage":"en-US"},{"@type":"Organization","@id":"https:\/\/www.grandsformats.com\/#organization","name":"Grands Formats","url":"https:\/\/www.grandsformats.com\/","logo":{"@type":"ImageObject","inLanguage":"en-US","@id":"https:\/\/www.grandsformats.com\/#\/schema\/logo\/image\/","url":"https:\/\/www.grandsformats.com\/wp-content\/uploads\/2020\/03\/logo-GF-200.png","contentUrl":"https:\/\/www.grandsformats.com\/wp-content\/uploads\/2020\/03\/logo-GF-200.png","width":155,"height":200,"caption":"Grands Formats"},"image":{"@id":"https:\/\/www.grandsformats.com\/#\/schema\/logo\/image\/"},"sameAs":["https:\/\/www.facebook.com\/grandsformats\/","https:\/\/x.com\/GrandsFormatsGF","https:\/\/www.instagram.com\/grandsformats\/","https:\/\/www.youtube.com\/channel\/UCJ7k9dbqc_DG-nxI3WMPvhw?view_as=subscriberhttps:\/\/www.youtube.com\/channel\/UCJ7k9dbqc_DG-nxI3WMPvhw?view_as=subscriber"]},{"@type":"Person","@id":"https:\/\/www.grandsformats.com\/#\/schema\/person\/56c2866069b6967b2c7becd25c9b4dbb","name":"Laura Hanequand - Grands Formats","image":{"@type":"ImageObject","inLanguage":"en-US","@id":"https:\/\/www.grandsformats.com\/#\/schema\/person\/image\/","url":"https:\/\/secure.gravatar.com\/avatar\/6d52edecb86835c2b7e81a2cdb8965ae325b4045b44f9043177428c622c06643?s=96&d=mm&r=g","contentUrl":"https:\/\/secure.gravatar.com\/avatar\/6d52edecb86835c2b7e81a2cdb8965ae325b4045b44f9043177428c622c06643?s=96&d=mm&r=g","caption":"Laura Hanequand - Grands Formats"},"url":"https:\/\/www.grandsformats.com\/en\/author\/lauragrandsformats-com\/"}]}},"_links":{"self":[{"href":"https:\/\/www.grandsformats.com\/en\/wp-json\/wp\/v2\/posts\/32352","targetHints":{"allow":["GET"]}}],"collection":[{"href":"https:\/\/www.grandsformats.com\/en\/wp-json\/wp\/v2\/posts"}],"about":[{"href":"https:\/\/www.grandsformats.com\/en\/wp-json\/wp\/v2\/types\/post"}],"author":[{"embeddable":true,"href":"https:\/\/www.grandsformats.com\/en\/wp-json\/wp\/v2\/users\/161"}],"replies":[{"embeddable":true,"href":"https:\/\/www.grandsformats.com\/en\/wp-json\/wp\/v2\/comments?post=32352"}],"version-history":[{"count":2,"href":"https:\/\/www.grandsformats.com\/en\/wp-json\/wp\/v2\/posts\/32352\/revisions"}],"predecessor-version":[{"id":32356,"href":"https:\/\/www.grandsformats.com\/en\/wp-json\/wp\/v2\/posts\/32352\/revisions\/32356"}],"wp:featuredmedia":[{"embeddable":true,"href":"https:\/\/www.grandsformats.com\/en\/wp-json\/wp\/v2\/media\/32353"}],"wp:attachment":[{"href":"https:\/\/www.grandsformats.com\/en\/wp-json\/wp\/v2\/media?parent=32352"}],"wp:term":[{"taxonomy":"category","embeddable":true,"href":"https:\/\/www.grandsformats.com\/en\/wp-json\/wp\/v2\/categories?post=32352"},{"taxonomy":"post_tag","embeddable":true,"href":"https:\/\/www.grandsformats.com\/en\/wp-json\/wp\/v2\/tags?post=32352"}],"curies":[{"name":"wp","href":"https:\/\/api.w.org\/{rel}","templated":true}]}}