{"id":32342,"date":"2025-05-28T16:04:51","date_gmt":"2025-05-28T14:04:51","guid":{"rendered":"https:\/\/www.grandsformats.com\/?p=32342"},"modified":"2025-05-28T16:04:51","modified_gmt":"2025-05-28T14:04:51","slug":"loubli-release-pauline-leblond-double-quartet-invites-mathieu-najean-and-timothe-le-maire","status":"publish","type":"post","link":"https:\/\/www.grandsformats.com\/en\/2025\/05\/loubli-release-pauline-leblond-double-quartet-invites-mathieu-najean-and-timothe-le-maire\/","title":{"rendered":"&#8220;L&#8217;OUBLI&#8221; Release \/\/ Pauline Leblond Double Quartet invites Mathieu Najean and Timoth\u00e9 le Maire"},"content":{"rendered":"<p>Trumpeter and composer Pauline Leblond brings together two musical worlds that rarely meet: the expressive freedom of jazz and the refined architecture of baroque music. At the head of her Double Quartet, she merges a string quartet with a jazz quartet to create a sound that is both sophisticated and emotionally rich. Through original compositions and inspired arrangements, she weaves connections between fugue and improvisation, swing and counterpoint, baroque dance and contemporary textures.<br \/>\nIn an expanded version of the ensemble, Pauline Leblond Double Quartet invites Mathieu Najean (saxes, clarinet and bassoon) and Timoth\u00e9 le Maire (trombone) to explore broader soundscapes.<br \/>\nThis special formation will present a new album in 2025 entitled &#8220;L\u2019oubli&#8221; \u2013 a contemplative and vibrant exploration of oblivion. A project that bridges centuries and timbres, inviting audiences on a timeless journey where tradition meets invention.<\/p>\n<p><strong>&#8211; Concert Release at Dinant Jazz Festival 26th of July &#8211;<\/strong><\/p>\n<p><span style=\"font-size: 10pt;\">Photo \u00a9 S\u00e9bastien Forthomme<\/span><br \/>\n<span style=\"font-size: 10pt;\">Artwork \u00a9 Marc Meeuwissen\u00a0<\/span><\/p>\n","protected":false},"excerpt":{"rendered":"<p>Trumpeter and composer Pauline Leblond brings together two musical worlds that rarely meet: the expressive freedom of jazz and the refined architecture of baroque music. At the head of her Double Quartet, she merges a string quartet with a jazz quartet to create a sound that is both sophisticated and emotionally rich. Through original compositions&#8230;<\/p>\n<p><a rel=\"bookmark\" class=\"theme-button-text wvc-button wvc-button-size-xs\" href=\"https:\/\/www.grandsformats.com\/en\/2025\/05\/loubli-release-pauline-leblond-double-quartet-invites-mathieu-najean-and-timothe-le-maire\/\"><small class=\"wvc-button-background-fill\"><\/small><span>Continue reading<\/span><\/a><\/p>\n","protected":false},"author":161,"featured_media":32343,"comment_status":"open","ping_status":"open","sticky":false,"template":"","format":"standard","meta":{"_acf_changed":false,"footnotes":""},"categories":[95,1205],"tags":[],"class_list":["post-32342","post","type-post","status-publish","format-standard","has-post-thumbnail","hentry","category-membres","category-pauline-leblond-double-quartet","entry-post-skin-light","entry","clearfix","entry-grid","entry-columns-default","entry-post-module-layout-sidebar-right","thumbnail-color-tone-dark","metro-landscape","entry-post","entry-masonry","entry-post-masonry"],"acf":[],"yoast_head":"<!-- This site is optimized with the Yoast SEO plugin v25.8 - https:\/\/yoast.com\/wordpress\/plugins\/seo\/ -->\n<title>&quot;L&#039;OUBLI&quot; Release \/\/ Pauline Leblond Double Quartet invites Mathieu Najean and Timoth\u00e9 le Maire - Site officiel de la f\u00e9d\u00e9ration Grands Formats<\/title>\n<meta name=\"description\" content=\"Trumpeter and composer Pauline Leblond brings together two musical worlds that rarely meet: the expressive freedom of jazz and...\" \/>\n<meta name=\"robots\" content=\"index, follow, max-snippet:-1, max-image-preview:large, max-video-preview:-1\" \/>\n<link rel=\"canonical\" href=\"https:\/\/www.grandsformats.com\/2025\/05\/loubli-release-pauline-leblond-double-quartet-invites-mathieu-najean-and-timothe-le-maire\/\" \/>\n<meta property=\"og:locale\" content=\"en_US\" \/>\n<meta property=\"og:type\" content=\"article\" \/>\n<meta property=\"og:title\" content=\"&quot;L&#039;OUBLI&quot; Release \/\/ Pauline Leblond Double Quartet invites Mathieu Najean and Timoth\u00e9 le Maire - Site officiel de la f\u00e9d\u00e9ration Grands Formats\" \/>\n<meta property=\"og:description\" content=\"Trumpeter and composer Pauline Leblond brings together two musical worlds that rarely meet: the expressive freedom of jazz and...\" \/>\n<meta property=\"og:url\" content=\"https:\/\/www.grandsformats.com\/2025\/05\/loubli-release-pauline-leblond-double-quartet-invites-mathieu-najean-and-timothe-le-maire\/\" \/>\n<meta property=\"og:site_name\" content=\"Site officiel de la f\u00e9d\u00e9ration Grands Formats\" \/>\n<meta property=\"article:publisher\" content=\"https:\/\/www.facebook.com\/grandsformats\/\" \/>\n<meta property=\"article:published_time\" content=\"2025-05-28T14:04:51+00:00\" \/>\n<meta property=\"og:image\" content=\"https:\/\/www.grandsformats.com\/wp-content\/uploads\/2025\/05\/169Copie-de-CD-cover-LOubli-\u00a9-Sebastien-ForthommeMarc-Meeuwissen.jpg\" \/>\n\t<meta property=\"og:image:width\" content=\"1920\" \/>\n\t<meta property=\"og:image:height\" content=\"1080\" \/>\n\t<meta property=\"og:image:type\" content=\"image\/jpeg\" \/>\n<meta name=\"author\" content=\"Laura Hanequand - Grands Formats\" \/>\n<meta name=\"twitter:card\" content=\"summary_large_image\" \/>\n<meta name=\"twitter:creator\" content=\"@GrandsFormatsGF\" \/>\n<meta name=\"twitter:site\" content=\"@GrandsFormatsGF\" \/>\n<meta name=\"twitter:label1\" content=\"Written by\" \/>\n\t<meta name=\"twitter:data1\" content=\"Laura Hanequand - Grands Formats\" \/>\n\t<meta name=\"twitter:label2\" content=\"Est. reading time\" \/>\n\t<meta name=\"twitter:data2\" content=\"1 minute\" \/>\n<script type=\"application\/ld+json\" class=\"yoast-schema-graph\">{\"@context\":\"https:\/\/schema.org\",\"@graph\":[{\"@type\":\"Article\",\"@id\":\"https:\/\/www.grandsformats.com\/2025\/05\/loubli-release-pauline-leblond-double-quartet-invites-mathieu-najean-and-timothe-le-maire\/#article\",\"isPartOf\":{\"@id\":\"https:\/\/www.grandsformats.com\/2025\/05\/loubli-release-pauline-leblond-double-quartet-invites-mathieu-najean-and-timothe-le-maire\/\"},\"author\":{\"name\":\"Laura Hanequand - Grands Formats\",\"@id\":\"https:\/\/www.grandsformats.com\/#\/schema\/person\/56c2866069b6967b2c7becd25c9b4dbb\"},\"headline\":\"&#8220;L&#8217;OUBLI&#8221; Release \/\/ Pauline Leblond Double Quartet invites Mathieu Najean and Timoth\u00e9 le Maire\",\"datePublished\":\"2025-05-28T14:04:51+00:00\",\"mainEntityOfPage\":{\"@id\":\"https:\/\/www.grandsformats.com\/2025\/05\/loubli-release-pauline-leblond-double-quartet-invites-mathieu-najean-and-timothe-le-maire\/\"},\"wordCount\":168,\"commentCount\":0,\"publisher\":{\"@id\":\"https:\/\/www.grandsformats.com\/#organization\"},\"image\":{\"@id\":\"https:\/\/www.grandsformats.com\/2025\/05\/loubli-release-pauline-leblond-double-quartet-invites-mathieu-najean-and-timothe-le-maire\/#primaryimage\"},\"thumbnailUrl\":\"https:\/\/www.grandsformats.com\/wp-content\/uploads\/2025\/05\/169Copie-de-CD-cover-LOubli-\u00a9-Sebastien-ForthommeMarc-Meeuwissen.jpg\",\"articleSection\":[\"Actus des membres\",\"Pauline Leblond Double Quartet\"],\"inLanguage\":\"en-US\",\"potentialAction\":[{\"@type\":\"CommentAction\",\"name\":\"Comment\",\"target\":[\"https:\/\/www.grandsformats.com\/2025\/05\/loubli-release-pauline-leblond-double-quartet-invites-mathieu-najean-and-timothe-le-maire\/#respond\"]}]},{\"@type\":\"WebPage\",\"@id\":\"https:\/\/www.grandsformats.com\/2025\/05\/loubli-release-pauline-leblond-double-quartet-invites-mathieu-najean-and-timothe-le-maire\/\",\"url\":\"https:\/\/www.grandsformats.com\/2025\/05\/loubli-release-pauline-leblond-double-quartet-invites-mathieu-najean-and-timothe-le-maire\/\",\"name\":\"\\\"L'OUBLI\\\" Release \/\/ Pauline Leblond Double Quartet invites Mathieu Najean and Timoth\u00e9 le Maire - Site officiel de la f\u00e9d\u00e9ration Grands Formats\",\"isPartOf\":{\"@id\":\"https:\/\/www.grandsformats.com\/#website\"},\"primaryImageOfPage\":{\"@id\":\"https:\/\/www.grandsformats.com\/2025\/05\/loubli-release-pauline-leblond-double-quartet-invites-mathieu-najean-and-timothe-le-maire\/#primaryimage\"},\"image\":{\"@id\":\"https:\/\/www.grandsformats.com\/2025\/05\/loubli-release-pauline-leblond-double-quartet-invites-mathieu-najean-and-timothe-le-maire\/#primaryimage\"},\"thumbnailUrl\":\"https:\/\/www.grandsformats.com\/wp-content\/uploads\/2025\/05\/169Copie-de-CD-cover-LOubli-\u00a9-Sebastien-ForthommeMarc-Meeuwissen.jpg\",\"datePublished\":\"2025-05-28T14:04:51+00:00\",\"description\":\"Trumpeter and composer Pauline Leblond brings together two musical worlds that rarely meet: the expressive freedom of jazz and...\",\"breadcrumb\":{\"@id\":\"https:\/\/www.grandsformats.com\/2025\/05\/loubli-release-pauline-leblond-double-quartet-invites-mathieu-najean-and-timothe-le-maire\/#breadcrumb\"},\"inLanguage\":\"en-US\",\"potentialAction\":[{\"@type\":\"ReadAction\",\"target\":[\"https:\/\/www.grandsformats.com\/2025\/05\/loubli-release-pauline-leblond-double-quartet-invites-mathieu-najean-and-timothe-le-maire\/\"]}]},{\"@type\":\"ImageObject\",\"inLanguage\":\"en-US\",\"@id\":\"https:\/\/www.grandsformats.com\/2025\/05\/loubli-release-pauline-leblond-double-quartet-invites-mathieu-najean-and-timothe-le-maire\/#primaryimage\",\"url\":\"https:\/\/www.grandsformats.com\/wp-content\/uploads\/2025\/05\/169Copie-de-CD-cover-LOubli-\u00a9-Sebastien-ForthommeMarc-Meeuwissen.jpg\",\"contentUrl\":\"https:\/\/www.grandsformats.com\/wp-content\/uploads\/2025\/05\/169Copie-de-CD-cover-LOubli-\u00a9-Sebastien-ForthommeMarc-Meeuwissen.jpg\",\"width\":1920,\"height\":1080,\"caption\":\"Pauline leblond double quartet\"},{\"@type\":\"BreadcrumbList\",\"@id\":\"https:\/\/www.grandsformats.com\/2025\/05\/loubli-release-pauline-leblond-double-quartet-invites-mathieu-najean-and-timothe-le-maire\/#breadcrumb\",\"itemListElement\":[{\"@type\":\"ListItem\",\"position\":1,\"name\":\"Accueil\",\"item\":\"https:\/\/www.grandsformats.com\/en\/\"},{\"@type\":\"ListItem\",\"position\":2,\"name\":\"\u00ab\u00a0L&rsquo;OUBLI\u00a0\u00bb Release \/\/ Pauline Leblond Double Quartet invites Mathieu Najean and Timoth\u00e9 le Maire\"}]},{\"@type\":\"WebSite\",\"@id\":\"https:\/\/www.grandsformats.com\/#website\",\"url\":\"https:\/\/www.grandsformats.com\/\",\"name\":\"Site officiel de la f\u00e9d\u00e9ration Grands Formats\",\"description\":\"F\u00e9d\u00e9ration d&#039;artistes pour la musique en grand !\",\"publisher\":{\"@id\":\"https:\/\/www.grandsformats.com\/#organization\"},\"potentialAction\":[{\"@type\":\"SearchAction\",\"target\":{\"@type\":\"EntryPoint\",\"urlTemplate\":\"https:\/\/www.grandsformats.com\/?s={search_term_string}\"},\"query-input\":{\"@type\":\"PropertyValueSpecification\",\"valueRequired\":true,\"valueName\":\"search_term_string\"}}],\"inLanguage\":\"en-US\"},{\"@type\":\"Organization\",\"@id\":\"https:\/\/www.grandsformats.com\/#organization\",\"name\":\"Grands Formats\",\"url\":\"https:\/\/www.grandsformats.com\/\",\"logo\":{\"@type\":\"ImageObject\",\"inLanguage\":\"en-US\",\"@id\":\"https:\/\/www.grandsformats.com\/#\/schema\/logo\/image\/\",\"url\":\"https:\/\/www.grandsformats.com\/wp-content\/uploads\/2020\/03\/logo-GF-200.png\",\"contentUrl\":\"https:\/\/www.grandsformats.com\/wp-content\/uploads\/2020\/03\/logo-GF-200.png\",\"width\":155,\"height\":200,\"caption\":\"Grands Formats\"},\"image\":{\"@id\":\"https:\/\/www.grandsformats.com\/#\/schema\/logo\/image\/\"},\"sameAs\":[\"https:\/\/www.facebook.com\/grandsformats\/\",\"https:\/\/x.com\/GrandsFormatsGF\",\"https:\/\/www.instagram.com\/grandsformats\/\",\"https:\/\/www.youtube.com\/channel\/UCJ7k9dbqc_DG-nxI3WMPvhw?view_as=subscriberhttps:\/\/www.youtube.com\/channel\/UCJ7k9dbqc_DG-nxI3WMPvhw?view_as=subscriber\"]},{\"@type\":\"Person\",\"@id\":\"https:\/\/www.grandsformats.com\/#\/schema\/person\/56c2866069b6967b2c7becd25c9b4dbb\",\"name\":\"Laura Hanequand - Grands Formats\",\"image\":{\"@type\":\"ImageObject\",\"inLanguage\":\"en-US\",\"@id\":\"https:\/\/www.grandsformats.com\/#\/schema\/person\/image\/\",\"url\":\"https:\/\/secure.gravatar.com\/avatar\/6d52edecb86835c2b7e81a2cdb8965ae325b4045b44f9043177428c622c06643?s=96&d=mm&r=g\",\"contentUrl\":\"https:\/\/secure.gravatar.com\/avatar\/6d52edecb86835c2b7e81a2cdb8965ae325b4045b44f9043177428c622c06643?s=96&d=mm&r=g\",\"caption\":\"Laura Hanequand - Grands Formats\"},\"url\":\"https:\/\/www.grandsformats.com\/en\/author\/lauragrandsformats-com\/\"}]}<\/script>\n<!-- \/ Yoast SEO plugin. -->","yoast_head_json":{"title":"\"L'OUBLI\" Release \/\/ Pauline Leblond Double Quartet invites Mathieu Najean and Timoth\u00e9 le Maire - Site officiel de la f\u00e9d\u00e9ration Grands Formats","description":"Trumpeter and composer Pauline Leblond brings together two musical worlds that rarely meet: the expressive freedom of jazz and...","robots":{"index":"index","follow":"follow","max-snippet":"max-snippet:-1","max-image-preview":"max-image-preview:large","max-video-preview":"max-video-preview:-1"},"canonical":"https:\/\/www.grandsformats.com\/2025\/05\/loubli-release-pauline-leblond-double-quartet-invites-mathieu-najean-and-timothe-le-maire\/","og_locale":"en_US","og_type":"article","og_title":"\"L'OUBLI\" Release \/\/ Pauline Leblond Double Quartet invites Mathieu Najean and Timoth\u00e9 le Maire - Site officiel de la f\u00e9d\u00e9ration Grands Formats","og_description":"Trumpeter and composer Pauline Leblond brings together two musical worlds that rarely meet: the expressive freedom of jazz and...","og_url":"https:\/\/www.grandsformats.com\/2025\/05\/loubli-release-pauline-leblond-double-quartet-invites-mathieu-najean-and-timothe-le-maire\/","og_site_name":"Site officiel de la f\u00e9d\u00e9ration Grands Formats","article_publisher":"https:\/\/www.facebook.com\/grandsformats\/","article_published_time":"2025-05-28T14:04:51+00:00","og_image":[{"width":1920,"height":1080,"url":"https:\/\/www.grandsformats.com\/wp-content\/uploads\/2025\/05\/169Copie-de-CD-cover-LOubli-\u00a9-Sebastien-ForthommeMarc-Meeuwissen.jpg","type":"image\/jpeg"}],"author":"Laura Hanequand - Grands Formats","twitter_card":"summary_large_image","twitter_creator":"@GrandsFormatsGF","twitter_site":"@GrandsFormatsGF","twitter_misc":{"Written by":"Laura Hanequand - Grands Formats","Est. reading time":"1 minute"},"schema":{"@context":"https:\/\/schema.org","@graph":[{"@type":"Article","@id":"https:\/\/www.grandsformats.com\/2025\/05\/loubli-release-pauline-leblond-double-quartet-invites-mathieu-najean-and-timothe-le-maire\/#article","isPartOf":{"@id":"https:\/\/www.grandsformats.com\/2025\/05\/loubli-release-pauline-leblond-double-quartet-invites-mathieu-najean-and-timothe-le-maire\/"},"author":{"name":"Laura Hanequand - Grands Formats","@id":"https:\/\/www.grandsformats.com\/#\/schema\/person\/56c2866069b6967b2c7becd25c9b4dbb"},"headline":"&#8220;L&#8217;OUBLI&#8221; Release \/\/ Pauline Leblond Double Quartet invites Mathieu Najean and Timoth\u00e9 le Maire","datePublished":"2025-05-28T14:04:51+00:00","mainEntityOfPage":{"@id":"https:\/\/www.grandsformats.com\/2025\/05\/loubli-release-pauline-leblond-double-quartet-invites-mathieu-najean-and-timothe-le-maire\/"},"wordCount":168,"commentCount":0,"publisher":{"@id":"https:\/\/www.grandsformats.com\/#organization"},"image":{"@id":"https:\/\/www.grandsformats.com\/2025\/05\/loubli-release-pauline-leblond-double-quartet-invites-mathieu-najean-and-timothe-le-maire\/#primaryimage"},"thumbnailUrl":"https:\/\/www.grandsformats.com\/wp-content\/uploads\/2025\/05\/169Copie-de-CD-cover-LOubli-\u00a9-Sebastien-ForthommeMarc-Meeuwissen.jpg","articleSection":["Actus des membres","Pauline Leblond Double Quartet"],"inLanguage":"en-US","potentialAction":[{"@type":"CommentAction","name":"Comment","target":["https:\/\/www.grandsformats.com\/2025\/05\/loubli-release-pauline-leblond-double-quartet-invites-mathieu-najean-and-timothe-le-maire\/#respond"]}]},{"@type":"WebPage","@id":"https:\/\/www.grandsformats.com\/2025\/05\/loubli-release-pauline-leblond-double-quartet-invites-mathieu-najean-and-timothe-le-maire\/","url":"https:\/\/www.grandsformats.com\/2025\/05\/loubli-release-pauline-leblond-double-quartet-invites-mathieu-najean-and-timothe-le-maire\/","name":"\"L'OUBLI\" Release \/\/ Pauline Leblond Double Quartet invites Mathieu Najean and Timoth\u00e9 le Maire - Site officiel de la f\u00e9d\u00e9ration Grands Formats","isPartOf":{"@id":"https:\/\/www.grandsformats.com\/#website"},"primaryImageOfPage":{"@id":"https:\/\/www.grandsformats.com\/2025\/05\/loubli-release-pauline-leblond-double-quartet-invites-mathieu-najean-and-timothe-le-maire\/#primaryimage"},"image":{"@id":"https:\/\/www.grandsformats.com\/2025\/05\/loubli-release-pauline-leblond-double-quartet-invites-mathieu-najean-and-timothe-le-maire\/#primaryimage"},"thumbnailUrl":"https:\/\/www.grandsformats.com\/wp-content\/uploads\/2025\/05\/169Copie-de-CD-cover-LOubli-\u00a9-Sebastien-ForthommeMarc-Meeuwissen.jpg","datePublished":"2025-05-28T14:04:51+00:00","description":"Trumpeter and composer Pauline Leblond brings together two musical worlds that rarely meet: the expressive freedom of jazz and...","breadcrumb":{"@id":"https:\/\/www.grandsformats.com\/2025\/05\/loubli-release-pauline-leblond-double-quartet-invites-mathieu-najean-and-timothe-le-maire\/#breadcrumb"},"inLanguage":"en-US","potentialAction":[{"@type":"ReadAction","target":["https:\/\/www.grandsformats.com\/2025\/05\/loubli-release-pauline-leblond-double-quartet-invites-mathieu-najean-and-timothe-le-maire\/"]}]},{"@type":"ImageObject","inLanguage":"en-US","@id":"https:\/\/www.grandsformats.com\/2025\/05\/loubli-release-pauline-leblond-double-quartet-invites-mathieu-najean-and-timothe-le-maire\/#primaryimage","url":"https:\/\/www.grandsformats.com\/wp-content\/uploads\/2025\/05\/169Copie-de-CD-cover-LOubli-\u00a9-Sebastien-ForthommeMarc-Meeuwissen.jpg","contentUrl":"https:\/\/www.grandsformats.com\/wp-content\/uploads\/2025\/05\/169Copie-de-CD-cover-LOubli-\u00a9-Sebastien-ForthommeMarc-Meeuwissen.jpg","width":1920,"height":1080,"caption":"Pauline leblond double quartet"},{"@type":"BreadcrumbList","@id":"https:\/\/www.grandsformats.com\/2025\/05\/loubli-release-pauline-leblond-double-quartet-invites-mathieu-najean-and-timothe-le-maire\/#breadcrumb","itemListElement":[{"@type":"ListItem","position":1,"name":"Accueil","item":"https:\/\/www.grandsformats.com\/en\/"},{"@type":"ListItem","position":2,"name":"\u00ab\u00a0L&rsquo;OUBLI\u00a0\u00bb Release \/\/ Pauline Leblond Double Quartet invites Mathieu Najean and Timoth\u00e9 le Maire"}]},{"@type":"WebSite","@id":"https:\/\/www.grandsformats.com\/#website","url":"https:\/\/www.grandsformats.com\/","name":"Site officiel de la f\u00e9d\u00e9ration Grands Formats","description":"F\u00e9d\u00e9ration d&#039;artistes pour la musique en grand !","publisher":{"@id":"https:\/\/www.grandsformats.com\/#organization"},"potentialAction":[{"@type":"SearchAction","target":{"@type":"EntryPoint","urlTemplate":"https:\/\/www.grandsformats.com\/?s={search_term_string}"},"query-input":{"@type":"PropertyValueSpecification","valueRequired":true,"valueName":"search_term_string"}}],"inLanguage":"en-US"},{"@type":"Organization","@id":"https:\/\/www.grandsformats.com\/#organization","name":"Grands Formats","url":"https:\/\/www.grandsformats.com\/","logo":{"@type":"ImageObject","inLanguage":"en-US","@id":"https:\/\/www.grandsformats.com\/#\/schema\/logo\/image\/","url":"https:\/\/www.grandsformats.com\/wp-content\/uploads\/2020\/03\/logo-GF-200.png","contentUrl":"https:\/\/www.grandsformats.com\/wp-content\/uploads\/2020\/03\/logo-GF-200.png","width":155,"height":200,"caption":"Grands Formats"},"image":{"@id":"https:\/\/www.grandsformats.com\/#\/schema\/logo\/image\/"},"sameAs":["https:\/\/www.facebook.com\/grandsformats\/","https:\/\/x.com\/GrandsFormatsGF","https:\/\/www.instagram.com\/grandsformats\/","https:\/\/www.youtube.com\/channel\/UCJ7k9dbqc_DG-nxI3WMPvhw?view_as=subscriberhttps:\/\/www.youtube.com\/channel\/UCJ7k9dbqc_DG-nxI3WMPvhw?view_as=subscriber"]},{"@type":"Person","@id":"https:\/\/www.grandsformats.com\/#\/schema\/person\/56c2866069b6967b2c7becd25c9b4dbb","name":"Laura Hanequand - Grands Formats","image":{"@type":"ImageObject","inLanguage":"en-US","@id":"https:\/\/www.grandsformats.com\/#\/schema\/person\/image\/","url":"https:\/\/secure.gravatar.com\/avatar\/6d52edecb86835c2b7e81a2cdb8965ae325b4045b44f9043177428c622c06643?s=96&d=mm&r=g","contentUrl":"https:\/\/secure.gravatar.com\/avatar\/6d52edecb86835c2b7e81a2cdb8965ae325b4045b44f9043177428c622c06643?s=96&d=mm&r=g","caption":"Laura Hanequand - Grands Formats"},"url":"https:\/\/www.grandsformats.com\/en\/author\/lauragrandsformats-com\/"}]}},"_links":{"self":[{"href":"https:\/\/www.grandsformats.com\/en\/wp-json\/wp\/v2\/posts\/32342","targetHints":{"allow":["GET"]}}],"collection":[{"href":"https:\/\/www.grandsformats.com\/en\/wp-json\/wp\/v2\/posts"}],"about":[{"href":"https:\/\/www.grandsformats.com\/en\/wp-json\/wp\/v2\/types\/post"}],"author":[{"embeddable":true,"href":"https:\/\/www.grandsformats.com\/en\/wp-json\/wp\/v2\/users\/161"}],"replies":[{"embeddable":true,"href":"https:\/\/www.grandsformats.com\/en\/wp-json\/wp\/v2\/comments?post=32342"}],"version-history":[{"count":2,"href":"https:\/\/www.grandsformats.com\/en\/wp-json\/wp\/v2\/posts\/32342\/revisions"}],"predecessor-version":[{"id":32346,"href":"https:\/\/www.grandsformats.com\/en\/wp-json\/wp\/v2\/posts\/32342\/revisions\/32346"}],"wp:featuredmedia":[{"embeddable":true,"href":"https:\/\/www.grandsformats.com\/en\/wp-json\/wp\/v2\/media\/32343"}],"wp:attachment":[{"href":"https:\/\/www.grandsformats.com\/en\/wp-json\/wp\/v2\/media?parent=32342"}],"wp:term":[{"taxonomy":"category","embeddable":true,"href":"https:\/\/www.grandsformats.com\/en\/wp-json\/wp\/v2\/categories?post=32342"},{"taxonomy":"post_tag","embeddable":true,"href":"https:\/\/www.grandsformats.com\/en\/wp-json\/wp\/v2\/tags?post=32342"}],"curies":[{"name":"wp","href":"https:\/\/api.w.org\/{rel}","templated":true}]}}