{"id":32320,"date":"2025-06-02T09:38:20","date_gmt":"2025-06-02T07:38:20","guid":{"rendered":"https:\/\/www.grandsformats.com\/?p=32320"},"modified":"2025-06-02T09:38:20","modified_gmt":"2025-06-02T07:38:20","slug":"le-sophisme-et-le-mepris","status":"publish","type":"post","link":"https:\/\/www.grandsformats.com\/en\/2025\/06\/le-sophisme-et-le-mepris\/","title":{"rendered":"Le sophisme et le m\u00e9pris"},"content":{"rendered":"<p style=\"text-align: left;\"><strong>&#8220;De l\u2019argent il y en\u00a0a.&#8221;\u00a0<\/strong><br \/>\n<span style=\"font-size: 10pt;\">La ministre de la\u00a0culture sur une cha\u00eene de radio publique le 7 mai\u00a0<\/span><\/p>\n<p>Ce matin l\u00e0, les oreilles grandes ouvertes nous avons \u00e9cout\u00e9 la journaliste d\u00e9tailler les montants des baisses pour la culture (parus dans le Journal Officiel\u00b9), et la ministre r\u00e9pondre\u00a0:<br \/>\n<em>Ah ben dites donc, vous \u00eates apte \u00e0 devenir Ministre de la Culture, vous avez des chiffres que je n\u2019ai pas.<br \/>\n<\/em>Puis nous l\u2019avons entendue \u00e9grainer un chapelet de sophismes qui semble lui faire office de mantra\u00a0:<br \/>\n<em>Il n\u2019y a pas eu de coupes budg\u00e9taires au Minist\u00e8re de la culture, je le redis.<br \/>\n<\/em><em>Il n\u2019y a pas de millions en moins.<br \/>\n<\/em><em>Il n\u2019y a pas de baisse il y a + 2 milliards d\u2019euros sur le budget de la culture pendant le mandat d\u2019Emmanuel Macron.<br \/>\n<\/em><em>Il n\u2019y a pas un euro de moins pour le spectacle vivant.<br \/>\n<\/em><em>Il n\u2019y a pas eu de coupe.<br \/>\n<\/em><em>Bercy voulait un fonds d\u2019urgence, j\u2019ai r\u00e9ussi \u00e0 faire en sorte que ce soit une dotation donc une augmentation.<br \/>\n<\/em><em>Je me bats pour \u00e7a, je n\u2019ai pas eu de baisse l\u2019ann\u00e9e derni\u00e8re, il y a eu une hausse, vous avez entendu ?<br \/>\n<\/em><em>Je vais le r\u00e9p\u00e9ter, le r\u00e9p\u00e9ter et le r\u00e9p\u00e9ter\u00a0: avec moi il n\u2019y a pas eu de baisse.<\/em><\/p>\n<p>Oui, Madame la Ministre, nous vous avons bien entendue tordre la v\u00e9rit\u00e9. Si on compare les budgets annuels de votre minist\u00e8re vot\u00e9s en Loi de Finance Initiale, c\u2019est vrai\u00b2, mais ces budgets ne sont pas les budgets d\u00e9finitifs\u2026 et c\u2019est faux si on compare le budget d\u00e9finitif de 2024 avec le\u00a0 dernier budget vot\u00e9 en Loi de finance rectificative paru au Journal Officiel et c\u2019est encore plus faux si on prend en compte l\u2019inflation puisque les comparaisons sont bas\u00e9es \u00e0 euro courant et non \u00e0 euro constant\u00b3.<br \/>\nPourquoi ces mantras ass\u00e9n\u00e9s sur une radio de grande \u00e9coute (ne vous en d\u00e9plaise, le service public de la radio se porte bien) ? Pour nous faire passer pour des imb\u00e9ciles qui ne savent ni lire, ni compter et ne conna\u00eetraient pas la pr\u00e9carit\u00e9 ?<br \/>\nCe matin-l\u00e0, vous avez choisi de m\u00e9priser celleux qui vous ont interpel\u00e9e publiquement, et insinu\u00e9 que les artistes et technicien.enne.s du spectacle seraient tous.tes des nanti.e.s qui vivent sur le dos de celleux qui paient des imp\u00f4ts.<\/p>\n<p>Bercy vous demandait 134 millions d\u2019euros suppl\u00e9mentaires d\u2019\u00a0\u00ab\u00a0annulation de cr\u00e9dit\u00a0\u00bb pour 2025 et vous avez coup\u00e9 seulement 114 millions, donc le budget aurait augment\u00e9\u00a0?<br \/>\nAlors, comment expliquez-vous la chute vertigineuse de la diffusion de spectacles ? Et les n\u00e9gociations financi\u00e8res lunaires que nous imposent les salles de spectacle dont l\u2019argument principal est <em>\u00ab Nous avons tr\u00e8s envie que vous veniez jouer chez nous, mais vous comprenez, avec les coupes budg\u00e9taires et la hausse des charges fixes on ne peut pas mieux faire. Vous ne pouvez pas r\u00e9duire l\u2019effectif de l\u2019orchestre ? \u00bb<\/em> ?<\/p>\n<p>Dans la culture comme ailleurs, rejeter la responsabilit\u00e9 de vos choix politiques sur les individus \u00e7a s\u2019appelle une politique n\u00e9olib\u00e9rale bien loin d\u2019une politique d\u2019int\u00e9r\u00eat du plus grand nombre qui pour le bien de toustes prot\u00e8ge celles et ceux qui en ont besoin.<br \/>\nPar exemple, quand France Travail organise un <a href=\"https:\/\/www.festival-uniques.com\/programmation\"><em>Festival Uniques<\/em>,<\/a> o\u00f9 les ch\u00f4meurs et ch\u00f4meuses peuvent se faire coiffer, maquiller, photographier, habiller par des professionnels pour <em>\u00ab\u00a0 booster (leur) confiance, et (les) conseiller afin de (se) pr\u00e9senter sous (leur) \u00a0meilleur jour, dans (leurs) \u00a0candidatures comme lors de (leurs) \u00a0entretiens d\u2019embauche\u00a0\u00bb<\/em> . C\u2019est l\u00e0 encore la logique rabaissante de \u00ab\u00a0la rue \u00e0 traverser\u00a0\u00bb non sans avoir au pr\u00e9alable pris le temps de soigner son apparence. Ce que dit France Travail c\u2019est <em>Vous ne serez jamais \u00e0 la hauteur si vous ne faites pas un effort et si vous ne faites pas d\u2019effort vous ne trouverez pas d\u2019emploi.<br \/>\n<\/em>Pourquoi France Travail pr\u00e9f\u00e8re financer une telle manifestation (avec le soutien d\u2019entreprises dont AXA-Google-Sanofi) plut\u00f4t que d\u2019investir dans l\u2019embauche de vrai.e.s conseiller.\u00e8re.s, et am\u00e9liorer les conditions de travail de celleux qui croulent sous les dossiers ?<br \/>\nPour faire porter la responsabilit\u00e9 de trouver un emploi aux ch\u00f4meur.euse.s et pr\u00e9caires, alors que le plein emploi n\u2019existe plus depuis longtemps, alors que vous n\u2019avez de cesse de durcir les conditions d\u2019acc\u00e8s \u00e0 l\u2019assurance ch\u00f4mage et de baisser les montants d\u2019indemnisation.<\/p>\n<p>Pourquoi, dans les h\u00f4pitaux, y a-t-il des agents de s\u00e9curit\u00e9, aux services des urgences, pour prot\u00e9ger les salari\u00e9.e.s des agressions des malades ou de leur famille qui s\u2019\u00e9nervent parce que l\u2019attente et la souffrance qui va avec sont insupportables ?<br \/>\n\u00ab Parce que nous sommes des \u00e9trangers et qu\u2019ils veulent qu\u2019on s\u2019en aille. \u00bb comme entendu r\u00e9cemment dans un h\u00f4pital de Seine Saint-Denis ?<br \/>\nNON. Parce qu\u2019il n\u2019y a pas assez de personnel, pas assez de lits et que c\u2019est l\u00e0 encore un choix politique.<\/p>\n<p>Vous ne l\u2019avez pas dit mais on nous le serine ailleurs : <em>Il n\u2019y a plus d\u2019argent, il faut faire des \u00e9conomies sinon on va droit dans le mur\u00a0<\/em>; <em>il n\u2019y a plus d\u2019argent magique.<br \/>\n<\/em>Les milliards d\u2019euros d\u2019argent public donn\u00e9s aux grandes entreprises sans aucune contrepartie, ce n\u2019est pas de la magie, c\u2019est un choix politique qui vide les caisses et ne cr\u00e9e pas d\u2019emploi.<br \/>\n<em>On ne peut pas taxer les riches, ils vont partir.<\/em> La France est devenue un paradis fiscal depuis le remplacement de l\u2019ISF, par un imp\u00f4t sur la fortune immobili\u00e8re et en plafonnant la taxation des revenus financiers\u2074. Mais comme le dit Gabriel Zucman\u2075 \u00ab\u00a0L&#8217;\u00e9vasion fiscale n&#8217;est pas une esp\u00e8ce de loi de la nature. Au contraire, c&#8217;est un choix de politique publique. Et on peut, s\u2019il y a la volont\u00e9 politique, lutter contre l&#8217;\u00e9vasion fiscale et faire des progr\u00e8s en assez peu de temps\u00a0\u00bb.<\/p>\n<p><a href=\"#_ftnref4\" name=\"_ftn1\"><\/a><\/p>\n<p>On s\u2019\u00e9loigne de la culture l\u00e0 ! Non, la culture fait partie d\u2019un tout, elle est partout.<br \/>\nDans les espaces publics, les chapiteaux, les salles, sur les ondes, dans les biblioth\u00e8ques, les \u00e9coles, les h\u00f4pitaux, les prisons, en ville et \u00e0 la campagne. Et on ne vous a pas attendue pour y aller. D\u2019ailleurs, on n\u2019a pas vu les effets de votre \u00ab\u00a0printemps de la ruralit\u00e9\u00a0\u00bb tant il est opaque.<\/p>\n<p>Alors, m\u00eame si vous trouvez que le \u00ab monde de la culture \u00bb crie au loup, alors qu\u2019il serait bien \u00e0 l\u2019abri dans sa maison en pierres sans chemin\u00e9e, nous ne nous tairons pas et nous continuerons \u00e0 construire des espaces pour toustes.<br \/>\nDes temps de plaisir et de joies pour nous donner la force d\u2019inventer ensemble, artistes, structures de production et de diffusion, et public, l\u2019indispensable \u00e9nergie collective pour vivre.<br \/>\nEt oui, pour cela il faut vraiment plus d\u2019argent public, avec une vraie r\u00e9partition des richesses.<\/p>\n<p>Pour r\u00e9sister contre cet ancien monde qui fait bien plus que pointer le bout de son nez, pour ouvrir la possibilit\u00e9 de repenser \u00e0 neuf les fondements des futures politiques publiques, pour le bien commun et pas pour le bien de quelques un.e.s, nous gardons les yeux, les oreilles, les corps et les bouches grands ouverts et en mouvement.<\/p>\n<p style=\"text-align: right;\">Q<em>uand la langue se retourne, elle rentre dans la gorge, ferme tout acc\u00e8s \u00e0 l\u2019air, bloque la respiration, \u00e9touffe, asphyxie. Alors la mort. Pourtant, il suffit de plonger ses doigts, ou bien ceux de son voisin au fond de la gorge, extraire la langue. L\u2019oxyg\u00e8ne revient, le cerveau fonctionne, le corps retrouve sa libert\u00e9.<\/em><\/p>\n<p style=\"text-align: right;\">Michel Simonot in <em>La langue retourn\u00e9e de la culture<\/em> aux \u00e9ditions Exc\u00e8s, 2017.<\/p>\n<p style=\"text-align: right;\"><strong>Par Christine Nissim pour Surnatural Orchestra<\/strong><\/p>\n<p><a href=\"#_ftnref1\" name=\"_ftn1\"><\/a><\/p>\n<p>___________________<\/p>\n<p><span style=\"font-size: 10pt;\">\u00b9\u00a0<em>D\u00e9cret n\u00b0 2025-374 du 25 avril 2025 portant annulation de cr\u00e9dits<br \/>\n<\/em>\u00b2 \u00c0 l\u2019exception des programmes 361 Transmission des savoirs et d\u00e9mocratisation de la culture , 180 Presse et 334 Livres qui eux ont baiss\u00e9<\/span><br \/>\n<span style=\"font-size: 10pt;\">\u00b3 <a href=\"https:\/\/www.ccomptes.fr\/sites\/default\/files\/2025-04\/NEB-2024-Culture.pdf\">https:\/\/www.ccomptes.fr\/sites\/default\/files\/2025-04\/NEB-2024-Culture.pdf<\/a><\/span><br \/>\n<span style=\"font-size: 10pt;\"><a href=\"https:\/\/www.budget.gouv.fr\/budget-etat\/mission?mission=80495\">https:\/\/www.budget.gouv.fr\/budget-etat\/mission?mission=80495<\/a><\/span><br \/>\n<span style=\"font-size: 10pt;\">\u2074 <em>NB<\/em> la plus grande partie du patrimoine des ultras riches, c\u2019est du patrimoine financier et non immobilier. in <em>L\u2019\u00e9vasion fiscale toute une histoire<\/em>\/ Attac\/\u00e9ditions de l\u2019atelier<\/span><br \/>\n<span style=\"font-size: 10pt;\">\u2075 \u00e9conomiste et directeur de l&#8217;Observatoire europ\u00e9en de la fiscalit\u00e9. Ses travaux ont inspir\u00e9 la proposition de loi, adopt\u00e9e en f\u00e9vrier \u00e0 l\u2019Assembl\u00e9e nationale, qui instaure un imp\u00f4t plancher de 2 % sur le patrimoine des \u00ab ultra-riches \u00bb<\/span><\/p>\n","protected":false},"excerpt":{"rendered":"<p>&#8220;De l\u2019argent il y en\u00a0a.&#8221;\u00a0 La ministre de la\u00a0culture sur une cha\u00eene de radio publique le 7 mai\u00a0 Ce matin l\u00e0, les oreilles grandes ouvertes nous avons \u00e9cout\u00e9 la journaliste d\u00e9tailler les montants des baisses pour la culture (parus dans le Journal Officiel\u00b9), et la ministre r\u00e9pondre\u00a0: Ah ben dites donc, vous \u00eates apte \u00e0&#8230;<\/p>\n<p><a rel=\"bookmark\" class=\"theme-button-text wvc-button wvc-button-size-xs\" href=\"https:\/\/www.grandsformats.com\/en\/2025\/06\/le-sophisme-et-le-mepris\/\"><small class=\"wvc-button-background-fill\"><\/small><span>Continue reading<\/span><\/a><\/p>\n","protected":false},"author":161,"featured_media":32321,"comment_status":"open","ping_status":"open","sticky":false,"template":"","format":"standard","meta":{"_acf_changed":false,"footnotes":""},"categories":[657,224],"tags":[],"class_list":["post-32320","post","type-post","status-publish","format-standard","has-post-thumbnail","hentry","category-surnatural-orchestra","category-tribunes","entry-post-skin-light","entry","clearfix","entry-grid","entry-columns-default","entry-post-module-layout-sidebar-right","thumbnail-color-tone-dark","metro-landscape","entry-post","entry-masonry","entry-post-masonry"],"acf":[],"yoast_head":"<!-- This site is optimized with the Yoast SEO plugin v25.8 - https:\/\/yoast.com\/wordpress\/plugins\/seo\/ -->\n<title>Le sophisme et le m\u00e9pris - Site officiel de la f\u00e9d\u00e9ration Grands Formats<\/title>\n<meta name=\"description\" content=\"Tribune Surnatural Orchestra : &quot;De l\u2019argent il y en\u00a0a.&quot;\u00a0La ministre de la\u00a0culture sur une cha\u00eene de radio publique le 7 mai...\" \/>\n<meta name=\"robots\" content=\"index, follow, max-snippet:-1, max-image-preview:large, max-video-preview:-1\" \/>\n<link rel=\"canonical\" href=\"https:\/\/www.grandsformats.com\/2025\/06\/le-sophisme-et-le-mepris\/\" \/>\n<meta property=\"og:locale\" content=\"en_US\" \/>\n<meta property=\"og:type\" content=\"article\" \/>\n<meta property=\"og:title\" content=\"Le sophisme et le m\u00e9pris - Site officiel de la f\u00e9d\u00e9ration Grands Formats\" \/>\n<meta property=\"og:description\" content=\"Tribune Surnatural Orchestra : &quot;De l\u2019argent il y en\u00a0a.&quot;\u00a0La ministre de la\u00a0culture sur une cha\u00eene de radio publique le 7 mai...\" \/>\n<meta property=\"og:url\" content=\"https:\/\/www.grandsformats.com\/2025\/06\/le-sophisme-et-le-mepris\/\" \/>\n<meta property=\"og:site_name\" content=\"Site officiel de la f\u00e9d\u00e9ration Grands Formats\" \/>\n<meta property=\"article:publisher\" content=\"https:\/\/www.facebook.com\/grandsformats\/\" \/>\n<meta property=\"article:published_time\" content=\"2025-06-02T07:38:20+00:00\" \/>\n<meta property=\"og:image\" content=\"https:\/\/www.grandsformats.com\/wp-content\/uploads\/2025\/05\/169edito-christine.jpg\" \/>\n\t<meta property=\"og:image:width\" content=\"1920\" \/>\n\t<meta property=\"og:image:height\" content=\"1080\" \/>\n\t<meta property=\"og:image:type\" content=\"image\/jpeg\" \/>\n<meta name=\"author\" content=\"Laura Hanequand - Grands Formats\" \/>\n<meta name=\"twitter:card\" content=\"summary_large_image\" \/>\n<meta name=\"twitter:creator\" content=\"@GrandsFormatsGF\" \/>\n<meta name=\"twitter:site\" content=\"@GrandsFormatsGF\" \/>\n<meta name=\"twitter:label1\" content=\"Written by\" \/>\n\t<meta name=\"twitter:data1\" content=\"Laura Hanequand - Grands Formats\" \/>\n\t<meta name=\"twitter:label2\" content=\"Est. reading time\" \/>\n\t<meta name=\"twitter:data2\" content=\"7 minutes\" \/>\n<script type=\"application\/ld+json\" class=\"yoast-schema-graph\">{\"@context\":\"https:\/\/schema.org\",\"@graph\":[{\"@type\":\"Article\",\"@id\":\"https:\/\/www.grandsformats.com\/2025\/06\/le-sophisme-et-le-mepris\/#article\",\"isPartOf\":{\"@id\":\"https:\/\/www.grandsformats.com\/2025\/06\/le-sophisme-et-le-mepris\/\"},\"author\":{\"name\":\"Laura Hanequand - Grands Formats\",\"@id\":\"https:\/\/www.grandsformats.com\/#\/schema\/person\/56c2866069b6967b2c7becd25c9b4dbb\"},\"headline\":\"Le sophisme et le m\u00e9pris\",\"datePublished\":\"2025-06-02T07:38:20+00:00\",\"mainEntityOfPage\":{\"@id\":\"https:\/\/www.grandsformats.com\/2025\/06\/le-sophisme-et-le-mepris\/\"},\"wordCount\":1476,\"commentCount\":0,\"publisher\":{\"@id\":\"https:\/\/www.grandsformats.com\/#organization\"},\"image\":{\"@id\":\"https:\/\/www.grandsformats.com\/2025\/06\/le-sophisme-et-le-mepris\/#primaryimage\"},\"thumbnailUrl\":\"https:\/\/www.grandsformats.com\/wp-content\/uploads\/2025\/05\/169edito-christine.jpg\",\"articleSection\":[\"Surnatural Orchestra\",\"Tribunes\"],\"inLanguage\":\"en-US\",\"potentialAction\":[{\"@type\":\"CommentAction\",\"name\":\"Comment\",\"target\":[\"https:\/\/www.grandsformats.com\/2025\/06\/le-sophisme-et-le-mepris\/#respond\"]}]},{\"@type\":\"WebPage\",\"@id\":\"https:\/\/www.grandsformats.com\/2025\/06\/le-sophisme-et-le-mepris\/\",\"url\":\"https:\/\/www.grandsformats.com\/2025\/06\/le-sophisme-et-le-mepris\/\",\"name\":\"Le sophisme et le m\u00e9pris - Site officiel de la f\u00e9d\u00e9ration Grands Formats\",\"isPartOf\":{\"@id\":\"https:\/\/www.grandsformats.com\/#website\"},\"primaryImageOfPage\":{\"@id\":\"https:\/\/www.grandsformats.com\/2025\/06\/le-sophisme-et-le-mepris\/#primaryimage\"},\"image\":{\"@id\":\"https:\/\/www.grandsformats.com\/2025\/06\/le-sophisme-et-le-mepris\/#primaryimage\"},\"thumbnailUrl\":\"https:\/\/www.grandsformats.com\/wp-content\/uploads\/2025\/05\/169edito-christine.jpg\",\"datePublished\":\"2025-06-02T07:38:20+00:00\",\"description\":\"Tribune Surnatural Orchestra : \\\"De l\u2019argent il y en\u00a0a.\\\"\u00a0La ministre de la\u00a0culture sur une cha\u00eene de radio publique le 7 mai...\",\"breadcrumb\":{\"@id\":\"https:\/\/www.grandsformats.com\/2025\/06\/le-sophisme-et-le-mepris\/#breadcrumb\"},\"inLanguage\":\"en-US\",\"potentialAction\":[{\"@type\":\"ReadAction\",\"target\":[\"https:\/\/www.grandsformats.com\/2025\/06\/le-sophisme-et-le-mepris\/\"]}]},{\"@type\":\"ImageObject\",\"inLanguage\":\"en-US\",\"@id\":\"https:\/\/www.grandsformats.com\/2025\/06\/le-sophisme-et-le-mepris\/#primaryimage\",\"url\":\"https:\/\/www.grandsformats.com\/wp-content\/uploads\/2025\/05\/169edito-christine.jpg\",\"contentUrl\":\"https:\/\/www.grandsformats.com\/wp-content\/uploads\/2025\/05\/169edito-christine.jpg\",\"width\":1920,\"height\":1080,\"caption\":\"Surnatural Orchestra\"},{\"@type\":\"BreadcrumbList\",\"@id\":\"https:\/\/www.grandsformats.com\/2025\/06\/le-sophisme-et-le-mepris\/#breadcrumb\",\"itemListElement\":[{\"@type\":\"ListItem\",\"position\":1,\"name\":\"Accueil\",\"item\":\"https:\/\/www.grandsformats.com\/en\/\"},{\"@type\":\"ListItem\",\"position\":2,\"name\":\"Le sophisme et le m\u00e9pris\"}]},{\"@type\":\"WebSite\",\"@id\":\"https:\/\/www.grandsformats.com\/#website\",\"url\":\"https:\/\/www.grandsformats.com\/\",\"name\":\"Site officiel de la f\u00e9d\u00e9ration Grands Formats\",\"description\":\"F\u00e9d\u00e9ration d&#039;artistes pour la musique en grand !\",\"publisher\":{\"@id\":\"https:\/\/www.grandsformats.com\/#organization\"},\"potentialAction\":[{\"@type\":\"SearchAction\",\"target\":{\"@type\":\"EntryPoint\",\"urlTemplate\":\"https:\/\/www.grandsformats.com\/?s={search_term_string}\"},\"query-input\":{\"@type\":\"PropertyValueSpecification\",\"valueRequired\":true,\"valueName\":\"search_term_string\"}}],\"inLanguage\":\"en-US\"},{\"@type\":\"Organization\",\"@id\":\"https:\/\/www.grandsformats.com\/#organization\",\"name\":\"Grands Formats\",\"url\":\"https:\/\/www.grandsformats.com\/\",\"logo\":{\"@type\":\"ImageObject\",\"inLanguage\":\"en-US\",\"@id\":\"https:\/\/www.grandsformats.com\/#\/schema\/logo\/image\/\",\"url\":\"https:\/\/www.grandsformats.com\/wp-content\/uploads\/2020\/03\/logo-GF-200.png\",\"contentUrl\":\"https:\/\/www.grandsformats.com\/wp-content\/uploads\/2020\/03\/logo-GF-200.png\",\"width\":155,\"height\":200,\"caption\":\"Grands Formats\"},\"image\":{\"@id\":\"https:\/\/www.grandsformats.com\/#\/schema\/logo\/image\/\"},\"sameAs\":[\"https:\/\/www.facebook.com\/grandsformats\/\",\"https:\/\/x.com\/GrandsFormatsGF\",\"https:\/\/www.instagram.com\/grandsformats\/\",\"https:\/\/www.youtube.com\/channel\/UCJ7k9dbqc_DG-nxI3WMPvhw?view_as=subscriberhttps:\/\/www.youtube.com\/channel\/UCJ7k9dbqc_DG-nxI3WMPvhw?view_as=subscriber\"]},{\"@type\":\"Person\",\"@id\":\"https:\/\/www.grandsformats.com\/#\/schema\/person\/56c2866069b6967b2c7becd25c9b4dbb\",\"name\":\"Laura Hanequand - Grands Formats\",\"image\":{\"@type\":\"ImageObject\",\"inLanguage\":\"en-US\",\"@id\":\"https:\/\/www.grandsformats.com\/#\/schema\/person\/image\/\",\"url\":\"https:\/\/secure.gravatar.com\/avatar\/6d52edecb86835c2b7e81a2cdb8965ae325b4045b44f9043177428c622c06643?s=96&d=mm&r=g\",\"contentUrl\":\"https:\/\/secure.gravatar.com\/avatar\/6d52edecb86835c2b7e81a2cdb8965ae325b4045b44f9043177428c622c06643?s=96&d=mm&r=g\",\"caption\":\"Laura Hanequand - Grands Formats\"},\"url\":\"https:\/\/www.grandsformats.com\/en\/author\/lauragrandsformats-com\/\"}]}<\/script>\n<!-- \/ Yoast SEO plugin. -->","yoast_head_json":{"title":"Le sophisme et le m\u00e9pris - Site officiel de la f\u00e9d\u00e9ration Grands Formats","description":"Tribune Surnatural Orchestra : \"De l\u2019argent il y en\u00a0a.\"\u00a0La ministre de la\u00a0culture sur une cha\u00eene de radio publique le 7 mai...","robots":{"index":"index","follow":"follow","max-snippet":"max-snippet:-1","max-image-preview":"max-image-preview:large","max-video-preview":"max-video-preview:-1"},"canonical":"https:\/\/www.grandsformats.com\/2025\/06\/le-sophisme-et-le-mepris\/","og_locale":"en_US","og_type":"article","og_title":"Le sophisme et le m\u00e9pris - Site officiel de la f\u00e9d\u00e9ration Grands Formats","og_description":"Tribune Surnatural Orchestra : \"De l\u2019argent il y en\u00a0a.\"\u00a0La ministre de la\u00a0culture sur une cha\u00eene de radio publique le 7 mai...","og_url":"https:\/\/www.grandsformats.com\/2025\/06\/le-sophisme-et-le-mepris\/","og_site_name":"Site officiel de la f\u00e9d\u00e9ration Grands Formats","article_publisher":"https:\/\/www.facebook.com\/grandsformats\/","article_published_time":"2025-06-02T07:38:20+00:00","og_image":[{"width":1920,"height":1080,"url":"https:\/\/www.grandsformats.com\/wp-content\/uploads\/2025\/05\/169edito-christine.jpg","type":"image\/jpeg"}],"author":"Laura Hanequand - Grands Formats","twitter_card":"summary_large_image","twitter_creator":"@GrandsFormatsGF","twitter_site":"@GrandsFormatsGF","twitter_misc":{"Written by":"Laura Hanequand - Grands Formats","Est. reading time":"7 minutes"},"schema":{"@context":"https:\/\/schema.org","@graph":[{"@type":"Article","@id":"https:\/\/www.grandsformats.com\/2025\/06\/le-sophisme-et-le-mepris\/#article","isPartOf":{"@id":"https:\/\/www.grandsformats.com\/2025\/06\/le-sophisme-et-le-mepris\/"},"author":{"name":"Laura Hanequand - Grands Formats","@id":"https:\/\/www.grandsformats.com\/#\/schema\/person\/56c2866069b6967b2c7becd25c9b4dbb"},"headline":"Le sophisme et le m\u00e9pris","datePublished":"2025-06-02T07:38:20+00:00","mainEntityOfPage":{"@id":"https:\/\/www.grandsformats.com\/2025\/06\/le-sophisme-et-le-mepris\/"},"wordCount":1476,"commentCount":0,"publisher":{"@id":"https:\/\/www.grandsformats.com\/#organization"},"image":{"@id":"https:\/\/www.grandsformats.com\/2025\/06\/le-sophisme-et-le-mepris\/#primaryimage"},"thumbnailUrl":"https:\/\/www.grandsformats.com\/wp-content\/uploads\/2025\/05\/169edito-christine.jpg","articleSection":["Surnatural Orchestra","Tribunes"],"inLanguage":"en-US","potentialAction":[{"@type":"CommentAction","name":"Comment","target":["https:\/\/www.grandsformats.com\/2025\/06\/le-sophisme-et-le-mepris\/#respond"]}]},{"@type":"WebPage","@id":"https:\/\/www.grandsformats.com\/2025\/06\/le-sophisme-et-le-mepris\/","url":"https:\/\/www.grandsformats.com\/2025\/06\/le-sophisme-et-le-mepris\/","name":"Le sophisme et le m\u00e9pris - Site officiel de la f\u00e9d\u00e9ration Grands Formats","isPartOf":{"@id":"https:\/\/www.grandsformats.com\/#website"},"primaryImageOfPage":{"@id":"https:\/\/www.grandsformats.com\/2025\/06\/le-sophisme-et-le-mepris\/#primaryimage"},"image":{"@id":"https:\/\/www.grandsformats.com\/2025\/06\/le-sophisme-et-le-mepris\/#primaryimage"},"thumbnailUrl":"https:\/\/www.grandsformats.com\/wp-content\/uploads\/2025\/05\/169edito-christine.jpg","datePublished":"2025-06-02T07:38:20+00:00","description":"Tribune Surnatural Orchestra : \"De l\u2019argent il y en\u00a0a.\"\u00a0La ministre de la\u00a0culture sur une cha\u00eene de radio publique le 7 mai...","breadcrumb":{"@id":"https:\/\/www.grandsformats.com\/2025\/06\/le-sophisme-et-le-mepris\/#breadcrumb"},"inLanguage":"en-US","potentialAction":[{"@type":"ReadAction","target":["https:\/\/www.grandsformats.com\/2025\/06\/le-sophisme-et-le-mepris\/"]}]},{"@type":"ImageObject","inLanguage":"en-US","@id":"https:\/\/www.grandsformats.com\/2025\/06\/le-sophisme-et-le-mepris\/#primaryimage","url":"https:\/\/www.grandsformats.com\/wp-content\/uploads\/2025\/05\/169edito-christine.jpg","contentUrl":"https:\/\/www.grandsformats.com\/wp-content\/uploads\/2025\/05\/169edito-christine.jpg","width":1920,"height":1080,"caption":"Surnatural Orchestra"},{"@type":"BreadcrumbList","@id":"https:\/\/www.grandsformats.com\/2025\/06\/le-sophisme-et-le-mepris\/#breadcrumb","itemListElement":[{"@type":"ListItem","position":1,"name":"Accueil","item":"https:\/\/www.grandsformats.com\/en\/"},{"@type":"ListItem","position":2,"name":"Le sophisme et le m\u00e9pris"}]},{"@type":"WebSite","@id":"https:\/\/www.grandsformats.com\/#website","url":"https:\/\/www.grandsformats.com\/","name":"Site officiel de la f\u00e9d\u00e9ration Grands Formats","description":"F\u00e9d\u00e9ration d&#039;artistes pour la musique en grand !","publisher":{"@id":"https:\/\/www.grandsformats.com\/#organization"},"potentialAction":[{"@type":"SearchAction","target":{"@type":"EntryPoint","urlTemplate":"https:\/\/www.grandsformats.com\/?s={search_term_string}"},"query-input":{"@type":"PropertyValueSpecification","valueRequired":true,"valueName":"search_term_string"}}],"inLanguage":"en-US"},{"@type":"Organization","@id":"https:\/\/www.grandsformats.com\/#organization","name":"Grands Formats","url":"https:\/\/www.grandsformats.com\/","logo":{"@type":"ImageObject","inLanguage":"en-US","@id":"https:\/\/www.grandsformats.com\/#\/schema\/logo\/image\/","url":"https:\/\/www.grandsformats.com\/wp-content\/uploads\/2020\/03\/logo-GF-200.png","contentUrl":"https:\/\/www.grandsformats.com\/wp-content\/uploads\/2020\/03\/logo-GF-200.png","width":155,"height":200,"caption":"Grands Formats"},"image":{"@id":"https:\/\/www.grandsformats.com\/#\/schema\/logo\/image\/"},"sameAs":["https:\/\/www.facebook.com\/grandsformats\/","https:\/\/x.com\/GrandsFormatsGF","https:\/\/www.instagram.com\/grandsformats\/","https:\/\/www.youtube.com\/channel\/UCJ7k9dbqc_DG-nxI3WMPvhw?view_as=subscriberhttps:\/\/www.youtube.com\/channel\/UCJ7k9dbqc_DG-nxI3WMPvhw?view_as=subscriber"]},{"@type":"Person","@id":"https:\/\/www.grandsformats.com\/#\/schema\/person\/56c2866069b6967b2c7becd25c9b4dbb","name":"Laura Hanequand - Grands Formats","image":{"@type":"ImageObject","inLanguage":"en-US","@id":"https:\/\/www.grandsformats.com\/#\/schema\/person\/image\/","url":"https:\/\/secure.gravatar.com\/avatar\/6d52edecb86835c2b7e81a2cdb8965ae325b4045b44f9043177428c622c06643?s=96&d=mm&r=g","contentUrl":"https:\/\/secure.gravatar.com\/avatar\/6d52edecb86835c2b7e81a2cdb8965ae325b4045b44f9043177428c622c06643?s=96&d=mm&r=g","caption":"Laura Hanequand - Grands Formats"},"url":"https:\/\/www.grandsformats.com\/en\/author\/lauragrandsformats-com\/"}]}},"_links":{"self":[{"href":"https:\/\/www.grandsformats.com\/en\/wp-json\/wp\/v2\/posts\/32320","targetHints":{"allow":["GET"]}}],"collection":[{"href":"https:\/\/www.grandsformats.com\/en\/wp-json\/wp\/v2\/posts"}],"about":[{"href":"https:\/\/www.grandsformats.com\/en\/wp-json\/wp\/v2\/types\/post"}],"author":[{"embeddable":true,"href":"https:\/\/www.grandsformats.com\/en\/wp-json\/wp\/v2\/users\/161"}],"replies":[{"embeddable":true,"href":"https:\/\/www.grandsformats.com\/en\/wp-json\/wp\/v2\/comments?post=32320"}],"version-history":[{"count":4,"href":"https:\/\/www.grandsformats.com\/en\/wp-json\/wp\/v2\/posts\/32320\/revisions"}],"predecessor-version":[{"id":32326,"href":"https:\/\/www.grandsformats.com\/en\/wp-json\/wp\/v2\/posts\/32320\/revisions\/32326"}],"wp:featuredmedia":[{"embeddable":true,"href":"https:\/\/www.grandsformats.com\/en\/wp-json\/wp\/v2\/media\/32321"}],"wp:attachment":[{"href":"https:\/\/www.grandsformats.com\/en\/wp-json\/wp\/v2\/media?parent=32320"}],"wp:term":[{"taxonomy":"category","embeddable":true,"href":"https:\/\/www.grandsformats.com\/en\/wp-json\/wp\/v2\/categories?post=32320"},{"taxonomy":"post_tag","embeddable":true,"href":"https:\/\/www.grandsformats.com\/en\/wp-json\/wp\/v2\/tags?post=32320"}],"curies":[{"name":"wp","href":"https:\/\/api.w.org\/{rel}","templated":true}]}}