{"id":32190,"date":"2025-05-06T12:15:35","date_gmt":"2025-05-06T10:15:35","guid":{"rendered":"https:\/\/www.grandsformats.com\/?p=32190"},"modified":"2025-05-09T09:50:44","modified_gmt":"2025-05-09T07:50:44","slug":"la-sante-mentale-des-musicien-nes-angle-mort-de-la-crise-du-secteur","status":"publish","type":"post","link":"https:\/\/www.grandsformats.com\/en\/2025\/05\/la-sante-mentale-des-musicien-nes-angle-mort-de-la-crise-du-secteur\/","title":{"rendered":"La sant\u00e9 mentale des musicien.nes, angle mort de la crise du secteur"},"content":{"rendered":"<p><em>Comment vont les artistes\u00a0?<\/em><\/p>\n<p>Cette question, je l\u2019ai pos\u00e9e r\u00e9cemment en story Instagram aux musiciens et musiciennes qui me suivent. Mais attention : en ayant bien pris soin de cr\u00e9er au pr\u00e9alable un contexte de confiance pour d\u00e9passer la r\u00e9ponse polie de circonstance. Et r\u00e9pondre finalement \u00e0 la question : \u00ab Comment allez-vous\u2026 vraiment ? \u00bb<\/p>\n<p>Pr\u00e8s d\u2019une centaine de r\u00e9pondant\u00b7es, de tous niveaux de d\u00e9veloppement de carri\u00e8re (d\u2019\u00e9l\u00e8ve de conservatoire \u00e0 t\u00eate d\u2019affiche du jazz en France), autant d\u2019hommes que de femmes, ont accept\u00e9 de r\u00e9pondre \u00e0 cette question et \u00e0 d\u2019autres, relevant du champ qu\u2019on pourrait qualifier de leur \u00ab sant\u00e9 mentale \u00bb.<\/p>\n<p>Vous le voyez venir ? Loin du \u00ab \u00e7a va \u00bb poli, loin du \u00ab \u00e7a va super \u00bb de celui qui s\u2019appr\u00eate \u00e0 annoncer la sortie prochaine de son disque, les r\u00e9sultats sont accablants. Les deux tiers des r\u00e9pondant\u00b7es se sentent d\u00e9sabus\u00e9\u00b7es, perdu\u00b7es, d\u00e9courag\u00e9\u00b7es. Plus sp\u00e9cifiquement, 4 leaders de projet sur 5 admettent aller mal.<\/p>\n<p>Les causes ne sont \u00e9videmment pas li\u00e9es au travail artistique ou instrumental ni aux concerts, mais bien \u00e0 la charge de travail non-musical et sa solitude, coupl\u00e9 au tr\u00e8s fort r\u00e9tr\u00e9cissement des perspectives\u00a0: un travail continu (administratif, communication, etc.) mais l\u2019impression de travailler dans le vide, aboutissant \u00e0 une situation mat\u00e9riellement de plus en plus pr\u00e9caire. Appelons \u00e7a le syndrome du hamster dans sa roue.<\/p>\n<p>Parmi les probl\u00e9matiques abord\u00e9es, la violence et la solitude du d\u00e9marchage quand on n\u2019a pas de tourneur (ce qui est le cas de 9 r\u00e9pondant\u00b7es sur 10) : pour les trois quarts des concern\u00e9\u00b7es, la prospection pour trouver des concerts, qui devrait \u00eatre une partie banale du travail des musicien\u00b7nes d\u2019aujourd\u2019hui<sup>1<\/sup>, repr\u00e9sente une grande source d\u2019anxi\u00e9t\u00e9.<\/p>\n<p>Plus g\u00e9n\u00e9ralement, le fait d\u2019avoir une charge mentale permanente, incluant de la culpabilit\u00e9 pendant les temps de repos, met en souffrance 87% des r\u00e9pondant\u00b7es.<\/p>\n<p>Les cons\u00e9quences d\u00e9l\u00e9t\u00e8res induites par cette pression professionnelle sont nombreuses, et concernent 4 r\u00e9pondant\u00b7es sur 5 : troubles du sommeil ou du comportement alimentaire, addictions, actes autodestructeurs, recours \u00e0 la psychoth\u00e9rapie pour traiter des probl\u00e9matiques professionnelles, etc.<sup>2<\/sup><\/p>\n<p>La souffrance au travail est de plus en plus document\u00e9e dans la plupart des branches professionnelles, y compris chez les professions lib\u00e9rales. Pourtant, on l\u2019a vu, la quasi-int\u00e9gralit\u00e9 de la parole publique des artistes consiste \u00e0 dire qu\u2019iels ont de la chance, que leur vie est un cadeau. Presqu\u2019aucun\u00b7e d\u2019entre nous ne va oser contredire ce narratif, de peur d\u2019une part d\u2019\u00eatre tax\u00e9\u00b7e de privil\u00e9gi\u00e9\u00b7e, mais aussi de briser l\u2019aura de d\u00e9sirabilit\u00e9 qu\u2019on est sens\u00e9\u00b7e g\u00e9n\u00e9rer en tant qu\u2019artiste, envers et contre tout. Prendre cette position reviendrait \u00e0 nous disqualifier de la course capitaliste in\u00e9vitable qui impr\u00e8gne nos \u00ab nobles \u00bb professions artistiques.<\/p>\n<p>C\u2019est donc la double peine pour les artistes : au fait d\u2019aller mal s\u2019ajoute la honte de l\u2019admettre, pr\u00e9sente chez 58% des r\u00e9pondant\u00b7es. Dans le m\u00eame ordre d\u2019id\u00e9e, 9 r\u00e9pondant\u00b7es sur 10 ressentent tr\u00e8s fort un ras-le-bol des r\u00e9seaux sociaux, mais s\u2019en sentiront captif\u00b7ves tant qu\u2019ils resteront un barom\u00e8tre incontournable du milieu professionnel pour \u00e9valuer les \u00ab performances \u00bb des artistes. Ca n\u2019est pas comme s\u2019il existait une alternative pour communiquer, d\u2019autant que, de plus en plus, l\u2019artiste est aussi personnellement engag\u00e9\u00b7e financi\u00e8rement sur le remplissage ou non de ses concerts.<\/p>\n<p>En dehors de notre milieu, l\u2019imaginaire collectif peut concevoir qu\u2019une star, ultra-sollicit\u00e9e, en tourn\u00e9e tout le temps, puisse ressentir des d\u00e9g\u00e2ts psychiques ou tomber dans l\u2019addiction pour faire face \u00e0 la pression \u00e0 la performance. Mais qui pourrait suspecter les dommages que peuvent causer nos situations, la dissonance cognitive entre l\u2019\u00eatre et le paraitre, la pression, le jugement, la comp\u00e9tition, la culpabilisation, le doute, l\u2019incertitude quant \u00e0 l\u2019avenir, l\u2019identification tr\u00e8s forte \u00e0 ce qu\u2019on fait qui fait qu\u2019on re\u00e7oit tout sans filtre, et les m\u00e9canismes de <em>coping<\/em><sup>3<\/sup>\u00a0souvent violents\u00a0?<\/p>\n<p>Dans le rare cas o\u00f9 quelqu\u2019un aurait le courage d\u2019exprimer un mal \u00eatre, la r\u00e9action sera souvent de plaindre l\u2019artiste et de lui souhaiter du courage\u2026 Comme si la responsabilit\u00e9 d\u2019aller mieux lui appartenait, que la solution se trouvait en lui\u00b7elle. En d\u2019autres termes, se distancier de la personne qui va mal, et individualiser le probl\u00e8me plut\u00f4t que de le politiser.<\/p>\n<p>Ici, nous pensons que cette question est \u00e9minemment politique, et qu\u2019elle m\u00e9rite mieux qu\u2019une s\u00e9rie de sondages post\u00e9s en story Instagram, ne serait-ce que pour briser le tabou et le silence autour de cette question<sup>4<\/sup>\u00a0.<\/p>\n<p>Car \u00e0 la honte \u00e0 l\u2019admettre s\u2019ajoute\u00a0m\u00eame une honte \u00e0 le ressentir, puisque \u00ab\u00a0\u00e7a pourrait \u00eatre pire\u00a0\u00bb. Bien s\u00fbr, \u00e7a pourrait \u00eatre pire sur un plan personnel mais aussi sur un plan collectif\u00a0: on pourrait vivre dans un autre pays sans l\u2019intermittence, sans politique culturelle, dans un pays avec un gouvernement ouvertement fasciste\u2026<\/p>\n<p>\u00c7a pourrait \u00eatre pire, mais la r\u00e9alit\u00e9 est l\u00e0. On a parl\u00e9 des cons\u00e9quences mais on conna\u00eet les causes. Les d\u00e9convenues, pour les compagnies artistiques ind\u00e9pendantes, arrivent en ce moment sur tous les fronts. Programmations annul\u00e9es sans perspectives de report, subventions refus\u00e9es, crit\u00e8res durcis, caisses vides, conditions de travail \u00e0 la baisse, endettement. Depuis 2022 et le retour de b\u00e2ton de la crise sanitaire, la diffusion dans notre secteur conna\u00eet une d\u00e9t\u00e9rioration tendancielle qui n\u2019est pas imputable \u00e0 des trajectoires de carri\u00e8re individuelles, et concerne pratiquement tout le monde<sup>5<\/sup>. Qui plus est, dans un secteur o\u00f9 de jeunes musicien.nes continuent \u00e0 abonder, form\u00e9\u00b7es dans une certaine insouciance.<\/p>\n<p>On a toujours \u00e9t\u00e9 familier des difficult\u00e9s de diffusion de projets XXL \u00e0 Grands Formats. Mais aujourd\u2019hui, la crise s\u2019est largement \u00e9tendue aux plus petits et moyens formats pr\u00e9sents dans nos compagnies et collectifs<sup>6<\/sup>.<\/p>\n<p>Face \u00e0 cela, une certaine violence d\u2019une partie du milieu qui semble faire comme si de rien n\u2019\u00e9tait\u00a0: Alors que des lieux et festivals au pire mettent la cl\u00e9 sous la porte, au mieux r\u00e9duisent nettement leur programmation, les plus gros parmi eux travaillent toujours avec les m\u00eames tourneurs, mettent en avant les m\u00eames artistes. Et se plaignent partout que \u00ab\u00a0les cachets des artistes explosent\u00a0\u00bb, parole dont se font \u00e9cho plusieurs m\u00e9dias. Comprendre par \u00ab\u00a0les artistes\u00a0\u00bb le seul type d\u2019artiste qui les int\u00e9resse vraiment.<\/p>\n<p>L\u2019immense majorit\u00e9 des artistes, celles et ceux dont les cachets n\u2019explosent pas, on ne l\u2019entend pas se plaindre. Et c\u2019est pour leur redonner une voix que nous comptons, \u00e0 Grands Formats, nous saisir de cette question, par le biais d\u2019une \u00e9tude plus large sur la sant\u00e9 mentale des musicien\u00b7nes dans notre secteur, qui sera lanc\u00e9e prochainement.<\/p>\n<p>D\u2019ici l\u00e0, ne prenez pas \u00ab soin de vous \u00bb, mais plut\u00f4t battons-nous collectivement pour cr\u00e9er\u00a0les conditions mat\u00e9rielles\u00a0qui nous permettront d\u2019aller mieux !<\/p>\n<p>___________________<\/p>\n<p><span style=\"font-size: 10pt;\"><sup>1<\/sup> Mais qui, \u00e0 une \u00e9poque d\u00e9sormais lointaine, ne faisait pas n\u00e9cessairement partie du m\u00e9tier, rappelons-le !<br \/>\n<\/span><span style=\"font-size: 10pt;\"><sup>2<\/sup>\u00a0Parmi la liste pr\u00e9sent\u00e9e, 49% sont concern\u00e9s par 1 ou 2 items, et 33% par trois ou plus.<br \/>\n<\/span><span style=\"font-size: 10pt;\"><sup>3<\/sup> \u00ab\u00a0faire face\u00a0\u00bb et s\u2019adapter continuellement \u00e0 de nouvelles situations inconfortables, voire traumatisantes.<br \/>\n<\/span><span style=\"font-size: 10pt;\"><sup>4<\/sup> En mars 2022, Ellinoa abordait d\u00e9j\u00e0 le sujet de la sant\u00e9 mentale des artistes dans son \u00e9dito <a href=\"https:\/\/www.grandsformats.com\/2022\/03\/tout-va-tres-bien\/\">\u00ab <\/a><strong><a href=\"https:\/\/www.grandsformats.com\/2022\/03\/tout-va-tres-bien\/\">Tout va tr\u00e8s bien <\/a><\/strong><a href=\"https:\/\/www.grandsformats.com\/2022\/03\/tout-va-tres-bien\/\">\u00bb<\/a><br \/>\n<\/span><span style=\"font-size: 10pt;\"><sup>5<\/sup>\u00a0<em>cf.<\/em> <em><strong><a href=\"https:\/\/www.grandsformats.com\/wp-content\/uploads\/2023\/07\/E%CC%81tude-flash-diffusion-2022-2023.pdf\">\u00c9tude flash sur la diffusion des membres de Grands Formats, donn\u00e9es 2022-2023<\/a><\/strong><br \/>\n<\/em><\/span><span style=\"font-size: 10pt;\"><sup>6<\/sup>\u00a0On rappelle que plus d\u2019un tiers de nos compagnies et collectifs membres ont fait face en ce d\u00e9but d\u2019ann\u00e9e \u00e0 au moins une annulation sans perspective de report. (<em>cf.<\/em> \u00c9dito du mois de mars\u00a0: \u00ab<strong>\u00a0<a href=\"https:\/\/www.grandsformats.com\/2025\/03\/les-equipes-artistiques-en-peril-alerte-sur-limpact-des-coupes-budgetaires-dans-la-culture\/\">Les \u00e9quipes artistiques en p\u00e9ril : alerte sur l\u2019impact des coupes budg\u00e9taires dans la culture<\/a> <\/strong>\u00bb)\u00a0<\/span><\/p>\n<p style=\"text-align: right;\"><strong>Par Ellinoa, vice-pr\u00e9sidente de Grands Formats et directrice artistique du Wanderlust Orchestra<\/strong><\/p>\n<p style=\"text-align: right;\"><span style=\"font-size: 10pt;\">\u00a9 Maxime de Bollivier<\/span><\/p>\n","protected":false},"excerpt":{"rendered":"<p>Comment vont les artistes\u00a0? Cette question, je l\u2019ai pos\u00e9e r\u00e9cemment en story Instagram aux musiciens et musiciennes qui me suivent. Mais attention : en ayant bien pris soin de cr\u00e9er au pr\u00e9alable un contexte de confiance pour d\u00e9passer la r\u00e9ponse polie de circonstance. Et r\u00e9pondre finalement \u00e0 la question : \u00ab Comment allez-vous\u2026 vraiment ?&#8230;<\/p>\n<p><a rel=\"bookmark\" class=\"theme-button-text wvc-button wvc-button-size-xs\" href=\"https:\/\/www.grandsformats.com\/en\/2025\/05\/la-sante-mentale-des-musicien-nes-angle-mort-de-la-crise-du-secteur\/\"><small class=\"wvc-button-background-fill\"><\/small><span>Continue reading<\/span><\/a><\/p>\n","protected":false},"author":161,"featured_media":32191,"comment_status":"open","ping_status":"open","sticky":false,"template":"","format":"standard","meta":{"_acf_changed":false,"footnotes":""},"categories":[224,663],"tags":[],"class_list":["post-32190","post","type-post","status-publish","format-standard","has-post-thumbnail","hentry","category-tribunes","category-wanderlust-orchestra","entry-post-skin-light","entry","clearfix","entry-grid","entry-columns-default","entry-post-module-layout-sidebar-right","thumbnail-color-tone-dark","metro-landscape","entry-post","entry-masonry","entry-post-masonry"],"acf":[],"yoast_head":"<!-- This site is optimized with the Yoast SEO plugin v25.8 - https:\/\/yoast.com\/wordpress\/plugins\/seo\/ -->\n<title>La sant\u00e9 mentale des musicien.nes, angle mort de la crise du secteur - Site officiel de la f\u00e9d\u00e9ration Grands Formats<\/title>\n<meta name=\"description\" content=\"Pr\u00e8s d\u2019une centaine de r\u00e9pondant\u00b7es ont accept\u00e9 de r\u00e9pondre \u00e0 cette question relevant du champ qu\u2019on pourrait qualifier de leur sant\u00e9 mentale.\" \/>\n<meta name=\"robots\" content=\"index, follow, max-snippet:-1, max-image-preview:large, max-video-preview:-1\" \/>\n<link rel=\"canonical\" href=\"https:\/\/www.grandsformats.com\/2025\/05\/la-sante-mentale-des-musicien-nes-angle-mort-de-la-crise-du-secteur\/\" \/>\n<meta property=\"og:locale\" content=\"en_US\" \/>\n<meta property=\"og:type\" content=\"article\" \/>\n<meta property=\"og:title\" content=\"La sant\u00e9 mentale des musicien.nes, angle mort de la crise du secteur - Site officiel de la f\u00e9d\u00e9ration Grands Formats\" \/>\n<meta property=\"og:description\" content=\"Pr\u00e8s d\u2019une centaine de r\u00e9pondant\u00b7es ont accept\u00e9 de r\u00e9pondre \u00e0 cette question relevant du champ qu\u2019on pourrait qualifier de leur sant\u00e9 mentale.\" \/>\n<meta property=\"og:url\" content=\"https:\/\/www.grandsformats.com\/2025\/05\/la-sante-mentale-des-musicien-nes-angle-mort-de-la-crise-du-secteur\/\" \/>\n<meta property=\"og:site_name\" content=\"Site officiel de la f\u00e9d\u00e9ration Grands Formats\" \/>\n<meta property=\"article:publisher\" content=\"https:\/\/www.facebook.com\/grandsformats\/\" \/>\n<meta property=\"article:published_time\" content=\"2025-05-06T10:15:35+00:00\" \/>\n<meta property=\"article:modified_time\" content=\"2025-05-09T07:50:44+00:00\" \/>\n<meta property=\"og:image\" content=\"https:\/\/www.grandsformats.com\/wp-content\/uploads\/2025\/05\/169_Camille_Maxime-de-Bollivier.jpg\" \/>\n\t<meta property=\"og:image:width\" content=\"1920\" \/>\n\t<meta property=\"og:image:height\" content=\"1080\" \/>\n\t<meta property=\"og:image:type\" content=\"image\/jpeg\" \/>\n<meta name=\"author\" content=\"Laura Hanequand - Grands Formats\" \/>\n<meta name=\"twitter:card\" content=\"summary_large_image\" \/>\n<meta name=\"twitter:creator\" content=\"@GrandsFormatsGF\" \/>\n<meta name=\"twitter:site\" content=\"@GrandsFormatsGF\" \/>\n<meta name=\"twitter:label1\" content=\"Written by\" \/>\n\t<meta name=\"twitter:data1\" content=\"Laura Hanequand - Grands Formats\" \/>\n\t<meta name=\"twitter:label2\" content=\"Est. reading time\" \/>\n\t<meta name=\"twitter:data2\" content=\"7 minutes\" \/>\n<script type=\"application\/ld+json\" class=\"yoast-schema-graph\">{\"@context\":\"https:\/\/schema.org\",\"@graph\":[{\"@type\":\"Article\",\"@id\":\"https:\/\/www.grandsformats.com\/2025\/05\/la-sante-mentale-des-musicien-nes-angle-mort-de-la-crise-du-secteur\/#article\",\"isPartOf\":{\"@id\":\"https:\/\/www.grandsformats.com\/2025\/05\/la-sante-mentale-des-musicien-nes-angle-mort-de-la-crise-du-secteur\/\"},\"author\":{\"name\":\"Laura Hanequand - Grands Formats\",\"@id\":\"https:\/\/www.grandsformats.com\/#\/schema\/person\/56c2866069b6967b2c7becd25c9b4dbb\"},\"headline\":\"La sant\u00e9 mentale des musicien.nes, angle mort de la crise du secteur\",\"datePublished\":\"2025-05-06T10:15:35+00:00\",\"dateModified\":\"2025-05-09T07:50:44+00:00\",\"mainEntityOfPage\":{\"@id\":\"https:\/\/www.grandsformats.com\/2025\/05\/la-sante-mentale-des-musicien-nes-angle-mort-de-la-crise-du-secteur\/\"},\"wordCount\":1379,\"commentCount\":0,\"publisher\":{\"@id\":\"https:\/\/www.grandsformats.com\/#organization\"},\"image\":{\"@id\":\"https:\/\/www.grandsformats.com\/2025\/05\/la-sante-mentale-des-musicien-nes-angle-mort-de-la-crise-du-secteur\/#primaryimage\"},\"thumbnailUrl\":\"https:\/\/www.grandsformats.com\/wp-content\/uploads\/2025\/05\/169_Camille_Maxime-de-Bollivier.jpg\",\"articleSection\":[\"Tribunes\",\"Wanderlust Orchestra\"],\"inLanguage\":\"en-US\",\"potentialAction\":[{\"@type\":\"CommentAction\",\"name\":\"Comment\",\"target\":[\"https:\/\/www.grandsformats.com\/2025\/05\/la-sante-mentale-des-musicien-nes-angle-mort-de-la-crise-du-secteur\/#respond\"]}]},{\"@type\":\"WebPage\",\"@id\":\"https:\/\/www.grandsformats.com\/2025\/05\/la-sante-mentale-des-musicien-nes-angle-mort-de-la-crise-du-secteur\/\",\"url\":\"https:\/\/www.grandsformats.com\/2025\/05\/la-sante-mentale-des-musicien-nes-angle-mort-de-la-crise-du-secteur\/\",\"name\":\"La sant\u00e9 mentale des musicien.nes, angle mort de la crise du secteur - Site officiel de la f\u00e9d\u00e9ration Grands Formats\",\"isPartOf\":{\"@id\":\"https:\/\/www.grandsformats.com\/#website\"},\"primaryImageOfPage\":{\"@id\":\"https:\/\/www.grandsformats.com\/2025\/05\/la-sante-mentale-des-musicien-nes-angle-mort-de-la-crise-du-secteur\/#primaryimage\"},\"image\":{\"@id\":\"https:\/\/www.grandsformats.com\/2025\/05\/la-sante-mentale-des-musicien-nes-angle-mort-de-la-crise-du-secteur\/#primaryimage\"},\"thumbnailUrl\":\"https:\/\/www.grandsformats.com\/wp-content\/uploads\/2025\/05\/169_Camille_Maxime-de-Bollivier.jpg\",\"datePublished\":\"2025-05-06T10:15:35+00:00\",\"dateModified\":\"2025-05-09T07:50:44+00:00\",\"description\":\"Pr\u00e8s d\u2019une centaine de r\u00e9pondant\u00b7es ont accept\u00e9 de r\u00e9pondre \u00e0 cette question relevant du champ qu\u2019on pourrait qualifier de leur sant\u00e9 mentale.\",\"breadcrumb\":{\"@id\":\"https:\/\/www.grandsformats.com\/2025\/05\/la-sante-mentale-des-musicien-nes-angle-mort-de-la-crise-du-secteur\/#breadcrumb\"},\"inLanguage\":\"en-US\",\"potentialAction\":[{\"@type\":\"ReadAction\",\"target\":[\"https:\/\/www.grandsformats.com\/2025\/05\/la-sante-mentale-des-musicien-nes-angle-mort-de-la-crise-du-secteur\/\"]}]},{\"@type\":\"ImageObject\",\"inLanguage\":\"en-US\",\"@id\":\"https:\/\/www.grandsformats.com\/2025\/05\/la-sante-mentale-des-musicien-nes-angle-mort-de-la-crise-du-secteur\/#primaryimage\",\"url\":\"https:\/\/www.grandsformats.com\/wp-content\/uploads\/2025\/05\/169_Camille_Maxime-de-Bollivier.jpg\",\"contentUrl\":\"https:\/\/www.grandsformats.com\/wp-content\/uploads\/2025\/05\/169_Camille_Maxime-de-Bollivier.jpg\",\"width\":1920,\"height\":1080,\"caption\":\"camille maxime de bollivier\"},{\"@type\":\"BreadcrumbList\",\"@id\":\"https:\/\/www.grandsformats.com\/2025\/05\/la-sante-mentale-des-musicien-nes-angle-mort-de-la-crise-du-secteur\/#breadcrumb\",\"itemListElement\":[{\"@type\":\"ListItem\",\"position\":1,\"name\":\"Accueil\",\"item\":\"https:\/\/www.grandsformats.com\/en\/\"},{\"@type\":\"ListItem\",\"position\":2,\"name\":\"La sant\u00e9 mentale des musicien.nes, angle mort de la crise du secteur\"}]},{\"@type\":\"WebSite\",\"@id\":\"https:\/\/www.grandsformats.com\/#website\",\"url\":\"https:\/\/www.grandsformats.com\/\",\"name\":\"Site officiel de la f\u00e9d\u00e9ration Grands Formats\",\"description\":\"F\u00e9d\u00e9ration d&#039;artistes pour la musique en grand !\",\"publisher\":{\"@id\":\"https:\/\/www.grandsformats.com\/#organization\"},\"potentialAction\":[{\"@type\":\"SearchAction\",\"target\":{\"@type\":\"EntryPoint\",\"urlTemplate\":\"https:\/\/www.grandsformats.com\/?s={search_term_string}\"},\"query-input\":{\"@type\":\"PropertyValueSpecification\",\"valueRequired\":true,\"valueName\":\"search_term_string\"}}],\"inLanguage\":\"en-US\"},{\"@type\":\"Organization\",\"@id\":\"https:\/\/www.grandsformats.com\/#organization\",\"name\":\"Grands Formats\",\"url\":\"https:\/\/www.grandsformats.com\/\",\"logo\":{\"@type\":\"ImageObject\",\"inLanguage\":\"en-US\",\"@id\":\"https:\/\/www.grandsformats.com\/#\/schema\/logo\/image\/\",\"url\":\"https:\/\/www.grandsformats.com\/wp-content\/uploads\/2020\/03\/logo-GF-200.png\",\"contentUrl\":\"https:\/\/www.grandsformats.com\/wp-content\/uploads\/2020\/03\/logo-GF-200.png\",\"width\":155,\"height\":200,\"caption\":\"Grands Formats\"},\"image\":{\"@id\":\"https:\/\/www.grandsformats.com\/#\/schema\/logo\/image\/\"},\"sameAs\":[\"https:\/\/www.facebook.com\/grandsformats\/\",\"https:\/\/x.com\/GrandsFormatsGF\",\"https:\/\/www.instagram.com\/grandsformats\/\",\"https:\/\/www.youtube.com\/channel\/UCJ7k9dbqc_DG-nxI3WMPvhw?view_as=subscriberhttps:\/\/www.youtube.com\/channel\/UCJ7k9dbqc_DG-nxI3WMPvhw?view_as=subscriber\"]},{\"@type\":\"Person\",\"@id\":\"https:\/\/www.grandsformats.com\/#\/schema\/person\/56c2866069b6967b2c7becd25c9b4dbb\",\"name\":\"Laura Hanequand - Grands Formats\",\"image\":{\"@type\":\"ImageObject\",\"inLanguage\":\"en-US\",\"@id\":\"https:\/\/www.grandsformats.com\/#\/schema\/person\/image\/\",\"url\":\"https:\/\/secure.gravatar.com\/avatar\/6d52edecb86835c2b7e81a2cdb8965ae325b4045b44f9043177428c622c06643?s=96&d=mm&r=g\",\"contentUrl\":\"https:\/\/secure.gravatar.com\/avatar\/6d52edecb86835c2b7e81a2cdb8965ae325b4045b44f9043177428c622c06643?s=96&d=mm&r=g\",\"caption\":\"Laura Hanequand - Grands Formats\"},\"url\":\"https:\/\/www.grandsformats.com\/en\/author\/lauragrandsformats-com\/\"}]}<\/script>\n<!-- \/ Yoast SEO plugin. -->","yoast_head_json":{"title":"La sant\u00e9 mentale des musicien.nes, angle mort de la crise du secteur - Site officiel de la f\u00e9d\u00e9ration Grands Formats","description":"Pr\u00e8s d\u2019une centaine de r\u00e9pondant\u00b7es ont accept\u00e9 de r\u00e9pondre \u00e0 cette question relevant du champ qu\u2019on pourrait qualifier de leur sant\u00e9 mentale.","robots":{"index":"index","follow":"follow","max-snippet":"max-snippet:-1","max-image-preview":"max-image-preview:large","max-video-preview":"max-video-preview:-1"},"canonical":"https:\/\/www.grandsformats.com\/2025\/05\/la-sante-mentale-des-musicien-nes-angle-mort-de-la-crise-du-secteur\/","og_locale":"en_US","og_type":"article","og_title":"La sant\u00e9 mentale des musicien.nes, angle mort de la crise du secteur - Site officiel de la f\u00e9d\u00e9ration Grands Formats","og_description":"Pr\u00e8s d\u2019une centaine de r\u00e9pondant\u00b7es ont accept\u00e9 de r\u00e9pondre \u00e0 cette question relevant du champ qu\u2019on pourrait qualifier de leur sant\u00e9 mentale.","og_url":"https:\/\/www.grandsformats.com\/2025\/05\/la-sante-mentale-des-musicien-nes-angle-mort-de-la-crise-du-secteur\/","og_site_name":"Site officiel de la f\u00e9d\u00e9ration Grands Formats","article_publisher":"https:\/\/www.facebook.com\/grandsformats\/","article_published_time":"2025-05-06T10:15:35+00:00","article_modified_time":"2025-05-09T07:50:44+00:00","og_image":[{"width":1920,"height":1080,"url":"https:\/\/www.grandsformats.com\/wp-content\/uploads\/2025\/05\/169_Camille_Maxime-de-Bollivier.jpg","type":"image\/jpeg"}],"author":"Laura Hanequand - Grands Formats","twitter_card":"summary_large_image","twitter_creator":"@GrandsFormatsGF","twitter_site":"@GrandsFormatsGF","twitter_misc":{"Written by":"Laura Hanequand - Grands Formats","Est. reading time":"7 minutes"},"schema":{"@context":"https:\/\/schema.org","@graph":[{"@type":"Article","@id":"https:\/\/www.grandsformats.com\/2025\/05\/la-sante-mentale-des-musicien-nes-angle-mort-de-la-crise-du-secteur\/#article","isPartOf":{"@id":"https:\/\/www.grandsformats.com\/2025\/05\/la-sante-mentale-des-musicien-nes-angle-mort-de-la-crise-du-secteur\/"},"author":{"name":"Laura Hanequand - Grands Formats","@id":"https:\/\/www.grandsformats.com\/#\/schema\/person\/56c2866069b6967b2c7becd25c9b4dbb"},"headline":"La sant\u00e9 mentale des musicien.nes, angle mort de la crise du secteur","datePublished":"2025-05-06T10:15:35+00:00","dateModified":"2025-05-09T07:50:44+00:00","mainEntityOfPage":{"@id":"https:\/\/www.grandsformats.com\/2025\/05\/la-sante-mentale-des-musicien-nes-angle-mort-de-la-crise-du-secteur\/"},"wordCount":1379,"commentCount":0,"publisher":{"@id":"https:\/\/www.grandsformats.com\/#organization"},"image":{"@id":"https:\/\/www.grandsformats.com\/2025\/05\/la-sante-mentale-des-musicien-nes-angle-mort-de-la-crise-du-secteur\/#primaryimage"},"thumbnailUrl":"https:\/\/www.grandsformats.com\/wp-content\/uploads\/2025\/05\/169_Camille_Maxime-de-Bollivier.jpg","articleSection":["Tribunes","Wanderlust Orchestra"],"inLanguage":"en-US","potentialAction":[{"@type":"CommentAction","name":"Comment","target":["https:\/\/www.grandsformats.com\/2025\/05\/la-sante-mentale-des-musicien-nes-angle-mort-de-la-crise-du-secteur\/#respond"]}]},{"@type":"WebPage","@id":"https:\/\/www.grandsformats.com\/2025\/05\/la-sante-mentale-des-musicien-nes-angle-mort-de-la-crise-du-secteur\/","url":"https:\/\/www.grandsformats.com\/2025\/05\/la-sante-mentale-des-musicien-nes-angle-mort-de-la-crise-du-secteur\/","name":"La sant\u00e9 mentale des musicien.nes, angle mort de la crise du secteur - Site officiel de la f\u00e9d\u00e9ration Grands Formats","isPartOf":{"@id":"https:\/\/www.grandsformats.com\/#website"},"primaryImageOfPage":{"@id":"https:\/\/www.grandsformats.com\/2025\/05\/la-sante-mentale-des-musicien-nes-angle-mort-de-la-crise-du-secteur\/#primaryimage"},"image":{"@id":"https:\/\/www.grandsformats.com\/2025\/05\/la-sante-mentale-des-musicien-nes-angle-mort-de-la-crise-du-secteur\/#primaryimage"},"thumbnailUrl":"https:\/\/www.grandsformats.com\/wp-content\/uploads\/2025\/05\/169_Camille_Maxime-de-Bollivier.jpg","datePublished":"2025-05-06T10:15:35+00:00","dateModified":"2025-05-09T07:50:44+00:00","description":"Pr\u00e8s d\u2019une centaine de r\u00e9pondant\u00b7es ont accept\u00e9 de r\u00e9pondre \u00e0 cette question relevant du champ qu\u2019on pourrait qualifier de leur sant\u00e9 mentale.","breadcrumb":{"@id":"https:\/\/www.grandsformats.com\/2025\/05\/la-sante-mentale-des-musicien-nes-angle-mort-de-la-crise-du-secteur\/#breadcrumb"},"inLanguage":"en-US","potentialAction":[{"@type":"ReadAction","target":["https:\/\/www.grandsformats.com\/2025\/05\/la-sante-mentale-des-musicien-nes-angle-mort-de-la-crise-du-secteur\/"]}]},{"@type":"ImageObject","inLanguage":"en-US","@id":"https:\/\/www.grandsformats.com\/2025\/05\/la-sante-mentale-des-musicien-nes-angle-mort-de-la-crise-du-secteur\/#primaryimage","url":"https:\/\/www.grandsformats.com\/wp-content\/uploads\/2025\/05\/169_Camille_Maxime-de-Bollivier.jpg","contentUrl":"https:\/\/www.grandsformats.com\/wp-content\/uploads\/2025\/05\/169_Camille_Maxime-de-Bollivier.jpg","width":1920,"height":1080,"caption":"camille maxime de bollivier"},{"@type":"BreadcrumbList","@id":"https:\/\/www.grandsformats.com\/2025\/05\/la-sante-mentale-des-musicien-nes-angle-mort-de-la-crise-du-secteur\/#breadcrumb","itemListElement":[{"@type":"ListItem","position":1,"name":"Accueil","item":"https:\/\/www.grandsformats.com\/en\/"},{"@type":"ListItem","position":2,"name":"La sant\u00e9 mentale des musicien.nes, angle mort de la crise du secteur"}]},{"@type":"WebSite","@id":"https:\/\/www.grandsformats.com\/#website","url":"https:\/\/www.grandsformats.com\/","name":"Site officiel de la f\u00e9d\u00e9ration Grands Formats","description":"F\u00e9d\u00e9ration d&#039;artistes pour la musique en grand !","publisher":{"@id":"https:\/\/www.grandsformats.com\/#organization"},"potentialAction":[{"@type":"SearchAction","target":{"@type":"EntryPoint","urlTemplate":"https:\/\/www.grandsformats.com\/?s={search_term_string}"},"query-input":{"@type":"PropertyValueSpecification","valueRequired":true,"valueName":"search_term_string"}}],"inLanguage":"en-US"},{"@type":"Organization","@id":"https:\/\/www.grandsformats.com\/#organization","name":"Grands Formats","url":"https:\/\/www.grandsformats.com\/","logo":{"@type":"ImageObject","inLanguage":"en-US","@id":"https:\/\/www.grandsformats.com\/#\/schema\/logo\/image\/","url":"https:\/\/www.grandsformats.com\/wp-content\/uploads\/2020\/03\/logo-GF-200.png","contentUrl":"https:\/\/www.grandsformats.com\/wp-content\/uploads\/2020\/03\/logo-GF-200.png","width":155,"height":200,"caption":"Grands Formats"},"image":{"@id":"https:\/\/www.grandsformats.com\/#\/schema\/logo\/image\/"},"sameAs":["https:\/\/www.facebook.com\/grandsformats\/","https:\/\/x.com\/GrandsFormatsGF","https:\/\/www.instagram.com\/grandsformats\/","https:\/\/www.youtube.com\/channel\/UCJ7k9dbqc_DG-nxI3WMPvhw?view_as=subscriberhttps:\/\/www.youtube.com\/channel\/UCJ7k9dbqc_DG-nxI3WMPvhw?view_as=subscriber"]},{"@type":"Person","@id":"https:\/\/www.grandsformats.com\/#\/schema\/person\/56c2866069b6967b2c7becd25c9b4dbb","name":"Laura Hanequand - Grands Formats","image":{"@type":"ImageObject","inLanguage":"en-US","@id":"https:\/\/www.grandsformats.com\/#\/schema\/person\/image\/","url":"https:\/\/secure.gravatar.com\/avatar\/6d52edecb86835c2b7e81a2cdb8965ae325b4045b44f9043177428c622c06643?s=96&d=mm&r=g","contentUrl":"https:\/\/secure.gravatar.com\/avatar\/6d52edecb86835c2b7e81a2cdb8965ae325b4045b44f9043177428c622c06643?s=96&d=mm&r=g","caption":"Laura Hanequand - Grands Formats"},"url":"https:\/\/www.grandsformats.com\/en\/author\/lauragrandsformats-com\/"}]}},"_links":{"self":[{"href":"https:\/\/www.grandsformats.com\/en\/wp-json\/wp\/v2\/posts\/32190","targetHints":{"allow":["GET"]}}],"collection":[{"href":"https:\/\/www.grandsformats.com\/en\/wp-json\/wp\/v2\/posts"}],"about":[{"href":"https:\/\/www.grandsformats.com\/en\/wp-json\/wp\/v2\/types\/post"}],"author":[{"embeddable":true,"href":"https:\/\/www.grandsformats.com\/en\/wp-json\/wp\/v2\/users\/161"}],"replies":[{"embeddable":true,"href":"https:\/\/www.grandsformats.com\/en\/wp-json\/wp\/v2\/comments?post=32190"}],"version-history":[{"count":6,"href":"https:\/\/www.grandsformats.com\/en\/wp-json\/wp\/v2\/posts\/32190\/revisions"}],"predecessor-version":[{"id":32204,"href":"https:\/\/www.grandsformats.com\/en\/wp-json\/wp\/v2\/posts\/32190\/revisions\/32204"}],"wp:featuredmedia":[{"embeddable":true,"href":"https:\/\/www.grandsformats.com\/en\/wp-json\/wp\/v2\/media\/32191"}],"wp:attachment":[{"href":"https:\/\/www.grandsformats.com\/en\/wp-json\/wp\/v2\/media?parent=32190"}],"wp:term":[{"taxonomy":"category","embeddable":true,"href":"https:\/\/www.grandsformats.com\/en\/wp-json\/wp\/v2\/categories?post=32190"},{"taxonomy":"post_tag","embeddable":true,"href":"https:\/\/www.grandsformats.com\/en\/wp-json\/wp\/v2\/tags?post=32190"}],"curies":[{"name":"wp","href":"https:\/\/api.w.org\/{rel}","templated":true}]}}