{"id":32167,"date":"2025-05-02T18:17:37","date_gmt":"2025-05-02T16:17:37","guid":{"rendered":"https:\/\/www.grandsformats.com\/?p=32167"},"modified":"2025-05-09T10:16:15","modified_gmt":"2025-05-09T08:16:15","slug":"leila-olivesi-octet-joy-en-avant-premiere-au-festival-jazz-a-saint-germain-des-pres-19-05","status":"publish","type":"post","link":"https:\/\/www.grandsformats.com\/en\/2025\/05\/leila-olivesi-octet-joy-en-avant-premiere-au-festival-jazz-a-saint-germain-des-pres-19-05\/","title":{"rendered":"LE\u00cfLA OLIVESI OCTET : JOY EN AVANT-PREMI\u00c8RE AU FESTIVAL JAZZ \u00c0 SAINT GERMAIN DES PR\u00c9S 19\/05"},"content":{"rendered":"<p>Une nouvelle aventure se dessine et le coup d&#8217;envoi d&#8217;<em>African Rhapsody<\/em> sera donn\u00e9 le 19 mai pour la soir\u00e9e de cl\u00f4ture du Festival Jazz \u00e0 Saint-Germain-des-Pr\u00e9s \u00e0 20h30. Le th\u00e9\u00e2tre de l&#8217;Alliance fran\u00e7aise r\u00e9sonnera au son de JOY, le single ensoleill\u00e9 de l&#8217;Octet qui sortira le 23 mai et que vous pouvez retrouver sur toutes les plateformes !<\/p>\n<p>Line-up \u2606\u2606\u2606<br \/>\nLEILA OLIVESI, piano &amp; composition<br \/>\nQUENTIN GHOMARI, trompette<br \/>\nBAPTISTE HERBIN, saxophone alto &amp; flu\u0302te<br \/>\nJEAN-CHARLES RICHARD, saxophone baryton &amp; soprano<br \/>\nADRIEN SANCHEZ, saxophone te\u0301nor<br \/>\nMANU CODJIA, guitare<br \/>\nYONI ZELNIK, contrebasse<br \/>\nDONALD KONTOMANOU, batterie<\/p>\n<p>Il faudra patienter jusqu&#8217;\u00e0 l&#8217;automne pour \u00e9couter l&#8217;album complet mais vous pouvez le pr\u00e9-commander sur helloasso et le recevoir en avant-premi\u00e8re d\u00e8s la rentr\u00e9e !<\/p>\n<p><span style=\"text-decoration: underline;\"><a href=\"https:\/\/www.helloasso.com\/associations\/attention-fragile\/collectes\/african-rhapsody\"><strong>&gt; Commander African Rhapsody<\/strong><\/a><br \/>\n<strong><a href=\"https:\/\/bfan.link\/joy-10\">&gt; Pr\u00e9-enregistrer le single &#8220;JOY&#8221;<\/a><\/strong><br \/>\n<\/span><span style=\"text-decoration: underline;\"><strong><a href=\"http:\/\/www.leilaolivesi.com\">&gt; Plus d&#8217;infos\u00a0<\/a><\/strong><\/span><\/p>\n<p><span style=\"font-size: 10pt;\">Photo \u00a9 Solene Person<\/span><\/p>\n","protected":false},"excerpt":{"rendered":"<p>Une nouvelle aventure se dessine et le coup d&#8217;envoi d&#8217;African Rhapsody sera donn\u00e9 le 19 mai pour la soir\u00e9e de cl\u00f4ture du Festival Jazz \u00e0 Saint-Germain-des-Pr\u00e9s \u00e0 20h30. Le th\u00e9\u00e2tre de l&#8217;Alliance fran\u00e7aise r\u00e9sonnera au son de JOY, le single ensoleill\u00e9 de l&#8217;Octet qui sortira le 23 mai et que vous pouvez retrouver sur toutes&#8230;<\/p>\n<p><a rel=\"bookmark\" class=\"theme-button-text wvc-button wvc-button-size-xs\" href=\"https:\/\/www.grandsformats.com\/en\/2025\/05\/leila-olivesi-octet-joy-en-avant-premiere-au-festival-jazz-a-saint-germain-des-pres-19-05\/\"><small class=\"wvc-button-background-fill\"><\/small><span>Continue reading<\/span><\/a><\/p>\n","protected":false},"author":161,"featured_media":32168,"comment_status":"open","ping_status":"open","sticky":false,"template":"","format":"standard","meta":{"_acf_changed":false,"footnotes":""},"categories":[95,855],"tags":[],"class_list":["post-32167","post","type-post","status-publish","format-standard","has-post-thumbnail","hentry","category-membres","category-leila-olivesi-octet","entry-post-skin-light","entry","clearfix","entry-grid","entry-columns-default","entry-post-module-layout-sidebar-right","thumbnail-color-tone-light","metro-landscape","entry-post","entry-masonry","entry-post-masonry"],"acf":[],"yoast_head":"<!-- This site is optimized with the Yoast SEO plugin v25.8 - https:\/\/yoast.com\/wordpress\/plugins\/seo\/ -->\n<title>LE\u00cfLA OLIVESI OCTET : JOY EN AVANT-PREMI\u00c8RE AU FESTIVAL JAZZ \u00c0 SAINT GERMAIN DES PR\u00c9S 19\/05 - Site officiel de la f\u00e9d\u00e9ration Grands Formats<\/title>\n<meta name=\"description\" content=\"Une nouvelle aventure se dessine et le coup d&#039;envoi d&#039;African Rhapsody sera donn\u00e9 le 19 mai pour la soir\u00e9e de cl\u00f4ture du Festival Jazz...\" \/>\n<meta name=\"robots\" content=\"index, follow, max-snippet:-1, max-image-preview:large, max-video-preview:-1\" \/>\n<link rel=\"canonical\" href=\"https:\/\/www.grandsformats.com\/2025\/05\/leila-olivesi-octet-joy-en-avant-premiere-au-festival-jazz-a-saint-germain-des-pres-19-05\/\" \/>\n<meta property=\"og:locale\" content=\"en_US\" \/>\n<meta property=\"og:type\" content=\"article\" \/>\n<meta property=\"og:title\" content=\"LE\u00cfLA OLIVESI OCTET : JOY EN AVANT-PREMI\u00c8RE AU FESTIVAL JAZZ \u00c0 SAINT GERMAIN DES PR\u00c9S 19\/05 - Site officiel de la f\u00e9d\u00e9ration Grands Formats\" \/>\n<meta property=\"og:description\" content=\"Une nouvelle aventure se dessine et le coup d&#039;envoi d&#039;African Rhapsody sera donn\u00e9 le 19 mai pour la soir\u00e9e de cl\u00f4ture du Festival Jazz...\" \/>\n<meta property=\"og:url\" content=\"https:\/\/www.grandsformats.com\/2025\/05\/leila-olivesi-octet-joy-en-avant-premiere-au-festival-jazz-a-saint-germain-des-pres-19-05\/\" \/>\n<meta property=\"og:site_name\" content=\"Site officiel de la f\u00e9d\u00e9ration Grands Formats\" \/>\n<meta property=\"article:publisher\" content=\"https:\/\/www.facebook.com\/grandsformats\/\" \/>\n<meta property=\"article:published_time\" content=\"2025-05-02T16:17:37+00:00\" \/>\n<meta property=\"article:modified_time\" content=\"2025-05-09T08:16:15+00:00\" \/>\n<meta property=\"og:image\" content=\"https:\/\/www.grandsformats.com\/wp-content\/uploads\/2025\/05\/169JOY-SINGLE-COVER.jpg\" \/>\n\t<meta property=\"og:image:width\" content=\"1920\" \/>\n\t<meta property=\"og:image:height\" content=\"1080\" \/>\n\t<meta property=\"og:image:type\" content=\"image\/jpeg\" \/>\n<meta name=\"author\" content=\"Laura Hanequand - Grands Formats\" \/>\n<meta name=\"twitter:card\" content=\"summary_large_image\" \/>\n<meta name=\"twitter:creator\" content=\"@GrandsFormatsGF\" \/>\n<meta name=\"twitter:site\" content=\"@GrandsFormatsGF\" \/>\n<meta name=\"twitter:label1\" content=\"Written by\" \/>\n\t<meta name=\"twitter:data1\" content=\"Laura Hanequand - Grands Formats\" \/>\n\t<meta name=\"twitter:label2\" content=\"Est. reading time\" \/>\n\t<meta name=\"twitter:data2\" content=\"1 minute\" \/>\n<script type=\"application\/ld+json\" class=\"yoast-schema-graph\">{\"@context\":\"https:\/\/schema.org\",\"@graph\":[{\"@type\":\"Article\",\"@id\":\"https:\/\/www.grandsformats.com\/2025\/05\/leila-olivesi-octet-joy-en-avant-premiere-au-festival-jazz-a-saint-germain-des-pres-19-05\/#article\",\"isPartOf\":{\"@id\":\"https:\/\/www.grandsformats.com\/2025\/05\/leila-olivesi-octet-joy-en-avant-premiere-au-festival-jazz-a-saint-germain-des-pres-19-05\/\"},\"author\":{\"name\":\"Laura Hanequand - Grands Formats\",\"@id\":\"https:\/\/www.grandsformats.com\/#\/schema\/person\/56c2866069b6967b2c7becd25c9b4dbb\"},\"headline\":\"LE\u00cfLA OLIVESI OCTET : JOY EN AVANT-PREMI\u00c8RE AU FESTIVAL JAZZ \u00c0 SAINT GERMAIN DES PR\u00c9S 19\/05\",\"datePublished\":\"2025-05-02T16:17:37+00:00\",\"dateModified\":\"2025-05-09T08:16:15+00:00\",\"mainEntityOfPage\":{\"@id\":\"https:\/\/www.grandsformats.com\/2025\/05\/leila-olivesi-octet-joy-en-avant-premiere-au-festival-jazz-a-saint-germain-des-pres-19-05\/\"},\"wordCount\":162,\"commentCount\":0,\"publisher\":{\"@id\":\"https:\/\/www.grandsformats.com\/#organization\"},\"image\":{\"@id\":\"https:\/\/www.grandsformats.com\/2025\/05\/leila-olivesi-octet-joy-en-avant-premiere-au-festival-jazz-a-saint-germain-des-pres-19-05\/#primaryimage\"},\"thumbnailUrl\":\"https:\/\/www.grandsformats.com\/wp-content\/uploads\/2025\/05\/169JOY-SINGLE-COVER.jpg\",\"articleSection\":[\"Actus des membres\",\"Le\u00efla Olivesi Octet\"],\"inLanguage\":\"en-US\",\"potentialAction\":[{\"@type\":\"CommentAction\",\"name\":\"Comment\",\"target\":[\"https:\/\/www.grandsformats.com\/2025\/05\/leila-olivesi-octet-joy-en-avant-premiere-au-festival-jazz-a-saint-germain-des-pres-19-05\/#respond\"]}]},{\"@type\":\"WebPage\",\"@id\":\"https:\/\/www.grandsformats.com\/2025\/05\/leila-olivesi-octet-joy-en-avant-premiere-au-festival-jazz-a-saint-germain-des-pres-19-05\/\",\"url\":\"https:\/\/www.grandsformats.com\/2025\/05\/leila-olivesi-octet-joy-en-avant-premiere-au-festival-jazz-a-saint-germain-des-pres-19-05\/\",\"name\":\"LE\u00cfLA OLIVESI OCTET : JOY EN AVANT-PREMI\u00c8RE AU FESTIVAL JAZZ \u00c0 SAINT GERMAIN DES PR\u00c9S 19\/05 - Site officiel de la f\u00e9d\u00e9ration Grands Formats\",\"isPartOf\":{\"@id\":\"https:\/\/www.grandsformats.com\/#website\"},\"primaryImageOfPage\":{\"@id\":\"https:\/\/www.grandsformats.com\/2025\/05\/leila-olivesi-octet-joy-en-avant-premiere-au-festival-jazz-a-saint-germain-des-pres-19-05\/#primaryimage\"},\"image\":{\"@id\":\"https:\/\/www.grandsformats.com\/2025\/05\/leila-olivesi-octet-joy-en-avant-premiere-au-festival-jazz-a-saint-germain-des-pres-19-05\/#primaryimage\"},\"thumbnailUrl\":\"https:\/\/www.grandsformats.com\/wp-content\/uploads\/2025\/05\/169JOY-SINGLE-COVER.jpg\",\"datePublished\":\"2025-05-02T16:17:37+00:00\",\"dateModified\":\"2025-05-09T08:16:15+00:00\",\"description\":\"Une nouvelle aventure se dessine et le coup d'envoi d'African Rhapsody sera donn\u00e9 le 19 mai pour la soir\u00e9e de cl\u00f4ture du Festival Jazz...\",\"breadcrumb\":{\"@id\":\"https:\/\/www.grandsformats.com\/2025\/05\/leila-olivesi-octet-joy-en-avant-premiere-au-festival-jazz-a-saint-germain-des-pres-19-05\/#breadcrumb\"},\"inLanguage\":\"en-US\",\"potentialAction\":[{\"@type\":\"ReadAction\",\"target\":[\"https:\/\/www.grandsformats.com\/2025\/05\/leila-olivesi-octet-joy-en-avant-premiere-au-festival-jazz-a-saint-germain-des-pres-19-05\/\"]}]},{\"@type\":\"ImageObject\",\"inLanguage\":\"en-US\",\"@id\":\"https:\/\/www.grandsformats.com\/2025\/05\/leila-olivesi-octet-joy-en-avant-premiere-au-festival-jazz-a-saint-germain-des-pres-19-05\/#primaryimage\",\"url\":\"https:\/\/www.grandsformats.com\/wp-content\/uploads\/2025\/05\/169JOY-SINGLE-COVER.jpg\",\"contentUrl\":\"https:\/\/www.grandsformats.com\/wp-content\/uploads\/2025\/05\/169JOY-SINGLE-COVER.jpg\",\"width\":1920,\"height\":1080,\"caption\":\"Leila Olivesi JOY\"},{\"@type\":\"BreadcrumbList\",\"@id\":\"https:\/\/www.grandsformats.com\/2025\/05\/leila-olivesi-octet-joy-en-avant-premiere-au-festival-jazz-a-saint-germain-des-pres-19-05\/#breadcrumb\",\"itemListElement\":[{\"@type\":\"ListItem\",\"position\":1,\"name\":\"Accueil\",\"item\":\"https:\/\/www.grandsformats.com\/en\/\"},{\"@type\":\"ListItem\",\"position\":2,\"name\":\"LE\u00cfLA OLIVESI OCTET : JOY EN AVANT-PREMI\u00c8RE AU FESTIVAL JAZZ \u00c0 SAINT GERMAIN DES PR\u00c9S 19\/05\"}]},{\"@type\":\"WebSite\",\"@id\":\"https:\/\/www.grandsformats.com\/#website\",\"url\":\"https:\/\/www.grandsformats.com\/\",\"name\":\"Site officiel de la f\u00e9d\u00e9ration Grands Formats\",\"description\":\"F\u00e9d\u00e9ration d&#039;artistes pour la musique en grand !\",\"publisher\":{\"@id\":\"https:\/\/www.grandsformats.com\/#organization\"},\"potentialAction\":[{\"@type\":\"SearchAction\",\"target\":{\"@type\":\"EntryPoint\",\"urlTemplate\":\"https:\/\/www.grandsformats.com\/?s={search_term_string}\"},\"query-input\":{\"@type\":\"PropertyValueSpecification\",\"valueRequired\":true,\"valueName\":\"search_term_string\"}}],\"inLanguage\":\"en-US\"},{\"@type\":\"Organization\",\"@id\":\"https:\/\/www.grandsformats.com\/#organization\",\"name\":\"Grands Formats\",\"url\":\"https:\/\/www.grandsformats.com\/\",\"logo\":{\"@type\":\"ImageObject\",\"inLanguage\":\"en-US\",\"@id\":\"https:\/\/www.grandsformats.com\/#\/schema\/logo\/image\/\",\"url\":\"https:\/\/www.grandsformats.com\/wp-content\/uploads\/2020\/03\/logo-GF-200.png\",\"contentUrl\":\"https:\/\/www.grandsformats.com\/wp-content\/uploads\/2020\/03\/logo-GF-200.png\",\"width\":155,\"height\":200,\"caption\":\"Grands Formats\"},\"image\":{\"@id\":\"https:\/\/www.grandsformats.com\/#\/schema\/logo\/image\/\"},\"sameAs\":[\"https:\/\/www.facebook.com\/grandsformats\/\",\"https:\/\/x.com\/GrandsFormatsGF\",\"https:\/\/www.instagram.com\/grandsformats\/\",\"https:\/\/www.youtube.com\/channel\/UCJ7k9dbqc_DG-nxI3WMPvhw?view_as=subscriberhttps:\/\/www.youtube.com\/channel\/UCJ7k9dbqc_DG-nxI3WMPvhw?view_as=subscriber\"]},{\"@type\":\"Person\",\"@id\":\"https:\/\/www.grandsformats.com\/#\/schema\/person\/56c2866069b6967b2c7becd25c9b4dbb\",\"name\":\"Laura Hanequand - Grands Formats\",\"image\":{\"@type\":\"ImageObject\",\"inLanguage\":\"en-US\",\"@id\":\"https:\/\/www.grandsformats.com\/#\/schema\/person\/image\/\",\"url\":\"https:\/\/secure.gravatar.com\/avatar\/6d52edecb86835c2b7e81a2cdb8965ae325b4045b44f9043177428c622c06643?s=96&d=mm&r=g\",\"contentUrl\":\"https:\/\/secure.gravatar.com\/avatar\/6d52edecb86835c2b7e81a2cdb8965ae325b4045b44f9043177428c622c06643?s=96&d=mm&r=g\",\"caption\":\"Laura Hanequand - Grands Formats\"},\"url\":\"https:\/\/www.grandsformats.com\/en\/author\/lauragrandsformats-com\/\"}]}<\/script>\n<!-- \/ Yoast SEO plugin. -->","yoast_head_json":{"title":"LE\u00cfLA OLIVESI OCTET : JOY EN AVANT-PREMI\u00c8RE AU FESTIVAL JAZZ \u00c0 SAINT GERMAIN DES PR\u00c9S 19\/05 - Site officiel de la f\u00e9d\u00e9ration Grands Formats","description":"Une nouvelle aventure se dessine et le coup d'envoi d'African Rhapsody sera donn\u00e9 le 19 mai pour la soir\u00e9e de cl\u00f4ture du Festival Jazz...","robots":{"index":"index","follow":"follow","max-snippet":"max-snippet:-1","max-image-preview":"max-image-preview:large","max-video-preview":"max-video-preview:-1"},"canonical":"https:\/\/www.grandsformats.com\/2025\/05\/leila-olivesi-octet-joy-en-avant-premiere-au-festival-jazz-a-saint-germain-des-pres-19-05\/","og_locale":"en_US","og_type":"article","og_title":"LE\u00cfLA OLIVESI OCTET : JOY EN AVANT-PREMI\u00c8RE AU FESTIVAL JAZZ \u00c0 SAINT GERMAIN DES PR\u00c9S 19\/05 - Site officiel de la f\u00e9d\u00e9ration Grands Formats","og_description":"Une nouvelle aventure se dessine et le coup d'envoi d'African Rhapsody sera donn\u00e9 le 19 mai pour la soir\u00e9e de cl\u00f4ture du Festival Jazz...","og_url":"https:\/\/www.grandsformats.com\/2025\/05\/leila-olivesi-octet-joy-en-avant-premiere-au-festival-jazz-a-saint-germain-des-pres-19-05\/","og_site_name":"Site officiel de la f\u00e9d\u00e9ration Grands Formats","article_publisher":"https:\/\/www.facebook.com\/grandsformats\/","article_published_time":"2025-05-02T16:17:37+00:00","article_modified_time":"2025-05-09T08:16:15+00:00","og_image":[{"width":1920,"height":1080,"url":"https:\/\/www.grandsformats.com\/wp-content\/uploads\/2025\/05\/169JOY-SINGLE-COVER.jpg","type":"image\/jpeg"}],"author":"Laura Hanequand - Grands Formats","twitter_card":"summary_large_image","twitter_creator":"@GrandsFormatsGF","twitter_site":"@GrandsFormatsGF","twitter_misc":{"Written by":"Laura Hanequand - Grands Formats","Est. reading time":"1 minute"},"schema":{"@context":"https:\/\/schema.org","@graph":[{"@type":"Article","@id":"https:\/\/www.grandsformats.com\/2025\/05\/leila-olivesi-octet-joy-en-avant-premiere-au-festival-jazz-a-saint-germain-des-pres-19-05\/#article","isPartOf":{"@id":"https:\/\/www.grandsformats.com\/2025\/05\/leila-olivesi-octet-joy-en-avant-premiere-au-festival-jazz-a-saint-germain-des-pres-19-05\/"},"author":{"name":"Laura Hanequand - Grands Formats","@id":"https:\/\/www.grandsformats.com\/#\/schema\/person\/56c2866069b6967b2c7becd25c9b4dbb"},"headline":"LE\u00cfLA OLIVESI OCTET : JOY EN AVANT-PREMI\u00c8RE AU FESTIVAL JAZZ \u00c0 SAINT GERMAIN DES PR\u00c9S 19\/05","datePublished":"2025-05-02T16:17:37+00:00","dateModified":"2025-05-09T08:16:15+00:00","mainEntityOfPage":{"@id":"https:\/\/www.grandsformats.com\/2025\/05\/leila-olivesi-octet-joy-en-avant-premiere-au-festival-jazz-a-saint-germain-des-pres-19-05\/"},"wordCount":162,"commentCount":0,"publisher":{"@id":"https:\/\/www.grandsformats.com\/#organization"},"image":{"@id":"https:\/\/www.grandsformats.com\/2025\/05\/leila-olivesi-octet-joy-en-avant-premiere-au-festival-jazz-a-saint-germain-des-pres-19-05\/#primaryimage"},"thumbnailUrl":"https:\/\/www.grandsformats.com\/wp-content\/uploads\/2025\/05\/169JOY-SINGLE-COVER.jpg","articleSection":["Actus des membres","Le\u00efla Olivesi Octet"],"inLanguage":"en-US","potentialAction":[{"@type":"CommentAction","name":"Comment","target":["https:\/\/www.grandsformats.com\/2025\/05\/leila-olivesi-octet-joy-en-avant-premiere-au-festival-jazz-a-saint-germain-des-pres-19-05\/#respond"]}]},{"@type":"WebPage","@id":"https:\/\/www.grandsformats.com\/2025\/05\/leila-olivesi-octet-joy-en-avant-premiere-au-festival-jazz-a-saint-germain-des-pres-19-05\/","url":"https:\/\/www.grandsformats.com\/2025\/05\/leila-olivesi-octet-joy-en-avant-premiere-au-festival-jazz-a-saint-germain-des-pres-19-05\/","name":"LE\u00cfLA OLIVESI OCTET : JOY EN AVANT-PREMI\u00c8RE AU FESTIVAL JAZZ \u00c0 SAINT GERMAIN DES PR\u00c9S 19\/05 - Site officiel de la f\u00e9d\u00e9ration Grands Formats","isPartOf":{"@id":"https:\/\/www.grandsformats.com\/#website"},"primaryImageOfPage":{"@id":"https:\/\/www.grandsformats.com\/2025\/05\/leila-olivesi-octet-joy-en-avant-premiere-au-festival-jazz-a-saint-germain-des-pres-19-05\/#primaryimage"},"image":{"@id":"https:\/\/www.grandsformats.com\/2025\/05\/leila-olivesi-octet-joy-en-avant-premiere-au-festival-jazz-a-saint-germain-des-pres-19-05\/#primaryimage"},"thumbnailUrl":"https:\/\/www.grandsformats.com\/wp-content\/uploads\/2025\/05\/169JOY-SINGLE-COVER.jpg","datePublished":"2025-05-02T16:17:37+00:00","dateModified":"2025-05-09T08:16:15+00:00","description":"Une nouvelle aventure se dessine et le coup d'envoi d'African Rhapsody sera donn\u00e9 le 19 mai pour la soir\u00e9e de cl\u00f4ture du Festival Jazz...","breadcrumb":{"@id":"https:\/\/www.grandsformats.com\/2025\/05\/leila-olivesi-octet-joy-en-avant-premiere-au-festival-jazz-a-saint-germain-des-pres-19-05\/#breadcrumb"},"inLanguage":"en-US","potentialAction":[{"@type":"ReadAction","target":["https:\/\/www.grandsformats.com\/2025\/05\/leila-olivesi-octet-joy-en-avant-premiere-au-festival-jazz-a-saint-germain-des-pres-19-05\/"]}]},{"@type":"ImageObject","inLanguage":"en-US","@id":"https:\/\/www.grandsformats.com\/2025\/05\/leila-olivesi-octet-joy-en-avant-premiere-au-festival-jazz-a-saint-germain-des-pres-19-05\/#primaryimage","url":"https:\/\/www.grandsformats.com\/wp-content\/uploads\/2025\/05\/169JOY-SINGLE-COVER.jpg","contentUrl":"https:\/\/www.grandsformats.com\/wp-content\/uploads\/2025\/05\/169JOY-SINGLE-COVER.jpg","width":1920,"height":1080,"caption":"Leila Olivesi JOY"},{"@type":"BreadcrumbList","@id":"https:\/\/www.grandsformats.com\/2025\/05\/leila-olivesi-octet-joy-en-avant-premiere-au-festival-jazz-a-saint-germain-des-pres-19-05\/#breadcrumb","itemListElement":[{"@type":"ListItem","position":1,"name":"Accueil","item":"https:\/\/www.grandsformats.com\/en\/"},{"@type":"ListItem","position":2,"name":"LE\u00cfLA OLIVESI OCTET : JOY EN AVANT-PREMI\u00c8RE AU FESTIVAL JAZZ \u00c0 SAINT GERMAIN DES PR\u00c9S 19\/05"}]},{"@type":"WebSite","@id":"https:\/\/www.grandsformats.com\/#website","url":"https:\/\/www.grandsformats.com\/","name":"Site officiel de la f\u00e9d\u00e9ration Grands Formats","description":"F\u00e9d\u00e9ration d&#039;artistes pour la musique en grand !","publisher":{"@id":"https:\/\/www.grandsformats.com\/#organization"},"potentialAction":[{"@type":"SearchAction","target":{"@type":"EntryPoint","urlTemplate":"https:\/\/www.grandsformats.com\/?s={search_term_string}"},"query-input":{"@type":"PropertyValueSpecification","valueRequired":true,"valueName":"search_term_string"}}],"inLanguage":"en-US"},{"@type":"Organization","@id":"https:\/\/www.grandsformats.com\/#organization","name":"Grands Formats","url":"https:\/\/www.grandsformats.com\/","logo":{"@type":"ImageObject","inLanguage":"en-US","@id":"https:\/\/www.grandsformats.com\/#\/schema\/logo\/image\/","url":"https:\/\/www.grandsformats.com\/wp-content\/uploads\/2020\/03\/logo-GF-200.png","contentUrl":"https:\/\/www.grandsformats.com\/wp-content\/uploads\/2020\/03\/logo-GF-200.png","width":155,"height":200,"caption":"Grands Formats"},"image":{"@id":"https:\/\/www.grandsformats.com\/#\/schema\/logo\/image\/"},"sameAs":["https:\/\/www.facebook.com\/grandsformats\/","https:\/\/x.com\/GrandsFormatsGF","https:\/\/www.instagram.com\/grandsformats\/","https:\/\/www.youtube.com\/channel\/UCJ7k9dbqc_DG-nxI3WMPvhw?view_as=subscriberhttps:\/\/www.youtube.com\/channel\/UCJ7k9dbqc_DG-nxI3WMPvhw?view_as=subscriber"]},{"@type":"Person","@id":"https:\/\/www.grandsformats.com\/#\/schema\/person\/56c2866069b6967b2c7becd25c9b4dbb","name":"Laura Hanequand - Grands Formats","image":{"@type":"ImageObject","inLanguage":"en-US","@id":"https:\/\/www.grandsformats.com\/#\/schema\/person\/image\/","url":"https:\/\/secure.gravatar.com\/avatar\/6d52edecb86835c2b7e81a2cdb8965ae325b4045b44f9043177428c622c06643?s=96&d=mm&r=g","contentUrl":"https:\/\/secure.gravatar.com\/avatar\/6d52edecb86835c2b7e81a2cdb8965ae325b4045b44f9043177428c622c06643?s=96&d=mm&r=g","caption":"Laura Hanequand - Grands Formats"},"url":"https:\/\/www.grandsformats.com\/en\/author\/lauragrandsformats-com\/"}]}},"_links":{"self":[{"href":"https:\/\/www.grandsformats.com\/en\/wp-json\/wp\/v2\/posts\/32167","targetHints":{"allow":["GET"]}}],"collection":[{"href":"https:\/\/www.grandsformats.com\/en\/wp-json\/wp\/v2\/posts"}],"about":[{"href":"https:\/\/www.grandsformats.com\/en\/wp-json\/wp\/v2\/types\/post"}],"author":[{"embeddable":true,"href":"https:\/\/www.grandsformats.com\/en\/wp-json\/wp\/v2\/users\/161"}],"replies":[{"embeddable":true,"href":"https:\/\/www.grandsformats.com\/en\/wp-json\/wp\/v2\/comments?post=32167"}],"version-history":[{"count":3,"href":"https:\/\/www.grandsformats.com\/en\/wp-json\/wp\/v2\/posts\/32167\/revisions"}],"predecessor-version":[{"id":32207,"href":"https:\/\/www.grandsformats.com\/en\/wp-json\/wp\/v2\/posts\/32167\/revisions\/32207"}],"wp:featuredmedia":[{"embeddable":true,"href":"https:\/\/www.grandsformats.com\/en\/wp-json\/wp\/v2\/media\/32168"}],"wp:attachment":[{"href":"https:\/\/www.grandsformats.com\/en\/wp-json\/wp\/v2\/media?parent=32167"}],"wp:term":[{"taxonomy":"category","embeddable":true,"href":"https:\/\/www.grandsformats.com\/en\/wp-json\/wp\/v2\/categories?post=32167"},{"taxonomy":"post_tag","embeddable":true,"href":"https:\/\/www.grandsformats.com\/en\/wp-json\/wp\/v2\/tags?post=32167"}],"curies":[{"name":"wp","href":"https:\/\/api.w.org\/{rel}","templated":true}]}}