{"id":31898,"date":"2025-03-06T15:11:34","date_gmt":"2025-03-06T14:11:34","guid":{"rendered":"https:\/\/www.grandsformats.com\/?p=31898"},"modified":"2025-03-06T15:17:02","modified_gmt":"2025-03-06T14:17:02","slug":"les-equipes-artistiques-en-peril-alerte-sur-limpact-des-coupes-budgetaires-dans-la-culture","status":"publish","type":"post","link":"https:\/\/www.grandsformats.com\/en\/2025\/03\/les-equipes-artistiques-en-peril-alerte-sur-limpact-des-coupes-budgetaires-dans-la-culture\/","title":{"rendered":"Les \u00e9quipes artistiques en p\u00e9ril : alerte sur l\u2019impact des coupes budg\u00e9taires dans la culture"},"content":{"rendered":"<p>Nous apprenions r\u00e9cemment l\u2019annulation pure et simple d\u2019une tourn\u00e9e de The Bridge pr\u00e9vue en mai 2025 et ce pour \u00ab faire des \u00e9conomies \u00bb et \u00ab pr\u00e9server la structure \u00bb face \u00e0 la baisse de ses financements. En interrogeant les membres de Grands Formats, nous avons constat\u00e9 qu\u2019il ne s\u2019agissait pas d\u2019un cas isol\u00e9 mais bien d\u2019un sympt\u00f4me de l\u2019asphyxie d\u2019un secteur tout entier.<\/p>\n<p>Plus d\u2019un tiers des structures r\u00e9pondantes d\u00e9clarent que plusieurs de leurs dates de concerts pr\u00e9vues en 2025 ont \u00e9t\u00e9 annul\u00e9es sans perspective de report en raison d\u2019incertitudes budg\u00e9taires. Les r\u00e9centes coupes budg\u00e9taires dans le secteur culturel mettent ainsi en p\u00e9ril la diffusion des \u0153uvres, l\u2019emploi des artistes et la p\u00e9rennit\u00e9 des ensembles musicaux.<\/p>\n<p>Les lieux de diffusion, fragilis\u00e9s par la baisse des financements publics, sont contraints de limiter leur programmation, privil\u00e9giant les petites formes et annulant les projets qui constituent une plus grande prise de risque. Les actions culturelles subissent le m\u00eame sort : plusieurs ensembles et collectifs t\u00e9moignent de l\u2019annulation de leurs projets de m\u00e9diation, faute de partenaires en mesure de les soutenir.<\/p>\n<p>Essentiel pour l\u2019emploi artistique, le FONPEPS est aujourd\u2019hui une source d\u2019inqui\u00e9tude majeure pour nos membres, dont les mod\u00e8les \u00e9conomiques reposent en grande partie sur cette aide. Dans le m\u00eame temps, les collectivit\u00e9s r\u00e9duisent drastiquement leur soutien, voire l\u2019interrompent totalement. Les d\u00e9lais de r\u00e9ponse aux demandes de subventions s\u2019allongent, plongeant nos structures dans une incertitude insoutenable et mena\u00e7ant leurs ambitions artistiques.<\/p>\n<p>La culture, tout comme la sant\u00e9 et l\u2019\u00e9ducation, n\u2019est pas un luxe. L\u2019aust\u00e9rit\u00e9 budg\u00e9taire, la destruction des services publics et du tissu associatif sont des d\u00e9cisions politiques. Priver la culture &#8211; qui est pourtant un secteur essentiel pour un territoire par son dynamisme, son attractivit\u00e9 et sa capacit\u00e9 \u00e0 g\u00e9n\u00e9rer de l\u2019emploi &#8211; d&#8217;un financement public \u00e0 la hauteur est un choix politique.<\/p>\n<p>Nous demandons :<\/p>\n<ul>\n<li>Une garantie du maintien des financements publics pour la culture et la diffusion de nos musiques,<\/li>\n<li>Une clarification rapide sur l\u2019avenir du FONPEPS et des dispositifs d\u2019aide \u00e0 l\u2019emploi artistique,<\/li>\n<li>Une plus grande transparence quant au traitement des demandes de subventions afin d\u2019offrir une visibilit\u00e9 aux \u00e9quipes artistiques.<\/li>\n<\/ul>\n<p>Nous nous joignons \u00e0 l\u2019<a href=\"http:\/\/www.fnsac-cgt.com\/impression.php?IDart=2042\">appel national \u00e0 la gr\u00e8ve le 20 mars<\/a> et enjoignons les pouvoirs publics \u00e0 prendre leurs responsabilit\u00e9s.<\/p>\n<p><span style=\"font-size: 10pt;\">Photo : Moger Orchestra \u00a9 Christophe Charpenel<\/span><\/p>\n","protected":false},"excerpt":{"rendered":"<p>Nous apprenions r\u00e9cemment l\u2019annulation pure et simple d\u2019une tourn\u00e9e de The Bridge pr\u00e9vue en mai 2025 et ce pour \u00ab faire des \u00e9conomies \u00bb et \u00ab pr\u00e9server la structure \u00bb face \u00e0 la baisse de ses financements. En interrogeant les membres de Grands Formats, nous avons constat\u00e9 qu\u2019il ne s\u2019agissait pas d\u2019un cas isol\u00e9 mais&#8230;<\/p>\n<p><a rel=\"bookmark\" class=\"theme-button-text wvc-button wvc-button-size-xs\" href=\"https:\/\/www.grandsformats.com\/en\/2025\/03\/les-equipes-artistiques-en-peril-alerte-sur-limpact-des-coupes-budgetaires-dans-la-culture\/\"><small class=\"wvc-button-background-fill\"><\/small><span>Continue reading<\/span><\/a><\/p>\n","protected":false},"author":161,"featured_media":31899,"comment_status":"open","ping_status":"open","sticky":false,"template":"","format":"standard","meta":{"_acf_changed":false,"footnotes":""},"categories":[273,224],"tags":[],"class_list":["post-31898","post","type-post","status-publish","format-standard","has-post-thumbnail","hentry","category-communiques-lactu-de-la-fede","category-tribunes","entry-post-skin-light","entry","clearfix","entry-grid","entry-columns-default","entry-post-module-layout-sidebar-right","thumbnail-color-tone-dark","metro-landscape","entry-post","entry-masonry","entry-post-masonry"],"acf":[],"yoast_head":"<!-- This site is optimized with the Yoast SEO plugin v25.8 - https:\/\/yoast.com\/wordpress\/plugins\/seo\/ -->\n<title>Les \u00e9quipes artistiques en p\u00e9ril : alerte sur l\u2019impact des coupes budg\u00e9taires dans la culture - Site officiel de la f\u00e9d\u00e9ration Grands Formats<\/title>\n<meta name=\"description\" content=\"Les \u00e9quipes artistiques en p\u00e9ril : alerte sur l\u2019impact des coupes budg\u00e9taires dans la culture : Nous apprenions r\u00e9cemment l\u2019annulation pure...\" \/>\n<meta name=\"robots\" content=\"index, follow, max-snippet:-1, max-image-preview:large, max-video-preview:-1\" \/>\n<link rel=\"canonical\" href=\"https:\/\/www.grandsformats.com\/2025\/03\/les-equipes-artistiques-en-peril-alerte-sur-limpact-des-coupes-budgetaires-dans-la-culture\/\" \/>\n<meta property=\"og:locale\" content=\"en_US\" \/>\n<meta property=\"og:type\" content=\"article\" \/>\n<meta property=\"og:title\" content=\"Les \u00e9quipes artistiques en p\u00e9ril : alerte sur l\u2019impact des coupes budg\u00e9taires dans la culture - Site officiel de la f\u00e9d\u00e9ration Grands Formats\" \/>\n<meta property=\"og:description\" content=\"Les \u00e9quipes artistiques en p\u00e9ril : alerte sur l\u2019impact des coupes budg\u00e9taires dans la culture : Nous apprenions r\u00e9cemment l\u2019annulation pure...\" \/>\n<meta property=\"og:url\" content=\"https:\/\/www.grandsformats.com\/2025\/03\/les-equipes-artistiques-en-peril-alerte-sur-limpact-des-coupes-budgetaires-dans-la-culture\/\" \/>\n<meta property=\"og:site_name\" content=\"Site officiel de la f\u00e9d\u00e9ration Grands Formats\" \/>\n<meta property=\"article:publisher\" content=\"https:\/\/www.facebook.com\/grandsformats\/\" \/>\n<meta property=\"article:published_time\" content=\"2025-03-06T14:11:34+00:00\" \/>\n<meta property=\"article:modified_time\" content=\"2025-03-06T14:17:02+00:00\" \/>\n<meta property=\"og:image\" content=\"https:\/\/www.grandsformats.com\/wp-content\/uploads\/2025\/03\/banner-edito_Christophe-Charpenel.jpg\" \/>\n\t<meta property=\"og:image:width\" content=\"1920\" \/>\n\t<meta property=\"og:image:height\" content=\"1080\" \/>\n\t<meta property=\"og:image:type\" content=\"image\/jpeg\" \/>\n<meta name=\"author\" content=\"Laura Hanequand - Grands Formats\" \/>\n<meta name=\"twitter:card\" content=\"summary_large_image\" \/>\n<meta name=\"twitter:creator\" content=\"@GrandsFormatsGF\" \/>\n<meta name=\"twitter:site\" content=\"@GrandsFormatsGF\" \/>\n<meta name=\"twitter:label1\" content=\"Written by\" \/>\n\t<meta name=\"twitter:data1\" content=\"Laura Hanequand - Grands Formats\" \/>\n\t<meta name=\"twitter:label2\" content=\"Est. reading time\" \/>\n\t<meta name=\"twitter:data2\" content=\"3 minutes\" \/>\n<script type=\"application\/ld+json\" class=\"yoast-schema-graph\">{\"@context\":\"https:\/\/schema.org\",\"@graph\":[{\"@type\":\"Article\",\"@id\":\"https:\/\/www.grandsformats.com\/2025\/03\/les-equipes-artistiques-en-peril-alerte-sur-limpact-des-coupes-budgetaires-dans-la-culture\/#article\",\"isPartOf\":{\"@id\":\"https:\/\/www.grandsformats.com\/2025\/03\/les-equipes-artistiques-en-peril-alerte-sur-limpact-des-coupes-budgetaires-dans-la-culture\/\"},\"author\":{\"name\":\"Laura Hanequand - Grands Formats\",\"@id\":\"https:\/\/www.grandsformats.com\/#\/schema\/person\/56c2866069b6967b2c7becd25c9b4dbb\"},\"headline\":\"Les \u00e9quipes artistiques en p\u00e9ril : alerte sur l\u2019impact des coupes budg\u00e9taires dans la culture\",\"datePublished\":\"2025-03-06T14:11:34+00:00\",\"dateModified\":\"2025-03-06T14:17:02+00:00\",\"mainEntityOfPage\":{\"@id\":\"https:\/\/www.grandsformats.com\/2025\/03\/les-equipes-artistiques-en-peril-alerte-sur-limpact-des-coupes-budgetaires-dans-la-culture\/\"},\"wordCount\":440,\"commentCount\":0,\"publisher\":{\"@id\":\"https:\/\/www.grandsformats.com\/#organization\"},\"image\":{\"@id\":\"https:\/\/www.grandsformats.com\/2025\/03\/les-equipes-artistiques-en-peril-alerte-sur-limpact-des-coupes-budgetaires-dans-la-culture\/#primaryimage\"},\"thumbnailUrl\":\"https:\/\/www.grandsformats.com\/wp-content\/uploads\/2025\/03\/banner-edito_Christophe-Charpenel.jpg\",\"articleSection\":[\"Contributions\",\"Tribunes\"],\"inLanguage\":\"en-US\",\"potentialAction\":[{\"@type\":\"CommentAction\",\"name\":\"Comment\",\"target\":[\"https:\/\/www.grandsformats.com\/2025\/03\/les-equipes-artistiques-en-peril-alerte-sur-limpact-des-coupes-budgetaires-dans-la-culture\/#respond\"]}]},{\"@type\":\"WebPage\",\"@id\":\"https:\/\/www.grandsformats.com\/2025\/03\/les-equipes-artistiques-en-peril-alerte-sur-limpact-des-coupes-budgetaires-dans-la-culture\/\",\"url\":\"https:\/\/www.grandsformats.com\/2025\/03\/les-equipes-artistiques-en-peril-alerte-sur-limpact-des-coupes-budgetaires-dans-la-culture\/\",\"name\":\"Les \u00e9quipes artistiques en p\u00e9ril : alerte sur l\u2019impact des coupes budg\u00e9taires dans la culture - Site officiel de la f\u00e9d\u00e9ration Grands Formats\",\"isPartOf\":{\"@id\":\"https:\/\/www.grandsformats.com\/#website\"},\"primaryImageOfPage\":{\"@id\":\"https:\/\/www.grandsformats.com\/2025\/03\/les-equipes-artistiques-en-peril-alerte-sur-limpact-des-coupes-budgetaires-dans-la-culture\/#primaryimage\"},\"image\":{\"@id\":\"https:\/\/www.grandsformats.com\/2025\/03\/les-equipes-artistiques-en-peril-alerte-sur-limpact-des-coupes-budgetaires-dans-la-culture\/#primaryimage\"},\"thumbnailUrl\":\"https:\/\/www.grandsformats.com\/wp-content\/uploads\/2025\/03\/banner-edito_Christophe-Charpenel.jpg\",\"datePublished\":\"2025-03-06T14:11:34+00:00\",\"dateModified\":\"2025-03-06T14:17:02+00:00\",\"description\":\"Les \u00e9quipes artistiques en p\u00e9ril : alerte sur l\u2019impact des coupes budg\u00e9taires dans la culture : Nous apprenions r\u00e9cemment l\u2019annulation pure...\",\"breadcrumb\":{\"@id\":\"https:\/\/www.grandsformats.com\/2025\/03\/les-equipes-artistiques-en-peril-alerte-sur-limpact-des-coupes-budgetaires-dans-la-culture\/#breadcrumb\"},\"inLanguage\":\"en-US\",\"potentialAction\":[{\"@type\":\"ReadAction\",\"target\":[\"https:\/\/www.grandsformats.com\/2025\/03\/les-equipes-artistiques-en-peril-alerte-sur-limpact-des-coupes-budgetaires-dans-la-culture\/\"]}]},{\"@type\":\"ImageObject\",\"inLanguage\":\"en-US\",\"@id\":\"https:\/\/www.grandsformats.com\/2025\/03\/les-equipes-artistiques-en-peril-alerte-sur-limpact-des-coupes-budgetaires-dans-la-culture\/#primaryimage\",\"url\":\"https:\/\/www.grandsformats.com\/wp-content\/uploads\/2025\/03\/banner-edito_Christophe-Charpenel.jpg\",\"contentUrl\":\"https:\/\/www.grandsformats.com\/wp-content\/uploads\/2025\/03\/banner-edito_Christophe-Charpenel.jpg\",\"width\":1920,\"height\":1080,\"caption\":\"Moger Orchestra \u00a9 Christophe Charpenel\"},{\"@type\":\"BreadcrumbList\",\"@id\":\"https:\/\/www.grandsformats.com\/2025\/03\/les-equipes-artistiques-en-peril-alerte-sur-limpact-des-coupes-budgetaires-dans-la-culture\/#breadcrumb\",\"itemListElement\":[{\"@type\":\"ListItem\",\"position\":1,\"name\":\"Accueil\",\"item\":\"https:\/\/www.grandsformats.com\/en\/\"},{\"@type\":\"ListItem\",\"position\":2,\"name\":\"Les \u00e9quipes artistiques en p\u00e9ril : alerte sur l\u2019impact des coupes budg\u00e9taires dans la culture\"}]},{\"@type\":\"WebSite\",\"@id\":\"https:\/\/www.grandsformats.com\/#website\",\"url\":\"https:\/\/www.grandsformats.com\/\",\"name\":\"Site officiel de la f\u00e9d\u00e9ration Grands Formats\",\"description\":\"F\u00e9d\u00e9ration d&#039;artistes pour la musique en grand !\",\"publisher\":{\"@id\":\"https:\/\/www.grandsformats.com\/#organization\"},\"potentialAction\":[{\"@type\":\"SearchAction\",\"target\":{\"@type\":\"EntryPoint\",\"urlTemplate\":\"https:\/\/www.grandsformats.com\/?s={search_term_string}\"},\"query-input\":{\"@type\":\"PropertyValueSpecification\",\"valueRequired\":true,\"valueName\":\"search_term_string\"}}],\"inLanguage\":\"en-US\"},{\"@type\":\"Organization\",\"@id\":\"https:\/\/www.grandsformats.com\/#organization\",\"name\":\"Grands Formats\",\"url\":\"https:\/\/www.grandsformats.com\/\",\"logo\":{\"@type\":\"ImageObject\",\"inLanguage\":\"en-US\",\"@id\":\"https:\/\/www.grandsformats.com\/#\/schema\/logo\/image\/\",\"url\":\"https:\/\/www.grandsformats.com\/wp-content\/uploads\/2020\/03\/logo-GF-200.png\",\"contentUrl\":\"https:\/\/www.grandsformats.com\/wp-content\/uploads\/2020\/03\/logo-GF-200.png\",\"width\":155,\"height\":200,\"caption\":\"Grands Formats\"},\"image\":{\"@id\":\"https:\/\/www.grandsformats.com\/#\/schema\/logo\/image\/\"},\"sameAs\":[\"https:\/\/www.facebook.com\/grandsformats\/\",\"https:\/\/x.com\/GrandsFormatsGF\",\"https:\/\/www.instagram.com\/grandsformats\/\",\"https:\/\/www.youtube.com\/channel\/UCJ7k9dbqc_DG-nxI3WMPvhw?view_as=subscriberhttps:\/\/www.youtube.com\/channel\/UCJ7k9dbqc_DG-nxI3WMPvhw?view_as=subscriber\"]},{\"@type\":\"Person\",\"@id\":\"https:\/\/www.grandsformats.com\/#\/schema\/person\/56c2866069b6967b2c7becd25c9b4dbb\",\"name\":\"Laura Hanequand - Grands Formats\",\"image\":{\"@type\":\"ImageObject\",\"inLanguage\":\"en-US\",\"@id\":\"https:\/\/www.grandsformats.com\/#\/schema\/person\/image\/\",\"url\":\"https:\/\/secure.gravatar.com\/avatar\/6d52edecb86835c2b7e81a2cdb8965ae325b4045b44f9043177428c622c06643?s=96&d=mm&r=g\",\"contentUrl\":\"https:\/\/secure.gravatar.com\/avatar\/6d52edecb86835c2b7e81a2cdb8965ae325b4045b44f9043177428c622c06643?s=96&d=mm&r=g\",\"caption\":\"Laura Hanequand - Grands Formats\"},\"url\":\"https:\/\/www.grandsformats.com\/en\/author\/lauragrandsformats-com\/\"}]}<\/script>\n<!-- \/ Yoast SEO plugin. -->","yoast_head_json":{"title":"Les \u00e9quipes artistiques en p\u00e9ril : alerte sur l\u2019impact des coupes budg\u00e9taires dans la culture - Site officiel de la f\u00e9d\u00e9ration Grands Formats","description":"Les \u00e9quipes artistiques en p\u00e9ril : alerte sur l\u2019impact des coupes budg\u00e9taires dans la culture : Nous apprenions r\u00e9cemment l\u2019annulation pure...","robots":{"index":"index","follow":"follow","max-snippet":"max-snippet:-1","max-image-preview":"max-image-preview:large","max-video-preview":"max-video-preview:-1"},"canonical":"https:\/\/www.grandsformats.com\/2025\/03\/les-equipes-artistiques-en-peril-alerte-sur-limpact-des-coupes-budgetaires-dans-la-culture\/","og_locale":"en_US","og_type":"article","og_title":"Les \u00e9quipes artistiques en p\u00e9ril : alerte sur l\u2019impact des coupes budg\u00e9taires dans la culture - Site officiel de la f\u00e9d\u00e9ration Grands Formats","og_description":"Les \u00e9quipes artistiques en p\u00e9ril : alerte sur l\u2019impact des coupes budg\u00e9taires dans la culture : Nous apprenions r\u00e9cemment l\u2019annulation pure...","og_url":"https:\/\/www.grandsformats.com\/2025\/03\/les-equipes-artistiques-en-peril-alerte-sur-limpact-des-coupes-budgetaires-dans-la-culture\/","og_site_name":"Site officiel de la f\u00e9d\u00e9ration Grands Formats","article_publisher":"https:\/\/www.facebook.com\/grandsformats\/","article_published_time":"2025-03-06T14:11:34+00:00","article_modified_time":"2025-03-06T14:17:02+00:00","og_image":[{"width":1920,"height":1080,"url":"https:\/\/www.grandsformats.com\/wp-content\/uploads\/2025\/03\/banner-edito_Christophe-Charpenel.jpg","type":"image\/jpeg"}],"author":"Laura Hanequand - Grands Formats","twitter_card":"summary_large_image","twitter_creator":"@GrandsFormatsGF","twitter_site":"@GrandsFormatsGF","twitter_misc":{"Written by":"Laura Hanequand - Grands Formats","Est. reading time":"3 minutes"},"schema":{"@context":"https:\/\/schema.org","@graph":[{"@type":"Article","@id":"https:\/\/www.grandsformats.com\/2025\/03\/les-equipes-artistiques-en-peril-alerte-sur-limpact-des-coupes-budgetaires-dans-la-culture\/#article","isPartOf":{"@id":"https:\/\/www.grandsformats.com\/2025\/03\/les-equipes-artistiques-en-peril-alerte-sur-limpact-des-coupes-budgetaires-dans-la-culture\/"},"author":{"name":"Laura Hanequand - Grands Formats","@id":"https:\/\/www.grandsformats.com\/#\/schema\/person\/56c2866069b6967b2c7becd25c9b4dbb"},"headline":"Les \u00e9quipes artistiques en p\u00e9ril : alerte sur l\u2019impact des coupes budg\u00e9taires dans la culture","datePublished":"2025-03-06T14:11:34+00:00","dateModified":"2025-03-06T14:17:02+00:00","mainEntityOfPage":{"@id":"https:\/\/www.grandsformats.com\/2025\/03\/les-equipes-artistiques-en-peril-alerte-sur-limpact-des-coupes-budgetaires-dans-la-culture\/"},"wordCount":440,"commentCount":0,"publisher":{"@id":"https:\/\/www.grandsformats.com\/#organization"},"image":{"@id":"https:\/\/www.grandsformats.com\/2025\/03\/les-equipes-artistiques-en-peril-alerte-sur-limpact-des-coupes-budgetaires-dans-la-culture\/#primaryimage"},"thumbnailUrl":"https:\/\/www.grandsformats.com\/wp-content\/uploads\/2025\/03\/banner-edito_Christophe-Charpenel.jpg","articleSection":["Contributions","Tribunes"],"inLanguage":"en-US","potentialAction":[{"@type":"CommentAction","name":"Comment","target":["https:\/\/www.grandsformats.com\/2025\/03\/les-equipes-artistiques-en-peril-alerte-sur-limpact-des-coupes-budgetaires-dans-la-culture\/#respond"]}]},{"@type":"WebPage","@id":"https:\/\/www.grandsformats.com\/2025\/03\/les-equipes-artistiques-en-peril-alerte-sur-limpact-des-coupes-budgetaires-dans-la-culture\/","url":"https:\/\/www.grandsformats.com\/2025\/03\/les-equipes-artistiques-en-peril-alerte-sur-limpact-des-coupes-budgetaires-dans-la-culture\/","name":"Les \u00e9quipes artistiques en p\u00e9ril : alerte sur l\u2019impact des coupes budg\u00e9taires dans la culture - Site officiel de la f\u00e9d\u00e9ration Grands Formats","isPartOf":{"@id":"https:\/\/www.grandsformats.com\/#website"},"primaryImageOfPage":{"@id":"https:\/\/www.grandsformats.com\/2025\/03\/les-equipes-artistiques-en-peril-alerte-sur-limpact-des-coupes-budgetaires-dans-la-culture\/#primaryimage"},"image":{"@id":"https:\/\/www.grandsformats.com\/2025\/03\/les-equipes-artistiques-en-peril-alerte-sur-limpact-des-coupes-budgetaires-dans-la-culture\/#primaryimage"},"thumbnailUrl":"https:\/\/www.grandsformats.com\/wp-content\/uploads\/2025\/03\/banner-edito_Christophe-Charpenel.jpg","datePublished":"2025-03-06T14:11:34+00:00","dateModified":"2025-03-06T14:17:02+00:00","description":"Les \u00e9quipes artistiques en p\u00e9ril : alerte sur l\u2019impact des coupes budg\u00e9taires dans la culture : Nous apprenions r\u00e9cemment l\u2019annulation pure...","breadcrumb":{"@id":"https:\/\/www.grandsformats.com\/2025\/03\/les-equipes-artistiques-en-peril-alerte-sur-limpact-des-coupes-budgetaires-dans-la-culture\/#breadcrumb"},"inLanguage":"en-US","potentialAction":[{"@type":"ReadAction","target":["https:\/\/www.grandsformats.com\/2025\/03\/les-equipes-artistiques-en-peril-alerte-sur-limpact-des-coupes-budgetaires-dans-la-culture\/"]}]},{"@type":"ImageObject","inLanguage":"en-US","@id":"https:\/\/www.grandsformats.com\/2025\/03\/les-equipes-artistiques-en-peril-alerte-sur-limpact-des-coupes-budgetaires-dans-la-culture\/#primaryimage","url":"https:\/\/www.grandsformats.com\/wp-content\/uploads\/2025\/03\/banner-edito_Christophe-Charpenel.jpg","contentUrl":"https:\/\/www.grandsformats.com\/wp-content\/uploads\/2025\/03\/banner-edito_Christophe-Charpenel.jpg","width":1920,"height":1080,"caption":"Moger Orchestra \u00a9 Christophe Charpenel"},{"@type":"BreadcrumbList","@id":"https:\/\/www.grandsformats.com\/2025\/03\/les-equipes-artistiques-en-peril-alerte-sur-limpact-des-coupes-budgetaires-dans-la-culture\/#breadcrumb","itemListElement":[{"@type":"ListItem","position":1,"name":"Accueil","item":"https:\/\/www.grandsformats.com\/en\/"},{"@type":"ListItem","position":2,"name":"Les \u00e9quipes artistiques en p\u00e9ril : alerte sur l\u2019impact des coupes budg\u00e9taires dans la culture"}]},{"@type":"WebSite","@id":"https:\/\/www.grandsformats.com\/#website","url":"https:\/\/www.grandsformats.com\/","name":"Site officiel de la f\u00e9d\u00e9ration Grands Formats","description":"F\u00e9d\u00e9ration d&#039;artistes pour la musique en grand !","publisher":{"@id":"https:\/\/www.grandsformats.com\/#organization"},"potentialAction":[{"@type":"SearchAction","target":{"@type":"EntryPoint","urlTemplate":"https:\/\/www.grandsformats.com\/?s={search_term_string}"},"query-input":{"@type":"PropertyValueSpecification","valueRequired":true,"valueName":"search_term_string"}}],"inLanguage":"en-US"},{"@type":"Organization","@id":"https:\/\/www.grandsformats.com\/#organization","name":"Grands Formats","url":"https:\/\/www.grandsformats.com\/","logo":{"@type":"ImageObject","inLanguage":"en-US","@id":"https:\/\/www.grandsformats.com\/#\/schema\/logo\/image\/","url":"https:\/\/www.grandsformats.com\/wp-content\/uploads\/2020\/03\/logo-GF-200.png","contentUrl":"https:\/\/www.grandsformats.com\/wp-content\/uploads\/2020\/03\/logo-GF-200.png","width":155,"height":200,"caption":"Grands Formats"},"image":{"@id":"https:\/\/www.grandsformats.com\/#\/schema\/logo\/image\/"},"sameAs":["https:\/\/www.facebook.com\/grandsformats\/","https:\/\/x.com\/GrandsFormatsGF","https:\/\/www.instagram.com\/grandsformats\/","https:\/\/www.youtube.com\/channel\/UCJ7k9dbqc_DG-nxI3WMPvhw?view_as=subscriberhttps:\/\/www.youtube.com\/channel\/UCJ7k9dbqc_DG-nxI3WMPvhw?view_as=subscriber"]},{"@type":"Person","@id":"https:\/\/www.grandsformats.com\/#\/schema\/person\/56c2866069b6967b2c7becd25c9b4dbb","name":"Laura Hanequand - Grands Formats","image":{"@type":"ImageObject","inLanguage":"en-US","@id":"https:\/\/www.grandsformats.com\/#\/schema\/person\/image\/","url":"https:\/\/secure.gravatar.com\/avatar\/6d52edecb86835c2b7e81a2cdb8965ae325b4045b44f9043177428c622c06643?s=96&d=mm&r=g","contentUrl":"https:\/\/secure.gravatar.com\/avatar\/6d52edecb86835c2b7e81a2cdb8965ae325b4045b44f9043177428c622c06643?s=96&d=mm&r=g","caption":"Laura Hanequand - Grands Formats"},"url":"https:\/\/www.grandsformats.com\/en\/author\/lauragrandsformats-com\/"}]}},"_links":{"self":[{"href":"https:\/\/www.grandsformats.com\/en\/wp-json\/wp\/v2\/posts\/31898","targetHints":{"allow":["GET"]}}],"collection":[{"href":"https:\/\/www.grandsformats.com\/en\/wp-json\/wp\/v2\/posts"}],"about":[{"href":"https:\/\/www.grandsformats.com\/en\/wp-json\/wp\/v2\/types\/post"}],"author":[{"embeddable":true,"href":"https:\/\/www.grandsformats.com\/en\/wp-json\/wp\/v2\/users\/161"}],"replies":[{"embeddable":true,"href":"https:\/\/www.grandsformats.com\/en\/wp-json\/wp\/v2\/comments?post=31898"}],"version-history":[{"count":6,"href":"https:\/\/www.grandsformats.com\/en\/wp-json\/wp\/v2\/posts\/31898\/revisions"}],"predecessor-version":[{"id":31909,"href":"https:\/\/www.grandsformats.com\/en\/wp-json\/wp\/v2\/posts\/31898\/revisions\/31909"}],"wp:featuredmedia":[{"embeddable":true,"href":"https:\/\/www.grandsformats.com\/en\/wp-json\/wp\/v2\/media\/31899"}],"wp:attachment":[{"href":"https:\/\/www.grandsformats.com\/en\/wp-json\/wp\/v2\/media?parent=31898"}],"wp:term":[{"taxonomy":"category","embeddable":true,"href":"https:\/\/www.grandsformats.com\/en\/wp-json\/wp\/v2\/categories?post=31898"},{"taxonomy":"post_tag","embeddable":true,"href":"https:\/\/www.grandsformats.com\/en\/wp-json\/wp\/v2\/tags?post=31898"}],"curies":[{"name":"wp","href":"https:\/\/api.w.org\/{rel}","templated":true}]}}