{"id":31693,"date":"2025-02-14T14:51:43","date_gmt":"2025-02-14T13:51:43","guid":{"rendered":"https:\/\/www.grandsformats.com\/?p=31693"},"modified":"2025-02-14T14:51:43","modified_gmt":"2025-02-14T13:51:43","slug":"bienvenue-aux-nouveaux-membres-de-grands-formats","status":"publish","type":"post","link":"https:\/\/www.grandsformats.com\/en\/2025\/02\/bienvenue-aux-nouveaux-membres-de-grands-formats\/","title":{"rendered":"Bienvenue aux nouveaux membres de Grands Formats !"},"content":{"rendered":"<div class=\"wpb-content-wrapper\"><p>[vc_row equal_height=&#8221;&#8221; shift_y=&#8221;0&#8243; z_index=&#8221;0&#8243; css=&#8221;.vc_custom_1739540401674{margin-bottom: 0px !important;border-bottom-width: 0px !important;padding-bottom: 0px !important;}&#8221;][vc_column][vc_column_text]<\/p>\n<p data-testid=\"riELDeRmL\">En 2025, quatre nouveaux membres rejoignent la famille Grands Formats !<\/p>\n<p data-testid=\"riELDeRmL\">\u00c0 la suite de l\u2019appel \u00e0 candidatures lanc\u00e9 \u00e0 l\u2019automne 2024, le Conseil d\u2019Administration de Grands Formats a vot\u00e9 l\u2019int\u00e9gration de<strong> 3 collectifs <\/strong>au r\u00e9seau fran\u00e7ais et d&#8217;<strong>un grand ensemble <\/strong>au r\u00e9seau europ\u00e9en Think Big! Avec l&#8217;int\u00e9gration de ce nouveau membre, le r\u00e9seau europ\u00e9en s&#8217;ouvre \u00e0 un nouveau pays : la Finlande.<\/p>\n<p><strong>La f\u00e9d\u00e9ration r\u00e9unit d\u00e9sormais 117 grands ensembles et collectifs de jazz et musiques improvis\u00e9es \u2013 92 membres en France et 25 membres <em>Think Big!<\/em><\/strong>[\/vc_column_text][\/vc_column][\/vc_row][vc_row equal_height=&#8221;&#8221; shift_y=&#8221;0&#8243; z_index=&#8221;0&#8243; css=&#8221;.vc_custom_1739540377513{margin-bottom: 0px !important;border-bottom-width: 0px !important;padding-bottom: 0px !important;}&#8221;][vc_column width=&#8221;1\/4&#8243;][vc_single_image image=&#8221;31724&#8243; img_size=&#8221;600&#215;600&#8243; full_width=&#8221;1&#8243; onclick=&#8221;custom_link&#8221; opacity=&#8221;100&#8243; link=&#8221;url:https%3A%2F%2Fwww.grandsformats.com%2Fartist%2Flautre-collectif%2F|target:_blank|rel:nofollow&#8221; css=&#8221;.vc_custom_1739540964358{margin-bottom: 0px !important;border-bottom-width: 0px !important;padding-bottom: 5px !important;}&#8221;][vc_column_text css=&#8221;.vc_custom_1739540980975{margin-top: 0px !important;margin-bottom: 0px !important;border-top-width: 0px !important;border-bottom-width: 0px !important;padding-top: 0px !important;padding-bottom: 0px !important;}&#8221;]<\/p>\n<p style=\"text-align: center;\"><span style=\"font-size: 8pt;\">\u00a9 Mederic Roquesalane<\/span><\/p>\n<p>[\/vc_column_text][\/vc_column][vc_column width=&#8221;3\/4&#8243;][vc_column_text]<strong>L&#8217;AUTRE COLLECTIF<\/strong><\/p>\n<p><strong><span style=\"font-size: 10pt;\">Direction : Sol L\u00e9na-Schroll, Sigrid Aftret, Andrine Erdal, Hector L\u00e9na-Schroll, Cl\u00e9ment Merienne<\/span><\/strong><\/p>\n<p><span style=\"font-size: 10pt;\">L\u2019Autre Collectif, cr\u00e9e en 2019, est un r\u00e9seau de musicien.ne.s bas\u00e9.e.s entre Paris et Oslo. Ses membres, aujourd\u2019hui au nombre de cinq, partagent un inter\u00eat pour les musiques issues des traditions du jazz, de la musique contemporaine, \u00e9lectronique et improvis\u00e9e. F\u00e9d\u00e9r\u00e9s autour d\u2019une envie commune de cr\u00e9ation, de rencontres et de structuration, l\u2019Autre Collectif organise notamment deux festivals par an, \u00e0 Oslo et en France : l\u2019Autre Festival. Ces festivals sont, depuis la premi\u00e8re \u00e9dition, l\u2019occasion pour les membres de l\u2019Autre Collectif de passer commande \u00e0 des composit.eur.rice.s habitant en Europe, et de cr\u00e9er des r\u00e9pertoires in\u00e9dits au sein d\u2019un ensemble, mont\u00e9 pour l\u2019occasion : l\u2019Autre Ensemble. Les composit.eur.ice.s convi\u00e9s jusqu\u2019\u00e0 pr\u00e9sent ont \u00e9t\u00e9 : Eve Risser, Kalle Moberg, Matt Choboter et Fanny M\u00e9negoz. L\u2019Autre Collectif dispose \u00e9galement d\u2019un label, Autres Records, sur lequel paraissent les disques des membres du collectif, ainsi que ceux de jeunes musiciens et musiciennes gravitant autour du noyau du collectif.<\/span><\/p>\n<p><span style=\"text-decoration: underline;\"><strong><a href=\"https:\/\/www.grandsformats.com\/artist\/lautre-collectif\/\"><span style=\"font-size: 10pt;\">Page membre<\/span><\/a><\/strong><\/span>[\/vc_column_text][\/vc_column][\/vc_row][vc_row equal_height=&#8221;&#8221; shift_y=&#8221;0&#8243; z_index=&#8221;0&#8243; css=&#8221;.vc_custom_1739540794785{margin-bottom: 0px !important;border-bottom-width: 0px !important;padding-bottom: 0px !important;}&#8221;][vc_column width=&#8221;1\/4&#8243;][vc_single_image image=&#8221;31726&#8243; img_size=&#8221;600&#215;600&#8243; full_width=&#8221;1&#8243; onclick=&#8221;custom_link&#8221; opacity=&#8221;100&#8243; link=&#8221;url:https%3A%2F%2Fwww.grandsformats.com%2Fartist%2Fgros-caillou%2F|target:_blank|rel:nofollow&#8221;][\/vc_column][vc_column width=&#8221;3\/4&#8243;][vc_column_text]<strong>GROS CAILLOU<\/strong><\/p>\n<p><strong><span style=\"font-size: 10pt;\">Direction : Serge Rozumek, Laur\u00e8ne P. Magnani, Sven Michel, Rapha\u00ebl Herlem<\/span><\/strong><\/p>\n<p><span style=\"font-size: 10pt;\">Gros Caillou est un jeune collectif cr\u00e9\u00e9 en 2023 dans le but d\u2019organiser la cr\u00e9ation et la diffusion de projets musicaux. Une quinzaine de musiciennes et de musiciens de la sc\u00e8ne nantaise y sont actifs, avec l\u2019envie de d\u00e9fendre des cr\u00e9ations singuli\u00e8res, audacieuses et sans \u00e9tiquettes stylistiques apparentes.<\/span><br \/>\n<span style=\"font-size: 10pt;\">Gros Caillou ne cherche pas \u00e0 promouvoir une esth\u00e9tique uniformis\u00e9e, chaque projet d\u00e9fend une conception musicale qui lui est propre. N\u00e9anmoins les personnalit\u00e9s au sein du collectif sont unies autour d\u2019une fa\u00e7on de faire de la musique.<\/span><br \/>\n<span style=\"font-size: 10pt;\">Apprendre, mutualiser les exp\u00e9riences, d\u00e9velopper des connexions avec d\u2019autres collectifs et compagnies fait aussi partie de la mission que s\u2019est donn\u00e9e Gros Caillou.<\/span><br \/>\n<span style=\"font-size: 10pt;\">Une place importante est \u00e9galement donn\u00e9e \u00e0 l\u2019action culturelle, le collectif l\u2019ayant d\u00e9j\u00e0 pratiqu\u00e9 plusieurs fois depuis sa cr\u00e9ation (interventions en milieu scolaire, cr\u00e9ation pour un festival dans le quartier Bel-Air-Grand Font \u00e0 Angoul\u00eame\u2026).<\/span><br \/>\n<span style=\"font-size: 10pt;\">On peut retrouver les groupes et musicien.nes soutenu.e.s par le collectif dans les nombreux lieux de diffusion nantais, aux RDV de l\u2019Erdre, au Pannonica, dans des lieux alternatifs (DAHU, Docks de Chantenay\u2026) ou dans des festivals et des clubs hors r\u00e9gion.<\/span><\/p>\n<p><span style=\"text-decoration: underline;\"><strong><a href=\"https:\/\/www.grandsformats.com\/artist\/gros-caillou\/\"><span style=\"font-size: 10pt;\">Page membre<\/span><\/a><\/strong><\/span>[\/vc_column_text][\/vc_column][\/vc_row][vc_row equal_height=&#8221;&#8221; shift_y=&#8221;0&#8243; z_index=&#8221;0&#8243; css=&#8221;.vc_custom_1739540783165{margin-bottom: 0px !important;border-bottom-width: 0px !important;padding-bottom: 0px !important;}&#8221;][vc_column width=&#8221;1\/4&#8243;][vc_single_image image=&#8221;31728&#8243; img_size=&#8221;600&#215;600&#8243; full_width=&#8221;1&#8243; onclick=&#8221;custom_link&#8221; opacity=&#8221;100&#8243; link=&#8221;url:https%3A%2F%2Fwww.grandsformats.com%2Fartist%2Fcompagnie-haoma%2F|target:_blank|rel:nofollow&#8221; css=&#8221;.vc_custom_1739540997049{margin-bottom: 0px !important;border-bottom-width: 0px !important;padding-bottom: 5px !important;}&#8221;][vc_column_text css=&#8221;.vc_custom_1739541012819{margin-top: 0px !important;margin-bottom: 0px !important;border-top-width: 0px !important;border-bottom-width: 0px !important;padding-top: 0px !important;padding-bottom: 0px !important;}&#8221;]<\/p>\n<p style=\"text-align: center;\"><span style=\"font-size: 8pt;\">\u00a9 Julie Axelle Malet<\/span><\/p>\n<p>[\/vc_column_text][\/vc_column][vc_column width=&#8221;3\/4&#8243;][vc_column_text]<strong>COMPAGNIE HAOMA<\/strong><\/p>\n<p><strong><span style=\"font-size: 10pt;\">Direction : Fanny M\u00e9n\u00e9goz, Paul Wacrenier, L\u00e9a Ciechelski, Ma\u00eflys Maronne<\/span><\/strong><\/p>\n<p><span style=\"font-size: 10pt;\">La Compagnie Haoma est une association de musicien\u00b7ne\u00b7s et m\u00e9lomanes qui d\u00e9fendent une d\u00e9marche artistique commune, \u00e0 travers l\u2019improvisation, la composition, et, pris dans son sens le plus large et philosophique du terme, le jazz.<br \/>\nFond\u00e9e en 2018 par Fanny M\u00e9n\u00e9goz et Paul Wacrenier, la compagnie s\u2019agrandit en 2024 avec l\u2019accueil des musiciennes L\u00e9a Ciechelski et Ma\u00eflys Maronne. Les quatre musicien\u00b7ne\u00b7s sont co-dirigent collectivement la compagnie.<br \/>\nGrands et moyens ensembles, duo et solos, \u00e0 travers l\u2019exploration de nombreuses traditions musicales et l\u2019\u00e9laboration de nouveaux langages, iels (re)questionnent les fronti\u00e8res, \u00a0proposent de donner leur propre sens au mot libert\u00e9 et construisent un juste \u00e9quilibre entre expressions individuelles et collectives.<br \/>\nLa collective organise depuis 2024 des soir\u00e9es de concert au th\u00e9\u00e2tre Aleph \u00e0 Ivry sur Seine : Les Br\u00e8ches d\u2019Aleph.<\/span><\/p>\n<p><span style=\"text-decoration: underline;\"><strong><a href=\"https:\/\/www.grandsformats.com\/artist\/compagnie-haoma\/\"><span style=\"font-size: 10pt;\">Page membre<\/span><\/a><\/strong><\/span>[\/vc_column_text][\/vc_column][\/vc_row][vc_row equal_height=&#8221;&#8221; shift_y=&#8221;0&#8243; z_index=&#8221;0&#8243; css=&#8221;.vc_custom_1739540770874{margin-bottom: 0px !important;border-bottom-width: 0px !important;padding-bottom: 0px !important;}&#8221;][vc_column width=&#8221;1\/4&#8243;][vc_single_image image=&#8221;31730&#8243; img_size=&#8221;600&#215;600&#8243; full_width=&#8221;1&#8243; onclick=&#8221;custom_link&#8221; opacity=&#8221;100&#8243; link=&#8221;url:https%3A%2F%2Fwww.grandsformats.com%2Fartist%2Fsointi-jazz-orchestra%2F|target:_blank|rel:nofollow&#8221; css=&#8221;.vc_custom_1739541042397{margin-bottom: 0px !important;border-bottom-width: 0px !important;padding-bottom: 5px !important;}&#8221;][vc_column_text css=&#8221;.vc_custom_1739541032727{margin-top: 0px !important;margin-bottom: 0px !important;border-top-width: 0px !important;border-bottom-width: 0px !important;padding-top: 0px !important;padding-bottom: 0px !important;}&#8221;]<\/p>\n<p style=\"text-align: center;\"><span style=\"font-size: 8pt;\">\u00a9 Venla Helenius<\/span><\/p>\n<p>[\/vc_column_text][\/vc_column][vc_column width=&#8221;3\/4&#8243;][vc_column_text]<strong>SOINTI JAZZ ORCHESTRA<\/strong><\/p>\n<p><strong><span style=\"font-size: 10pt;\">Direction :\u00a0Rasmus Soini<br \/>\n<\/span><\/strong><\/p>\n<p><span style=\"font-size: 10pt;\">The 18-piece Sointi Jazz Orchestra was founded in Helsinki in the fall of 2013 and has since made its mark on the Finnish big band scene. Unique instrumentation combined with a refreshing repertoire makes SJO internationally special among big bands. Sointi Jazz Orchestra operates periodically and performs concerts throughout the year in different parts of Finland.<br \/>\n<\/span><span style=\"font-size: 10pt;\">Sointi Jazz Orchestra specializes in new music composed mainly in the 2000\u2019s. In addition to its regular repertoire SJO collaborates with interesting guest artists, such as Mathias Eick, Maria Faust, Marius Neset, Anders Jormin, Ivo Neame, Juhani Aaltonen, Aili Ikonen and Jukka Perko. Sointi Jazz Orchestra has released six albums \u2013 the previous one, J\u00e4\u00e4hyv\u00e4iset (Flame Jazz Records), was released in October 2024. Since 2013, the artistic director of Sointi Jazz Orchestra has been composer-arranger-conductor Rasmus Soini.<\/span><\/p>\n<p><span style=\"text-decoration: underline;\"><strong><a href=\"https:\/\/www.grandsformats.com\/artist\/sointi-jazz-orchestra\/\"><span style=\"font-size: 10pt;\">Page membre<\/span><\/a><\/strong><\/span>[\/vc_column_text][\/vc_column][\/vc_row][vc_row][vc_column][vc_column_text]<span style=\"font-size: 10pt;\">Photo : Sointi Jazz Orchestra \u00a9 Venla Helenius<\/span>[\/vc_column_text][\/vc_column][\/vc_row]<\/p>\n<\/div>","protected":false},"excerpt":{"rendered":"<p>[vc_row equal_height=&#8221;&#8221; shift_y=&#8221;0&#8243; z_index=&#8221;0&#8243; css=&#8221;.vc_custom_1739540401674{margin-bottom: 0px !important;border-bottom-width: 0px !important;padding-bottom: 0px !important;}&#8221;][vc_column][vc_column_text] En 2025, quatre nouveaux membres rejoignent la famille Grands Formats ! \u00c0 la suite de l\u2019appel \u00e0 candidatures lanc\u00e9 \u00e0 l\u2019automne 2024, le Conseil d\u2019Administration de Grands Formats a vot\u00e9 l\u2019int\u00e9gration de 3 collectifs au r\u00e9seau fran\u00e7ais et d&#8217;un grand ensemble au r\u00e9seau europ\u00e9en&#8230;<\/p>\n<p><a rel=\"bookmark\" class=\"theme-button-text wvc-button wvc-button-size-xs\" href=\"https:\/\/www.grandsformats.com\/en\/2025\/02\/bienvenue-aux-nouveaux-membres-de-grands-formats\/\"><small class=\"wvc-button-background-fill\"><\/small><span>Continue reading<\/span><\/a><\/p>\n","protected":false},"author":161,"featured_media":31713,"comment_status":"open","ping_status":"open","sticky":false,"template":"","format":"standard","meta":{"_acf_changed":false,"footnotes":""},"categories":[90,95,1342,1341,1343,1344],"tags":[],"class_list":["post-31693","post","type-post","status-publish","format-standard","has-post-thumbnail","hentry","category-grands-formats","category-membres","category-compagnie-haoma","category-gros-caillou","category-lautre-collectif","category-sointi-jazz-orchestra","entry-post-skin-light","entry","clearfix","entry-grid","entry-columns-default","entry-post-module-layout-sidebar-right","thumbnail-color-tone-dark","metro-landscape","entry-post","entry-masonry","entry-post-masonry"],"acf":[],"yoast_head":"<!-- This site is optimized with the Yoast SEO plugin v25.8 - https:\/\/yoast.com\/wordpress\/plugins\/seo\/ -->\n<title>Bienvenue aux nouveaux membres de Grands Formats ! - Site officiel de la f\u00e9d\u00e9ration Grands Formats<\/title>\n<meta name=\"description\" content=\"En 2025, quatre nouveaux membres rejoignent la famille Grands Formats !\u00c0 la suite de l\u2019appel \u00e0 candidatures lanc\u00e9 \u00e0 l\u2019automne 2024...\" \/>\n<meta name=\"robots\" content=\"index, follow, max-snippet:-1, max-image-preview:large, max-video-preview:-1\" \/>\n<link rel=\"canonical\" href=\"https:\/\/www.grandsformats.com\/2025\/02\/bienvenue-aux-nouveaux-membres-de-grands-formats\/\" \/>\n<meta property=\"og:locale\" content=\"en_US\" \/>\n<meta property=\"og:type\" content=\"article\" \/>\n<meta property=\"og:title\" content=\"Bienvenue aux nouveaux membres de Grands Formats ! - Site officiel de la f\u00e9d\u00e9ration Grands Formats\" \/>\n<meta property=\"og:description\" content=\"En 2025, quatre nouveaux membres rejoignent la famille Grands Formats !\u00c0 la suite de l\u2019appel \u00e0 candidatures lanc\u00e9 \u00e0 l\u2019automne 2024...\" \/>\n<meta property=\"og:url\" content=\"https:\/\/www.grandsformats.com\/2025\/02\/bienvenue-aux-nouveaux-membres-de-grands-formats\/\" \/>\n<meta property=\"og:site_name\" content=\"Site officiel de la f\u00e9d\u00e9ration Grands Formats\" \/>\n<meta property=\"article:publisher\" content=\"https:\/\/www.facebook.com\/grandsformats\/\" \/>\n<meta property=\"article:published_time\" content=\"2025-02-14T13:51:43+00:00\" \/>\n<meta property=\"og:image\" content=\"https:\/\/www.grandsformats.com\/wp-content\/uploads\/2025\/02\/169Sointi-Jazz-Orchestra1-Venla-Helenius-2.jpg\" \/>\n\t<meta property=\"og:image:width\" content=\"1920\" \/>\n\t<meta property=\"og:image:height\" content=\"1080\" \/>\n\t<meta property=\"og:image:type\" content=\"image\/jpeg\" \/>\n<meta name=\"author\" content=\"Laura Hanequand - Grands Formats\" \/>\n<meta name=\"twitter:card\" content=\"summary_large_image\" \/>\n<meta name=\"twitter:creator\" content=\"@GrandsFormatsGF\" \/>\n<meta name=\"twitter:site\" content=\"@GrandsFormatsGF\" \/>\n<meta name=\"twitter:label1\" content=\"Written by\" \/>\n\t<meta name=\"twitter:data1\" content=\"Laura Hanequand - Grands Formats\" \/>\n\t<meta name=\"twitter:label2\" content=\"Est. reading time\" \/>\n\t<meta name=\"twitter:data2\" content=\"6 minutes\" \/>\n<script type=\"application\/ld+json\" class=\"yoast-schema-graph\">{\"@context\":\"https:\/\/schema.org\",\"@graph\":[{\"@type\":\"Article\",\"@id\":\"https:\/\/www.grandsformats.com\/2025\/02\/bienvenue-aux-nouveaux-membres-de-grands-formats\/#article\",\"isPartOf\":{\"@id\":\"https:\/\/www.grandsformats.com\/2025\/02\/bienvenue-aux-nouveaux-membres-de-grands-formats\/\"},\"author\":{\"name\":\"Laura Hanequand - Grands Formats\",\"@id\":\"https:\/\/www.grandsformats.com\/#\/schema\/person\/56c2866069b6967b2c7becd25c9b4dbb\"},\"headline\":\"Bienvenue aux nouveaux membres de Grands Formats !\",\"datePublished\":\"2025-02-14T13:51:43+00:00\",\"mainEntityOfPage\":{\"@id\":\"https:\/\/www.grandsformats.com\/2025\/02\/bienvenue-aux-nouveaux-membres-de-grands-formats\/\"},\"wordCount\":1272,\"commentCount\":0,\"publisher\":{\"@id\":\"https:\/\/www.grandsformats.com\/#organization\"},\"image\":{\"@id\":\"https:\/\/www.grandsformats.com\/2025\/02\/bienvenue-aux-nouveaux-membres-de-grands-formats\/#primaryimage\"},\"thumbnailUrl\":\"https:\/\/www.grandsformats.com\/wp-content\/uploads\/2025\/02\/169Sointi-Jazz-Orchestra1-Venla-Helenius-2.jpg\",\"articleSection\":[\"Actus de la f\u00e9d\u00e9\",\"Actus des membres\",\"Compagnie Haoma\",\"Gros Caillou\",\"l'Autre Collectif\",\"Sointi Jazz Orchestra\"],\"inLanguage\":\"en-US\",\"potentialAction\":[{\"@type\":\"CommentAction\",\"name\":\"Comment\",\"target\":[\"https:\/\/www.grandsformats.com\/2025\/02\/bienvenue-aux-nouveaux-membres-de-grands-formats\/#respond\"]}]},{\"@type\":\"WebPage\",\"@id\":\"https:\/\/www.grandsformats.com\/2025\/02\/bienvenue-aux-nouveaux-membres-de-grands-formats\/\",\"url\":\"https:\/\/www.grandsformats.com\/2025\/02\/bienvenue-aux-nouveaux-membres-de-grands-formats\/\",\"name\":\"Bienvenue aux nouveaux membres de Grands Formats ! - Site officiel de la f\u00e9d\u00e9ration Grands Formats\",\"isPartOf\":{\"@id\":\"https:\/\/www.grandsformats.com\/#website\"},\"primaryImageOfPage\":{\"@id\":\"https:\/\/www.grandsformats.com\/2025\/02\/bienvenue-aux-nouveaux-membres-de-grands-formats\/#primaryimage\"},\"image\":{\"@id\":\"https:\/\/www.grandsformats.com\/2025\/02\/bienvenue-aux-nouveaux-membres-de-grands-formats\/#primaryimage\"},\"thumbnailUrl\":\"https:\/\/www.grandsformats.com\/wp-content\/uploads\/2025\/02\/169Sointi-Jazz-Orchestra1-Venla-Helenius-2.jpg\",\"datePublished\":\"2025-02-14T13:51:43+00:00\",\"description\":\"En 2025, quatre nouveaux membres rejoignent la famille Grands Formats !\u00c0 la suite de l\u2019appel \u00e0 candidatures lanc\u00e9 \u00e0 l\u2019automne 2024...\",\"breadcrumb\":{\"@id\":\"https:\/\/www.grandsformats.com\/2025\/02\/bienvenue-aux-nouveaux-membres-de-grands-formats\/#breadcrumb\"},\"inLanguage\":\"en-US\",\"potentialAction\":[{\"@type\":\"ReadAction\",\"target\":[\"https:\/\/www.grandsformats.com\/2025\/02\/bienvenue-aux-nouveaux-membres-de-grands-formats\/\"]}]},{\"@type\":\"ImageObject\",\"inLanguage\":\"en-US\",\"@id\":\"https:\/\/www.grandsformats.com\/2025\/02\/bienvenue-aux-nouveaux-membres-de-grands-formats\/#primaryimage\",\"url\":\"https:\/\/www.grandsformats.com\/wp-content\/uploads\/2025\/02\/169Sointi-Jazz-Orchestra1-Venla-Helenius-2.jpg\",\"contentUrl\":\"https:\/\/www.grandsformats.com\/wp-content\/uploads\/2025\/02\/169Sointi-Jazz-Orchestra1-Venla-Helenius-2.jpg\",\"width\":1920,\"height\":1080,\"caption\":\"Sointi Jazz Orchestra Venla Helenius nouveaux membres\"},{\"@type\":\"BreadcrumbList\",\"@id\":\"https:\/\/www.grandsformats.com\/2025\/02\/bienvenue-aux-nouveaux-membres-de-grands-formats\/#breadcrumb\",\"itemListElement\":[{\"@type\":\"ListItem\",\"position\":1,\"name\":\"Accueil\",\"item\":\"https:\/\/www.grandsformats.com\/en\/\"},{\"@type\":\"ListItem\",\"position\":2,\"name\":\"Bienvenue aux nouveaux membres de Grands Formats !\"}]},{\"@type\":\"WebSite\",\"@id\":\"https:\/\/www.grandsformats.com\/#website\",\"url\":\"https:\/\/www.grandsformats.com\/\",\"name\":\"Site officiel de la f\u00e9d\u00e9ration Grands Formats\",\"description\":\"F\u00e9d\u00e9ration d&#039;artistes pour la musique en grand !\",\"publisher\":{\"@id\":\"https:\/\/www.grandsformats.com\/#organization\"},\"potentialAction\":[{\"@type\":\"SearchAction\",\"target\":{\"@type\":\"EntryPoint\",\"urlTemplate\":\"https:\/\/www.grandsformats.com\/?s={search_term_string}\"},\"query-input\":{\"@type\":\"PropertyValueSpecification\",\"valueRequired\":true,\"valueName\":\"search_term_string\"}}],\"inLanguage\":\"en-US\"},{\"@type\":\"Organization\",\"@id\":\"https:\/\/www.grandsformats.com\/#organization\",\"name\":\"Grands Formats\",\"url\":\"https:\/\/www.grandsformats.com\/\",\"logo\":{\"@type\":\"ImageObject\",\"inLanguage\":\"en-US\",\"@id\":\"https:\/\/www.grandsformats.com\/#\/schema\/logo\/image\/\",\"url\":\"https:\/\/www.grandsformats.com\/wp-content\/uploads\/2020\/03\/logo-GF-200.png\",\"contentUrl\":\"https:\/\/www.grandsformats.com\/wp-content\/uploads\/2020\/03\/logo-GF-200.png\",\"width\":155,\"height\":200,\"caption\":\"Grands Formats\"},\"image\":{\"@id\":\"https:\/\/www.grandsformats.com\/#\/schema\/logo\/image\/\"},\"sameAs\":[\"https:\/\/www.facebook.com\/grandsformats\/\",\"https:\/\/x.com\/GrandsFormatsGF\",\"https:\/\/www.instagram.com\/grandsformats\/\",\"https:\/\/www.youtube.com\/channel\/UCJ7k9dbqc_DG-nxI3WMPvhw?view_as=subscriberhttps:\/\/www.youtube.com\/channel\/UCJ7k9dbqc_DG-nxI3WMPvhw?view_as=subscriber\"]},{\"@type\":\"Person\",\"@id\":\"https:\/\/www.grandsformats.com\/#\/schema\/person\/56c2866069b6967b2c7becd25c9b4dbb\",\"name\":\"Laura Hanequand - Grands Formats\",\"image\":{\"@type\":\"ImageObject\",\"inLanguage\":\"en-US\",\"@id\":\"https:\/\/www.grandsformats.com\/#\/schema\/person\/image\/\",\"url\":\"https:\/\/secure.gravatar.com\/avatar\/6d52edecb86835c2b7e81a2cdb8965ae325b4045b44f9043177428c622c06643?s=96&d=mm&r=g\",\"contentUrl\":\"https:\/\/secure.gravatar.com\/avatar\/6d52edecb86835c2b7e81a2cdb8965ae325b4045b44f9043177428c622c06643?s=96&d=mm&r=g\",\"caption\":\"Laura Hanequand - Grands Formats\"},\"url\":\"https:\/\/www.grandsformats.com\/en\/author\/lauragrandsformats-com\/\"}]}<\/script>\n<!-- \/ Yoast SEO plugin. -->","yoast_head_json":{"title":"Bienvenue aux nouveaux membres de Grands Formats ! - Site officiel de la f\u00e9d\u00e9ration Grands Formats","description":"En 2025, quatre nouveaux membres rejoignent la famille Grands Formats !\u00c0 la suite de l\u2019appel \u00e0 candidatures lanc\u00e9 \u00e0 l\u2019automne 2024...","robots":{"index":"index","follow":"follow","max-snippet":"max-snippet:-1","max-image-preview":"max-image-preview:large","max-video-preview":"max-video-preview:-1"},"canonical":"https:\/\/www.grandsformats.com\/2025\/02\/bienvenue-aux-nouveaux-membres-de-grands-formats\/","og_locale":"en_US","og_type":"article","og_title":"Bienvenue aux nouveaux membres de Grands Formats ! - Site officiel de la f\u00e9d\u00e9ration Grands Formats","og_description":"En 2025, quatre nouveaux membres rejoignent la famille Grands Formats !\u00c0 la suite de l\u2019appel \u00e0 candidatures lanc\u00e9 \u00e0 l\u2019automne 2024...","og_url":"https:\/\/www.grandsformats.com\/2025\/02\/bienvenue-aux-nouveaux-membres-de-grands-formats\/","og_site_name":"Site officiel de la f\u00e9d\u00e9ration Grands Formats","article_publisher":"https:\/\/www.facebook.com\/grandsformats\/","article_published_time":"2025-02-14T13:51:43+00:00","og_image":[{"width":1920,"height":1080,"url":"https:\/\/www.grandsformats.com\/wp-content\/uploads\/2025\/02\/169Sointi-Jazz-Orchestra1-Venla-Helenius-2.jpg","type":"image\/jpeg"}],"author":"Laura Hanequand - Grands Formats","twitter_card":"summary_large_image","twitter_creator":"@GrandsFormatsGF","twitter_site":"@GrandsFormatsGF","twitter_misc":{"Written by":"Laura Hanequand - Grands Formats","Est. reading time":"6 minutes"},"schema":{"@context":"https:\/\/schema.org","@graph":[{"@type":"Article","@id":"https:\/\/www.grandsformats.com\/2025\/02\/bienvenue-aux-nouveaux-membres-de-grands-formats\/#article","isPartOf":{"@id":"https:\/\/www.grandsformats.com\/2025\/02\/bienvenue-aux-nouveaux-membres-de-grands-formats\/"},"author":{"name":"Laura Hanequand - Grands Formats","@id":"https:\/\/www.grandsformats.com\/#\/schema\/person\/56c2866069b6967b2c7becd25c9b4dbb"},"headline":"Bienvenue aux nouveaux membres de Grands Formats !","datePublished":"2025-02-14T13:51:43+00:00","mainEntityOfPage":{"@id":"https:\/\/www.grandsformats.com\/2025\/02\/bienvenue-aux-nouveaux-membres-de-grands-formats\/"},"wordCount":1272,"commentCount":0,"publisher":{"@id":"https:\/\/www.grandsformats.com\/#organization"},"image":{"@id":"https:\/\/www.grandsformats.com\/2025\/02\/bienvenue-aux-nouveaux-membres-de-grands-formats\/#primaryimage"},"thumbnailUrl":"https:\/\/www.grandsformats.com\/wp-content\/uploads\/2025\/02\/169Sointi-Jazz-Orchestra1-Venla-Helenius-2.jpg","articleSection":["Actus de la f\u00e9d\u00e9","Actus des membres","Compagnie Haoma","Gros Caillou","l'Autre Collectif","Sointi Jazz Orchestra"],"inLanguage":"en-US","potentialAction":[{"@type":"CommentAction","name":"Comment","target":["https:\/\/www.grandsformats.com\/2025\/02\/bienvenue-aux-nouveaux-membres-de-grands-formats\/#respond"]}]},{"@type":"WebPage","@id":"https:\/\/www.grandsformats.com\/2025\/02\/bienvenue-aux-nouveaux-membres-de-grands-formats\/","url":"https:\/\/www.grandsformats.com\/2025\/02\/bienvenue-aux-nouveaux-membres-de-grands-formats\/","name":"Bienvenue aux nouveaux membres de Grands Formats ! - Site officiel de la f\u00e9d\u00e9ration Grands Formats","isPartOf":{"@id":"https:\/\/www.grandsformats.com\/#website"},"primaryImageOfPage":{"@id":"https:\/\/www.grandsformats.com\/2025\/02\/bienvenue-aux-nouveaux-membres-de-grands-formats\/#primaryimage"},"image":{"@id":"https:\/\/www.grandsformats.com\/2025\/02\/bienvenue-aux-nouveaux-membres-de-grands-formats\/#primaryimage"},"thumbnailUrl":"https:\/\/www.grandsformats.com\/wp-content\/uploads\/2025\/02\/169Sointi-Jazz-Orchestra1-Venla-Helenius-2.jpg","datePublished":"2025-02-14T13:51:43+00:00","description":"En 2025, quatre nouveaux membres rejoignent la famille Grands Formats !\u00c0 la suite de l\u2019appel \u00e0 candidatures lanc\u00e9 \u00e0 l\u2019automne 2024...","breadcrumb":{"@id":"https:\/\/www.grandsformats.com\/2025\/02\/bienvenue-aux-nouveaux-membres-de-grands-formats\/#breadcrumb"},"inLanguage":"en-US","potentialAction":[{"@type":"ReadAction","target":["https:\/\/www.grandsformats.com\/2025\/02\/bienvenue-aux-nouveaux-membres-de-grands-formats\/"]}]},{"@type":"ImageObject","inLanguage":"en-US","@id":"https:\/\/www.grandsformats.com\/2025\/02\/bienvenue-aux-nouveaux-membres-de-grands-formats\/#primaryimage","url":"https:\/\/www.grandsformats.com\/wp-content\/uploads\/2025\/02\/169Sointi-Jazz-Orchestra1-Venla-Helenius-2.jpg","contentUrl":"https:\/\/www.grandsformats.com\/wp-content\/uploads\/2025\/02\/169Sointi-Jazz-Orchestra1-Venla-Helenius-2.jpg","width":1920,"height":1080,"caption":"Sointi Jazz Orchestra Venla Helenius nouveaux membres"},{"@type":"BreadcrumbList","@id":"https:\/\/www.grandsformats.com\/2025\/02\/bienvenue-aux-nouveaux-membres-de-grands-formats\/#breadcrumb","itemListElement":[{"@type":"ListItem","position":1,"name":"Accueil","item":"https:\/\/www.grandsformats.com\/en\/"},{"@type":"ListItem","position":2,"name":"Bienvenue aux nouveaux membres de Grands Formats !"}]},{"@type":"WebSite","@id":"https:\/\/www.grandsformats.com\/#website","url":"https:\/\/www.grandsformats.com\/","name":"Site officiel de la f\u00e9d\u00e9ration Grands Formats","description":"F\u00e9d\u00e9ration d&#039;artistes pour la musique en grand !","publisher":{"@id":"https:\/\/www.grandsformats.com\/#organization"},"potentialAction":[{"@type":"SearchAction","target":{"@type":"EntryPoint","urlTemplate":"https:\/\/www.grandsformats.com\/?s={search_term_string}"},"query-input":{"@type":"PropertyValueSpecification","valueRequired":true,"valueName":"search_term_string"}}],"inLanguage":"en-US"},{"@type":"Organization","@id":"https:\/\/www.grandsformats.com\/#organization","name":"Grands Formats","url":"https:\/\/www.grandsformats.com\/","logo":{"@type":"ImageObject","inLanguage":"en-US","@id":"https:\/\/www.grandsformats.com\/#\/schema\/logo\/image\/","url":"https:\/\/www.grandsformats.com\/wp-content\/uploads\/2020\/03\/logo-GF-200.png","contentUrl":"https:\/\/www.grandsformats.com\/wp-content\/uploads\/2020\/03\/logo-GF-200.png","width":155,"height":200,"caption":"Grands Formats"},"image":{"@id":"https:\/\/www.grandsformats.com\/#\/schema\/logo\/image\/"},"sameAs":["https:\/\/www.facebook.com\/grandsformats\/","https:\/\/x.com\/GrandsFormatsGF","https:\/\/www.instagram.com\/grandsformats\/","https:\/\/www.youtube.com\/channel\/UCJ7k9dbqc_DG-nxI3WMPvhw?view_as=subscriberhttps:\/\/www.youtube.com\/channel\/UCJ7k9dbqc_DG-nxI3WMPvhw?view_as=subscriber"]},{"@type":"Person","@id":"https:\/\/www.grandsformats.com\/#\/schema\/person\/56c2866069b6967b2c7becd25c9b4dbb","name":"Laura Hanequand - Grands Formats","image":{"@type":"ImageObject","inLanguage":"en-US","@id":"https:\/\/www.grandsformats.com\/#\/schema\/person\/image\/","url":"https:\/\/secure.gravatar.com\/avatar\/6d52edecb86835c2b7e81a2cdb8965ae325b4045b44f9043177428c622c06643?s=96&d=mm&r=g","contentUrl":"https:\/\/secure.gravatar.com\/avatar\/6d52edecb86835c2b7e81a2cdb8965ae325b4045b44f9043177428c622c06643?s=96&d=mm&r=g","caption":"Laura Hanequand - Grands Formats"},"url":"https:\/\/www.grandsformats.com\/en\/author\/lauragrandsformats-com\/"}]}},"_links":{"self":[{"href":"https:\/\/www.grandsformats.com\/en\/wp-json\/wp\/v2\/posts\/31693","targetHints":{"allow":["GET"]}}],"collection":[{"href":"https:\/\/www.grandsformats.com\/en\/wp-json\/wp\/v2\/posts"}],"about":[{"href":"https:\/\/www.grandsformats.com\/en\/wp-json\/wp\/v2\/types\/post"}],"author":[{"embeddable":true,"href":"https:\/\/www.grandsformats.com\/en\/wp-json\/wp\/v2\/users\/161"}],"replies":[{"embeddable":true,"href":"https:\/\/www.grandsformats.com\/en\/wp-json\/wp\/v2\/comments?post=31693"}],"version-history":[{"count":16,"href":"https:\/\/www.grandsformats.com\/en\/wp-json\/wp\/v2\/posts\/31693\/revisions"}],"predecessor-version":[{"id":31737,"href":"https:\/\/www.grandsformats.com\/en\/wp-json\/wp\/v2\/posts\/31693\/revisions\/31737"}],"wp:featuredmedia":[{"embeddable":true,"href":"https:\/\/www.grandsformats.com\/en\/wp-json\/wp\/v2\/media\/31713"}],"wp:attachment":[{"href":"https:\/\/www.grandsformats.com\/en\/wp-json\/wp\/v2\/media?parent=31693"}],"wp:term":[{"taxonomy":"category","embeddable":true,"href":"https:\/\/www.grandsformats.com\/en\/wp-json\/wp\/v2\/categories?post=31693"},{"taxonomy":"post_tag","embeddable":true,"href":"https:\/\/www.grandsformats.com\/en\/wp-json\/wp\/v2\/tags?post=31693"}],"curies":[{"name":"wp","href":"https:\/\/api.w.org\/{rel}","templated":true}]}}