{"id":31631,"date":"2025-02-05T14:35:06","date_gmt":"2025-02-05T13:35:06","guid":{"rendered":"https:\/\/www.grandsformats.com\/?p=31631"},"modified":"2025-02-05T14:37:40","modified_gmt":"2025-02-05T13:37:40","slug":"la-culture-en-mode-survie","status":"publish","type":"post","link":"https:\/\/www.grandsformats.com\/en\/2025\/02\/la-culture-en-mode-survie\/","title":{"rendered":"La culture en mode survie"},"content":{"rendered":"<p>Tout d\u2019abord, je commence par remercier les adh\u00e9rents et le Conseil d&#8217;Administration de m\u2019avoir reconduit \u00e0 la pr\u00e9sidence de Grands Formats. H\u00e2te de travailler avec les nouvelles et nouveaux membres du CA et de poursuivre le travail avec ce m\u00eame bureau.<\/p>\n<p>Cet \u00e9dito de d\u00e9but d\u2019ann\u00e9e, o\u00f9 l\u2019on souhaite une bonne ann\u00e9e \u00e9videmment, j\u2019ai beaucoup trop tard\u00e9 \u00e0 l\u2019\u00e9crire. J\u2019ai repouss\u00e9 l\u2019agenda de publication de cette newsletter plusieurs fois, vu le contexte politique, en pensant qu\u2019en laissant passer une semaine, ou deux, nous allions pouvoir communiquer des informations fiables, rassurantes, ou tout au moins des informations pragmatiques et \u00e0 jour, qui permettraient de savoir comment aborder cette ann\u00e9e 2025 avec nos \u00e9quipes artistiques, nos grands ensembles ou nos collectifs.<\/p>\n<p>Je ne crois pas avoir v\u00e9cu un mois de janvier aussi mouvement\u00e9, en termes de politique culturelle, depuis longtemps. Sans loi de finance 2025, toujours \u00e0 l\u2019heure o\u00f9 j\u2019\u00e9cris ces lignes (5 f\u00e9vrier \u2013 12h) le secteur culturel ne conna\u00eet pas son budget, ce qui a pour cons\u00e9quence directe une frilosit\u00e9 palpable autant chez les \u00e9quipes artistiques que chez les diffuseurs, cela coupl\u00e9 avec des coupes budg\u00e9taires de la part des collectivit\u00e9s\u00a0: on a en m\u00e9moire les baisses et la mobilisation en r\u00e9gion Pays de la Loire, mais il faudra suivre aussi ce qu\u2019il se passe dans le d\u00e9partement de l\u2019H\u00e9rault.<\/p>\n<p>Petit r\u00e9capitulatif de ce mois de janvier.<br \/>\nCommen\u00e7ons par la non-reconduction du mandat de Jean-Philippe Thiellay \u00e0 la pr\u00e9sidence du CNM, ainsi que le d\u00e9part de Romain Laleix de la direction. Apr\u00e8s avoir travaill\u00e9 avec eux, et les \u00e9quipes du CNM, sur la refonte des aides fin 2024, nous pensions \u00eatre parvenus \u00e0 faire entendre notre message de d\u00e9fense de la diversit\u00e9 artistique et des mod\u00e8les \u00e9conomiques. Finalement, apr\u00e8s quelques combats et \u00e9changes houleux, ces crit\u00e8res s\u2019av\u00e8rent moins excluants qu\u2019ils n\u2019auraient pu l\u2019\u00eatre, malgr\u00e9 une prise en compte de nos mod\u00e8les encore tr\u00e8s relative. \u00c0 v\u00e9rifier dans les faits bien entendu\u00a0!<\/p>\n<p>La nomination de Jean-Baptiste Gourdin, le 31 janvier, a l\u2019air salu\u00e9e par une partie de la profession. Pour ma part, je ne peux qu\u2019esp\u00e9rer qu\u2019elle s\u2019inscrive dans la continuit\u00e9 du travail que nous avons d\u00e9j\u00e0 effectu\u00e9. J\u2019esp\u00e8re pouvoir organiser une rencontre au plus vite avec ce nouveau pr\u00e9sident.<\/p>\n<p>Concernant le Projet de loi de finance, notre ministre de la Culture Rachida Dati avait assur\u00e9 un maintien du budget de la Culture lors d\u2019un CNPS (Conseil National des Professions du Spectacle) le 14 janvier. Pour rappel, Grands Formats y est repr\u00e9sent\u00e9 par l\u2019interm\u00e9diaire de l\u2019UFISC. Trois jours plus tard, un amendement gouvernemental r\u00e9duit les budgets de 130 millions d\u2019euros. Depuis, les f\u00e9d\u00e9rations et les syndicats se battent pour qu\u2019il n\u2019en soit pas ainsi.<\/p>\n<p>La derni\u00e8re mauvaise nouvelle est arriv\u00e9e en fin de semaine derni\u00e8re et concerne le gel de la part collective du Pass Culture pour 2025. J\u2019avais \u00e9voqu\u00e9 ce dispositif lors de la Rentr\u00e9e Grands Formats, qui permettait de financer une partie de la billetterie d\u2019un concert et des salaires des intervenant\u00b7e\u00b7s. Une <a href=\"https:\/\/www.telerama.fr\/debats-reportages\/pass-culture-les-professionnels-du-cinema-s-alarment-des-dangers-du-gel-de-la-part-collective-7024198.php\">tribune<\/a>, initi\u00e9e par l\u2019Association fran\u00e7aise des cin\u00e9mas art et essai (AFCAE) et l\u2019Archipel des lucioles, a \u00e9t\u00e9 sign\u00e9e par Grands Formats, et je sais qu\u2019un rendez-vous est pr\u00e9vu entre syndicats et ministre de la Culture ce jeudi 6 f\u00e9vrier pour aborder le sujet du pass culture, mais aussi le budget cr\u00e9ation et le FONPEPS.<\/p>\n<p>Je voudrais d\u2019ailleurs saluer ce travail de mobilisation de l\u2019UFISC, du SMA, de Sc\u00e8nes Ensemble (fusion du Profedim et du Syndicat des Sc\u00e8nes Publiques), du SNAM CGT, et des autres membres de l&#8217;intersyndicale ( <em>cf. <a href=\"https:\/\/www.sceneensemble.com\/actualites\/lettre-ouverte-a-rachida-dati-sur-les-coupes-budgetaires\/\">\u00ab Lettre ouverte \u00e0 Rachida Dati sur les coupes budg\u00e9taires \u00bb<\/a> <\/em>ou le communiqu\u00e9 de l&#8217;UFISC<em><a href=\"https:\/\/www.grandsformats.com\/2025\/01\/communique-ufisc-budget-2025-alerte-sur-la-diversite-artistique-et-culturelle\/\"> \u00ab Budget 2025 : Alerte sur la diversit\u00e9 artistique et culturelle ! \u00bb<\/a><\/em>).<\/p>\n<p>Malgr\u00e9 tout cela, c\u2019est toujours l\u2019attente, et les jours qui passent, sans budget clair et avec l\u2019inqui\u00e9tude, tous les jours, d\u2019une mauvaise nouvelle budg\u00e9taire, en r\u00e9p\u00e9tition, en r\u00e9sidence ou apr\u00e8s un concert.<br \/>\nPlus que jamais, le monde du spectacle doit se mobiliser, aussi j&#8217;encourage ses acteur\u00b7rice\u00b7s \u00e0 rejoindre massivement les syndicats et les manifestations organis\u00e9es, chacun\u00b7e doit agir. La musique, m\u00eame en mode survie, continuera toujours, mais le p\u00e9ril de la profession s&#8217;acc\u00e9l\u00e8re.<\/p>\n<p style=\"text-align: right;\"><strong>Par Alexandre Herer, pr\u00e9sident de Grands Formats<br \/>\net membre du collectif Onze Heures Onze<\/strong><\/p>\n<p>&nbsp;<\/p>\n","protected":false},"excerpt":{"rendered":"<p>Tout d\u2019abord, je commence par remercier les adh\u00e9rents et le Conseil d&#8217;Administration de m\u2019avoir reconduit \u00e0 la pr\u00e9sidence de Grands Formats. H\u00e2te de travailler avec les nouvelles et nouveaux membres du CA et de poursuivre le travail avec ce m\u00eame bureau. Cet \u00e9dito de d\u00e9but d\u2019ann\u00e9e, o\u00f9 l\u2019on souhaite une bonne ann\u00e9e \u00e9videmment, j\u2019ai beaucoup&#8230;<\/p>\n<p><a rel=\"bookmark\" class=\"theme-button-text wvc-button wvc-button-size-xs\" href=\"https:\/\/www.grandsformats.com\/en\/2025\/02\/la-culture-en-mode-survie\/\"><small class=\"wvc-button-background-fill\"><\/small><span>Continue reading<\/span><\/a><\/p>\n","protected":false},"author":161,"featured_media":31632,"comment_status":"open","ping_status":"open","sticky":false,"template":"","format":"standard","meta":{"_acf_changed":false,"footnotes":""},"categories":[862,224],"tags":[],"class_list":["post-31631","post","type-post","status-publish","format-standard","has-post-thumbnail","hentry","category-onze-heures-onze","category-tribunes","entry-post-skin-light","entry","clearfix","entry-grid","entry-columns-default","entry-post-module-layout-sidebar-right","thumbnail-color-tone-dark","metro-landscape","entry-post","entry-masonry","entry-post-masonry"],"acf":[],"yoast_head":"<!-- This site is optimized with the Yoast SEO plugin v25.8 - https:\/\/yoast.com\/wordpress\/plugins\/seo\/ -->\n<title>La culture en mode survie - Site officiel de la f\u00e9d\u00e9ration Grands Formats<\/title>\n<meta name=\"description\" content=\"Je commence par remercier les adh\u00e9rents et le Conseil d&#039;Administration de m\u2019avoir reconduit \u00e0 la pr\u00e9sidence de Grands Formats...\" \/>\n<meta name=\"robots\" content=\"index, follow, max-snippet:-1, max-image-preview:large, max-video-preview:-1\" \/>\n<link rel=\"canonical\" href=\"https:\/\/www.grandsformats.com\/2025\/02\/la-culture-en-mode-survie\/\" \/>\n<meta property=\"og:locale\" content=\"en_US\" \/>\n<meta property=\"og:type\" content=\"article\" \/>\n<meta property=\"og:title\" content=\"La culture en mode survie - Site officiel de la f\u00e9d\u00e9ration Grands Formats\" \/>\n<meta property=\"og:description\" content=\"Je commence par remercier les adh\u00e9rents et le Conseil d&#039;Administration de m\u2019avoir reconduit \u00e0 la pr\u00e9sidence de Grands Formats...\" \/>\n<meta property=\"og:url\" content=\"https:\/\/www.grandsformats.com\/2025\/02\/la-culture-en-mode-survie\/\" \/>\n<meta property=\"og:site_name\" content=\"Site officiel de la f\u00e9d\u00e9ration Grands Formats\" \/>\n<meta property=\"article:publisher\" content=\"https:\/\/www.facebook.com\/grandsformats\/\" \/>\n<meta property=\"article:published_time\" content=\"2025-02-05T13:35:06+00:00\" \/>\n<meta property=\"article:modified_time\" content=\"2025-02-05T13:37:40+00:00\" \/>\n<meta property=\"og:image\" content=\"https:\/\/www.grandsformats.com\/wp-content\/uploads\/2025\/01\/couv-de-survie-edito.jpg\" \/>\n\t<meta property=\"og:image:width\" content=\"1920\" \/>\n\t<meta property=\"og:image:height\" content=\"1079\" \/>\n\t<meta property=\"og:image:type\" content=\"image\/jpeg\" \/>\n<meta name=\"author\" content=\"Laura Hanequand - Grands Formats\" \/>\n<meta name=\"twitter:card\" content=\"summary_large_image\" \/>\n<meta name=\"twitter:creator\" content=\"@GrandsFormatsGF\" \/>\n<meta name=\"twitter:site\" content=\"@GrandsFormatsGF\" \/>\n<meta name=\"twitter:label1\" content=\"Written by\" \/>\n\t<meta name=\"twitter:data1\" content=\"Laura Hanequand - Grands Formats\" \/>\n\t<meta name=\"twitter:label2\" content=\"Est. reading time\" \/>\n\t<meta name=\"twitter:data2\" content=\"4 minutes\" \/>\n<script type=\"application\/ld+json\" class=\"yoast-schema-graph\">{\"@context\":\"https:\/\/schema.org\",\"@graph\":[{\"@type\":\"Article\",\"@id\":\"https:\/\/www.grandsformats.com\/2025\/02\/la-culture-en-mode-survie\/#article\",\"isPartOf\":{\"@id\":\"https:\/\/www.grandsformats.com\/2025\/02\/la-culture-en-mode-survie\/\"},\"author\":{\"name\":\"Laura Hanequand - Grands Formats\",\"@id\":\"https:\/\/www.grandsformats.com\/#\/schema\/person\/56c2866069b6967b2c7becd25c9b4dbb\"},\"headline\":\"La culture en mode survie\",\"datePublished\":\"2025-02-05T13:35:06+00:00\",\"dateModified\":\"2025-02-05T13:37:40+00:00\",\"mainEntityOfPage\":{\"@id\":\"https:\/\/www.grandsformats.com\/2025\/02\/la-culture-en-mode-survie\/\"},\"wordCount\":794,\"commentCount\":0,\"publisher\":{\"@id\":\"https:\/\/www.grandsformats.com\/#organization\"},\"image\":{\"@id\":\"https:\/\/www.grandsformats.com\/2025\/02\/la-culture-en-mode-survie\/#primaryimage\"},\"thumbnailUrl\":\"https:\/\/www.grandsformats.com\/wp-content\/uploads\/2025\/01\/couv-de-survie-edito.jpg\",\"articleSection\":[\"Onze Heures Onze\",\"Tribunes\"],\"inLanguage\":\"en-US\",\"potentialAction\":[{\"@type\":\"CommentAction\",\"name\":\"Comment\",\"target\":[\"https:\/\/www.grandsformats.com\/2025\/02\/la-culture-en-mode-survie\/#respond\"]}]},{\"@type\":\"WebPage\",\"@id\":\"https:\/\/www.grandsformats.com\/2025\/02\/la-culture-en-mode-survie\/\",\"url\":\"https:\/\/www.grandsformats.com\/2025\/02\/la-culture-en-mode-survie\/\",\"name\":\"La culture en mode survie - Site officiel de la f\u00e9d\u00e9ration Grands Formats\",\"isPartOf\":{\"@id\":\"https:\/\/www.grandsformats.com\/#website\"},\"primaryImageOfPage\":{\"@id\":\"https:\/\/www.grandsformats.com\/2025\/02\/la-culture-en-mode-survie\/#primaryimage\"},\"image\":{\"@id\":\"https:\/\/www.grandsformats.com\/2025\/02\/la-culture-en-mode-survie\/#primaryimage\"},\"thumbnailUrl\":\"https:\/\/www.grandsformats.com\/wp-content\/uploads\/2025\/01\/couv-de-survie-edito.jpg\",\"datePublished\":\"2025-02-05T13:35:06+00:00\",\"dateModified\":\"2025-02-05T13:37:40+00:00\",\"description\":\"Je commence par remercier les adh\u00e9rents et le Conseil d'Administration de m\u2019avoir reconduit \u00e0 la pr\u00e9sidence de Grands Formats...\",\"breadcrumb\":{\"@id\":\"https:\/\/www.grandsformats.com\/2025\/02\/la-culture-en-mode-survie\/#breadcrumb\"},\"inLanguage\":\"en-US\",\"potentialAction\":[{\"@type\":\"ReadAction\",\"target\":[\"https:\/\/www.grandsformats.com\/2025\/02\/la-culture-en-mode-survie\/\"]}]},{\"@type\":\"ImageObject\",\"inLanguage\":\"en-US\",\"@id\":\"https:\/\/www.grandsformats.com\/2025\/02\/la-culture-en-mode-survie\/#primaryimage\",\"url\":\"https:\/\/www.grandsformats.com\/wp-content\/uploads\/2025\/01\/couv-de-survie-edito.jpg\",\"contentUrl\":\"https:\/\/www.grandsformats.com\/wp-content\/uploads\/2025\/01\/couv-de-survie-edito.jpg\",\"width\":1920,\"height\":1079,\"caption\":\"la culture en mode survie\"},{\"@type\":\"BreadcrumbList\",\"@id\":\"https:\/\/www.grandsformats.com\/2025\/02\/la-culture-en-mode-survie\/#breadcrumb\",\"itemListElement\":[{\"@type\":\"ListItem\",\"position\":1,\"name\":\"Accueil\",\"item\":\"https:\/\/www.grandsformats.com\/en\/\"},{\"@type\":\"ListItem\",\"position\":2,\"name\":\"La culture en mode survie\"}]},{\"@type\":\"WebSite\",\"@id\":\"https:\/\/www.grandsformats.com\/#website\",\"url\":\"https:\/\/www.grandsformats.com\/\",\"name\":\"Site officiel de la f\u00e9d\u00e9ration Grands Formats\",\"description\":\"F\u00e9d\u00e9ration d&#039;artistes pour la musique en grand !\",\"publisher\":{\"@id\":\"https:\/\/www.grandsformats.com\/#organization\"},\"potentialAction\":[{\"@type\":\"SearchAction\",\"target\":{\"@type\":\"EntryPoint\",\"urlTemplate\":\"https:\/\/www.grandsformats.com\/?s={search_term_string}\"},\"query-input\":{\"@type\":\"PropertyValueSpecification\",\"valueRequired\":true,\"valueName\":\"search_term_string\"}}],\"inLanguage\":\"en-US\"},{\"@type\":\"Organization\",\"@id\":\"https:\/\/www.grandsformats.com\/#organization\",\"name\":\"Grands Formats\",\"url\":\"https:\/\/www.grandsformats.com\/\",\"logo\":{\"@type\":\"ImageObject\",\"inLanguage\":\"en-US\",\"@id\":\"https:\/\/www.grandsformats.com\/#\/schema\/logo\/image\/\",\"url\":\"https:\/\/www.grandsformats.com\/wp-content\/uploads\/2020\/03\/logo-GF-200.png\",\"contentUrl\":\"https:\/\/www.grandsformats.com\/wp-content\/uploads\/2020\/03\/logo-GF-200.png\",\"width\":155,\"height\":200,\"caption\":\"Grands Formats\"},\"image\":{\"@id\":\"https:\/\/www.grandsformats.com\/#\/schema\/logo\/image\/\"},\"sameAs\":[\"https:\/\/www.facebook.com\/grandsformats\/\",\"https:\/\/x.com\/GrandsFormatsGF\",\"https:\/\/www.instagram.com\/grandsformats\/\",\"https:\/\/www.youtube.com\/channel\/UCJ7k9dbqc_DG-nxI3WMPvhw?view_as=subscriberhttps:\/\/www.youtube.com\/channel\/UCJ7k9dbqc_DG-nxI3WMPvhw?view_as=subscriber\"]},{\"@type\":\"Person\",\"@id\":\"https:\/\/www.grandsformats.com\/#\/schema\/person\/56c2866069b6967b2c7becd25c9b4dbb\",\"name\":\"Laura Hanequand - Grands Formats\",\"image\":{\"@type\":\"ImageObject\",\"inLanguage\":\"en-US\",\"@id\":\"https:\/\/www.grandsformats.com\/#\/schema\/person\/image\/\",\"url\":\"https:\/\/secure.gravatar.com\/avatar\/6d52edecb86835c2b7e81a2cdb8965ae325b4045b44f9043177428c622c06643?s=96&d=mm&r=g\",\"contentUrl\":\"https:\/\/secure.gravatar.com\/avatar\/6d52edecb86835c2b7e81a2cdb8965ae325b4045b44f9043177428c622c06643?s=96&d=mm&r=g\",\"caption\":\"Laura Hanequand - Grands Formats\"},\"url\":\"https:\/\/www.grandsformats.com\/en\/author\/lauragrandsformats-com\/\"}]}<\/script>\n<!-- \/ Yoast SEO plugin. -->","yoast_head_json":{"title":"La culture en mode survie - Site officiel de la f\u00e9d\u00e9ration Grands Formats","description":"Je commence par remercier les adh\u00e9rents et le Conseil d'Administration de m\u2019avoir reconduit \u00e0 la pr\u00e9sidence de Grands Formats...","robots":{"index":"index","follow":"follow","max-snippet":"max-snippet:-1","max-image-preview":"max-image-preview:large","max-video-preview":"max-video-preview:-1"},"canonical":"https:\/\/www.grandsformats.com\/2025\/02\/la-culture-en-mode-survie\/","og_locale":"en_US","og_type":"article","og_title":"La culture en mode survie - Site officiel de la f\u00e9d\u00e9ration Grands Formats","og_description":"Je commence par remercier les adh\u00e9rents et le Conseil d'Administration de m\u2019avoir reconduit \u00e0 la pr\u00e9sidence de Grands Formats...","og_url":"https:\/\/www.grandsformats.com\/2025\/02\/la-culture-en-mode-survie\/","og_site_name":"Site officiel de la f\u00e9d\u00e9ration Grands Formats","article_publisher":"https:\/\/www.facebook.com\/grandsformats\/","article_published_time":"2025-02-05T13:35:06+00:00","article_modified_time":"2025-02-05T13:37:40+00:00","og_image":[{"width":1920,"height":1079,"url":"https:\/\/www.grandsformats.com\/wp-content\/uploads\/2025\/01\/couv-de-survie-edito.jpg","type":"image\/jpeg"}],"author":"Laura Hanequand - Grands Formats","twitter_card":"summary_large_image","twitter_creator":"@GrandsFormatsGF","twitter_site":"@GrandsFormatsGF","twitter_misc":{"Written by":"Laura Hanequand - Grands Formats","Est. reading time":"4 minutes"},"schema":{"@context":"https:\/\/schema.org","@graph":[{"@type":"Article","@id":"https:\/\/www.grandsformats.com\/2025\/02\/la-culture-en-mode-survie\/#article","isPartOf":{"@id":"https:\/\/www.grandsformats.com\/2025\/02\/la-culture-en-mode-survie\/"},"author":{"name":"Laura Hanequand - Grands Formats","@id":"https:\/\/www.grandsformats.com\/#\/schema\/person\/56c2866069b6967b2c7becd25c9b4dbb"},"headline":"La culture en mode survie","datePublished":"2025-02-05T13:35:06+00:00","dateModified":"2025-02-05T13:37:40+00:00","mainEntityOfPage":{"@id":"https:\/\/www.grandsformats.com\/2025\/02\/la-culture-en-mode-survie\/"},"wordCount":794,"commentCount":0,"publisher":{"@id":"https:\/\/www.grandsformats.com\/#organization"},"image":{"@id":"https:\/\/www.grandsformats.com\/2025\/02\/la-culture-en-mode-survie\/#primaryimage"},"thumbnailUrl":"https:\/\/www.grandsformats.com\/wp-content\/uploads\/2025\/01\/couv-de-survie-edito.jpg","articleSection":["Onze Heures Onze","Tribunes"],"inLanguage":"en-US","potentialAction":[{"@type":"CommentAction","name":"Comment","target":["https:\/\/www.grandsformats.com\/2025\/02\/la-culture-en-mode-survie\/#respond"]}]},{"@type":"WebPage","@id":"https:\/\/www.grandsformats.com\/2025\/02\/la-culture-en-mode-survie\/","url":"https:\/\/www.grandsformats.com\/2025\/02\/la-culture-en-mode-survie\/","name":"La culture en mode survie - Site officiel de la f\u00e9d\u00e9ration Grands Formats","isPartOf":{"@id":"https:\/\/www.grandsformats.com\/#website"},"primaryImageOfPage":{"@id":"https:\/\/www.grandsformats.com\/2025\/02\/la-culture-en-mode-survie\/#primaryimage"},"image":{"@id":"https:\/\/www.grandsformats.com\/2025\/02\/la-culture-en-mode-survie\/#primaryimage"},"thumbnailUrl":"https:\/\/www.grandsformats.com\/wp-content\/uploads\/2025\/01\/couv-de-survie-edito.jpg","datePublished":"2025-02-05T13:35:06+00:00","dateModified":"2025-02-05T13:37:40+00:00","description":"Je commence par remercier les adh\u00e9rents et le Conseil d'Administration de m\u2019avoir reconduit \u00e0 la pr\u00e9sidence de Grands Formats...","breadcrumb":{"@id":"https:\/\/www.grandsformats.com\/2025\/02\/la-culture-en-mode-survie\/#breadcrumb"},"inLanguage":"en-US","potentialAction":[{"@type":"ReadAction","target":["https:\/\/www.grandsformats.com\/2025\/02\/la-culture-en-mode-survie\/"]}]},{"@type":"ImageObject","inLanguage":"en-US","@id":"https:\/\/www.grandsformats.com\/2025\/02\/la-culture-en-mode-survie\/#primaryimage","url":"https:\/\/www.grandsformats.com\/wp-content\/uploads\/2025\/01\/couv-de-survie-edito.jpg","contentUrl":"https:\/\/www.grandsformats.com\/wp-content\/uploads\/2025\/01\/couv-de-survie-edito.jpg","width":1920,"height":1079,"caption":"la culture en mode survie"},{"@type":"BreadcrumbList","@id":"https:\/\/www.grandsformats.com\/2025\/02\/la-culture-en-mode-survie\/#breadcrumb","itemListElement":[{"@type":"ListItem","position":1,"name":"Accueil","item":"https:\/\/www.grandsformats.com\/en\/"},{"@type":"ListItem","position":2,"name":"La culture en mode survie"}]},{"@type":"WebSite","@id":"https:\/\/www.grandsformats.com\/#website","url":"https:\/\/www.grandsformats.com\/","name":"Site officiel de la f\u00e9d\u00e9ration Grands Formats","description":"F\u00e9d\u00e9ration d&#039;artistes pour la musique en grand !","publisher":{"@id":"https:\/\/www.grandsformats.com\/#organization"},"potentialAction":[{"@type":"SearchAction","target":{"@type":"EntryPoint","urlTemplate":"https:\/\/www.grandsformats.com\/?s={search_term_string}"},"query-input":{"@type":"PropertyValueSpecification","valueRequired":true,"valueName":"search_term_string"}}],"inLanguage":"en-US"},{"@type":"Organization","@id":"https:\/\/www.grandsformats.com\/#organization","name":"Grands Formats","url":"https:\/\/www.grandsformats.com\/","logo":{"@type":"ImageObject","inLanguage":"en-US","@id":"https:\/\/www.grandsformats.com\/#\/schema\/logo\/image\/","url":"https:\/\/www.grandsformats.com\/wp-content\/uploads\/2020\/03\/logo-GF-200.png","contentUrl":"https:\/\/www.grandsformats.com\/wp-content\/uploads\/2020\/03\/logo-GF-200.png","width":155,"height":200,"caption":"Grands Formats"},"image":{"@id":"https:\/\/www.grandsformats.com\/#\/schema\/logo\/image\/"},"sameAs":["https:\/\/www.facebook.com\/grandsformats\/","https:\/\/x.com\/GrandsFormatsGF","https:\/\/www.instagram.com\/grandsformats\/","https:\/\/www.youtube.com\/channel\/UCJ7k9dbqc_DG-nxI3WMPvhw?view_as=subscriberhttps:\/\/www.youtube.com\/channel\/UCJ7k9dbqc_DG-nxI3WMPvhw?view_as=subscriber"]},{"@type":"Person","@id":"https:\/\/www.grandsformats.com\/#\/schema\/person\/56c2866069b6967b2c7becd25c9b4dbb","name":"Laura Hanequand - Grands Formats","image":{"@type":"ImageObject","inLanguage":"en-US","@id":"https:\/\/www.grandsformats.com\/#\/schema\/person\/image\/","url":"https:\/\/secure.gravatar.com\/avatar\/6d52edecb86835c2b7e81a2cdb8965ae325b4045b44f9043177428c622c06643?s=96&d=mm&r=g","contentUrl":"https:\/\/secure.gravatar.com\/avatar\/6d52edecb86835c2b7e81a2cdb8965ae325b4045b44f9043177428c622c06643?s=96&d=mm&r=g","caption":"Laura Hanequand - Grands Formats"},"url":"https:\/\/www.grandsformats.com\/en\/author\/lauragrandsformats-com\/"}]}},"_links":{"self":[{"href":"https:\/\/www.grandsformats.com\/en\/wp-json\/wp\/v2\/posts\/31631","targetHints":{"allow":["GET"]}}],"collection":[{"href":"https:\/\/www.grandsformats.com\/en\/wp-json\/wp\/v2\/posts"}],"about":[{"href":"https:\/\/www.grandsformats.com\/en\/wp-json\/wp\/v2\/types\/post"}],"author":[{"embeddable":true,"href":"https:\/\/www.grandsformats.com\/en\/wp-json\/wp\/v2\/users\/161"}],"replies":[{"embeddable":true,"href":"https:\/\/www.grandsformats.com\/en\/wp-json\/wp\/v2\/comments?post=31631"}],"version-history":[{"count":7,"href":"https:\/\/www.grandsformats.com\/en\/wp-json\/wp\/v2\/posts\/31631\/revisions"}],"predecessor-version":[{"id":31647,"href":"https:\/\/www.grandsformats.com\/en\/wp-json\/wp\/v2\/posts\/31631\/revisions\/31647"}],"wp:featuredmedia":[{"embeddable":true,"href":"https:\/\/www.grandsformats.com\/en\/wp-json\/wp\/v2\/media\/31632"}],"wp:attachment":[{"href":"https:\/\/www.grandsformats.com\/en\/wp-json\/wp\/v2\/media?parent=31631"}],"wp:term":[{"taxonomy":"category","embeddable":true,"href":"https:\/\/www.grandsformats.com\/en\/wp-json\/wp\/v2\/categories?post=31631"},{"taxonomy":"post_tag","embeddable":true,"href":"https:\/\/www.grandsformats.com\/en\/wp-json\/wp\/v2\/tags?post=31631"}],"curies":[{"name":"wp","href":"https:\/\/api.w.org\/{rel}","templated":true}]}}