{"id":31372,"date":"2024-12-03T14:15:02","date_gmt":"2024-12-03T13:15:02","guid":{"rendered":"https:\/\/www.grandsformats.com\/?p=31372"},"modified":"2024-12-05T13:40:57","modified_gmt":"2024-12-05T12:40:57","slug":"un-reveil-douloureux","status":"publish","type":"post","link":"https:\/\/www.grandsformats.com\/en\/2024\/12\/un-reveil-douloureux\/","title":{"rendered":"Un r\u00e9veil douloureux"},"content":{"rendered":"<p>Que d\u2019\u00e9motions en ce mois de novembre\u2026<br \/>\nTout d\u2019abord, r\u00e9jouissons-nous de cette rentr\u00e9e de la F\u00e9d\u00e9ration Grand Formats :\u00a0ce fut un beau moment, riche de musique, de rencontres et d\u2019\u00e9changes ; on en a bien besoin, l\u2019horizon \u00e9tant si sombre.\u00a0Merci aux \u00e9quipes du Pannonica, de La Soufflerie et du conservatoire pour leur accueil !<br \/>\nUne fois encore, l\u2019\u00e9v\u00e8nement nous permet en effet de constater la vitalit\u00e9 du jazz et des musiques improvis\u00e9es \u00e0 travers la cr\u00e9ation pour grands ensemble (Acoustic Large Ensemble \/ What\u2019s New Orchestra \/ Moger Orchestra \/ Orchestre Tout Puissant Marcel Duchamp) mais aussi la rencontre d\u2019une jeune g\u00e9n\u00e9ration de musiciennes et musiciens passionn\u00e9\u00b7e\u00b7s.\u00a0La rel\u00e8ve est assur\u00e9e !<\/p>\n<p>Pourtant, ici dans les Pays de la Loire, nous ne voudrions pas que ces beaux concerts r\u00e9sonnent comme un <em>requiem<\/em>. Puisque nous apprenions \u00e0 peu pr\u00e8s dans le m\u00eame temps que des coupes drastiques dans les budgets pour 2025 allaient \u00eatre mis aux votes par la pr\u00e9sidence de la R\u00e9gion, entre autres dans le secteur de la culture. J\u2019\u00e9cris \u00ab coupes drastiques \u00bb, je devrais parler de \u00ab saign\u00e9e \u00bb tellement les annonces sont sid\u00e9rantes &#8211; on sait que cela fait partie de l\u2019effet voulu.<\/p>\n<p><strong>Alors de quoi s\u2019agit-il ?\u00a0<\/strong><\/p>\n<p>Je me permets ici de d\u00e9tailler un peu les choses, car l\u2019attaque est d\u2019envergure et m\u00e9rite qu\u2019on prenne le temps de s\u2019y pencher.<br \/>\nLa pr\u00e9sidence de R\u00e9gion fait du z\u00e8le : l\u2019\u00c9tat demande 40 millions d\u2019\u00e9conomies \u00e0 la R\u00e9gion &#8211; ce qui n\u2019annonce d\u00e9j\u00e0 rien de bon, mais la pr\u00e9sidente de R\u00e9gion, Christelle Moran\u00e7ais (Horizons), d\u00e9cide d\u2019en faire 60 millions de plus, soit 100 millions d\u2019euros d\u2019\u00e9conomies au total sur le budget (Ouest France, 17\/10\/24). Ce budget sera soumis au vote du Conseil R\u00e9gional les 19 et 20 d\u00e9cembre, et ce sans aucune discussion ni concertation pr\u00e9alables avec la plupart des structures, secteurs, \u00e9lu\u00b7e\u00b7s concern\u00e9\u00b7e\u00b7s.<\/p>\n<p>Pour la Culture donc, la R\u00e9gion envisage une baisse de 73%.<br \/>\nLes aides aux lieux, aux compagnies, aux arts de rue, aux diff\u00e9rents p\u00f4les\u2026 Beaucoup de structures se voient m\u00eame annoncer de simples arr\u00eats de la participation de la R\u00e9gion ou des baisses de 50% en vue d\u2019un arr\u00eat complet. Ce qui est impressionnant, et de prime abord peu compr\u00e9hensible, c\u2019est qu\u2019on parle du financement d\u2019institutions : pour le jazz, sont notamment concern\u00e9s le festival des RDV de l\u2019Erdre, Le Pannonica, Le VIP \u00e0 St Nazaire (Jazzimut), Le P\u00f4le de coop\u00e9ration pour la fili\u00e8re musicale en Pays de la Loire, Trempolino, La Soufflerie\u2026\u00a0Mais on parle aussi de La Folle Journ\u00e9e, de l\u2019ONPL, de l\u2019Op\u00e9ra Nantes\/Angers, du Voyage \u00e0 Nantes, du Th\u00e9\u00e2tre R\u00e9gional, etc.\u00a0Notons que la plupart de ces annonces se font d\u2019un coup de t\u00e9l\u00e9phone, voire d\u2019un sms. Structures essentielles de la vie culturelle r\u00e9gionale, c\u2019est tout un tissu de cr\u00e9ation et de diffusion construit au fil des ann\u00e9es potentiellement d\u00e9mantel\u00e9.<\/p>\n<p>Et la culture n\u2019est pas la seule victime, c\u2019est tout le p\u00e9rim\u00e8tre de la commission 7 du conseil r\u00e9gional \u00ab Culture, sports, vie associative, b\u00e9n\u00e9volat, solidarit\u00e9s, civisme et \u00e9galit\u00e9 femme-homme \u00bb qui se trouve impact\u00e9 : -90% pour l\u2019\u00e9galit\u00e9 femmes\/hommes, -74% pour le sport. On parle de 160 000 emplois menac\u00e9s. La r\u00e9gion veut stopper son financement des missions locales pour l\u2019emploi, et du planning familial !\u00a0(Cette liste n\u2019est pas exhaustive, on apprend au compte-gouttes les structures \/ secteurs vis\u00e9s)<\/p>\n<p>Alors cela pose quand m\u00eame de s\u00e9rieuses questions sur l\u2019orientation d\u2019une telle politique. On peut reconna\u00eetre la doctrine n\u00e9olib\u00e9rale qui ne supporte pas le service public (<em>\u00ab Quelle est la p\u00e9rennit\u00e9 d\u2019un syst\u00e8me qui, pour exister, est \u00e0 ce point d\u00e9pendant de l\u2019argent public ? \u00bb <\/em>lisait-on dans <a href=\"https:\/\/x.com\/C_MORANCAIS\/status\/1856343221116309992\">la publication sur X de C.M. le 12 novembre<\/a>) ; on voit aussi l\u2019aspect autoritaire de cette doctrine dans la mani\u00e8re dont est men\u00e9e cette op\u00e9ration : non concertation, violence des annonces, politique du fait accompli. La nature des secteurs attaqu\u00e9s, elle, fait d\u00e9river dangereusement vers l\u2019extr\u00eame droite (le planning familial !!). De m\u00eame, la culture, la cr\u00e9ation artistique et la sph\u00e8re intellectuelle sont toujours attaqu\u00e9es par les courants fascistes \u2026<br \/>\nJ\u2019\u00e9crivais plus haut \u00abpeu compr\u00e9hensible\u00bb pour parler de ces coupes budg\u00e9taires, mais elles le deviennent si on les consid\u00e8re comme \u00e9tant port\u00e9es par une id\u00e9ologie d\u2019extr\u00eame droite.<\/p>\n<p>Aujourd\u2019hui le mouvement est plus global, et le glissement depuis sa nomination du gouvernement ill\u00e9gitime est plus qu\u2019inqui\u00e9tant. Il \u00e9tait question de classe bourgeoise dans l\u2019\u00e9dito d\u2019Octobre, j\u2019ai envie aujourd\u2019hui de parler de bourgeoisie radicalis\u00e9e, ayant plong\u00e9 dans un n\u00e9olib\u00e9ralisme autoritaire \u00e0 tendance fasciste. On pouvait croire que la bourgeoisie aimait aller au concert, au th\u00e9\u00e2tre et \u00e0 l\u2019Op\u00e9ra, avait de l\u2019attrait pour la chose intellectuelle, celle-ci manifestement plus.<br \/>\nComme le d\u00e9crivait Miguel Benasayag, le n\u00e9olib\u00e9ralisme veut nous faire \u00ab fonctionner \u00bb l\u00e0 o\u00f9 l\u2019\u00eatre humain veut \u00ab exister \u00bb. Et c\u2019est Bernard Stiegler qui, dans un court entretien vid\u00e9o intitul\u00e9 \u00ab \u00c0 quoi sert l\u2019art ? \u00bb, raconte comment l\u2019art est une des mani\u00e8res qui permet \u00e0 l\u2019\u00eatre humain de se sentir \u00ab exister \u00bb. Des consid\u00e9rations philosophiques dont se sont profond\u00e9ment \u00e9loign\u00e9s nos gouvernants\u2026<\/p>\n<p>Cela se passe en ce moment dans les Pays de la Loire, nous avions d\u00e9j\u00e0 assist\u00e9 \u00e0 des attaques en Rh\u00f4ne Alpes, nous devons nous attendre \u00e0 ce que \u00e7a s\u2019\u00e9tende sur tout le territoire vu la tendance politique nationale.<br \/>\nIci, la mobilisation s\u2019organise : professionnel\u00b7le\u00b7s des secteurs impact\u00e9s, \u00e9lu\u00b7e\u00b7s, citoyen\u00b7ne\u00b7s, travaillent ensemble pour emp\u00eacher ce vote qui \u00e0 coup s\u00fbr interdira, par exemple, ce que la belle rentr\u00e9e de Grands Formats nous a permis d\u2019appr\u00e9cier.<\/p>\n<p>Il nous faut donc cultiver ces liens et ces solidarit\u00e9s. Penser nos pratiques, discuter politique et notre rapport au(x) politique(s). Grand Format est un des lieux pour cela m\u00eame si notre f\u00e9d\u00e9ration n\u2019\u00e9chappe pas, elle non plus, aux coupes budg\u00e9taires.<\/p>\n<p>Les Gilets Jaunes demandaient plus de d\u00e9mocratie pour que nous puissions, nous citoyennes et citoyens, avoir un r\u00e9el pouvoir sur les d\u00e9cisions nous engageant.\u00a0De la r\u00e9forme des retraites aux coupes budg\u00e9taires r\u00e9gionales, des \u00e9lections l\u00e9gislatives aux politiques culturelles, cette question se r\u00e9v\u00e8le toujours centrale.<\/p>\n<p style=\"text-align: right;\"><strong>Par Rapha\u00ebl Herlem (Les Rugissants \/ Collectif Gros Caillou)<\/strong><\/p>\n<p><strong>__________<\/strong><\/p>\n<p><strong>Pour aller plus loin :<\/strong><\/p>\n<p>&#8211; Miguel Benasayag, <em>Fonctionner ou exister ?<\/em>, Paris, Le Pommier, coll. \u00ab\u00a0Essais et documents\u00a0\u00bb, 2018<br \/>\n&#8211; Bernard Stiegler : <a href=\"https:\/\/www.youtube.com\/watch?v=-3mrwqeFGao&amp;t=1s&amp;pp=ygURYSBxdW9pIHNlcnQgbCdhcnQ%3D\">\u00ab \u00c0 quoi sert l\u2019art \u00bb<\/a><br \/>\n&#8211; <a href=\"https:\/\/trempo.com\/actualites\/communique-%C2%B7-pays-de-la-loire-face-a-la-situation-grave-et-serieuse-mobilisons-nous-massivement-le-25-novembre\/\">Communiqu\u00e9 &#8211; Trempo : Pays de la Loire : mobilisation des artistes et professionnels de la culture contre les coupes budg\u00e9taires envisag\u00e9es par la R\u00e9gion<\/a><br \/>\n&#8211; <a href=\"https:\/\/mailchi.mp\/1ad4436d9e49\/communiqu-ace-retrait-financier-de-la-rgion-pays-de-la-loire?e=292ba0fa5a\">Communiqu\u00e9 : Les Rendez-vous de l&#8217;Erdre et D\u00e9bord de Loire touch\u00e9s par le retrait financier de la R\u00e9gion Pays de la Loire<\/a><br \/>\n&#8211; <a href=\"https:\/\/www.pannonica.com\/lettre-ouverte-region-pays-de-la-loire\/\">Communiqu\u00e9 &#8211; Pannonica : lettre ouverte \u00e0 Madame la pr\u00e9sidente du Conseil R\u00e9gional des Pays de la Loire<\/a><br \/>\n&#8211; <a href=\"https:\/\/www.planning-familial.org\/fr\/le-planning-familial-de-maine-et-loire-49\/le-planning-familial\/suppression-des-subventions-du\">Communiqu\u00e9 &#8211; planning familial : Suppression des subventions du Conseil R\u00e9gional en Pays de la Loire<\/a><br \/>\n&#8211; <a href=\"https:\/\/www.ouest-france.fr\/pays-de-la-loire\/nantes-44000\/coupes-budgetaires-la-region-pays-de-la-loire-abandonne-les-missions-locales-8a8365ae-a7fe-11ef-9190-7abd4499cf18\"><em>Coupes budg\u00e9taires : la R\u00e9gion Pays de la Loire abandonne les missions locales<\/em> (Ouest France)<\/a><br \/>\n&#8211; <a href=\"https:\/\/www.ouest-france.fr\/economie\/budget-collectivites-etat\/ou-trouver-100-millions-deuros-deconomies-le-debat-divise-les-elus-en-pays-de-la-loire-cb3d04fc-8c87-11ef-83f6-c0ea5bdbc0ba\"><em>O\u00f9 trouver 100 millions d\u2019euros d\u2019\u00e9conomies ? Le d\u00e9bat divise les \u00e9lus en Pays de la Loire<\/em><\/a> (Ouest France)<br \/>\n&#8211; <a href=\"https:\/\/www.mediacites.fr\/decryptage\/nantes\/2024\/11\/28\/la-liste-des-coupes-budgetaires-de-la-region-pays-de-la-loire\/?utm_source=Nantes&amp;utm_campaign=d66e60c20b-EMAIL_CAMPAIGN_2024_11_27_07_22&amp;utm_medium=email&amp;utm_term=0_-d66e60c20b-671411052&amp;mc_cid=d66e60c20b\">La liste des coupes budg\u00e9taires de la r\u00e9gion Pays de la Loire (M\u00e9diacit\u00e9s)<\/a><\/p>\n<p><span style=\"font-size: 10pt;\">\u00a9 Jeff Humbert<\/span><\/p>\n","protected":false},"excerpt":{"rendered":"<p>Que d\u2019\u00e9motions en ce mois de novembre\u2026 Tout d\u2019abord, r\u00e9jouissons-nous de cette rentr\u00e9e de la F\u00e9d\u00e9ration Grand Formats :\u00a0ce fut un beau moment, riche de musique, de rencontres et d\u2019\u00e9changes ; on en a bien besoin, l\u2019horizon \u00e9tant si sombre.\u00a0Merci aux \u00e9quipes du Pannonica, de La Soufflerie et du conservatoire pour leur accueil ! Une&#8230;<\/p>\n<p><a rel=\"bookmark\" class=\"theme-button-text wvc-button wvc-button-size-xs\" href=\"https:\/\/www.grandsformats.com\/en\/2024\/12\/un-reveil-douloureux\/\"><small class=\"wvc-button-background-fill\"><\/small><span>Continue reading<\/span><\/a><\/p>\n","protected":false},"author":161,"featured_media":31373,"comment_status":"open","ping_status":"open","sticky":false,"template":"","format":"standard","meta":{"_acf_changed":false,"footnotes":""},"categories":[863,224],"tags":[],"class_list":["post-31372","post","type-post","status-publish","format-standard","has-post-thumbnail","hentry","category-les-rugissants","category-tribunes","entry-post-skin-light","entry","clearfix","entry-grid","entry-columns-default","entry-post-module-layout-sidebar-right","thumbnail-color-tone-dark","metro-landscape","is-youtube","entry-post","entry-masonry","entry-post-masonry"],"acf":[],"yoast_head":"<!-- This site is optimized with the Yoast SEO plugin v25.8 - https:\/\/yoast.com\/wordpress\/plugins\/seo\/ -->\n<title>Un r\u00e9veil douloureux - Site officiel de la f\u00e9d\u00e9ration Grands Formats<\/title>\n<meta name=\"robots\" content=\"index, follow, max-snippet:-1, max-image-preview:large, max-video-preview:-1\" \/>\n<link rel=\"canonical\" href=\"https:\/\/www.grandsformats.com\/2024\/12\/un-reveil-douloureux\/\" \/>\n<meta property=\"og:locale\" content=\"en_US\" \/>\n<meta property=\"og:type\" content=\"article\" \/>\n<meta property=\"og:title\" content=\"Un r\u00e9veil douloureux - Site officiel de la f\u00e9d\u00e9ration Grands Formats\" \/>\n<meta property=\"og:description\" content=\"Que d\u2019\u00e9motions en ce mois de novembre\u2026 Tout d\u2019abord, r\u00e9jouissons-nous de cette rentr\u00e9e de la F\u00e9d\u00e9ration Grand Formats :\u00a0ce fut un beau moment, riche de musique, de rencontres et d\u2019\u00e9changes ; on en a bien besoin, l\u2019horizon \u00e9tant si sombre.\u00a0Merci aux \u00e9quipes du Pannonica, de La Soufflerie et du conservatoire pour leur accueil ! Une...Continue reading\" \/>\n<meta property=\"og:url\" content=\"https:\/\/www.grandsformats.com\/2024\/12\/un-reveil-douloureux\/\" \/>\n<meta property=\"og:site_name\" content=\"Site officiel de la f\u00e9d\u00e9ration Grands Formats\" \/>\n<meta property=\"article:publisher\" content=\"https:\/\/www.facebook.com\/grandsformats\/\" \/>\n<meta property=\"article:published_time\" content=\"2024-12-03T13:15:02+00:00\" \/>\n<meta property=\"article:modified_time\" content=\"2024-12-05T12:40:57+00:00\" \/>\n<meta property=\"og:image\" content=\"https:\/\/www.grandsformats.com\/wp-content\/uploads\/2024\/12\/bannerRaphaelHerlem_JeffHumbert.png\" \/>\n\t<meta property=\"og:image:width\" content=\"1920\" \/>\n\t<meta property=\"og:image:height\" content=\"1080\" \/>\n\t<meta property=\"og:image:type\" content=\"image\/png\" \/>\n<meta name=\"author\" content=\"Laura Hanequand - Grands Formats\" \/>\n<meta name=\"twitter:card\" content=\"summary_large_image\" \/>\n<meta name=\"twitter:creator\" content=\"@GrandsFormatsGF\" \/>\n<meta name=\"twitter:site\" content=\"@GrandsFormatsGF\" \/>\n<meta name=\"twitter:label1\" content=\"Written by\" \/>\n\t<meta name=\"twitter:data1\" content=\"Laura Hanequand - Grands Formats\" \/>\n\t<meta name=\"twitter:label2\" content=\"Est. reading time\" \/>\n\t<meta name=\"twitter:data2\" content=\"6 minutes\" \/>\n<script type=\"application\/ld+json\" class=\"yoast-schema-graph\">{\"@context\":\"https:\/\/schema.org\",\"@graph\":[{\"@type\":\"Article\",\"@id\":\"https:\/\/www.grandsformats.com\/2024\/12\/un-reveil-douloureux\/#article\",\"isPartOf\":{\"@id\":\"https:\/\/www.grandsformats.com\/2024\/12\/un-reveil-douloureux\/\"},\"author\":{\"name\":\"Laura Hanequand - Grands Formats\",\"@id\":\"https:\/\/www.grandsformats.com\/#\/schema\/person\/56c2866069b6967b2c7becd25c9b4dbb\"},\"headline\":\"Un r\u00e9veil douloureux\",\"datePublished\":\"2024-12-03T13:15:02+00:00\",\"dateModified\":\"2024-12-05T12:40:57+00:00\",\"mainEntityOfPage\":{\"@id\":\"https:\/\/www.grandsformats.com\/2024\/12\/un-reveil-douloureux\/\"},\"wordCount\":1318,\"commentCount\":0,\"publisher\":{\"@id\":\"https:\/\/www.grandsformats.com\/#organization\"},\"image\":{\"@id\":\"https:\/\/www.grandsformats.com\/2024\/12\/un-reveil-douloureux\/#primaryimage\"},\"thumbnailUrl\":\"https:\/\/www.grandsformats.com\/wp-content\/uploads\/2024\/12\/bannerRaphaelHerlem_JeffHumbert.png\",\"articleSection\":[\"Les Rugissants\",\"Tribunes\"],\"inLanguage\":\"en-US\",\"potentialAction\":[{\"@type\":\"CommentAction\",\"name\":\"Comment\",\"target\":[\"https:\/\/www.grandsformats.com\/2024\/12\/un-reveil-douloureux\/#respond\"]}]},{\"@type\":\"WebPage\",\"@id\":\"https:\/\/www.grandsformats.com\/2024\/12\/un-reveil-douloureux\/\",\"url\":\"https:\/\/www.grandsformats.com\/2024\/12\/un-reveil-douloureux\/\",\"name\":\"Un r\u00e9veil douloureux - Site officiel de la f\u00e9d\u00e9ration Grands Formats\",\"isPartOf\":{\"@id\":\"https:\/\/www.grandsformats.com\/#website\"},\"primaryImageOfPage\":{\"@id\":\"https:\/\/www.grandsformats.com\/2024\/12\/un-reveil-douloureux\/#primaryimage\"},\"image\":{\"@id\":\"https:\/\/www.grandsformats.com\/2024\/12\/un-reveil-douloureux\/#primaryimage\"},\"thumbnailUrl\":\"https:\/\/www.grandsformats.com\/wp-content\/uploads\/2024\/12\/bannerRaphaelHerlem_JeffHumbert.png\",\"datePublished\":\"2024-12-03T13:15:02+00:00\",\"dateModified\":\"2024-12-05T12:40:57+00:00\",\"breadcrumb\":{\"@id\":\"https:\/\/www.grandsformats.com\/2024\/12\/un-reveil-douloureux\/#breadcrumb\"},\"inLanguage\":\"en-US\",\"potentialAction\":[{\"@type\":\"ReadAction\",\"target\":[\"https:\/\/www.grandsformats.com\/2024\/12\/un-reveil-douloureux\/\"]}]},{\"@type\":\"ImageObject\",\"inLanguage\":\"en-US\",\"@id\":\"https:\/\/www.grandsformats.com\/2024\/12\/un-reveil-douloureux\/#primaryimage\",\"url\":\"https:\/\/www.grandsformats.com\/wp-content\/uploads\/2024\/12\/bannerRaphaelHerlem_JeffHumbert.png\",\"contentUrl\":\"https:\/\/www.grandsformats.com\/wp-content\/uploads\/2024\/12\/bannerRaphaelHerlem_JeffHumbert.png\",\"width\":1920,\"height\":1080,\"caption\":\"Rapha\u00ebl Herlem Jeff Humbert\"},{\"@type\":\"BreadcrumbList\",\"@id\":\"https:\/\/www.grandsformats.com\/2024\/12\/un-reveil-douloureux\/#breadcrumb\",\"itemListElement\":[{\"@type\":\"ListItem\",\"position\":1,\"name\":\"Accueil\",\"item\":\"https:\/\/www.grandsformats.com\/en\/\"},{\"@type\":\"ListItem\",\"position\":2,\"name\":\"Un r\u00e9veil douloureux\"}]},{\"@type\":\"WebSite\",\"@id\":\"https:\/\/www.grandsformats.com\/#website\",\"url\":\"https:\/\/www.grandsformats.com\/\",\"name\":\"Site officiel de la f\u00e9d\u00e9ration Grands Formats\",\"description\":\"F\u00e9d\u00e9ration d&#039;artistes pour la musique en grand !\",\"publisher\":{\"@id\":\"https:\/\/www.grandsformats.com\/#organization\"},\"potentialAction\":[{\"@type\":\"SearchAction\",\"target\":{\"@type\":\"EntryPoint\",\"urlTemplate\":\"https:\/\/www.grandsformats.com\/?s={search_term_string}\"},\"query-input\":{\"@type\":\"PropertyValueSpecification\",\"valueRequired\":true,\"valueName\":\"search_term_string\"}}],\"inLanguage\":\"en-US\"},{\"@type\":\"Organization\",\"@id\":\"https:\/\/www.grandsformats.com\/#organization\",\"name\":\"Grands Formats\",\"url\":\"https:\/\/www.grandsformats.com\/\",\"logo\":{\"@type\":\"ImageObject\",\"inLanguage\":\"en-US\",\"@id\":\"https:\/\/www.grandsformats.com\/#\/schema\/logo\/image\/\",\"url\":\"https:\/\/www.grandsformats.com\/wp-content\/uploads\/2020\/03\/logo-GF-200.png\",\"contentUrl\":\"https:\/\/www.grandsformats.com\/wp-content\/uploads\/2020\/03\/logo-GF-200.png\",\"width\":155,\"height\":200,\"caption\":\"Grands Formats\"},\"image\":{\"@id\":\"https:\/\/www.grandsformats.com\/#\/schema\/logo\/image\/\"},\"sameAs\":[\"https:\/\/www.facebook.com\/grandsformats\/\",\"https:\/\/x.com\/GrandsFormatsGF\",\"https:\/\/www.instagram.com\/grandsformats\/\",\"https:\/\/www.youtube.com\/channel\/UCJ7k9dbqc_DG-nxI3WMPvhw?view_as=subscriberhttps:\/\/www.youtube.com\/channel\/UCJ7k9dbqc_DG-nxI3WMPvhw?view_as=subscriber\"]},{\"@type\":\"Person\",\"@id\":\"https:\/\/www.grandsformats.com\/#\/schema\/person\/56c2866069b6967b2c7becd25c9b4dbb\",\"name\":\"Laura Hanequand - Grands Formats\",\"image\":{\"@type\":\"ImageObject\",\"inLanguage\":\"en-US\",\"@id\":\"https:\/\/www.grandsformats.com\/#\/schema\/person\/image\/\",\"url\":\"https:\/\/secure.gravatar.com\/avatar\/6d52edecb86835c2b7e81a2cdb8965ae325b4045b44f9043177428c622c06643?s=96&d=mm&r=g\",\"contentUrl\":\"https:\/\/secure.gravatar.com\/avatar\/6d52edecb86835c2b7e81a2cdb8965ae325b4045b44f9043177428c622c06643?s=96&d=mm&r=g\",\"caption\":\"Laura Hanequand - Grands Formats\"},\"url\":\"https:\/\/www.grandsformats.com\/en\/author\/lauragrandsformats-com\/\"}]}<\/script>\n<!-- \/ Yoast SEO plugin. -->","yoast_head_json":{"title":"Un r\u00e9veil douloureux - Site officiel de la f\u00e9d\u00e9ration Grands Formats","robots":{"index":"index","follow":"follow","max-snippet":"max-snippet:-1","max-image-preview":"max-image-preview:large","max-video-preview":"max-video-preview:-1"},"canonical":"https:\/\/www.grandsformats.com\/2024\/12\/un-reveil-douloureux\/","og_locale":"en_US","og_type":"article","og_title":"Un r\u00e9veil douloureux - Site officiel de la f\u00e9d\u00e9ration Grands Formats","og_description":"Que d\u2019\u00e9motions en ce mois de novembre\u2026 Tout d\u2019abord, r\u00e9jouissons-nous de cette rentr\u00e9e de la F\u00e9d\u00e9ration Grand Formats :\u00a0ce fut un beau moment, riche de musique, de rencontres et d\u2019\u00e9changes ; on en a bien besoin, l\u2019horizon \u00e9tant si sombre.\u00a0Merci aux \u00e9quipes du Pannonica, de La Soufflerie et du conservatoire pour leur accueil ! Une...Continue reading","og_url":"https:\/\/www.grandsformats.com\/2024\/12\/un-reveil-douloureux\/","og_site_name":"Site officiel de la f\u00e9d\u00e9ration Grands Formats","article_publisher":"https:\/\/www.facebook.com\/grandsformats\/","article_published_time":"2024-12-03T13:15:02+00:00","article_modified_time":"2024-12-05T12:40:57+00:00","og_image":[{"width":1920,"height":1080,"url":"https:\/\/www.grandsformats.com\/wp-content\/uploads\/2024\/12\/bannerRaphaelHerlem_JeffHumbert.png","type":"image\/png"}],"author":"Laura Hanequand - Grands Formats","twitter_card":"summary_large_image","twitter_creator":"@GrandsFormatsGF","twitter_site":"@GrandsFormatsGF","twitter_misc":{"Written by":"Laura Hanequand - Grands Formats","Est. reading time":"6 minutes"},"schema":{"@context":"https:\/\/schema.org","@graph":[{"@type":"Article","@id":"https:\/\/www.grandsformats.com\/2024\/12\/un-reveil-douloureux\/#article","isPartOf":{"@id":"https:\/\/www.grandsformats.com\/2024\/12\/un-reveil-douloureux\/"},"author":{"name":"Laura Hanequand - Grands Formats","@id":"https:\/\/www.grandsformats.com\/#\/schema\/person\/56c2866069b6967b2c7becd25c9b4dbb"},"headline":"Un r\u00e9veil douloureux","datePublished":"2024-12-03T13:15:02+00:00","dateModified":"2024-12-05T12:40:57+00:00","mainEntityOfPage":{"@id":"https:\/\/www.grandsformats.com\/2024\/12\/un-reveil-douloureux\/"},"wordCount":1318,"commentCount":0,"publisher":{"@id":"https:\/\/www.grandsformats.com\/#organization"},"image":{"@id":"https:\/\/www.grandsformats.com\/2024\/12\/un-reveil-douloureux\/#primaryimage"},"thumbnailUrl":"https:\/\/www.grandsformats.com\/wp-content\/uploads\/2024\/12\/bannerRaphaelHerlem_JeffHumbert.png","articleSection":["Les Rugissants","Tribunes"],"inLanguage":"en-US","potentialAction":[{"@type":"CommentAction","name":"Comment","target":["https:\/\/www.grandsformats.com\/2024\/12\/un-reveil-douloureux\/#respond"]}]},{"@type":"WebPage","@id":"https:\/\/www.grandsformats.com\/2024\/12\/un-reveil-douloureux\/","url":"https:\/\/www.grandsformats.com\/2024\/12\/un-reveil-douloureux\/","name":"Un r\u00e9veil douloureux - Site officiel de la f\u00e9d\u00e9ration Grands Formats","isPartOf":{"@id":"https:\/\/www.grandsformats.com\/#website"},"primaryImageOfPage":{"@id":"https:\/\/www.grandsformats.com\/2024\/12\/un-reveil-douloureux\/#primaryimage"},"image":{"@id":"https:\/\/www.grandsformats.com\/2024\/12\/un-reveil-douloureux\/#primaryimage"},"thumbnailUrl":"https:\/\/www.grandsformats.com\/wp-content\/uploads\/2024\/12\/bannerRaphaelHerlem_JeffHumbert.png","datePublished":"2024-12-03T13:15:02+00:00","dateModified":"2024-12-05T12:40:57+00:00","breadcrumb":{"@id":"https:\/\/www.grandsformats.com\/2024\/12\/un-reveil-douloureux\/#breadcrumb"},"inLanguage":"en-US","potentialAction":[{"@type":"ReadAction","target":["https:\/\/www.grandsformats.com\/2024\/12\/un-reveil-douloureux\/"]}]},{"@type":"ImageObject","inLanguage":"en-US","@id":"https:\/\/www.grandsformats.com\/2024\/12\/un-reveil-douloureux\/#primaryimage","url":"https:\/\/www.grandsformats.com\/wp-content\/uploads\/2024\/12\/bannerRaphaelHerlem_JeffHumbert.png","contentUrl":"https:\/\/www.grandsformats.com\/wp-content\/uploads\/2024\/12\/bannerRaphaelHerlem_JeffHumbert.png","width":1920,"height":1080,"caption":"Rapha\u00ebl Herlem Jeff Humbert"},{"@type":"BreadcrumbList","@id":"https:\/\/www.grandsformats.com\/2024\/12\/un-reveil-douloureux\/#breadcrumb","itemListElement":[{"@type":"ListItem","position":1,"name":"Accueil","item":"https:\/\/www.grandsformats.com\/en\/"},{"@type":"ListItem","position":2,"name":"Un r\u00e9veil douloureux"}]},{"@type":"WebSite","@id":"https:\/\/www.grandsformats.com\/#website","url":"https:\/\/www.grandsformats.com\/","name":"Site officiel de la f\u00e9d\u00e9ration Grands Formats","description":"F\u00e9d\u00e9ration d&#039;artistes pour la musique en grand !","publisher":{"@id":"https:\/\/www.grandsformats.com\/#organization"},"potentialAction":[{"@type":"SearchAction","target":{"@type":"EntryPoint","urlTemplate":"https:\/\/www.grandsformats.com\/?s={search_term_string}"},"query-input":{"@type":"PropertyValueSpecification","valueRequired":true,"valueName":"search_term_string"}}],"inLanguage":"en-US"},{"@type":"Organization","@id":"https:\/\/www.grandsformats.com\/#organization","name":"Grands Formats","url":"https:\/\/www.grandsformats.com\/","logo":{"@type":"ImageObject","inLanguage":"en-US","@id":"https:\/\/www.grandsformats.com\/#\/schema\/logo\/image\/","url":"https:\/\/www.grandsformats.com\/wp-content\/uploads\/2020\/03\/logo-GF-200.png","contentUrl":"https:\/\/www.grandsformats.com\/wp-content\/uploads\/2020\/03\/logo-GF-200.png","width":155,"height":200,"caption":"Grands Formats"},"image":{"@id":"https:\/\/www.grandsformats.com\/#\/schema\/logo\/image\/"},"sameAs":["https:\/\/www.facebook.com\/grandsformats\/","https:\/\/x.com\/GrandsFormatsGF","https:\/\/www.instagram.com\/grandsformats\/","https:\/\/www.youtube.com\/channel\/UCJ7k9dbqc_DG-nxI3WMPvhw?view_as=subscriberhttps:\/\/www.youtube.com\/channel\/UCJ7k9dbqc_DG-nxI3WMPvhw?view_as=subscriber"]},{"@type":"Person","@id":"https:\/\/www.grandsformats.com\/#\/schema\/person\/56c2866069b6967b2c7becd25c9b4dbb","name":"Laura Hanequand - Grands Formats","image":{"@type":"ImageObject","inLanguage":"en-US","@id":"https:\/\/www.grandsformats.com\/#\/schema\/person\/image\/","url":"https:\/\/secure.gravatar.com\/avatar\/6d52edecb86835c2b7e81a2cdb8965ae325b4045b44f9043177428c622c06643?s=96&d=mm&r=g","contentUrl":"https:\/\/secure.gravatar.com\/avatar\/6d52edecb86835c2b7e81a2cdb8965ae325b4045b44f9043177428c622c06643?s=96&d=mm&r=g","caption":"Laura Hanequand - Grands Formats"},"url":"https:\/\/www.grandsformats.com\/en\/author\/lauragrandsformats-com\/"}]}},"_links":{"self":[{"href":"https:\/\/www.grandsformats.com\/en\/wp-json\/wp\/v2\/posts\/31372","targetHints":{"allow":["GET"]}}],"collection":[{"href":"https:\/\/www.grandsformats.com\/en\/wp-json\/wp\/v2\/posts"}],"about":[{"href":"https:\/\/www.grandsformats.com\/en\/wp-json\/wp\/v2\/types\/post"}],"author":[{"embeddable":true,"href":"https:\/\/www.grandsformats.com\/en\/wp-json\/wp\/v2\/users\/161"}],"replies":[{"embeddable":true,"href":"https:\/\/www.grandsformats.com\/en\/wp-json\/wp\/v2\/comments?post=31372"}],"version-history":[{"count":4,"href":"https:\/\/www.grandsformats.com\/en\/wp-json\/wp\/v2\/posts\/31372\/revisions"}],"predecessor-version":[{"id":31397,"href":"https:\/\/www.grandsformats.com\/en\/wp-json\/wp\/v2\/posts\/31372\/revisions\/31397"}],"wp:featuredmedia":[{"embeddable":true,"href":"https:\/\/www.grandsformats.com\/en\/wp-json\/wp\/v2\/media\/31373"}],"wp:attachment":[{"href":"https:\/\/www.grandsformats.com\/en\/wp-json\/wp\/v2\/media?parent=31372"}],"wp:term":[{"taxonomy":"category","embeddable":true,"href":"https:\/\/www.grandsformats.com\/en\/wp-json\/wp\/v2\/categories?post=31372"},{"taxonomy":"post_tag","embeddable":true,"href":"https:\/\/www.grandsformats.com\/en\/wp-json\/wp\/v2\/tags?post=31372"}],"curies":[{"name":"wp","href":"https:\/\/api.w.org\/{rel}","templated":true}]}}