{"id":31336,"date":"2024-12-02T15:25:20","date_gmt":"2024-12-02T14:25:20","guid":{"rendered":"https:\/\/www.grandsformats.com\/?p=31336"},"modified":"2025-01-10T10:25:25","modified_gmt":"2025-01-10T09:25:25","slug":"ingrid-laubrock-et-le-grand-orchestre-de-muzzix-la-nouvelle-collaboration-en-creation","status":"publish","type":"post","link":"https:\/\/www.grandsformats.com\/en\/2024\/12\/ingrid-laubrock-et-le-grand-orchestre-de-muzzix-la-nouvelle-collaboration-en-creation\/","title":{"rendered":"Ingrid Laubrock et le Grand Orchestre de Muzzix : la nouvelle collaboration en cr\u00e9ation !"},"content":{"rendered":"<p>Ingrid Laubrock, saxophoniste et compositrice de renom sur la sc\u00e8ne jazz contemporaine, s&#8217;associe au collectif Muzzix pour une nouvelle cr\u00e9ation musicale. En 2025, elle composera une pi\u00e8ce pour le Grand Orchestre de Muzzix, dont les d\u00e9tails sont encore \u00e0 d\u00e9finir, mais qui mettra l&#8217;accent sur l&#8217;expression individuelle des 24 musiciennes et musiciens de l&#8217;ensemble. L&#8217;ann\u00e9e 2025 sera consacr\u00e9e \u00e0 une \u00e9criture collaborative, favorisant un dialogue musical entre Laubrock et l&#8217;orchestre. L&#8217;\u00e9quipe artistique sera en r\u00e9sidence \u00e0 La malterie de Lille les 2 et 3 d\u00e9cembre, suivie de r\u00e9p\u00e9titions \u00e0 mi-janvier, avant de donner leurs premiers concerts les 23 et 24 janvier 2025 au Vivat d\u2019Armenti\u00e8res et au Th\u00e9\u00e2tre d\u2019Abbeville. Ce projet promet de d\u00e9voiler une \u0153uvre riche, \u00e0 la crois\u00e9e des influences musicales d&#8217;Ingrid Laubrock et des talents du collectif Muzzix.<\/p>\n<p>Vous pourrez retrouver dans cet orchestre Sakina Abdou (saxophone), Ivann Cruz (guitare), Barbara Dang (clavier), Raphae\u0308l Godeau (guitare), Christophe Hache (basse), Fre\u0301de\u0301ric L\u2019Homme (batterie), Nicolas Mahieux (contrebasse), Maxime Morel (tuba), Stefan Orins (piano), Peter Orins (batterie), Rosa Parlato (flu\u0302te), Christian Pruvost (trompette), Maryline Pruvost (flu\u0302te, voix), David Bausseron (guitare),Falter Bramnk (clavier), Samuel Carpentier (trombone), Claude Colpaert (trombone, percussion), Xu\u00e2n Mai Dang (flu\u0302te, e\u0301lectronique), Vincent Debaets (saxophone baryton), Patrick Guionnet (voix), Philippe Lenglet (guitare), Fred Loisel (percussions), Yanik Miossec (clarinette, e\u0301lectronique), Jean-Baptiste Rubin (saxophone), Marjorie Van Halteren (voix, e\u0301lectronique)<\/p>\n<p><span style=\"font-size: 10pt;\">\u00a9 Caroline Mardock<\/span><\/p>\n","protected":false},"excerpt":{"rendered":"<p>Ingrid Laubrock, saxophoniste et compositrice de renom sur la sc\u00e8ne jazz contemporaine, s&#8217;associe au collectif Muzzix pour une nouvelle cr\u00e9ation musicale. En 2025, elle composera une pi\u00e8ce pour le Grand Orchestre de Muzzix, dont les d\u00e9tails sont encore \u00e0 d\u00e9finir, mais qui mettra l&#8217;accent sur l&#8217;expression individuelle des 24 musiciennes et musiciens de l&#8217;ensemble. L&#8217;ann\u00e9e&#8230;<\/p>\n<p><a rel=\"bookmark\" class=\"theme-button-text wvc-button wvc-button-size-xs\" href=\"https:\/\/www.grandsformats.com\/en\/2024\/12\/ingrid-laubrock-et-le-grand-orchestre-de-muzzix-la-nouvelle-collaboration-en-creation\/\"><small class=\"wvc-button-background-fill\"><\/small><span>Continue reading<\/span><\/a><\/p>\n","protected":false},"author":161,"featured_media":31496,"comment_status":"open","ping_status":"open","sticky":false,"template":"","format":"standard","meta":{"_acf_changed":false,"footnotes":""},"categories":[1],"tags":[],"class_list":["post-31336","post","type-post","status-publish","format-standard","has-post-thumbnail","hentry","category-non-classifiee","entry-post-skin-light","entry","clearfix","entry-grid","entry-columns-default","entry-post-module-layout-sidebar-right","thumbnail-color-tone-dark","metro-landscape","entry-post","entry-masonry","entry-post-masonry"],"acf":[],"yoast_head":"<!-- This site is optimized with the Yoast SEO plugin v25.8 - https:\/\/yoast.com\/wordpress\/plugins\/seo\/ -->\n<title>Ingrid Laubrock et le Grand Orchestre de Muzzix : la nouvelle collaboration en cr\u00e9ation ! - Site officiel de la f\u00e9d\u00e9ration Grands Formats<\/title>\n<meta name=\"description\" content=\"Ingrid Laubrock, saxophoniste et compositrice de renom sur la sc\u00e8ne jazz contemporaine, s&#039;associe au collectif Muzzix...\" \/>\n<meta name=\"robots\" content=\"index, follow, max-snippet:-1, max-image-preview:large, max-video-preview:-1\" \/>\n<link rel=\"canonical\" href=\"https:\/\/www.grandsformats.com\/2024\/12\/ingrid-laubrock-et-le-grand-orchestre-de-muzzix-la-nouvelle-collaboration-en-creation\/\" \/>\n<meta property=\"og:locale\" content=\"en_US\" \/>\n<meta property=\"og:type\" content=\"article\" \/>\n<meta property=\"og:title\" content=\"Ingrid Laubrock et le Grand Orchestre de Muzzix : la nouvelle collaboration en cr\u00e9ation ! - Site officiel de la f\u00e9d\u00e9ration Grands Formats\" \/>\n<meta property=\"og:description\" content=\"Ingrid Laubrock, saxophoniste et compositrice de renom sur la sc\u00e8ne jazz contemporaine, s&#039;associe au collectif Muzzix...\" \/>\n<meta property=\"og:url\" content=\"https:\/\/www.grandsformats.com\/2024\/12\/ingrid-laubrock-et-le-grand-orchestre-de-muzzix-la-nouvelle-collaboration-en-creation\/\" \/>\n<meta property=\"og:site_name\" content=\"Site officiel de la f\u00e9d\u00e9ration Grands Formats\" \/>\n<meta property=\"article:publisher\" content=\"https:\/\/www.facebook.com\/grandsformats\/\" \/>\n<meta property=\"article:published_time\" content=\"2024-12-02T14:25:20+00:00\" \/>\n<meta property=\"article:modified_time\" content=\"2025-01-10T09:25:25+00:00\" \/>\n<meta property=\"og:image\" content=\"https:\/\/www.grandsformats.com\/wp-content\/uploads\/2024\/12\/MUZZIXIngridLaubrockCarolineMardok-1024x576.png\" \/>\n\t<meta property=\"og:image:width\" content=\"1024\" \/>\n\t<meta property=\"og:image:height\" content=\"576\" \/>\n\t<meta property=\"og:image:type\" content=\"image\/png\" \/>\n<meta name=\"author\" content=\"Laura Hanequand - Grands Formats\" \/>\n<meta name=\"twitter:card\" content=\"summary_large_image\" \/>\n<meta name=\"twitter:creator\" content=\"@GrandsFormatsGF\" \/>\n<meta name=\"twitter:site\" content=\"@GrandsFormatsGF\" \/>\n<meta name=\"twitter:label1\" content=\"Written by\" \/>\n\t<meta name=\"twitter:data1\" content=\"Laura Hanequand - Grands Formats\" \/>\n\t<meta name=\"twitter:label2\" content=\"Est. reading time\" \/>\n\t<meta name=\"twitter:data2\" content=\"2 minutes\" \/>\n<script type=\"application\/ld+json\" class=\"yoast-schema-graph\">{\"@context\":\"https:\/\/schema.org\",\"@graph\":[{\"@type\":\"Article\",\"@id\":\"https:\/\/www.grandsformats.com\/2024\/12\/ingrid-laubrock-et-le-grand-orchestre-de-muzzix-la-nouvelle-collaboration-en-creation\/#article\",\"isPartOf\":{\"@id\":\"https:\/\/www.grandsformats.com\/2024\/12\/ingrid-laubrock-et-le-grand-orchestre-de-muzzix-la-nouvelle-collaboration-en-creation\/\"},\"author\":{\"name\":\"Laura Hanequand - Grands Formats\",\"@id\":\"https:\/\/www.grandsformats.com\/#\/schema\/person\/56c2866069b6967b2c7becd25c9b4dbb\"},\"headline\":\"Ingrid Laubrock et le Grand Orchestre de Muzzix : la nouvelle collaboration en cr\u00e9ation !\",\"datePublished\":\"2024-12-02T14:25:20+00:00\",\"dateModified\":\"2025-01-10T09:25:25+00:00\",\"mainEntityOfPage\":{\"@id\":\"https:\/\/www.grandsformats.com\/2024\/12\/ingrid-laubrock-et-le-grand-orchestre-de-muzzix-la-nouvelle-collaboration-en-creation\/\"},\"wordCount\":259,\"commentCount\":0,\"publisher\":{\"@id\":\"https:\/\/www.grandsformats.com\/#organization\"},\"image\":{\"@id\":\"https:\/\/www.grandsformats.com\/2024\/12\/ingrid-laubrock-et-le-grand-orchestre-de-muzzix-la-nouvelle-collaboration-en-creation\/#primaryimage\"},\"thumbnailUrl\":\"https:\/\/www.grandsformats.com\/wp-content\/uploads\/2024\/12\/MUZZIXIngridLaubrockCarolineMardok.png\",\"articleSection\":[\"Non classifi\u00e9(e)\"],\"inLanguage\":\"en-US\",\"potentialAction\":[{\"@type\":\"CommentAction\",\"name\":\"Comment\",\"target\":[\"https:\/\/www.grandsformats.com\/2024\/12\/ingrid-laubrock-et-le-grand-orchestre-de-muzzix-la-nouvelle-collaboration-en-creation\/#respond\"]}]},{\"@type\":\"WebPage\",\"@id\":\"https:\/\/www.grandsformats.com\/2024\/12\/ingrid-laubrock-et-le-grand-orchestre-de-muzzix-la-nouvelle-collaboration-en-creation\/\",\"url\":\"https:\/\/www.grandsformats.com\/2024\/12\/ingrid-laubrock-et-le-grand-orchestre-de-muzzix-la-nouvelle-collaboration-en-creation\/\",\"name\":\"Ingrid Laubrock et le Grand Orchestre de Muzzix : la nouvelle collaboration en cr\u00e9ation ! - Site officiel de la f\u00e9d\u00e9ration Grands Formats\",\"isPartOf\":{\"@id\":\"https:\/\/www.grandsformats.com\/#website\"},\"primaryImageOfPage\":{\"@id\":\"https:\/\/www.grandsformats.com\/2024\/12\/ingrid-laubrock-et-le-grand-orchestre-de-muzzix-la-nouvelle-collaboration-en-creation\/#primaryimage\"},\"image\":{\"@id\":\"https:\/\/www.grandsformats.com\/2024\/12\/ingrid-laubrock-et-le-grand-orchestre-de-muzzix-la-nouvelle-collaboration-en-creation\/#primaryimage\"},\"thumbnailUrl\":\"https:\/\/www.grandsformats.com\/wp-content\/uploads\/2024\/12\/MUZZIXIngridLaubrockCarolineMardok.png\",\"datePublished\":\"2024-12-02T14:25:20+00:00\",\"dateModified\":\"2025-01-10T09:25:25+00:00\",\"description\":\"Ingrid Laubrock, saxophoniste et compositrice de renom sur la sc\u00e8ne jazz contemporaine, s'associe au collectif Muzzix...\",\"breadcrumb\":{\"@id\":\"https:\/\/www.grandsformats.com\/2024\/12\/ingrid-laubrock-et-le-grand-orchestre-de-muzzix-la-nouvelle-collaboration-en-creation\/#breadcrumb\"},\"inLanguage\":\"en-US\",\"potentialAction\":[{\"@type\":\"ReadAction\",\"target\":[\"https:\/\/www.grandsformats.com\/2024\/12\/ingrid-laubrock-et-le-grand-orchestre-de-muzzix-la-nouvelle-collaboration-en-creation\/\"]}]},{\"@type\":\"ImageObject\",\"inLanguage\":\"en-US\",\"@id\":\"https:\/\/www.grandsformats.com\/2024\/12\/ingrid-laubrock-et-le-grand-orchestre-de-muzzix-la-nouvelle-collaboration-en-creation\/#primaryimage\",\"url\":\"https:\/\/www.grandsformats.com\/wp-content\/uploads\/2024\/12\/MUZZIXIngridLaubrockCarolineMardok.png\",\"contentUrl\":\"https:\/\/www.grandsformats.com\/wp-content\/uploads\/2024\/12\/MUZZIXIngridLaubrockCarolineMardok.png\",\"width\":1920,\"height\":1080},{\"@type\":\"BreadcrumbList\",\"@id\":\"https:\/\/www.grandsformats.com\/2024\/12\/ingrid-laubrock-et-le-grand-orchestre-de-muzzix-la-nouvelle-collaboration-en-creation\/#breadcrumb\",\"itemListElement\":[{\"@type\":\"ListItem\",\"position\":1,\"name\":\"Accueil\",\"item\":\"https:\/\/www.grandsformats.com\/en\/\"},{\"@type\":\"ListItem\",\"position\":2,\"name\":\"Ingrid Laubrock et le Grand Orchestre de Muzzix : la nouvelle collaboration en cr\u00e9ation !\"}]},{\"@type\":\"WebSite\",\"@id\":\"https:\/\/www.grandsformats.com\/#website\",\"url\":\"https:\/\/www.grandsformats.com\/\",\"name\":\"Site officiel de la f\u00e9d\u00e9ration Grands Formats\",\"description\":\"F\u00e9d\u00e9ration d&#039;artistes pour la musique en grand !\",\"publisher\":{\"@id\":\"https:\/\/www.grandsformats.com\/#organization\"},\"potentialAction\":[{\"@type\":\"SearchAction\",\"target\":{\"@type\":\"EntryPoint\",\"urlTemplate\":\"https:\/\/www.grandsformats.com\/?s={search_term_string}\"},\"query-input\":{\"@type\":\"PropertyValueSpecification\",\"valueRequired\":true,\"valueName\":\"search_term_string\"}}],\"inLanguage\":\"en-US\"},{\"@type\":\"Organization\",\"@id\":\"https:\/\/www.grandsformats.com\/#organization\",\"name\":\"Grands Formats\",\"url\":\"https:\/\/www.grandsformats.com\/\",\"logo\":{\"@type\":\"ImageObject\",\"inLanguage\":\"en-US\",\"@id\":\"https:\/\/www.grandsformats.com\/#\/schema\/logo\/image\/\",\"url\":\"https:\/\/www.grandsformats.com\/wp-content\/uploads\/2020\/03\/logo-GF-200.png\",\"contentUrl\":\"https:\/\/www.grandsformats.com\/wp-content\/uploads\/2020\/03\/logo-GF-200.png\",\"width\":155,\"height\":200,\"caption\":\"Grands Formats\"},\"image\":{\"@id\":\"https:\/\/www.grandsformats.com\/#\/schema\/logo\/image\/\"},\"sameAs\":[\"https:\/\/www.facebook.com\/grandsformats\/\",\"https:\/\/x.com\/GrandsFormatsGF\",\"https:\/\/www.instagram.com\/grandsformats\/\",\"https:\/\/www.youtube.com\/channel\/UCJ7k9dbqc_DG-nxI3WMPvhw?view_as=subscriberhttps:\/\/www.youtube.com\/channel\/UCJ7k9dbqc_DG-nxI3WMPvhw?view_as=subscriber\"]},{\"@type\":\"Person\",\"@id\":\"https:\/\/www.grandsformats.com\/#\/schema\/person\/56c2866069b6967b2c7becd25c9b4dbb\",\"name\":\"Laura Hanequand - Grands Formats\",\"image\":{\"@type\":\"ImageObject\",\"inLanguage\":\"en-US\",\"@id\":\"https:\/\/www.grandsformats.com\/#\/schema\/person\/image\/\",\"url\":\"https:\/\/secure.gravatar.com\/avatar\/6d52edecb86835c2b7e81a2cdb8965ae325b4045b44f9043177428c622c06643?s=96&d=mm&r=g\",\"contentUrl\":\"https:\/\/secure.gravatar.com\/avatar\/6d52edecb86835c2b7e81a2cdb8965ae325b4045b44f9043177428c622c06643?s=96&d=mm&r=g\",\"caption\":\"Laura Hanequand - Grands Formats\"},\"url\":\"https:\/\/www.grandsformats.com\/en\/author\/lauragrandsformats-com\/\"}]}<\/script>\n<!-- \/ Yoast SEO plugin. -->","yoast_head_json":{"title":"Ingrid Laubrock et le Grand Orchestre de Muzzix : la nouvelle collaboration en cr\u00e9ation ! - Site officiel de la f\u00e9d\u00e9ration Grands Formats","description":"Ingrid Laubrock, saxophoniste et compositrice de renom sur la sc\u00e8ne jazz contemporaine, s'associe au collectif Muzzix...","robots":{"index":"index","follow":"follow","max-snippet":"max-snippet:-1","max-image-preview":"max-image-preview:large","max-video-preview":"max-video-preview:-1"},"canonical":"https:\/\/www.grandsformats.com\/2024\/12\/ingrid-laubrock-et-le-grand-orchestre-de-muzzix-la-nouvelle-collaboration-en-creation\/","og_locale":"en_US","og_type":"article","og_title":"Ingrid Laubrock et le Grand Orchestre de Muzzix : la nouvelle collaboration en cr\u00e9ation ! - Site officiel de la f\u00e9d\u00e9ration Grands Formats","og_description":"Ingrid Laubrock, saxophoniste et compositrice de renom sur la sc\u00e8ne jazz contemporaine, s'associe au collectif Muzzix...","og_url":"https:\/\/www.grandsformats.com\/2024\/12\/ingrid-laubrock-et-le-grand-orchestre-de-muzzix-la-nouvelle-collaboration-en-creation\/","og_site_name":"Site officiel de la f\u00e9d\u00e9ration Grands Formats","article_publisher":"https:\/\/www.facebook.com\/grandsformats\/","article_published_time":"2024-12-02T14:25:20+00:00","article_modified_time":"2025-01-10T09:25:25+00:00","og_image":[{"width":1024,"height":576,"url":"https:\/\/www.grandsformats.com\/wp-content\/uploads\/2024\/12\/MUZZIXIngridLaubrockCarolineMardok-1024x576.png","type":"image\/png"}],"author":"Laura Hanequand - Grands Formats","twitter_card":"summary_large_image","twitter_creator":"@GrandsFormatsGF","twitter_site":"@GrandsFormatsGF","twitter_misc":{"Written by":"Laura Hanequand - Grands Formats","Est. reading time":"2 minutes"},"schema":{"@context":"https:\/\/schema.org","@graph":[{"@type":"Article","@id":"https:\/\/www.grandsformats.com\/2024\/12\/ingrid-laubrock-et-le-grand-orchestre-de-muzzix-la-nouvelle-collaboration-en-creation\/#article","isPartOf":{"@id":"https:\/\/www.grandsformats.com\/2024\/12\/ingrid-laubrock-et-le-grand-orchestre-de-muzzix-la-nouvelle-collaboration-en-creation\/"},"author":{"name":"Laura Hanequand - Grands Formats","@id":"https:\/\/www.grandsformats.com\/#\/schema\/person\/56c2866069b6967b2c7becd25c9b4dbb"},"headline":"Ingrid Laubrock et le Grand Orchestre de Muzzix : la nouvelle collaboration en cr\u00e9ation !","datePublished":"2024-12-02T14:25:20+00:00","dateModified":"2025-01-10T09:25:25+00:00","mainEntityOfPage":{"@id":"https:\/\/www.grandsformats.com\/2024\/12\/ingrid-laubrock-et-le-grand-orchestre-de-muzzix-la-nouvelle-collaboration-en-creation\/"},"wordCount":259,"commentCount":0,"publisher":{"@id":"https:\/\/www.grandsformats.com\/#organization"},"image":{"@id":"https:\/\/www.grandsformats.com\/2024\/12\/ingrid-laubrock-et-le-grand-orchestre-de-muzzix-la-nouvelle-collaboration-en-creation\/#primaryimage"},"thumbnailUrl":"https:\/\/www.grandsformats.com\/wp-content\/uploads\/2024\/12\/MUZZIXIngridLaubrockCarolineMardok.png","articleSection":["Non classifi\u00e9(e)"],"inLanguage":"en-US","potentialAction":[{"@type":"CommentAction","name":"Comment","target":["https:\/\/www.grandsformats.com\/2024\/12\/ingrid-laubrock-et-le-grand-orchestre-de-muzzix-la-nouvelle-collaboration-en-creation\/#respond"]}]},{"@type":"WebPage","@id":"https:\/\/www.grandsformats.com\/2024\/12\/ingrid-laubrock-et-le-grand-orchestre-de-muzzix-la-nouvelle-collaboration-en-creation\/","url":"https:\/\/www.grandsformats.com\/2024\/12\/ingrid-laubrock-et-le-grand-orchestre-de-muzzix-la-nouvelle-collaboration-en-creation\/","name":"Ingrid Laubrock et le Grand Orchestre de Muzzix : la nouvelle collaboration en cr\u00e9ation ! - Site officiel de la f\u00e9d\u00e9ration Grands Formats","isPartOf":{"@id":"https:\/\/www.grandsformats.com\/#website"},"primaryImageOfPage":{"@id":"https:\/\/www.grandsformats.com\/2024\/12\/ingrid-laubrock-et-le-grand-orchestre-de-muzzix-la-nouvelle-collaboration-en-creation\/#primaryimage"},"image":{"@id":"https:\/\/www.grandsformats.com\/2024\/12\/ingrid-laubrock-et-le-grand-orchestre-de-muzzix-la-nouvelle-collaboration-en-creation\/#primaryimage"},"thumbnailUrl":"https:\/\/www.grandsformats.com\/wp-content\/uploads\/2024\/12\/MUZZIXIngridLaubrockCarolineMardok.png","datePublished":"2024-12-02T14:25:20+00:00","dateModified":"2025-01-10T09:25:25+00:00","description":"Ingrid Laubrock, saxophoniste et compositrice de renom sur la sc\u00e8ne jazz contemporaine, s'associe au collectif Muzzix...","breadcrumb":{"@id":"https:\/\/www.grandsformats.com\/2024\/12\/ingrid-laubrock-et-le-grand-orchestre-de-muzzix-la-nouvelle-collaboration-en-creation\/#breadcrumb"},"inLanguage":"en-US","potentialAction":[{"@type":"ReadAction","target":["https:\/\/www.grandsformats.com\/2024\/12\/ingrid-laubrock-et-le-grand-orchestre-de-muzzix-la-nouvelle-collaboration-en-creation\/"]}]},{"@type":"ImageObject","inLanguage":"en-US","@id":"https:\/\/www.grandsformats.com\/2024\/12\/ingrid-laubrock-et-le-grand-orchestre-de-muzzix-la-nouvelle-collaboration-en-creation\/#primaryimage","url":"https:\/\/www.grandsformats.com\/wp-content\/uploads\/2024\/12\/MUZZIXIngridLaubrockCarolineMardok.png","contentUrl":"https:\/\/www.grandsformats.com\/wp-content\/uploads\/2024\/12\/MUZZIXIngridLaubrockCarolineMardok.png","width":1920,"height":1080},{"@type":"BreadcrumbList","@id":"https:\/\/www.grandsformats.com\/2024\/12\/ingrid-laubrock-et-le-grand-orchestre-de-muzzix-la-nouvelle-collaboration-en-creation\/#breadcrumb","itemListElement":[{"@type":"ListItem","position":1,"name":"Accueil","item":"https:\/\/www.grandsformats.com\/en\/"},{"@type":"ListItem","position":2,"name":"Ingrid Laubrock et le Grand Orchestre de Muzzix : la nouvelle collaboration en cr\u00e9ation !"}]},{"@type":"WebSite","@id":"https:\/\/www.grandsformats.com\/#website","url":"https:\/\/www.grandsformats.com\/","name":"Site officiel de la f\u00e9d\u00e9ration Grands Formats","description":"F\u00e9d\u00e9ration d&#039;artistes pour la musique en grand !","publisher":{"@id":"https:\/\/www.grandsformats.com\/#organization"},"potentialAction":[{"@type":"SearchAction","target":{"@type":"EntryPoint","urlTemplate":"https:\/\/www.grandsformats.com\/?s={search_term_string}"},"query-input":{"@type":"PropertyValueSpecification","valueRequired":true,"valueName":"search_term_string"}}],"inLanguage":"en-US"},{"@type":"Organization","@id":"https:\/\/www.grandsformats.com\/#organization","name":"Grands Formats","url":"https:\/\/www.grandsformats.com\/","logo":{"@type":"ImageObject","inLanguage":"en-US","@id":"https:\/\/www.grandsformats.com\/#\/schema\/logo\/image\/","url":"https:\/\/www.grandsformats.com\/wp-content\/uploads\/2020\/03\/logo-GF-200.png","contentUrl":"https:\/\/www.grandsformats.com\/wp-content\/uploads\/2020\/03\/logo-GF-200.png","width":155,"height":200,"caption":"Grands Formats"},"image":{"@id":"https:\/\/www.grandsformats.com\/#\/schema\/logo\/image\/"},"sameAs":["https:\/\/www.facebook.com\/grandsformats\/","https:\/\/x.com\/GrandsFormatsGF","https:\/\/www.instagram.com\/grandsformats\/","https:\/\/www.youtube.com\/channel\/UCJ7k9dbqc_DG-nxI3WMPvhw?view_as=subscriberhttps:\/\/www.youtube.com\/channel\/UCJ7k9dbqc_DG-nxI3WMPvhw?view_as=subscriber"]},{"@type":"Person","@id":"https:\/\/www.grandsformats.com\/#\/schema\/person\/56c2866069b6967b2c7becd25c9b4dbb","name":"Laura Hanequand - Grands Formats","image":{"@type":"ImageObject","inLanguage":"en-US","@id":"https:\/\/www.grandsformats.com\/#\/schema\/person\/image\/","url":"https:\/\/secure.gravatar.com\/avatar\/6d52edecb86835c2b7e81a2cdb8965ae325b4045b44f9043177428c622c06643?s=96&d=mm&r=g","contentUrl":"https:\/\/secure.gravatar.com\/avatar\/6d52edecb86835c2b7e81a2cdb8965ae325b4045b44f9043177428c622c06643?s=96&d=mm&r=g","caption":"Laura Hanequand - Grands Formats"},"url":"https:\/\/www.grandsformats.com\/en\/author\/lauragrandsformats-com\/"}]}},"_links":{"self":[{"href":"https:\/\/www.grandsformats.com\/en\/wp-json\/wp\/v2\/posts\/31336","targetHints":{"allow":["GET"]}}],"collection":[{"href":"https:\/\/www.grandsformats.com\/en\/wp-json\/wp\/v2\/posts"}],"about":[{"href":"https:\/\/www.grandsformats.com\/en\/wp-json\/wp\/v2\/types\/post"}],"author":[{"embeddable":true,"href":"https:\/\/www.grandsformats.com\/en\/wp-json\/wp\/v2\/users\/161"}],"replies":[{"embeddable":true,"href":"https:\/\/www.grandsformats.com\/en\/wp-json\/wp\/v2\/comments?post=31336"}],"version-history":[{"count":4,"href":"https:\/\/www.grandsformats.com\/en\/wp-json\/wp\/v2\/posts\/31336\/revisions"}],"predecessor-version":[{"id":31495,"href":"https:\/\/www.grandsformats.com\/en\/wp-json\/wp\/v2\/posts\/31336\/revisions\/31495"}],"wp:featuredmedia":[{"embeddable":true,"href":"https:\/\/www.grandsformats.com\/en\/wp-json\/wp\/v2\/media\/31496"}],"wp:attachment":[{"href":"https:\/\/www.grandsformats.com\/en\/wp-json\/wp\/v2\/media?parent=31336"}],"wp:term":[{"taxonomy":"category","embeddable":true,"href":"https:\/\/www.grandsformats.com\/en\/wp-json\/wp\/v2\/categories?post=31336"},{"taxonomy":"post_tag","embeddable":true,"href":"https:\/\/www.grandsformats.com\/en\/wp-json\/wp\/v2\/tags?post=31336"}],"curies":[{"name":"wp","href":"https:\/\/api.w.org\/{rel}","templated":true}]}}