{"id":31315,"date":"2024-12-02T11:25:50","date_gmt":"2024-12-02T10:25:50","guid":{"rendered":"https:\/\/www.grandsformats.com\/?p=31315"},"modified":"2024-12-03T16:23:09","modified_gmt":"2024-12-03T15:23:09","slug":"abajade-en-residence-de-creation-mediation-au-2-pieces-cuisine","status":"publish","type":"post","link":"https:\/\/www.grandsformats.com\/en\/2024\/12\/abajade-en-residence-de-creation-mediation-au-2-pieces-cuisine\/","title":{"rendered":"Abajade en r\u00e9sidence de cr\u00e9ation\/mediation au 2 Pi\u00e8ces Cuisine"},"content":{"rendered":"<p>En d\u00e9cembre, Abajade rentre en <b>r\u00e9sidence du 10 au 13 d\u00e9cembre \u00e0 l\u2019espace culture du Blanc-Mesnil<\/b> (2 pi\u00e8ces-cuisine) afin de cr\u00e9er du nouveau r\u00e9pertoire en vu de l\u2019enregistrement \u00e0 venir du prochain EP. Au programme : un moment de repr\u00e9sentation devant deux classes de l\u2019\u00e9cole \u00e9l\u00e9mentaire voisine, et arrangement du r\u00e9pertoire en vue du<b> prochain concert au Studio de L\u2019Ermitage le 20\/12\/2024<\/b>. Cette r\u00e9sidence fait suite \u00e0 celle de novembre, qui a permis de travailler la sc\u00e9nographie avec Axel \u00ab El Gato Negro \u00bb Matrod pour proposer sur sc\u00e8ne un show unique !<\/p>\n<p><iframe loading=\"lazy\" title=\"Lalubanche (Elegua I) feat. Irving Acao\" width=\"1140\" height=\"641\" src=\"https:\/\/www.youtube.com\/embed\/3CdBNDVLfkk?feature=oembed\" frameborder=\"0\" allow=\"accelerometer; autoplay; clipboard-write; encrypted-media; gyroscope; picture-in-picture; web-share\" referrerpolicy=\"strict-origin-when-cross-origin\" allowfullscreen><\/iframe><\/p>\n<p>&nbsp;<\/p>\n<div dir=\"ltr\"><span style=\"font-size: 10pt;\">\u00a9 Herv\u00e9 le Gall<\/span><\/div>\n","protected":false},"excerpt":{"rendered":"<p>En d\u00e9cembre, Abajade rentre en r\u00e9sidence du 10 au 13 d\u00e9cembre \u00e0 l\u2019espace culture du Blanc-Mesnil (2 pi\u00e8ces-cuisine) afin de cr\u00e9er du nouveau r\u00e9pertoire en vu de l\u2019enregistrement \u00e0 venir du prochain EP. Au programme : un moment de repr\u00e9sentation devant deux classes de l\u2019\u00e9cole \u00e9l\u00e9mentaire voisine, et arrangement du r\u00e9pertoire en vue du prochain&#8230;<\/p>\n<p><a rel=\"bookmark\" class=\"theme-button-text wvc-button wvc-button-size-xs\" href=\"https:\/\/www.grandsformats.com\/en\/2024\/12\/abajade-en-residence-de-creation-mediation-au-2-pieces-cuisine\/\"><small class=\"wvc-button-background-fill\"><\/small><span>Continue reading<\/span><\/a><\/p>\n","protected":false},"author":161,"featured_media":31316,"comment_status":"open","ping_status":"open","sticky":false,"template":"","format":"standard","meta":{"_acf_changed":false,"footnotes":""},"categories":[1174,95],"tags":[],"class_list":["post-31315","post","type-post","status-publish","format-standard","has-post-thumbnail","hentry","category-abajade","category-membres","entry-post-skin-light","entry","clearfix","entry-grid","entry-columns-default","entry-post-module-layout-sidebar-right","thumbnail-color-tone-dark","metro-landscape","has-video","entry-post","entry-masonry","entry-post-masonry"],"acf":[],"yoast_head":"<!-- This site is optimized with the Yoast SEO plugin v25.8 - https:\/\/yoast.com\/wordpress\/plugins\/seo\/ -->\n<title>Abajade en r\u00e9sidence de cr\u00e9ation\/mediation au 2 Pi\u00e8ces Cuisine - Site officiel de la f\u00e9d\u00e9ration Grands Formats<\/title>\n<meta name=\"description\" content=\"En d\u00e9cembre, Abajade rentre en r\u00e9sidence du 10 au 13 d\u00e9cembre \u00e0 l\u2019espace culture du Blanc-Mesnil (2 pi\u00e8ces-cuisine)...\" \/>\n<meta name=\"robots\" content=\"index, follow, max-snippet:-1, max-image-preview:large, max-video-preview:-1\" \/>\n<link rel=\"canonical\" href=\"https:\/\/www.grandsformats.com\/2024\/12\/abajade-en-residence-de-creation-mediation-au-2-pieces-cuisine\/\" \/>\n<meta property=\"og:locale\" content=\"en_US\" \/>\n<meta property=\"og:type\" content=\"article\" \/>\n<meta property=\"og:title\" content=\"Abajade en r\u00e9sidence de cr\u00e9ation\/mediation au 2 Pi\u00e8ces Cuisine - Site officiel de la f\u00e9d\u00e9ration Grands Formats\" \/>\n<meta property=\"og:description\" content=\"En d\u00e9cembre, Abajade rentre en r\u00e9sidence du 10 au 13 d\u00e9cembre \u00e0 l\u2019espace culture du Blanc-Mesnil (2 pi\u00e8ces-cuisine)...\" \/>\n<meta property=\"og:url\" content=\"https:\/\/www.grandsformats.com\/2024\/12\/abajade-en-residence-de-creation-mediation-au-2-pieces-cuisine\/\" \/>\n<meta property=\"og:site_name\" content=\"Site officiel de la f\u00e9d\u00e9ration Grands Formats\" \/>\n<meta property=\"article:publisher\" content=\"https:\/\/www.facebook.com\/grandsformats\/\" \/>\n<meta property=\"article:published_time\" content=\"2024-12-02T10:25:50+00:00\" \/>\n<meta property=\"article:modified_time\" content=\"2024-12-03T15:23:09+00:00\" \/>\n<meta property=\"og:image\" content=\"https:\/\/www.grandsformats.com\/wp-content\/uploads\/2024\/12\/Abajade.png\" \/>\n\t<meta property=\"og:image:width\" content=\"1920\" \/>\n\t<meta property=\"og:image:height\" content=\"1079\" \/>\n\t<meta property=\"og:image:type\" content=\"image\/png\" \/>\n<meta name=\"author\" content=\"Laura Hanequand - Grands Formats\" \/>\n<meta name=\"twitter:card\" content=\"summary_large_image\" \/>\n<meta name=\"twitter:creator\" content=\"@GrandsFormatsGF\" \/>\n<meta name=\"twitter:site\" content=\"@GrandsFormatsGF\" \/>\n<meta name=\"twitter:label1\" content=\"Written by\" \/>\n\t<meta name=\"twitter:data1\" content=\"Laura Hanequand - Grands Formats\" \/>\n\t<meta name=\"twitter:label2\" content=\"Est. reading time\" \/>\n\t<meta name=\"twitter:data2\" content=\"1 minute\" \/>\n<script type=\"application\/ld+json\" class=\"yoast-schema-graph\">{\"@context\":\"https:\/\/schema.org\",\"@graph\":[{\"@type\":\"Article\",\"@id\":\"https:\/\/www.grandsformats.com\/2024\/12\/abajade-en-residence-de-creation-mediation-au-2-pieces-cuisine\/#article\",\"isPartOf\":{\"@id\":\"https:\/\/www.grandsformats.com\/2024\/12\/abajade-en-residence-de-creation-mediation-au-2-pieces-cuisine\/\"},\"author\":{\"name\":\"Laura Hanequand - Grands Formats\",\"@id\":\"https:\/\/www.grandsformats.com\/#\/schema\/person\/56c2866069b6967b2c7becd25c9b4dbb\"},\"headline\":\"Abajade en r\u00e9sidence de cr\u00e9ation\/mediation au 2 Pi\u00e8ces Cuisine\",\"datePublished\":\"2024-12-02T10:25:50+00:00\",\"dateModified\":\"2024-12-03T15:23:09+00:00\",\"mainEntityOfPage\":{\"@id\":\"https:\/\/www.grandsformats.com\/2024\/12\/abajade-en-residence-de-creation-mediation-au-2-pieces-cuisine\/\"},\"wordCount\":124,\"commentCount\":0,\"publisher\":{\"@id\":\"https:\/\/www.grandsformats.com\/#organization\"},\"image\":{\"@id\":\"https:\/\/www.grandsformats.com\/2024\/12\/abajade-en-residence-de-creation-mediation-au-2-pieces-cuisine\/#primaryimage\"},\"thumbnailUrl\":\"https:\/\/www.grandsformats.com\/wp-content\/uploads\/2024\/12\/Abajade.png\",\"articleSection\":[\"\u00c0b\u00e1jade\",\"Actus des membres\"],\"inLanguage\":\"en-US\",\"potentialAction\":[{\"@type\":\"CommentAction\",\"name\":\"Comment\",\"target\":[\"https:\/\/www.grandsformats.com\/2024\/12\/abajade-en-residence-de-creation-mediation-au-2-pieces-cuisine\/#respond\"]}]},{\"@type\":\"WebPage\",\"@id\":\"https:\/\/www.grandsformats.com\/2024\/12\/abajade-en-residence-de-creation-mediation-au-2-pieces-cuisine\/\",\"url\":\"https:\/\/www.grandsformats.com\/2024\/12\/abajade-en-residence-de-creation-mediation-au-2-pieces-cuisine\/\",\"name\":\"Abajade en r\u00e9sidence de cr\u00e9ation\/mediation au 2 Pi\u00e8ces Cuisine - Site officiel de la f\u00e9d\u00e9ration Grands Formats\",\"isPartOf\":{\"@id\":\"https:\/\/www.grandsformats.com\/#website\"},\"primaryImageOfPage\":{\"@id\":\"https:\/\/www.grandsformats.com\/2024\/12\/abajade-en-residence-de-creation-mediation-au-2-pieces-cuisine\/#primaryimage\"},\"image\":{\"@id\":\"https:\/\/www.grandsformats.com\/2024\/12\/abajade-en-residence-de-creation-mediation-au-2-pieces-cuisine\/#primaryimage\"},\"thumbnailUrl\":\"https:\/\/www.grandsformats.com\/wp-content\/uploads\/2024\/12\/Abajade.png\",\"datePublished\":\"2024-12-02T10:25:50+00:00\",\"dateModified\":\"2024-12-03T15:23:09+00:00\",\"description\":\"En d\u00e9cembre, Abajade rentre en r\u00e9sidence du 10 au 13 d\u00e9cembre \u00e0 l\u2019espace culture du Blanc-Mesnil (2 pi\u00e8ces-cuisine)...\",\"breadcrumb\":{\"@id\":\"https:\/\/www.grandsformats.com\/2024\/12\/abajade-en-residence-de-creation-mediation-au-2-pieces-cuisine\/#breadcrumb\"},\"inLanguage\":\"en-US\",\"potentialAction\":[{\"@type\":\"ReadAction\",\"target\":[\"https:\/\/www.grandsformats.com\/2024\/12\/abajade-en-residence-de-creation-mediation-au-2-pieces-cuisine\/\"]}]},{\"@type\":\"ImageObject\",\"inLanguage\":\"en-US\",\"@id\":\"https:\/\/www.grandsformats.com\/2024\/12\/abajade-en-residence-de-creation-mediation-au-2-pieces-cuisine\/#primaryimage\",\"url\":\"https:\/\/www.grandsformats.com\/wp-content\/uploads\/2024\/12\/Abajade.png\",\"contentUrl\":\"https:\/\/www.grandsformats.com\/wp-content\/uploads\/2024\/12\/Abajade.png\",\"width\":1920,\"height\":1079,\"caption\":\"Abajade\"},{\"@type\":\"BreadcrumbList\",\"@id\":\"https:\/\/www.grandsformats.com\/2024\/12\/abajade-en-residence-de-creation-mediation-au-2-pieces-cuisine\/#breadcrumb\",\"itemListElement\":[{\"@type\":\"ListItem\",\"position\":1,\"name\":\"Accueil\",\"item\":\"https:\/\/www.grandsformats.com\/en\/\"},{\"@type\":\"ListItem\",\"position\":2,\"name\":\"Abajade en r\u00e9sidence de cr\u00e9ation\/mediation au 2 Pi\u00e8ces Cuisine\"}]},{\"@type\":\"WebSite\",\"@id\":\"https:\/\/www.grandsformats.com\/#website\",\"url\":\"https:\/\/www.grandsformats.com\/\",\"name\":\"Site officiel de la f\u00e9d\u00e9ration Grands Formats\",\"description\":\"F\u00e9d\u00e9ration d&#039;artistes pour la musique en grand !\",\"publisher\":{\"@id\":\"https:\/\/www.grandsformats.com\/#organization\"},\"potentialAction\":[{\"@type\":\"SearchAction\",\"target\":{\"@type\":\"EntryPoint\",\"urlTemplate\":\"https:\/\/www.grandsformats.com\/?s={search_term_string}\"},\"query-input\":{\"@type\":\"PropertyValueSpecification\",\"valueRequired\":true,\"valueName\":\"search_term_string\"}}],\"inLanguage\":\"en-US\"},{\"@type\":\"Organization\",\"@id\":\"https:\/\/www.grandsformats.com\/#organization\",\"name\":\"Grands Formats\",\"url\":\"https:\/\/www.grandsformats.com\/\",\"logo\":{\"@type\":\"ImageObject\",\"inLanguage\":\"en-US\",\"@id\":\"https:\/\/www.grandsformats.com\/#\/schema\/logo\/image\/\",\"url\":\"https:\/\/www.grandsformats.com\/wp-content\/uploads\/2020\/03\/logo-GF-200.png\",\"contentUrl\":\"https:\/\/www.grandsformats.com\/wp-content\/uploads\/2020\/03\/logo-GF-200.png\",\"width\":155,\"height\":200,\"caption\":\"Grands Formats\"},\"image\":{\"@id\":\"https:\/\/www.grandsformats.com\/#\/schema\/logo\/image\/\"},\"sameAs\":[\"https:\/\/www.facebook.com\/grandsformats\/\",\"https:\/\/x.com\/GrandsFormatsGF\",\"https:\/\/www.instagram.com\/grandsformats\/\",\"https:\/\/www.youtube.com\/channel\/UCJ7k9dbqc_DG-nxI3WMPvhw?view_as=subscriberhttps:\/\/www.youtube.com\/channel\/UCJ7k9dbqc_DG-nxI3WMPvhw?view_as=subscriber\"]},{\"@type\":\"Person\",\"@id\":\"https:\/\/www.grandsformats.com\/#\/schema\/person\/56c2866069b6967b2c7becd25c9b4dbb\",\"name\":\"Laura Hanequand - Grands Formats\",\"image\":{\"@type\":\"ImageObject\",\"inLanguage\":\"en-US\",\"@id\":\"https:\/\/www.grandsformats.com\/#\/schema\/person\/image\/\",\"url\":\"https:\/\/secure.gravatar.com\/avatar\/6d52edecb86835c2b7e81a2cdb8965ae325b4045b44f9043177428c622c06643?s=96&d=mm&r=g\",\"contentUrl\":\"https:\/\/secure.gravatar.com\/avatar\/6d52edecb86835c2b7e81a2cdb8965ae325b4045b44f9043177428c622c06643?s=96&d=mm&r=g\",\"caption\":\"Laura Hanequand - Grands Formats\"},\"url\":\"https:\/\/www.grandsformats.com\/en\/author\/lauragrandsformats-com\/\"}]}<\/script>\n<!-- \/ Yoast SEO plugin. -->","yoast_head_json":{"title":"Abajade en r\u00e9sidence de cr\u00e9ation\/mediation au 2 Pi\u00e8ces Cuisine - Site officiel de la f\u00e9d\u00e9ration Grands Formats","description":"En d\u00e9cembre, Abajade rentre en r\u00e9sidence du 10 au 13 d\u00e9cembre \u00e0 l\u2019espace culture du Blanc-Mesnil (2 pi\u00e8ces-cuisine)...","robots":{"index":"index","follow":"follow","max-snippet":"max-snippet:-1","max-image-preview":"max-image-preview:large","max-video-preview":"max-video-preview:-1"},"canonical":"https:\/\/www.grandsformats.com\/2024\/12\/abajade-en-residence-de-creation-mediation-au-2-pieces-cuisine\/","og_locale":"en_US","og_type":"article","og_title":"Abajade en r\u00e9sidence de cr\u00e9ation\/mediation au 2 Pi\u00e8ces Cuisine - Site officiel de la f\u00e9d\u00e9ration Grands Formats","og_description":"En d\u00e9cembre, Abajade rentre en r\u00e9sidence du 10 au 13 d\u00e9cembre \u00e0 l\u2019espace culture du Blanc-Mesnil (2 pi\u00e8ces-cuisine)...","og_url":"https:\/\/www.grandsformats.com\/2024\/12\/abajade-en-residence-de-creation-mediation-au-2-pieces-cuisine\/","og_site_name":"Site officiel de la f\u00e9d\u00e9ration Grands Formats","article_publisher":"https:\/\/www.facebook.com\/grandsformats\/","article_published_time":"2024-12-02T10:25:50+00:00","article_modified_time":"2024-12-03T15:23:09+00:00","og_image":[{"width":1920,"height":1079,"url":"https:\/\/www.grandsformats.com\/wp-content\/uploads\/2024\/12\/Abajade.png","type":"image\/png"}],"author":"Laura Hanequand - Grands Formats","twitter_card":"summary_large_image","twitter_creator":"@GrandsFormatsGF","twitter_site":"@GrandsFormatsGF","twitter_misc":{"Written by":"Laura Hanequand - Grands Formats","Est. reading time":"1 minute"},"schema":{"@context":"https:\/\/schema.org","@graph":[{"@type":"Article","@id":"https:\/\/www.grandsformats.com\/2024\/12\/abajade-en-residence-de-creation-mediation-au-2-pieces-cuisine\/#article","isPartOf":{"@id":"https:\/\/www.grandsformats.com\/2024\/12\/abajade-en-residence-de-creation-mediation-au-2-pieces-cuisine\/"},"author":{"name":"Laura Hanequand - Grands Formats","@id":"https:\/\/www.grandsformats.com\/#\/schema\/person\/56c2866069b6967b2c7becd25c9b4dbb"},"headline":"Abajade en r\u00e9sidence de cr\u00e9ation\/mediation au 2 Pi\u00e8ces Cuisine","datePublished":"2024-12-02T10:25:50+00:00","dateModified":"2024-12-03T15:23:09+00:00","mainEntityOfPage":{"@id":"https:\/\/www.grandsformats.com\/2024\/12\/abajade-en-residence-de-creation-mediation-au-2-pieces-cuisine\/"},"wordCount":124,"commentCount":0,"publisher":{"@id":"https:\/\/www.grandsformats.com\/#organization"},"image":{"@id":"https:\/\/www.grandsformats.com\/2024\/12\/abajade-en-residence-de-creation-mediation-au-2-pieces-cuisine\/#primaryimage"},"thumbnailUrl":"https:\/\/www.grandsformats.com\/wp-content\/uploads\/2024\/12\/Abajade.png","articleSection":["\u00c0b\u00e1jade","Actus des membres"],"inLanguage":"en-US","potentialAction":[{"@type":"CommentAction","name":"Comment","target":["https:\/\/www.grandsformats.com\/2024\/12\/abajade-en-residence-de-creation-mediation-au-2-pieces-cuisine\/#respond"]}]},{"@type":"WebPage","@id":"https:\/\/www.grandsformats.com\/2024\/12\/abajade-en-residence-de-creation-mediation-au-2-pieces-cuisine\/","url":"https:\/\/www.grandsformats.com\/2024\/12\/abajade-en-residence-de-creation-mediation-au-2-pieces-cuisine\/","name":"Abajade en r\u00e9sidence de cr\u00e9ation\/mediation au 2 Pi\u00e8ces Cuisine - Site officiel de la f\u00e9d\u00e9ration Grands Formats","isPartOf":{"@id":"https:\/\/www.grandsformats.com\/#website"},"primaryImageOfPage":{"@id":"https:\/\/www.grandsformats.com\/2024\/12\/abajade-en-residence-de-creation-mediation-au-2-pieces-cuisine\/#primaryimage"},"image":{"@id":"https:\/\/www.grandsformats.com\/2024\/12\/abajade-en-residence-de-creation-mediation-au-2-pieces-cuisine\/#primaryimage"},"thumbnailUrl":"https:\/\/www.grandsformats.com\/wp-content\/uploads\/2024\/12\/Abajade.png","datePublished":"2024-12-02T10:25:50+00:00","dateModified":"2024-12-03T15:23:09+00:00","description":"En d\u00e9cembre, Abajade rentre en r\u00e9sidence du 10 au 13 d\u00e9cembre \u00e0 l\u2019espace culture du Blanc-Mesnil (2 pi\u00e8ces-cuisine)...","breadcrumb":{"@id":"https:\/\/www.grandsformats.com\/2024\/12\/abajade-en-residence-de-creation-mediation-au-2-pieces-cuisine\/#breadcrumb"},"inLanguage":"en-US","potentialAction":[{"@type":"ReadAction","target":["https:\/\/www.grandsformats.com\/2024\/12\/abajade-en-residence-de-creation-mediation-au-2-pieces-cuisine\/"]}]},{"@type":"ImageObject","inLanguage":"en-US","@id":"https:\/\/www.grandsformats.com\/2024\/12\/abajade-en-residence-de-creation-mediation-au-2-pieces-cuisine\/#primaryimage","url":"https:\/\/www.grandsformats.com\/wp-content\/uploads\/2024\/12\/Abajade.png","contentUrl":"https:\/\/www.grandsformats.com\/wp-content\/uploads\/2024\/12\/Abajade.png","width":1920,"height":1079,"caption":"Abajade"},{"@type":"BreadcrumbList","@id":"https:\/\/www.grandsformats.com\/2024\/12\/abajade-en-residence-de-creation-mediation-au-2-pieces-cuisine\/#breadcrumb","itemListElement":[{"@type":"ListItem","position":1,"name":"Accueil","item":"https:\/\/www.grandsformats.com\/en\/"},{"@type":"ListItem","position":2,"name":"Abajade en r\u00e9sidence de cr\u00e9ation\/mediation au 2 Pi\u00e8ces Cuisine"}]},{"@type":"WebSite","@id":"https:\/\/www.grandsformats.com\/#website","url":"https:\/\/www.grandsformats.com\/","name":"Site officiel de la f\u00e9d\u00e9ration Grands Formats","description":"F\u00e9d\u00e9ration d&#039;artistes pour la musique en grand !","publisher":{"@id":"https:\/\/www.grandsformats.com\/#organization"},"potentialAction":[{"@type":"SearchAction","target":{"@type":"EntryPoint","urlTemplate":"https:\/\/www.grandsformats.com\/?s={search_term_string}"},"query-input":{"@type":"PropertyValueSpecification","valueRequired":true,"valueName":"search_term_string"}}],"inLanguage":"en-US"},{"@type":"Organization","@id":"https:\/\/www.grandsformats.com\/#organization","name":"Grands Formats","url":"https:\/\/www.grandsformats.com\/","logo":{"@type":"ImageObject","inLanguage":"en-US","@id":"https:\/\/www.grandsformats.com\/#\/schema\/logo\/image\/","url":"https:\/\/www.grandsformats.com\/wp-content\/uploads\/2020\/03\/logo-GF-200.png","contentUrl":"https:\/\/www.grandsformats.com\/wp-content\/uploads\/2020\/03\/logo-GF-200.png","width":155,"height":200,"caption":"Grands Formats"},"image":{"@id":"https:\/\/www.grandsformats.com\/#\/schema\/logo\/image\/"},"sameAs":["https:\/\/www.facebook.com\/grandsformats\/","https:\/\/x.com\/GrandsFormatsGF","https:\/\/www.instagram.com\/grandsformats\/","https:\/\/www.youtube.com\/channel\/UCJ7k9dbqc_DG-nxI3WMPvhw?view_as=subscriberhttps:\/\/www.youtube.com\/channel\/UCJ7k9dbqc_DG-nxI3WMPvhw?view_as=subscriber"]},{"@type":"Person","@id":"https:\/\/www.grandsformats.com\/#\/schema\/person\/56c2866069b6967b2c7becd25c9b4dbb","name":"Laura Hanequand - Grands Formats","image":{"@type":"ImageObject","inLanguage":"en-US","@id":"https:\/\/www.grandsformats.com\/#\/schema\/person\/image\/","url":"https:\/\/secure.gravatar.com\/avatar\/6d52edecb86835c2b7e81a2cdb8965ae325b4045b44f9043177428c622c06643?s=96&d=mm&r=g","contentUrl":"https:\/\/secure.gravatar.com\/avatar\/6d52edecb86835c2b7e81a2cdb8965ae325b4045b44f9043177428c622c06643?s=96&d=mm&r=g","caption":"Laura Hanequand - Grands Formats"},"url":"https:\/\/www.grandsformats.com\/en\/author\/lauragrandsformats-com\/"}]}},"_links":{"self":[{"href":"https:\/\/www.grandsformats.com\/en\/wp-json\/wp\/v2\/posts\/31315","targetHints":{"allow":["GET"]}}],"collection":[{"href":"https:\/\/www.grandsformats.com\/en\/wp-json\/wp\/v2\/posts"}],"about":[{"href":"https:\/\/www.grandsformats.com\/en\/wp-json\/wp\/v2\/types\/post"}],"author":[{"embeddable":true,"href":"https:\/\/www.grandsformats.com\/en\/wp-json\/wp\/v2\/users\/161"}],"replies":[{"embeddable":true,"href":"https:\/\/www.grandsformats.com\/en\/wp-json\/wp\/v2\/comments?post=31315"}],"version-history":[{"count":4,"href":"https:\/\/www.grandsformats.com\/en\/wp-json\/wp\/v2\/posts\/31315\/revisions"}],"predecessor-version":[{"id":31381,"href":"https:\/\/www.grandsformats.com\/en\/wp-json\/wp\/v2\/posts\/31315\/revisions\/31381"}],"wp:featuredmedia":[{"embeddable":true,"href":"https:\/\/www.grandsformats.com\/en\/wp-json\/wp\/v2\/media\/31316"}],"wp:attachment":[{"href":"https:\/\/www.grandsformats.com\/en\/wp-json\/wp\/v2\/media?parent=31315"}],"wp:term":[{"taxonomy":"category","embeddable":true,"href":"https:\/\/www.grandsformats.com\/en\/wp-json\/wp\/v2\/categories?post=31315"},{"taxonomy":"post_tag","embeddable":true,"href":"https:\/\/www.grandsformats.com\/en\/wp-json\/wp\/v2\/tags?post=31315"}],"curies":[{"name":"wp","href":"https:\/\/api.w.org\/{rel}","templated":true}]}}