{"id":31149,"date":"2024-11-04T14:24:58","date_gmt":"2024-11-04T13:24:58","guid":{"rendered":"https:\/\/www.grandsformats.com\/?p=31149"},"modified":"2024-11-04T14:24:58","modified_gmt":"2024-11-04T13:24:58","slug":"paul-jarret-acoustic-large-ensemble-en-concert-le-12-et-13-novembre-2024-a-reze-puis-nevers","status":"publish","type":"post","link":"https:\/\/www.grandsformats.com\/en\/2024\/11\/paul-jarret-acoustic-large-ensemble-en-concert-le-12-et-13-novembre-2024-a-reze-puis-nevers\/","title":{"rendered":"Paul Jarret Acoustic Large Ensemble en concert le 12 et 13 novembre 2024 \u00e0 Rez\u00e9 puis Nevers !"},"content":{"rendered":"<p>Apr\u00e8s un concert dans le cadre de Jazz \u00e0 la Villette en septembre \u00e0 l\u2019Atelier du Plateau puis un concert le 12 novembre 2024 dans le cadre de la rentr\u00e9e Grands Formats \u00e0 la Soufflerie \u00e0 Rez\u00e9 (44), en coproduction avec le Pannonica, le grand ensemble de Paul Jarret jouera le 13 novembre au D\u2019Jazz Nevers Festival !<\/p>\n<p><span style=\"text-decoration: underline;\"><strong>&gt; <a href=\"https:\/\/www.pegazz.com\/boutique\/acousticlargeensemble\">Le disque disponible sur la boutique Pegazz &amp; l&#8217;H\u00e9licon\u00a0<\/a><\/strong><\/span><br \/>\n<span style=\"text-decoration: underline;\"><strong>&gt; <a href=\"https:\/\/www.radiofrance.fr\/fip\/l-acoustic-large-ensemble-de-paul-jarret-respire-avec-audace-9660492\">R\u00e9\u00e9coutez l\u2019\u00e9mission \u00ab Au coeur du Jazz \u00bb du 30 ao\u00fbt 2024 sur France Musique<\/a><\/strong><\/span><\/p>\n<p><iframe loading=\"lazy\" title=\"Paul Jarret A.L.E. (Acoustic Large Ensemble)\" width=\"1140\" height=\"641\" src=\"https:\/\/www.youtube.com\/embed\/hvUuh9ZlhIE?feature=oembed\" frameborder=\"0\" allow=\"accelerometer; autoplay; clipboard-write; encrypted-media; gyroscope; picture-in-picture; web-share\" referrerpolicy=\"strict-origin-when-cross-origin\" allowfullscreen><\/iframe><\/p>\n<p><span style=\"font-size: 10pt;\">\u00a9 Sylvain Gripoix<\/span><\/p>\n","protected":false},"excerpt":{"rendered":"<p>Apr\u00e8s un concert dans le cadre de Jazz \u00e0 la Villette en septembre \u00e0 l\u2019Atelier du Plateau puis un concert le 12 novembre 2024 dans le cadre de la rentr\u00e9e Grands Formats \u00e0 la Soufflerie \u00e0 Rez\u00e9 (44), en coproduction avec le Pannonica, le grand ensemble de Paul Jarret jouera le 13 novembre au D\u2019Jazz&#8230;<\/p>\n<p><a rel=\"bookmark\" class=\"theme-button-text wvc-button wvc-button-size-xs\" href=\"https:\/\/www.grandsformats.com\/en\/2024\/11\/paul-jarret-acoustic-large-ensemble-en-concert-le-12-et-13-novembre-2024-a-reze-puis-nevers\/\"><small class=\"wvc-button-background-fill\"><\/small><span>Continue reading<\/span><\/a><\/p>\n","protected":false},"author":161,"featured_media":31152,"comment_status":"open","ping_status":"open","sticky":false,"template":"","format":"standard","meta":{"_acf_changed":false,"footnotes":""},"categories":[95,856],"tags":[],"class_list":["post-31149","post","type-post","status-publish","format-standard","has-post-thumbnail","hentry","category-membres","category-pegazz-et-lhelicon","entry-post-skin-light","entry","clearfix","entry-grid","entry-columns-default","entry-post-module-layout-sidebar-right","thumbnail-color-tone-light","metro-landscape","is-youtube","entry-post","entry-masonry","entry-post-masonry"],"acf":[],"yoast_head":"<!-- This site is optimized with the Yoast SEO plugin v25.8 - https:\/\/yoast.com\/wordpress\/plugins\/seo\/ -->\n<title>Paul Jarret Acoustic Large Ensemble en concert le 12 et 13 novembre 2024 \u00e0 Rez\u00e9 puis Nevers ! - Site officiel de la f\u00e9d\u00e9ration Grands Formats<\/title>\n<meta name=\"description\" content=\"Acoustic large ensemble : apr\u00e8s un concert dans le cadre de Jazz \u00e0 la Villette en septembre \u00e0 l\u2019Atelier du Plateau puis un concert le...\" \/>\n<meta name=\"robots\" content=\"index, follow, max-snippet:-1, max-image-preview:large, max-video-preview:-1\" \/>\n<link rel=\"canonical\" href=\"https:\/\/www.grandsformats.com\/2024\/11\/paul-jarret-acoustic-large-ensemble-en-concert-le-12-et-13-novembre-2024-a-reze-puis-nevers\/\" \/>\n<meta property=\"og:locale\" content=\"en_US\" \/>\n<meta property=\"og:type\" content=\"article\" \/>\n<meta property=\"og:title\" content=\"Paul Jarret Acoustic Large Ensemble en concert le 12 et 13 novembre 2024 \u00e0 Rez\u00e9 puis Nevers ! - Site officiel de la f\u00e9d\u00e9ration Grands Formats\" \/>\n<meta property=\"og:description\" content=\"Acoustic large ensemble : apr\u00e8s un concert dans le cadre de Jazz \u00e0 la Villette en septembre \u00e0 l\u2019Atelier du Plateau puis un concert le...\" \/>\n<meta property=\"og:url\" content=\"https:\/\/www.grandsformats.com\/2024\/11\/paul-jarret-acoustic-large-ensemble-en-concert-le-12-et-13-novembre-2024-a-reze-puis-nevers\/\" \/>\n<meta property=\"og:site_name\" content=\"Site officiel de la f\u00e9d\u00e9ration Grands Formats\" \/>\n<meta property=\"article:publisher\" content=\"https:\/\/www.facebook.com\/grandsformats\/\" \/>\n<meta property=\"article:published_time\" content=\"2024-11-04T13:24:58+00:00\" \/>\n<meta property=\"og:image\" content=\"https:\/\/www.grandsformats.com\/wp-content\/uploads\/2024\/11\/ALE_SylvainGripoix.jpg\" \/>\n\t<meta property=\"og:image:width\" content=\"1920\" \/>\n\t<meta property=\"og:image:height\" content=\"1080\" \/>\n\t<meta property=\"og:image:type\" content=\"image\/jpeg\" \/>\n<meta name=\"author\" content=\"Laura Hanequand - Grands Formats\" \/>\n<meta name=\"twitter:card\" content=\"summary_large_image\" \/>\n<meta name=\"twitter:creator\" content=\"@GrandsFormatsGF\" \/>\n<meta name=\"twitter:site\" content=\"@GrandsFormatsGF\" \/>\n<meta name=\"twitter:label1\" content=\"Written by\" \/>\n\t<meta name=\"twitter:data1\" content=\"Laura Hanequand - Grands Formats\" \/>\n\t<meta name=\"twitter:label2\" content=\"Est. reading time\" \/>\n\t<meta name=\"twitter:data2\" content=\"1 minute\" \/>\n<script type=\"application\/ld+json\" class=\"yoast-schema-graph\">{\"@context\":\"https:\/\/schema.org\",\"@graph\":[{\"@type\":\"Article\",\"@id\":\"https:\/\/www.grandsformats.com\/2024\/11\/paul-jarret-acoustic-large-ensemble-en-concert-le-12-et-13-novembre-2024-a-reze-puis-nevers\/#article\",\"isPartOf\":{\"@id\":\"https:\/\/www.grandsformats.com\/2024\/11\/paul-jarret-acoustic-large-ensemble-en-concert-le-12-et-13-novembre-2024-a-reze-puis-nevers\/\"},\"author\":{\"name\":\"Laura Hanequand - Grands Formats\",\"@id\":\"https:\/\/www.grandsformats.com\/#\/schema\/person\/56c2866069b6967b2c7becd25c9b4dbb\"},\"headline\":\"Paul Jarret Acoustic Large Ensemble en concert le 12 et 13 novembre 2024 \u00e0 Rez\u00e9 puis Nevers !\",\"datePublished\":\"2024-11-04T13:24:58+00:00\",\"mainEntityOfPage\":{\"@id\":\"https:\/\/www.grandsformats.com\/2024\/11\/paul-jarret-acoustic-large-ensemble-en-concert-le-12-et-13-novembre-2024-a-reze-puis-nevers\/\"},\"wordCount\":102,\"commentCount\":0,\"publisher\":{\"@id\":\"https:\/\/www.grandsformats.com\/#organization\"},\"image\":{\"@id\":\"https:\/\/www.grandsformats.com\/2024\/11\/paul-jarret-acoustic-large-ensemble-en-concert-le-12-et-13-novembre-2024-a-reze-puis-nevers\/#primaryimage\"},\"thumbnailUrl\":\"https:\/\/www.grandsformats.com\/wp-content\/uploads\/2024\/11\/ALE_SylvainGripoix.jpg\",\"articleSection\":[\"Actus des membres\",\"P\u00e9gazz &amp; l'H\u00e9licon\"],\"inLanguage\":\"en-US\",\"potentialAction\":[{\"@type\":\"CommentAction\",\"name\":\"Comment\",\"target\":[\"https:\/\/www.grandsformats.com\/2024\/11\/paul-jarret-acoustic-large-ensemble-en-concert-le-12-et-13-novembre-2024-a-reze-puis-nevers\/#respond\"]}]},{\"@type\":\"WebPage\",\"@id\":\"https:\/\/www.grandsformats.com\/2024\/11\/paul-jarret-acoustic-large-ensemble-en-concert-le-12-et-13-novembre-2024-a-reze-puis-nevers\/\",\"url\":\"https:\/\/www.grandsformats.com\/2024\/11\/paul-jarret-acoustic-large-ensemble-en-concert-le-12-et-13-novembre-2024-a-reze-puis-nevers\/\",\"name\":\"Paul Jarret Acoustic Large Ensemble en concert le 12 et 13 novembre 2024 \u00e0 Rez\u00e9 puis Nevers ! - Site officiel de la f\u00e9d\u00e9ration Grands Formats\",\"isPartOf\":{\"@id\":\"https:\/\/www.grandsformats.com\/#website\"},\"primaryImageOfPage\":{\"@id\":\"https:\/\/www.grandsformats.com\/2024\/11\/paul-jarret-acoustic-large-ensemble-en-concert-le-12-et-13-novembre-2024-a-reze-puis-nevers\/#primaryimage\"},\"image\":{\"@id\":\"https:\/\/www.grandsformats.com\/2024\/11\/paul-jarret-acoustic-large-ensemble-en-concert-le-12-et-13-novembre-2024-a-reze-puis-nevers\/#primaryimage\"},\"thumbnailUrl\":\"https:\/\/www.grandsformats.com\/wp-content\/uploads\/2024\/11\/ALE_SylvainGripoix.jpg\",\"datePublished\":\"2024-11-04T13:24:58+00:00\",\"description\":\"Acoustic large ensemble : apr\u00e8s un concert dans le cadre de Jazz \u00e0 la Villette en septembre \u00e0 l\u2019Atelier du Plateau puis un concert le...\",\"breadcrumb\":{\"@id\":\"https:\/\/www.grandsformats.com\/2024\/11\/paul-jarret-acoustic-large-ensemble-en-concert-le-12-et-13-novembre-2024-a-reze-puis-nevers\/#breadcrumb\"},\"inLanguage\":\"en-US\",\"potentialAction\":[{\"@type\":\"ReadAction\",\"target\":[\"https:\/\/www.grandsformats.com\/2024\/11\/paul-jarret-acoustic-large-ensemble-en-concert-le-12-et-13-novembre-2024-a-reze-puis-nevers\/\"]}]},{\"@type\":\"ImageObject\",\"inLanguage\":\"en-US\",\"@id\":\"https:\/\/www.grandsformats.com\/2024\/11\/paul-jarret-acoustic-large-ensemble-en-concert-le-12-et-13-novembre-2024-a-reze-puis-nevers\/#primaryimage\",\"url\":\"https:\/\/www.grandsformats.com\/wp-content\/uploads\/2024\/11\/ALE_SylvainGripoix.jpg\",\"contentUrl\":\"https:\/\/www.grandsformats.com\/wp-content\/uploads\/2024\/11\/ALE_SylvainGripoix.jpg\",\"width\":1920,\"height\":1080,\"caption\":\"ALE_SylvainGripoix\"},{\"@type\":\"BreadcrumbList\",\"@id\":\"https:\/\/www.grandsformats.com\/2024\/11\/paul-jarret-acoustic-large-ensemble-en-concert-le-12-et-13-novembre-2024-a-reze-puis-nevers\/#breadcrumb\",\"itemListElement\":[{\"@type\":\"ListItem\",\"position\":1,\"name\":\"Accueil\",\"item\":\"https:\/\/www.grandsformats.com\/en\/\"},{\"@type\":\"ListItem\",\"position\":2,\"name\":\"Paul Jarret Acoustic Large Ensemble en concert le 12 et 13 novembre 2024 \u00e0 Rez\u00e9 puis Nevers !\"}]},{\"@type\":\"WebSite\",\"@id\":\"https:\/\/www.grandsformats.com\/#website\",\"url\":\"https:\/\/www.grandsformats.com\/\",\"name\":\"Site officiel de la f\u00e9d\u00e9ration Grands Formats\",\"description\":\"F\u00e9d\u00e9ration d&#039;artistes pour la musique en grand !\",\"publisher\":{\"@id\":\"https:\/\/www.grandsformats.com\/#organization\"},\"potentialAction\":[{\"@type\":\"SearchAction\",\"target\":{\"@type\":\"EntryPoint\",\"urlTemplate\":\"https:\/\/www.grandsformats.com\/?s={search_term_string}\"},\"query-input\":{\"@type\":\"PropertyValueSpecification\",\"valueRequired\":true,\"valueName\":\"search_term_string\"}}],\"inLanguage\":\"en-US\"},{\"@type\":\"Organization\",\"@id\":\"https:\/\/www.grandsformats.com\/#organization\",\"name\":\"Grands Formats\",\"url\":\"https:\/\/www.grandsformats.com\/\",\"logo\":{\"@type\":\"ImageObject\",\"inLanguage\":\"en-US\",\"@id\":\"https:\/\/www.grandsformats.com\/#\/schema\/logo\/image\/\",\"url\":\"https:\/\/www.grandsformats.com\/wp-content\/uploads\/2020\/03\/logo-GF-200.png\",\"contentUrl\":\"https:\/\/www.grandsformats.com\/wp-content\/uploads\/2020\/03\/logo-GF-200.png\",\"width\":155,\"height\":200,\"caption\":\"Grands Formats\"},\"image\":{\"@id\":\"https:\/\/www.grandsformats.com\/#\/schema\/logo\/image\/\"},\"sameAs\":[\"https:\/\/www.facebook.com\/grandsformats\/\",\"https:\/\/x.com\/GrandsFormatsGF\",\"https:\/\/www.instagram.com\/grandsformats\/\",\"https:\/\/www.youtube.com\/channel\/UCJ7k9dbqc_DG-nxI3WMPvhw?view_as=subscriberhttps:\/\/www.youtube.com\/channel\/UCJ7k9dbqc_DG-nxI3WMPvhw?view_as=subscriber\"]},{\"@type\":\"Person\",\"@id\":\"https:\/\/www.grandsformats.com\/#\/schema\/person\/56c2866069b6967b2c7becd25c9b4dbb\",\"name\":\"Laura Hanequand - Grands Formats\",\"image\":{\"@type\":\"ImageObject\",\"inLanguage\":\"en-US\",\"@id\":\"https:\/\/www.grandsformats.com\/#\/schema\/person\/image\/\",\"url\":\"https:\/\/secure.gravatar.com\/avatar\/6d52edecb86835c2b7e81a2cdb8965ae325b4045b44f9043177428c622c06643?s=96&d=mm&r=g\",\"contentUrl\":\"https:\/\/secure.gravatar.com\/avatar\/6d52edecb86835c2b7e81a2cdb8965ae325b4045b44f9043177428c622c06643?s=96&d=mm&r=g\",\"caption\":\"Laura Hanequand - Grands Formats\"},\"url\":\"https:\/\/www.grandsformats.com\/en\/author\/lauragrandsformats-com\/\"}]}<\/script>\n<!-- \/ Yoast SEO plugin. -->","yoast_head_json":{"title":"Paul Jarret Acoustic Large Ensemble en concert le 12 et 13 novembre 2024 \u00e0 Rez\u00e9 puis Nevers ! - Site officiel de la f\u00e9d\u00e9ration Grands Formats","description":"Acoustic large ensemble : apr\u00e8s un concert dans le cadre de Jazz \u00e0 la Villette en septembre \u00e0 l\u2019Atelier du Plateau puis un concert le...","robots":{"index":"index","follow":"follow","max-snippet":"max-snippet:-1","max-image-preview":"max-image-preview:large","max-video-preview":"max-video-preview:-1"},"canonical":"https:\/\/www.grandsformats.com\/2024\/11\/paul-jarret-acoustic-large-ensemble-en-concert-le-12-et-13-novembre-2024-a-reze-puis-nevers\/","og_locale":"en_US","og_type":"article","og_title":"Paul Jarret Acoustic Large Ensemble en concert le 12 et 13 novembre 2024 \u00e0 Rez\u00e9 puis Nevers ! - Site officiel de la f\u00e9d\u00e9ration Grands Formats","og_description":"Acoustic large ensemble : apr\u00e8s un concert dans le cadre de Jazz \u00e0 la Villette en septembre \u00e0 l\u2019Atelier du Plateau puis un concert le...","og_url":"https:\/\/www.grandsformats.com\/2024\/11\/paul-jarret-acoustic-large-ensemble-en-concert-le-12-et-13-novembre-2024-a-reze-puis-nevers\/","og_site_name":"Site officiel de la f\u00e9d\u00e9ration Grands Formats","article_publisher":"https:\/\/www.facebook.com\/grandsformats\/","article_published_time":"2024-11-04T13:24:58+00:00","og_image":[{"width":1920,"height":1080,"url":"https:\/\/www.grandsformats.com\/wp-content\/uploads\/2024\/11\/ALE_SylvainGripoix.jpg","type":"image\/jpeg"}],"author":"Laura Hanequand - Grands Formats","twitter_card":"summary_large_image","twitter_creator":"@GrandsFormatsGF","twitter_site":"@GrandsFormatsGF","twitter_misc":{"Written by":"Laura Hanequand - Grands Formats","Est. reading time":"1 minute"},"schema":{"@context":"https:\/\/schema.org","@graph":[{"@type":"Article","@id":"https:\/\/www.grandsformats.com\/2024\/11\/paul-jarret-acoustic-large-ensemble-en-concert-le-12-et-13-novembre-2024-a-reze-puis-nevers\/#article","isPartOf":{"@id":"https:\/\/www.grandsformats.com\/2024\/11\/paul-jarret-acoustic-large-ensemble-en-concert-le-12-et-13-novembre-2024-a-reze-puis-nevers\/"},"author":{"name":"Laura Hanequand - Grands Formats","@id":"https:\/\/www.grandsformats.com\/#\/schema\/person\/56c2866069b6967b2c7becd25c9b4dbb"},"headline":"Paul Jarret Acoustic Large Ensemble en concert le 12 et 13 novembre 2024 \u00e0 Rez\u00e9 puis Nevers !","datePublished":"2024-11-04T13:24:58+00:00","mainEntityOfPage":{"@id":"https:\/\/www.grandsformats.com\/2024\/11\/paul-jarret-acoustic-large-ensemble-en-concert-le-12-et-13-novembre-2024-a-reze-puis-nevers\/"},"wordCount":102,"commentCount":0,"publisher":{"@id":"https:\/\/www.grandsformats.com\/#organization"},"image":{"@id":"https:\/\/www.grandsformats.com\/2024\/11\/paul-jarret-acoustic-large-ensemble-en-concert-le-12-et-13-novembre-2024-a-reze-puis-nevers\/#primaryimage"},"thumbnailUrl":"https:\/\/www.grandsformats.com\/wp-content\/uploads\/2024\/11\/ALE_SylvainGripoix.jpg","articleSection":["Actus des membres","P\u00e9gazz &amp; l'H\u00e9licon"],"inLanguage":"en-US","potentialAction":[{"@type":"CommentAction","name":"Comment","target":["https:\/\/www.grandsformats.com\/2024\/11\/paul-jarret-acoustic-large-ensemble-en-concert-le-12-et-13-novembre-2024-a-reze-puis-nevers\/#respond"]}]},{"@type":"WebPage","@id":"https:\/\/www.grandsformats.com\/2024\/11\/paul-jarret-acoustic-large-ensemble-en-concert-le-12-et-13-novembre-2024-a-reze-puis-nevers\/","url":"https:\/\/www.grandsformats.com\/2024\/11\/paul-jarret-acoustic-large-ensemble-en-concert-le-12-et-13-novembre-2024-a-reze-puis-nevers\/","name":"Paul Jarret Acoustic Large Ensemble en concert le 12 et 13 novembre 2024 \u00e0 Rez\u00e9 puis Nevers ! - Site officiel de la f\u00e9d\u00e9ration Grands Formats","isPartOf":{"@id":"https:\/\/www.grandsformats.com\/#website"},"primaryImageOfPage":{"@id":"https:\/\/www.grandsformats.com\/2024\/11\/paul-jarret-acoustic-large-ensemble-en-concert-le-12-et-13-novembre-2024-a-reze-puis-nevers\/#primaryimage"},"image":{"@id":"https:\/\/www.grandsformats.com\/2024\/11\/paul-jarret-acoustic-large-ensemble-en-concert-le-12-et-13-novembre-2024-a-reze-puis-nevers\/#primaryimage"},"thumbnailUrl":"https:\/\/www.grandsformats.com\/wp-content\/uploads\/2024\/11\/ALE_SylvainGripoix.jpg","datePublished":"2024-11-04T13:24:58+00:00","description":"Acoustic large ensemble : apr\u00e8s un concert dans le cadre de Jazz \u00e0 la Villette en septembre \u00e0 l\u2019Atelier du Plateau puis un concert le...","breadcrumb":{"@id":"https:\/\/www.grandsformats.com\/2024\/11\/paul-jarret-acoustic-large-ensemble-en-concert-le-12-et-13-novembre-2024-a-reze-puis-nevers\/#breadcrumb"},"inLanguage":"en-US","potentialAction":[{"@type":"ReadAction","target":["https:\/\/www.grandsformats.com\/2024\/11\/paul-jarret-acoustic-large-ensemble-en-concert-le-12-et-13-novembre-2024-a-reze-puis-nevers\/"]}]},{"@type":"ImageObject","inLanguage":"en-US","@id":"https:\/\/www.grandsformats.com\/2024\/11\/paul-jarret-acoustic-large-ensemble-en-concert-le-12-et-13-novembre-2024-a-reze-puis-nevers\/#primaryimage","url":"https:\/\/www.grandsformats.com\/wp-content\/uploads\/2024\/11\/ALE_SylvainGripoix.jpg","contentUrl":"https:\/\/www.grandsformats.com\/wp-content\/uploads\/2024\/11\/ALE_SylvainGripoix.jpg","width":1920,"height":1080,"caption":"ALE_SylvainGripoix"},{"@type":"BreadcrumbList","@id":"https:\/\/www.grandsformats.com\/2024\/11\/paul-jarret-acoustic-large-ensemble-en-concert-le-12-et-13-novembre-2024-a-reze-puis-nevers\/#breadcrumb","itemListElement":[{"@type":"ListItem","position":1,"name":"Accueil","item":"https:\/\/www.grandsformats.com\/en\/"},{"@type":"ListItem","position":2,"name":"Paul Jarret Acoustic Large Ensemble en concert le 12 et 13 novembre 2024 \u00e0 Rez\u00e9 puis Nevers !"}]},{"@type":"WebSite","@id":"https:\/\/www.grandsformats.com\/#website","url":"https:\/\/www.grandsformats.com\/","name":"Site officiel de la f\u00e9d\u00e9ration Grands Formats","description":"F\u00e9d\u00e9ration d&#039;artistes pour la musique en grand !","publisher":{"@id":"https:\/\/www.grandsformats.com\/#organization"},"potentialAction":[{"@type":"SearchAction","target":{"@type":"EntryPoint","urlTemplate":"https:\/\/www.grandsformats.com\/?s={search_term_string}"},"query-input":{"@type":"PropertyValueSpecification","valueRequired":true,"valueName":"search_term_string"}}],"inLanguage":"en-US"},{"@type":"Organization","@id":"https:\/\/www.grandsformats.com\/#organization","name":"Grands Formats","url":"https:\/\/www.grandsformats.com\/","logo":{"@type":"ImageObject","inLanguage":"en-US","@id":"https:\/\/www.grandsformats.com\/#\/schema\/logo\/image\/","url":"https:\/\/www.grandsformats.com\/wp-content\/uploads\/2020\/03\/logo-GF-200.png","contentUrl":"https:\/\/www.grandsformats.com\/wp-content\/uploads\/2020\/03\/logo-GF-200.png","width":155,"height":200,"caption":"Grands Formats"},"image":{"@id":"https:\/\/www.grandsformats.com\/#\/schema\/logo\/image\/"},"sameAs":["https:\/\/www.facebook.com\/grandsformats\/","https:\/\/x.com\/GrandsFormatsGF","https:\/\/www.instagram.com\/grandsformats\/","https:\/\/www.youtube.com\/channel\/UCJ7k9dbqc_DG-nxI3WMPvhw?view_as=subscriberhttps:\/\/www.youtube.com\/channel\/UCJ7k9dbqc_DG-nxI3WMPvhw?view_as=subscriber"]},{"@type":"Person","@id":"https:\/\/www.grandsformats.com\/#\/schema\/person\/56c2866069b6967b2c7becd25c9b4dbb","name":"Laura Hanequand - Grands Formats","image":{"@type":"ImageObject","inLanguage":"en-US","@id":"https:\/\/www.grandsformats.com\/#\/schema\/person\/image\/","url":"https:\/\/secure.gravatar.com\/avatar\/6d52edecb86835c2b7e81a2cdb8965ae325b4045b44f9043177428c622c06643?s=96&d=mm&r=g","contentUrl":"https:\/\/secure.gravatar.com\/avatar\/6d52edecb86835c2b7e81a2cdb8965ae325b4045b44f9043177428c622c06643?s=96&d=mm&r=g","caption":"Laura Hanequand - Grands Formats"},"url":"https:\/\/www.grandsformats.com\/en\/author\/lauragrandsformats-com\/"}]}},"_links":{"self":[{"href":"https:\/\/www.grandsformats.com\/en\/wp-json\/wp\/v2\/posts\/31149","targetHints":{"allow":["GET"]}}],"collection":[{"href":"https:\/\/www.grandsformats.com\/en\/wp-json\/wp\/v2\/posts"}],"about":[{"href":"https:\/\/www.grandsformats.com\/en\/wp-json\/wp\/v2\/types\/post"}],"author":[{"embeddable":true,"href":"https:\/\/www.grandsformats.com\/en\/wp-json\/wp\/v2\/users\/161"}],"replies":[{"embeddable":true,"href":"https:\/\/www.grandsformats.com\/en\/wp-json\/wp\/v2\/comments?post=31149"}],"version-history":[{"count":2,"href":"https:\/\/www.grandsformats.com\/en\/wp-json\/wp\/v2\/posts\/31149\/revisions"}],"predecessor-version":[{"id":31151,"href":"https:\/\/www.grandsformats.com\/en\/wp-json\/wp\/v2\/posts\/31149\/revisions\/31151"}],"wp:featuredmedia":[{"embeddable":true,"href":"https:\/\/www.grandsformats.com\/en\/wp-json\/wp\/v2\/media\/31152"}],"wp:attachment":[{"href":"https:\/\/www.grandsformats.com\/en\/wp-json\/wp\/v2\/media?parent=31149"}],"wp:term":[{"taxonomy":"category","embeddable":true,"href":"https:\/\/www.grandsformats.com\/en\/wp-json\/wp\/v2\/categories?post=31149"},{"taxonomy":"post_tag","embeddable":true,"href":"https:\/\/www.grandsformats.com\/en\/wp-json\/wp\/v2\/tags?post=31149"}],"curies":[{"name":"wp","href":"https:\/\/api.w.org\/{rel}","templated":true}]}}