{"id":30990,"date":"2024-10-11T15:46:09","date_gmt":"2024-10-11T13:46:09","guid":{"rendered":"https:\/\/www.grandsformats.com\/?p=30990"},"modified":"2024-11-08T12:23:22","modified_gmt":"2024-11-08T11:23:22","slug":"direction-nantes-pour-le-temps-fort-de-la-rentree-grands-formats-2024","status":"publish","type":"post","link":"https:\/\/www.grandsformats.com\/en\/2024\/10\/direction-nantes-pour-le-temps-fort-de-la-rentree-grands-formats-2024\/","title":{"rendered":"Direction Nantes pour le temps fort de la Rentr\u00e9e Grands Formats 2024 !"},"content":{"rendered":"<p>La 18\u00e8me \u00e9dition de la Rentr\u00e9e Grands Formats 2024 s&#8217;ach\u00e8vera sur <strong>un temps fort \u00e0 Nantes et Rez\u00e9 les 12, 13 et 14 novembre<\/strong>, organis\u00e9 en partenariat avec <strong>Pannonica<\/strong> (qui f\u00eate cette ann\u00e9e ses 30 ans !), <strong>la Soufflerie<\/strong> et <strong>le Conservatoire de Nantes<\/strong>. Trois journ\u00e9es pour faire r\u00e9sonner le jazz et les musiques improvis\u00e9es en grand format \u00e0 travers un vaste programme d&#8217;activit\u00e9s p\u00e9dagogiques, concerts, jam sessions et rencontres professionnelles.<\/p>\n<div class=\"wvc-text-block wvc-clearfix wvc-element wvc-mobile-text-align-\">\n<div class=\"wbp_wrapper\">\n<h3 style=\"text-align: center;\"><strong>MARDI 12 NOVEMBRE 2024<\/strong><\/h3>\n<p><strong>9h30 &#8211; 12h30 : Masterclass <\/strong>anim\u00e9e par <strong>Paul Jarret<\/strong> (P\u00e9gazz &amp; l\u2019H\u00e9licon) au\u00a0<a href=\"https:\/\/conservatoire.nantes.fr\/home\"><strong>CRR de Nantes<\/strong><\/a>\u00a0<em>\u2013 R\u00e9serv\u00e9e aux \u00e9l\u00e8ves du Conservatoire<br \/>\n<\/em>Compositeur, improvisateur et meneur de projets tr\u00e8s actif, le guitariste Paul Jarret d\u00e9ploie un son et un univers tr\u00e8s personnels \u00e0 travers ses diff\u00e9rents groupes, projets et collaborations qui l\u2019am\u00e8nent d\u00e9sormais \u00e0 \u00eatre reconnu au sein de la sc\u00e8ne jazz fran\u00e7aise et europ\u00e9enne. Les projets qu\u2019il d\u00e9veloppe en leader (TILIA, Pj5, EMMA, Ghost Songs et son grand ensemble A.L.E.) ou co-leader (Sweet Dog, trio Jarret\/Johansson\/Von Martens) ont chacun leur identit\u00e9 propre, empruntant \u00e0 ces diff\u00e9rents courants musicaux. Ils sont les diff\u00e9rentes facettes d\u2019un m\u00eame univers musical qui a permis \u00e0 Paul Jarret de remporter plusieurs prix et r\u00e9compenses (Concours National de Jazz \u00e0 La D\u00e9fense, Jazz Migration, Talents Adami Jazz\u2026). Il a \u00e9galement une activit\u00e9 de sideman tr\u00e8s fournie et fait partie du collectif P\u00e9gazz et l\u2019H\u00e9licon, parmi les plus actifs de la sc\u00e8ne parisienne.<\/p>\n<p><strong>15h &#8211; 16h30 : La Spedidam pr\u00e9sente Fortissimo <\/strong>au <strong><a href=\"https:\/\/www.pannonica.com\/\">Pannonica<\/a><br \/>\n<\/strong>Cette rencontre a pour but de renforcer la connaissances des artistes-interpr\u00e8tes sur les activit\u00e9s de la Spedidam et de valoriser ainsi leurs droits. Elle sera suivie d\u2019un temps convivial.<br \/>\n<span style=\"text-decoration: underline;\"><strong>\u2192<a href=\"https:\/\/www.billetweb.fr\/spedidam-x-pannonica\"> Inscriptions<\/a><\/strong><\/span><\/p>\n<p><strong>17h &#8211; 18h30 : Intervention structuration <\/strong>anim\u00e9e par <strong>Erwan Vernay (Grands Formats), \u00c9tienne Cabaret <\/strong>et<strong> R\u00e9gis Bunel (Moger Orchestra) <\/strong>au\u00a0<strong><a href=\"https:\/\/conservatoire.nantes.fr\/home\">CRR de Nantes\u00a0<\/a><\/strong><br \/>\nEtienne Cabaret et R\u00e9gis Bunel, tous deux musiciens, interviendront pour parler de leur exemple de structuration, en tant qu\u2019artistes-producteurs d\u2019une compagnie bas\u00e9e en milieu rural, \u00e0 Rostrenn (Centre Bretagne).<br \/>\nDepuis pr\u00e8s de 15 ans, ils portent un projet artistique autour des musiques cr\u00e9atives, ont mont\u00e9 un label et organisent des petits \u00e9v\u00e8nements dans l\u2019endroit o\u00f9 ils r\u00e9sident. Cette compagnie est \u00e0 leurs yeux un v\u00e9ritable outils d\u2019autonomie et d\u2019ind\u00e9pendance pour porter librement leur musique, notamment des groupes en grands formats !<br \/>\nVous pourrez venir \u00e9changer avec eux \u00e0 l\u2019occasion de leur venue avec le Moger Orchestra.<\/p>\n<p><strong>20h &#8211; 21h15 : Concert &#8211; Paul Jarret Acoustic Large Ensemble (<a class=\"internal-link\" href=\"https:\/\/www.grandsformats.com\/artist\/pegazz-et-lhelicon\/\">P\u00e9gazz et l\u2019H\u00e9licon<\/a>) <\/strong>\u00e0\u00a0<strong><a href=\"https:\/\/www.lasoufflerie.org\/\">L\u2019Auditorium (Rez\u00e9)<\/a> <\/strong>&#8211; Dans le cadre de <a href=\"https:\/\/www.jazzenphase.com\/\">Jazz en Phase<\/a><\/p>\n<figure id=\"attachment_30994\" aria-describedby=\"caption-attachment-30994\" style=\"width: 1024px\" class=\"wp-caption aligncenter\"><img loading=\"lazy\" decoding=\"async\" class=\"wp-image-30994 size-large\" src=\"https:\/\/www.grandsformats.com\/wp-content\/uploads\/2024\/10\/ALE-BANNER-1024x576.jpg\" alt=\"ALE \u00a9 Sylvain Gripoix\" width=\"1024\" height=\"576\" srcset=\"https:\/\/www.grandsformats.com\/wp-content\/uploads\/2024\/10\/ALE-BANNER-1024x576.jpg 1024w, https:\/\/www.grandsformats.com\/wp-content\/uploads\/2024\/10\/ALE-BANNER-300x169.jpg 300w, https:\/\/www.grandsformats.com\/wp-content\/uploads\/2024\/10\/ALE-BANNER-768x432.jpg 768w, https:\/\/www.grandsformats.com\/wp-content\/uploads\/2024\/10\/ALE-BANNER-1536x864.jpg 1536w, https:\/\/www.grandsformats.com\/wp-content\/uploads\/2024\/10\/ALE-BANNER-1013x570.jpg 1013w, https:\/\/www.grandsformats.com\/wp-content\/uploads\/2024\/10\/ALE-BANNER-500x281.jpg 500w, https:\/\/www.grandsformats.com\/wp-content\/uploads\/2024\/10\/ALE-BANNER-550x309.jpg 550w, https:\/\/www.grandsformats.com\/wp-content\/uploads\/2024\/10\/ALE-BANNER-700x394.jpg 700w, https:\/\/www.grandsformats.com\/wp-content\/uploads\/2024\/10\/ALE-BANNER-400x225.jpg 400w, https:\/\/www.grandsformats.com\/wp-content\/uploads\/2024\/10\/ALE-BANNER-640x360.jpg 640w, https:\/\/www.grandsformats.com\/wp-content\/uploads\/2024\/10\/ALE-BANNER.jpg 1920w\" sizes=\"auto, (max-width: 1024px) 100vw, 1024px\" \/><figcaption id=\"caption-attachment-30994\" class=\"wp-caption-text\">\u00a9 Sylvain Gripoix<\/figcaption><\/figure>\n<p>Dirig\u00e9 par le guitariste et compositeur Paul Jarret, l\u2019Acoustic Large Ensemble est un orchestre \u00e0 l&#8217;instrumentation singuli\u00e8re, mettant \u00e0 l\u2019honneur la lenteur, les vibrations acoustiques et les r\u00e9sonances, sans renier un lyrisme m\u00e9lodique certain. Compos\u00e9 de musicien.ne.s issus du jazz et des musiques improvis\u00e9es, il \u00e9voque \u00e9galement les compositeurs minimalistes am\u00e9ricains, la musique spectrale ou les musiques folk et traditionnelles d\u2019Europe du Nord.<br \/>\nA.L.E. est aussi un orchestre non-sonoris\u00e9, en disposition circulaire au milieu du public. Les raisons en sont multiples : chercher un autre type de rapport \u00e0 l\u2019auditeur et \u00e0 sa perception sonore, retrouver la proximit\u00e9 et le son naturel et organique de l\u2019orchestre, percevoir toutes les subtilit\u00e9s et nuances du grain des instruments et jouer, dans l\u2019\u00e9criture, avec leurs contraintes naturelles de contrastes de volume\u2026<\/p>\n<p class=\"p1\"><em><span class=\"s1\">Une formation du collectif P\u00e9gazz &amp; l\u2019H\u00e9licon\u00a0<\/span><\/em><\/p>\n<p><strong>Distribution :<\/strong><br \/>\nPaul Jarret &#8211; guitare<br \/>\nThibault Gomez &#8211; harmonium<br \/>\nFabien Debellefontaine, Fanny Meteier &#8211; tuba<br \/>\nJules Boittin &#8211; trombone<br \/>\nHector Lena-Schroll &#8211; trompette<br \/>\nAlexandre Perrot, \u00c9tienne Renard &#8211; contrebasse<br \/>\nH\u00e9lo\u00efse Lefebvre &#8211; violon<br \/>\nMa\u00eblle Desbrosses &#8211; violon alto<br \/>\n\u00c9l\u00e9onore Billy &#8211; nyckelharpa t\u00e9nor<br \/>\nBruno Ducret &#8211; violoncelle<br \/>\nMaxence Ravelomanantsoa &#8211; saxophone<br \/>\n\u00c9lodie Pasquier &#8211; clarinette basse<\/p>\n<p><span style=\"text-decoration: underline;\"><strong>\u2192<a href=\"https:\/\/billetterie.lasoufflerie.org\/agenda\/18-acoustic-large-ensemble\">\u00a0Billetterie<\/a><\/strong><\/span><\/p>\n<p><strong>21h30 : Jam Session<\/strong> \u00e0\u00a0<strong><a href=\"https:\/\/www.lasoufflerie.org\/salles-de-spectacle\/\">la Barakason<\/a><br \/>\n<\/strong>Clavier (Gr\u00e9goire Letouvet)<br \/>\nSaxophone Baryton (Rapha\u00ebl Herlem)<br \/>\nContrebasse (Alexandre Perrot)<br \/>\nBatterie (\u00e0 d\u00e9terminer)<br \/>\n<em>Venez avec vos instruments de musique pour y participer !<\/em><\/p>\n<h3 style=\"text-align: center;\"><strong>MERCREDI 13 NOVEMBRE 2024<\/strong><\/h3>\n<p><strong>9h30 &#8211; 13h : Assembl\u00e9e g\u00e9n\u00e9rale des membres de Grands Formats <\/strong>au <strong><a href=\"https:\/\/www.pannonica.com\/\">Pannonica<\/a><\/strong><em><br \/>\nR\u00e9serv\u00e9 aux membres de Grands Formats<\/em><\/p>\n<p><strong>14h30 &#8211; 16h30 : Rencontre professionnelle <em>\u00ab Pour une musique d\u2019Art et Essai \u00bb <\/em><\/strong>au\u00a0<strong><a href=\"https:\/\/www.pannonica.com\/\">Pannonica<\/a><\/strong><br \/>\nLes moyens de diffusion et de communication qui se sont d\u00e9velopp\u00e9s \u00e0 une cadence acc\u00e9l\u00e9r\u00e9e dans les cinq derni\u00e8res ann\u00e9es ont in\u00e9vitablement eu des cons\u00e9quences importantes pour le secteur musical et son industrie, de m\u00eame que pour l\u2019ensemble des autres secteurs culturels. Dans une p\u00e9riode \u00e9galement travers\u00e9e par une crise sanitaire sans pr\u00e9c\u00e9dent, elles se sont accompagn\u00e9es de mutations soci\u00e9tales entrainant une modification de l\u2019offre et de la demande de produits culturels. Dans le m\u00eame temps, les politiques publiques de la culture fran\u00e7aise se sont dot\u00e9es de nouveaux outils, \u00e0 l\u2019image du Centre National de la Musique, mais aussi d\u2019une \u00ab taxe streaming \u00bb lui permettant de constituer des ressources p\u00e9rennes \u00e0 partir des contributions de toute la fili\u00e8re musicale, et notamment, nouvellement, de celle de l\u2019industrie du streaming musicale. Les musiques cr\u00e9atives ont, en outre, jusqu\u2019ici pay\u00e9 un lourd tribut aux crises r\u00e9centes et, si leur inventivit\u00e9 n\u2019est pas en reste, leur structure \u00e9conomique, de m\u00eame que leur capacit\u00e9 \u00e0 impr\u00e9gner les publics, en p\u00e2tissent. Fort de ces nouvelles opportunit\u00e9s cependant, et \u00e0 l\u2019instar du cin\u00e9ma, il est peut-\u00eatre temps de tenter de d\u00e9finir une \u00ab musique d\u2019art et d\u2019essai \u00bb et, avec elle, les moyens de son accompagnement.<\/p>\n<ul>\n<li style=\"list-style-type: none;\">\n<ul>\n<li class=\"p1\"><b>Romain Laleix<\/b>\u00a0\u2013 Directeur g\u00e9n\u00e9ral d\u00e9l\u00e9gu\u00e9 du CNM<\/li>\n<li class=\"p1\"><strong>Catherine Verliac<\/strong>\u00a0\u2013 Directrice adjointe du d\u00e9partement cin\u00e9ma du CNC<\/li>\n<li class=\"p1\"><strong>David Obadia<\/strong>\u00a0\u2013 D\u00e9l\u00e9gu\u00e9 g\u00e9n\u00e9ral de l\u2019AFCAE<\/li>\n<li class=\"p1\"><strong>Pierre-Alexandre Gauthier<\/strong>\u00a0\u2013 Inou\u00efe Distribution<\/li>\n<li class=\"p1\">Mod\u00e9ration :\u00a0<strong>Marie H\u00e9din-Christophe<\/strong>\u00a0\u2013 La Lettre du Musicien<strong><br \/>\n<\/strong><\/li>\n<\/ul>\n<\/li>\n<\/ul>\n<p><span style=\"text-decoration: underline;\"><strong>\u2192<a href=\"https:\/\/forms.gle\/eh9ihDpXSa1E3r3J7\">\u00a0Inscriptions<\/a><\/strong><\/span><\/p>\n<p><strong>18h &#8211; 20h : <\/strong><strong>Cocktail-d\u00eenatoire <\/strong>offert par Grands Formats \u00e0\u00a0<strong><a href=\"https:\/\/www.lasoufflerie.org\/\">La Barakason (Rez\u00e9)<\/a>\u00a0<\/strong>\u2013<em> Accessible sur invitation<\/em><\/p>\n<p><b>20h : Concerts \u00e0 <strong><a href=\"https:\/\/www.lasoufflerie.org\/\">L\u2019Auditorium (Rez\u00e9)<\/a><\/strong><br \/>\nPremi\u00e8re partie : What\u2019s<\/b>\u00a0<strong>New Orchestra<\/strong> (grand ensemble du CRR de Nantes) \u00e0\u00a0<strong><a href=\"https:\/\/www.lasoufflerie.org\/\">L\u2019Auditorium (Rez\u00e9)<\/a><\/strong><b><\/b><\/p>\n<figure id=\"attachment_30997\" aria-describedby=\"caption-attachment-30997\" style=\"width: 1024px\" class=\"wp-caption aligncenter\"><a class=\"internal-link\" href=\"https:\/\/www.grandsformats.com\/artist\/moger-orchestra\/\"><img loading=\"lazy\" decoding=\"async\" class=\"wp-image-30997 size-large\" src=\"https:\/\/www.grandsformats.com\/wp-content\/uploads\/2024\/10\/WhatsNewOrchestra-BANNER-1024x576.jpg\" alt=\"WhatsNewOrchestra \u00a9\u00a0jean-michel-meunier\" width=\"1024\" height=\"576\" srcset=\"https:\/\/www.grandsformats.com\/wp-content\/uploads\/2024\/10\/WhatsNewOrchestra-BANNER-1024x576.jpg 1024w, https:\/\/www.grandsformats.com\/wp-content\/uploads\/2024\/10\/WhatsNewOrchestra-BANNER-300x169.jpg 300w, https:\/\/www.grandsformats.com\/wp-content\/uploads\/2024\/10\/WhatsNewOrchestra-BANNER-768x432.jpg 768w, https:\/\/www.grandsformats.com\/wp-content\/uploads\/2024\/10\/WhatsNewOrchestra-BANNER-1536x864.jpg 1536w, https:\/\/www.grandsformats.com\/wp-content\/uploads\/2024\/10\/WhatsNewOrchestra-BANNER-1013x570.jpg 1013w, https:\/\/www.grandsformats.com\/wp-content\/uploads\/2024\/10\/WhatsNewOrchestra-BANNER-500x281.jpg 500w, https:\/\/www.grandsformats.com\/wp-content\/uploads\/2024\/10\/WhatsNewOrchestra-BANNER-550x309.jpg 550w, https:\/\/www.grandsformats.com\/wp-content\/uploads\/2024\/10\/WhatsNewOrchestra-BANNER-700x394.jpg 700w, https:\/\/www.grandsformats.com\/wp-content\/uploads\/2024\/10\/WhatsNewOrchestra-BANNER-400x225.jpg 400w, https:\/\/www.grandsformats.com\/wp-content\/uploads\/2024\/10\/WhatsNewOrchestra-BANNER-640x360.jpg 640w, https:\/\/www.grandsformats.com\/wp-content\/uploads\/2024\/10\/WhatsNewOrchestra-BANNER.jpg 1920w\" sizes=\"auto, (max-width: 1024px) 100vw, 1024px\" \/><\/a><figcaption id=\"caption-attachment-30997\" class=\"wp-caption-text\">\u00a9\u00a0Jean-Michel Meunier<\/figcaption><\/figure>\n<p>\u00ab What\u2019s New ? \u00bb, titre de la chanson populaire am\u00e9ricaine compos\u00e9e par Bob Haggart ayant travers\u00e9e l\u2019histoire du jazz par les interpr\u00e9tations de Bing Crosby, Ella Fitzgerald, John Coltrane, Helen Merrill, Billie Holiday\u2026 fait \u00e9cho \u00e0 la volont\u00e9 des artistes de jazz de se renouveler en permanence, de d\u00e9velopper une singularit\u00e9 tout en s&#8217;appuyant sur l&#8217;h\u00e9ritage d&#8217;une tradition. Le titre original du morceau, avant que les paroles soient ajout\u00e9es par Johnny Burke en 1939, \u00ab I\u2019m Free \u00bb \u00e9voque quant \u00e0 lui la qu\u00eate permanente de libert\u00e9 men\u00e9e \u00e0 travers l\u2019improvisation et la composition, vecteurs d\u2019\u00e9mancipation \u00e0 travers la pratique artistique.<br \/>\nCet orchestre pr\u00e9sente les cr\u00e9ations originales de ses diff\u00e9rents membres, \u00e9tudiant.e.s de la classe de jazz du CRR de Nantes, sous la direction artistique de Guillaume Guedin.<br \/>\nUn r\u00e9pertoire vari\u00e9 et une formation instrumentale audacieuse, pour une musique au reflet des influences diverses des artistes de ce collectif bien d\u00e9cid\u00e9 \u00e0 ne laisser personne indiff\u00e8rent \u00e0 ses propositions artistiques !<\/p>\n<p><strong>Distribution\u00a0:<br \/>\n<\/strong>Lucie Le Garrec &#8211; voix<br \/>\nYuna Canal &#8211; guitare, voix &amp; composition<br \/>\nCl\u00e9o Bonnerot &#8211; basse \u00e9lectrique, voix &amp; composition<br \/>\nLouise Chavanon &#8211; fl\u00fbte &amp; composition<br \/>\nSacha Gervaise &#8211; saxophones &amp; composition<br \/>\nNino Daclon &#8211; saxophones<br \/>\nAntoine Entressangle &#8211; trompette<br \/>\nEl\u00e9na Engert Masson &#8211; euphonium<br \/>\nZacharie Pour\u00e9 &#8211; tuba<br \/>\nLucas Jussaume &#8211; piano &amp; clavier<br \/>\nSwann Guilmineau &#8211; contrebasse<br \/>\nSacha Magaud &#8211; batterie &amp; percussions<br \/>\nC\u00e9dric Peset &#8211; batterie, percussions &amp; vibraphone<br \/>\nGuillaume Guedin &#8211; composition &amp; direction artistique<\/p>\n<p><strong><b>Deuxi\u00e8me partie : <a class=\"internal-link\" href=\"https:\/\/www.grandsformats.com\/artist\/moger-orchestra\/\">Moger Orchestra<\/a><\/b> (Musiques T\u00eatues)<\/strong><\/p>\n<figure id=\"attachment_30999\" aria-describedby=\"caption-attachment-30999\" style=\"width: 1024px\" class=\"wp-caption aligncenter\"><img loading=\"lazy\" decoding=\"async\" class=\"wp-image-30999 size-large\" src=\"https:\/\/www.grandsformats.com\/wp-content\/uploads\/2024\/10\/MogerOrchestra-BANNER-1024x576.jpg\" alt=\"Moger Orchestra \u00a9 David Quesemand\" width=\"1024\" height=\"576\" srcset=\"https:\/\/www.grandsformats.com\/wp-content\/uploads\/2024\/10\/MogerOrchestra-BANNER-1024x576.jpg 1024w, https:\/\/www.grandsformats.com\/wp-content\/uploads\/2024\/10\/MogerOrchestra-BANNER-300x169.jpg 300w, https:\/\/www.grandsformats.com\/wp-content\/uploads\/2024\/10\/MogerOrchestra-BANNER-768x432.jpg 768w, https:\/\/www.grandsformats.com\/wp-content\/uploads\/2024\/10\/MogerOrchestra-BANNER-1536x864.jpg 1536w, https:\/\/www.grandsformats.com\/wp-content\/uploads\/2024\/10\/MogerOrchestra-BANNER-1013x570.jpg 1013w, https:\/\/www.grandsformats.com\/wp-content\/uploads\/2024\/10\/MogerOrchestra-BANNER-500x281.jpg 500w, https:\/\/www.grandsformats.com\/wp-content\/uploads\/2024\/10\/MogerOrchestra-BANNER-550x309.jpg 550w, https:\/\/www.grandsformats.com\/wp-content\/uploads\/2024\/10\/MogerOrchestra-BANNER-700x394.jpg 700w, https:\/\/www.grandsformats.com\/wp-content\/uploads\/2024\/10\/MogerOrchestra-BANNER-400x225.jpg 400w, https:\/\/www.grandsformats.com\/wp-content\/uploads\/2024\/10\/MogerOrchestra-BANNER-640x360.jpg 640w, https:\/\/www.grandsformats.com\/wp-content\/uploads\/2024\/10\/MogerOrchestra-BANNER.jpg 1920w\" sizes=\"auto, (max-width: 1024px) 100vw, 1024px\" \/><figcaption id=\"caption-attachment-30999\" class=\"wp-caption-text\">\u00a9 David Quesemand<\/figcaption><\/figure>\n<p class=\"p1\">Moger Orchestra partage un son dense et puissant entre courants jazz rock, folk, improvisation et spoken word. Leur musique, tel un voyage int\u00e9rieur, prend racine dans une transe<br \/>\nau timbre grave r\u00e9v\u00e9l\u00e9e par l\u2019orchestration rock et l\u2019\u00e9nergie des huit musicien.nes.<br \/>\nSur sc\u00e8ne, le chanteur et bassiste Dylan James porte une po\u00e9sie anglophone qui nous parle<br \/>\nde notre \u00e9poque, travers\u00e9e par les th\u00e8mes de la sorcellerie et du d\u00e9r\u00e8glement climatique. Tant\u00f4t une m\u00e9lodie folk \u00e9pur\u00e9e et enracin\u00e9e vient chambouler une \u00e9criture orchestrale complexe, grave et pr\u00e9cise, tant\u00f4t le<span class=\"Apple-converted-space\">\u00a0 <\/span>spoken word mart\u00e8le sa vision.<br \/>\nEn 2023 sort <i>There must be a passage<\/i>, premier album live de cet octet volontairement inclassable, \u00ab \u00e0 cheval entre un idiome jazz tr\u00e8s raffin\u00e9 et une pop lointaine et \u00e9l\u00e9gante \u00bb (Citizen Jazz).<span class=\"Apple-converted-space\">\u00a0<\/span><\/p>\n<p class=\"p1\"><strong>Distribution :<\/strong><br \/>\nSakina Abdou &#8211; saxophone alto, fl\u00fbte \u00e0 bec basse, choeurs<span class=\"Apple-converted-space\"><br \/>\n<\/span>R\u00e9gis Bunel &#8211; saxophone baryton<span class=\"Apple-converted-space\"><br \/>\n<\/span>Etienne Cabaret &#8211; clarinette basse<span class=\"Apple-converted-space\"><br \/>\n<\/span>Dylan James &#8211; chant, basse \u00e9lectrique<span class=\"Apple-converted-space\"><br \/>\n<\/span>Lydie Lefebvre &#8211; violoncelle, choeurs<span class=\"Apple-converted-space\"><br \/>\n<\/span>Floriane Le Pottier &#8211; violon<span class=\"Apple-converted-space\"><br \/>\n<\/span>Nicolas Pointard &#8211; batterie<span class=\"Apple-converted-space\"><br \/>\n<\/span>Christelle S\u00e9ry &#8211; guitare \u00e9lectrique, chant<span class=\"Apple-converted-space\"><br \/>\n<\/span>Yanna Plougoulm &#8211; son<br \/>\nDylan James &amp; Griselda Drouet &#8211; textes<\/p>\n<p><span style=\"text-decoration: underline;\"><strong>\u2192<a href=\"https:\/\/billetterie.lasoufflerie.org\/agenda\/20-moger-orchestra\">\u00a0Billetterie<\/a><\/strong><\/span><\/p>\n<p><strong>21h30 : Jam Session<\/strong>\u00a0au bar\u00a0<strong>Chez Maurice<\/strong> (14 Cours Sully \u00e0 Nantes)<br \/>\n<em>Venez avec vos instruments de musique pour y participer !<br \/>\n<\/em>Vincent Lefeuvre (guitare)<br \/>\nErwan El Mohajir (contrebasse)<br \/>\nLouis-Jules Porcher (batterie)<\/p>\n<h3 style=\"text-align: center;\"><strong>JEUDI 14 NOVEMBRE 2024<\/strong><\/h3>\n<p><strong>20h &#8211; 22h : Concert <em>Think Big!<\/em>\u00a0:\u00a0<a class=\"internal-link\" href=\"https:\/\/www.grandsformats.com\/artist\/orchestre-tout-puissant-marcel-duchamp\/\">Orchestre Tout Puissant Marcel Duchamp<\/a>\u00a0<\/strong>\u00e0\u00a0<strong><a href=\"https:\/\/www.lasoufflerie.org\/\">La Barakason (Rez\u00e9)<\/a><\/strong>(premi\u00e8re partie : <a href=\"https:\/\/www.mietmusic.com\/\">MI\u00cbT<\/a>)<\/p>\n<figure id=\"attachment_31001\" aria-describedby=\"caption-attachment-31001\" style=\"width: 1024px\" class=\"wp-caption aligncenter\"><img loading=\"lazy\" decoding=\"async\" class=\"wp-image-31001 size-large\" src=\"https:\/\/www.grandsformats.com\/wp-content\/uploads\/2024\/10\/OTPMD-BANNER-1024x576.jpg\" alt=\"OTPMD \u00a9 Pauline Gouablin\" width=\"1024\" height=\"576\" srcset=\"https:\/\/www.grandsformats.com\/wp-content\/uploads\/2024\/10\/OTPMD-BANNER-1024x576.jpg 1024w, https:\/\/www.grandsformats.com\/wp-content\/uploads\/2024\/10\/OTPMD-BANNER-300x169.jpg 300w, https:\/\/www.grandsformats.com\/wp-content\/uploads\/2024\/10\/OTPMD-BANNER-768x432.jpg 768w, https:\/\/www.grandsformats.com\/wp-content\/uploads\/2024\/10\/OTPMD-BANNER-1536x864.jpg 1536w, https:\/\/www.grandsformats.com\/wp-content\/uploads\/2024\/10\/OTPMD-BANNER-1013x570.jpg 1013w, https:\/\/www.grandsformats.com\/wp-content\/uploads\/2024\/10\/OTPMD-BANNER-500x281.jpg 500w, https:\/\/www.grandsformats.com\/wp-content\/uploads\/2024\/10\/OTPMD-BANNER-550x309.jpg 550w, https:\/\/www.grandsformats.com\/wp-content\/uploads\/2024\/10\/OTPMD-BANNER-700x394.jpg 700w, https:\/\/www.grandsformats.com\/wp-content\/uploads\/2024\/10\/OTPMD-BANNER-400x225.jpg 400w, https:\/\/www.grandsformats.com\/wp-content\/uploads\/2024\/10\/OTPMD-BANNER-640x360.jpg 640w, https:\/\/www.grandsformats.com\/wp-content\/uploads\/2024\/10\/OTPMD-BANNER.jpg 1920w\" sizes=\"auto, (max-width: 1024px) 100vw, 1024px\" \/><figcaption id=\"caption-attachment-31001\" class=\"wp-caption-text\">\u00a9 Pauline Gouablin<\/figcaption><\/figure>\n<p class=\"p1\">M\u00ealant free jazz, post punk, brass band et orchestrations symphoniques, le son de ce collectif de 12 musicien\u00b7nes d\u00e9passe les limites de genre. \u00c0 coups de cordes envol\u00e9es, d\u2019explosions<br \/>\nde cuivre, de percussions world, de guitares sauvages et de chants enflamm\u00e9s, les artistes hypnotisent les esprits et entra\u00eenent les corps. Ils d\u00e9barquent avec <i>Ventre unique<\/i>, leur nouvel album fra\u00eechement sorti. R\u00e9jouissons-nous !<\/p>\n<p class=\"p1\"><strong>Distribution :<br \/>\n<\/strong>Dorian Selmi &#8211; batterie<br \/>\nRomane Chantre &#8211; batterie<br \/>\nVincent Bertholet &#8211; contrebasse<br \/>\nAida Diop &#8211; marimba<br \/>\nElena Beder &#8211; marimba<br \/>\nTiti &#8211; guitare<br \/>\nRomane Millet &#8211; guitare<br \/>\nNaomi Mabanda &#8211; violoncelle<br \/>\nThomas Malnati-Levier &#8211; alto<br \/>\nGif &#8211; trombone<br \/>\nGilles Poizat &#8211; bugle<br \/>\nMara Krastina &#8211; voix<\/p>\n<p class=\"p1\"><span style=\"text-decoration: underline;\"><strong>\u2192<a href=\"https:\/\/billetterie.lasoufflerie.org\/agenda\/51-orchestre-tout-puissant-marcel-duchamp-mi%C3%ABt\"> Billetterie<\/a><\/strong><\/span><\/p>\n<\/div>\n<\/div>\n<div class=\"wvc-text-block wvc-clearfix wvc-element wvc-mobile-text-align-\">\n<div class=\"wbp_wrapper\">\n<p>________________________________<\/p>\n<p><b><u>Billetterie concerts : Choisissez le Pass Grands Formats !<\/u><\/b><\/p>\n<p class=\"p1\">Le Pass Grands Formats, c\u2019est 24\u20ac pour deux concerts, \u00e0 choisir parmi les trois concerts du temps fort de la Rentr\u00e9e : Paul Jarret Acoustic Large Ensemble, Moger Orchestra et Orchestre Tout Puissant Marcel Duchamp.<\/p>\n<p class=\"p3\"><a href=\"https:\/\/billetterie.lasoufflerie.org\/abonnements\/166ad03f311f96\/personne?new=1\"><span class=\"s1\">\u2192<\/span>\u00a0<span class=\"s2\">R\u00e9servation du pass Grands Formats via la billetterie en ligne de la Soufflerie<\/span><\/a><\/p>\n<p>________________________________<\/p>\n<p><iframe loading=\"lazy\" title=\"Rentr\u00e9e Grands Formats 2024 : place au temps fort !\" width=\"1140\" height=\"641\" src=\"https:\/\/www.youtube.com\/embed\/NsIoO4aKvoc?feature=oembed\" frameborder=\"0\" allow=\"accelerometer; autoplay; clipboard-write; encrypted-media; gyroscope; picture-in-picture; web-share\" referrerpolicy=\"strict-origin-when-cross-origin\" allowfullscreen><\/iframe><\/p>\n<\/div>\n<\/div>\n","protected":false},"excerpt":{"rendered":"<p>La 18\u00e8me \u00e9dition de la Rentr\u00e9e Grands Formats 2024 s&#8217;ach\u00e8vera sur un temps fort \u00e0 Nantes et Rez\u00e9 les 12, 13 et 14 novembre, organis\u00e9 en partenariat avec Pannonica (qui f\u00eate cette ann\u00e9e ses 30 ans !), la Soufflerie et le Conservatoire de Nantes. Trois journ\u00e9es pour faire r\u00e9sonner le jazz et les musiques improvis\u00e9es&#8230;<\/p>\n<p><a rel=\"bookmark\" class=\"theme-button-text wvc-button wvc-button-size-xs\" href=\"https:\/\/www.grandsformats.com\/en\/2024\/10\/direction-nantes-pour-le-temps-fort-de-la-rentree-grands-formats-2024\/\"><small class=\"wvc-button-background-fill\"><\/small><span>Continue reading<\/span><\/a><\/p>\n","protected":false},"author":161,"featured_media":31003,"comment_status":"open","ping_status":"open","sticky":false,"template":"","format":"standard","meta":{"_acf_changed":false,"footnotes":""},"categories":[90,725,859,856,1306],"tags":[],"class_list":["post-30990","post","type-post","status-publish","format-standard","has-post-thumbnail","hentry","category-grands-formats","category-moger-orchestra","category-orchestre-tout-puissant-marcel-duchamp","category-pegazz-et-lhelicon","category-rentree-grands-formats-2024","entry-post-skin-light","entry","clearfix","entry-grid","entry-columns-default","entry-post-module-layout-sidebar-right","thumbnail-color-tone-dark","metro-landscape","is-youtube","entry-post","entry-masonry","entry-post-masonry"],"acf":[],"yoast_head":"<!-- This site is optimized with the Yoast SEO plugin v25.8 - https:\/\/yoast.com\/wordpress\/plugins\/seo\/ -->\n<title>Direction Nantes pour le temps fort de la Rentr\u00e9e Grands Formats 2024 ! - Site officiel de la f\u00e9d\u00e9ration Grands Formats<\/title>\n<meta name=\"description\" content=\"Les Grands Formats n&#039;ont pas dit leur dernier mot ! La 18\u00e8me \u00e9dition de la Rentr\u00e9e Grands Formats 2024 s&#039;ach\u00e8vera sur un temps fort...\" \/>\n<meta name=\"robots\" content=\"index, follow, max-snippet:-1, max-image-preview:large, max-video-preview:-1\" \/>\n<link rel=\"canonical\" href=\"https:\/\/www.grandsformats.com\/2024\/10\/direction-nantes-pour-le-temps-fort-de-la-rentree-grands-formats-2024\/\" \/>\n<meta property=\"og:locale\" content=\"en_US\" \/>\n<meta property=\"og:type\" content=\"article\" \/>\n<meta property=\"og:title\" content=\"Direction Nantes pour le temps fort de la Rentr\u00e9e Grands Formats 2024 ! - Site officiel de la f\u00e9d\u00e9ration Grands Formats\" \/>\n<meta property=\"og:description\" content=\"Les Grands Formats n&#039;ont pas dit leur dernier mot ! La 18\u00e8me \u00e9dition de la Rentr\u00e9e Grands Formats 2024 s&#039;ach\u00e8vera sur un temps fort...\" \/>\n<meta property=\"og:url\" content=\"https:\/\/www.grandsformats.com\/2024\/10\/direction-nantes-pour-le-temps-fort-de-la-rentree-grands-formats-2024\/\" \/>\n<meta property=\"og:site_name\" content=\"Site officiel de la f\u00e9d\u00e9ration Grands Formats\" \/>\n<meta property=\"article:publisher\" content=\"https:\/\/www.facebook.com\/grandsformats\/\" \/>\n<meta property=\"article:published_time\" content=\"2024-10-11T13:46:09+00:00\" \/>\n<meta property=\"article:modified_time\" content=\"2024-11-08T11:23:22+00:00\" \/>\n<meta property=\"og:image\" content=\"https:\/\/www.grandsformats.com\/wp-content\/uploads\/2024\/10\/banner_tempsfort.jpg\" \/>\n\t<meta property=\"og:image:width\" content=\"1920\" \/>\n\t<meta property=\"og:image:height\" content=\"1080\" \/>\n\t<meta property=\"og:image:type\" content=\"image\/jpeg\" \/>\n<meta name=\"author\" content=\"Laura Hanequand - Grands Formats\" \/>\n<meta name=\"twitter:card\" content=\"summary_large_image\" \/>\n<meta name=\"twitter:creator\" content=\"@GrandsFormatsGF\" \/>\n<meta name=\"twitter:site\" content=\"@GrandsFormatsGF\" \/>\n<meta name=\"twitter:label1\" content=\"Written by\" \/>\n\t<meta name=\"twitter:data1\" content=\"Laura Hanequand - Grands Formats\" \/>\n\t<meta name=\"twitter:label2\" content=\"Est. reading time\" \/>\n\t<meta name=\"twitter:data2\" content=\"9 minutes\" \/>\n<script type=\"application\/ld+json\" class=\"yoast-schema-graph\">{\"@context\":\"https:\/\/schema.org\",\"@graph\":[{\"@type\":\"Article\",\"@id\":\"https:\/\/www.grandsformats.com\/2024\/10\/direction-nantes-pour-le-temps-fort-de-la-rentree-grands-formats-2024\/#article\",\"isPartOf\":{\"@id\":\"https:\/\/www.grandsformats.com\/2024\/10\/direction-nantes-pour-le-temps-fort-de-la-rentree-grands-formats-2024\/\"},\"author\":{\"name\":\"Laura Hanequand - Grands Formats\",\"@id\":\"https:\/\/www.grandsformats.com\/#\/schema\/person\/56c2866069b6967b2c7becd25c9b4dbb\"},\"headline\":\"Direction Nantes pour le temps fort de la Rentr\u00e9e Grands Formats 2024 !\",\"datePublished\":\"2024-10-11T13:46:09+00:00\",\"dateModified\":\"2024-11-08T11:23:22+00:00\",\"mainEntityOfPage\":{\"@id\":\"https:\/\/www.grandsformats.com\/2024\/10\/direction-nantes-pour-le-temps-fort-de-la-rentree-grands-formats-2024\/\"},\"wordCount\":1799,\"commentCount\":0,\"publisher\":{\"@id\":\"https:\/\/www.grandsformats.com\/#organization\"},\"image\":{\"@id\":\"https:\/\/www.grandsformats.com\/2024\/10\/direction-nantes-pour-le-temps-fort-de-la-rentree-grands-formats-2024\/#primaryimage\"},\"thumbnailUrl\":\"https:\/\/www.grandsformats.com\/wp-content\/uploads\/2024\/10\/banner_tempsfort.jpg\",\"articleSection\":[\"Actus de la f\u00e9d\u00e9\",\"Moger Orchestra\",\"Orchestre Tout Puissant Marcel Duchamp\",\"P\u00e9gazz &amp; l'H\u00e9licon\",\"Rentr\u00e9e Grands Formats 2024\"],\"inLanguage\":\"en-US\",\"potentialAction\":[{\"@type\":\"CommentAction\",\"name\":\"Comment\",\"target\":[\"https:\/\/www.grandsformats.com\/2024\/10\/direction-nantes-pour-le-temps-fort-de-la-rentree-grands-formats-2024\/#respond\"]}]},{\"@type\":\"WebPage\",\"@id\":\"https:\/\/www.grandsformats.com\/2024\/10\/direction-nantes-pour-le-temps-fort-de-la-rentree-grands-formats-2024\/\",\"url\":\"https:\/\/www.grandsformats.com\/2024\/10\/direction-nantes-pour-le-temps-fort-de-la-rentree-grands-formats-2024\/\",\"name\":\"Direction Nantes pour le temps fort de la Rentr\u00e9e Grands Formats 2024 ! - Site officiel de la f\u00e9d\u00e9ration Grands Formats\",\"isPartOf\":{\"@id\":\"https:\/\/www.grandsformats.com\/#website\"},\"primaryImageOfPage\":{\"@id\":\"https:\/\/www.grandsformats.com\/2024\/10\/direction-nantes-pour-le-temps-fort-de-la-rentree-grands-formats-2024\/#primaryimage\"},\"image\":{\"@id\":\"https:\/\/www.grandsformats.com\/2024\/10\/direction-nantes-pour-le-temps-fort-de-la-rentree-grands-formats-2024\/#primaryimage\"},\"thumbnailUrl\":\"https:\/\/www.grandsformats.com\/wp-content\/uploads\/2024\/10\/banner_tempsfort.jpg\",\"datePublished\":\"2024-10-11T13:46:09+00:00\",\"dateModified\":\"2024-11-08T11:23:22+00:00\",\"description\":\"Les Grands Formats n'ont pas dit leur dernier mot ! La 18\u00e8me \u00e9dition de la Rentr\u00e9e Grands Formats 2024 s'ach\u00e8vera sur un temps fort...\",\"breadcrumb\":{\"@id\":\"https:\/\/www.grandsformats.com\/2024\/10\/direction-nantes-pour-le-temps-fort-de-la-rentree-grands-formats-2024\/#breadcrumb\"},\"inLanguage\":\"en-US\",\"potentialAction\":[{\"@type\":\"ReadAction\",\"target\":[\"https:\/\/www.grandsformats.com\/2024\/10\/direction-nantes-pour-le-temps-fort-de-la-rentree-grands-formats-2024\/\"]}]},{\"@type\":\"ImageObject\",\"inLanguage\":\"en-US\",\"@id\":\"https:\/\/www.grandsformats.com\/2024\/10\/direction-nantes-pour-le-temps-fort-de-la-rentree-grands-formats-2024\/#primaryimage\",\"url\":\"https:\/\/www.grandsformats.com\/wp-content\/uploads\/2024\/10\/banner_tempsfort.jpg\",\"contentUrl\":\"https:\/\/www.grandsformats.com\/wp-content\/uploads\/2024\/10\/banner_tempsfort.jpg\",\"width\":1920,\"height\":1080,\"caption\":\"Rentr\u00e9e temps fort banner\"},{\"@type\":\"BreadcrumbList\",\"@id\":\"https:\/\/www.grandsformats.com\/2024\/10\/direction-nantes-pour-le-temps-fort-de-la-rentree-grands-formats-2024\/#breadcrumb\",\"itemListElement\":[{\"@type\":\"ListItem\",\"position\":1,\"name\":\"Accueil\",\"item\":\"https:\/\/www.grandsformats.com\/en\/\"},{\"@type\":\"ListItem\",\"position\":2,\"name\":\"Direction Nantes pour le temps fort de la Rentr\u00e9e Grands Formats 2024 !\"}]},{\"@type\":\"WebSite\",\"@id\":\"https:\/\/www.grandsformats.com\/#website\",\"url\":\"https:\/\/www.grandsformats.com\/\",\"name\":\"Site officiel de la f\u00e9d\u00e9ration Grands Formats\",\"description\":\"F\u00e9d\u00e9ration d&#039;artistes pour la musique en grand !\",\"publisher\":{\"@id\":\"https:\/\/www.grandsformats.com\/#organization\"},\"potentialAction\":[{\"@type\":\"SearchAction\",\"target\":{\"@type\":\"EntryPoint\",\"urlTemplate\":\"https:\/\/www.grandsformats.com\/?s={search_term_string}\"},\"query-input\":{\"@type\":\"PropertyValueSpecification\",\"valueRequired\":true,\"valueName\":\"search_term_string\"}}],\"inLanguage\":\"en-US\"},{\"@type\":\"Organization\",\"@id\":\"https:\/\/www.grandsformats.com\/#organization\",\"name\":\"Grands Formats\",\"url\":\"https:\/\/www.grandsformats.com\/\",\"logo\":{\"@type\":\"ImageObject\",\"inLanguage\":\"en-US\",\"@id\":\"https:\/\/www.grandsformats.com\/#\/schema\/logo\/image\/\",\"url\":\"https:\/\/www.grandsformats.com\/wp-content\/uploads\/2020\/03\/logo-GF-200.png\",\"contentUrl\":\"https:\/\/www.grandsformats.com\/wp-content\/uploads\/2020\/03\/logo-GF-200.png\",\"width\":155,\"height\":200,\"caption\":\"Grands Formats\"},\"image\":{\"@id\":\"https:\/\/www.grandsformats.com\/#\/schema\/logo\/image\/\"},\"sameAs\":[\"https:\/\/www.facebook.com\/grandsformats\/\",\"https:\/\/x.com\/GrandsFormatsGF\",\"https:\/\/www.instagram.com\/grandsformats\/\",\"https:\/\/www.youtube.com\/channel\/UCJ7k9dbqc_DG-nxI3WMPvhw?view_as=subscriberhttps:\/\/www.youtube.com\/channel\/UCJ7k9dbqc_DG-nxI3WMPvhw?view_as=subscriber\"]},{\"@type\":\"Person\",\"@id\":\"https:\/\/www.grandsformats.com\/#\/schema\/person\/56c2866069b6967b2c7becd25c9b4dbb\",\"name\":\"Laura Hanequand - Grands Formats\",\"image\":{\"@type\":\"ImageObject\",\"inLanguage\":\"en-US\",\"@id\":\"https:\/\/www.grandsformats.com\/#\/schema\/person\/image\/\",\"url\":\"https:\/\/secure.gravatar.com\/avatar\/6d52edecb86835c2b7e81a2cdb8965ae325b4045b44f9043177428c622c06643?s=96&d=mm&r=g\",\"contentUrl\":\"https:\/\/secure.gravatar.com\/avatar\/6d52edecb86835c2b7e81a2cdb8965ae325b4045b44f9043177428c622c06643?s=96&d=mm&r=g\",\"caption\":\"Laura Hanequand - Grands Formats\"},\"url\":\"https:\/\/www.grandsformats.com\/en\/author\/lauragrandsformats-com\/\"}]}<\/script>\n<!-- \/ Yoast SEO plugin. -->","yoast_head_json":{"title":"Direction Nantes pour le temps fort de la Rentr\u00e9e Grands Formats 2024 ! - Site officiel de la f\u00e9d\u00e9ration Grands Formats","description":"Les Grands Formats n'ont pas dit leur dernier mot ! La 18\u00e8me \u00e9dition de la Rentr\u00e9e Grands Formats 2024 s'ach\u00e8vera sur un temps fort...","robots":{"index":"index","follow":"follow","max-snippet":"max-snippet:-1","max-image-preview":"max-image-preview:large","max-video-preview":"max-video-preview:-1"},"canonical":"https:\/\/www.grandsformats.com\/2024\/10\/direction-nantes-pour-le-temps-fort-de-la-rentree-grands-formats-2024\/","og_locale":"en_US","og_type":"article","og_title":"Direction Nantes pour le temps fort de la Rentr\u00e9e Grands Formats 2024 ! - Site officiel de la f\u00e9d\u00e9ration Grands Formats","og_description":"Les Grands Formats n'ont pas dit leur dernier mot ! La 18\u00e8me \u00e9dition de la Rentr\u00e9e Grands Formats 2024 s'ach\u00e8vera sur un temps fort...","og_url":"https:\/\/www.grandsformats.com\/2024\/10\/direction-nantes-pour-le-temps-fort-de-la-rentree-grands-formats-2024\/","og_site_name":"Site officiel de la f\u00e9d\u00e9ration Grands Formats","article_publisher":"https:\/\/www.facebook.com\/grandsformats\/","article_published_time":"2024-10-11T13:46:09+00:00","article_modified_time":"2024-11-08T11:23:22+00:00","og_image":[{"width":1920,"height":1080,"url":"https:\/\/www.grandsformats.com\/wp-content\/uploads\/2024\/10\/banner_tempsfort.jpg","type":"image\/jpeg"}],"author":"Laura Hanequand - Grands Formats","twitter_card":"summary_large_image","twitter_creator":"@GrandsFormatsGF","twitter_site":"@GrandsFormatsGF","twitter_misc":{"Written by":"Laura Hanequand - Grands Formats","Est. reading time":"9 minutes"},"schema":{"@context":"https:\/\/schema.org","@graph":[{"@type":"Article","@id":"https:\/\/www.grandsformats.com\/2024\/10\/direction-nantes-pour-le-temps-fort-de-la-rentree-grands-formats-2024\/#article","isPartOf":{"@id":"https:\/\/www.grandsformats.com\/2024\/10\/direction-nantes-pour-le-temps-fort-de-la-rentree-grands-formats-2024\/"},"author":{"name":"Laura Hanequand - Grands Formats","@id":"https:\/\/www.grandsformats.com\/#\/schema\/person\/56c2866069b6967b2c7becd25c9b4dbb"},"headline":"Direction Nantes pour le temps fort de la Rentr\u00e9e Grands Formats 2024 !","datePublished":"2024-10-11T13:46:09+00:00","dateModified":"2024-11-08T11:23:22+00:00","mainEntityOfPage":{"@id":"https:\/\/www.grandsformats.com\/2024\/10\/direction-nantes-pour-le-temps-fort-de-la-rentree-grands-formats-2024\/"},"wordCount":1799,"commentCount":0,"publisher":{"@id":"https:\/\/www.grandsformats.com\/#organization"},"image":{"@id":"https:\/\/www.grandsformats.com\/2024\/10\/direction-nantes-pour-le-temps-fort-de-la-rentree-grands-formats-2024\/#primaryimage"},"thumbnailUrl":"https:\/\/www.grandsformats.com\/wp-content\/uploads\/2024\/10\/banner_tempsfort.jpg","articleSection":["Actus de la f\u00e9d\u00e9","Moger Orchestra","Orchestre Tout Puissant Marcel Duchamp","P\u00e9gazz &amp; l'H\u00e9licon","Rentr\u00e9e Grands Formats 2024"],"inLanguage":"en-US","potentialAction":[{"@type":"CommentAction","name":"Comment","target":["https:\/\/www.grandsformats.com\/2024\/10\/direction-nantes-pour-le-temps-fort-de-la-rentree-grands-formats-2024\/#respond"]}]},{"@type":"WebPage","@id":"https:\/\/www.grandsformats.com\/2024\/10\/direction-nantes-pour-le-temps-fort-de-la-rentree-grands-formats-2024\/","url":"https:\/\/www.grandsformats.com\/2024\/10\/direction-nantes-pour-le-temps-fort-de-la-rentree-grands-formats-2024\/","name":"Direction Nantes pour le temps fort de la Rentr\u00e9e Grands Formats 2024 ! - Site officiel de la f\u00e9d\u00e9ration Grands Formats","isPartOf":{"@id":"https:\/\/www.grandsformats.com\/#website"},"primaryImageOfPage":{"@id":"https:\/\/www.grandsformats.com\/2024\/10\/direction-nantes-pour-le-temps-fort-de-la-rentree-grands-formats-2024\/#primaryimage"},"image":{"@id":"https:\/\/www.grandsformats.com\/2024\/10\/direction-nantes-pour-le-temps-fort-de-la-rentree-grands-formats-2024\/#primaryimage"},"thumbnailUrl":"https:\/\/www.grandsformats.com\/wp-content\/uploads\/2024\/10\/banner_tempsfort.jpg","datePublished":"2024-10-11T13:46:09+00:00","dateModified":"2024-11-08T11:23:22+00:00","description":"Les Grands Formats n'ont pas dit leur dernier mot ! La 18\u00e8me \u00e9dition de la Rentr\u00e9e Grands Formats 2024 s'ach\u00e8vera sur un temps fort...","breadcrumb":{"@id":"https:\/\/www.grandsformats.com\/2024\/10\/direction-nantes-pour-le-temps-fort-de-la-rentree-grands-formats-2024\/#breadcrumb"},"inLanguage":"en-US","potentialAction":[{"@type":"ReadAction","target":["https:\/\/www.grandsformats.com\/2024\/10\/direction-nantes-pour-le-temps-fort-de-la-rentree-grands-formats-2024\/"]}]},{"@type":"ImageObject","inLanguage":"en-US","@id":"https:\/\/www.grandsformats.com\/2024\/10\/direction-nantes-pour-le-temps-fort-de-la-rentree-grands-formats-2024\/#primaryimage","url":"https:\/\/www.grandsformats.com\/wp-content\/uploads\/2024\/10\/banner_tempsfort.jpg","contentUrl":"https:\/\/www.grandsformats.com\/wp-content\/uploads\/2024\/10\/banner_tempsfort.jpg","width":1920,"height":1080,"caption":"Rentr\u00e9e temps fort banner"},{"@type":"BreadcrumbList","@id":"https:\/\/www.grandsformats.com\/2024\/10\/direction-nantes-pour-le-temps-fort-de-la-rentree-grands-formats-2024\/#breadcrumb","itemListElement":[{"@type":"ListItem","position":1,"name":"Accueil","item":"https:\/\/www.grandsformats.com\/en\/"},{"@type":"ListItem","position":2,"name":"Direction Nantes pour le temps fort de la Rentr\u00e9e Grands Formats 2024 !"}]},{"@type":"WebSite","@id":"https:\/\/www.grandsformats.com\/#website","url":"https:\/\/www.grandsformats.com\/","name":"Site officiel de la f\u00e9d\u00e9ration Grands Formats","description":"F\u00e9d\u00e9ration d&#039;artistes pour la musique en grand !","publisher":{"@id":"https:\/\/www.grandsformats.com\/#organization"},"potentialAction":[{"@type":"SearchAction","target":{"@type":"EntryPoint","urlTemplate":"https:\/\/www.grandsformats.com\/?s={search_term_string}"},"query-input":{"@type":"PropertyValueSpecification","valueRequired":true,"valueName":"search_term_string"}}],"inLanguage":"en-US"},{"@type":"Organization","@id":"https:\/\/www.grandsformats.com\/#organization","name":"Grands Formats","url":"https:\/\/www.grandsformats.com\/","logo":{"@type":"ImageObject","inLanguage":"en-US","@id":"https:\/\/www.grandsformats.com\/#\/schema\/logo\/image\/","url":"https:\/\/www.grandsformats.com\/wp-content\/uploads\/2020\/03\/logo-GF-200.png","contentUrl":"https:\/\/www.grandsformats.com\/wp-content\/uploads\/2020\/03\/logo-GF-200.png","width":155,"height":200,"caption":"Grands Formats"},"image":{"@id":"https:\/\/www.grandsformats.com\/#\/schema\/logo\/image\/"},"sameAs":["https:\/\/www.facebook.com\/grandsformats\/","https:\/\/x.com\/GrandsFormatsGF","https:\/\/www.instagram.com\/grandsformats\/","https:\/\/www.youtube.com\/channel\/UCJ7k9dbqc_DG-nxI3WMPvhw?view_as=subscriberhttps:\/\/www.youtube.com\/channel\/UCJ7k9dbqc_DG-nxI3WMPvhw?view_as=subscriber"]},{"@type":"Person","@id":"https:\/\/www.grandsformats.com\/#\/schema\/person\/56c2866069b6967b2c7becd25c9b4dbb","name":"Laura Hanequand - Grands Formats","image":{"@type":"ImageObject","inLanguage":"en-US","@id":"https:\/\/www.grandsformats.com\/#\/schema\/person\/image\/","url":"https:\/\/secure.gravatar.com\/avatar\/6d52edecb86835c2b7e81a2cdb8965ae325b4045b44f9043177428c622c06643?s=96&d=mm&r=g","contentUrl":"https:\/\/secure.gravatar.com\/avatar\/6d52edecb86835c2b7e81a2cdb8965ae325b4045b44f9043177428c622c06643?s=96&d=mm&r=g","caption":"Laura Hanequand - Grands Formats"},"url":"https:\/\/www.grandsformats.com\/en\/author\/lauragrandsformats-com\/"}]}},"_links":{"self":[{"href":"https:\/\/www.grandsformats.com\/en\/wp-json\/wp\/v2\/posts\/30990","targetHints":{"allow":["GET"]}}],"collection":[{"href":"https:\/\/www.grandsformats.com\/en\/wp-json\/wp\/v2\/posts"}],"about":[{"href":"https:\/\/www.grandsformats.com\/en\/wp-json\/wp\/v2\/types\/post"}],"author":[{"embeddable":true,"href":"https:\/\/www.grandsformats.com\/en\/wp-json\/wp\/v2\/users\/161"}],"replies":[{"embeddable":true,"href":"https:\/\/www.grandsformats.com\/en\/wp-json\/wp\/v2\/comments?post=30990"}],"version-history":[{"count":17,"href":"https:\/\/www.grandsformats.com\/en\/wp-json\/wp\/v2\/posts\/30990\/revisions"}],"predecessor-version":[{"id":31203,"href":"https:\/\/www.grandsformats.com\/en\/wp-json\/wp\/v2\/posts\/30990\/revisions\/31203"}],"wp:featuredmedia":[{"embeddable":true,"href":"https:\/\/www.grandsformats.com\/en\/wp-json\/wp\/v2\/media\/31003"}],"wp:attachment":[{"href":"https:\/\/www.grandsformats.com\/en\/wp-json\/wp\/v2\/media?parent=30990"}],"wp:term":[{"taxonomy":"category","embeddable":true,"href":"https:\/\/www.grandsformats.com\/en\/wp-json\/wp\/v2\/categories?post=30990"},{"taxonomy":"post_tag","embeddable":true,"href":"https:\/\/www.grandsformats.com\/en\/wp-json\/wp\/v2\/tags?post=30990"}],"curies":[{"name":"wp","href":"https:\/\/api.w.org\/{rel}","templated":true}]}}