{"id":30827,"date":"2024-09-25T10:32:38","date_gmt":"2024-09-25T08:32:38","guid":{"rendered":"https:\/\/www.grandsformats.com\/?p=30827"},"modified":"2024-12-18T11:52:53","modified_gmt":"2024-12-18T10:52:53","slug":"big-band-theory-episode-2-enseigner-et-transmettre-le-jazz-en-grand","status":"publish","type":"post","link":"https:\/\/www.grandsformats.com\/en\/2024\/09\/big-band-theory-episode-2-enseigner-et-transmettre-le-jazz-en-grand\/","title":{"rendered":"Big Band Theory &#8211; \u00c9pisode 2 : Enseigner et transmettre le jazz en grand"},"content":{"rendered":"<div class=\"wpb-content-wrapper\"><p>[vc_row][vc_column][vc_column_text]<\/p>\n<p class=\"text-build-content\" style=\"text-align: left;\">Pour ce deuxi\u00e8me \u00e9pisode, nous nous sommes int\u00e9ress\u00e9s \u00e0 l&#8217;apprentissage du jazz en grand ensemble, au sein des \u00e9coles et conservatoires d&#8217;une part, mais aussi en dehors, via les rencontres professionnelles et autres dispositifs destin\u00e9s \u00e0 faire \u00e9merger les Grands Formats de demain !<\/p>\n<p>Parmi les cursus jazz (encore peu r\u00e9pandus) dans les conservatoires et \u00e9coles de musique, quelle est la place laiss\u00e9e \u00e0 la pratique en grand ensemble ?<br \/>\nComment faire perdurer la tradition de la grande formation et conserver son attractivit\u00e9 aupr\u00e8s des jeunes ?[\/vc_column_text][vc_column_text]<\/p>\n<h4 style=\"text-align: center;\"><strong>POUR EN PARLER&#8230;<\/strong><\/h4>\n<p>[\/vc_column_text][vc_row_inner][vc_column_inner width=&#8221;1\/2&#8243;][vc_single_image image=&#8221;30830&#8243; img_size=&#8221;600&#215;600&#8243; full_width=&#8221;1&#8243; opacity=&#8221;100&#8243; animated_svg=&#8221;1&#8243;][vc_column_text]St\u00e9phane Payen est saxophoniste, compositeur et directeur artistique, notamment au sein de <strong><a href=\"http:\/\/www.stephanepayen.com\/?page_id=34\">Th\u00f4t<\/a><\/strong> ou encore <strong><a href=\"https:\/\/www.grandsformats.com\/artist\/the-workshop\/\">The Workshop<\/a><\/strong>. P\u00e9dagogue, il enseigne depuis 2010 au CRD de Montreuil et occupe le poste de Chef du D\u00e9partement Jazz et Musiques improvis\u00e9es du CNSM de Paris.<\/p>\n<p><span style=\"font-size: 10pt;\">\u00a9 Laurent Poiget<\/span>[\/vc_column_text][\/vc_column_inner][vc_column_inner width=&#8221;1\/2&#8243;][vc_single_image image=&#8221;30832&#8243; img_size=&#8221;600&#215;600&#8243; full_width=&#8221;1&#8243; opacity=&#8221;100&#8243;][vc_column_text]Margot Rivaille est pianiste et compositrice. Elle est leader du quartet <strong>Magic Super<\/strong>, cr\u00e9e et dirige depuis 2017 son grand ensemble <a href=\"https:\/\/fragrancefr.bandcamp.com\/\"><strong>Fragrance<\/strong><\/a> et enseigne le piano \u00e0 l\u2019\u00e9cole <strong><a href=\"https:\/\/www.jazzatours.com\/\">Jazz \u00e0 Tours<\/a><\/strong>.<\/p>\n<p><span style=\"font-size: 10pt;\">\u00a9 R\u00e9mi Angeli<\/span>[\/vc_column_text][\/vc_column_inner][\/vc_row_inner][\/vc_column][\/vc_row][vc_row][vc_column][vc_raw_html]JTNDaWZyYW1lJTIwc3JjJTNEJTIyaHR0cHMlM0ElMkYlMkZlbWJlZC5hY2FzdC5jb20lMkY2NjdjMWU1ZTBkMDcwOGMwOTZjZTE1N2MlMkY2NmYzYzEzYmQ5Zjc4OTg5ZjJiMDk0YzklMjIlMjBmcmFtZUJvcmRlciUzRCUyMjAlMjIlMjB3aWR0aCUzRCUyMjEwMCUyNSUyMiUyMGhlaWdodCUzRCUyMjExMHB4JTIyJTNFJTNDJTJGaWZyYW1lJTNF[\/vc_raw_html][vc_column_text]<\/p>\n<p style=\"text-align: center;\">Le podcast est \u00e9galement disponible sur <a href=\"https:\/\/open.spotify.com\/show\/2CO39VJoPQXLuIVOPqSyTd\">Spotify<\/a>, <a href=\"https:\/\/www.youtube.com\/watch?v=cBgm23mkfx4\">Youtube<\/a>, <a href=\"https:\/\/www.deezer.com\/fr\/show\/1001043922\">Deezer<\/a> et <a href=\"https:\/\/podcasts.apple.com\/us\/podcast\/big-band-theory\/id1754360866\">Apple Podcast<\/a>.<\/p>\n<p>[\/vc_column_text][vc_button title=&#8221;Tous les \u00e9pisodes de Big Band Theory&#8221; color=&#8221;custom&#8221; font_weight=&#8221;400&#8243; link=&#8221;url:https%3A%2F%2Fwww.grandsformats.com%2Fpodcast%2F|title:Big%20Band%20Theory%20Podcast|target:_blank&#8221; custom_color=&#8221;#ff4601&#8243;][vc_column_text]<strong>\u00ab Big Band Theory \u00bb est une nouvelle s\u00e9rie audio consacr\u00e9e \u00e0 la grande formation de jazz et de musiques improvis\u00e9es r\u00e9alis\u00e9e par Grands Formats, en partenariat avec La Lettre du Musicien et To\u00ef To\u00ef Production !<\/strong>[\/vc_column_text][\/vc_column][\/vc_row]<\/p>\n<\/div>","protected":false},"excerpt":{"rendered":"<p>[vc_row][vc_column][vc_column_text] Pour ce deuxi\u00e8me \u00e9pisode, nous nous sommes int\u00e9ress\u00e9s \u00e0 l&#8217;apprentissage du jazz en grand ensemble, au sein des \u00e9coles et conservatoires d&#8217;une part, mais aussi en dehors, via les rencontres professionnelles et autres dispositifs destin\u00e9s \u00e0 faire \u00e9merger les Grands Formats de demain ! Parmi les cursus jazz (encore peu r\u00e9pandus) dans les conservatoires&#8230;<\/p>\n<p><a rel=\"bookmark\" class=\"theme-button-text wvc-button wvc-button-size-xs\" href=\"https:\/\/www.grandsformats.com\/en\/2024\/09\/big-band-theory-episode-2-enseigner-et-transmettre-le-jazz-en-grand\/\"><small class=\"wvc-button-background-fill\"><\/small><span>Continue reading<\/span><\/a><\/p>\n","protected":false},"author":161,"featured_media":30828,"comment_status":"open","ping_status":"open","sticky":false,"template":"","format":"standard","meta":{"_acf_changed":false,"footnotes":""},"categories":[1318,94,991],"tags":[],"class_list":["post-30827","post","type-post","status-publish","format-standard","has-post-thumbnail","hentry","category-podcast","category-ressources","category-the-workshop","entry-post-skin-light","entry","clearfix","entry-grid","entry-columns-default","entry-post-module-layout-sidebar-right","thumbnail-color-tone-dark","metro-landscape","is-youtube","entry-post","entry-masonry","entry-post-masonry"],"acf":[],"yoast_head":"<!-- This site is optimized with the Yoast SEO plugin v25.8 - https:\/\/yoast.com\/wordpress\/plugins\/seo\/ -->\n<title>Big Band Theory - \u00c9pisode 2 : Enseigner et transmettre le jazz en grand - Site officiel de la f\u00e9d\u00e9ration Grands Formats<\/title>\n<meta name=\"description\" content=\"Grands Formats d\u00e9voile \u00ab Big Band Theory \u00bb, un nouveau podcast consacr\u00e9 \u00e0 la grande formation de jazz et de musiques improvis\u00e9es !\" \/>\n<meta name=\"robots\" content=\"index, follow, max-snippet:-1, max-image-preview:large, max-video-preview:-1\" \/>\n<link rel=\"canonical\" href=\"https:\/\/www.grandsformats.com\/2024\/09\/big-band-theory-episode-2-enseigner-et-transmettre-le-jazz-en-grand\/\" \/>\n<meta property=\"og:locale\" content=\"en_US\" \/>\n<meta property=\"og:type\" content=\"article\" \/>\n<meta property=\"og:title\" content=\"Big Band Theory - \u00c9pisode 2 : Enseigner et transmettre le jazz en grand - Site officiel de la f\u00e9d\u00e9ration Grands Formats\" \/>\n<meta property=\"og:description\" content=\"Grands Formats d\u00e9voile \u00ab Big Band Theory \u00bb, un nouveau podcast consacr\u00e9 \u00e0 la grande formation de jazz et de musiques improvis\u00e9es !\" \/>\n<meta property=\"og:url\" content=\"https:\/\/www.grandsformats.com\/2024\/09\/big-band-theory-episode-2-enseigner-et-transmettre-le-jazz-en-grand\/\" \/>\n<meta property=\"og:site_name\" content=\"Site officiel de la f\u00e9d\u00e9ration Grands Formats\" \/>\n<meta property=\"article:publisher\" content=\"https:\/\/www.facebook.com\/grandsformats\/\" \/>\n<meta property=\"article:published_time\" content=\"2024-09-25T08:32:38+00:00\" \/>\n<meta property=\"article:modified_time\" content=\"2024-12-18T10:52:53+00:00\" \/>\n<meta property=\"og:image\" content=\"https:\/\/www.grandsformats.com\/wp-content\/uploads\/2024\/09\/banner_EP2.jpg\" \/>\n\t<meta property=\"og:image:width\" content=\"1920\" \/>\n\t<meta property=\"og:image:height\" content=\"1080\" \/>\n\t<meta property=\"og:image:type\" content=\"image\/jpeg\" \/>\n<meta name=\"author\" content=\"Laura Hanequand - Grands Formats\" \/>\n<meta name=\"twitter:card\" content=\"summary_large_image\" \/>\n<meta name=\"twitter:creator\" content=\"@GrandsFormatsGF\" \/>\n<meta name=\"twitter:site\" content=\"@GrandsFormatsGF\" \/>\n<meta name=\"twitter:label1\" content=\"Written by\" \/>\n\t<meta name=\"twitter:data1\" content=\"Laura Hanequand - Grands Formats\" \/>\n\t<meta name=\"twitter:label2\" content=\"Est. reading time\" \/>\n\t<meta name=\"twitter:data2\" content=\"2 minutes\" \/>\n<script type=\"application\/ld+json\" class=\"yoast-schema-graph\">{\"@context\":\"https:\/\/schema.org\",\"@graph\":[{\"@type\":\"Article\",\"@id\":\"https:\/\/www.grandsformats.com\/2024\/09\/big-band-theory-episode-2-enseigner-et-transmettre-le-jazz-en-grand\/#article\",\"isPartOf\":{\"@id\":\"https:\/\/www.grandsformats.com\/2024\/09\/big-band-theory-episode-2-enseigner-et-transmettre-le-jazz-en-grand\/\"},\"author\":{\"name\":\"Laura Hanequand - Grands Formats\",\"@id\":\"https:\/\/www.grandsformats.com\/#\/schema\/person\/56c2866069b6967b2c7becd25c9b4dbb\"},\"headline\":\"Big Band Theory &#8211; \u00c9pisode 2 : Enseigner et transmettre le jazz en grand\",\"datePublished\":\"2024-09-25T08:32:38+00:00\",\"dateModified\":\"2024-12-18T10:52:53+00:00\",\"mainEntityOfPage\":{\"@id\":\"https:\/\/www.grandsformats.com\/2024\/09\/big-band-theory-episode-2-enseigner-et-transmettre-le-jazz-en-grand\/\"},\"wordCount\":392,\"commentCount\":0,\"publisher\":{\"@id\":\"https:\/\/www.grandsformats.com\/#organization\"},\"image\":{\"@id\":\"https:\/\/www.grandsformats.com\/2024\/09\/big-band-theory-episode-2-enseigner-et-transmettre-le-jazz-en-grand\/#primaryimage\"},\"thumbnailUrl\":\"https:\/\/www.grandsformats.com\/wp-content\/uploads\/2024\/09\/banner_EP2.jpg\",\"articleSection\":[\"Podcast\",\"Ressources\",\"The Workshop\"],\"inLanguage\":\"en-US\",\"potentialAction\":[{\"@type\":\"CommentAction\",\"name\":\"Comment\",\"target\":[\"https:\/\/www.grandsformats.com\/2024\/09\/big-band-theory-episode-2-enseigner-et-transmettre-le-jazz-en-grand\/#respond\"]}]},{\"@type\":\"WebPage\",\"@id\":\"https:\/\/www.grandsformats.com\/2024\/09\/big-band-theory-episode-2-enseigner-et-transmettre-le-jazz-en-grand\/\",\"url\":\"https:\/\/www.grandsformats.com\/2024\/09\/big-band-theory-episode-2-enseigner-et-transmettre-le-jazz-en-grand\/\",\"name\":\"Big Band Theory - \u00c9pisode 2 : Enseigner et transmettre le jazz en grand - Site officiel de la f\u00e9d\u00e9ration Grands Formats\",\"isPartOf\":{\"@id\":\"https:\/\/www.grandsformats.com\/#website\"},\"primaryImageOfPage\":{\"@id\":\"https:\/\/www.grandsformats.com\/2024\/09\/big-band-theory-episode-2-enseigner-et-transmettre-le-jazz-en-grand\/#primaryimage\"},\"image\":{\"@id\":\"https:\/\/www.grandsformats.com\/2024\/09\/big-band-theory-episode-2-enseigner-et-transmettre-le-jazz-en-grand\/#primaryimage\"},\"thumbnailUrl\":\"https:\/\/www.grandsformats.com\/wp-content\/uploads\/2024\/09\/banner_EP2.jpg\",\"datePublished\":\"2024-09-25T08:32:38+00:00\",\"dateModified\":\"2024-12-18T10:52:53+00:00\",\"description\":\"Grands Formats d\u00e9voile \u00ab Big Band Theory \u00bb, un nouveau podcast consacr\u00e9 \u00e0 la grande formation de jazz et de musiques improvis\u00e9es !\",\"breadcrumb\":{\"@id\":\"https:\/\/www.grandsformats.com\/2024\/09\/big-band-theory-episode-2-enseigner-et-transmettre-le-jazz-en-grand\/#breadcrumb\"},\"inLanguage\":\"en-US\",\"potentialAction\":[{\"@type\":\"ReadAction\",\"target\":[\"https:\/\/www.grandsformats.com\/2024\/09\/big-band-theory-episode-2-enseigner-et-transmettre-le-jazz-en-grand\/\"]}]},{\"@type\":\"ImageObject\",\"inLanguage\":\"en-US\",\"@id\":\"https:\/\/www.grandsformats.com\/2024\/09\/big-band-theory-episode-2-enseigner-et-transmettre-le-jazz-en-grand\/#primaryimage\",\"url\":\"https:\/\/www.grandsformats.com\/wp-content\/uploads\/2024\/09\/banner_EP2.jpg\",\"contentUrl\":\"https:\/\/www.grandsformats.com\/wp-content\/uploads\/2024\/09\/banner_EP2.jpg\",\"width\":1920,\"height\":1080,\"caption\":\"BIG BAND THEORY episode 2\"},{\"@type\":\"BreadcrumbList\",\"@id\":\"https:\/\/www.grandsformats.com\/2024\/09\/big-band-theory-episode-2-enseigner-et-transmettre-le-jazz-en-grand\/#breadcrumb\",\"itemListElement\":[{\"@type\":\"ListItem\",\"position\":1,\"name\":\"Accueil\",\"item\":\"https:\/\/www.grandsformats.com\/en\/\"},{\"@type\":\"ListItem\",\"position\":2,\"name\":\"Big Band Theory &#8211; \u00c9pisode 2 : Enseigner et transmettre le jazz en grand\"}]},{\"@type\":\"WebSite\",\"@id\":\"https:\/\/www.grandsformats.com\/#website\",\"url\":\"https:\/\/www.grandsformats.com\/\",\"name\":\"Site officiel de la f\u00e9d\u00e9ration Grands Formats\",\"description\":\"F\u00e9d\u00e9ration d&#039;artistes pour la musique en grand !\",\"publisher\":{\"@id\":\"https:\/\/www.grandsformats.com\/#organization\"},\"potentialAction\":[{\"@type\":\"SearchAction\",\"target\":{\"@type\":\"EntryPoint\",\"urlTemplate\":\"https:\/\/www.grandsformats.com\/?s={search_term_string}\"},\"query-input\":{\"@type\":\"PropertyValueSpecification\",\"valueRequired\":true,\"valueName\":\"search_term_string\"}}],\"inLanguage\":\"en-US\"},{\"@type\":\"Organization\",\"@id\":\"https:\/\/www.grandsformats.com\/#organization\",\"name\":\"Grands Formats\",\"url\":\"https:\/\/www.grandsformats.com\/\",\"logo\":{\"@type\":\"ImageObject\",\"inLanguage\":\"en-US\",\"@id\":\"https:\/\/www.grandsformats.com\/#\/schema\/logo\/image\/\",\"url\":\"https:\/\/www.grandsformats.com\/wp-content\/uploads\/2020\/03\/logo-GF-200.png\",\"contentUrl\":\"https:\/\/www.grandsformats.com\/wp-content\/uploads\/2020\/03\/logo-GF-200.png\",\"width\":155,\"height\":200,\"caption\":\"Grands Formats\"},\"image\":{\"@id\":\"https:\/\/www.grandsformats.com\/#\/schema\/logo\/image\/\"},\"sameAs\":[\"https:\/\/www.facebook.com\/grandsformats\/\",\"https:\/\/x.com\/GrandsFormatsGF\",\"https:\/\/www.instagram.com\/grandsformats\/\",\"https:\/\/www.youtube.com\/channel\/UCJ7k9dbqc_DG-nxI3WMPvhw?view_as=subscriberhttps:\/\/www.youtube.com\/channel\/UCJ7k9dbqc_DG-nxI3WMPvhw?view_as=subscriber\"]},{\"@type\":\"Person\",\"@id\":\"https:\/\/www.grandsformats.com\/#\/schema\/person\/56c2866069b6967b2c7becd25c9b4dbb\",\"name\":\"Laura Hanequand - Grands Formats\",\"image\":{\"@type\":\"ImageObject\",\"inLanguage\":\"en-US\",\"@id\":\"https:\/\/www.grandsformats.com\/#\/schema\/person\/image\/\",\"url\":\"https:\/\/secure.gravatar.com\/avatar\/6d52edecb86835c2b7e81a2cdb8965ae325b4045b44f9043177428c622c06643?s=96&d=mm&r=g\",\"contentUrl\":\"https:\/\/secure.gravatar.com\/avatar\/6d52edecb86835c2b7e81a2cdb8965ae325b4045b44f9043177428c622c06643?s=96&d=mm&r=g\",\"caption\":\"Laura Hanequand - Grands Formats\"},\"url\":\"https:\/\/www.grandsformats.com\/en\/author\/lauragrandsformats-com\/\"}]}<\/script>\n<!-- \/ Yoast SEO plugin. -->","yoast_head_json":{"title":"Big Band Theory - \u00c9pisode 2 : Enseigner et transmettre le jazz en grand - Site officiel de la f\u00e9d\u00e9ration Grands Formats","description":"Grands Formats d\u00e9voile \u00ab Big Band Theory \u00bb, un nouveau podcast consacr\u00e9 \u00e0 la grande formation de jazz et de musiques improvis\u00e9es !","robots":{"index":"index","follow":"follow","max-snippet":"max-snippet:-1","max-image-preview":"max-image-preview:large","max-video-preview":"max-video-preview:-1"},"canonical":"https:\/\/www.grandsformats.com\/2024\/09\/big-band-theory-episode-2-enseigner-et-transmettre-le-jazz-en-grand\/","og_locale":"en_US","og_type":"article","og_title":"Big Band Theory - \u00c9pisode 2 : Enseigner et transmettre le jazz en grand - Site officiel de la f\u00e9d\u00e9ration Grands Formats","og_description":"Grands Formats d\u00e9voile \u00ab Big Band Theory \u00bb, un nouveau podcast consacr\u00e9 \u00e0 la grande formation de jazz et de musiques improvis\u00e9es !","og_url":"https:\/\/www.grandsformats.com\/2024\/09\/big-band-theory-episode-2-enseigner-et-transmettre-le-jazz-en-grand\/","og_site_name":"Site officiel de la f\u00e9d\u00e9ration Grands Formats","article_publisher":"https:\/\/www.facebook.com\/grandsformats\/","article_published_time":"2024-09-25T08:32:38+00:00","article_modified_time":"2024-12-18T10:52:53+00:00","og_image":[{"width":1920,"height":1080,"url":"https:\/\/www.grandsformats.com\/wp-content\/uploads\/2024\/09\/banner_EP2.jpg","type":"image\/jpeg"}],"author":"Laura Hanequand - Grands Formats","twitter_card":"summary_large_image","twitter_creator":"@GrandsFormatsGF","twitter_site":"@GrandsFormatsGF","twitter_misc":{"Written by":"Laura Hanequand - Grands Formats","Est. reading time":"2 minutes"},"schema":{"@context":"https:\/\/schema.org","@graph":[{"@type":"Article","@id":"https:\/\/www.grandsformats.com\/2024\/09\/big-band-theory-episode-2-enseigner-et-transmettre-le-jazz-en-grand\/#article","isPartOf":{"@id":"https:\/\/www.grandsformats.com\/2024\/09\/big-band-theory-episode-2-enseigner-et-transmettre-le-jazz-en-grand\/"},"author":{"name":"Laura Hanequand - Grands Formats","@id":"https:\/\/www.grandsformats.com\/#\/schema\/person\/56c2866069b6967b2c7becd25c9b4dbb"},"headline":"Big Band Theory &#8211; \u00c9pisode 2 : Enseigner et transmettre le jazz en grand","datePublished":"2024-09-25T08:32:38+00:00","dateModified":"2024-12-18T10:52:53+00:00","mainEntityOfPage":{"@id":"https:\/\/www.grandsformats.com\/2024\/09\/big-band-theory-episode-2-enseigner-et-transmettre-le-jazz-en-grand\/"},"wordCount":392,"commentCount":0,"publisher":{"@id":"https:\/\/www.grandsformats.com\/#organization"},"image":{"@id":"https:\/\/www.grandsformats.com\/2024\/09\/big-band-theory-episode-2-enseigner-et-transmettre-le-jazz-en-grand\/#primaryimage"},"thumbnailUrl":"https:\/\/www.grandsformats.com\/wp-content\/uploads\/2024\/09\/banner_EP2.jpg","articleSection":["Podcast","Ressources","The Workshop"],"inLanguage":"en-US","potentialAction":[{"@type":"CommentAction","name":"Comment","target":["https:\/\/www.grandsformats.com\/2024\/09\/big-band-theory-episode-2-enseigner-et-transmettre-le-jazz-en-grand\/#respond"]}]},{"@type":"WebPage","@id":"https:\/\/www.grandsformats.com\/2024\/09\/big-band-theory-episode-2-enseigner-et-transmettre-le-jazz-en-grand\/","url":"https:\/\/www.grandsformats.com\/2024\/09\/big-band-theory-episode-2-enseigner-et-transmettre-le-jazz-en-grand\/","name":"Big Band Theory - \u00c9pisode 2 : Enseigner et transmettre le jazz en grand - Site officiel de la f\u00e9d\u00e9ration Grands Formats","isPartOf":{"@id":"https:\/\/www.grandsformats.com\/#website"},"primaryImageOfPage":{"@id":"https:\/\/www.grandsformats.com\/2024\/09\/big-band-theory-episode-2-enseigner-et-transmettre-le-jazz-en-grand\/#primaryimage"},"image":{"@id":"https:\/\/www.grandsformats.com\/2024\/09\/big-band-theory-episode-2-enseigner-et-transmettre-le-jazz-en-grand\/#primaryimage"},"thumbnailUrl":"https:\/\/www.grandsformats.com\/wp-content\/uploads\/2024\/09\/banner_EP2.jpg","datePublished":"2024-09-25T08:32:38+00:00","dateModified":"2024-12-18T10:52:53+00:00","description":"Grands Formats d\u00e9voile \u00ab Big Band Theory \u00bb, un nouveau podcast consacr\u00e9 \u00e0 la grande formation de jazz et de musiques improvis\u00e9es !","breadcrumb":{"@id":"https:\/\/www.grandsformats.com\/2024\/09\/big-band-theory-episode-2-enseigner-et-transmettre-le-jazz-en-grand\/#breadcrumb"},"inLanguage":"en-US","potentialAction":[{"@type":"ReadAction","target":["https:\/\/www.grandsformats.com\/2024\/09\/big-band-theory-episode-2-enseigner-et-transmettre-le-jazz-en-grand\/"]}]},{"@type":"ImageObject","inLanguage":"en-US","@id":"https:\/\/www.grandsformats.com\/2024\/09\/big-band-theory-episode-2-enseigner-et-transmettre-le-jazz-en-grand\/#primaryimage","url":"https:\/\/www.grandsformats.com\/wp-content\/uploads\/2024\/09\/banner_EP2.jpg","contentUrl":"https:\/\/www.grandsformats.com\/wp-content\/uploads\/2024\/09\/banner_EP2.jpg","width":1920,"height":1080,"caption":"BIG BAND THEORY episode 2"},{"@type":"BreadcrumbList","@id":"https:\/\/www.grandsformats.com\/2024\/09\/big-band-theory-episode-2-enseigner-et-transmettre-le-jazz-en-grand\/#breadcrumb","itemListElement":[{"@type":"ListItem","position":1,"name":"Accueil","item":"https:\/\/www.grandsformats.com\/en\/"},{"@type":"ListItem","position":2,"name":"Big Band Theory &#8211; \u00c9pisode 2 : Enseigner et transmettre le jazz en grand"}]},{"@type":"WebSite","@id":"https:\/\/www.grandsformats.com\/#website","url":"https:\/\/www.grandsformats.com\/","name":"Site officiel de la f\u00e9d\u00e9ration Grands Formats","description":"F\u00e9d\u00e9ration d&#039;artistes pour la musique en grand !","publisher":{"@id":"https:\/\/www.grandsformats.com\/#organization"},"potentialAction":[{"@type":"SearchAction","target":{"@type":"EntryPoint","urlTemplate":"https:\/\/www.grandsformats.com\/?s={search_term_string}"},"query-input":{"@type":"PropertyValueSpecification","valueRequired":true,"valueName":"search_term_string"}}],"inLanguage":"en-US"},{"@type":"Organization","@id":"https:\/\/www.grandsformats.com\/#organization","name":"Grands Formats","url":"https:\/\/www.grandsformats.com\/","logo":{"@type":"ImageObject","inLanguage":"en-US","@id":"https:\/\/www.grandsformats.com\/#\/schema\/logo\/image\/","url":"https:\/\/www.grandsformats.com\/wp-content\/uploads\/2020\/03\/logo-GF-200.png","contentUrl":"https:\/\/www.grandsformats.com\/wp-content\/uploads\/2020\/03\/logo-GF-200.png","width":155,"height":200,"caption":"Grands Formats"},"image":{"@id":"https:\/\/www.grandsformats.com\/#\/schema\/logo\/image\/"},"sameAs":["https:\/\/www.facebook.com\/grandsformats\/","https:\/\/x.com\/GrandsFormatsGF","https:\/\/www.instagram.com\/grandsformats\/","https:\/\/www.youtube.com\/channel\/UCJ7k9dbqc_DG-nxI3WMPvhw?view_as=subscriberhttps:\/\/www.youtube.com\/channel\/UCJ7k9dbqc_DG-nxI3WMPvhw?view_as=subscriber"]},{"@type":"Person","@id":"https:\/\/www.grandsformats.com\/#\/schema\/person\/56c2866069b6967b2c7becd25c9b4dbb","name":"Laura Hanequand - Grands Formats","image":{"@type":"ImageObject","inLanguage":"en-US","@id":"https:\/\/www.grandsformats.com\/#\/schema\/person\/image\/","url":"https:\/\/secure.gravatar.com\/avatar\/6d52edecb86835c2b7e81a2cdb8965ae325b4045b44f9043177428c622c06643?s=96&d=mm&r=g","contentUrl":"https:\/\/secure.gravatar.com\/avatar\/6d52edecb86835c2b7e81a2cdb8965ae325b4045b44f9043177428c622c06643?s=96&d=mm&r=g","caption":"Laura Hanequand - Grands Formats"},"url":"https:\/\/www.grandsformats.com\/en\/author\/lauragrandsformats-com\/"}]}},"_links":{"self":[{"href":"https:\/\/www.grandsformats.com\/en\/wp-json\/wp\/v2\/posts\/30827","targetHints":{"allow":["GET"]}}],"collection":[{"href":"https:\/\/www.grandsformats.com\/en\/wp-json\/wp\/v2\/posts"}],"about":[{"href":"https:\/\/www.grandsformats.com\/en\/wp-json\/wp\/v2\/types\/post"}],"author":[{"embeddable":true,"href":"https:\/\/www.grandsformats.com\/en\/wp-json\/wp\/v2\/users\/161"}],"replies":[{"embeddable":true,"href":"https:\/\/www.grandsformats.com\/en\/wp-json\/wp\/v2\/comments?post=30827"}],"version-history":[{"count":4,"href":"https:\/\/www.grandsformats.com\/en\/wp-json\/wp\/v2\/posts\/30827\/revisions"}],"predecessor-version":[{"id":30837,"href":"https:\/\/www.grandsformats.com\/en\/wp-json\/wp\/v2\/posts\/30827\/revisions\/30837"}],"wp:featuredmedia":[{"embeddable":true,"href":"https:\/\/www.grandsformats.com\/en\/wp-json\/wp\/v2\/media\/30828"}],"wp:attachment":[{"href":"https:\/\/www.grandsformats.com\/en\/wp-json\/wp\/v2\/media?parent=30827"}],"wp:term":[{"taxonomy":"category","embeddable":true,"href":"https:\/\/www.grandsformats.com\/en\/wp-json\/wp\/v2\/categories?post=30827"},{"taxonomy":"post_tag","embeddable":true,"href":"https:\/\/www.grandsformats.com\/en\/wp-json\/wp\/v2\/tags?post=30827"}],"curies":[{"name":"wp","href":"https:\/\/api.w.org\/{rel}","templated":true}]}}