{"id":30694,"date":"2024-09-09T12:12:35","date_gmt":"2024-09-09T10:12:35","guid":{"rendered":"https:\/\/www.grandsformats.com\/?p=30694"},"modified":"2024-09-09T12:12:35","modified_gmt":"2024-09-09T10:12:35","slug":"appel-a-candidatures-2025-rejoignez-grands-formats","status":"publish","type":"post","link":"https:\/\/www.grandsformats.com\/en\/2024\/09\/appel-a-candidatures-2025-rejoignez-grands-formats\/","title":{"rendered":"Appel \u00e0 candidatures 2025 : Rejoignez Grands Formats !"},"content":{"rendered":"<h4 data-testid=\"ZI8WdS5NQ9\">Rejoignez la f\u00e9d\u00e9ration en 2025<\/h4>\n<p class=\"text-build-content\" data-testid=\"ZI8WdS5NQ9\">L\u2019appel \u00e0 candidatures Grands Formats, \u00e0 destination des grands ensembles et des collectifs de jazz et de musiques improvis\u00e9es fran\u00e7ais et europ\u00e9ens, pour rejoindre la f\u00e9d\u00e9ration en 2025 <b>est ouvert jusqu\u2019au 18 d\u00e9cembre 2024 inclus<\/b>.<\/p>\n<p class=\"text-build-content\" data-testid=\"ZI8WdS5NQ9\">\u00catre membre de Grands Formats c\u2019est faire partie d\u2019une grande famille d\u2019artistes bas\u00e9e sur le partage, la solidarit\u00e9, le d\u00e9sir de transmettre une histoire et de d\u00e9fendre la cr\u00e9ation musicale, les artistes et plus largement le jazz et les musiques improvis\u00e9es dans leur grande diversit\u00e9.<\/p>\n<h4 data-testid=\"ZI8WdS5NQ9\">Crit\u00e8res et engagements<\/h4>\n<p data-testid=\"ZI8WdS5NQ9\">Pour candidater les ensembles et les collectifs doivent respecter un certain nombre de crit\u00e8res d\u00e9taill\u00e9s sur notre page \u00ab\u00a0<span style=\"text-decoration: underline;\"><strong><a href=\"https:\/\/www.grandsformats.com\/adherer\/\">Adh\u00e9rer<\/a>\u00a0<\/strong><\/span>\u00bb (r\u00e9unir \u00e0 minima 8 musiciens et musiciennes professionnels, \u00eatre porteur d\u2019un projet artistique identifi\u00e9, \u00eatre port\u00e9 par une structure professionnelle\u2026).<\/p>\n<p data-testid=\"ZI8WdS5NQ9\">Ils doivent \u00e9galement s\u2019engager \u00e0 respecter la charte de la f\u00e9d\u00e9ration et contribuer aux projets men\u00e9s par cette derni\u00e8re (participation aux \u00e9tudes et enqu\u00eates, \u00e0 l\u2019assembl\u00e9e g\u00e9n\u00e9rale, paiement d\u2019une cotisation annuelle, etc.).<\/p>\n<h4 data-testid=\"ZI8WdS5NQ9\">Vous souhaitez candidater ?<\/h4>\n<p data-testid=\"a71mf6jUPY\">Si votre ensemble ou votre collectif r\u00e9pond aux crit\u00e8res de l\u2019appel \u00e0 candidatures, nous vous invitons \u00e0\u00a0<a class=\"internal-link\" href=\"https:\/\/www.grandsformats.com\/contacts\/\">contacter Erwan Vernay<\/a>, d\u00e9l\u00e9gu\u00e9 g\u00e9n\u00e9ral de la f\u00e9d\u00e9ration, pour un premier \u00e9change et pour vous indiquer les \u00e9l\u00e9ments \u00e0 transmettre pour le d\u00e9p\u00f4t de votre candidature.<\/p>\n<p data-testid=\"a71mf6jUPY\"><a class=\"internal-link\" href=\"https:\/\/www.grandsformats.com\/adherer\/\">En savoir plus sur l\u2019appel \u00e0 candidatures Grands Formats 2025 (FR)<\/a><\/p>\n<p data-testid=\"a71mf6jUPY\"><a class=\"internal-link\" href=\"https:\/\/www.grandsformats.com\/en\/become-a-member\/\">More about Grands Formats\u2019 call to application 2025 (EN)<\/a><\/p>\n<blockquote>\n<p class=\"text-build-content\" data-testid=\"a71mf6jUPY\">\u00ab Jouer en grand ensemble, c\u2019est faire tournoyer l\u2019\u00e9nergie collective, jongler avec les compl\u00e9mentarit\u00e9s, circuler dans la diversit\u00e9 des imaginaires, \u00eatre port\u00e9 par la puissance d\u2019\u00eatre ensemble ! Avec Grands Formats, c\u2019est rencontrer, \u00e9changer, se nourrir, se relayer, faire commun ! \u00bb<br \/>\n\u2013 Christine Bertocchi (D&#8217;un Instant \u00e0 l&#8217;Autre)<\/p>\n<p data-testid=\"a71mf6jUPY\">\n<\/blockquote>\n<p data-testid=\"a71mf6jUPY\"><span class=\"caption\">\u00a9 Camille Huguenot<\/span><\/p>\n","protected":false},"excerpt":{"rendered":"<p>Rejoignez la f\u00e9d\u00e9ration en 2025 L\u2019appel \u00e0 candidatures Grands Formats, \u00e0 destination des grands ensembles et des collectifs de jazz et de musiques improvis\u00e9es fran\u00e7ais et europ\u00e9ens, pour rejoindre la f\u00e9d\u00e9ration en 2025 est ouvert jusqu\u2019au 18 d\u00e9cembre 2024 inclus. \u00catre membre de Grands Formats c\u2019est faire partie d\u2019une grande famille d\u2019artistes bas\u00e9e sur le&#8230;<\/p>\n<p><a rel=\"bookmark\" class=\"theme-button-text wvc-button wvc-button-size-xs\" href=\"https:\/\/www.grandsformats.com\/en\/2024\/09\/appel-a-candidatures-2025-rejoignez-grands-formats\/\"><small class=\"wvc-button-background-fill\"><\/small><span>Continue reading<\/span><\/a><\/p>\n","protected":false},"author":161,"featured_media":30696,"comment_status":"open","ping_status":"open","sticky":false,"template":"","format":"standard","meta":{"_acf_changed":false,"footnotes":""},"categories":[90],"tags":[],"class_list":["post-30694","post","type-post","status-publish","format-standard","has-post-thumbnail","hentry","category-grands-formats","entry-post-skin-light","entry","clearfix","entry-grid","entry-columns-default","entry-post-module-layout-sidebar-right","thumbnail-color-tone-dark","metro-landscape","entry-post","entry-masonry","entry-post-masonry"],"acf":[],"yoast_head":"<!-- This site is optimized with the Yoast SEO plugin v25.8 - https:\/\/yoast.com\/wordpress\/plugins\/seo\/ -->\n<title>Appel \u00e0 candidatures 2025 : Rejoignez Grands Formats ! - Site officiel de la f\u00e9d\u00e9ration Grands Formats<\/title>\n<meta name=\"description\" content=\"L\u2019appel \u00e0 candidatures Grands Formats, \u00e0 destination des grands ensembles et des collectifs de jazz et de musiques improvis\u00e9es...\" \/>\n<meta name=\"robots\" content=\"index, follow, max-snippet:-1, max-image-preview:large, max-video-preview:-1\" \/>\n<link rel=\"canonical\" href=\"https:\/\/www.grandsformats.com\/2024\/09\/appel-a-candidatures-2025-rejoignez-grands-formats\/\" \/>\n<meta property=\"og:locale\" content=\"en_US\" \/>\n<meta property=\"og:type\" content=\"article\" \/>\n<meta property=\"og:title\" content=\"Appel \u00e0 candidatures 2025 : Rejoignez Grands Formats ! - Site officiel de la f\u00e9d\u00e9ration Grands Formats\" \/>\n<meta property=\"og:description\" content=\"L\u2019appel \u00e0 candidatures Grands Formats, \u00e0 destination des grands ensembles et des collectifs de jazz et de musiques improvis\u00e9es...\" \/>\n<meta property=\"og:url\" content=\"https:\/\/www.grandsformats.com\/2024\/09\/appel-a-candidatures-2025-rejoignez-grands-formats\/\" \/>\n<meta property=\"og:site_name\" content=\"Site officiel de la f\u00e9d\u00e9ration Grands Formats\" \/>\n<meta property=\"article:publisher\" content=\"https:\/\/www.facebook.com\/grandsformats\/\" \/>\n<meta property=\"article:published_time\" content=\"2024-09-09T10:12:35+00:00\" \/>\n<meta property=\"og:image\" content=\"https:\/\/www.grandsformats.com\/wp-content\/uploads\/2024\/09\/appelCamilleHuguenot_GrandsFormats_Rentree2023_HD-236.jpg\" \/>\n\t<meta property=\"og:image:width\" content=\"1920\" \/>\n\t<meta property=\"og:image:height\" content=\"1080\" \/>\n\t<meta property=\"og:image:type\" content=\"image\/jpeg\" \/>\n<meta name=\"author\" content=\"Laura Hanequand - Grands Formats\" \/>\n<meta name=\"twitter:card\" content=\"summary_large_image\" \/>\n<meta name=\"twitter:creator\" content=\"@GrandsFormatsGF\" \/>\n<meta name=\"twitter:site\" content=\"@GrandsFormatsGF\" \/>\n<meta name=\"twitter:label1\" content=\"Written by\" \/>\n\t<meta name=\"twitter:data1\" content=\"Laura Hanequand - Grands Formats\" \/>\n\t<meta name=\"twitter:label2\" content=\"Est. reading time\" \/>\n\t<meta name=\"twitter:data2\" content=\"2 minutes\" \/>\n<script type=\"application\/ld+json\" class=\"yoast-schema-graph\">{\"@context\":\"https:\/\/schema.org\",\"@graph\":[{\"@type\":\"Article\",\"@id\":\"https:\/\/www.grandsformats.com\/2024\/09\/appel-a-candidatures-2025-rejoignez-grands-formats\/#article\",\"isPartOf\":{\"@id\":\"https:\/\/www.grandsformats.com\/2024\/09\/appel-a-candidatures-2025-rejoignez-grands-formats\/\"},\"author\":{\"name\":\"Laura Hanequand - Grands Formats\",\"@id\":\"https:\/\/www.grandsformats.com\/#\/schema\/person\/56c2866069b6967b2c7becd25c9b4dbb\"},\"headline\":\"Appel \u00e0 candidatures 2025 : Rejoignez Grands Formats !\",\"datePublished\":\"2024-09-09T10:12:35+00:00\",\"mainEntityOfPage\":{\"@id\":\"https:\/\/www.grandsformats.com\/2024\/09\/appel-a-candidatures-2025-rejoignez-grands-formats\/\"},\"wordCount\":316,\"commentCount\":0,\"publisher\":{\"@id\":\"https:\/\/www.grandsformats.com\/#organization\"},\"image\":{\"@id\":\"https:\/\/www.grandsformats.com\/2024\/09\/appel-a-candidatures-2025-rejoignez-grands-formats\/#primaryimage\"},\"thumbnailUrl\":\"https:\/\/www.grandsformats.com\/wp-content\/uploads\/2024\/09\/appelCamilleHuguenot_GrandsFormats_Rentree2023_HD-236.jpg\",\"articleSection\":[\"Actus de la f\u00e9d\u00e9\"],\"inLanguage\":\"en-US\",\"potentialAction\":[{\"@type\":\"CommentAction\",\"name\":\"Comment\",\"target\":[\"https:\/\/www.grandsformats.com\/2024\/09\/appel-a-candidatures-2025-rejoignez-grands-formats\/#respond\"]}]},{\"@type\":\"WebPage\",\"@id\":\"https:\/\/www.grandsformats.com\/2024\/09\/appel-a-candidatures-2025-rejoignez-grands-formats\/\",\"url\":\"https:\/\/www.grandsformats.com\/2024\/09\/appel-a-candidatures-2025-rejoignez-grands-formats\/\",\"name\":\"Appel \u00e0 candidatures 2025 : Rejoignez Grands Formats ! - Site officiel de la f\u00e9d\u00e9ration Grands Formats\",\"isPartOf\":{\"@id\":\"https:\/\/www.grandsformats.com\/#website\"},\"primaryImageOfPage\":{\"@id\":\"https:\/\/www.grandsformats.com\/2024\/09\/appel-a-candidatures-2025-rejoignez-grands-formats\/#primaryimage\"},\"image\":{\"@id\":\"https:\/\/www.grandsformats.com\/2024\/09\/appel-a-candidatures-2025-rejoignez-grands-formats\/#primaryimage\"},\"thumbnailUrl\":\"https:\/\/www.grandsformats.com\/wp-content\/uploads\/2024\/09\/appelCamilleHuguenot_GrandsFormats_Rentree2023_HD-236.jpg\",\"datePublished\":\"2024-09-09T10:12:35+00:00\",\"description\":\"L\u2019appel \u00e0 candidatures Grands Formats, \u00e0 destination des grands ensembles et des collectifs de jazz et de musiques improvis\u00e9es...\",\"breadcrumb\":{\"@id\":\"https:\/\/www.grandsformats.com\/2024\/09\/appel-a-candidatures-2025-rejoignez-grands-formats\/#breadcrumb\"},\"inLanguage\":\"en-US\",\"potentialAction\":[{\"@type\":\"ReadAction\",\"target\":[\"https:\/\/www.grandsformats.com\/2024\/09\/appel-a-candidatures-2025-rejoignez-grands-formats\/\"]}]},{\"@type\":\"ImageObject\",\"inLanguage\":\"en-US\",\"@id\":\"https:\/\/www.grandsformats.com\/2024\/09\/appel-a-candidatures-2025-rejoignez-grands-formats\/#primaryimage\",\"url\":\"https:\/\/www.grandsformats.com\/wp-content\/uploads\/2024\/09\/appelCamilleHuguenot_GrandsFormats_Rentree2023_HD-236.jpg\",\"contentUrl\":\"https:\/\/www.grandsformats.com\/wp-content\/uploads\/2024\/09\/appelCamilleHuguenot_GrandsFormats_Rentree2023_HD-236.jpg\",\"width\":1920,\"height\":1080,\"caption\":\"Appel \u00e0 candidatures \u00a9 Camille Huguenot\"},{\"@type\":\"BreadcrumbList\",\"@id\":\"https:\/\/www.grandsformats.com\/2024\/09\/appel-a-candidatures-2025-rejoignez-grands-formats\/#breadcrumb\",\"itemListElement\":[{\"@type\":\"ListItem\",\"position\":1,\"name\":\"Accueil\",\"item\":\"https:\/\/www.grandsformats.com\/en\/\"},{\"@type\":\"ListItem\",\"position\":2,\"name\":\"Appel \u00e0 candidatures 2025 : Rejoignez Grands Formats !\"}]},{\"@type\":\"WebSite\",\"@id\":\"https:\/\/www.grandsformats.com\/#website\",\"url\":\"https:\/\/www.grandsformats.com\/\",\"name\":\"Site officiel de la f\u00e9d\u00e9ration Grands Formats\",\"description\":\"F\u00e9d\u00e9ration d&#039;artistes pour la musique en grand !\",\"publisher\":{\"@id\":\"https:\/\/www.grandsformats.com\/#organization\"},\"potentialAction\":[{\"@type\":\"SearchAction\",\"target\":{\"@type\":\"EntryPoint\",\"urlTemplate\":\"https:\/\/www.grandsformats.com\/?s={search_term_string}\"},\"query-input\":{\"@type\":\"PropertyValueSpecification\",\"valueRequired\":true,\"valueName\":\"search_term_string\"}}],\"inLanguage\":\"en-US\"},{\"@type\":\"Organization\",\"@id\":\"https:\/\/www.grandsformats.com\/#organization\",\"name\":\"Grands Formats\",\"url\":\"https:\/\/www.grandsformats.com\/\",\"logo\":{\"@type\":\"ImageObject\",\"inLanguage\":\"en-US\",\"@id\":\"https:\/\/www.grandsformats.com\/#\/schema\/logo\/image\/\",\"url\":\"https:\/\/www.grandsformats.com\/wp-content\/uploads\/2020\/03\/logo-GF-200.png\",\"contentUrl\":\"https:\/\/www.grandsformats.com\/wp-content\/uploads\/2020\/03\/logo-GF-200.png\",\"width\":155,\"height\":200,\"caption\":\"Grands Formats\"},\"image\":{\"@id\":\"https:\/\/www.grandsformats.com\/#\/schema\/logo\/image\/\"},\"sameAs\":[\"https:\/\/www.facebook.com\/grandsformats\/\",\"https:\/\/x.com\/GrandsFormatsGF\",\"https:\/\/www.instagram.com\/grandsformats\/\",\"https:\/\/www.youtube.com\/channel\/UCJ7k9dbqc_DG-nxI3WMPvhw?view_as=subscriberhttps:\/\/www.youtube.com\/channel\/UCJ7k9dbqc_DG-nxI3WMPvhw?view_as=subscriber\"]},{\"@type\":\"Person\",\"@id\":\"https:\/\/www.grandsformats.com\/#\/schema\/person\/56c2866069b6967b2c7becd25c9b4dbb\",\"name\":\"Laura Hanequand - Grands Formats\",\"image\":{\"@type\":\"ImageObject\",\"inLanguage\":\"en-US\",\"@id\":\"https:\/\/www.grandsformats.com\/#\/schema\/person\/image\/\",\"url\":\"https:\/\/secure.gravatar.com\/avatar\/6d52edecb86835c2b7e81a2cdb8965ae325b4045b44f9043177428c622c06643?s=96&d=mm&r=g\",\"contentUrl\":\"https:\/\/secure.gravatar.com\/avatar\/6d52edecb86835c2b7e81a2cdb8965ae325b4045b44f9043177428c622c06643?s=96&d=mm&r=g\",\"caption\":\"Laura Hanequand - Grands Formats\"},\"url\":\"https:\/\/www.grandsformats.com\/en\/author\/lauragrandsformats-com\/\"}]}<\/script>\n<!-- \/ Yoast SEO plugin. -->","yoast_head_json":{"title":"Appel \u00e0 candidatures 2025 : Rejoignez Grands Formats ! - Site officiel de la f\u00e9d\u00e9ration Grands Formats","description":"L\u2019appel \u00e0 candidatures Grands Formats, \u00e0 destination des grands ensembles et des collectifs de jazz et de musiques improvis\u00e9es...","robots":{"index":"index","follow":"follow","max-snippet":"max-snippet:-1","max-image-preview":"max-image-preview:large","max-video-preview":"max-video-preview:-1"},"canonical":"https:\/\/www.grandsformats.com\/2024\/09\/appel-a-candidatures-2025-rejoignez-grands-formats\/","og_locale":"en_US","og_type":"article","og_title":"Appel \u00e0 candidatures 2025 : Rejoignez Grands Formats ! - Site officiel de la f\u00e9d\u00e9ration Grands Formats","og_description":"L\u2019appel \u00e0 candidatures Grands Formats, \u00e0 destination des grands ensembles et des collectifs de jazz et de musiques improvis\u00e9es...","og_url":"https:\/\/www.grandsformats.com\/2024\/09\/appel-a-candidatures-2025-rejoignez-grands-formats\/","og_site_name":"Site officiel de la f\u00e9d\u00e9ration Grands Formats","article_publisher":"https:\/\/www.facebook.com\/grandsformats\/","article_published_time":"2024-09-09T10:12:35+00:00","og_image":[{"width":1920,"height":1080,"url":"https:\/\/www.grandsformats.com\/wp-content\/uploads\/2024\/09\/appelCamilleHuguenot_GrandsFormats_Rentree2023_HD-236.jpg","type":"image\/jpeg"}],"author":"Laura Hanequand - Grands Formats","twitter_card":"summary_large_image","twitter_creator":"@GrandsFormatsGF","twitter_site":"@GrandsFormatsGF","twitter_misc":{"Written by":"Laura Hanequand - Grands Formats","Est. reading time":"2 minutes"},"schema":{"@context":"https:\/\/schema.org","@graph":[{"@type":"Article","@id":"https:\/\/www.grandsformats.com\/2024\/09\/appel-a-candidatures-2025-rejoignez-grands-formats\/#article","isPartOf":{"@id":"https:\/\/www.grandsformats.com\/2024\/09\/appel-a-candidatures-2025-rejoignez-grands-formats\/"},"author":{"name":"Laura Hanequand - Grands Formats","@id":"https:\/\/www.grandsformats.com\/#\/schema\/person\/56c2866069b6967b2c7becd25c9b4dbb"},"headline":"Appel \u00e0 candidatures 2025 : Rejoignez Grands Formats !","datePublished":"2024-09-09T10:12:35+00:00","mainEntityOfPage":{"@id":"https:\/\/www.grandsformats.com\/2024\/09\/appel-a-candidatures-2025-rejoignez-grands-formats\/"},"wordCount":316,"commentCount":0,"publisher":{"@id":"https:\/\/www.grandsformats.com\/#organization"},"image":{"@id":"https:\/\/www.grandsformats.com\/2024\/09\/appel-a-candidatures-2025-rejoignez-grands-formats\/#primaryimage"},"thumbnailUrl":"https:\/\/www.grandsformats.com\/wp-content\/uploads\/2024\/09\/appelCamilleHuguenot_GrandsFormats_Rentree2023_HD-236.jpg","articleSection":["Actus de la f\u00e9d\u00e9"],"inLanguage":"en-US","potentialAction":[{"@type":"CommentAction","name":"Comment","target":["https:\/\/www.grandsformats.com\/2024\/09\/appel-a-candidatures-2025-rejoignez-grands-formats\/#respond"]}]},{"@type":"WebPage","@id":"https:\/\/www.grandsformats.com\/2024\/09\/appel-a-candidatures-2025-rejoignez-grands-formats\/","url":"https:\/\/www.grandsformats.com\/2024\/09\/appel-a-candidatures-2025-rejoignez-grands-formats\/","name":"Appel \u00e0 candidatures 2025 : Rejoignez Grands Formats ! - Site officiel de la f\u00e9d\u00e9ration Grands Formats","isPartOf":{"@id":"https:\/\/www.grandsformats.com\/#website"},"primaryImageOfPage":{"@id":"https:\/\/www.grandsformats.com\/2024\/09\/appel-a-candidatures-2025-rejoignez-grands-formats\/#primaryimage"},"image":{"@id":"https:\/\/www.grandsformats.com\/2024\/09\/appel-a-candidatures-2025-rejoignez-grands-formats\/#primaryimage"},"thumbnailUrl":"https:\/\/www.grandsformats.com\/wp-content\/uploads\/2024\/09\/appelCamilleHuguenot_GrandsFormats_Rentree2023_HD-236.jpg","datePublished":"2024-09-09T10:12:35+00:00","description":"L\u2019appel \u00e0 candidatures Grands Formats, \u00e0 destination des grands ensembles et des collectifs de jazz et de musiques improvis\u00e9es...","breadcrumb":{"@id":"https:\/\/www.grandsformats.com\/2024\/09\/appel-a-candidatures-2025-rejoignez-grands-formats\/#breadcrumb"},"inLanguage":"en-US","potentialAction":[{"@type":"ReadAction","target":["https:\/\/www.grandsformats.com\/2024\/09\/appel-a-candidatures-2025-rejoignez-grands-formats\/"]}]},{"@type":"ImageObject","inLanguage":"en-US","@id":"https:\/\/www.grandsformats.com\/2024\/09\/appel-a-candidatures-2025-rejoignez-grands-formats\/#primaryimage","url":"https:\/\/www.grandsformats.com\/wp-content\/uploads\/2024\/09\/appelCamilleHuguenot_GrandsFormats_Rentree2023_HD-236.jpg","contentUrl":"https:\/\/www.grandsformats.com\/wp-content\/uploads\/2024\/09\/appelCamilleHuguenot_GrandsFormats_Rentree2023_HD-236.jpg","width":1920,"height":1080,"caption":"Appel \u00e0 candidatures \u00a9 Camille Huguenot"},{"@type":"BreadcrumbList","@id":"https:\/\/www.grandsformats.com\/2024\/09\/appel-a-candidatures-2025-rejoignez-grands-formats\/#breadcrumb","itemListElement":[{"@type":"ListItem","position":1,"name":"Accueil","item":"https:\/\/www.grandsformats.com\/en\/"},{"@type":"ListItem","position":2,"name":"Appel \u00e0 candidatures 2025 : Rejoignez Grands Formats !"}]},{"@type":"WebSite","@id":"https:\/\/www.grandsformats.com\/#website","url":"https:\/\/www.grandsformats.com\/","name":"Site officiel de la f\u00e9d\u00e9ration Grands Formats","description":"F\u00e9d\u00e9ration d&#039;artistes pour la musique en grand !","publisher":{"@id":"https:\/\/www.grandsformats.com\/#organization"},"potentialAction":[{"@type":"SearchAction","target":{"@type":"EntryPoint","urlTemplate":"https:\/\/www.grandsformats.com\/?s={search_term_string}"},"query-input":{"@type":"PropertyValueSpecification","valueRequired":true,"valueName":"search_term_string"}}],"inLanguage":"en-US"},{"@type":"Organization","@id":"https:\/\/www.grandsformats.com\/#organization","name":"Grands Formats","url":"https:\/\/www.grandsformats.com\/","logo":{"@type":"ImageObject","inLanguage":"en-US","@id":"https:\/\/www.grandsformats.com\/#\/schema\/logo\/image\/","url":"https:\/\/www.grandsformats.com\/wp-content\/uploads\/2020\/03\/logo-GF-200.png","contentUrl":"https:\/\/www.grandsformats.com\/wp-content\/uploads\/2020\/03\/logo-GF-200.png","width":155,"height":200,"caption":"Grands Formats"},"image":{"@id":"https:\/\/www.grandsformats.com\/#\/schema\/logo\/image\/"},"sameAs":["https:\/\/www.facebook.com\/grandsformats\/","https:\/\/x.com\/GrandsFormatsGF","https:\/\/www.instagram.com\/grandsformats\/","https:\/\/www.youtube.com\/channel\/UCJ7k9dbqc_DG-nxI3WMPvhw?view_as=subscriberhttps:\/\/www.youtube.com\/channel\/UCJ7k9dbqc_DG-nxI3WMPvhw?view_as=subscriber"]},{"@type":"Person","@id":"https:\/\/www.grandsformats.com\/#\/schema\/person\/56c2866069b6967b2c7becd25c9b4dbb","name":"Laura Hanequand - Grands Formats","image":{"@type":"ImageObject","inLanguage":"en-US","@id":"https:\/\/www.grandsformats.com\/#\/schema\/person\/image\/","url":"https:\/\/secure.gravatar.com\/avatar\/6d52edecb86835c2b7e81a2cdb8965ae325b4045b44f9043177428c622c06643?s=96&d=mm&r=g","contentUrl":"https:\/\/secure.gravatar.com\/avatar\/6d52edecb86835c2b7e81a2cdb8965ae325b4045b44f9043177428c622c06643?s=96&d=mm&r=g","caption":"Laura Hanequand - Grands Formats"},"url":"https:\/\/www.grandsformats.com\/en\/author\/lauragrandsformats-com\/"}]}},"_links":{"self":[{"href":"https:\/\/www.grandsformats.com\/en\/wp-json\/wp\/v2\/posts\/30694","targetHints":{"allow":["GET"]}}],"collection":[{"href":"https:\/\/www.grandsformats.com\/en\/wp-json\/wp\/v2\/posts"}],"about":[{"href":"https:\/\/www.grandsformats.com\/en\/wp-json\/wp\/v2\/types\/post"}],"author":[{"embeddable":true,"href":"https:\/\/www.grandsformats.com\/en\/wp-json\/wp\/v2\/users\/161"}],"replies":[{"embeddable":true,"href":"https:\/\/www.grandsformats.com\/en\/wp-json\/wp\/v2\/comments?post=30694"}],"version-history":[{"count":2,"href":"https:\/\/www.grandsformats.com\/en\/wp-json\/wp\/v2\/posts\/30694\/revisions"}],"predecessor-version":[{"id":30699,"href":"https:\/\/www.grandsformats.com\/en\/wp-json\/wp\/v2\/posts\/30694\/revisions\/30699"}],"wp:featuredmedia":[{"embeddable":true,"href":"https:\/\/www.grandsformats.com\/en\/wp-json\/wp\/v2\/media\/30696"}],"wp:attachment":[{"href":"https:\/\/www.grandsformats.com\/en\/wp-json\/wp\/v2\/media?parent=30694"}],"wp:term":[{"taxonomy":"category","embeddable":true,"href":"https:\/\/www.grandsformats.com\/en\/wp-json\/wp\/v2\/categories?post=30694"},{"taxonomy":"post_tag","embeddable":true,"href":"https:\/\/www.grandsformats.com\/en\/wp-json\/wp\/v2\/tags?post=30694"}],"curies":[{"name":"wp","href":"https:\/\/api.w.org\/{rel}","templated":true}]}}